{"id":8048,"date":"2018-10-07T18:35:13","date_gmt":"2018-10-07T21:35:13","guid":{"rendered":"http:\/\/ubanews.com\/site\/?p=8048"},"modified":"2018-10-19T10:55:38","modified_gmt":"2018-10-19T13:55:38","slug":"eleicoes-transcorreram-de-forma-tranquila-diz-juiza-eleitoral-mas-pelo-menos-oito-urnas-foram-substituidas","status":"publish","type":"post","link":"https:\/\/ubanews.com\/site\/2018\/10\/07\/eleicoes-transcorreram-de-forma-tranquila-diz-juiza-eleitoral-mas-pelo-menos-oito-urnas-foram-substituidas\/","title":{"rendered":"ELEI\u00c7\u00d5ES TRANSCORRERAM DE FORMA TRANQUILA DIZ JU\u00cdZA ELEITORAL MAS PELO MENOS OITO URNAS FORAM SUBSTITU\u00cdDAS"},"content":{"rendered":"<p>A Ju\u00edza Eleitoral da 275\u00aa Zona Eleitoral de Ub\u00e1 doutora Cristiane<!--more--> de Mello Coelho Gasparoni, em entrevista exclusiva ao Portal de Not\u00edcias Ub\u00e1 News, disse que as elei\u00e7\u00f5es transcorreram de maneira muito tranquila. Ela desmentiu que tenha havido pessoas armadas nas filhas, durante a vota\u00e7\u00e3o, conforme boatos. Por\u00e9m, a ju\u00edza Eleitora confirmou que pelo menos oito urnas foram substitu\u00eddas em fun\u00e7\u00e3o de problemas de funcionamento durante a vota\u00e7\u00e3o. \u201csitua\u00e7\u00e3o normal em se tratando de uma elei\u00e7\u00e3o\u201d. Afirmou! Quanto o crime de boca de urna, doutora Cristiane confirmou que apenas um caso foi registrado. Nesses casos o infrator \u00e9 levado para a Delegacia de Pol\u00edcia Civil, onde assina um TCO (Termo Circunstanciado de Ocorr\u00eancia) e em seguida liberado!!! &nbsp;&nbsp;<a href=\"https:\/\/ubanews.com\/site\/wp-content\/uploads\/2018\/08\/ELETRO-SENA-AUTOMOTIVA-2.jpg\"><img decoding=\"async\" class=\"alignnone size-full wp-image-7016 lazyload\" data-src=\"https:\/\/ubanews.com\/site\/wp-content\/uploads\/2018\/08\/ELETRO-SENA-AUTOMOTIVA-2.jpg\" alt=\"\" width=\"800\" height=\"264\" data-srcset=\"https:\/\/ubanews.com\/site\/wp-content\/uploads\/2018\/08\/ELETRO-SENA-AUTOMOTIVA-2.jpg 800w, https:\/\/ubanews.com\/site\/wp-content\/uploads\/2018\/08\/ELETRO-SENA-AUTOMOTIVA-2-300x99.jpg 300w, https:\/\/ubanews.com\/site\/wp-content\/uploads\/2018\/08\/ELETRO-SENA-AUTOMOTIVA-2-768x253.jpg 768w\" data-sizes=\"(max-width: 800px) 100vw, 800px\" src=\"data:image\/svg+xml;base64,PHN2ZyB3aWR0aD0iMSIgaGVpZ2h0PSIxIiB4bWxucz0iaHR0cDovL3d3dy53My5vcmcvMjAwMC9zdmciPjwvc3ZnPg==\" style=\"--smush-placeholder-width: 800px; --smush-placeholder-aspect-ratio: 800\/264;\" \/><\/a><\/p>\n<p><span style=\"font-size: 1.0625rem;\">Em Pira\u00faba a Pol\u00edcia Militar registrou um homic\u00eddio. Provavelmente trata-se de um crime passional, segundo as autoridades.<\/span><\/p>\n<div style=\"position: relative; height: 0; padding-bottom: 56.25%;\"><iframe style=\"position: absolute; width: 100%; height: 100%; left: 0;\" data-src=\"https:\/\/www.youtube.com\/embed\/XewRo6XoUTw?ecver=2\" width=\"640\" height=\"360\" frameborder=\"0\" allowfullscreen=\"allowfullscreen\" src=\"data:image\/svg+xml;base64,PHN2ZyB3aWR0aD0iMSIgaGVpZ2h0PSIxIiB4bWxucz0iaHR0cDovL3d3dy53My5vcmcvMjAwMC9zdmciPjwvc3ZnPg==\" class=\"lazyload\" data-load-mode=\"1\"><\/iframe><\/div>\n<p><a style=\"font-weight: bold; font-size: 1.0625rem;\" href=\"https:\/\/ubanews.com\/site\/wp-content\/uploads\/2018\/09\/Auto-Films-3.jpg\"><img decoding=\"async\" class=\"size-full wp-image-7740 lazyload\" data-src=\"https:\/\/ubanews.com\/site\/wp-content\/uploads\/2018\/09\/Auto-Films-3.jpg\" alt=\"2\" width=\"800\" height=\"200\" data-srcset=\"https:\/\/ubanews.com\/site\/wp-content\/uploads\/2018\/09\/Auto-Films-3.jpg 800w, https:\/\/ubanews.com\/site\/wp-content\/uploads\/2018\/09\/Auto-Films-3-300x75.jpg 300w, https:\/\/ubanews.com\/site\/wp-content\/uploads\/2018\/09\/Auto-Films-3-768x192.jpg 768w\" data-sizes=\"(max-width: 800px) 100vw, 800px\" src=\"data:image\/svg+xml;base64,PHN2ZyB3aWR0aD0iMSIgaGVpZ2h0PSIxIiB4bWxucz0iaHR0cDovL3d3dy53My5vcmcvMjAwMC9zdmciPjwvc3ZnPg==\" style=\"--smush-placeholder-width: 800px; --smush-placeholder-aspect-ratio: 800\/200;\" \/><\/a><\/p>\n","protected":false},"excerpt":{"rendered":"<p>A Ju\u00edza Eleitoral da 275\u00aa Zona Eleitoral de Ub\u00e1 doutora<\/p>\n","protected":false},"author":2,"featured_media":8009,"comment_status":"open","ping_status":"open","sticky":false,"template":"","format":"standard","meta":{"footnotes":""},"categories":[19],"tags":[],"class_list":["post-8048","post","type-post","status-publish","format-standard","has-post-thumbnail","hentry","category-politica"],"yoast_head":"<!-- This site is optimized with the Yoast SEO plugin v27.2 - https:\/\/yoast.com\/product\/yoast-seo-wordpress\/ -->\n<title>ELEI\u00c7\u00d5ES TRANSCORRERAM DE FORMA TRANQUILA DIZ JU\u00cdZA ELEITORAL MAS PELO MENOS OITO URNAS FORAM SUBSTITU\u00cdDAS - Ub\u00e1 News<\/title>\n<meta name=\"robots\" content=\"index, follow, max-snippet:-1, max-image-preview:large, max-video-preview:-1\" \/>\n<link rel=\"canonical\" href=\"https:\/\/ubanews.com\/site\/2018\/10\/07\/eleicoes-transcorreram-de-forma-tranquila-diz-juiza-eleitoral-mas-pelo-menos-oito-urnas-foram-substituidas\/\" \/>\n<meta property=\"og:locale\" content=\"pt_BR\" \/>\n<meta property=\"og:type\" content=\"article\" \/>\n<meta property=\"og:title\" content=\"ELEI\u00c7\u00d5ES TRANSCORRERAM DE FORMA TRANQUILA DIZ JU\u00cdZA ELEITORAL MAS PELO MENOS OITO URNAS FORAM SUBSTITU\u00cdDAS - Ub\u00e1 News\" \/>\n<meta property=\"og:description\" content=\"A Ju\u00edza Eleitoral da 275\u00aa Zona Eleitoral de Ub\u00e1 doutora\" \/>\n<meta property=\"og:url\" content=\"https:\/\/ubanews.com\/site\/2018\/10\/07\/eleicoes-transcorreram-de-forma-tranquila-diz-juiza-eleitoral-mas-pelo-menos-oito-urnas-foram-substituidas\/\" \/>\n<meta property=\"og:site_name\" content=\"Ub\u00e1 News\" \/>\n<meta property=\"article:publisher\" content=\"https:\/\/www.facebook.com\/Ub%c3%a1News-Carlos-Roberto-Sodr%c3%a9-418778301977370\" \/>\n<meta property=\"article:author\" content=\"https:\/\/www.facebook.com\/carosroberto.sodre.5\/\" \/>\n<meta property=\"article:published_time\" content=\"2018-10-07T21:35:13+00:00\" \/>\n<meta property=\"article:modified_time\" content=\"2018-10-19T13:55:38+00:00\" \/>\n<meta property=\"og:image\" content=\"https:\/\/ubanews.com\/site\/wp-content\/uploads\/2018\/10\/Elei\u00e7\u00f5es-2018.jpg\" \/>\n\t<meta property=\"og:image:width\" content=\"800\" \/>\n\t<meta property=\"og:image:height\" content=\"389\" \/>\n\t<meta property=\"og:image:type\" content=\"image\/jpeg\" \/>\n<meta name=\"author\" content=\"Sodr\u00e9\" \/>\n<meta name=\"twitter:card\" content=\"summary_large_image\" \/>\n<meta name=\"twitter:label1\" content=\"Escrito por\" \/>\n\t<meta name=\"twitter:data1\" content=\"Sodr\u00e9\" \/>\n\t<meta name=\"twitter:label2\" content=\"Est. tempo de leitura\" \/>\n\t<meta name=\"twitter:data2\" content=\"1 minuto\" \/>\n<script type=\"application\/ld+json\" class=\"yoast-schema-graph\">{\"@context\":\"https:\/\/schema.org\",\"@graph\":[{\"@type\":\"Article\",\"@id\":\"https:\/\/ubanews.com\/site\/2018\/10\/07\/eleicoes-transcorreram-de-forma-tranquila-diz-juiza-eleitoral-mas-pelo-menos-oito-urnas-foram-substituidas\/#article\",\"isPartOf\":{\"@id\":\"https:\/\/ubanews.com\/site\/2018\/10\/07\/eleicoes-transcorreram-de-forma-tranquila-diz-juiza-eleitoral-mas-pelo-menos-oito-urnas-foram-substituidas\/\"},\"author\":{\"name\":\"Sodr\u00e9\",\"@id\":\"https:\/\/ubanews.com\/site\/#\/schema\/person\/d90c9e47252fbb63dcc969fe4c8b9d10\"},\"headline\":\"ELEI\u00c7\u00d5ES TRANSCORRERAM DE FORMA TRANQUILA DIZ JU\u00cdZA ELEITORAL MAS PELO MENOS OITO URNAS FORAM SUBSTITU\u00cdDAS\",\"datePublished\":\"2018-10-07T21:35:13+00:00\",\"dateModified\":\"2018-10-19T13:55:38+00:00\",\"mainEntityOfPage\":{\"@id\":\"https:\/\/ubanews.com\/site\/2018\/10\/07\/eleicoes-transcorreram-de-forma-tranquila-diz-juiza-eleitoral-mas-pelo-menos-oito-urnas-foram-substituidas\/\"},\"wordCount\":168,\"commentCount\":0,\"publisher\":{\"@id\":\"https:\/\/ubanews.com\/site\/#organization\"},\"image\":{\"@id\":\"https:\/\/ubanews.com\/site\/2018\/10\/07\/eleicoes-transcorreram-de-forma-tranquila-diz-juiza-eleitoral-mas-pelo-menos-oito-urnas-foram-substituidas\/#primaryimage\"},\"thumbnailUrl\":\"https:\/\/ubanews.com\/site\/wp-content\/uploads\/2018\/10\/Elei\u00e7\u00f5es-2018.jpg\",\"articleSection\":[\"Pol\u00edtica\"],\"inLanguage\":\"pt-BR\",\"potentialAction\":[{\"@type\":\"CommentAction\",\"name\":\"Comment\",\"target\":[\"https:\/\/ubanews.com\/site\/2018\/10\/07\/eleicoes-transcorreram-de-forma-tranquila-diz-juiza-eleitoral-mas-pelo-menos-oito-urnas-foram-substituidas\/#respond\"]}]},{\"@type\":\"WebPage\",\"@id\":\"https:\/\/ubanews.com\/site\/2018\/10\/07\/eleicoes-transcorreram-de-forma-tranquila-diz-juiza-eleitoral-mas-pelo-menos-oito-urnas-foram-substituidas\/\",\"url\":\"https:\/\/ubanews.com\/site\/2018\/10\/07\/eleicoes-transcorreram-de-forma-tranquila-diz-juiza-eleitoral-mas-pelo-menos-oito-urnas-foram-substituidas\/\",\"name\":\"ELEI\u00c7\u00d5ES TRANSCORRERAM DE FORMA TRANQUILA DIZ JU\u00cdZA ELEITORAL MAS PELO MENOS OITO URNAS FORAM SUBSTITU\u00cdDAS - Ub\u00e1 News\",\"isPartOf\":{\"@id\":\"https:\/\/ubanews.com\/site\/#website\"},\"primaryImageOfPage\":{\"@id\":\"https:\/\/ubanews.com\/site\/2018\/10\/07\/eleicoes-transcorreram-de-forma-tranquila-diz-juiza-eleitoral-mas-pelo-menos-oito-urnas-foram-substituidas\/#primaryimage\"},\"image\":{\"@id\":\"https:\/\/ubanews.com\/site\/2018\/10\/07\/eleicoes-transcorreram-de-forma-tranquila-diz-juiza-eleitoral-mas-pelo-menos-oito-urnas-foram-substituidas\/#primaryimage\"},\"thumbnailUrl\":\"https:\/\/ubanews.com\/site\/wp-content\/uploads\/2018\/10\/Elei\u00e7\u00f5es-2018.jpg\",\"datePublished\":\"2018-10-07T21:35:13+00:00\",\"dateModified\":\"2018-10-19T13:55:38+00:00\",\"breadcrumb\":{\"@id\":\"https:\/\/ubanews.com\/site\/2018\/10\/07\/eleicoes-transcorreram-de-forma-tranquila-diz-juiza-eleitoral-mas-pelo-menos-oito-urnas-foram-substituidas\/#breadcrumb\"},\"inLanguage\":\"pt-BR\",\"potentialAction\":[{\"@type\":\"ReadAction\",\"target\":[\"https:\/\/ubanews.com\/site\/2018\/10\/07\/eleicoes-transcorreram-de-forma-tranquila-diz-juiza-eleitoral-mas-pelo-menos-oito-urnas-foram-substituidas\/\"]}]},{\"@type\":\"ImageObject\",\"inLanguage\":\"pt-BR\",\"@id\":\"https:\/\/ubanews.com\/site\/2018\/10\/07\/eleicoes-transcorreram-de-forma-tranquila-diz-juiza-eleitoral-mas-pelo-menos-oito-urnas-foram-substituidas\/#primaryimage\",\"url\":\"https:\/\/ubanews.com\/site\/wp-content\/uploads\/2018\/10\/Elei\u00e7\u00f5es-2018.jpg\",\"contentUrl\":\"https:\/\/ubanews.com\/site\/wp-content\/uploads\/2018\/10\/Elei\u00e7\u00f5es-2018.jpg\",\"width\":800,\"height\":389,\"caption\":\"Cartaz anuncia Elei\u00e7\u00f5es 2018\"},{\"@type\":\"BreadcrumbList\",\"@id\":\"https:\/\/ubanews.com\/site\/2018\/10\/07\/eleicoes-transcorreram-de-forma-tranquila-diz-juiza-eleitoral-mas-pelo-menos-oito-urnas-foram-substituidas\/#breadcrumb\",\"itemListElement\":[{\"@type\":\"ListItem\",\"position\":1,\"name\":\"Home\",\"item\":\"https:\/\/ubanews.com\/site\/\"},{\"@type\":\"ListItem\",\"position\":2,\"name\":\"ELEI\u00c7\u00d5ES TRANSCORRERAM DE FORMA TRANQUILA DIZ JU\u00cdZA ELEITORAL MAS PELO MENOS OITO URNAS FORAM SUBSTITU\u00cdDAS\"}]},{\"@type\":\"WebSite\",\"@id\":\"https:\/\/ubanews.com\/site\/#website\",\"url\":\"https:\/\/ubanews.com\/site\/\",\"name\":\"Ub\u00e1 News\",\"description\":\"\",\"publisher\":{\"@id\":\"https:\/\/ubanews.com\/site\/#organization\"},\"potentialAction\":[{\"@type\":\"SearchAction\",\"target\":{\"@type\":\"EntryPoint\",\"urlTemplate\":\"https:\/\/ubanews.com\/site\/?s={search_term_string}\"},\"query-input\":{\"@type\":\"PropertyValueSpecification\",\"valueRequired\":true,\"valueName\":\"search_term_string\"}}],\"inLanguage\":\"pt-BR\"},{\"@type\":\"Organization\",\"@id\":\"https:\/\/ubanews.com\/site\/#organization\",\"name\":\"Ub\u00e1 News\",\"url\":\"https:\/\/ubanews.com\/site\/\",\"logo\":{\"@type\":\"ImageObject\",\"inLanguage\":\"pt-BR\",\"@id\":\"https:\/\/ubanews.com\/site\/#\/schema\/logo\/image\/\",\"url\":\"https:\/\/ubanews.com\/site\/wp-content\/uploads\/2018\/01\/logoubanews.png\",\"contentUrl\":\"https:\/\/ubanews.com\/site\/wp-content\/uploads\/2018\/01\/logoubanews.png\",\"width\":261,\"height\":99,\"caption\":\"Ub\u00e1 News\"},\"image\":{\"@id\":\"https:\/\/ubanews.com\/site\/#\/schema\/logo\/image\/\"},\"sameAs\":[\"https:\/\/www.facebook.com\/Ub\u00e1News-Carlos-Roberto-Sodr\u00e9-418778301977370\"]},{\"@type\":\"Person\",\"@id\":\"https:\/\/ubanews.com\/site\/#\/schema\/person\/d90c9e47252fbb63dcc969fe4c8b9d10\",\"name\":\"Sodr\u00e9\",\"image\":{\"@type\":\"ImageObject\",\"inLanguage\":\"pt-BR\",\"@id\":\"https:\/\/secure.gravatar.com\/avatar\/5ba2793f0590b9dbfad3fdec4ee714485b3eef211c9b32ee53d414060454a56c?s=96&d=mm&r=g\",\"url\":\"https:\/\/secure.gravatar.com\/avatar\/5ba2793f0590b9dbfad3fdec4ee714485b3eef211c9b32ee53d414060454a56c?s=96&d=mm&r=g\",\"contentUrl\":\"https:\/\/secure.gravatar.com\/avatar\/5ba2793f0590b9dbfad3fdec4ee714485b3eef211c9b32ee53d414060454a56c?s=96&d=mm&r=g\",\"caption\":\"Sodr\u00e9\"},\"sameAs\":[\"https:\/\/www.facebook.com\/carosroberto.sodre.5\/\"],\"url\":\"https:\/\/ubanews.com\/site\/author\/felipe\/\"}]}<\/script>\n<!-- \/ Yoast SEO plugin. -->","yoast_head_json":{"title":"ELEI\u00c7\u00d5ES TRANSCORRERAM DE FORMA TRANQUILA DIZ JU\u00cdZA ELEITORAL MAS PELO MENOS OITO URNAS FORAM SUBSTITU\u00cdDAS - Ub\u00e1 News","robots":{"index":"index","follow":"follow","max-snippet":"max-snippet:-1","max-image-preview":"max-image-preview:large","max-video-preview":"max-video-preview:-1"},"canonical":"https:\/\/ubanews.com\/site\/2018\/10\/07\/eleicoes-transcorreram-de-forma-tranquila-diz-juiza-eleitoral-mas-pelo-menos-oito-urnas-foram-substituidas\/","og_locale":"pt_BR","og_type":"article","og_title":"ELEI\u00c7\u00d5ES TRANSCORRERAM DE FORMA TRANQUILA DIZ JU\u00cdZA ELEITORAL MAS PELO MENOS OITO URNAS FORAM SUBSTITU\u00cdDAS - Ub\u00e1 News","og_description":"A Ju\u00edza Eleitoral da 275\u00aa Zona Eleitoral de Ub\u00e1 doutora","og_url":"https:\/\/ubanews.com\/site\/2018\/10\/07\/eleicoes-transcorreram-de-forma-tranquila-diz-juiza-eleitoral-mas-pelo-menos-oito-urnas-foram-substituidas\/","og_site_name":"Ub\u00e1 News","article_publisher":"https:\/\/www.facebook.com\/Ub%c3%a1News-Carlos-Roberto-Sodr%c3%a9-418778301977370","article_author":"https:\/\/www.facebook.com\/carosroberto.sodre.5\/","article_published_time":"2018-10-07T21:35:13+00:00","article_modified_time":"2018-10-19T13:55:38+00:00","og_image":[{"width":800,"height":389,"url":"https:\/\/ubanews.com\/site\/wp-content\/uploads\/2018\/10\/Elei\u00e7\u00f5es-2018.jpg","type":"image\/jpeg"}],"author":"Sodr\u00e9","twitter_card":"summary_large_image","twitter_misc":{"Escrito por":"Sodr\u00e9","Est. tempo de leitura":"1 minuto"},"schema":{"@context":"https:\/\/schema.org","@graph":[{"@type":"Article","@id":"https:\/\/ubanews.com\/site\/2018\/10\/07\/eleicoes-transcorreram-de-forma-tranquila-diz-juiza-eleitoral-mas-pelo-menos-oito-urnas-foram-substituidas\/#article","isPartOf":{"@id":"https:\/\/ubanews.com\/site\/2018\/10\/07\/eleicoes-transcorreram-de-forma-tranquila-diz-juiza-eleitoral-mas-pelo-menos-oito-urnas-foram-substituidas\/"},"author":{"name":"Sodr\u00e9","@id":"https:\/\/ubanews.com\/site\/#\/schema\/person\/d90c9e47252fbb63dcc969fe4c8b9d10"},"headline":"ELEI\u00c7\u00d5ES TRANSCORRERAM DE FORMA TRANQUILA DIZ JU\u00cdZA ELEITORAL MAS PELO MENOS OITO URNAS FORAM SUBSTITU\u00cdDAS","datePublished":"2018-10-07T21:35:13+00:00","dateModified":"2018-10-19T13:55:38+00:00","mainEntityOfPage":{"@id":"https:\/\/ubanews.com\/site\/2018\/10\/07\/eleicoes-transcorreram-de-forma-tranquila-diz-juiza-eleitoral-mas-pelo-menos-oito-urnas-foram-substituidas\/"},"wordCount":168,"commentCount":0,"publisher":{"@id":"https:\/\/ubanews.com\/site\/#organization"},"image":{"@id":"https:\/\/ubanews.com\/site\/2018\/10\/07\/eleicoes-transcorreram-de-forma-tranquila-diz-juiza-eleitoral-mas-pelo-menos-oito-urnas-foram-substituidas\/#primaryimage"},"thumbnailUrl":"https:\/\/ubanews.com\/site\/wp-content\/uploads\/2018\/10\/Elei\u00e7\u00f5es-2018.jpg","articleSection":["Pol\u00edtica"],"inLanguage":"pt-BR","potentialAction":[{"@type":"CommentAction","name":"Comment","target":["https:\/\/ubanews.com\/site\/2018\/10\/07\/eleicoes-transcorreram-de-forma-tranquila-diz-juiza-eleitoral-mas-pelo-menos-oito-urnas-foram-substituidas\/#respond"]}]},{"@type":"WebPage","@id":"https:\/\/ubanews.com\/site\/2018\/10\/07\/eleicoes-transcorreram-de-forma-tranquila-diz-juiza-eleitoral-mas-pelo-menos-oito-urnas-foram-substituidas\/","url":"https:\/\/ubanews.com\/site\/2018\/10\/07\/eleicoes-transcorreram-de-forma-tranquila-diz-juiza-eleitoral-mas-pelo-menos-oito-urnas-foram-substituidas\/","name":"ELEI\u00c7\u00d5ES TRANSCORRERAM DE FORMA TRANQUILA DIZ JU\u00cdZA ELEITORAL MAS PELO MENOS OITO URNAS FORAM SUBSTITU\u00cdDAS - Ub\u00e1 News","isPartOf":{"@id":"https:\/\/ubanews.com\/site\/#website"},"primaryImageOfPage":{"@id":"https:\/\/ubanews.com\/site\/2018\/10\/07\/eleicoes-transcorreram-de-forma-tranquila-diz-juiza-eleitoral-mas-pelo-menos-oito-urnas-foram-substituidas\/#primaryimage"},"image":{"@id":"https:\/\/ubanews.com\/site\/2018\/10\/07\/eleicoes-transcorreram-de-forma-tranquila-diz-juiza-eleitoral-mas-pelo-menos-oito-urnas-foram-substituidas\/#primaryimage"},"thumbnailUrl":"https:\/\/ubanews.com\/site\/wp-content\/uploads\/2018\/10\/Elei\u00e7\u00f5es-2018.jpg","datePublished":"2018-10-07T21:35:13+00:00","dateModified":"2018-10-19T13:55:38+00:00","breadcrumb":{"@id":"https:\/\/ubanews.com\/site\/2018\/10\/07\/eleicoes-transcorreram-de-forma-tranquila-diz-juiza-eleitoral-mas-pelo-menos-oito-urnas-foram-substituidas\/#breadcrumb"},"inLanguage":"pt-BR","potentialAction":[{"@type":"ReadAction","target":["https:\/\/ubanews.com\/site\/2018\/10\/07\/eleicoes-transcorreram-de-forma-tranquila-diz-juiza-eleitoral-mas-pelo-menos-oito-urnas-foram-substituidas\/"]}]},{"@type":"ImageObject","inLanguage":"pt-BR","@id":"https:\/\/ubanews.com\/site\/2018\/10\/07\/eleicoes-transcorreram-de-forma-tranquila-diz-juiza-eleitoral-mas-pelo-menos-oito-urnas-foram-substituidas\/#primaryimage","url":"https:\/\/ubanews.com\/site\/wp-content\/uploads\/2018\/10\/Elei\u00e7\u00f5es-2018.jpg","contentUrl":"https:\/\/ubanews.com\/site\/wp-content\/uploads\/2018\/10\/Elei\u00e7\u00f5es-2018.jpg","width":800,"height":389,"caption":"Cartaz anuncia Elei\u00e7\u00f5es 2018"},{"@type":"BreadcrumbList","@id":"https:\/\/ubanews.com\/site\/2018\/10\/07\/eleicoes-transcorreram-de-forma-tranquila-diz-juiza-eleitoral-mas-pelo-menos-oito-urnas-foram-substituidas\/#breadcrumb","itemListElement":[{"@type":"ListItem","position":1,"name":"Home","item":"https:\/\/ubanews.com\/site\/"},{"@type":"ListItem","position":2,"name":"ELEI\u00c7\u00d5ES TRANSCORRERAM DE FORMA TRANQUILA DIZ JU\u00cdZA ELEITORAL MAS PELO MENOS OITO URNAS FORAM SUBSTITU\u00cdDAS"}]},{"@type":"WebSite","@id":"https:\/\/ubanews.com\/site\/#website","url":"https:\/\/ubanews.com\/site\/","name":"Ub\u00e1 News","description":"","publisher":{"@id":"https:\/\/ubanews.com\/site\/#organization"},"potentialAction":[{"@type":"SearchAction","target":{"@type":"EntryPoint","urlTemplate":"https:\/\/ubanews.com\/site\/?s={search_term_string}"},"query-input":{"@type":"PropertyValueSpecification","valueRequired":true,"valueName":"search_term_string"}}],"inLanguage":"pt-BR"},{"@type":"Organization","@id":"https:\/\/ubanews.com\/site\/#organization","name":"Ub\u00e1 News","url":"https:\/\/ubanews.com\/site\/","logo":{"@type":"ImageObject","inLanguage":"pt-BR","@id":"https:\/\/ubanews.com\/site\/#\/schema\/logo\/image\/","url":"https:\/\/ubanews.com\/site\/wp-content\/uploads\/2018\/01\/logoubanews.png","contentUrl":"https:\/\/ubanews.com\/site\/wp-content\/uploads\/2018\/01\/logoubanews.png","width":261,"height":99,"caption":"Ub\u00e1 News"},"image":{"@id":"https:\/\/ubanews.com\/site\/#\/schema\/logo\/image\/"},"sameAs":["https:\/\/www.facebook.com\/Ub\u00e1News-Carlos-Roberto-Sodr\u00e9-418778301977370"]},{"@type":"Person","@id":"https:\/\/ubanews.com\/site\/#\/schema\/person\/d90c9e47252fbb63dcc969fe4c8b9d10","name":"Sodr\u00e9","image":{"@type":"ImageObject","inLanguage":"pt-BR","@id":"https:\/\/secure.gravatar.com\/avatar\/5ba2793f0590b9dbfad3fdec4ee714485b3eef211c9b32ee53d414060454a56c?s=96&d=mm&r=g","url":"https:\/\/secure.gravatar.com\/avatar\/5ba2793f0590b9dbfad3fdec4ee714485b3eef211c9b32ee53d414060454a56c?s=96&d=mm&r=g","contentUrl":"https:\/\/secure.gravatar.com\/avatar\/5ba2793f0590b9dbfad3fdec4ee714485b3eef211c9b32ee53d414060454a56c?s=96&d=mm&r=g","caption":"Sodr\u00e9"},"sameAs":["https:\/\/www.facebook.com\/carosroberto.sodre.5\/"],"url":"https:\/\/ubanews.com\/site\/author\/felipe\/"}]}},"_links":{"self":[{"href":"https:\/\/ubanews.com\/site\/wp-json\/wp\/v2\/posts\/8048","targetHints":{"allow":["GET"]}}],"collection":[{"href":"https:\/\/ubanews.com\/site\/wp-json\/wp\/v2\/posts"}],"about":[{"href":"https:\/\/ubanews.com\/site\/wp-json\/wp\/v2\/types\/post"}],"author":[{"embeddable":true,"href":"https:\/\/ubanews.com\/site\/wp-json\/wp\/v2\/users\/2"}],"replies":[{"embeddable":true,"href":"https:\/\/ubanews.com\/site\/wp-json\/wp\/v2\/comments?post=8048"}],"version-history":[{"count":0,"href":"https:\/\/ubanews.com\/site\/wp-json\/wp\/v2\/posts\/8048\/revisions"}],"wp:featuredmedia":[{"embeddable":true,"href":"https:\/\/ubanews.com\/site\/wp-json\/wp\/v2\/media\/8009"}],"wp:attachment":[{"href":"https:\/\/ubanews.com\/site\/wp-json\/wp\/v2\/media?parent=8048"}],"wp:term":[{"taxonomy":"category","embeddable":true,"href":"https:\/\/ubanews.com\/site\/wp-json\/wp\/v2\/categories?post=8048"},{"taxonomy":"post_tag","embeddable":true,"href":"https:\/\/ubanews.com\/site\/wp-json\/wp\/v2\/tags?post=8048"}],"curies":[{"name":"wp","href":"https:\/\/api.w.org\/{rel}","templated":true}]}}