{"id":8045,"date":"2018-10-07T16:58:07","date_gmt":"2018-10-07T19:58:07","guid":{"rendered":"http:\/\/ubanews.com\/site\/?p=8045"},"modified":"2018-10-19T10:55:33","modified_gmt":"2018-10-19T13:55:33","slug":"urna-eletronica-e-auditada-no-dia-das-eleicoes","status":"publish","type":"post","link":"https:\/\/ubanews.com\/site\/2018\/10\/07\/urna-eletronica-e-auditada-no-dia-das-eleicoes\/","title":{"rendered":"Urna eletr\u00f4nica \u00e9 auditada no dia das elei\u00e7\u00f5es"},"content":{"rendered":"<p>O ministro do Tribunal Superior Eleitoral (TSE), Og Fernandes, participou, na manh\u00e3 deste domingo (7), da auditoria do sistema da urna eletr\u00f4nica que ocorreu na 46\u00aa Se\u00e7\u00e3o da 14\u00aa Zona Eleitoral, localizada Col\u00e9gio JK, em Bras\u00edlia (DF). O procedimento, adotado a partir desta elei\u00e7\u00e3o, foi estabelecido pela Resolu\u00e7\u00e3o&nbsp;<a class=\"external-link\" title=\"\" href=\"http:\/\/www.tse.jus.br\/legislacao-tse\/res\/2017\/RES235502017.html\" target=\"_blank\" rel=\"noopener\">TSE no 23.550\/2017<\/a>&nbsp;e \u00e9 mais uma a\u00e7\u00e3o da Justi\u00e7a Eleitoral para atestar a seguran\u00e7a e transpar\u00eancia da urna eletr\u00f4nica. A auditoria consiste na emiss\u00e3o, para confer\u00eancia p\u00fablica, dos relat\u00f3rios dos sistemas que est\u00e3o instalados nas urnas eletr\u00f4nicas para comprovar que eles est\u00e3o \u00edntegros e correspondem, efetivamente, aos que s\u00e3o informados pelo TSE.<\/p>\n<p>O procedimento, que ocorre em todas as unidades federativas, verifica 81 urnas sorteadas previamente, sendo tr\u00eas em cada estado, e \u00e9 acompanhado por autoridades, representantes da OAB e de partidos pol\u00edticos. As urnas auditadas foram escolhidas por meio de sorteio realizado neste s\u00e1bado (6). Al\u00e9m do ministro Og Fernandes, acompanharam a auditoria o juiz Eleitoral Jerry Adriane Teixeira e o promotor eleitoral do Minist\u00e9rio P\u00fablico do Distrito Federal e Territ\u00f3rios (MP-DFT) Paulo Jos\u00e9 Leite Farias. Eles tamb\u00e9m assistiram \u00e0 emiss\u00e3o da zer\u00e9sima, relat\u00f3rio impresso antes da vota\u00e7\u00e3o e que comprova que n\u00e3o existem votos registrados na urna eletr\u00f4nica.<\/p>\n<p>Na avalia\u00e7\u00e3o do ministro, a introdu\u00e7\u00e3o de mais um procedimento, como a auditoria do sistema para atestar a seguran\u00e7a da urna eletr\u00f4nica, \u00e9 prova do rigor com que a Justi\u00e7a Eleitoral conduz o processo eleitoral. \u201cA urna eletr\u00f4nica demonstra o pioneirismo da Justi\u00e7a Eleitoral e comprova uma historia de sucesso que completa 22 anos. Mas sucesso n\u00e3o implica em neglig\u00eancia, por isso, a Justi\u00e7a Eleitoral estabeleceu mais rotinas para auditagem, para fiscaliza\u00e7\u00e3o e para garantir, cada vez mais, o sucesso da urna eletr\u00f4nica&#8221;.<a href=\"https:\/\/ubanews.com\/site\/wp-content\/uploads\/2018\/08\/ELETRO-SENA-AUTOMOTIVA-2.jpg\"><img decoding=\"async\" class=\"alignnone size-full wp-image-7016 lazyload\" data-src=\"https:\/\/ubanews.com\/site\/wp-content\/uploads\/2018\/08\/ELETRO-SENA-AUTOMOTIVA-2.jpg\" alt=\"\" width=\"800\" height=\"264\" data-srcset=\"https:\/\/ubanews.com\/site\/wp-content\/uploads\/2018\/08\/ELETRO-SENA-AUTOMOTIVA-2.jpg 800w, https:\/\/ubanews.com\/site\/wp-content\/uploads\/2018\/08\/ELETRO-SENA-AUTOMOTIVA-2-300x99.jpg 300w, https:\/\/ubanews.com\/site\/wp-content\/uploads\/2018\/08\/ELETRO-SENA-AUTOMOTIVA-2-768x253.jpg 768w\" data-sizes=\"(max-width: 800px) 100vw, 800px\" src=\"data:image\/svg+xml;base64,PHN2ZyB3aWR0aD0iMSIgaGVpZ2h0PSIxIiB4bWxucz0iaHR0cDovL3d3dy53My5vcmcvMjAwMC9zdmciPjwvc3ZnPg==\" style=\"--smush-placeholder-width: 800px; --smush-placeholder-aspect-ratio: 800\/264;\" \/><\/a><\/p>\n<p>Fernandes ressaltou que o dia da vota\u00e7\u00e3o consiste na consuma\u00e7\u00e3o de um trabalho que come\u00e7ou muito antes, com a ado\u00e7\u00e3o de in\u00fameras providencias, que envolvem quest\u00f5es log\u00edsticas complexas e que visam garantir o exerc\u00edcio do voto para cada brasileiro. Ele reafirmou a seguran\u00e7a da urna eletr\u00f4nica e enfatizou que se trata de algo que deu certo, est\u00e1 dando certo e continuar\u00e1 dando certo como elemento de garantia da cidadania.<\/p>\n<p>O juiz eleitoral Jerry Adriane Teixeira, que participou da auditoria do sistema da urna eletr\u00f4nica, declarou que o procedimento \u00e9 mais uma das formas de seguran\u00e7a para se verificar a integridade do pleito. Ele explica que a auditoria \u00e9 feita a partir da emiss\u00e3o de um relat\u00f3rio, em algoritmo, que contem as \u201chashes\u201d do sistema, que equivalem a uma assinatura digital que pode ser conferida e atesta a integridade do sistema.&nbsp; Segundo ele, a cada pleito, a Justi\u00e7a Eleitoral adota novas maneiras para assegurar a lisura do pleito e essa \u00e9 mais uma delas.<\/p>\n<p>O promotor de Justi\u00e7a Eleitoral Paulo Jos\u00e9 Leite Farias, do Minist\u00e9rio P\u00fablico do Distrito Federal e Territ\u00f3rios (MPDFT), avalia como positivo a ado\u00e7\u00e3o de mais um sistema de verifica\u00e7\u00e3o da urna eletr\u00f4nica. Ele enfatiza a import\u00e2ncia de novos instrumentos de checagem e auditagem das urnas que ratificam procedimento que s\u00e3o adotados h\u00e1 22 anos e que, cada vez mais, revelam o aprimoramento em termos d lisura das elei\u00e7\u00f5es.<\/p>\n<p>JM\/RR<\/p>\n<p>Fonte: <a href=\"http:\/\/www.tse.jus.br\/imprensa\/noticias-tse\/2018\/Outubro\/urna-eletronica-e-auditada-no-dia-das-eleicoes\"><strong>TSE<\/strong><\/a><a href=\"https:\/\/ubanews.com\/site\/wp-content\/uploads\/2018\/09\/Auto-Films-3.jpg\"><img decoding=\"async\" class=\"alignnone size-full wp-image-7740 lazyload\" data-src=\"https:\/\/ubanews.com\/site\/wp-content\/uploads\/2018\/09\/Auto-Films-3.jpg\" alt=\"\" width=\"800\" height=\"200\" data-srcset=\"https:\/\/ubanews.com\/site\/wp-content\/uploads\/2018\/09\/Auto-Films-3.jpg 800w, https:\/\/ubanews.com\/site\/wp-content\/uploads\/2018\/09\/Auto-Films-3-300x75.jpg 300w, https:\/\/ubanews.com\/site\/wp-content\/uploads\/2018\/09\/Auto-Films-3-768x192.jpg 768w\" data-sizes=\"(max-width: 800px) 100vw, 800px\" src=\"data:image\/svg+xml;base64,PHN2ZyB3aWR0aD0iMSIgaGVpZ2h0PSIxIiB4bWxucz0iaHR0cDovL3d3dy53My5vcmcvMjAwMC9zdmciPjwvc3ZnPg==\" style=\"--smush-placeholder-width: 800px; --smush-placeholder-aspect-ratio: 800\/200;\" \/><\/a><\/p>\n","protected":false},"excerpt":{"rendered":"<p>O ministro do Tribunal Superior Eleitoral (TSE), Og Fernandes, participou,<\/p>\n","protected":false},"author":2,"featured_media":8046,"comment_status":"open","ping_status":"open","sticky":false,"template":"","format":"standard","meta":{"footnotes":""},"categories":[19],"tags":[],"class_list":["post-8045","post","type-post","status-publish","format-standard","has-post-thumbnail","hentry","category-politica"],"yoast_head":"<!-- This site is optimized with the Yoast SEO plugin v27.2 - https:\/\/yoast.com\/product\/yoast-seo-wordpress\/ -->\n<title>Urna eletr\u00f4nica \u00e9 auditada no dia das elei\u00e7\u00f5es - Ub\u00e1 News<\/title>\n<meta name=\"robots\" content=\"index, follow, max-snippet:-1, max-image-preview:large, max-video-preview:-1\" \/>\n<link rel=\"canonical\" href=\"https:\/\/ubanews.com\/site\/2018\/10\/07\/urna-eletronica-e-auditada-no-dia-das-eleicoes\/\" \/>\n<meta property=\"og:locale\" content=\"pt_BR\" \/>\n<meta property=\"og:type\" content=\"article\" \/>\n<meta property=\"og:title\" content=\"Urna eletr\u00f4nica \u00e9 auditada no dia das elei\u00e7\u00f5es - Ub\u00e1 News\" \/>\n<meta property=\"og:description\" content=\"O ministro do Tribunal Superior Eleitoral (TSE), Og Fernandes, participou,\" \/>\n<meta property=\"og:url\" content=\"https:\/\/ubanews.com\/site\/2018\/10\/07\/urna-eletronica-e-auditada-no-dia-das-eleicoes\/\" \/>\n<meta property=\"og:site_name\" content=\"Ub\u00e1 News\" \/>\n<meta property=\"article:publisher\" content=\"https:\/\/www.facebook.com\/Ub%c3%a1News-Carlos-Roberto-Sodr%c3%a9-418778301977370\" \/>\n<meta property=\"article:author\" content=\"https:\/\/www.facebook.com\/carosroberto.sodre.5\/\" \/>\n<meta property=\"article:published_time\" content=\"2018-10-07T19:58:07+00:00\" \/>\n<meta property=\"article:modified_time\" content=\"2018-10-19T13:55:33+00:00\" \/>\n<meta property=\"og:image\" content=\"https:\/\/ubanews.com\/site\/wp-content\/uploads\/2018\/10\/135.jpg\" \/>\n\t<meta property=\"og:image:width\" content=\"800\" \/>\n\t<meta property=\"og:image:height\" content=\"389\" \/>\n\t<meta property=\"og:image:type\" content=\"image\/jpeg\" \/>\n<meta name=\"author\" content=\"Sodr\u00e9\" \/>\n<meta name=\"twitter:card\" content=\"summary_large_image\" \/>\n<meta name=\"twitter:label1\" content=\"Escrito por\" \/>\n\t<meta name=\"twitter:data1\" content=\"Sodr\u00e9\" \/>\n\t<meta name=\"twitter:label2\" content=\"Est. tempo de leitura\" \/>\n\t<meta name=\"twitter:data2\" content=\"3 minutos\" \/>\n<script type=\"application\/ld+json\" class=\"yoast-schema-graph\">{\"@context\":\"https:\/\/schema.org\",\"@graph\":[{\"@type\":\"Article\",\"@id\":\"https:\/\/ubanews.com\/site\/2018\/10\/07\/urna-eletronica-e-auditada-no-dia-das-eleicoes\/#article\",\"isPartOf\":{\"@id\":\"https:\/\/ubanews.com\/site\/2018\/10\/07\/urna-eletronica-e-auditada-no-dia-das-eleicoes\/\"},\"author\":{\"name\":\"Sodr\u00e9\",\"@id\":\"https:\/\/ubanews.com\/site\/#\/schema\/person\/d90c9e47252fbb63dcc969fe4c8b9d10\"},\"headline\":\"Urna eletr\u00f4nica \u00e9 auditada no dia das elei\u00e7\u00f5es\",\"datePublished\":\"2018-10-07T19:58:07+00:00\",\"dateModified\":\"2018-10-19T13:55:33+00:00\",\"mainEntityOfPage\":{\"@id\":\"https:\/\/ubanews.com\/site\/2018\/10\/07\/urna-eletronica-e-auditada-no-dia-das-eleicoes\/\"},\"wordCount\":584,\"commentCount\":0,\"publisher\":{\"@id\":\"https:\/\/ubanews.com\/site\/#organization\"},\"image\":{\"@id\":\"https:\/\/ubanews.com\/site\/2018\/10\/07\/urna-eletronica-e-auditada-no-dia-das-eleicoes\/#primaryimage\"},\"thumbnailUrl\":\"https:\/\/ubanews.com\/site\/wp-content\/uploads\/2018\/10\/135.jpg\",\"articleSection\":[\"Pol\u00edtica\"],\"inLanguage\":\"pt-BR\",\"potentialAction\":[{\"@type\":\"CommentAction\",\"name\":\"Comment\",\"target\":[\"https:\/\/ubanews.com\/site\/2018\/10\/07\/urna-eletronica-e-auditada-no-dia-das-eleicoes\/#respond\"]}]},{\"@type\":\"WebPage\",\"@id\":\"https:\/\/ubanews.com\/site\/2018\/10\/07\/urna-eletronica-e-auditada-no-dia-das-eleicoes\/\",\"url\":\"https:\/\/ubanews.com\/site\/2018\/10\/07\/urna-eletronica-e-auditada-no-dia-das-eleicoes\/\",\"name\":\"Urna eletr\u00f4nica \u00e9 auditada no dia das elei\u00e7\u00f5es - Ub\u00e1 News\",\"isPartOf\":{\"@id\":\"https:\/\/ubanews.com\/site\/#website\"},\"primaryImageOfPage\":{\"@id\":\"https:\/\/ubanews.com\/site\/2018\/10\/07\/urna-eletronica-e-auditada-no-dia-das-eleicoes\/#primaryimage\"},\"image\":{\"@id\":\"https:\/\/ubanews.com\/site\/2018\/10\/07\/urna-eletronica-e-auditada-no-dia-das-eleicoes\/#primaryimage\"},\"thumbnailUrl\":\"https:\/\/ubanews.com\/site\/wp-content\/uploads\/2018\/10\/135.jpg\",\"datePublished\":\"2018-10-07T19:58:07+00:00\",\"dateModified\":\"2018-10-19T13:55:33+00:00\",\"breadcrumb\":{\"@id\":\"https:\/\/ubanews.com\/site\/2018\/10\/07\/urna-eletronica-e-auditada-no-dia-das-eleicoes\/#breadcrumb\"},\"inLanguage\":\"pt-BR\",\"potentialAction\":[{\"@type\":\"ReadAction\",\"target\":[\"https:\/\/ubanews.com\/site\/2018\/10\/07\/urna-eletronica-e-auditada-no-dia-das-eleicoes\/\"]}]},{\"@type\":\"ImageObject\",\"inLanguage\":\"pt-BR\",\"@id\":\"https:\/\/ubanews.com\/site\/2018\/10\/07\/urna-eletronica-e-auditada-no-dia-das-eleicoes\/#primaryimage\",\"url\":\"https:\/\/ubanews.com\/site\/wp-content\/uploads\/2018\/10\/135.jpg\",\"contentUrl\":\"https:\/\/ubanews.com\/site\/wp-content\/uploads\/2018\/10\/135.jpg\",\"width\":800,\"height\":389},{\"@type\":\"BreadcrumbList\",\"@id\":\"https:\/\/ubanews.com\/site\/2018\/10\/07\/urna-eletronica-e-auditada-no-dia-das-eleicoes\/#breadcrumb\",\"itemListElement\":[{\"@type\":\"ListItem\",\"position\":1,\"name\":\"Home\",\"item\":\"https:\/\/ubanews.com\/site\/\"},{\"@type\":\"ListItem\",\"position\":2,\"name\":\"Urna eletr\u00f4nica \u00e9 auditada no dia das elei\u00e7\u00f5es\"}]},{\"@type\":\"WebSite\",\"@id\":\"https:\/\/ubanews.com\/site\/#website\",\"url\":\"https:\/\/ubanews.com\/site\/\",\"name\":\"Ub\u00e1 News\",\"description\":\"\",\"publisher\":{\"@id\":\"https:\/\/ubanews.com\/site\/#organization\"},\"potentialAction\":[{\"@type\":\"SearchAction\",\"target\":{\"@type\":\"EntryPoint\",\"urlTemplate\":\"https:\/\/ubanews.com\/site\/?s={search_term_string}\"},\"query-input\":{\"@type\":\"PropertyValueSpecification\",\"valueRequired\":true,\"valueName\":\"search_term_string\"}}],\"inLanguage\":\"pt-BR\"},{\"@type\":\"Organization\",\"@id\":\"https:\/\/ubanews.com\/site\/#organization\",\"name\":\"Ub\u00e1 News\",\"url\":\"https:\/\/ubanews.com\/site\/\",\"logo\":{\"@type\":\"ImageObject\",\"inLanguage\":\"pt-BR\",\"@id\":\"https:\/\/ubanews.com\/site\/#\/schema\/logo\/image\/\",\"url\":\"https:\/\/ubanews.com\/site\/wp-content\/uploads\/2018\/01\/logoubanews.png\",\"contentUrl\":\"https:\/\/ubanews.com\/site\/wp-content\/uploads\/2018\/01\/logoubanews.png\",\"width\":261,\"height\":99,\"caption\":\"Ub\u00e1 News\"},\"image\":{\"@id\":\"https:\/\/ubanews.com\/site\/#\/schema\/logo\/image\/\"},\"sameAs\":[\"https:\/\/www.facebook.com\/Ub\u00e1News-Carlos-Roberto-Sodr\u00e9-418778301977370\"]},{\"@type\":\"Person\",\"@id\":\"https:\/\/ubanews.com\/site\/#\/schema\/person\/d90c9e47252fbb63dcc969fe4c8b9d10\",\"name\":\"Sodr\u00e9\",\"image\":{\"@type\":\"ImageObject\",\"inLanguage\":\"pt-BR\",\"@id\":\"https:\/\/secure.gravatar.com\/avatar\/5ba2793f0590b9dbfad3fdec4ee714485b3eef211c9b32ee53d414060454a56c?s=96&d=mm&r=g\",\"url\":\"https:\/\/secure.gravatar.com\/avatar\/5ba2793f0590b9dbfad3fdec4ee714485b3eef211c9b32ee53d414060454a56c?s=96&d=mm&r=g\",\"contentUrl\":\"https:\/\/secure.gravatar.com\/avatar\/5ba2793f0590b9dbfad3fdec4ee714485b3eef211c9b32ee53d414060454a56c?s=96&d=mm&r=g\",\"caption\":\"Sodr\u00e9\"},\"sameAs\":[\"https:\/\/www.facebook.com\/carosroberto.sodre.5\/\"],\"url\":\"https:\/\/ubanews.com\/site\/author\/felipe\/\"}]}<\/script>\n<!-- \/ Yoast SEO plugin. -->","yoast_head_json":{"title":"Urna eletr\u00f4nica \u00e9 auditada no dia das elei\u00e7\u00f5es - Ub\u00e1 News","robots":{"index":"index","follow":"follow","max-snippet":"max-snippet:-1","max-image-preview":"max-image-preview:large","max-video-preview":"max-video-preview:-1"},"canonical":"https:\/\/ubanews.com\/site\/2018\/10\/07\/urna-eletronica-e-auditada-no-dia-das-eleicoes\/","og_locale":"pt_BR","og_type":"article","og_title":"Urna eletr\u00f4nica \u00e9 auditada no dia das elei\u00e7\u00f5es - Ub\u00e1 News","og_description":"O ministro do Tribunal Superior Eleitoral (TSE), Og Fernandes, participou,","og_url":"https:\/\/ubanews.com\/site\/2018\/10\/07\/urna-eletronica-e-auditada-no-dia-das-eleicoes\/","og_site_name":"Ub\u00e1 News","article_publisher":"https:\/\/www.facebook.com\/Ub%c3%a1News-Carlos-Roberto-Sodr%c3%a9-418778301977370","article_author":"https:\/\/www.facebook.com\/carosroberto.sodre.5\/","article_published_time":"2018-10-07T19:58:07+00:00","article_modified_time":"2018-10-19T13:55:33+00:00","og_image":[{"width":800,"height":389,"url":"https:\/\/ubanews.com\/site\/wp-content\/uploads\/2018\/10\/135.jpg","type":"image\/jpeg"}],"author":"Sodr\u00e9","twitter_card":"summary_large_image","twitter_misc":{"Escrito por":"Sodr\u00e9","Est. tempo de leitura":"3 minutos"},"schema":{"@context":"https:\/\/schema.org","@graph":[{"@type":"Article","@id":"https:\/\/ubanews.com\/site\/2018\/10\/07\/urna-eletronica-e-auditada-no-dia-das-eleicoes\/#article","isPartOf":{"@id":"https:\/\/ubanews.com\/site\/2018\/10\/07\/urna-eletronica-e-auditada-no-dia-das-eleicoes\/"},"author":{"name":"Sodr\u00e9","@id":"https:\/\/ubanews.com\/site\/#\/schema\/person\/d90c9e47252fbb63dcc969fe4c8b9d10"},"headline":"Urna eletr\u00f4nica \u00e9 auditada no dia das elei\u00e7\u00f5es","datePublished":"2018-10-07T19:58:07+00:00","dateModified":"2018-10-19T13:55:33+00:00","mainEntityOfPage":{"@id":"https:\/\/ubanews.com\/site\/2018\/10\/07\/urna-eletronica-e-auditada-no-dia-das-eleicoes\/"},"wordCount":584,"commentCount":0,"publisher":{"@id":"https:\/\/ubanews.com\/site\/#organization"},"image":{"@id":"https:\/\/ubanews.com\/site\/2018\/10\/07\/urna-eletronica-e-auditada-no-dia-das-eleicoes\/#primaryimage"},"thumbnailUrl":"https:\/\/ubanews.com\/site\/wp-content\/uploads\/2018\/10\/135.jpg","articleSection":["Pol\u00edtica"],"inLanguage":"pt-BR","potentialAction":[{"@type":"CommentAction","name":"Comment","target":["https:\/\/ubanews.com\/site\/2018\/10\/07\/urna-eletronica-e-auditada-no-dia-das-eleicoes\/#respond"]}]},{"@type":"WebPage","@id":"https:\/\/ubanews.com\/site\/2018\/10\/07\/urna-eletronica-e-auditada-no-dia-das-eleicoes\/","url":"https:\/\/ubanews.com\/site\/2018\/10\/07\/urna-eletronica-e-auditada-no-dia-das-eleicoes\/","name":"Urna eletr\u00f4nica \u00e9 auditada no dia das elei\u00e7\u00f5es - Ub\u00e1 News","isPartOf":{"@id":"https:\/\/ubanews.com\/site\/#website"},"primaryImageOfPage":{"@id":"https:\/\/ubanews.com\/site\/2018\/10\/07\/urna-eletronica-e-auditada-no-dia-das-eleicoes\/#primaryimage"},"image":{"@id":"https:\/\/ubanews.com\/site\/2018\/10\/07\/urna-eletronica-e-auditada-no-dia-das-eleicoes\/#primaryimage"},"thumbnailUrl":"https:\/\/ubanews.com\/site\/wp-content\/uploads\/2018\/10\/135.jpg","datePublished":"2018-10-07T19:58:07+00:00","dateModified":"2018-10-19T13:55:33+00:00","breadcrumb":{"@id":"https:\/\/ubanews.com\/site\/2018\/10\/07\/urna-eletronica-e-auditada-no-dia-das-eleicoes\/#breadcrumb"},"inLanguage":"pt-BR","potentialAction":[{"@type":"ReadAction","target":["https:\/\/ubanews.com\/site\/2018\/10\/07\/urna-eletronica-e-auditada-no-dia-das-eleicoes\/"]}]},{"@type":"ImageObject","inLanguage":"pt-BR","@id":"https:\/\/ubanews.com\/site\/2018\/10\/07\/urna-eletronica-e-auditada-no-dia-das-eleicoes\/#primaryimage","url":"https:\/\/ubanews.com\/site\/wp-content\/uploads\/2018\/10\/135.jpg","contentUrl":"https:\/\/ubanews.com\/site\/wp-content\/uploads\/2018\/10\/135.jpg","width":800,"height":389},{"@type":"BreadcrumbList","@id":"https:\/\/ubanews.com\/site\/2018\/10\/07\/urna-eletronica-e-auditada-no-dia-das-eleicoes\/#breadcrumb","itemListElement":[{"@type":"ListItem","position":1,"name":"Home","item":"https:\/\/ubanews.com\/site\/"},{"@type":"ListItem","position":2,"name":"Urna eletr\u00f4nica \u00e9 auditada no dia das elei\u00e7\u00f5es"}]},{"@type":"WebSite","@id":"https:\/\/ubanews.com\/site\/#website","url":"https:\/\/ubanews.com\/site\/","name":"Ub\u00e1 News","description":"","publisher":{"@id":"https:\/\/ubanews.com\/site\/#organization"},"potentialAction":[{"@type":"SearchAction","target":{"@type":"EntryPoint","urlTemplate":"https:\/\/ubanews.com\/site\/?s={search_term_string}"},"query-input":{"@type":"PropertyValueSpecification","valueRequired":true,"valueName":"search_term_string"}}],"inLanguage":"pt-BR"},{"@type":"Organization","@id":"https:\/\/ubanews.com\/site\/#organization","name":"Ub\u00e1 News","url":"https:\/\/ubanews.com\/site\/","logo":{"@type":"ImageObject","inLanguage":"pt-BR","@id":"https:\/\/ubanews.com\/site\/#\/schema\/logo\/image\/","url":"https:\/\/ubanews.com\/site\/wp-content\/uploads\/2018\/01\/logoubanews.png","contentUrl":"https:\/\/ubanews.com\/site\/wp-content\/uploads\/2018\/01\/logoubanews.png","width":261,"height":99,"caption":"Ub\u00e1 News"},"image":{"@id":"https:\/\/ubanews.com\/site\/#\/schema\/logo\/image\/"},"sameAs":["https:\/\/www.facebook.com\/Ub\u00e1News-Carlos-Roberto-Sodr\u00e9-418778301977370"]},{"@type":"Person","@id":"https:\/\/ubanews.com\/site\/#\/schema\/person\/d90c9e47252fbb63dcc969fe4c8b9d10","name":"Sodr\u00e9","image":{"@type":"ImageObject","inLanguage":"pt-BR","@id":"https:\/\/secure.gravatar.com\/avatar\/5ba2793f0590b9dbfad3fdec4ee714485b3eef211c9b32ee53d414060454a56c?s=96&d=mm&r=g","url":"https:\/\/secure.gravatar.com\/avatar\/5ba2793f0590b9dbfad3fdec4ee714485b3eef211c9b32ee53d414060454a56c?s=96&d=mm&r=g","contentUrl":"https:\/\/secure.gravatar.com\/avatar\/5ba2793f0590b9dbfad3fdec4ee714485b3eef211c9b32ee53d414060454a56c?s=96&d=mm&r=g","caption":"Sodr\u00e9"},"sameAs":["https:\/\/www.facebook.com\/carosroberto.sodre.5\/"],"url":"https:\/\/ubanews.com\/site\/author\/felipe\/"}]}},"_links":{"self":[{"href":"https:\/\/ubanews.com\/site\/wp-json\/wp\/v2\/posts\/8045","targetHints":{"allow":["GET"]}}],"collection":[{"href":"https:\/\/ubanews.com\/site\/wp-json\/wp\/v2\/posts"}],"about":[{"href":"https:\/\/ubanews.com\/site\/wp-json\/wp\/v2\/types\/post"}],"author":[{"embeddable":true,"href":"https:\/\/ubanews.com\/site\/wp-json\/wp\/v2\/users\/2"}],"replies":[{"embeddable":true,"href":"https:\/\/ubanews.com\/site\/wp-json\/wp\/v2\/comments?post=8045"}],"version-history":[{"count":0,"href":"https:\/\/ubanews.com\/site\/wp-json\/wp\/v2\/posts\/8045\/revisions"}],"wp:featuredmedia":[{"embeddable":true,"href":"https:\/\/ubanews.com\/site\/wp-json\/wp\/v2\/media\/8046"}],"wp:attachment":[{"href":"https:\/\/ubanews.com\/site\/wp-json\/wp\/v2\/media?parent=8045"}],"wp:term":[{"taxonomy":"category","embeddable":true,"href":"https:\/\/ubanews.com\/site\/wp-json\/wp\/v2\/categories?post=8045"},{"taxonomy":"post_tag","embeddable":true,"href":"https:\/\/ubanews.com\/site\/wp-json\/wp\/v2\/tags?post=8045"}],"curies":[{"name":"wp","href":"https:\/\/api.w.org\/{rel}","templated":true}]}}