{"id":8037,"date":"2018-10-07T15:03:47","date_gmt":"2018-10-07T18:03:47","guid":{"rendered":"http:\/\/ubanews.com\/site\/?p=8037"},"modified":"2018-10-19T10:55:21","modified_gmt":"2018-10-19T13:55:21","slug":"mais-de-70-sao-detidos-durante-eleicao-em-minas-incluindo-prefeito-vereador-e-candidatos","status":"publish","type":"post","link":"https:\/\/ubanews.com\/site\/2018\/10\/07\/mais-de-70-sao-detidos-durante-eleicao-em-minas-incluindo-prefeito-vereador-e-candidatos\/","title":{"rendered":"Mais de 70 s\u00e3o detidos durante elei\u00e7\u00e3o em Minas, incluindo prefeito, vereador e candidatos"},"content":{"rendered":"<div class=\"mc-column content-text active-extra-styles active-capital-letter\" data-block-type=\"unstyled\" data-block-weight=\"46\" data-block-id=\"1\">\n<p class=\"content-text__container theme-color-primary-first-letter\" data-track-category=\"Link no Texto\" data-track-links=\"\">Setenta e duas pessoas foram presas pelos crimes de boca de urna e propaganda irregular em Minas Gerais at\u00e9 o in\u00edcio da tarde deste domingo (7), segundo a Pol\u00edcia Militar (PM). Um prefeito, um vereador e dois candidatos a deputado est\u00e3o entre os que foram detidos.<\/p>\n<\/div>\n<div class=\"wall\">\n<div class=\"mc-column content-text active-extra-styles \" data-block-type=\"unstyled\" data-block-weight=\"29\" data-block-id=\"2\">\n<p class=\"content-text__container \" data-track-category=\"Link no Texto\" data-track-links=\"\">At\u00e9 12h55, a corpora\u00e7\u00e3o informava este total de pris\u00f5es \u2013 sendo 16 na Regi\u00e3o Metropolitana de Belo Horizonte \u2013 em 48 ocorr\u00eancias. Um adolescente foi apreendido na capital mineira.<\/p>\n<\/div>\n<div class=\"mc-column content-text active-extra-styles \" data-block-type=\"unstyled\" data-block-weight=\"73\" data-block-id=\"3\">\n<p class=\"content-text__container \" data-track-category=\"Link no Texto\" data-track-links=\"\">O prefeito de Areado, no Sul de Minas, Pedro Francisco da Silva (PR), foi preso durante a manh\u00e3 porque estava panfletando na porta de uma escola, segundo a pol\u00edcia. Ap\u00f3s a pris\u00e3o, ele foi ouvido e liberado por um delegado. Ainda segundo a pol\u00edcia, depois de ser liberado, o prefeito voltou \u00e0 sess\u00e3o eleitoral e amea\u00e7ou o mes\u00e1rio. Foi feito um registro da amea\u00e7a, mas a pol\u00edcia n\u00e3o conseguiu localizar o pol\u00edtico novamente.<a href=\"https:\/\/ubanews.com\/site\/wp-content\/uploads\/2018\/08\/ELETRO-SENA-AUTOMOTIVA-2.jpg\"><img decoding=\"async\" class=\"alignnone size-full wp-image-7016 lazyload\" data-src=\"https:\/\/ubanews.com\/site\/wp-content\/uploads\/2018\/08\/ELETRO-SENA-AUTOMOTIVA-2.jpg\" alt=\"\" width=\"800\" height=\"264\" data-srcset=\"https:\/\/ubanews.com\/site\/wp-content\/uploads\/2018\/08\/ELETRO-SENA-AUTOMOTIVA-2.jpg 800w, https:\/\/ubanews.com\/site\/wp-content\/uploads\/2018\/08\/ELETRO-SENA-AUTOMOTIVA-2-300x99.jpg 300w, https:\/\/ubanews.com\/site\/wp-content\/uploads\/2018\/08\/ELETRO-SENA-AUTOMOTIVA-2-768x253.jpg 768w\" data-sizes=\"(max-width: 800px) 100vw, 800px\" src=\"data:image\/svg+xml;base64,PHN2ZyB3aWR0aD0iMSIgaGVpZ2h0PSIxIiB4bWxucz0iaHR0cDovL3d3dy53My5vcmcvMjAwMC9zdmciPjwvc3ZnPg==\" style=\"--smush-placeholder-width: 800px; --smush-placeholder-aspect-ratio: 800\/264;\" \/><\/a><\/p>\n<p class=\"content-text__container \" data-track-category=\"Link no Texto\" data-track-links=\"\"><span style=\"font-size: 1.0625rem;\">J\u00e1 durante a madrugada, o candidato a deputado estadual Washington Xyt\u00e3o (Rede), de Governador Valadares, na Regi\u00e3o Leste de Minas, foi flagrado pela c\u00e2mera do Olho Vivo jogando panfletos em via p\u00fablica, o que \u00e9 considerado boca de urna.<\/span><\/p>\n<\/div>\n<div class=\"mc-column content-text active-extra-styles \" data-block-type=\"unstyled\" data-block-weight=\"28\" data-block-id=\"5\">\n<p class=\"content-text__container \" data-track-category=\"Link no Texto\" data-track-links=\"\">Rams\u00e9s de Castro (PMN), candidato a deputado federal, foi preso em Sete Lagoas, na Regi\u00e3o Central do estado, tamb\u00e9m foi detido por derramamento de panfletos em via p\u00fablica.<\/p>\n<\/div>\n<div class=\"mc-column content-text active-extra-styles \" data-block-type=\"unstyled\" data-block-weight=\"27\" data-block-id=\"6\">\n<p class=\"content-text__container \" data-track-category=\"Link no Texto\" data-track-links=\"\">O vereador em exerc\u00edcio Jos\u00e9 Romualdo de Campos, conhecido como Z\u00e9 Galinha (PP), de em Pomp\u00e9u, na Regi\u00e3o Centro-Oeste, tamb\u00e9m foi preso jogando panfletos em via p\u00fablica.<\/p>\n<\/div>\n<div class=\"mc-column content-text active-extra-styles \" data-block-type=\"unstyled\" data-block-weight=\"16\" data-block-id=\"7\">\n<p class=\"content-text__container \" data-track-category=\"Link no Texto\" data-track-links=\"\">Segundo a PM, os detidos s\u00e3o ouvidos e liberados depois de assinar um termo na delegacia.<\/p>\n<p data-track-category=\"Link no Texto\" data-track-links=\"\">Fonte: <a href=\"https:\/\/g1.globo.com\/mg\/minas-gerais\/eleicoes\/2018\/noticia\/2018\/10\/07\/mais-de-70-sao-detidos-durante-eleicao-em-minas-incluindo-prefeito-vereador-e-candidatos.ghtml\"><strong>G1<\/strong><\/a><a href=\"https:\/\/ubanews.com\/site\/wp-content\/uploads\/2018\/09\/Auto-Films-3.jpg\"><img decoding=\"async\" class=\"alignnone size-full wp-image-7740 lazyload\" data-src=\"https:\/\/ubanews.com\/site\/wp-content\/uploads\/2018\/09\/Auto-Films-3.jpg\" alt=\"\" width=\"800\" height=\"200\" data-srcset=\"https:\/\/ubanews.com\/site\/wp-content\/uploads\/2018\/09\/Auto-Films-3.jpg 800w, https:\/\/ubanews.com\/site\/wp-content\/uploads\/2018\/09\/Auto-Films-3-300x75.jpg 300w, https:\/\/ubanews.com\/site\/wp-content\/uploads\/2018\/09\/Auto-Films-3-768x192.jpg 768w\" data-sizes=\"(max-width: 800px) 100vw, 800px\" src=\"data:image\/svg+xml;base64,PHN2ZyB3aWR0aD0iMSIgaGVpZ2h0PSIxIiB4bWxucz0iaHR0cDovL3d3dy53My5vcmcvMjAwMC9zdmciPjwvc3ZnPg==\" style=\"--smush-placeholder-width: 800px; --smush-placeholder-aspect-ratio: 800\/200;\" \/><\/a><\/p>\n<\/div>\n<\/div>\n","protected":false},"excerpt":{"rendered":"<p>Setenta e duas pessoas foram presas pelos crimes de boca<\/p>\n","protected":false},"author":2,"featured_media":8009,"comment_status":"open","ping_status":"open","sticky":false,"template":"","format":"standard","meta":{"footnotes":""},"categories":[19],"tags":[],"class_list":["post-8037","post","type-post","status-publish","format-standard","has-post-thumbnail","hentry","category-politica"],"yoast_head":"<!-- This site is optimized with the Yoast SEO plugin v27.2 - https:\/\/yoast.com\/product\/yoast-seo-wordpress\/ -->\n<title>Mais de 70 s\u00e3o detidos durante elei\u00e7\u00e3o em Minas, incluindo prefeito, vereador e candidatos - Ub\u00e1 News<\/title>\n<meta name=\"robots\" content=\"index, follow, max-snippet:-1, max-image-preview:large, max-video-preview:-1\" \/>\n<link rel=\"canonical\" href=\"https:\/\/ubanews.com\/site\/2018\/10\/07\/mais-de-70-sao-detidos-durante-eleicao-em-minas-incluindo-prefeito-vereador-e-candidatos\/\" \/>\n<meta property=\"og:locale\" content=\"pt_BR\" \/>\n<meta property=\"og:type\" content=\"article\" \/>\n<meta property=\"og:title\" content=\"Mais de 70 s\u00e3o detidos durante elei\u00e7\u00e3o em Minas, incluindo prefeito, vereador e candidatos - Ub\u00e1 News\" \/>\n<meta property=\"og:description\" content=\"Setenta e duas pessoas foram presas pelos crimes de boca\" \/>\n<meta property=\"og:url\" content=\"https:\/\/ubanews.com\/site\/2018\/10\/07\/mais-de-70-sao-detidos-durante-eleicao-em-minas-incluindo-prefeito-vereador-e-candidatos\/\" \/>\n<meta property=\"og:site_name\" content=\"Ub\u00e1 News\" \/>\n<meta property=\"article:publisher\" content=\"https:\/\/www.facebook.com\/Ub%c3%a1News-Carlos-Roberto-Sodr%c3%a9-418778301977370\" \/>\n<meta property=\"article:author\" content=\"https:\/\/www.facebook.com\/carosroberto.sodre.5\/\" \/>\n<meta property=\"article:published_time\" content=\"2018-10-07T18:03:47+00:00\" \/>\n<meta property=\"article:modified_time\" content=\"2018-10-19T13:55:21+00:00\" \/>\n<meta property=\"og:image\" content=\"https:\/\/ubanews.com\/site\/wp-content\/uploads\/2018\/10\/Elei\u00e7\u00f5es-2018.jpg\" \/>\n\t<meta property=\"og:image:width\" content=\"800\" \/>\n\t<meta property=\"og:image:height\" content=\"389\" \/>\n\t<meta property=\"og:image:type\" content=\"image\/jpeg\" \/>\n<meta name=\"author\" content=\"Sodr\u00e9\" \/>\n<meta name=\"twitter:card\" content=\"summary_large_image\" \/>\n<meta name=\"twitter:label1\" content=\"Escrito por\" \/>\n\t<meta name=\"twitter:data1\" content=\"Sodr\u00e9\" \/>\n\t<meta name=\"twitter:label2\" content=\"Est. tempo de leitura\" \/>\n\t<meta name=\"twitter:data2\" content=\"1 minuto\" \/>\n<script type=\"application\/ld+json\" class=\"yoast-schema-graph\">{\"@context\":\"https:\/\/schema.org\",\"@graph\":[{\"@type\":\"Article\",\"@id\":\"https:\/\/ubanews.com\/site\/2018\/10\/07\/mais-de-70-sao-detidos-durante-eleicao-em-minas-incluindo-prefeito-vereador-e-candidatos\/#article\",\"isPartOf\":{\"@id\":\"https:\/\/ubanews.com\/site\/2018\/10\/07\/mais-de-70-sao-detidos-durante-eleicao-em-minas-incluindo-prefeito-vereador-e-candidatos\/\"},\"author\":{\"name\":\"Sodr\u00e9\",\"@id\":\"https:\/\/ubanews.com\/site\/#\/schema\/person\/d90c9e47252fbb63dcc969fe4c8b9d10\"},\"headline\":\"Mais de 70 s\u00e3o detidos durante elei\u00e7\u00e3o em Minas, incluindo prefeito, vereador e candidatos\",\"datePublished\":\"2018-10-07T18:03:47+00:00\",\"dateModified\":\"2018-10-19T13:55:21+00:00\",\"mainEntityOfPage\":{\"@id\":\"https:\/\/ubanews.com\/site\/2018\/10\/07\/mais-de-70-sao-detidos-durante-eleicao-em-minas-incluindo-prefeito-vereador-e-candidatos\/\"},\"wordCount\":300,\"commentCount\":0,\"publisher\":{\"@id\":\"https:\/\/ubanews.com\/site\/#organization\"},\"image\":{\"@id\":\"https:\/\/ubanews.com\/site\/2018\/10\/07\/mais-de-70-sao-detidos-durante-eleicao-em-minas-incluindo-prefeito-vereador-e-candidatos\/#primaryimage\"},\"thumbnailUrl\":\"https:\/\/ubanews.com\/site\/wp-content\/uploads\/2018\/10\/Elei\u00e7\u00f5es-2018.jpg\",\"articleSection\":[\"Pol\u00edtica\"],\"inLanguage\":\"pt-BR\",\"potentialAction\":[{\"@type\":\"CommentAction\",\"name\":\"Comment\",\"target\":[\"https:\/\/ubanews.com\/site\/2018\/10\/07\/mais-de-70-sao-detidos-durante-eleicao-em-minas-incluindo-prefeito-vereador-e-candidatos\/#respond\"]}]},{\"@type\":\"WebPage\",\"@id\":\"https:\/\/ubanews.com\/site\/2018\/10\/07\/mais-de-70-sao-detidos-durante-eleicao-em-minas-incluindo-prefeito-vereador-e-candidatos\/\",\"url\":\"https:\/\/ubanews.com\/site\/2018\/10\/07\/mais-de-70-sao-detidos-durante-eleicao-em-minas-incluindo-prefeito-vereador-e-candidatos\/\",\"name\":\"Mais de 70 s\u00e3o detidos durante elei\u00e7\u00e3o em Minas, incluindo prefeito, vereador e candidatos - Ub\u00e1 News\",\"isPartOf\":{\"@id\":\"https:\/\/ubanews.com\/site\/#website\"},\"primaryImageOfPage\":{\"@id\":\"https:\/\/ubanews.com\/site\/2018\/10\/07\/mais-de-70-sao-detidos-durante-eleicao-em-minas-incluindo-prefeito-vereador-e-candidatos\/#primaryimage\"},\"image\":{\"@id\":\"https:\/\/ubanews.com\/site\/2018\/10\/07\/mais-de-70-sao-detidos-durante-eleicao-em-minas-incluindo-prefeito-vereador-e-candidatos\/#primaryimage\"},\"thumbnailUrl\":\"https:\/\/ubanews.com\/site\/wp-content\/uploads\/2018\/10\/Elei\u00e7\u00f5es-2018.jpg\",\"datePublished\":\"2018-10-07T18:03:47+00:00\",\"dateModified\":\"2018-10-19T13:55:21+00:00\",\"breadcrumb\":{\"@id\":\"https:\/\/ubanews.com\/site\/2018\/10\/07\/mais-de-70-sao-detidos-durante-eleicao-em-minas-incluindo-prefeito-vereador-e-candidatos\/#breadcrumb\"},\"inLanguage\":\"pt-BR\",\"potentialAction\":[{\"@type\":\"ReadAction\",\"target\":[\"https:\/\/ubanews.com\/site\/2018\/10\/07\/mais-de-70-sao-detidos-durante-eleicao-em-minas-incluindo-prefeito-vereador-e-candidatos\/\"]}]},{\"@type\":\"ImageObject\",\"inLanguage\":\"pt-BR\",\"@id\":\"https:\/\/ubanews.com\/site\/2018\/10\/07\/mais-de-70-sao-detidos-durante-eleicao-em-minas-incluindo-prefeito-vereador-e-candidatos\/#primaryimage\",\"url\":\"https:\/\/ubanews.com\/site\/wp-content\/uploads\/2018\/10\/Elei\u00e7\u00f5es-2018.jpg\",\"contentUrl\":\"https:\/\/ubanews.com\/site\/wp-content\/uploads\/2018\/10\/Elei\u00e7\u00f5es-2018.jpg\",\"width\":800,\"height\":389,\"caption\":\"Cartaz anuncia Elei\u00e7\u00f5es 2018\"},{\"@type\":\"BreadcrumbList\",\"@id\":\"https:\/\/ubanews.com\/site\/2018\/10\/07\/mais-de-70-sao-detidos-durante-eleicao-em-minas-incluindo-prefeito-vereador-e-candidatos\/#breadcrumb\",\"itemListElement\":[{\"@type\":\"ListItem\",\"position\":1,\"name\":\"Home\",\"item\":\"https:\/\/ubanews.com\/site\/\"},{\"@type\":\"ListItem\",\"position\":2,\"name\":\"Mais de 70 s\u00e3o detidos durante elei\u00e7\u00e3o em Minas, incluindo prefeito, vereador e candidatos\"}]},{\"@type\":\"WebSite\",\"@id\":\"https:\/\/ubanews.com\/site\/#website\",\"url\":\"https:\/\/ubanews.com\/site\/\",\"name\":\"Ub\u00e1 News\",\"description\":\"\",\"publisher\":{\"@id\":\"https:\/\/ubanews.com\/site\/#organization\"},\"potentialAction\":[{\"@type\":\"SearchAction\",\"target\":{\"@type\":\"EntryPoint\",\"urlTemplate\":\"https:\/\/ubanews.com\/site\/?s={search_term_string}\"},\"query-input\":{\"@type\":\"PropertyValueSpecification\",\"valueRequired\":true,\"valueName\":\"search_term_string\"}}],\"inLanguage\":\"pt-BR\"},{\"@type\":\"Organization\",\"@id\":\"https:\/\/ubanews.com\/site\/#organization\",\"name\":\"Ub\u00e1 News\",\"url\":\"https:\/\/ubanews.com\/site\/\",\"logo\":{\"@type\":\"ImageObject\",\"inLanguage\":\"pt-BR\",\"@id\":\"https:\/\/ubanews.com\/site\/#\/schema\/logo\/image\/\",\"url\":\"https:\/\/ubanews.com\/site\/wp-content\/uploads\/2018\/01\/logoubanews.png\",\"contentUrl\":\"https:\/\/ubanews.com\/site\/wp-content\/uploads\/2018\/01\/logoubanews.png\",\"width\":261,\"height\":99,\"caption\":\"Ub\u00e1 News\"},\"image\":{\"@id\":\"https:\/\/ubanews.com\/site\/#\/schema\/logo\/image\/\"},\"sameAs\":[\"https:\/\/www.facebook.com\/Ub\u00e1News-Carlos-Roberto-Sodr\u00e9-418778301977370\"]},{\"@type\":\"Person\",\"@id\":\"https:\/\/ubanews.com\/site\/#\/schema\/person\/d90c9e47252fbb63dcc969fe4c8b9d10\",\"name\":\"Sodr\u00e9\",\"image\":{\"@type\":\"ImageObject\",\"inLanguage\":\"pt-BR\",\"@id\":\"https:\/\/secure.gravatar.com\/avatar\/5ba2793f0590b9dbfad3fdec4ee714485b3eef211c9b32ee53d414060454a56c?s=96&d=mm&r=g\",\"url\":\"https:\/\/secure.gravatar.com\/avatar\/5ba2793f0590b9dbfad3fdec4ee714485b3eef211c9b32ee53d414060454a56c?s=96&d=mm&r=g\",\"contentUrl\":\"https:\/\/secure.gravatar.com\/avatar\/5ba2793f0590b9dbfad3fdec4ee714485b3eef211c9b32ee53d414060454a56c?s=96&d=mm&r=g\",\"caption\":\"Sodr\u00e9\"},\"sameAs\":[\"https:\/\/www.facebook.com\/carosroberto.sodre.5\/\"],\"url\":\"https:\/\/ubanews.com\/site\/author\/felipe\/\"}]}<\/script>\n<!-- \/ Yoast SEO plugin. -->","yoast_head_json":{"title":"Mais de 70 s\u00e3o detidos durante elei\u00e7\u00e3o em Minas, incluindo prefeito, vereador e candidatos - Ub\u00e1 News","robots":{"index":"index","follow":"follow","max-snippet":"max-snippet:-1","max-image-preview":"max-image-preview:large","max-video-preview":"max-video-preview:-1"},"canonical":"https:\/\/ubanews.com\/site\/2018\/10\/07\/mais-de-70-sao-detidos-durante-eleicao-em-minas-incluindo-prefeito-vereador-e-candidatos\/","og_locale":"pt_BR","og_type":"article","og_title":"Mais de 70 s\u00e3o detidos durante elei\u00e7\u00e3o em Minas, incluindo prefeito, vereador e candidatos - Ub\u00e1 News","og_description":"Setenta e duas pessoas foram presas pelos crimes de boca","og_url":"https:\/\/ubanews.com\/site\/2018\/10\/07\/mais-de-70-sao-detidos-durante-eleicao-em-minas-incluindo-prefeito-vereador-e-candidatos\/","og_site_name":"Ub\u00e1 News","article_publisher":"https:\/\/www.facebook.com\/Ub%c3%a1News-Carlos-Roberto-Sodr%c3%a9-418778301977370","article_author":"https:\/\/www.facebook.com\/carosroberto.sodre.5\/","article_published_time":"2018-10-07T18:03:47+00:00","article_modified_time":"2018-10-19T13:55:21+00:00","og_image":[{"width":800,"height":389,"url":"https:\/\/ubanews.com\/site\/wp-content\/uploads\/2018\/10\/Elei\u00e7\u00f5es-2018.jpg","type":"image\/jpeg"}],"author":"Sodr\u00e9","twitter_card":"summary_large_image","twitter_misc":{"Escrito por":"Sodr\u00e9","Est. tempo de leitura":"1 minuto"},"schema":{"@context":"https:\/\/schema.org","@graph":[{"@type":"Article","@id":"https:\/\/ubanews.com\/site\/2018\/10\/07\/mais-de-70-sao-detidos-durante-eleicao-em-minas-incluindo-prefeito-vereador-e-candidatos\/#article","isPartOf":{"@id":"https:\/\/ubanews.com\/site\/2018\/10\/07\/mais-de-70-sao-detidos-durante-eleicao-em-minas-incluindo-prefeito-vereador-e-candidatos\/"},"author":{"name":"Sodr\u00e9","@id":"https:\/\/ubanews.com\/site\/#\/schema\/person\/d90c9e47252fbb63dcc969fe4c8b9d10"},"headline":"Mais de 70 s\u00e3o detidos durante elei\u00e7\u00e3o em Minas, incluindo prefeito, vereador e candidatos","datePublished":"2018-10-07T18:03:47+00:00","dateModified":"2018-10-19T13:55:21+00:00","mainEntityOfPage":{"@id":"https:\/\/ubanews.com\/site\/2018\/10\/07\/mais-de-70-sao-detidos-durante-eleicao-em-minas-incluindo-prefeito-vereador-e-candidatos\/"},"wordCount":300,"commentCount":0,"publisher":{"@id":"https:\/\/ubanews.com\/site\/#organization"},"image":{"@id":"https:\/\/ubanews.com\/site\/2018\/10\/07\/mais-de-70-sao-detidos-durante-eleicao-em-minas-incluindo-prefeito-vereador-e-candidatos\/#primaryimage"},"thumbnailUrl":"https:\/\/ubanews.com\/site\/wp-content\/uploads\/2018\/10\/Elei\u00e7\u00f5es-2018.jpg","articleSection":["Pol\u00edtica"],"inLanguage":"pt-BR","potentialAction":[{"@type":"CommentAction","name":"Comment","target":["https:\/\/ubanews.com\/site\/2018\/10\/07\/mais-de-70-sao-detidos-durante-eleicao-em-minas-incluindo-prefeito-vereador-e-candidatos\/#respond"]}]},{"@type":"WebPage","@id":"https:\/\/ubanews.com\/site\/2018\/10\/07\/mais-de-70-sao-detidos-durante-eleicao-em-minas-incluindo-prefeito-vereador-e-candidatos\/","url":"https:\/\/ubanews.com\/site\/2018\/10\/07\/mais-de-70-sao-detidos-durante-eleicao-em-minas-incluindo-prefeito-vereador-e-candidatos\/","name":"Mais de 70 s\u00e3o detidos durante elei\u00e7\u00e3o em Minas, incluindo prefeito, vereador e candidatos - Ub\u00e1 News","isPartOf":{"@id":"https:\/\/ubanews.com\/site\/#website"},"primaryImageOfPage":{"@id":"https:\/\/ubanews.com\/site\/2018\/10\/07\/mais-de-70-sao-detidos-durante-eleicao-em-minas-incluindo-prefeito-vereador-e-candidatos\/#primaryimage"},"image":{"@id":"https:\/\/ubanews.com\/site\/2018\/10\/07\/mais-de-70-sao-detidos-durante-eleicao-em-minas-incluindo-prefeito-vereador-e-candidatos\/#primaryimage"},"thumbnailUrl":"https:\/\/ubanews.com\/site\/wp-content\/uploads\/2018\/10\/Elei\u00e7\u00f5es-2018.jpg","datePublished":"2018-10-07T18:03:47+00:00","dateModified":"2018-10-19T13:55:21+00:00","breadcrumb":{"@id":"https:\/\/ubanews.com\/site\/2018\/10\/07\/mais-de-70-sao-detidos-durante-eleicao-em-minas-incluindo-prefeito-vereador-e-candidatos\/#breadcrumb"},"inLanguage":"pt-BR","potentialAction":[{"@type":"ReadAction","target":["https:\/\/ubanews.com\/site\/2018\/10\/07\/mais-de-70-sao-detidos-durante-eleicao-em-minas-incluindo-prefeito-vereador-e-candidatos\/"]}]},{"@type":"ImageObject","inLanguage":"pt-BR","@id":"https:\/\/ubanews.com\/site\/2018\/10\/07\/mais-de-70-sao-detidos-durante-eleicao-em-minas-incluindo-prefeito-vereador-e-candidatos\/#primaryimage","url":"https:\/\/ubanews.com\/site\/wp-content\/uploads\/2018\/10\/Elei\u00e7\u00f5es-2018.jpg","contentUrl":"https:\/\/ubanews.com\/site\/wp-content\/uploads\/2018\/10\/Elei\u00e7\u00f5es-2018.jpg","width":800,"height":389,"caption":"Cartaz anuncia Elei\u00e7\u00f5es 2018"},{"@type":"BreadcrumbList","@id":"https:\/\/ubanews.com\/site\/2018\/10\/07\/mais-de-70-sao-detidos-durante-eleicao-em-minas-incluindo-prefeito-vereador-e-candidatos\/#breadcrumb","itemListElement":[{"@type":"ListItem","position":1,"name":"Home","item":"https:\/\/ubanews.com\/site\/"},{"@type":"ListItem","position":2,"name":"Mais de 70 s\u00e3o detidos durante elei\u00e7\u00e3o em Minas, incluindo prefeito, vereador e candidatos"}]},{"@type":"WebSite","@id":"https:\/\/ubanews.com\/site\/#website","url":"https:\/\/ubanews.com\/site\/","name":"Ub\u00e1 News","description":"","publisher":{"@id":"https:\/\/ubanews.com\/site\/#organization"},"potentialAction":[{"@type":"SearchAction","target":{"@type":"EntryPoint","urlTemplate":"https:\/\/ubanews.com\/site\/?s={search_term_string}"},"query-input":{"@type":"PropertyValueSpecification","valueRequired":true,"valueName":"search_term_string"}}],"inLanguage":"pt-BR"},{"@type":"Organization","@id":"https:\/\/ubanews.com\/site\/#organization","name":"Ub\u00e1 News","url":"https:\/\/ubanews.com\/site\/","logo":{"@type":"ImageObject","inLanguage":"pt-BR","@id":"https:\/\/ubanews.com\/site\/#\/schema\/logo\/image\/","url":"https:\/\/ubanews.com\/site\/wp-content\/uploads\/2018\/01\/logoubanews.png","contentUrl":"https:\/\/ubanews.com\/site\/wp-content\/uploads\/2018\/01\/logoubanews.png","width":261,"height":99,"caption":"Ub\u00e1 News"},"image":{"@id":"https:\/\/ubanews.com\/site\/#\/schema\/logo\/image\/"},"sameAs":["https:\/\/www.facebook.com\/Ub\u00e1News-Carlos-Roberto-Sodr\u00e9-418778301977370"]},{"@type":"Person","@id":"https:\/\/ubanews.com\/site\/#\/schema\/person\/d90c9e47252fbb63dcc969fe4c8b9d10","name":"Sodr\u00e9","image":{"@type":"ImageObject","inLanguage":"pt-BR","@id":"https:\/\/secure.gravatar.com\/avatar\/5ba2793f0590b9dbfad3fdec4ee714485b3eef211c9b32ee53d414060454a56c?s=96&d=mm&r=g","url":"https:\/\/secure.gravatar.com\/avatar\/5ba2793f0590b9dbfad3fdec4ee714485b3eef211c9b32ee53d414060454a56c?s=96&d=mm&r=g","contentUrl":"https:\/\/secure.gravatar.com\/avatar\/5ba2793f0590b9dbfad3fdec4ee714485b3eef211c9b32ee53d414060454a56c?s=96&d=mm&r=g","caption":"Sodr\u00e9"},"sameAs":["https:\/\/www.facebook.com\/carosroberto.sodre.5\/"],"url":"https:\/\/ubanews.com\/site\/author\/felipe\/"}]}},"_links":{"self":[{"href":"https:\/\/ubanews.com\/site\/wp-json\/wp\/v2\/posts\/8037","targetHints":{"allow":["GET"]}}],"collection":[{"href":"https:\/\/ubanews.com\/site\/wp-json\/wp\/v2\/posts"}],"about":[{"href":"https:\/\/ubanews.com\/site\/wp-json\/wp\/v2\/types\/post"}],"author":[{"embeddable":true,"href":"https:\/\/ubanews.com\/site\/wp-json\/wp\/v2\/users\/2"}],"replies":[{"embeddable":true,"href":"https:\/\/ubanews.com\/site\/wp-json\/wp\/v2\/comments?post=8037"}],"version-history":[{"count":0,"href":"https:\/\/ubanews.com\/site\/wp-json\/wp\/v2\/posts\/8037\/revisions"}],"wp:featuredmedia":[{"embeddable":true,"href":"https:\/\/ubanews.com\/site\/wp-json\/wp\/v2\/media\/8009"}],"wp:attachment":[{"href":"https:\/\/ubanews.com\/site\/wp-json\/wp\/v2\/media?parent=8037"}],"wp:term":[{"taxonomy":"category","embeddable":true,"href":"https:\/\/ubanews.com\/site\/wp-json\/wp\/v2\/categories?post=8037"},{"taxonomy":"post_tag","embeddable":true,"href":"https:\/\/ubanews.com\/site\/wp-json\/wp\/v2\/tags?post=8037"}],"curies":[{"name":"wp","href":"https:\/\/api.w.org\/{rel}","templated":true}]}}