{"id":8019,"date":"2018-10-07T12:42:11","date_gmt":"2018-10-07T15:42:11","guid":{"rendered":"http:\/\/ubanews.com\/site\/?p=8019"},"modified":"2018-10-19T10:58:58","modified_gmt":"2018-10-19T13:58:58","slug":"ciro-gomes-vota-em-fortaleza-ao-lado-da-neta","status":"publish","type":"post","link":"https:\/\/ubanews.com\/site\/2018\/10\/07\/ciro-gomes-vota-em-fortaleza-ao-lado-da-neta\/","title":{"rendered":"Ciro Gomes vota em Fortaleza ao lado da neta"},"content":{"rendered":"<div class=\"mc-column content-text active-extra-styles active-capital-letter\" data-block-type=\"unstyled\" data-block-weight=\"36\" data-block-id=\"2\">\n<p class=\"content-text__container theme-color-primary-first-letter\" data-track-category=\"Link no Texto\" data-track-links=\"\">O candidato do PDT \u00e0 Presid\u00eancia da Rep\u00fablica,&nbsp;<a href=\"http:\/\/g1.globo.com\/politica\/politico\/ciro-gomes.html\">Ciro Gomes<\/a>, votou em Fortaleza (CE), na manh\u00e3 deste domingo (7). Ele chegou \u00e0 se\u00e7\u00e3o eleitoral por volta das 9h e levou menos de cinco minutos para votar.<\/p>\n<\/div>\n<div class=\"wall\">\n<div class=\"mc-column content-text active-extra-styles \" data-block-type=\"unstyled\" data-block-weight=\"35\" data-block-id=\"3\">\n<p class=\"content-text__container \" data-track-category=\"Link no Texto\" data-track-links=\"\">Na chegada ao local, a sede da Secretaria da Sa\u00fade do Estado do Cear\u00e1, ele foi cumprimentado por apoiadores e posou para fotografias. Ciro Gomes entrou na cabine de vota\u00e7\u00e3o acompanhado da neta Maria Clara.<\/p>\n<\/div>\n<div class=\"mc-column content-text active-extra-styles \" data-block-type=\"unstyled\" data-block-weight=\"36\" data-block-id=\"5\">\n<p class=\"content-text__container \" data-track-category=\"Link no Texto\" data-track-links=\"\">Sobre as possibilidades para o segundo turno e sobre qual candidato apoiaria, Ciro Gomes respondeu com uma pergunta: &#8220;Como \u00e9 que eu posso apoiar o Haddad [candidato do PT] se eu \u00e9 que vou estar l\u00e1?&#8221;<a style=\"font-size: 1.0625rem;\" href=\"https:\/\/ubanews.com\/site\/wp-content\/uploads\/2018\/08\/ELETRO-SENA-AUTOMOTIVA-2.jpg\"><img decoding=\"async\" class=\"alignnone size-full wp-image-7016 lazyload\" data-src=\"https:\/\/ubanews.com\/site\/wp-content\/uploads\/2018\/08\/ELETRO-SENA-AUTOMOTIVA-2.jpg\" alt=\"\" width=\"800\" height=\"264\" data-srcset=\"https:\/\/ubanews.com\/site\/wp-content\/uploads\/2018\/08\/ELETRO-SENA-AUTOMOTIVA-2.jpg 800w, https:\/\/ubanews.com\/site\/wp-content\/uploads\/2018\/08\/ELETRO-SENA-AUTOMOTIVA-2-300x99.jpg 300w, https:\/\/ubanews.com\/site\/wp-content\/uploads\/2018\/08\/ELETRO-SENA-AUTOMOTIVA-2-768x253.jpg 768w\" data-sizes=\"(max-width: 800px) 100vw, 800px\" src=\"data:image\/svg+xml;base64,PHN2ZyB3aWR0aD0iMSIgaGVpZ2h0PSIxIiB4bWxucz0iaHR0cDovL3d3dy53My5vcmcvMjAwMC9zdmciPjwvc3ZnPg==\" style=\"--smush-placeholder-width: 800px; --smush-placeholder-aspect-ratio: 800\/264;\" \/><\/a><\/p>\n<\/div>\n<div class=\"mc-column content-text active-extra-styles \" data-block-type=\"unstyled\" data-block-weight=\"25\" data-block-id=\"6\">\n<p class=\"content-text__container \" data-track-category=\"Link no Texto\" data-track-links=\"\">Ele disse que est\u00e1 confiante na possibilidade de ir para o segundo turno e atacou&nbsp;<a href=\"http:\/\/g1.globo.com\/politica\/politico\/jair-bolsonaro.html\">Jair Bolsonaro<\/a>&nbsp;(PSL) l\u00edder nas pesquisas de inten\u00e7\u00e3o de voto.<\/p>\n<\/div>\n<div class=\"mc-column content-text active-extra-styles \" data-block-type=\"unstyled\" data-block-weight=\"44\" data-block-id=\"7\">\n<p class=\"content-text__container \" data-track-category=\"Link no Texto\" data-track-links=\"\">&#8220;Os arrogantes e despreparados sempre se revelam nas horas de maior emo\u00e7\u00e3o, e quando uma pessoa j\u00e1 no dia da elei\u00e7\u00e3o se afirma vitoriosa, \u00e9 porque dispensa o voto das pessoas&#8221;, disse quando perguntado sobre a confian\u00e7a de Bolsonaro de vencer no primeiro turno.<\/p>\n<\/div>\n<\/div>\n<div data-track-category=\"fim do conteudo\" data-track-action=\"ultimo chunk conteudo\" data-track-noninteraction=\"false\" data-track-scroll=\"entrada completa viewport\">\n<div class=\"mc-column content-text active-extra-styles \" data-block-type=\"unstyled\" data-block-weight=\"56\" data-block-id=\"8\">\n<p class=\"content-text__container \" data-track-category=\"Link no Texto\" data-track-links=\"\">&#8220;Eu quero o voto e pe\u00e7o com humildade de cada brasileiro e de cada brasisleira para ter uma chance de representar os brasileiros decentes, equilibrados, os brasileiros que detestam a intoler\u00e2ncia, que detestam a falta de respeito \u00e0s mulheres, aos negros, ao quilombolas, os indigenas, ao meio ambiente, e eu quero, portanto, unir o Brasil&#8221;, disse.<\/p>\n<p data-track-category=\"Link no Texto\" data-track-links=\"\">Fonte: <a href=\"https:\/\/g1.globo.com\/politica\/eleicoes\/2018\/noticia\/2018\/10\/07\/ciro-gomes-vota-em-fortaleza.ghtml\"><strong>G1<\/strong><\/a><a href=\"https:\/\/ubanews.com\/site\/wp-content\/uploads\/2018\/09\/Auto-Films-3.jpg\"><img decoding=\"async\" class=\"alignnone size-full wp-image-7740 lazyload\" data-src=\"https:\/\/ubanews.com\/site\/wp-content\/uploads\/2018\/09\/Auto-Films-3.jpg\" alt=\"\" width=\"800\" height=\"200\" data-srcset=\"https:\/\/ubanews.com\/site\/wp-content\/uploads\/2018\/09\/Auto-Films-3.jpg 800w, https:\/\/ubanews.com\/site\/wp-content\/uploads\/2018\/09\/Auto-Films-3-300x75.jpg 300w, https:\/\/ubanews.com\/site\/wp-content\/uploads\/2018\/09\/Auto-Films-3-768x192.jpg 768w\" data-sizes=\"(max-width: 800px) 100vw, 800px\" src=\"data:image\/svg+xml;base64,PHN2ZyB3aWR0aD0iMSIgaGVpZ2h0PSIxIiB4bWxucz0iaHR0cDovL3d3dy53My5vcmcvMjAwMC9zdmciPjwvc3ZnPg==\" style=\"--smush-placeholder-width: 800px; --smush-placeholder-aspect-ratio: 800\/200;\" \/><\/a><\/p>\n<\/div>\n<\/div>\n","protected":false},"excerpt":{"rendered":"<p>O candidato do PDT \u00e0 Presid\u00eancia da Rep\u00fablica,&nbsp;Ciro Gomes, votou<\/p>\n","protected":false},"author":2,"featured_media":8020,"comment_status":"open","ping_status":"open","sticky":false,"template":"","format":"standard","meta":{"footnotes":""},"categories":[19],"tags":[],"class_list":["post-8019","post","type-post","status-publish","format-standard","has-post-thumbnail","hentry","category-politica"],"yoast_head":"<!-- This site is optimized with the Yoast SEO plugin v27.2 - https:\/\/yoast.com\/product\/yoast-seo-wordpress\/ -->\n<title>Ciro Gomes vota em Fortaleza ao lado da neta - Ub\u00e1 News<\/title>\n<meta name=\"robots\" content=\"index, follow, max-snippet:-1, max-image-preview:large, max-video-preview:-1\" \/>\n<link rel=\"canonical\" href=\"https:\/\/ubanews.com\/site\/2018\/10\/07\/ciro-gomes-vota-em-fortaleza-ao-lado-da-neta\/\" \/>\n<meta property=\"og:locale\" content=\"pt_BR\" \/>\n<meta property=\"og:type\" content=\"article\" \/>\n<meta property=\"og:title\" content=\"Ciro Gomes vota em Fortaleza ao lado da neta - Ub\u00e1 News\" \/>\n<meta property=\"og:description\" content=\"O candidato do PDT \u00e0 Presid\u00eancia da Rep\u00fablica,&nbsp;Ciro Gomes, votou\" \/>\n<meta property=\"og:url\" content=\"https:\/\/ubanews.com\/site\/2018\/10\/07\/ciro-gomes-vota-em-fortaleza-ao-lado-da-neta\/\" \/>\n<meta property=\"og:site_name\" content=\"Ub\u00e1 News\" \/>\n<meta property=\"article:publisher\" content=\"https:\/\/www.facebook.com\/Ub%c3%a1News-Carlos-Roberto-Sodr%c3%a9-418778301977370\" \/>\n<meta property=\"article:author\" content=\"https:\/\/www.facebook.com\/carosroberto.sodre.5\/\" \/>\n<meta property=\"article:published_time\" content=\"2018-10-07T15:42:11+00:00\" \/>\n<meta property=\"article:modified_time\" content=\"2018-10-19T13:58:58+00:00\" \/>\n<meta property=\"og:image\" content=\"https:\/\/ubanews.com\/site\/wp-content\/uploads\/2018\/10\/130.jpg\" \/>\n\t<meta property=\"og:image:width\" content=\"800\" \/>\n\t<meta property=\"og:image:height\" content=\"389\" \/>\n\t<meta property=\"og:image:type\" content=\"image\/jpeg\" \/>\n<meta name=\"author\" content=\"Sodr\u00e9\" \/>\n<meta name=\"twitter:card\" content=\"summary_large_image\" \/>\n<meta name=\"twitter:label1\" content=\"Escrito por\" \/>\n\t<meta name=\"twitter:data1\" content=\"Sodr\u00e9\" \/>\n\t<meta name=\"twitter:label2\" content=\"Est. tempo de leitura\" \/>\n\t<meta name=\"twitter:data2\" content=\"1 minuto\" \/>\n<script type=\"application\/ld+json\" class=\"yoast-schema-graph\">{\"@context\":\"https:\/\/schema.org\",\"@graph\":[{\"@type\":\"Article\",\"@id\":\"https:\/\/ubanews.com\/site\/2018\/10\/07\/ciro-gomes-vota-em-fortaleza-ao-lado-da-neta\/#article\",\"isPartOf\":{\"@id\":\"https:\/\/ubanews.com\/site\/2018\/10\/07\/ciro-gomes-vota-em-fortaleza-ao-lado-da-neta\/\"},\"author\":{\"name\":\"Sodr\u00e9\",\"@id\":\"https:\/\/ubanews.com\/site\/#\/schema\/person\/d90c9e47252fbb63dcc969fe4c8b9d10\"},\"headline\":\"Ciro Gomes vota em Fortaleza ao lado da neta\",\"datePublished\":\"2018-10-07T15:42:11+00:00\",\"dateModified\":\"2018-10-19T13:58:58+00:00\",\"mainEntityOfPage\":{\"@id\":\"https:\/\/ubanews.com\/site\/2018\/10\/07\/ciro-gomes-vota-em-fortaleza-ao-lado-da-neta\/\"},\"wordCount\":252,\"commentCount\":0,\"publisher\":{\"@id\":\"https:\/\/ubanews.com\/site\/#organization\"},\"image\":{\"@id\":\"https:\/\/ubanews.com\/site\/2018\/10\/07\/ciro-gomes-vota-em-fortaleza-ao-lado-da-neta\/#primaryimage\"},\"thumbnailUrl\":\"https:\/\/ubanews.com\/site\/wp-content\/uploads\/2018\/10\/130.jpg\",\"articleSection\":[\"Pol\u00edtica\"],\"inLanguage\":\"pt-BR\",\"potentialAction\":[{\"@type\":\"CommentAction\",\"name\":\"Comment\",\"target\":[\"https:\/\/ubanews.com\/site\/2018\/10\/07\/ciro-gomes-vota-em-fortaleza-ao-lado-da-neta\/#respond\"]}]},{\"@type\":\"WebPage\",\"@id\":\"https:\/\/ubanews.com\/site\/2018\/10\/07\/ciro-gomes-vota-em-fortaleza-ao-lado-da-neta\/\",\"url\":\"https:\/\/ubanews.com\/site\/2018\/10\/07\/ciro-gomes-vota-em-fortaleza-ao-lado-da-neta\/\",\"name\":\"Ciro Gomes vota em Fortaleza ao lado da neta - Ub\u00e1 News\",\"isPartOf\":{\"@id\":\"https:\/\/ubanews.com\/site\/#website\"},\"primaryImageOfPage\":{\"@id\":\"https:\/\/ubanews.com\/site\/2018\/10\/07\/ciro-gomes-vota-em-fortaleza-ao-lado-da-neta\/#primaryimage\"},\"image\":{\"@id\":\"https:\/\/ubanews.com\/site\/2018\/10\/07\/ciro-gomes-vota-em-fortaleza-ao-lado-da-neta\/#primaryimage\"},\"thumbnailUrl\":\"https:\/\/ubanews.com\/site\/wp-content\/uploads\/2018\/10\/130.jpg\",\"datePublished\":\"2018-10-07T15:42:11+00:00\",\"dateModified\":\"2018-10-19T13:58:58+00:00\",\"breadcrumb\":{\"@id\":\"https:\/\/ubanews.com\/site\/2018\/10\/07\/ciro-gomes-vota-em-fortaleza-ao-lado-da-neta\/#breadcrumb\"},\"inLanguage\":\"pt-BR\",\"potentialAction\":[{\"@type\":\"ReadAction\",\"target\":[\"https:\/\/ubanews.com\/site\/2018\/10\/07\/ciro-gomes-vota-em-fortaleza-ao-lado-da-neta\/\"]}]},{\"@type\":\"ImageObject\",\"inLanguage\":\"pt-BR\",\"@id\":\"https:\/\/ubanews.com\/site\/2018\/10\/07\/ciro-gomes-vota-em-fortaleza-ao-lado-da-neta\/#primaryimage\",\"url\":\"https:\/\/ubanews.com\/site\/wp-content\/uploads\/2018\/10\/130.jpg\",\"contentUrl\":\"https:\/\/ubanews.com\/site\/wp-content\/uploads\/2018\/10\/130.jpg\",\"width\":800,\"height\":389},{\"@type\":\"BreadcrumbList\",\"@id\":\"https:\/\/ubanews.com\/site\/2018\/10\/07\/ciro-gomes-vota-em-fortaleza-ao-lado-da-neta\/#breadcrumb\",\"itemListElement\":[{\"@type\":\"ListItem\",\"position\":1,\"name\":\"Home\",\"item\":\"https:\/\/ubanews.com\/site\/\"},{\"@type\":\"ListItem\",\"position\":2,\"name\":\"Ciro Gomes vota em Fortaleza ao lado da neta\"}]},{\"@type\":\"WebSite\",\"@id\":\"https:\/\/ubanews.com\/site\/#website\",\"url\":\"https:\/\/ubanews.com\/site\/\",\"name\":\"Ub\u00e1 News\",\"description\":\"\",\"publisher\":{\"@id\":\"https:\/\/ubanews.com\/site\/#organization\"},\"potentialAction\":[{\"@type\":\"SearchAction\",\"target\":{\"@type\":\"EntryPoint\",\"urlTemplate\":\"https:\/\/ubanews.com\/site\/?s={search_term_string}\"},\"query-input\":{\"@type\":\"PropertyValueSpecification\",\"valueRequired\":true,\"valueName\":\"search_term_string\"}}],\"inLanguage\":\"pt-BR\"},{\"@type\":\"Organization\",\"@id\":\"https:\/\/ubanews.com\/site\/#organization\",\"name\":\"Ub\u00e1 News\",\"url\":\"https:\/\/ubanews.com\/site\/\",\"logo\":{\"@type\":\"ImageObject\",\"inLanguage\":\"pt-BR\",\"@id\":\"https:\/\/ubanews.com\/site\/#\/schema\/logo\/image\/\",\"url\":\"https:\/\/ubanews.com\/site\/wp-content\/uploads\/2018\/01\/logoubanews.png\",\"contentUrl\":\"https:\/\/ubanews.com\/site\/wp-content\/uploads\/2018\/01\/logoubanews.png\",\"width\":261,\"height\":99,\"caption\":\"Ub\u00e1 News\"},\"image\":{\"@id\":\"https:\/\/ubanews.com\/site\/#\/schema\/logo\/image\/\"},\"sameAs\":[\"https:\/\/www.facebook.com\/Ub\u00e1News-Carlos-Roberto-Sodr\u00e9-418778301977370\"]},{\"@type\":\"Person\",\"@id\":\"https:\/\/ubanews.com\/site\/#\/schema\/person\/d90c9e47252fbb63dcc969fe4c8b9d10\",\"name\":\"Sodr\u00e9\",\"image\":{\"@type\":\"ImageObject\",\"inLanguage\":\"pt-BR\",\"@id\":\"https:\/\/secure.gravatar.com\/avatar\/5ba2793f0590b9dbfad3fdec4ee714485b3eef211c9b32ee53d414060454a56c?s=96&d=mm&r=g\",\"url\":\"https:\/\/secure.gravatar.com\/avatar\/5ba2793f0590b9dbfad3fdec4ee714485b3eef211c9b32ee53d414060454a56c?s=96&d=mm&r=g\",\"contentUrl\":\"https:\/\/secure.gravatar.com\/avatar\/5ba2793f0590b9dbfad3fdec4ee714485b3eef211c9b32ee53d414060454a56c?s=96&d=mm&r=g\",\"caption\":\"Sodr\u00e9\"},\"sameAs\":[\"https:\/\/www.facebook.com\/carosroberto.sodre.5\/\"],\"url\":\"https:\/\/ubanews.com\/site\/author\/felipe\/\"}]}<\/script>\n<!-- \/ Yoast SEO plugin. -->","yoast_head_json":{"title":"Ciro Gomes vota em Fortaleza ao lado da neta - Ub\u00e1 News","robots":{"index":"index","follow":"follow","max-snippet":"max-snippet:-1","max-image-preview":"max-image-preview:large","max-video-preview":"max-video-preview:-1"},"canonical":"https:\/\/ubanews.com\/site\/2018\/10\/07\/ciro-gomes-vota-em-fortaleza-ao-lado-da-neta\/","og_locale":"pt_BR","og_type":"article","og_title":"Ciro Gomes vota em Fortaleza ao lado da neta - Ub\u00e1 News","og_description":"O candidato do PDT \u00e0 Presid\u00eancia da Rep\u00fablica,&nbsp;Ciro Gomes, votou","og_url":"https:\/\/ubanews.com\/site\/2018\/10\/07\/ciro-gomes-vota-em-fortaleza-ao-lado-da-neta\/","og_site_name":"Ub\u00e1 News","article_publisher":"https:\/\/www.facebook.com\/Ub%c3%a1News-Carlos-Roberto-Sodr%c3%a9-418778301977370","article_author":"https:\/\/www.facebook.com\/carosroberto.sodre.5\/","article_published_time":"2018-10-07T15:42:11+00:00","article_modified_time":"2018-10-19T13:58:58+00:00","og_image":[{"width":800,"height":389,"url":"https:\/\/ubanews.com\/site\/wp-content\/uploads\/2018\/10\/130.jpg","type":"image\/jpeg"}],"author":"Sodr\u00e9","twitter_card":"summary_large_image","twitter_misc":{"Escrito por":"Sodr\u00e9","Est. tempo de leitura":"1 minuto"},"schema":{"@context":"https:\/\/schema.org","@graph":[{"@type":"Article","@id":"https:\/\/ubanews.com\/site\/2018\/10\/07\/ciro-gomes-vota-em-fortaleza-ao-lado-da-neta\/#article","isPartOf":{"@id":"https:\/\/ubanews.com\/site\/2018\/10\/07\/ciro-gomes-vota-em-fortaleza-ao-lado-da-neta\/"},"author":{"name":"Sodr\u00e9","@id":"https:\/\/ubanews.com\/site\/#\/schema\/person\/d90c9e47252fbb63dcc969fe4c8b9d10"},"headline":"Ciro Gomes vota em Fortaleza ao lado da neta","datePublished":"2018-10-07T15:42:11+00:00","dateModified":"2018-10-19T13:58:58+00:00","mainEntityOfPage":{"@id":"https:\/\/ubanews.com\/site\/2018\/10\/07\/ciro-gomes-vota-em-fortaleza-ao-lado-da-neta\/"},"wordCount":252,"commentCount":0,"publisher":{"@id":"https:\/\/ubanews.com\/site\/#organization"},"image":{"@id":"https:\/\/ubanews.com\/site\/2018\/10\/07\/ciro-gomes-vota-em-fortaleza-ao-lado-da-neta\/#primaryimage"},"thumbnailUrl":"https:\/\/ubanews.com\/site\/wp-content\/uploads\/2018\/10\/130.jpg","articleSection":["Pol\u00edtica"],"inLanguage":"pt-BR","potentialAction":[{"@type":"CommentAction","name":"Comment","target":["https:\/\/ubanews.com\/site\/2018\/10\/07\/ciro-gomes-vota-em-fortaleza-ao-lado-da-neta\/#respond"]}]},{"@type":"WebPage","@id":"https:\/\/ubanews.com\/site\/2018\/10\/07\/ciro-gomes-vota-em-fortaleza-ao-lado-da-neta\/","url":"https:\/\/ubanews.com\/site\/2018\/10\/07\/ciro-gomes-vota-em-fortaleza-ao-lado-da-neta\/","name":"Ciro Gomes vota em Fortaleza ao lado da neta - Ub\u00e1 News","isPartOf":{"@id":"https:\/\/ubanews.com\/site\/#website"},"primaryImageOfPage":{"@id":"https:\/\/ubanews.com\/site\/2018\/10\/07\/ciro-gomes-vota-em-fortaleza-ao-lado-da-neta\/#primaryimage"},"image":{"@id":"https:\/\/ubanews.com\/site\/2018\/10\/07\/ciro-gomes-vota-em-fortaleza-ao-lado-da-neta\/#primaryimage"},"thumbnailUrl":"https:\/\/ubanews.com\/site\/wp-content\/uploads\/2018\/10\/130.jpg","datePublished":"2018-10-07T15:42:11+00:00","dateModified":"2018-10-19T13:58:58+00:00","breadcrumb":{"@id":"https:\/\/ubanews.com\/site\/2018\/10\/07\/ciro-gomes-vota-em-fortaleza-ao-lado-da-neta\/#breadcrumb"},"inLanguage":"pt-BR","potentialAction":[{"@type":"ReadAction","target":["https:\/\/ubanews.com\/site\/2018\/10\/07\/ciro-gomes-vota-em-fortaleza-ao-lado-da-neta\/"]}]},{"@type":"ImageObject","inLanguage":"pt-BR","@id":"https:\/\/ubanews.com\/site\/2018\/10\/07\/ciro-gomes-vota-em-fortaleza-ao-lado-da-neta\/#primaryimage","url":"https:\/\/ubanews.com\/site\/wp-content\/uploads\/2018\/10\/130.jpg","contentUrl":"https:\/\/ubanews.com\/site\/wp-content\/uploads\/2018\/10\/130.jpg","width":800,"height":389},{"@type":"BreadcrumbList","@id":"https:\/\/ubanews.com\/site\/2018\/10\/07\/ciro-gomes-vota-em-fortaleza-ao-lado-da-neta\/#breadcrumb","itemListElement":[{"@type":"ListItem","position":1,"name":"Home","item":"https:\/\/ubanews.com\/site\/"},{"@type":"ListItem","position":2,"name":"Ciro Gomes vota em Fortaleza ao lado da neta"}]},{"@type":"WebSite","@id":"https:\/\/ubanews.com\/site\/#website","url":"https:\/\/ubanews.com\/site\/","name":"Ub\u00e1 News","description":"","publisher":{"@id":"https:\/\/ubanews.com\/site\/#organization"},"potentialAction":[{"@type":"SearchAction","target":{"@type":"EntryPoint","urlTemplate":"https:\/\/ubanews.com\/site\/?s={search_term_string}"},"query-input":{"@type":"PropertyValueSpecification","valueRequired":true,"valueName":"search_term_string"}}],"inLanguage":"pt-BR"},{"@type":"Organization","@id":"https:\/\/ubanews.com\/site\/#organization","name":"Ub\u00e1 News","url":"https:\/\/ubanews.com\/site\/","logo":{"@type":"ImageObject","inLanguage":"pt-BR","@id":"https:\/\/ubanews.com\/site\/#\/schema\/logo\/image\/","url":"https:\/\/ubanews.com\/site\/wp-content\/uploads\/2018\/01\/logoubanews.png","contentUrl":"https:\/\/ubanews.com\/site\/wp-content\/uploads\/2018\/01\/logoubanews.png","width":261,"height":99,"caption":"Ub\u00e1 News"},"image":{"@id":"https:\/\/ubanews.com\/site\/#\/schema\/logo\/image\/"},"sameAs":["https:\/\/www.facebook.com\/Ub\u00e1News-Carlos-Roberto-Sodr\u00e9-418778301977370"]},{"@type":"Person","@id":"https:\/\/ubanews.com\/site\/#\/schema\/person\/d90c9e47252fbb63dcc969fe4c8b9d10","name":"Sodr\u00e9","image":{"@type":"ImageObject","inLanguage":"pt-BR","@id":"https:\/\/secure.gravatar.com\/avatar\/5ba2793f0590b9dbfad3fdec4ee714485b3eef211c9b32ee53d414060454a56c?s=96&d=mm&r=g","url":"https:\/\/secure.gravatar.com\/avatar\/5ba2793f0590b9dbfad3fdec4ee714485b3eef211c9b32ee53d414060454a56c?s=96&d=mm&r=g","contentUrl":"https:\/\/secure.gravatar.com\/avatar\/5ba2793f0590b9dbfad3fdec4ee714485b3eef211c9b32ee53d414060454a56c?s=96&d=mm&r=g","caption":"Sodr\u00e9"},"sameAs":["https:\/\/www.facebook.com\/carosroberto.sodre.5\/"],"url":"https:\/\/ubanews.com\/site\/author\/felipe\/"}]}},"_links":{"self":[{"href":"https:\/\/ubanews.com\/site\/wp-json\/wp\/v2\/posts\/8019","targetHints":{"allow":["GET"]}}],"collection":[{"href":"https:\/\/ubanews.com\/site\/wp-json\/wp\/v2\/posts"}],"about":[{"href":"https:\/\/ubanews.com\/site\/wp-json\/wp\/v2\/types\/post"}],"author":[{"embeddable":true,"href":"https:\/\/ubanews.com\/site\/wp-json\/wp\/v2\/users\/2"}],"replies":[{"embeddable":true,"href":"https:\/\/ubanews.com\/site\/wp-json\/wp\/v2\/comments?post=8019"}],"version-history":[{"count":0,"href":"https:\/\/ubanews.com\/site\/wp-json\/wp\/v2\/posts\/8019\/revisions"}],"wp:featuredmedia":[{"embeddable":true,"href":"https:\/\/ubanews.com\/site\/wp-json\/wp\/v2\/media\/8020"}],"wp:attachment":[{"href":"https:\/\/ubanews.com\/site\/wp-json\/wp\/v2\/media?parent=8019"}],"wp:term":[{"taxonomy":"category","embeddable":true,"href":"https:\/\/ubanews.com\/site\/wp-json\/wp\/v2\/categories?post=8019"},{"taxonomy":"post_tag","embeddable":true,"href":"https:\/\/ubanews.com\/site\/wp-json\/wp\/v2\/tags?post=8019"}],"curies":[{"name":"wp","href":"https:\/\/api.w.org\/{rel}","templated":true}]}}