{"id":7949,"date":"2018-10-05T10:27:56","date_gmt":"2018-10-05T13:27:56","guid":{"rendered":"http:\/\/ubanews.com\/site\/?p=7949"},"modified":"2018-10-05T10:27:56","modified_gmt":"2018-10-05T13:27:56","slug":"versao-de-testemunhas-leva-autor-preso-por-homicidio-realizado-no-interior-de-sua-residencia","status":"publish","type":"post","link":"https:\/\/ubanews.com\/site\/2018\/10\/05\/versao-de-testemunhas-leva-autor-preso-por-homicidio-realizado-no-interior-de-sua-residencia\/","title":{"rendered":"Vers\u00e3o de testemunhas leva autor preso por homic\u00eddio realizado no interior de sua resid\u00eancia"},"content":{"rendered":"<p>No dia 04 de outubro \u00e0s 22h30min a Pol\u00edcia Militar foi procurada por Ronaldo Santos de Lima de 26 anos, relatando que acabara de matar um homem no interior de sua resid\u00eancia, pois, deparou com ele tentando furtar seu celular, e que em seguida o cara passou a agredi-lo fisicamente com um peda\u00e7o de pau e para se defender utilizou de uma enxada e golpeou o homem na &#8220;cabe\u00e7a&#8221; que caiu no solo. Ronaldo acrescentou aos militares que o cara n\u00e3o o atingiu com as pauladas e que n\u00e3o o conhecia.<\/p>\n<p>Com estas informa\u00e7\u00f5es os militares foram at\u00e9 a resid\u00eancia de Ronaldo que fica na Rua Ad\u00e3o Eug\u00eanio&nbsp; em Divin\u00e9sia e localizaram a v\u00edtima Jos\u00e9 J\u00fanior da Silva de 30 anos, j\u00e1 sem os sinais vitais. A per\u00edcia t\u00e9cnica foi acionada e realizou os trabalhos de praxe, constatando quatro les\u00f5es na cabe\u00e7a da v\u00edtima, sendo uma na fronte direita e tr\u00eas atr\u00e1s da orelha direita, e constatou ainda que Jos\u00e9 foi golpeado quando estava deitado n\u00e3o sabendo precisar se j\u00e1 estava dormindo ou n\u00e3o. Na casa foi localizado um enxad\u00e3o com cabo pequeno sujo de sangue, enxad\u00e3o recolhido pelo perito. O corpo de Jos\u00e9 foi removido pela funer\u00e1ria de plant\u00e3o at\u00e9 o IML.<a href=\"https:\/\/ubanews.com\/site\/wp-content\/uploads\/2018\/08\/ELETRO-SENA-AUTOMOTIVA-2.jpg\"><img decoding=\"async\" class=\"alignnone size-full wp-image-7016 lazyload\" data-src=\"https:\/\/ubanews.com\/site\/wp-content\/uploads\/2018\/08\/ELETRO-SENA-AUTOMOTIVA-2.jpg\" alt=\"\" width=\"800\" height=\"264\" data-srcset=\"https:\/\/ubanews.com\/site\/wp-content\/uploads\/2018\/08\/ELETRO-SENA-AUTOMOTIVA-2.jpg 800w, https:\/\/ubanews.com\/site\/wp-content\/uploads\/2018\/08\/ELETRO-SENA-AUTOMOTIVA-2-300x99.jpg 300w, https:\/\/ubanews.com\/site\/wp-content\/uploads\/2018\/08\/ELETRO-SENA-AUTOMOTIVA-2-768x253.jpg 768w\" data-sizes=\"(max-width: 800px) 100vw, 800px\" src=\"data:image\/svg+xml;base64,PHN2ZyB3aWR0aD0iMSIgaGVpZ2h0PSIxIiB4bWxucz0iaHR0cDovL3d3dy53My5vcmcvMjAwMC9zdmciPjwvc3ZnPg==\" style=\"--smush-placeholder-width: 800px; --smush-placeholder-aspect-ratio: 800\/264;\" \/><\/a><\/p>\n<p>Em seguida os militares fizeram contato com algumas testemunhas que desmentiram a vers\u00e3o de Ronaldo esclarecendo que Ronaldo e Jos\u00e9 passaram o dia bebendo juntos, e ap\u00f3s foram at\u00e9 a resid\u00eancia de Ronaldo, onde se desentenderam. Questionado quanto aos fatos, Ronaldo assumiu a autoria do homic\u00eddio, dizendo que se desentendeu com a v\u00edtima, por causa de um celular, entrando em luta corporal com ele, vindo a deferir-lhe golpes de enxada.<\/p>\n<p>Ronaldo Santos de Lima foi preso por homic\u00eddio e conduzido at\u00e9 a Delegacia de Pol\u00edcia Civil.<\/p>\n<p><strong>A<\/strong><strong>SSESSORIA DE COMUNICA\u00c7\u00c3O ORGANIZACIONAL<\/strong><\/p>\n<p><strong><em>Vig\u00e9simo Primeiro Batalh\u00e3o de Pol\u00edcia Militar <\/em><\/strong><a href=\"https:\/\/ubanews.com\/site\/wp-content\/uploads\/2018\/09\/Auto-Films-3.jpg\"><img decoding=\"async\" class=\"alignnone size-full wp-image-7740 lazyload\" data-src=\"https:\/\/ubanews.com\/site\/wp-content\/uploads\/2018\/09\/Auto-Films-3.jpg\" alt=\"\" width=\"800\" height=\"200\" data-srcset=\"https:\/\/ubanews.com\/site\/wp-content\/uploads\/2018\/09\/Auto-Films-3.jpg 800w, https:\/\/ubanews.com\/site\/wp-content\/uploads\/2018\/09\/Auto-Films-3-300x75.jpg 300w, https:\/\/ubanews.com\/site\/wp-content\/uploads\/2018\/09\/Auto-Films-3-768x192.jpg 768w\" data-sizes=\"(max-width: 800px) 100vw, 800px\" src=\"data:image\/svg+xml;base64,PHN2ZyB3aWR0aD0iMSIgaGVpZ2h0PSIxIiB4bWxucz0iaHR0cDovL3d3dy53My5vcmcvMjAwMC9zdmciPjwvc3ZnPg==\" style=\"--smush-placeholder-width: 800px; --smush-placeholder-aspect-ratio: 800\/200;\" \/><\/a><\/p>\n","protected":false},"excerpt":{"rendered":"<p>No dia 04 de outubro \u00e0s 22h30min a Pol\u00edcia Militar<\/p>\n","protected":false},"author":2,"featured_media":7950,"comment_status":"open","ping_status":"open","sticky":false,"template":"","format":"standard","meta":{"footnotes":""},"categories":[13],"tags":[],"class_list":["post-7949","post","type-post","status-publish","format-standard","has-post-thumbnail","hentry","category-sintese-das-ocorrencias"],"yoast_head":"<!-- This site is optimized with the Yoast SEO plugin v27.2 - https:\/\/yoast.com\/product\/yoast-seo-wordpress\/ -->\n<title>Vers\u00e3o de testemunhas leva autor preso por homic\u00eddio realizado no interior de sua resid\u00eancia - Ub\u00e1 News<\/title>\n<meta name=\"robots\" content=\"index, follow, max-snippet:-1, max-image-preview:large, max-video-preview:-1\" \/>\n<link rel=\"canonical\" href=\"https:\/\/ubanews.com\/site\/2018\/10\/05\/versao-de-testemunhas-leva-autor-preso-por-homicidio-realizado-no-interior-de-sua-residencia\/\" \/>\n<meta property=\"og:locale\" content=\"pt_BR\" \/>\n<meta property=\"og:type\" content=\"article\" \/>\n<meta property=\"og:title\" content=\"Vers\u00e3o de testemunhas leva autor preso por homic\u00eddio realizado no interior de sua resid\u00eancia - Ub\u00e1 News\" \/>\n<meta property=\"og:description\" content=\"No dia 04 de outubro \u00e0s 22h30min a Pol\u00edcia Militar\" \/>\n<meta property=\"og:url\" content=\"https:\/\/ubanews.com\/site\/2018\/10\/05\/versao-de-testemunhas-leva-autor-preso-por-homicidio-realizado-no-interior-de-sua-residencia\/\" \/>\n<meta property=\"og:site_name\" content=\"Ub\u00e1 News\" \/>\n<meta property=\"article:publisher\" content=\"https:\/\/www.facebook.com\/Ub%c3%a1News-Carlos-Roberto-Sodr%c3%a9-418778301977370\" \/>\n<meta property=\"article:author\" content=\"https:\/\/www.facebook.com\/carosroberto.sodre.5\/\" \/>\n<meta property=\"article:published_time\" content=\"2018-10-05T13:27:56+00:00\" \/>\n<meta property=\"og:image\" content=\"https:\/\/ubanews.com\/site\/wp-content\/uploads\/2018\/10\/briga.jpg\" \/>\n\t<meta property=\"og:image:width\" content=\"800\" \/>\n\t<meta property=\"og:image:height\" content=\"389\" \/>\n\t<meta property=\"og:image:type\" content=\"image\/jpeg\" \/>\n<meta name=\"author\" content=\"Sodr\u00e9\" \/>\n<meta name=\"twitter:card\" content=\"summary_large_image\" \/>\n<meta name=\"twitter:label1\" content=\"Escrito por\" \/>\n\t<meta name=\"twitter:data1\" content=\"Sodr\u00e9\" \/>\n\t<meta name=\"twitter:label2\" content=\"Est. tempo de leitura\" \/>\n\t<meta name=\"twitter:data2\" content=\"2 minutos\" \/>\n<script type=\"application\/ld+json\" class=\"yoast-schema-graph\">{\"@context\":\"https:\/\/schema.org\",\"@graph\":[{\"@type\":\"Article\",\"@id\":\"https:\/\/ubanews.com\/site\/2018\/10\/05\/versao-de-testemunhas-leva-autor-preso-por-homicidio-realizado-no-interior-de-sua-residencia\/#article\",\"isPartOf\":{\"@id\":\"https:\/\/ubanews.com\/site\/2018\/10\/05\/versao-de-testemunhas-leva-autor-preso-por-homicidio-realizado-no-interior-de-sua-residencia\/\"},\"author\":{\"name\":\"Sodr\u00e9\",\"@id\":\"https:\/\/ubanews.com\/site\/#\/schema\/person\/d90c9e47252fbb63dcc969fe4c8b9d10\"},\"headline\":\"Vers\u00e3o de testemunhas leva autor preso por homic\u00eddio realizado no interior de sua resid\u00eancia\",\"datePublished\":\"2018-10-05T13:27:56+00:00\",\"mainEntityOfPage\":{\"@id\":\"https:\/\/ubanews.com\/site\/2018\/10\/05\/versao-de-testemunhas-leva-autor-preso-por-homicidio-realizado-no-interior-de-sua-residencia\/\"},\"wordCount\":353,\"commentCount\":0,\"publisher\":{\"@id\":\"https:\/\/ubanews.com\/site\/#organization\"},\"image\":{\"@id\":\"https:\/\/ubanews.com\/site\/2018\/10\/05\/versao-de-testemunhas-leva-autor-preso-por-homicidio-realizado-no-interior-de-sua-residencia\/#primaryimage\"},\"thumbnailUrl\":\"https:\/\/ubanews.com\/site\/wp-content\/uploads\/2018\/10\/briga.jpg\",\"articleSection\":[\"S\u00edntese das Ocorr\u00eancias\"],\"inLanguage\":\"pt-BR\",\"potentialAction\":[{\"@type\":\"CommentAction\",\"name\":\"Comment\",\"target\":[\"https:\/\/ubanews.com\/site\/2018\/10\/05\/versao-de-testemunhas-leva-autor-preso-por-homicidio-realizado-no-interior-de-sua-residencia\/#respond\"]}]},{\"@type\":\"WebPage\",\"@id\":\"https:\/\/ubanews.com\/site\/2018\/10\/05\/versao-de-testemunhas-leva-autor-preso-por-homicidio-realizado-no-interior-de-sua-residencia\/\",\"url\":\"https:\/\/ubanews.com\/site\/2018\/10\/05\/versao-de-testemunhas-leva-autor-preso-por-homicidio-realizado-no-interior-de-sua-residencia\/\",\"name\":\"Vers\u00e3o de testemunhas leva autor preso por homic\u00eddio realizado no interior de sua resid\u00eancia - Ub\u00e1 News\",\"isPartOf\":{\"@id\":\"https:\/\/ubanews.com\/site\/#website\"},\"primaryImageOfPage\":{\"@id\":\"https:\/\/ubanews.com\/site\/2018\/10\/05\/versao-de-testemunhas-leva-autor-preso-por-homicidio-realizado-no-interior-de-sua-residencia\/#primaryimage\"},\"image\":{\"@id\":\"https:\/\/ubanews.com\/site\/2018\/10\/05\/versao-de-testemunhas-leva-autor-preso-por-homicidio-realizado-no-interior-de-sua-residencia\/#primaryimage\"},\"thumbnailUrl\":\"https:\/\/ubanews.com\/site\/wp-content\/uploads\/2018\/10\/briga.jpg\",\"datePublished\":\"2018-10-05T13:27:56+00:00\",\"breadcrumb\":{\"@id\":\"https:\/\/ubanews.com\/site\/2018\/10\/05\/versao-de-testemunhas-leva-autor-preso-por-homicidio-realizado-no-interior-de-sua-residencia\/#breadcrumb\"},\"inLanguage\":\"pt-BR\",\"potentialAction\":[{\"@type\":\"ReadAction\",\"target\":[\"https:\/\/ubanews.com\/site\/2018\/10\/05\/versao-de-testemunhas-leva-autor-preso-por-homicidio-realizado-no-interior-de-sua-residencia\/\"]}]},{\"@type\":\"ImageObject\",\"inLanguage\":\"pt-BR\",\"@id\":\"https:\/\/ubanews.com\/site\/2018\/10\/05\/versao-de-testemunhas-leva-autor-preso-por-homicidio-realizado-no-interior-de-sua-residencia\/#primaryimage\",\"url\":\"https:\/\/ubanews.com\/site\/wp-content\/uploads\/2018\/10\/briga.jpg\",\"contentUrl\":\"https:\/\/ubanews.com\/site\/wp-content\/uploads\/2018\/10\/briga.jpg\",\"width\":800,\"height\":389},{\"@type\":\"BreadcrumbList\",\"@id\":\"https:\/\/ubanews.com\/site\/2018\/10\/05\/versao-de-testemunhas-leva-autor-preso-por-homicidio-realizado-no-interior-de-sua-residencia\/#breadcrumb\",\"itemListElement\":[{\"@type\":\"ListItem\",\"position\":1,\"name\":\"Home\",\"item\":\"https:\/\/ubanews.com\/site\/\"},{\"@type\":\"ListItem\",\"position\":2,\"name\":\"Vers\u00e3o de testemunhas leva autor preso por homic\u00eddio realizado no interior de sua resid\u00eancia\"}]},{\"@type\":\"WebSite\",\"@id\":\"https:\/\/ubanews.com\/site\/#website\",\"url\":\"https:\/\/ubanews.com\/site\/\",\"name\":\"Ub\u00e1 News\",\"description\":\"\",\"publisher\":{\"@id\":\"https:\/\/ubanews.com\/site\/#organization\"},\"potentialAction\":[{\"@type\":\"SearchAction\",\"target\":{\"@type\":\"EntryPoint\",\"urlTemplate\":\"https:\/\/ubanews.com\/site\/?s={search_term_string}\"},\"query-input\":{\"@type\":\"PropertyValueSpecification\",\"valueRequired\":true,\"valueName\":\"search_term_string\"}}],\"inLanguage\":\"pt-BR\"},{\"@type\":\"Organization\",\"@id\":\"https:\/\/ubanews.com\/site\/#organization\",\"name\":\"Ub\u00e1 News\",\"url\":\"https:\/\/ubanews.com\/site\/\",\"logo\":{\"@type\":\"ImageObject\",\"inLanguage\":\"pt-BR\",\"@id\":\"https:\/\/ubanews.com\/site\/#\/schema\/logo\/image\/\",\"url\":\"https:\/\/ubanews.com\/site\/wp-content\/uploads\/2018\/01\/logoubanews.png\",\"contentUrl\":\"https:\/\/ubanews.com\/site\/wp-content\/uploads\/2018\/01\/logoubanews.png\",\"width\":261,\"height\":99,\"caption\":\"Ub\u00e1 News\"},\"image\":{\"@id\":\"https:\/\/ubanews.com\/site\/#\/schema\/logo\/image\/\"},\"sameAs\":[\"https:\/\/www.facebook.com\/Ub\u00e1News-Carlos-Roberto-Sodr\u00e9-418778301977370\"]},{\"@type\":\"Person\",\"@id\":\"https:\/\/ubanews.com\/site\/#\/schema\/person\/d90c9e47252fbb63dcc969fe4c8b9d10\",\"name\":\"Sodr\u00e9\",\"image\":{\"@type\":\"ImageObject\",\"inLanguage\":\"pt-BR\",\"@id\":\"https:\/\/secure.gravatar.com\/avatar\/5ba2793f0590b9dbfad3fdec4ee714485b3eef211c9b32ee53d414060454a56c?s=96&d=mm&r=g\",\"url\":\"https:\/\/secure.gravatar.com\/avatar\/5ba2793f0590b9dbfad3fdec4ee714485b3eef211c9b32ee53d414060454a56c?s=96&d=mm&r=g\",\"contentUrl\":\"https:\/\/secure.gravatar.com\/avatar\/5ba2793f0590b9dbfad3fdec4ee714485b3eef211c9b32ee53d414060454a56c?s=96&d=mm&r=g\",\"caption\":\"Sodr\u00e9\"},\"sameAs\":[\"https:\/\/www.facebook.com\/carosroberto.sodre.5\/\"],\"url\":\"https:\/\/ubanews.com\/site\/author\/felipe\/\"}]}<\/script>\n<!-- \/ Yoast SEO plugin. -->","yoast_head_json":{"title":"Vers\u00e3o de testemunhas leva autor preso por homic\u00eddio realizado no interior de sua resid\u00eancia - Ub\u00e1 News","robots":{"index":"index","follow":"follow","max-snippet":"max-snippet:-1","max-image-preview":"max-image-preview:large","max-video-preview":"max-video-preview:-1"},"canonical":"https:\/\/ubanews.com\/site\/2018\/10\/05\/versao-de-testemunhas-leva-autor-preso-por-homicidio-realizado-no-interior-de-sua-residencia\/","og_locale":"pt_BR","og_type":"article","og_title":"Vers\u00e3o de testemunhas leva autor preso por homic\u00eddio realizado no interior de sua resid\u00eancia - Ub\u00e1 News","og_description":"No dia 04 de outubro \u00e0s 22h30min a Pol\u00edcia Militar","og_url":"https:\/\/ubanews.com\/site\/2018\/10\/05\/versao-de-testemunhas-leva-autor-preso-por-homicidio-realizado-no-interior-de-sua-residencia\/","og_site_name":"Ub\u00e1 News","article_publisher":"https:\/\/www.facebook.com\/Ub%c3%a1News-Carlos-Roberto-Sodr%c3%a9-418778301977370","article_author":"https:\/\/www.facebook.com\/carosroberto.sodre.5\/","article_published_time":"2018-10-05T13:27:56+00:00","og_image":[{"width":800,"height":389,"url":"https:\/\/ubanews.com\/site\/wp-content\/uploads\/2018\/10\/briga.jpg","type":"image\/jpeg"}],"author":"Sodr\u00e9","twitter_card":"summary_large_image","twitter_misc":{"Escrito por":"Sodr\u00e9","Est. tempo de leitura":"2 minutos"},"schema":{"@context":"https:\/\/schema.org","@graph":[{"@type":"Article","@id":"https:\/\/ubanews.com\/site\/2018\/10\/05\/versao-de-testemunhas-leva-autor-preso-por-homicidio-realizado-no-interior-de-sua-residencia\/#article","isPartOf":{"@id":"https:\/\/ubanews.com\/site\/2018\/10\/05\/versao-de-testemunhas-leva-autor-preso-por-homicidio-realizado-no-interior-de-sua-residencia\/"},"author":{"name":"Sodr\u00e9","@id":"https:\/\/ubanews.com\/site\/#\/schema\/person\/d90c9e47252fbb63dcc969fe4c8b9d10"},"headline":"Vers\u00e3o de testemunhas leva autor preso por homic\u00eddio realizado no interior de sua resid\u00eancia","datePublished":"2018-10-05T13:27:56+00:00","mainEntityOfPage":{"@id":"https:\/\/ubanews.com\/site\/2018\/10\/05\/versao-de-testemunhas-leva-autor-preso-por-homicidio-realizado-no-interior-de-sua-residencia\/"},"wordCount":353,"commentCount":0,"publisher":{"@id":"https:\/\/ubanews.com\/site\/#organization"},"image":{"@id":"https:\/\/ubanews.com\/site\/2018\/10\/05\/versao-de-testemunhas-leva-autor-preso-por-homicidio-realizado-no-interior-de-sua-residencia\/#primaryimage"},"thumbnailUrl":"https:\/\/ubanews.com\/site\/wp-content\/uploads\/2018\/10\/briga.jpg","articleSection":["S\u00edntese das Ocorr\u00eancias"],"inLanguage":"pt-BR","potentialAction":[{"@type":"CommentAction","name":"Comment","target":["https:\/\/ubanews.com\/site\/2018\/10\/05\/versao-de-testemunhas-leva-autor-preso-por-homicidio-realizado-no-interior-de-sua-residencia\/#respond"]}]},{"@type":"WebPage","@id":"https:\/\/ubanews.com\/site\/2018\/10\/05\/versao-de-testemunhas-leva-autor-preso-por-homicidio-realizado-no-interior-de-sua-residencia\/","url":"https:\/\/ubanews.com\/site\/2018\/10\/05\/versao-de-testemunhas-leva-autor-preso-por-homicidio-realizado-no-interior-de-sua-residencia\/","name":"Vers\u00e3o de testemunhas leva autor preso por homic\u00eddio realizado no interior de sua resid\u00eancia - Ub\u00e1 News","isPartOf":{"@id":"https:\/\/ubanews.com\/site\/#website"},"primaryImageOfPage":{"@id":"https:\/\/ubanews.com\/site\/2018\/10\/05\/versao-de-testemunhas-leva-autor-preso-por-homicidio-realizado-no-interior-de-sua-residencia\/#primaryimage"},"image":{"@id":"https:\/\/ubanews.com\/site\/2018\/10\/05\/versao-de-testemunhas-leva-autor-preso-por-homicidio-realizado-no-interior-de-sua-residencia\/#primaryimage"},"thumbnailUrl":"https:\/\/ubanews.com\/site\/wp-content\/uploads\/2018\/10\/briga.jpg","datePublished":"2018-10-05T13:27:56+00:00","breadcrumb":{"@id":"https:\/\/ubanews.com\/site\/2018\/10\/05\/versao-de-testemunhas-leva-autor-preso-por-homicidio-realizado-no-interior-de-sua-residencia\/#breadcrumb"},"inLanguage":"pt-BR","potentialAction":[{"@type":"ReadAction","target":["https:\/\/ubanews.com\/site\/2018\/10\/05\/versao-de-testemunhas-leva-autor-preso-por-homicidio-realizado-no-interior-de-sua-residencia\/"]}]},{"@type":"ImageObject","inLanguage":"pt-BR","@id":"https:\/\/ubanews.com\/site\/2018\/10\/05\/versao-de-testemunhas-leva-autor-preso-por-homicidio-realizado-no-interior-de-sua-residencia\/#primaryimage","url":"https:\/\/ubanews.com\/site\/wp-content\/uploads\/2018\/10\/briga.jpg","contentUrl":"https:\/\/ubanews.com\/site\/wp-content\/uploads\/2018\/10\/briga.jpg","width":800,"height":389},{"@type":"BreadcrumbList","@id":"https:\/\/ubanews.com\/site\/2018\/10\/05\/versao-de-testemunhas-leva-autor-preso-por-homicidio-realizado-no-interior-de-sua-residencia\/#breadcrumb","itemListElement":[{"@type":"ListItem","position":1,"name":"Home","item":"https:\/\/ubanews.com\/site\/"},{"@type":"ListItem","position":2,"name":"Vers\u00e3o de testemunhas leva autor preso por homic\u00eddio realizado no interior de sua resid\u00eancia"}]},{"@type":"WebSite","@id":"https:\/\/ubanews.com\/site\/#website","url":"https:\/\/ubanews.com\/site\/","name":"Ub\u00e1 News","description":"","publisher":{"@id":"https:\/\/ubanews.com\/site\/#organization"},"potentialAction":[{"@type":"SearchAction","target":{"@type":"EntryPoint","urlTemplate":"https:\/\/ubanews.com\/site\/?s={search_term_string}"},"query-input":{"@type":"PropertyValueSpecification","valueRequired":true,"valueName":"search_term_string"}}],"inLanguage":"pt-BR"},{"@type":"Organization","@id":"https:\/\/ubanews.com\/site\/#organization","name":"Ub\u00e1 News","url":"https:\/\/ubanews.com\/site\/","logo":{"@type":"ImageObject","inLanguage":"pt-BR","@id":"https:\/\/ubanews.com\/site\/#\/schema\/logo\/image\/","url":"https:\/\/ubanews.com\/site\/wp-content\/uploads\/2018\/01\/logoubanews.png","contentUrl":"https:\/\/ubanews.com\/site\/wp-content\/uploads\/2018\/01\/logoubanews.png","width":261,"height":99,"caption":"Ub\u00e1 News"},"image":{"@id":"https:\/\/ubanews.com\/site\/#\/schema\/logo\/image\/"},"sameAs":["https:\/\/www.facebook.com\/Ub\u00e1News-Carlos-Roberto-Sodr\u00e9-418778301977370"]},{"@type":"Person","@id":"https:\/\/ubanews.com\/site\/#\/schema\/person\/d90c9e47252fbb63dcc969fe4c8b9d10","name":"Sodr\u00e9","image":{"@type":"ImageObject","inLanguage":"pt-BR","@id":"https:\/\/secure.gravatar.com\/avatar\/5ba2793f0590b9dbfad3fdec4ee714485b3eef211c9b32ee53d414060454a56c?s=96&d=mm&r=g","url":"https:\/\/secure.gravatar.com\/avatar\/5ba2793f0590b9dbfad3fdec4ee714485b3eef211c9b32ee53d414060454a56c?s=96&d=mm&r=g","contentUrl":"https:\/\/secure.gravatar.com\/avatar\/5ba2793f0590b9dbfad3fdec4ee714485b3eef211c9b32ee53d414060454a56c?s=96&d=mm&r=g","caption":"Sodr\u00e9"},"sameAs":["https:\/\/www.facebook.com\/carosroberto.sodre.5\/"],"url":"https:\/\/ubanews.com\/site\/author\/felipe\/"}]}},"_links":{"self":[{"href":"https:\/\/ubanews.com\/site\/wp-json\/wp\/v2\/posts\/7949","targetHints":{"allow":["GET"]}}],"collection":[{"href":"https:\/\/ubanews.com\/site\/wp-json\/wp\/v2\/posts"}],"about":[{"href":"https:\/\/ubanews.com\/site\/wp-json\/wp\/v2\/types\/post"}],"author":[{"embeddable":true,"href":"https:\/\/ubanews.com\/site\/wp-json\/wp\/v2\/users\/2"}],"replies":[{"embeddable":true,"href":"https:\/\/ubanews.com\/site\/wp-json\/wp\/v2\/comments?post=7949"}],"version-history":[{"count":0,"href":"https:\/\/ubanews.com\/site\/wp-json\/wp\/v2\/posts\/7949\/revisions"}],"wp:featuredmedia":[{"embeddable":true,"href":"https:\/\/ubanews.com\/site\/wp-json\/wp\/v2\/media\/7950"}],"wp:attachment":[{"href":"https:\/\/ubanews.com\/site\/wp-json\/wp\/v2\/media?parent=7949"}],"wp:term":[{"taxonomy":"category","embeddable":true,"href":"https:\/\/ubanews.com\/site\/wp-json\/wp\/v2\/categories?post=7949"},{"taxonomy":"post_tag","embeddable":true,"href":"https:\/\/ubanews.com\/site\/wp-json\/wp\/v2\/tags?post=7949"}],"curies":[{"name":"wp","href":"https:\/\/api.w.org\/{rel}","templated":true}]}}