{"id":7905,"date":"2018-10-04T19:27:58","date_gmt":"2018-10-04T22:27:58","guid":{"rendered":"http:\/\/ubanews.com\/site\/?p=7905"},"modified":"2018-10-19T10:56:41","modified_gmt":"2018-10-19T13:56:41","slug":"bispo-de-leopoldina-em-visita-pastoral-e-recebido-pelo-poder-legislativo","status":"publish","type":"post","link":"https:\/\/ubanews.com\/site\/2018\/10\/04\/bispo-de-leopoldina-em-visita-pastoral-e-recebido-pelo-poder-legislativo\/","title":{"rendered":"BISPO DE LEOPOLDINA EM VISITA PASTORAL \u00c9 RECEBIDO PELO PODER LEGISLATIVO"},"content":{"rendered":"<p><a href=\"https:\/\/ubanews.com\/site\/wp-content\/uploads\/2018\/10\/DSC8903.jpg\"><img decoding=\"async\" class=\"alignnone size-medium wp-image-7903 lazyload\" data-src=\"https:\/\/ubanews.com\/site\/wp-content\/uploads\/2018\/10\/DSC8903-300x171.jpg\" alt=\"\" width=\"300\" height=\"171\" data-srcset=\"https:\/\/ubanews.com\/site\/wp-content\/uploads\/2018\/10\/DSC8903-300x171.jpg 300w, https:\/\/ubanews.com\/site\/wp-content\/uploads\/2018\/10\/DSC8903-768x439.jpg 768w, https:\/\/ubanews.com\/site\/wp-content\/uploads\/2018\/10\/DSC8903.jpg 800w\" data-sizes=\"(max-width: 300px) 100vw, 300px\" src=\"data:image\/svg+xml;base64,PHN2ZyB3aWR0aD0iMSIgaGVpZ2h0PSIxIiB4bWxucz0iaHR0cDovL3d3dy53My5vcmcvMjAwMC9zdmciPjwvc3ZnPg==\" style=\"--smush-placeholder-width: 300px; --smush-placeholder-aspect-ratio: 300\/171;\" \/><\/a> <a href=\"https:\/\/ubanews.com\/site\/wp-content\/uploads\/2018\/10\/DSC8963-copiar.jpg\"><img decoding=\"async\" class=\"alignnone size-medium wp-image-7902 lazyload\" data-src=\"https:\/\/ubanews.com\/site\/wp-content\/uploads\/2018\/10\/DSC8963-copiar-300x171.jpg\" alt=\"\" width=\"300\" height=\"171\" data-srcset=\"https:\/\/ubanews.com\/site\/wp-content\/uploads\/2018\/10\/DSC8963-copiar-300x171.jpg 300w, https:\/\/ubanews.com\/site\/wp-content\/uploads\/2018\/10\/DSC8963-copiar-768x439.jpg 768w, https:\/\/ubanews.com\/site\/wp-content\/uploads\/2018\/10\/DSC8963-copiar.jpg 800w\" data-sizes=\"(max-width: 300px) 100vw, 300px\" src=\"data:image\/svg+xml;base64,PHN2ZyB3aWR0aD0iMSIgaGVpZ2h0PSIxIiB4bWxucz0iaHR0cDovL3d3dy53My5vcmcvMjAwMC9zdmciPjwvc3ZnPg==\" style=\"--smush-placeholder-width: 300px; --smush-placeholder-aspect-ratio: 300\/171;\" \/><\/a> <a href=\"https:\/\/ubanews.com\/site\/wp-content\/uploads\/2018\/10\/DSC8945-copiar.jpg\"><img decoding=\"async\" class=\"alignnone size-medium wp-image-7901 lazyload\" data-src=\"https:\/\/ubanews.com\/site\/wp-content\/uploads\/2018\/10\/DSC8945-copiar-300x171.jpg\" alt=\"\" width=\"300\" height=\"171\" data-srcset=\"https:\/\/ubanews.com\/site\/wp-content\/uploads\/2018\/10\/DSC8945-copiar-300x171.jpg 300w, https:\/\/ubanews.com\/site\/wp-content\/uploads\/2018\/10\/DSC8945-copiar-768x439.jpg 768w, https:\/\/ubanews.com\/site\/wp-content\/uploads\/2018\/10\/DSC8945-copiar.jpg 800w\" data-sizes=\"(max-width: 300px) 100vw, 300px\" src=\"data:image\/svg+xml;base64,PHN2ZyB3aWR0aD0iMSIgaGVpZ2h0PSIxIiB4bWxucz0iaHR0cDovL3d3dy53My5vcmcvMjAwMC9zdmciPjwvc3ZnPg==\" style=\"--smush-placeholder-width: 300px; --smush-placeholder-aspect-ratio: 300\/171;\" \/><\/a> <a href=\"https:\/\/ubanews.com\/site\/wp-content\/uploads\/2018\/10\/DSC8935-copiar.jpg\"><img decoding=\"async\" class=\"alignnone size-medium wp-image-7900 lazyload\" data-src=\"https:\/\/ubanews.com\/site\/wp-content\/uploads\/2018\/10\/DSC8935-copiar-300x171.jpg\" alt=\"\" width=\"300\" height=\"171\" data-srcset=\"https:\/\/ubanews.com\/site\/wp-content\/uploads\/2018\/10\/DSC8935-copiar-300x171.jpg 300w, https:\/\/ubanews.com\/site\/wp-content\/uploads\/2018\/10\/DSC8935-copiar-768x439.jpg 768w, https:\/\/ubanews.com\/site\/wp-content\/uploads\/2018\/10\/DSC8935-copiar.jpg 800w\" data-sizes=\"(max-width: 300px) 100vw, 300px\" src=\"data:image\/svg+xml;base64,PHN2ZyB3aWR0aD0iMSIgaGVpZ2h0PSIxIiB4bWxucz0iaHR0cDovL3d3dy53My5vcmcvMjAwMC9zdmciPjwvc3ZnPg==\" style=\"--smush-placeholder-width: 300px; --smush-placeholder-aspect-ratio: 300\/171;\" \/><\/a> <a href=\"https:\/\/ubanews.com\/site\/wp-content\/uploads\/2018\/10\/DSC8927-copiar.jpg\"><img decoding=\"async\" class=\"alignnone size-medium wp-image-7899 lazyload\" data-src=\"https:\/\/ubanews.com\/site\/wp-content\/uploads\/2018\/10\/DSC8927-copiar-300x171.jpg\" alt=\"\" width=\"300\" height=\"171\" data-srcset=\"https:\/\/ubanews.com\/site\/wp-content\/uploads\/2018\/10\/DSC8927-copiar-300x171.jpg 300w, https:\/\/ubanews.com\/site\/wp-content\/uploads\/2018\/10\/DSC8927-copiar-768x439.jpg 768w, https:\/\/ubanews.com\/site\/wp-content\/uploads\/2018\/10\/DSC8927-copiar.jpg 800w\" data-sizes=\"(max-width: 300px) 100vw, 300px\" src=\"data:image\/svg+xml;base64,PHN2ZyB3aWR0aD0iMSIgaGVpZ2h0PSIxIiB4bWxucz0iaHR0cDovL3d3dy53My5vcmcvMjAwMC9zdmciPjwvc3ZnPg==\" style=\"--smush-placeholder-width: 300px; --smush-placeholder-aspect-ratio: 300\/171;\" \/><\/a> <a href=\"https:\/\/ubanews.com\/site\/wp-content\/uploads\/2018\/10\/DSC8913-copiar.jpg\"><img decoding=\"async\" class=\"alignnone size-medium wp-image-7898 lazyload\" data-src=\"https:\/\/ubanews.com\/site\/wp-content\/uploads\/2018\/10\/DSC8913-copiar-300x171.jpg\" alt=\"\" width=\"300\" height=\"171\" data-srcset=\"https:\/\/ubanews.com\/site\/wp-content\/uploads\/2018\/10\/DSC8913-copiar-300x171.jpg 300w, https:\/\/ubanews.com\/site\/wp-content\/uploads\/2018\/10\/DSC8913-copiar-768x439.jpg 768w, https:\/\/ubanews.com\/site\/wp-content\/uploads\/2018\/10\/DSC8913-copiar.jpg 800w\" data-sizes=\"(max-width: 300px) 100vw, 300px\" src=\"data:image\/svg+xml;base64,PHN2ZyB3aWR0aD0iMSIgaGVpZ2h0PSIxIiB4bWxucz0iaHR0cDovL3d3dy53My5vcmcvMjAwMC9zdmciPjwvc3ZnPg==\" style=\"--smush-placeholder-width: 300px; --smush-placeholder-aspect-ratio: 300\/171;\" \/><\/a><\/p>\n<p>O Bispo Diocesano de Leopoldina Dom Jos\u00e9 Eudes Campos, realizou visita pastoral \u00e0 Igreja Matriz de S\u00e3o Janu\u00e1rio, nesta quinta-feira (04). \u00c0s 14h e 30min ele foi recebido no Plen\u00e1rio da C\u00e2mara Municipal, onde conversou com alguns vereadores, p\u00fablico cat\u00f3lico e funcion\u00e1rios da casa. Segundo o pr\u00f3prio bispo, visitar a C\u00e2mara Municipal de Ub\u00e1 nesta data, vai muito al\u00e9m da proximidade de sua visita \u00e0 Igreja do Padroeiro S\u00e3o Janu\u00e1rio, \u00e9 tamb\u00e9m uma obriga\u00e7\u00e3o do respons\u00e1vel para um Bispo Diocesano.<a href=\"https:\/\/ubanews.com\/site\/wp-content\/uploads\/2018\/08\/ELETRO-SENA-AUTOMOTIVA-2.jpg\"><img decoding=\"async\" class=\"alignnone wp-image-7016 size-full lazyload\" data-src=\"https:\/\/ubanews.com\/site\/wp-content\/uploads\/2018\/08\/ELETRO-SENA-AUTOMOTIVA-2.jpg\" alt=\"\" width=\"800\" height=\"264\" data-srcset=\"https:\/\/ubanews.com\/site\/wp-content\/uploads\/2018\/08\/ELETRO-SENA-AUTOMOTIVA-2.jpg 800w, https:\/\/ubanews.com\/site\/wp-content\/uploads\/2018\/08\/ELETRO-SENA-AUTOMOTIVA-2-300x99.jpg 300w, https:\/\/ubanews.com\/site\/wp-content\/uploads\/2018\/08\/ELETRO-SENA-AUTOMOTIVA-2-768x253.jpg 768w\" data-sizes=\"(max-width: 800px) 100vw, 800px\" src=\"data:image\/svg+xml;base64,PHN2ZyB3aWR0aD0iMSIgaGVpZ2h0PSIxIiB4bWxucz0iaHR0cDovL3d3dy53My5vcmcvMjAwMC9zdmciPjwvc3ZnPg==\" style=\"--smush-placeholder-width: 800px; --smush-placeholder-aspect-ratio: 800\/264;\" \/><\/a><\/p>\n<p>A Presidente da C\u00e2mara Municipal de Ub\u00e1 Ros\u00e2ngela Alfenas enfatizou a import\u00e2ncia da visita do bispo, destacando, inclusive, que de acordo com os registros da casa de leis n\u00e3o h\u00e1 nenhuma anota\u00e7\u00e3o da presen\u00e7a de uma autoridade desse n\u00edvel, representando \u00e0 igreja.<\/p>\n<div style=\"position: relative; height: 0; padding-bottom: 56.25%;\"><iframe style=\"position: absolute; width: 100%; height: 100%; left: 0;\" data-src=\"https:\/\/www.youtube.com\/embed\/sBodc3tFZRA?ecver=2\" width=\"640\" height=\"360\" frameborder=\"0\" allowfullscreen=\"allowfullscreen\" src=\"data:image\/svg+xml;base64,PHN2ZyB3aWR0aD0iMSIgaGVpZ2h0PSIxIiB4bWxucz0iaHR0cDovL3d3dy53My5vcmcvMjAwMC9zdmciPjwvc3ZnPg==\" class=\"lazyload\" data-load-mode=\"1\"><\/iframe><\/div>\n<div>&nbsp;<\/div>\n<div style=\"position: relative; height: 0; padding-bottom: 56.25%;\"><iframe style=\"position: absolute; width: 100%; height: 100%; left: 0;\" data-src=\"https:\/\/www.youtube.com\/embed\/3i6FU4uHiBw?ecver=2\" width=\"640\" height=\"360\" frameborder=\"0\" allowfullscreen=\"allowfullscreen\" src=\"data:image\/svg+xml;base64,PHN2ZyB3aWR0aD0iMSIgaGVpZ2h0PSIxIiB4bWxucz0iaHR0cDovL3d3dy53My5vcmcvMjAwMC9zdmciPjwvc3ZnPg==\" class=\"lazyload\" data-load-mode=\"1\"><\/iframe><\/div>\n<div>&nbsp;<\/div>\n<div style=\"position: relative; height: 0; padding-bottom: 56.25%;\"><iframe style=\"position: absolute; width: 100%; height: 100%; left: 0;\" data-src=\"https:\/\/www.youtube.com\/embed\/PGqqKDtrCJI?ecver=2\" width=\"640\" height=\"360\" frameborder=\"0\" allowfullscreen=\"allowfullscreen\" src=\"data:image\/svg+xml;base64,PHN2ZyB3aWR0aD0iMSIgaGVpZ2h0PSIxIiB4bWxucz0iaHR0cDovL3d3dy53My5vcmcvMjAwMC9zdmciPjwvc3ZnPg==\" class=\"lazyload\" data-load-mode=\"1\"><\/iframe><\/div>\n<p><img decoding=\"async\" class=\"alignnone wp-image-7740 size-full lazyload\" data-src=\"https:\/\/ubanews.com\/site\/wp-content\/uploads\/2018\/09\/Auto-Films-3.jpg\" alt=\"\" width=\"800\" height=\"200\" data-srcset=\"https:\/\/ubanews.com\/site\/wp-content\/uploads\/2018\/09\/Auto-Films-3.jpg 800w, https:\/\/ubanews.com\/site\/wp-content\/uploads\/2018\/09\/Auto-Films-3-300x75.jpg 300w, https:\/\/ubanews.com\/site\/wp-content\/uploads\/2018\/09\/Auto-Films-3-768x192.jpg 768w\" data-sizes=\"(max-width: 800px) 100vw, 800px\" src=\"data:image\/svg+xml;base64,PHN2ZyB3aWR0aD0iMSIgaGVpZ2h0PSIxIiB4bWxucz0iaHR0cDovL3d3dy53My5vcmcvMjAwMC9zdmciPjwvc3ZnPg==\" style=\"--smush-placeholder-width: 800px; --smush-placeholder-aspect-ratio: 800\/200;\" \/><\/p>\n","protected":false},"excerpt":{"rendered":"<p>O Bispo Diocesano de Leopoldina Dom Jos\u00e9 Eudes Campos, realizou<\/p>\n","protected":false},"author":2,"featured_media":7897,"comment_status":"open","ping_status":"open","sticky":false,"template":"","format":"standard","meta":{"footnotes":""},"categories":[16],"tags":[],"class_list":["post-7905","post","type-post","status-publish","format-standard","has-post-thumbnail","hentry","category-camara-municipal"],"yoast_head":"<!-- This site is optimized with the Yoast SEO plugin v27.2 - https:\/\/yoast.com\/product\/yoast-seo-wordpress\/ -->\n<title>BISPO DE LEOPOLDINA EM VISITA PASTORAL \u00c9 RECEBIDO PELO PODER LEGISLATIVO - Ub\u00e1 News<\/title>\n<meta name=\"robots\" content=\"index, follow, max-snippet:-1, max-image-preview:large, max-video-preview:-1\" \/>\n<link rel=\"canonical\" href=\"https:\/\/ubanews.com\/site\/2018\/10\/04\/bispo-de-leopoldina-em-visita-pastoral-e-recebido-pelo-poder-legislativo\/\" \/>\n<meta property=\"og:locale\" content=\"pt_BR\" \/>\n<meta property=\"og:type\" content=\"article\" \/>\n<meta property=\"og:title\" content=\"BISPO DE LEOPOLDINA EM VISITA PASTORAL \u00c9 RECEBIDO PELO PODER LEGISLATIVO - Ub\u00e1 News\" \/>\n<meta property=\"og:description\" content=\"O Bispo Diocesano de Leopoldina Dom Jos\u00e9 Eudes Campos, realizou\" \/>\n<meta property=\"og:url\" content=\"https:\/\/ubanews.com\/site\/2018\/10\/04\/bispo-de-leopoldina-em-visita-pastoral-e-recebido-pelo-poder-legislativo\/\" \/>\n<meta property=\"og:site_name\" content=\"Ub\u00e1 News\" \/>\n<meta property=\"article:publisher\" content=\"https:\/\/www.facebook.com\/Ub%c3%a1News-Carlos-Roberto-Sodr%c3%a9-418778301977370\" \/>\n<meta property=\"article:author\" content=\"https:\/\/www.facebook.com\/carosroberto.sodre.5\/\" \/>\n<meta property=\"article:published_time\" content=\"2018-10-04T22:27:58+00:00\" \/>\n<meta property=\"article:modified_time\" content=\"2018-10-19T13:56:41+00:00\" \/>\n<meta property=\"og:image\" content=\"https:\/\/ubanews.com\/site\/wp-content\/uploads\/2018\/10\/DSC8905-copiar.jpg\" \/>\n\t<meta property=\"og:image:width\" content=\"800\" \/>\n\t<meta property=\"og:image:height\" content=\"389\" \/>\n\t<meta property=\"og:image:type\" content=\"image\/jpeg\" \/>\n<meta name=\"author\" content=\"Sodr\u00e9\" \/>\n<meta name=\"twitter:card\" content=\"summary_large_image\" \/>\n<meta name=\"twitter:label1\" content=\"Escrito por\" \/>\n\t<meta name=\"twitter:data1\" content=\"Sodr\u00e9\" \/>\n\t<meta name=\"twitter:label2\" content=\"Est. tempo de leitura\" \/>\n\t<meta name=\"twitter:data2\" content=\"1 minuto\" \/>\n<script type=\"application\/ld+json\" class=\"yoast-schema-graph\">{\"@context\":\"https:\/\/schema.org\",\"@graph\":[{\"@type\":\"Article\",\"@id\":\"https:\/\/ubanews.com\/site\/2018\/10\/04\/bispo-de-leopoldina-em-visita-pastoral-e-recebido-pelo-poder-legislativo\/#article\",\"isPartOf\":{\"@id\":\"https:\/\/ubanews.com\/site\/2018\/10\/04\/bispo-de-leopoldina-em-visita-pastoral-e-recebido-pelo-poder-legislativo\/\"},\"author\":{\"name\":\"Sodr\u00e9\",\"@id\":\"https:\/\/ubanews.com\/site\/#\/schema\/person\/d90c9e47252fbb63dcc969fe4c8b9d10\"},\"headline\":\"BISPO DE LEOPOLDINA EM VISITA PASTORAL \u00c9 RECEBIDO PELO PODER LEGISLATIVO\",\"datePublished\":\"2018-10-04T22:27:58+00:00\",\"dateModified\":\"2018-10-19T13:56:41+00:00\",\"mainEntityOfPage\":{\"@id\":\"https:\/\/ubanews.com\/site\/2018\/10\/04\/bispo-de-leopoldina-em-visita-pastoral-e-recebido-pelo-poder-legislativo\/\"},\"wordCount\":151,\"commentCount\":0,\"publisher\":{\"@id\":\"https:\/\/ubanews.com\/site\/#organization\"},\"image\":{\"@id\":\"https:\/\/ubanews.com\/site\/2018\/10\/04\/bispo-de-leopoldina-em-visita-pastoral-e-recebido-pelo-poder-legislativo\/#primaryimage\"},\"thumbnailUrl\":\"https:\/\/ubanews.com\/site\/wp-content\/uploads\/2018\/10\/DSC8905-copiar.jpg\",\"articleSection\":[\"C\u00e2mara Municipal\"],\"inLanguage\":\"pt-BR\",\"potentialAction\":[{\"@type\":\"CommentAction\",\"name\":\"Comment\",\"target\":[\"https:\/\/ubanews.com\/site\/2018\/10\/04\/bispo-de-leopoldina-em-visita-pastoral-e-recebido-pelo-poder-legislativo\/#respond\"]}]},{\"@type\":\"WebPage\",\"@id\":\"https:\/\/ubanews.com\/site\/2018\/10\/04\/bispo-de-leopoldina-em-visita-pastoral-e-recebido-pelo-poder-legislativo\/\",\"url\":\"https:\/\/ubanews.com\/site\/2018\/10\/04\/bispo-de-leopoldina-em-visita-pastoral-e-recebido-pelo-poder-legislativo\/\",\"name\":\"BISPO DE LEOPOLDINA EM VISITA PASTORAL \u00c9 RECEBIDO PELO PODER LEGISLATIVO - Ub\u00e1 News\",\"isPartOf\":{\"@id\":\"https:\/\/ubanews.com\/site\/#website\"},\"primaryImageOfPage\":{\"@id\":\"https:\/\/ubanews.com\/site\/2018\/10\/04\/bispo-de-leopoldina-em-visita-pastoral-e-recebido-pelo-poder-legislativo\/#primaryimage\"},\"image\":{\"@id\":\"https:\/\/ubanews.com\/site\/2018\/10\/04\/bispo-de-leopoldina-em-visita-pastoral-e-recebido-pelo-poder-legislativo\/#primaryimage\"},\"thumbnailUrl\":\"https:\/\/ubanews.com\/site\/wp-content\/uploads\/2018\/10\/DSC8905-copiar.jpg\",\"datePublished\":\"2018-10-04T22:27:58+00:00\",\"dateModified\":\"2018-10-19T13:56:41+00:00\",\"breadcrumb\":{\"@id\":\"https:\/\/ubanews.com\/site\/2018\/10\/04\/bispo-de-leopoldina-em-visita-pastoral-e-recebido-pelo-poder-legislativo\/#breadcrumb\"},\"inLanguage\":\"pt-BR\",\"potentialAction\":[{\"@type\":\"ReadAction\",\"target\":[\"https:\/\/ubanews.com\/site\/2018\/10\/04\/bispo-de-leopoldina-em-visita-pastoral-e-recebido-pelo-poder-legislativo\/\"]}]},{\"@type\":\"ImageObject\",\"inLanguage\":\"pt-BR\",\"@id\":\"https:\/\/ubanews.com\/site\/2018\/10\/04\/bispo-de-leopoldina-em-visita-pastoral-e-recebido-pelo-poder-legislativo\/#primaryimage\",\"url\":\"https:\/\/ubanews.com\/site\/wp-content\/uploads\/2018\/10\/DSC8905-copiar.jpg\",\"contentUrl\":\"https:\/\/ubanews.com\/site\/wp-content\/uploads\/2018\/10\/DSC8905-copiar.jpg\",\"width\":800,\"height\":389},{\"@type\":\"BreadcrumbList\",\"@id\":\"https:\/\/ubanews.com\/site\/2018\/10\/04\/bispo-de-leopoldina-em-visita-pastoral-e-recebido-pelo-poder-legislativo\/#breadcrumb\",\"itemListElement\":[{\"@type\":\"ListItem\",\"position\":1,\"name\":\"Home\",\"item\":\"https:\/\/ubanews.com\/site\/\"},{\"@type\":\"ListItem\",\"position\":2,\"name\":\"BISPO DE LEOPOLDINA EM VISITA PASTORAL \u00c9 RECEBIDO PELO PODER LEGISLATIVO\"}]},{\"@type\":\"WebSite\",\"@id\":\"https:\/\/ubanews.com\/site\/#website\",\"url\":\"https:\/\/ubanews.com\/site\/\",\"name\":\"Ub\u00e1 News\",\"description\":\"\",\"publisher\":{\"@id\":\"https:\/\/ubanews.com\/site\/#organization\"},\"potentialAction\":[{\"@type\":\"SearchAction\",\"target\":{\"@type\":\"EntryPoint\",\"urlTemplate\":\"https:\/\/ubanews.com\/site\/?s={search_term_string}\"},\"query-input\":{\"@type\":\"PropertyValueSpecification\",\"valueRequired\":true,\"valueName\":\"search_term_string\"}}],\"inLanguage\":\"pt-BR\"},{\"@type\":\"Organization\",\"@id\":\"https:\/\/ubanews.com\/site\/#organization\",\"name\":\"Ub\u00e1 News\",\"url\":\"https:\/\/ubanews.com\/site\/\",\"logo\":{\"@type\":\"ImageObject\",\"inLanguage\":\"pt-BR\",\"@id\":\"https:\/\/ubanews.com\/site\/#\/schema\/logo\/image\/\",\"url\":\"https:\/\/ubanews.com\/site\/wp-content\/uploads\/2018\/01\/logoubanews.png\",\"contentUrl\":\"https:\/\/ubanews.com\/site\/wp-content\/uploads\/2018\/01\/logoubanews.png\",\"width\":261,\"height\":99,\"caption\":\"Ub\u00e1 News\"},\"image\":{\"@id\":\"https:\/\/ubanews.com\/site\/#\/schema\/logo\/image\/\"},\"sameAs\":[\"https:\/\/www.facebook.com\/Ub\u00e1News-Carlos-Roberto-Sodr\u00e9-418778301977370\"]},{\"@type\":\"Person\",\"@id\":\"https:\/\/ubanews.com\/site\/#\/schema\/person\/d90c9e47252fbb63dcc969fe4c8b9d10\",\"name\":\"Sodr\u00e9\",\"image\":{\"@type\":\"ImageObject\",\"inLanguage\":\"pt-BR\",\"@id\":\"https:\/\/secure.gravatar.com\/avatar\/5ba2793f0590b9dbfad3fdec4ee714485b3eef211c9b32ee53d414060454a56c?s=96&d=mm&r=g\",\"url\":\"https:\/\/secure.gravatar.com\/avatar\/5ba2793f0590b9dbfad3fdec4ee714485b3eef211c9b32ee53d414060454a56c?s=96&d=mm&r=g\",\"contentUrl\":\"https:\/\/secure.gravatar.com\/avatar\/5ba2793f0590b9dbfad3fdec4ee714485b3eef211c9b32ee53d414060454a56c?s=96&d=mm&r=g\",\"caption\":\"Sodr\u00e9\"},\"sameAs\":[\"https:\/\/www.facebook.com\/carosroberto.sodre.5\/\"],\"url\":\"https:\/\/ubanews.com\/site\/author\/felipe\/\"}]}<\/script>\n<!-- \/ Yoast SEO plugin. -->","yoast_head_json":{"title":"BISPO DE LEOPOLDINA EM VISITA PASTORAL \u00c9 RECEBIDO PELO PODER LEGISLATIVO - Ub\u00e1 News","robots":{"index":"index","follow":"follow","max-snippet":"max-snippet:-1","max-image-preview":"max-image-preview:large","max-video-preview":"max-video-preview:-1"},"canonical":"https:\/\/ubanews.com\/site\/2018\/10\/04\/bispo-de-leopoldina-em-visita-pastoral-e-recebido-pelo-poder-legislativo\/","og_locale":"pt_BR","og_type":"article","og_title":"BISPO DE LEOPOLDINA EM VISITA PASTORAL \u00c9 RECEBIDO PELO PODER LEGISLATIVO - Ub\u00e1 News","og_description":"O Bispo Diocesano de Leopoldina Dom Jos\u00e9 Eudes Campos, realizou","og_url":"https:\/\/ubanews.com\/site\/2018\/10\/04\/bispo-de-leopoldina-em-visita-pastoral-e-recebido-pelo-poder-legislativo\/","og_site_name":"Ub\u00e1 News","article_publisher":"https:\/\/www.facebook.com\/Ub%c3%a1News-Carlos-Roberto-Sodr%c3%a9-418778301977370","article_author":"https:\/\/www.facebook.com\/carosroberto.sodre.5\/","article_published_time":"2018-10-04T22:27:58+00:00","article_modified_time":"2018-10-19T13:56:41+00:00","og_image":[{"width":800,"height":389,"url":"https:\/\/ubanews.com\/site\/wp-content\/uploads\/2018\/10\/DSC8905-copiar.jpg","type":"image\/jpeg"}],"author":"Sodr\u00e9","twitter_card":"summary_large_image","twitter_misc":{"Escrito por":"Sodr\u00e9","Est. tempo de leitura":"1 minuto"},"schema":{"@context":"https:\/\/schema.org","@graph":[{"@type":"Article","@id":"https:\/\/ubanews.com\/site\/2018\/10\/04\/bispo-de-leopoldina-em-visita-pastoral-e-recebido-pelo-poder-legislativo\/#article","isPartOf":{"@id":"https:\/\/ubanews.com\/site\/2018\/10\/04\/bispo-de-leopoldina-em-visita-pastoral-e-recebido-pelo-poder-legislativo\/"},"author":{"name":"Sodr\u00e9","@id":"https:\/\/ubanews.com\/site\/#\/schema\/person\/d90c9e47252fbb63dcc969fe4c8b9d10"},"headline":"BISPO DE LEOPOLDINA EM VISITA PASTORAL \u00c9 RECEBIDO PELO PODER LEGISLATIVO","datePublished":"2018-10-04T22:27:58+00:00","dateModified":"2018-10-19T13:56:41+00:00","mainEntityOfPage":{"@id":"https:\/\/ubanews.com\/site\/2018\/10\/04\/bispo-de-leopoldina-em-visita-pastoral-e-recebido-pelo-poder-legislativo\/"},"wordCount":151,"commentCount":0,"publisher":{"@id":"https:\/\/ubanews.com\/site\/#organization"},"image":{"@id":"https:\/\/ubanews.com\/site\/2018\/10\/04\/bispo-de-leopoldina-em-visita-pastoral-e-recebido-pelo-poder-legislativo\/#primaryimage"},"thumbnailUrl":"https:\/\/ubanews.com\/site\/wp-content\/uploads\/2018\/10\/DSC8905-copiar.jpg","articleSection":["C\u00e2mara Municipal"],"inLanguage":"pt-BR","potentialAction":[{"@type":"CommentAction","name":"Comment","target":["https:\/\/ubanews.com\/site\/2018\/10\/04\/bispo-de-leopoldina-em-visita-pastoral-e-recebido-pelo-poder-legislativo\/#respond"]}]},{"@type":"WebPage","@id":"https:\/\/ubanews.com\/site\/2018\/10\/04\/bispo-de-leopoldina-em-visita-pastoral-e-recebido-pelo-poder-legislativo\/","url":"https:\/\/ubanews.com\/site\/2018\/10\/04\/bispo-de-leopoldina-em-visita-pastoral-e-recebido-pelo-poder-legislativo\/","name":"BISPO DE LEOPOLDINA EM VISITA PASTORAL \u00c9 RECEBIDO PELO PODER LEGISLATIVO - Ub\u00e1 News","isPartOf":{"@id":"https:\/\/ubanews.com\/site\/#website"},"primaryImageOfPage":{"@id":"https:\/\/ubanews.com\/site\/2018\/10\/04\/bispo-de-leopoldina-em-visita-pastoral-e-recebido-pelo-poder-legislativo\/#primaryimage"},"image":{"@id":"https:\/\/ubanews.com\/site\/2018\/10\/04\/bispo-de-leopoldina-em-visita-pastoral-e-recebido-pelo-poder-legislativo\/#primaryimage"},"thumbnailUrl":"https:\/\/ubanews.com\/site\/wp-content\/uploads\/2018\/10\/DSC8905-copiar.jpg","datePublished":"2018-10-04T22:27:58+00:00","dateModified":"2018-10-19T13:56:41+00:00","breadcrumb":{"@id":"https:\/\/ubanews.com\/site\/2018\/10\/04\/bispo-de-leopoldina-em-visita-pastoral-e-recebido-pelo-poder-legislativo\/#breadcrumb"},"inLanguage":"pt-BR","potentialAction":[{"@type":"ReadAction","target":["https:\/\/ubanews.com\/site\/2018\/10\/04\/bispo-de-leopoldina-em-visita-pastoral-e-recebido-pelo-poder-legislativo\/"]}]},{"@type":"ImageObject","inLanguage":"pt-BR","@id":"https:\/\/ubanews.com\/site\/2018\/10\/04\/bispo-de-leopoldina-em-visita-pastoral-e-recebido-pelo-poder-legislativo\/#primaryimage","url":"https:\/\/ubanews.com\/site\/wp-content\/uploads\/2018\/10\/DSC8905-copiar.jpg","contentUrl":"https:\/\/ubanews.com\/site\/wp-content\/uploads\/2018\/10\/DSC8905-copiar.jpg","width":800,"height":389},{"@type":"BreadcrumbList","@id":"https:\/\/ubanews.com\/site\/2018\/10\/04\/bispo-de-leopoldina-em-visita-pastoral-e-recebido-pelo-poder-legislativo\/#breadcrumb","itemListElement":[{"@type":"ListItem","position":1,"name":"Home","item":"https:\/\/ubanews.com\/site\/"},{"@type":"ListItem","position":2,"name":"BISPO DE LEOPOLDINA EM VISITA PASTORAL \u00c9 RECEBIDO PELO PODER LEGISLATIVO"}]},{"@type":"WebSite","@id":"https:\/\/ubanews.com\/site\/#website","url":"https:\/\/ubanews.com\/site\/","name":"Ub\u00e1 News","description":"","publisher":{"@id":"https:\/\/ubanews.com\/site\/#organization"},"potentialAction":[{"@type":"SearchAction","target":{"@type":"EntryPoint","urlTemplate":"https:\/\/ubanews.com\/site\/?s={search_term_string}"},"query-input":{"@type":"PropertyValueSpecification","valueRequired":true,"valueName":"search_term_string"}}],"inLanguage":"pt-BR"},{"@type":"Organization","@id":"https:\/\/ubanews.com\/site\/#organization","name":"Ub\u00e1 News","url":"https:\/\/ubanews.com\/site\/","logo":{"@type":"ImageObject","inLanguage":"pt-BR","@id":"https:\/\/ubanews.com\/site\/#\/schema\/logo\/image\/","url":"https:\/\/ubanews.com\/site\/wp-content\/uploads\/2018\/01\/logoubanews.png","contentUrl":"https:\/\/ubanews.com\/site\/wp-content\/uploads\/2018\/01\/logoubanews.png","width":261,"height":99,"caption":"Ub\u00e1 News"},"image":{"@id":"https:\/\/ubanews.com\/site\/#\/schema\/logo\/image\/"},"sameAs":["https:\/\/www.facebook.com\/Ub\u00e1News-Carlos-Roberto-Sodr\u00e9-418778301977370"]},{"@type":"Person","@id":"https:\/\/ubanews.com\/site\/#\/schema\/person\/d90c9e47252fbb63dcc969fe4c8b9d10","name":"Sodr\u00e9","image":{"@type":"ImageObject","inLanguage":"pt-BR","@id":"https:\/\/secure.gravatar.com\/avatar\/5ba2793f0590b9dbfad3fdec4ee714485b3eef211c9b32ee53d414060454a56c?s=96&d=mm&r=g","url":"https:\/\/secure.gravatar.com\/avatar\/5ba2793f0590b9dbfad3fdec4ee714485b3eef211c9b32ee53d414060454a56c?s=96&d=mm&r=g","contentUrl":"https:\/\/secure.gravatar.com\/avatar\/5ba2793f0590b9dbfad3fdec4ee714485b3eef211c9b32ee53d414060454a56c?s=96&d=mm&r=g","caption":"Sodr\u00e9"},"sameAs":["https:\/\/www.facebook.com\/carosroberto.sodre.5\/"],"url":"https:\/\/ubanews.com\/site\/author\/felipe\/"}]}},"_links":{"self":[{"href":"https:\/\/ubanews.com\/site\/wp-json\/wp\/v2\/posts\/7905","targetHints":{"allow":["GET"]}}],"collection":[{"href":"https:\/\/ubanews.com\/site\/wp-json\/wp\/v2\/posts"}],"about":[{"href":"https:\/\/ubanews.com\/site\/wp-json\/wp\/v2\/types\/post"}],"author":[{"embeddable":true,"href":"https:\/\/ubanews.com\/site\/wp-json\/wp\/v2\/users\/2"}],"replies":[{"embeddable":true,"href":"https:\/\/ubanews.com\/site\/wp-json\/wp\/v2\/comments?post=7905"}],"version-history":[{"count":0,"href":"https:\/\/ubanews.com\/site\/wp-json\/wp\/v2\/posts\/7905\/revisions"}],"wp:featuredmedia":[{"embeddable":true,"href":"https:\/\/ubanews.com\/site\/wp-json\/wp\/v2\/media\/7897"}],"wp:attachment":[{"href":"https:\/\/ubanews.com\/site\/wp-json\/wp\/v2\/media?parent=7905"}],"wp:term":[{"taxonomy":"category","embeddable":true,"href":"https:\/\/ubanews.com\/site\/wp-json\/wp\/v2\/categories?post=7905"},{"taxonomy":"post_tag","embeddable":true,"href":"https:\/\/ubanews.com\/site\/wp-json\/wp\/v2\/tags?post=7905"}],"curies":[{"name":"wp","href":"https:\/\/api.w.org\/{rel}","templated":true}]}}