{"id":7879,"date":"2018-10-04T10:53:57","date_gmt":"2018-10-04T13:53:57","guid":{"rendered":"http:\/\/ubanews.com\/site\/?p=7879"},"modified":"2018-10-04T11:24:36","modified_gmt":"2018-10-04T14:24:36","slug":"assalto-em-dois-estabelecimentos-comerciais-em-guidoval","status":"publish","type":"post","link":"https:\/\/ubanews.com\/site\/2018\/10\/04\/assalto-em-dois-estabelecimentos-comerciais-em-guidoval\/","title":{"rendered":"Assalto em dois estabelecimentos comerciais em Guidoval"},"content":{"rendered":"<p><a href=\"https:\/\/ubanews.com\/site\/wp-content\/uploads\/2018\/10\/WhatsApp-Image-2018-10-03-at-21.48.39.jpeg\"><img decoding=\"async\" class=\"alignnone size-medium wp-image-7888 lazyload\" data-src=\"https:\/\/ubanews.com\/site\/wp-content\/uploads\/2018\/10\/WhatsApp-Image-2018-10-03-at-21.48.39-169x300.jpeg\" alt=\"\" width=\"169\" height=\"300\" data-srcset=\"https:\/\/ubanews.com\/site\/wp-content\/uploads\/2018\/10\/WhatsApp-Image-2018-10-03-at-21.48.39-169x300.jpeg 169w, https:\/\/ubanews.com\/site\/wp-content\/uploads\/2018\/10\/WhatsApp-Image-2018-10-03-at-21.48.39.jpeg 338w\" data-sizes=\"(max-width: 169px) 100vw, 169px\" src=\"data:image\/svg+xml;base64,PHN2ZyB3aWR0aD0iMSIgaGVpZ2h0PSIxIiB4bWxucz0iaHR0cDovL3d3dy53My5vcmcvMjAwMC9zdmciPjwvc3ZnPg==\" style=\"--smush-placeholder-width: 169px; --smush-placeholder-aspect-ratio: 169\/300;\" \/><\/a> <a href=\"https:\/\/ubanews.com\/site\/wp-content\/uploads\/2018\/10\/WhatsApp-Image-2018-10-03-at-21.48.55.jpeg\"><img decoding=\"async\" class=\"alignnone size-medium wp-image-7889 lazyload\" data-src=\"https:\/\/ubanews.com\/site\/wp-content\/uploads\/2018\/10\/WhatsApp-Image-2018-10-03-at-21.48.55-169x300.jpeg\" alt=\"\" width=\"169\" height=\"300\" data-srcset=\"https:\/\/ubanews.com\/site\/wp-content\/uploads\/2018\/10\/WhatsApp-Image-2018-10-03-at-21.48.55-169x300.jpeg 169w, https:\/\/ubanews.com\/site\/wp-content\/uploads\/2018\/10\/WhatsApp-Image-2018-10-03-at-21.48.55.jpeg 338w\" data-sizes=\"(max-width: 169px) 100vw, 169px\" src=\"data:image\/svg+xml;base64,PHN2ZyB3aWR0aD0iMSIgaGVpZ2h0PSIxIiB4bWxucz0iaHR0cDovL3d3dy53My5vcmcvMjAwMC9zdmciPjwvc3ZnPg==\" style=\"--smush-placeholder-width: 169px; --smush-placeholder-aspect-ratio: 169\/300;\" \/><\/a> <a href=\"https:\/\/ubanews.com\/site\/wp-content\/uploads\/2018\/10\/WhatsApp-Image-2018-10-03-at-21.49.14.jpeg\"><img decoding=\"async\" class=\"alignnone size-medium wp-image-7890 lazyload\" data-src=\"https:\/\/ubanews.com\/site\/wp-content\/uploads\/2018\/10\/WhatsApp-Image-2018-10-03-at-21.49.14-169x300.jpeg\" alt=\"\" width=\"169\" height=\"300\" data-srcset=\"https:\/\/ubanews.com\/site\/wp-content\/uploads\/2018\/10\/WhatsApp-Image-2018-10-03-at-21.49.14-169x300.jpeg 169w, https:\/\/ubanews.com\/site\/wp-content\/uploads\/2018\/10\/WhatsApp-Image-2018-10-03-at-21.49.14.jpeg 338w\" data-sizes=\"(max-width: 169px) 100vw, 169px\" src=\"data:image\/svg+xml;base64,PHN2ZyB3aWR0aD0iMSIgaGVpZ2h0PSIxIiB4bWxucz0iaHR0cDovL3d3dy53My5vcmcvMjAwMC9zdmciPjwvc3ZnPg==\" style=\"--smush-placeholder-width: 169px; --smush-placeholder-aspect-ratio: 169\/300;\" \/><\/a><\/p>\n<p>No dia 03 de outubro \u00e0s 17h49min, a Pol\u00edcia Militar foi acionada a comparecer a um Supermercado, localizado a Rua Governador Valadares na cidade de Guidoval, onde a v\u00edtima relatou que dois indiv\u00edduos chegaram em uma motocicleta Honda CG 125, vermelha, sendo que o condutor, estatura mediana, c\u00fatis branca, usava um abad\u00e1 de cor amarela, e bermuda azul e capacete de cor preta e o outro indiv\u00edduo que estava na carona da motocicleta, pardo, alto, magro, usava bermuda azul, blusa de cor escura com capuz, com a estampa da marca Bad Boy nas costas e capacete de cor Rosa. A v\u00edtima acrescentou que o indiv\u00edduo que estava na carona da motocicleta estava armado, aparentando ser um revolver oxidado, calibre.38, anunciando o assalto. Os assaltantes subtraiu a quantia aproximada de R$3.000,00, e ap\u00f3s o crime os assaltantes fugiram sentido a Rua Sete de Setembro.<a style=\"font-size: 1.0625rem;\" href=\"https:\/\/ubanews.com\/site\/wp-content\/uploads\/2018\/08\/ELETRO-SENA-AUTOMOTIVA-2.jpg\"><img decoding=\"async\" class=\"alignnone wp-image-7016 size-full lazyload\" data-src=\"https:\/\/ubanews.com\/site\/wp-content\/uploads\/2018\/08\/ELETRO-SENA-AUTOMOTIVA-2.jpg\" alt=\"\" width=\"800\" height=\"264\" data-srcset=\"https:\/\/ubanews.com\/site\/wp-content\/uploads\/2018\/08\/ELETRO-SENA-AUTOMOTIVA-2.jpg 800w, https:\/\/ubanews.com\/site\/wp-content\/uploads\/2018\/08\/ELETRO-SENA-AUTOMOTIVA-2-300x99.jpg 300w, https:\/\/ubanews.com\/site\/wp-content\/uploads\/2018\/08\/ELETRO-SENA-AUTOMOTIVA-2-768x253.jpg 768w\" data-sizes=\"(max-width: 800px) 100vw, 800px\" src=\"data:image\/svg+xml;base64,PHN2ZyB3aWR0aD0iMSIgaGVpZ2h0PSIxIiB4bWxucz0iaHR0cDovL3d3dy53My5vcmcvMjAwMC9zdmciPjwvc3ZnPg==\" style=\"--smush-placeholder-width: 800px; --smush-placeholder-aspect-ratio: 800\/264;\" \/><\/a><\/p>\n<p><span style=\"font-size: 1.0625rem;\">E em seguida ao passarem a Rua Padre Bai\u00e3o entraram em outro estabelecimento comercial e anunciou o assalto subtraindo a quantia de R$100,00, e em seguida fugiram na motocicleta, sentido a sa\u00edda da cidade de Ub\u00e1.<\/span><\/p>\n<p>Rastreamento e dilig\u00eancias est\u00e3o sendo realizadas para identificar os cidad\u00e3os infratores.<\/p>\n<p><strong>A<\/strong><strong>SSESSORIA DE COMUNICA\u00c7\u00c3O ORGANIZACIONAL<\/strong><\/p>\n<p><strong><em>Vig\u00e9simo Primeiro Batalh\u00e3o de Pol\u00edcia Militar <\/em><\/strong><a href=\"https:\/\/ubanews.com\/site\/wp-content\/uploads\/2018\/09\/Auto-Films-3.jpg\"><img decoding=\"async\" class=\"alignnone wp-image-7740 size-full lazyload\" data-src=\"https:\/\/ubanews.com\/site\/wp-content\/uploads\/2018\/09\/Auto-Films-3.jpg\" alt=\"\" width=\"800\" height=\"200\" data-srcset=\"https:\/\/ubanews.com\/site\/wp-content\/uploads\/2018\/09\/Auto-Films-3.jpg 800w, https:\/\/ubanews.com\/site\/wp-content\/uploads\/2018\/09\/Auto-Films-3-300x75.jpg 300w, https:\/\/ubanews.com\/site\/wp-content\/uploads\/2018\/09\/Auto-Films-3-768x192.jpg 768w\" data-sizes=\"(max-width: 800px) 100vw, 800px\" src=\"data:image\/svg+xml;base64,PHN2ZyB3aWR0aD0iMSIgaGVpZ2h0PSIxIiB4bWxucz0iaHR0cDovL3d3dy53My5vcmcvMjAwMC9zdmciPjwvc3ZnPg==\" style=\"--smush-placeholder-width: 800px; --smush-placeholder-aspect-ratio: 800\/200;\" \/><\/a><\/p>\n","protected":false},"excerpt":{"rendered":"<p>No dia 03 de outubro \u00e0s 17h49min, a Pol\u00edcia Militar<\/p>\n","protected":false},"author":2,"featured_media":0,"comment_status":"open","ping_status":"open","sticky":false,"template":"","format":"standard","meta":{"footnotes":""},"categories":[13],"tags":[],"class_list":["post-7879","post","type-post","status-publish","format-standard","hentry","category-sintese-das-ocorrencias"],"yoast_head":"<!-- This site is optimized with the Yoast SEO plugin v27.2 - https:\/\/yoast.com\/product\/yoast-seo-wordpress\/ -->\n<title>Assalto em dois estabelecimentos comerciais em Guidoval - Ub\u00e1 News<\/title>\n<meta name=\"robots\" content=\"index, follow, max-snippet:-1, max-image-preview:large, max-video-preview:-1\" \/>\n<link rel=\"canonical\" href=\"https:\/\/ubanews.com\/site\/2018\/10\/04\/assalto-em-dois-estabelecimentos-comerciais-em-guidoval\/\" \/>\n<meta property=\"og:locale\" content=\"pt_BR\" \/>\n<meta property=\"og:type\" content=\"article\" \/>\n<meta property=\"og:title\" content=\"Assalto em dois estabelecimentos comerciais em Guidoval - Ub\u00e1 News\" \/>\n<meta property=\"og:description\" content=\"No dia 03 de outubro \u00e0s 17h49min, a Pol\u00edcia Militar\" \/>\n<meta property=\"og:url\" content=\"https:\/\/ubanews.com\/site\/2018\/10\/04\/assalto-em-dois-estabelecimentos-comerciais-em-guidoval\/\" \/>\n<meta property=\"og:site_name\" content=\"Ub\u00e1 News\" \/>\n<meta property=\"article:publisher\" content=\"https:\/\/www.facebook.com\/Ub%c3%a1News-Carlos-Roberto-Sodr%c3%a9-418778301977370\" \/>\n<meta property=\"article:author\" content=\"https:\/\/www.facebook.com\/carosroberto.sodre.5\/\" \/>\n<meta property=\"article:published_time\" content=\"2018-10-04T13:53:57+00:00\" \/>\n<meta property=\"article:modified_time\" content=\"2018-10-04T14:24:36+00:00\" \/>\n<meta property=\"og:image\" content=\"http:\/\/ubanews.com\/site\/wp-content\/uploads\/2018\/10\/WhatsApp-Image-2018-10-03-at-21.48.39-169x300.jpeg\" \/>\n<meta name=\"author\" content=\"Sodr\u00e9\" \/>\n<meta name=\"twitter:card\" content=\"summary_large_image\" \/>\n<meta name=\"twitter:label1\" content=\"Escrito por\" \/>\n\t<meta name=\"twitter:data1\" content=\"Sodr\u00e9\" \/>\n\t<meta name=\"twitter:label2\" content=\"Est. tempo de leitura\" \/>\n\t<meta name=\"twitter:data2\" content=\"1 minuto\" \/>\n<script type=\"application\/ld+json\" class=\"yoast-schema-graph\">{\"@context\":\"https:\/\/schema.org\",\"@graph\":[{\"@type\":\"Article\",\"@id\":\"https:\/\/ubanews.com\/site\/2018\/10\/04\/assalto-em-dois-estabelecimentos-comerciais-em-guidoval\/#article\",\"isPartOf\":{\"@id\":\"https:\/\/ubanews.com\/site\/2018\/10\/04\/assalto-em-dois-estabelecimentos-comerciais-em-guidoval\/\"},\"author\":{\"name\":\"Sodr\u00e9\",\"@id\":\"https:\/\/ubanews.com\/site\/#\/schema\/person\/d90c9e47252fbb63dcc969fe4c8b9d10\"},\"headline\":\"Assalto em dois estabelecimentos comerciais em Guidoval\",\"datePublished\":\"2018-10-04T13:53:57+00:00\",\"dateModified\":\"2018-10-04T14:24:36+00:00\",\"mainEntityOfPage\":{\"@id\":\"https:\/\/ubanews.com\/site\/2018\/10\/04\/assalto-em-dois-estabelecimentos-comerciais-em-guidoval\/\"},\"wordCount\":224,\"commentCount\":0,\"publisher\":{\"@id\":\"https:\/\/ubanews.com\/site\/#organization\"},\"image\":{\"@id\":\"https:\/\/ubanews.com\/site\/2018\/10\/04\/assalto-em-dois-estabelecimentos-comerciais-em-guidoval\/#primaryimage\"},\"thumbnailUrl\":\"http:\/\/ubanews.com\/site\/wp-content\/uploads\/2018\/10\/WhatsApp-Image-2018-10-03-at-21.48.39-169x300.jpeg\",\"articleSection\":[\"S\u00edntese das Ocorr\u00eancias\"],\"inLanguage\":\"pt-BR\",\"potentialAction\":[{\"@type\":\"CommentAction\",\"name\":\"Comment\",\"target\":[\"https:\/\/ubanews.com\/site\/2018\/10\/04\/assalto-em-dois-estabelecimentos-comerciais-em-guidoval\/#respond\"]}]},{\"@type\":\"WebPage\",\"@id\":\"https:\/\/ubanews.com\/site\/2018\/10\/04\/assalto-em-dois-estabelecimentos-comerciais-em-guidoval\/\",\"url\":\"https:\/\/ubanews.com\/site\/2018\/10\/04\/assalto-em-dois-estabelecimentos-comerciais-em-guidoval\/\",\"name\":\"Assalto em dois estabelecimentos comerciais em Guidoval - Ub\u00e1 News\",\"isPartOf\":{\"@id\":\"https:\/\/ubanews.com\/site\/#website\"},\"primaryImageOfPage\":{\"@id\":\"https:\/\/ubanews.com\/site\/2018\/10\/04\/assalto-em-dois-estabelecimentos-comerciais-em-guidoval\/#primaryimage\"},\"image\":{\"@id\":\"https:\/\/ubanews.com\/site\/2018\/10\/04\/assalto-em-dois-estabelecimentos-comerciais-em-guidoval\/#primaryimage\"},\"thumbnailUrl\":\"http:\/\/ubanews.com\/site\/wp-content\/uploads\/2018\/10\/WhatsApp-Image-2018-10-03-at-21.48.39-169x300.jpeg\",\"datePublished\":\"2018-10-04T13:53:57+00:00\",\"dateModified\":\"2018-10-04T14:24:36+00:00\",\"breadcrumb\":{\"@id\":\"https:\/\/ubanews.com\/site\/2018\/10\/04\/assalto-em-dois-estabelecimentos-comerciais-em-guidoval\/#breadcrumb\"},\"inLanguage\":\"pt-BR\",\"potentialAction\":[{\"@type\":\"ReadAction\",\"target\":[\"https:\/\/ubanews.com\/site\/2018\/10\/04\/assalto-em-dois-estabelecimentos-comerciais-em-guidoval\/\"]}]},{\"@type\":\"ImageObject\",\"inLanguage\":\"pt-BR\",\"@id\":\"https:\/\/ubanews.com\/site\/2018\/10\/04\/assalto-em-dois-estabelecimentos-comerciais-em-guidoval\/#primaryimage\",\"url\":\"https:\/\/ubanews.com\/site\/wp-content\/uploads\/2018\/10\/WhatsApp-Image-2018-10-03-at-21.48.39.jpeg\",\"contentUrl\":\"https:\/\/ubanews.com\/site\/wp-content\/uploads\/2018\/10\/WhatsApp-Image-2018-10-03-at-21.48.39.jpeg\",\"width\":338,\"height\":600},{\"@type\":\"BreadcrumbList\",\"@id\":\"https:\/\/ubanews.com\/site\/2018\/10\/04\/assalto-em-dois-estabelecimentos-comerciais-em-guidoval\/#breadcrumb\",\"itemListElement\":[{\"@type\":\"ListItem\",\"position\":1,\"name\":\"Home\",\"item\":\"https:\/\/ubanews.com\/site\/\"},{\"@type\":\"ListItem\",\"position\":2,\"name\":\"Assalto em dois estabelecimentos comerciais em Guidoval\"}]},{\"@type\":\"WebSite\",\"@id\":\"https:\/\/ubanews.com\/site\/#website\",\"url\":\"https:\/\/ubanews.com\/site\/\",\"name\":\"Ub\u00e1 News\",\"description\":\"\",\"publisher\":{\"@id\":\"https:\/\/ubanews.com\/site\/#organization\"},\"potentialAction\":[{\"@type\":\"SearchAction\",\"target\":{\"@type\":\"EntryPoint\",\"urlTemplate\":\"https:\/\/ubanews.com\/site\/?s={search_term_string}\"},\"query-input\":{\"@type\":\"PropertyValueSpecification\",\"valueRequired\":true,\"valueName\":\"search_term_string\"}}],\"inLanguage\":\"pt-BR\"},{\"@type\":\"Organization\",\"@id\":\"https:\/\/ubanews.com\/site\/#organization\",\"name\":\"Ub\u00e1 News\",\"url\":\"https:\/\/ubanews.com\/site\/\",\"logo\":{\"@type\":\"ImageObject\",\"inLanguage\":\"pt-BR\",\"@id\":\"https:\/\/ubanews.com\/site\/#\/schema\/logo\/image\/\",\"url\":\"https:\/\/ubanews.com\/site\/wp-content\/uploads\/2018\/01\/logoubanews.png\",\"contentUrl\":\"https:\/\/ubanews.com\/site\/wp-content\/uploads\/2018\/01\/logoubanews.png\",\"width\":261,\"height\":99,\"caption\":\"Ub\u00e1 News\"},\"image\":{\"@id\":\"https:\/\/ubanews.com\/site\/#\/schema\/logo\/image\/\"},\"sameAs\":[\"https:\/\/www.facebook.com\/Ub\u00e1News-Carlos-Roberto-Sodr\u00e9-418778301977370\"]},{\"@type\":\"Person\",\"@id\":\"https:\/\/ubanews.com\/site\/#\/schema\/person\/d90c9e47252fbb63dcc969fe4c8b9d10\",\"name\":\"Sodr\u00e9\",\"image\":{\"@type\":\"ImageObject\",\"inLanguage\":\"pt-BR\",\"@id\":\"https:\/\/secure.gravatar.com\/avatar\/5ba2793f0590b9dbfad3fdec4ee714485b3eef211c9b32ee53d414060454a56c?s=96&d=mm&r=g\",\"url\":\"https:\/\/secure.gravatar.com\/avatar\/5ba2793f0590b9dbfad3fdec4ee714485b3eef211c9b32ee53d414060454a56c?s=96&d=mm&r=g\",\"contentUrl\":\"https:\/\/secure.gravatar.com\/avatar\/5ba2793f0590b9dbfad3fdec4ee714485b3eef211c9b32ee53d414060454a56c?s=96&d=mm&r=g\",\"caption\":\"Sodr\u00e9\"},\"sameAs\":[\"https:\/\/www.facebook.com\/carosroberto.sodre.5\/\"],\"url\":\"https:\/\/ubanews.com\/site\/author\/felipe\/\"}]}<\/script>\n<!-- \/ Yoast SEO plugin. -->","yoast_head_json":{"title":"Assalto em dois estabelecimentos comerciais em Guidoval - Ub\u00e1 News","robots":{"index":"index","follow":"follow","max-snippet":"max-snippet:-1","max-image-preview":"max-image-preview:large","max-video-preview":"max-video-preview:-1"},"canonical":"https:\/\/ubanews.com\/site\/2018\/10\/04\/assalto-em-dois-estabelecimentos-comerciais-em-guidoval\/","og_locale":"pt_BR","og_type":"article","og_title":"Assalto em dois estabelecimentos comerciais em Guidoval - Ub\u00e1 News","og_description":"No dia 03 de outubro \u00e0s 17h49min, a Pol\u00edcia Militar","og_url":"https:\/\/ubanews.com\/site\/2018\/10\/04\/assalto-em-dois-estabelecimentos-comerciais-em-guidoval\/","og_site_name":"Ub\u00e1 News","article_publisher":"https:\/\/www.facebook.com\/Ub%c3%a1News-Carlos-Roberto-Sodr%c3%a9-418778301977370","article_author":"https:\/\/www.facebook.com\/carosroberto.sodre.5\/","article_published_time":"2018-10-04T13:53:57+00:00","article_modified_time":"2018-10-04T14:24:36+00:00","og_image":[{"url":"http:\/\/ubanews.com\/site\/wp-content\/uploads\/2018\/10\/WhatsApp-Image-2018-10-03-at-21.48.39-169x300.jpeg","type":"","width":"","height":""}],"author":"Sodr\u00e9","twitter_card":"summary_large_image","twitter_misc":{"Escrito por":"Sodr\u00e9","Est. tempo de leitura":"1 minuto"},"schema":{"@context":"https:\/\/schema.org","@graph":[{"@type":"Article","@id":"https:\/\/ubanews.com\/site\/2018\/10\/04\/assalto-em-dois-estabelecimentos-comerciais-em-guidoval\/#article","isPartOf":{"@id":"https:\/\/ubanews.com\/site\/2018\/10\/04\/assalto-em-dois-estabelecimentos-comerciais-em-guidoval\/"},"author":{"name":"Sodr\u00e9","@id":"https:\/\/ubanews.com\/site\/#\/schema\/person\/d90c9e47252fbb63dcc969fe4c8b9d10"},"headline":"Assalto em dois estabelecimentos comerciais em Guidoval","datePublished":"2018-10-04T13:53:57+00:00","dateModified":"2018-10-04T14:24:36+00:00","mainEntityOfPage":{"@id":"https:\/\/ubanews.com\/site\/2018\/10\/04\/assalto-em-dois-estabelecimentos-comerciais-em-guidoval\/"},"wordCount":224,"commentCount":0,"publisher":{"@id":"https:\/\/ubanews.com\/site\/#organization"},"image":{"@id":"https:\/\/ubanews.com\/site\/2018\/10\/04\/assalto-em-dois-estabelecimentos-comerciais-em-guidoval\/#primaryimage"},"thumbnailUrl":"http:\/\/ubanews.com\/site\/wp-content\/uploads\/2018\/10\/WhatsApp-Image-2018-10-03-at-21.48.39-169x300.jpeg","articleSection":["S\u00edntese das Ocorr\u00eancias"],"inLanguage":"pt-BR","potentialAction":[{"@type":"CommentAction","name":"Comment","target":["https:\/\/ubanews.com\/site\/2018\/10\/04\/assalto-em-dois-estabelecimentos-comerciais-em-guidoval\/#respond"]}]},{"@type":"WebPage","@id":"https:\/\/ubanews.com\/site\/2018\/10\/04\/assalto-em-dois-estabelecimentos-comerciais-em-guidoval\/","url":"https:\/\/ubanews.com\/site\/2018\/10\/04\/assalto-em-dois-estabelecimentos-comerciais-em-guidoval\/","name":"Assalto em dois estabelecimentos comerciais em Guidoval - Ub\u00e1 News","isPartOf":{"@id":"https:\/\/ubanews.com\/site\/#website"},"primaryImageOfPage":{"@id":"https:\/\/ubanews.com\/site\/2018\/10\/04\/assalto-em-dois-estabelecimentos-comerciais-em-guidoval\/#primaryimage"},"image":{"@id":"https:\/\/ubanews.com\/site\/2018\/10\/04\/assalto-em-dois-estabelecimentos-comerciais-em-guidoval\/#primaryimage"},"thumbnailUrl":"http:\/\/ubanews.com\/site\/wp-content\/uploads\/2018\/10\/WhatsApp-Image-2018-10-03-at-21.48.39-169x300.jpeg","datePublished":"2018-10-04T13:53:57+00:00","dateModified":"2018-10-04T14:24:36+00:00","breadcrumb":{"@id":"https:\/\/ubanews.com\/site\/2018\/10\/04\/assalto-em-dois-estabelecimentos-comerciais-em-guidoval\/#breadcrumb"},"inLanguage":"pt-BR","potentialAction":[{"@type":"ReadAction","target":["https:\/\/ubanews.com\/site\/2018\/10\/04\/assalto-em-dois-estabelecimentos-comerciais-em-guidoval\/"]}]},{"@type":"ImageObject","inLanguage":"pt-BR","@id":"https:\/\/ubanews.com\/site\/2018\/10\/04\/assalto-em-dois-estabelecimentos-comerciais-em-guidoval\/#primaryimage","url":"https:\/\/ubanews.com\/site\/wp-content\/uploads\/2018\/10\/WhatsApp-Image-2018-10-03-at-21.48.39.jpeg","contentUrl":"https:\/\/ubanews.com\/site\/wp-content\/uploads\/2018\/10\/WhatsApp-Image-2018-10-03-at-21.48.39.jpeg","width":338,"height":600},{"@type":"BreadcrumbList","@id":"https:\/\/ubanews.com\/site\/2018\/10\/04\/assalto-em-dois-estabelecimentos-comerciais-em-guidoval\/#breadcrumb","itemListElement":[{"@type":"ListItem","position":1,"name":"Home","item":"https:\/\/ubanews.com\/site\/"},{"@type":"ListItem","position":2,"name":"Assalto em dois estabelecimentos comerciais em Guidoval"}]},{"@type":"WebSite","@id":"https:\/\/ubanews.com\/site\/#website","url":"https:\/\/ubanews.com\/site\/","name":"Ub\u00e1 News","description":"","publisher":{"@id":"https:\/\/ubanews.com\/site\/#organization"},"potentialAction":[{"@type":"SearchAction","target":{"@type":"EntryPoint","urlTemplate":"https:\/\/ubanews.com\/site\/?s={search_term_string}"},"query-input":{"@type":"PropertyValueSpecification","valueRequired":true,"valueName":"search_term_string"}}],"inLanguage":"pt-BR"},{"@type":"Organization","@id":"https:\/\/ubanews.com\/site\/#organization","name":"Ub\u00e1 News","url":"https:\/\/ubanews.com\/site\/","logo":{"@type":"ImageObject","inLanguage":"pt-BR","@id":"https:\/\/ubanews.com\/site\/#\/schema\/logo\/image\/","url":"https:\/\/ubanews.com\/site\/wp-content\/uploads\/2018\/01\/logoubanews.png","contentUrl":"https:\/\/ubanews.com\/site\/wp-content\/uploads\/2018\/01\/logoubanews.png","width":261,"height":99,"caption":"Ub\u00e1 News"},"image":{"@id":"https:\/\/ubanews.com\/site\/#\/schema\/logo\/image\/"},"sameAs":["https:\/\/www.facebook.com\/Ub\u00e1News-Carlos-Roberto-Sodr\u00e9-418778301977370"]},{"@type":"Person","@id":"https:\/\/ubanews.com\/site\/#\/schema\/person\/d90c9e47252fbb63dcc969fe4c8b9d10","name":"Sodr\u00e9","image":{"@type":"ImageObject","inLanguage":"pt-BR","@id":"https:\/\/secure.gravatar.com\/avatar\/5ba2793f0590b9dbfad3fdec4ee714485b3eef211c9b32ee53d414060454a56c?s=96&d=mm&r=g","url":"https:\/\/secure.gravatar.com\/avatar\/5ba2793f0590b9dbfad3fdec4ee714485b3eef211c9b32ee53d414060454a56c?s=96&d=mm&r=g","contentUrl":"https:\/\/secure.gravatar.com\/avatar\/5ba2793f0590b9dbfad3fdec4ee714485b3eef211c9b32ee53d414060454a56c?s=96&d=mm&r=g","caption":"Sodr\u00e9"},"sameAs":["https:\/\/www.facebook.com\/carosroberto.sodre.5\/"],"url":"https:\/\/ubanews.com\/site\/author\/felipe\/"}]}},"_links":{"self":[{"href":"https:\/\/ubanews.com\/site\/wp-json\/wp\/v2\/posts\/7879","targetHints":{"allow":["GET"]}}],"collection":[{"href":"https:\/\/ubanews.com\/site\/wp-json\/wp\/v2\/posts"}],"about":[{"href":"https:\/\/ubanews.com\/site\/wp-json\/wp\/v2\/types\/post"}],"author":[{"embeddable":true,"href":"https:\/\/ubanews.com\/site\/wp-json\/wp\/v2\/users\/2"}],"replies":[{"embeddable":true,"href":"https:\/\/ubanews.com\/site\/wp-json\/wp\/v2\/comments?post=7879"}],"version-history":[{"count":0,"href":"https:\/\/ubanews.com\/site\/wp-json\/wp\/v2\/posts\/7879\/revisions"}],"wp:attachment":[{"href":"https:\/\/ubanews.com\/site\/wp-json\/wp\/v2\/media?parent=7879"}],"wp:term":[{"taxonomy":"category","embeddable":true,"href":"https:\/\/ubanews.com\/site\/wp-json\/wp\/v2\/categories?post=7879"},{"taxonomy":"post_tag","embeddable":true,"href":"https:\/\/ubanews.com\/site\/wp-json\/wp\/v2\/tags?post=7879"}],"curies":[{"name":"wp","href":"https:\/\/api.w.org\/{rel}","templated":true}]}}