{"id":7848,"date":"2018-10-02T19:01:52","date_gmt":"2018-10-02T22:01:52","guid":{"rendered":"http:\/\/ubanews.com\/site\/?p=7848"},"modified":"2018-10-19T10:56:09","modified_gmt":"2018-10-19T13:56:09","slug":"ex-prefeito-de-uba-declara-apoio-a-reeleicao-de-saraiva-felipe","status":"publish","type":"post","link":"https:\/\/ubanews.com\/site\/2018\/10\/02\/ex-prefeito-de-uba-declara-apoio-a-reeleicao-de-saraiva-felipe\/","title":{"rendered":"EX-PREFEITO DE UB\u00c1 DECLARA APOIO \u00c0 REELEI\u00c7\u00c3O DE SARAIVA FELIPE"},"content":{"rendered":"<p>O m\u00e9dico cardiologista e ex-prefeito Doutor Ant\u00f4nio Carlos Jacob apoia o seu colega de profiss\u00e3o o ex-Ministro da Sa\u00fade do Governo Lula, Jos\u00e9 Saraiva Felipe, para Deputado Federal. Doutor Ant\u00f4nio Carlos justifica sua decis\u00e3o, dizendo que al\u00e9m da admira\u00e7\u00e3o que tem pelo pol\u00edtico, nutri ainda um sentimento de gratid\u00e3o, pois quando foi prefeito de Ub\u00e1, sua administra\u00e7\u00e3o recebeu, por muitas vezes, recursos destinados pelo amigo Saraiva Felipe. Avenida Paulino Fernandes \u00e9 um exemplo, \u201cposso citar v\u00e1rios exemplos para apoiar e pedir votos para eleger o amigo Saraiva; al\u00e9m ele representa um pol\u00edtico comprometido com nossa cidade, o carinho que o Saraiva nutri com Ub\u00e1 n\u00e3o \u00e9 de hoje\u201d. Concluiu o ex-prefeito. Doutor Ant\u00f4nio reiterou que sua esposa e tamb\u00e9m m\u00e9dica dermatologista V\u00e2nia L\u00facia Soares Jacob tamb\u00e9m apoia a reelei\u00e7\u00e3o a Deputado Federal Jos\u00e9 Saraiva Felipe.<a href=\"https:\/\/ubanews.com\/site\/wp-content\/uploads\/2018\/08\/ELETRO-SENA-AUTOMOTIVA-2.jpg\"><img decoding=\"async\" class=\"alignnone wp-image-7016 size-full lazyload\" data-src=\"https:\/\/ubanews.com\/site\/wp-content\/uploads\/2018\/08\/ELETRO-SENA-AUTOMOTIVA-2.jpg\" alt=\"\" width=\"800\" height=\"264\" data-srcset=\"https:\/\/ubanews.com\/site\/wp-content\/uploads\/2018\/08\/ELETRO-SENA-AUTOMOTIVA-2.jpg 800w, https:\/\/ubanews.com\/site\/wp-content\/uploads\/2018\/08\/ELETRO-SENA-AUTOMOTIVA-2-300x99.jpg 300w, https:\/\/ubanews.com\/site\/wp-content\/uploads\/2018\/08\/ELETRO-SENA-AUTOMOTIVA-2-768x253.jpg 768w\" data-sizes=\"(max-width: 800px) 100vw, 800px\" src=\"data:image\/svg+xml;base64,PHN2ZyB3aWR0aD0iMSIgaGVpZ2h0PSIxIiB4bWxucz0iaHR0cDovL3d3dy53My5vcmcvMjAwMC9zdmciPjwvc3ZnPg==\" style=\"--smush-placeholder-width: 800px; --smush-placeholder-aspect-ratio: 800\/264;\" \/><\/a><\/p>\n<p>Mensagem postada nas Redes Sociais do Deputado Federal do MDB Jos\u00e9 Saraiva Felipe.<\/p>\n<p><em>\u201c<\/em><em>Em todos esses anos de dedica\u00e7\u00e3o acompanhei v\u00e1rias renova\u00e7\u00f5es que envergonharam e tra\u00edram a confian\u00e7a dos Brasileiros, mas conosco o trabalho \u00e9 s\u00e9rio e o povo \u00e9 tratado com respeito e dignidade.&nbsp;<br \/>\nN\u00f3s temos hist\u00f3ria de luta, compromisso e responsabilidade com o Brasil!<\/em><em> Vote 1590 para Federal em 2018\u201d.<\/em><\/p>\n<p>Perguntamos ao m\u00e9dico se essa sua dedica\u00e7\u00e3o a candidatura do amigo e colega de profiss\u00e3o significa um retorno em uma poss\u00edvel candidatura sua daqui h\u00e1 dois para prefeito de Ub\u00e1. Doutor desconversou e nos disse que s\u00f3 o tempo dir\u00e1. O portal de Not\u00edcias Ub\u00e1 News conversou sobre o assunto com o m\u00e9dico cardiologista.<\/p>\n<div style=\"position: relative; height: 0; padding-bottom: 56.25%;\"><iframe style=\"position: absolute; width: 100%; height: 100%; left: 0;\" data-src=\"https:\/\/www.youtube.com\/embed\/Bey-W0geFF0?ecver=2\" width=\"640\" height=\"360\" frameborder=\"0\" allowfullscreen=\"allowfullscreen\" src=\"data:image\/svg+xml;base64,PHN2ZyB3aWR0aD0iMSIgaGVpZ2h0PSIxIiB4bWxucz0iaHR0cDovL3d3dy53My5vcmcvMjAwMC9zdmciPjwvc3ZnPg==\" class=\"lazyload\" data-load-mode=\"1\"><\/iframe><\/div>\n<p><a href=\"https:\/\/ubanews.com\/site\/wp-content\/uploads\/2018\/09\/Auto-Films-3.jpg\"><img decoding=\"async\" class=\"alignnone wp-image-7740 size-full lazyload\" data-src=\"https:\/\/ubanews.com\/site\/wp-content\/uploads\/2018\/09\/Auto-Films-3.jpg\" alt=\"\" width=\"800\" height=\"200\" data-srcset=\"https:\/\/ubanews.com\/site\/wp-content\/uploads\/2018\/09\/Auto-Films-3.jpg 800w, https:\/\/ubanews.com\/site\/wp-content\/uploads\/2018\/09\/Auto-Films-3-300x75.jpg 300w, https:\/\/ubanews.com\/site\/wp-content\/uploads\/2018\/09\/Auto-Films-3-768x192.jpg 768w\" data-sizes=\"(max-width: 800px) 100vw, 800px\" src=\"data:image\/svg+xml;base64,PHN2ZyB3aWR0aD0iMSIgaGVpZ2h0PSIxIiB4bWxucz0iaHR0cDovL3d3dy53My5vcmcvMjAwMC9zdmciPjwvc3ZnPg==\" style=\"--smush-placeholder-width: 800px; --smush-placeholder-aspect-ratio: 800\/200;\" \/><\/a><\/p>\n","protected":false},"excerpt":{"rendered":"<p>O m\u00e9dico cardiologista e ex-prefeito Doutor Ant\u00f4nio Carlos Jacob apoia<\/p>\n","protected":false},"author":2,"featured_media":7857,"comment_status":"open","ping_status":"open","sticky":false,"template":"","format":"standard","meta":{"footnotes":""},"categories":[1],"tags":[],"class_list":["post-7848","post","type-post","status-publish","format-standard","has-post-thumbnail","hentry","category-sem-categoria"],"yoast_head":"<!-- This site is optimized with the Yoast SEO plugin v27.2 - https:\/\/yoast.com\/product\/yoast-seo-wordpress\/ -->\n<title>EX-PREFEITO DE UB\u00c1 DECLARA APOIO \u00c0 REELEI\u00c7\u00c3O DE SARAIVA FELIPE - Ub\u00e1 News<\/title>\n<meta name=\"robots\" content=\"index, follow, max-snippet:-1, max-image-preview:large, max-video-preview:-1\" \/>\n<link rel=\"canonical\" href=\"https:\/\/ubanews.com\/site\/2018\/10\/02\/ex-prefeito-de-uba-declara-apoio-a-reeleicao-de-saraiva-felipe\/\" \/>\n<meta property=\"og:locale\" content=\"pt_BR\" \/>\n<meta property=\"og:type\" content=\"article\" \/>\n<meta property=\"og:title\" content=\"EX-PREFEITO DE UB\u00c1 DECLARA APOIO \u00c0 REELEI\u00c7\u00c3O DE SARAIVA FELIPE - Ub\u00e1 News\" \/>\n<meta property=\"og:description\" content=\"O m\u00e9dico cardiologista e ex-prefeito Doutor Ant\u00f4nio Carlos Jacob apoia\" \/>\n<meta property=\"og:url\" content=\"https:\/\/ubanews.com\/site\/2018\/10\/02\/ex-prefeito-de-uba-declara-apoio-a-reeleicao-de-saraiva-felipe\/\" \/>\n<meta property=\"og:site_name\" content=\"Ub\u00e1 News\" \/>\n<meta property=\"article:publisher\" content=\"https:\/\/www.facebook.com\/Ub%c3%a1News-Carlos-Roberto-Sodr%c3%a9-418778301977370\" \/>\n<meta property=\"article:author\" content=\"https:\/\/www.facebook.com\/carosroberto.sodre.5\/\" \/>\n<meta property=\"article:published_time\" content=\"2018-10-02T22:01:52+00:00\" \/>\n<meta property=\"article:modified_time\" content=\"2018-10-19T13:56:09+00:00\" \/>\n<meta property=\"og:image\" content=\"https:\/\/ubanews.com\/site\/wp-content\/uploads\/2018\/10\/118-1.jpg\" \/>\n\t<meta property=\"og:image:width\" content=\"800\" \/>\n\t<meta property=\"og:image:height\" content=\"389\" \/>\n\t<meta property=\"og:image:type\" content=\"image\/jpeg\" \/>\n<meta name=\"author\" content=\"Sodr\u00e9\" \/>\n<meta name=\"twitter:card\" content=\"summary_large_image\" \/>\n<meta name=\"twitter:label1\" content=\"Escrito por\" \/>\n\t<meta name=\"twitter:data1\" content=\"Sodr\u00e9\" \/>\n\t<meta name=\"twitter:label2\" content=\"Est. tempo de leitura\" \/>\n\t<meta name=\"twitter:data2\" content=\"1 minuto\" \/>\n<script type=\"application\/ld+json\" class=\"yoast-schema-graph\">{\"@context\":\"https:\/\/schema.org\",\"@graph\":[{\"@type\":\"Article\",\"@id\":\"https:\/\/ubanews.com\/site\/2018\/10\/02\/ex-prefeito-de-uba-declara-apoio-a-reeleicao-de-saraiva-felipe\/#article\",\"isPartOf\":{\"@id\":\"https:\/\/ubanews.com\/site\/2018\/10\/02\/ex-prefeito-de-uba-declara-apoio-a-reeleicao-de-saraiva-felipe\/\"},\"author\":{\"name\":\"Sodr\u00e9\",\"@id\":\"https:\/\/ubanews.com\/site\/#\/schema\/person\/d90c9e47252fbb63dcc969fe4c8b9d10\"},\"headline\":\"EX-PREFEITO DE UB\u00c1 DECLARA APOIO \u00c0 REELEI\u00c7\u00c3O DE SARAIVA FELIPE\",\"datePublished\":\"2018-10-02T22:01:52+00:00\",\"dateModified\":\"2018-10-19T13:56:09+00:00\",\"mainEntityOfPage\":{\"@id\":\"https:\/\/ubanews.com\/site\/2018\/10\/02\/ex-prefeito-de-uba-declara-apoio-a-reeleicao-de-saraiva-felipe\/\"},\"wordCount\":292,\"commentCount\":0,\"publisher\":{\"@id\":\"https:\/\/ubanews.com\/site\/#organization\"},\"image\":{\"@id\":\"https:\/\/ubanews.com\/site\/2018\/10\/02\/ex-prefeito-de-uba-declara-apoio-a-reeleicao-de-saraiva-felipe\/#primaryimage\"},\"thumbnailUrl\":\"https:\/\/ubanews.com\/site\/wp-content\/uploads\/2018\/10\/118-1.jpg\",\"articleSection\":[\"Geral\"],\"inLanguage\":\"pt-BR\",\"potentialAction\":[{\"@type\":\"CommentAction\",\"name\":\"Comment\",\"target\":[\"https:\/\/ubanews.com\/site\/2018\/10\/02\/ex-prefeito-de-uba-declara-apoio-a-reeleicao-de-saraiva-felipe\/#respond\"]}]},{\"@type\":\"WebPage\",\"@id\":\"https:\/\/ubanews.com\/site\/2018\/10\/02\/ex-prefeito-de-uba-declara-apoio-a-reeleicao-de-saraiva-felipe\/\",\"url\":\"https:\/\/ubanews.com\/site\/2018\/10\/02\/ex-prefeito-de-uba-declara-apoio-a-reeleicao-de-saraiva-felipe\/\",\"name\":\"EX-PREFEITO DE UB\u00c1 DECLARA APOIO \u00c0 REELEI\u00c7\u00c3O DE SARAIVA FELIPE - Ub\u00e1 News\",\"isPartOf\":{\"@id\":\"https:\/\/ubanews.com\/site\/#website\"},\"primaryImageOfPage\":{\"@id\":\"https:\/\/ubanews.com\/site\/2018\/10\/02\/ex-prefeito-de-uba-declara-apoio-a-reeleicao-de-saraiva-felipe\/#primaryimage\"},\"image\":{\"@id\":\"https:\/\/ubanews.com\/site\/2018\/10\/02\/ex-prefeito-de-uba-declara-apoio-a-reeleicao-de-saraiva-felipe\/#primaryimage\"},\"thumbnailUrl\":\"https:\/\/ubanews.com\/site\/wp-content\/uploads\/2018\/10\/118-1.jpg\",\"datePublished\":\"2018-10-02T22:01:52+00:00\",\"dateModified\":\"2018-10-19T13:56:09+00:00\",\"breadcrumb\":{\"@id\":\"https:\/\/ubanews.com\/site\/2018\/10\/02\/ex-prefeito-de-uba-declara-apoio-a-reeleicao-de-saraiva-felipe\/#breadcrumb\"},\"inLanguage\":\"pt-BR\",\"potentialAction\":[{\"@type\":\"ReadAction\",\"target\":[\"https:\/\/ubanews.com\/site\/2018\/10\/02\/ex-prefeito-de-uba-declara-apoio-a-reeleicao-de-saraiva-felipe\/\"]}]},{\"@type\":\"ImageObject\",\"inLanguage\":\"pt-BR\",\"@id\":\"https:\/\/ubanews.com\/site\/2018\/10\/02\/ex-prefeito-de-uba-declara-apoio-a-reeleicao-de-saraiva-felipe\/#primaryimage\",\"url\":\"https:\/\/ubanews.com\/site\/wp-content\/uploads\/2018\/10\/118-1.jpg\",\"contentUrl\":\"https:\/\/ubanews.com\/site\/wp-content\/uploads\/2018\/10\/118-1.jpg\",\"width\":800,\"height\":389},{\"@type\":\"BreadcrumbList\",\"@id\":\"https:\/\/ubanews.com\/site\/2018\/10\/02\/ex-prefeito-de-uba-declara-apoio-a-reeleicao-de-saraiva-felipe\/#breadcrumb\",\"itemListElement\":[{\"@type\":\"ListItem\",\"position\":1,\"name\":\"Home\",\"item\":\"https:\/\/ubanews.com\/site\/\"},{\"@type\":\"ListItem\",\"position\":2,\"name\":\"EX-PREFEITO DE UB\u00c1 DECLARA APOIO \u00c0 REELEI\u00c7\u00c3O DE SARAIVA FELIPE\"}]},{\"@type\":\"WebSite\",\"@id\":\"https:\/\/ubanews.com\/site\/#website\",\"url\":\"https:\/\/ubanews.com\/site\/\",\"name\":\"Ub\u00e1 News\",\"description\":\"\",\"publisher\":{\"@id\":\"https:\/\/ubanews.com\/site\/#organization\"},\"potentialAction\":[{\"@type\":\"SearchAction\",\"target\":{\"@type\":\"EntryPoint\",\"urlTemplate\":\"https:\/\/ubanews.com\/site\/?s={search_term_string}\"},\"query-input\":{\"@type\":\"PropertyValueSpecification\",\"valueRequired\":true,\"valueName\":\"search_term_string\"}}],\"inLanguage\":\"pt-BR\"},{\"@type\":\"Organization\",\"@id\":\"https:\/\/ubanews.com\/site\/#organization\",\"name\":\"Ub\u00e1 News\",\"url\":\"https:\/\/ubanews.com\/site\/\",\"logo\":{\"@type\":\"ImageObject\",\"inLanguage\":\"pt-BR\",\"@id\":\"https:\/\/ubanews.com\/site\/#\/schema\/logo\/image\/\",\"url\":\"https:\/\/ubanews.com\/site\/wp-content\/uploads\/2018\/01\/logoubanews.png\",\"contentUrl\":\"https:\/\/ubanews.com\/site\/wp-content\/uploads\/2018\/01\/logoubanews.png\",\"width\":261,\"height\":99,\"caption\":\"Ub\u00e1 News\"},\"image\":{\"@id\":\"https:\/\/ubanews.com\/site\/#\/schema\/logo\/image\/\"},\"sameAs\":[\"https:\/\/www.facebook.com\/Ub\u00e1News-Carlos-Roberto-Sodr\u00e9-418778301977370\"]},{\"@type\":\"Person\",\"@id\":\"https:\/\/ubanews.com\/site\/#\/schema\/person\/d90c9e47252fbb63dcc969fe4c8b9d10\",\"name\":\"Sodr\u00e9\",\"image\":{\"@type\":\"ImageObject\",\"inLanguage\":\"pt-BR\",\"@id\":\"https:\/\/secure.gravatar.com\/avatar\/5ba2793f0590b9dbfad3fdec4ee714485b3eef211c9b32ee53d414060454a56c?s=96&d=mm&r=g\",\"url\":\"https:\/\/secure.gravatar.com\/avatar\/5ba2793f0590b9dbfad3fdec4ee714485b3eef211c9b32ee53d414060454a56c?s=96&d=mm&r=g\",\"contentUrl\":\"https:\/\/secure.gravatar.com\/avatar\/5ba2793f0590b9dbfad3fdec4ee714485b3eef211c9b32ee53d414060454a56c?s=96&d=mm&r=g\",\"caption\":\"Sodr\u00e9\"},\"sameAs\":[\"https:\/\/www.facebook.com\/carosroberto.sodre.5\/\"],\"url\":\"https:\/\/ubanews.com\/site\/author\/felipe\/\"}]}<\/script>\n<!-- \/ Yoast SEO plugin. -->","yoast_head_json":{"title":"EX-PREFEITO DE UB\u00c1 DECLARA APOIO \u00c0 REELEI\u00c7\u00c3O DE SARAIVA FELIPE - Ub\u00e1 News","robots":{"index":"index","follow":"follow","max-snippet":"max-snippet:-1","max-image-preview":"max-image-preview:large","max-video-preview":"max-video-preview:-1"},"canonical":"https:\/\/ubanews.com\/site\/2018\/10\/02\/ex-prefeito-de-uba-declara-apoio-a-reeleicao-de-saraiva-felipe\/","og_locale":"pt_BR","og_type":"article","og_title":"EX-PREFEITO DE UB\u00c1 DECLARA APOIO \u00c0 REELEI\u00c7\u00c3O DE SARAIVA FELIPE - Ub\u00e1 News","og_description":"O m\u00e9dico cardiologista e ex-prefeito Doutor Ant\u00f4nio Carlos Jacob apoia","og_url":"https:\/\/ubanews.com\/site\/2018\/10\/02\/ex-prefeito-de-uba-declara-apoio-a-reeleicao-de-saraiva-felipe\/","og_site_name":"Ub\u00e1 News","article_publisher":"https:\/\/www.facebook.com\/Ub%c3%a1News-Carlos-Roberto-Sodr%c3%a9-418778301977370","article_author":"https:\/\/www.facebook.com\/carosroberto.sodre.5\/","article_published_time":"2018-10-02T22:01:52+00:00","article_modified_time":"2018-10-19T13:56:09+00:00","og_image":[{"width":800,"height":389,"url":"https:\/\/ubanews.com\/site\/wp-content\/uploads\/2018\/10\/118-1.jpg","type":"image\/jpeg"}],"author":"Sodr\u00e9","twitter_card":"summary_large_image","twitter_misc":{"Escrito por":"Sodr\u00e9","Est. tempo de leitura":"1 minuto"},"schema":{"@context":"https:\/\/schema.org","@graph":[{"@type":"Article","@id":"https:\/\/ubanews.com\/site\/2018\/10\/02\/ex-prefeito-de-uba-declara-apoio-a-reeleicao-de-saraiva-felipe\/#article","isPartOf":{"@id":"https:\/\/ubanews.com\/site\/2018\/10\/02\/ex-prefeito-de-uba-declara-apoio-a-reeleicao-de-saraiva-felipe\/"},"author":{"name":"Sodr\u00e9","@id":"https:\/\/ubanews.com\/site\/#\/schema\/person\/d90c9e47252fbb63dcc969fe4c8b9d10"},"headline":"EX-PREFEITO DE UB\u00c1 DECLARA APOIO \u00c0 REELEI\u00c7\u00c3O DE SARAIVA FELIPE","datePublished":"2018-10-02T22:01:52+00:00","dateModified":"2018-10-19T13:56:09+00:00","mainEntityOfPage":{"@id":"https:\/\/ubanews.com\/site\/2018\/10\/02\/ex-prefeito-de-uba-declara-apoio-a-reeleicao-de-saraiva-felipe\/"},"wordCount":292,"commentCount":0,"publisher":{"@id":"https:\/\/ubanews.com\/site\/#organization"},"image":{"@id":"https:\/\/ubanews.com\/site\/2018\/10\/02\/ex-prefeito-de-uba-declara-apoio-a-reeleicao-de-saraiva-felipe\/#primaryimage"},"thumbnailUrl":"https:\/\/ubanews.com\/site\/wp-content\/uploads\/2018\/10\/118-1.jpg","articleSection":["Geral"],"inLanguage":"pt-BR","potentialAction":[{"@type":"CommentAction","name":"Comment","target":["https:\/\/ubanews.com\/site\/2018\/10\/02\/ex-prefeito-de-uba-declara-apoio-a-reeleicao-de-saraiva-felipe\/#respond"]}]},{"@type":"WebPage","@id":"https:\/\/ubanews.com\/site\/2018\/10\/02\/ex-prefeito-de-uba-declara-apoio-a-reeleicao-de-saraiva-felipe\/","url":"https:\/\/ubanews.com\/site\/2018\/10\/02\/ex-prefeito-de-uba-declara-apoio-a-reeleicao-de-saraiva-felipe\/","name":"EX-PREFEITO DE UB\u00c1 DECLARA APOIO \u00c0 REELEI\u00c7\u00c3O DE SARAIVA FELIPE - Ub\u00e1 News","isPartOf":{"@id":"https:\/\/ubanews.com\/site\/#website"},"primaryImageOfPage":{"@id":"https:\/\/ubanews.com\/site\/2018\/10\/02\/ex-prefeito-de-uba-declara-apoio-a-reeleicao-de-saraiva-felipe\/#primaryimage"},"image":{"@id":"https:\/\/ubanews.com\/site\/2018\/10\/02\/ex-prefeito-de-uba-declara-apoio-a-reeleicao-de-saraiva-felipe\/#primaryimage"},"thumbnailUrl":"https:\/\/ubanews.com\/site\/wp-content\/uploads\/2018\/10\/118-1.jpg","datePublished":"2018-10-02T22:01:52+00:00","dateModified":"2018-10-19T13:56:09+00:00","breadcrumb":{"@id":"https:\/\/ubanews.com\/site\/2018\/10\/02\/ex-prefeito-de-uba-declara-apoio-a-reeleicao-de-saraiva-felipe\/#breadcrumb"},"inLanguage":"pt-BR","potentialAction":[{"@type":"ReadAction","target":["https:\/\/ubanews.com\/site\/2018\/10\/02\/ex-prefeito-de-uba-declara-apoio-a-reeleicao-de-saraiva-felipe\/"]}]},{"@type":"ImageObject","inLanguage":"pt-BR","@id":"https:\/\/ubanews.com\/site\/2018\/10\/02\/ex-prefeito-de-uba-declara-apoio-a-reeleicao-de-saraiva-felipe\/#primaryimage","url":"https:\/\/ubanews.com\/site\/wp-content\/uploads\/2018\/10\/118-1.jpg","contentUrl":"https:\/\/ubanews.com\/site\/wp-content\/uploads\/2018\/10\/118-1.jpg","width":800,"height":389},{"@type":"BreadcrumbList","@id":"https:\/\/ubanews.com\/site\/2018\/10\/02\/ex-prefeito-de-uba-declara-apoio-a-reeleicao-de-saraiva-felipe\/#breadcrumb","itemListElement":[{"@type":"ListItem","position":1,"name":"Home","item":"https:\/\/ubanews.com\/site\/"},{"@type":"ListItem","position":2,"name":"EX-PREFEITO DE UB\u00c1 DECLARA APOIO \u00c0 REELEI\u00c7\u00c3O DE SARAIVA FELIPE"}]},{"@type":"WebSite","@id":"https:\/\/ubanews.com\/site\/#website","url":"https:\/\/ubanews.com\/site\/","name":"Ub\u00e1 News","description":"","publisher":{"@id":"https:\/\/ubanews.com\/site\/#organization"},"potentialAction":[{"@type":"SearchAction","target":{"@type":"EntryPoint","urlTemplate":"https:\/\/ubanews.com\/site\/?s={search_term_string}"},"query-input":{"@type":"PropertyValueSpecification","valueRequired":true,"valueName":"search_term_string"}}],"inLanguage":"pt-BR"},{"@type":"Organization","@id":"https:\/\/ubanews.com\/site\/#organization","name":"Ub\u00e1 News","url":"https:\/\/ubanews.com\/site\/","logo":{"@type":"ImageObject","inLanguage":"pt-BR","@id":"https:\/\/ubanews.com\/site\/#\/schema\/logo\/image\/","url":"https:\/\/ubanews.com\/site\/wp-content\/uploads\/2018\/01\/logoubanews.png","contentUrl":"https:\/\/ubanews.com\/site\/wp-content\/uploads\/2018\/01\/logoubanews.png","width":261,"height":99,"caption":"Ub\u00e1 News"},"image":{"@id":"https:\/\/ubanews.com\/site\/#\/schema\/logo\/image\/"},"sameAs":["https:\/\/www.facebook.com\/Ub\u00e1News-Carlos-Roberto-Sodr\u00e9-418778301977370"]},{"@type":"Person","@id":"https:\/\/ubanews.com\/site\/#\/schema\/person\/d90c9e47252fbb63dcc969fe4c8b9d10","name":"Sodr\u00e9","image":{"@type":"ImageObject","inLanguage":"pt-BR","@id":"https:\/\/secure.gravatar.com\/avatar\/5ba2793f0590b9dbfad3fdec4ee714485b3eef211c9b32ee53d414060454a56c?s=96&d=mm&r=g","url":"https:\/\/secure.gravatar.com\/avatar\/5ba2793f0590b9dbfad3fdec4ee714485b3eef211c9b32ee53d414060454a56c?s=96&d=mm&r=g","contentUrl":"https:\/\/secure.gravatar.com\/avatar\/5ba2793f0590b9dbfad3fdec4ee714485b3eef211c9b32ee53d414060454a56c?s=96&d=mm&r=g","caption":"Sodr\u00e9"},"sameAs":["https:\/\/www.facebook.com\/carosroberto.sodre.5\/"],"url":"https:\/\/ubanews.com\/site\/author\/felipe\/"}]}},"_links":{"self":[{"href":"https:\/\/ubanews.com\/site\/wp-json\/wp\/v2\/posts\/7848","targetHints":{"allow":["GET"]}}],"collection":[{"href":"https:\/\/ubanews.com\/site\/wp-json\/wp\/v2\/posts"}],"about":[{"href":"https:\/\/ubanews.com\/site\/wp-json\/wp\/v2\/types\/post"}],"author":[{"embeddable":true,"href":"https:\/\/ubanews.com\/site\/wp-json\/wp\/v2\/users\/2"}],"replies":[{"embeddable":true,"href":"https:\/\/ubanews.com\/site\/wp-json\/wp\/v2\/comments?post=7848"}],"version-history":[{"count":0,"href":"https:\/\/ubanews.com\/site\/wp-json\/wp\/v2\/posts\/7848\/revisions"}],"wp:featuredmedia":[{"embeddable":true,"href":"https:\/\/ubanews.com\/site\/wp-json\/wp\/v2\/media\/7857"}],"wp:attachment":[{"href":"https:\/\/ubanews.com\/site\/wp-json\/wp\/v2\/media?parent=7848"}],"wp:term":[{"taxonomy":"category","embeddable":true,"href":"https:\/\/ubanews.com\/site\/wp-json\/wp\/v2\/categories?post=7848"},{"taxonomy":"post_tag","embeddable":true,"href":"https:\/\/ubanews.com\/site\/wp-json\/wp\/v2\/tags?post=7848"}],"curies":[{"name":"wp","href":"https:\/\/api.w.org\/{rel}","templated":true}]}}