{"id":7841,"date":"2018-10-02T10:03:38","date_gmt":"2018-10-02T13:03:38","guid":{"rendered":"http:\/\/ubanews.com\/site\/?p=7841"},"modified":"2018-10-02T10:03:38","modified_gmt":"2018-10-02T13:03:38","slug":"condutor-de-motocicleta-e-preso-por-direcao-perigosa-e-por-posse-de-especies-fauna-silvestre-sem-licenca","status":"publish","type":"post","link":"https:\/\/ubanews.com\/site\/2018\/10\/02\/condutor-de-motocicleta-e-preso-por-direcao-perigosa-e-por-posse-de-especies-fauna-silvestre-sem-licenca\/","title":{"rendered":"Condutor de motocicleta \u00e9 preso por dire\u00e7\u00e3o perigosa e por posse de esp\u00e9cies fauna silvestre sem licen\u00e7a"},"content":{"rendered":"<p><a href=\"https:\/\/ubanews.com\/site\/wp-content\/uploads\/2018\/10\/116.jpg\"><img decoding=\"async\" class=\"alignnone size-medium wp-image-7842 lazyload\" data-src=\"https:\/\/ubanews.com\/site\/wp-content\/uploads\/2018\/10\/116-181x300.jpg\" alt=\"\" width=\"181\" height=\"300\" data-srcset=\"https:\/\/ubanews.com\/site\/wp-content\/uploads\/2018\/10\/116-181x300.jpg 181w, https:\/\/ubanews.com\/site\/wp-content\/uploads\/2018\/10\/116.jpg 361w\" data-sizes=\"(max-width: 181px) 100vw, 181px\" src=\"data:image\/svg+xml;base64,PHN2ZyB3aWR0aD0iMSIgaGVpZ2h0PSIxIiB4bWxucz0iaHR0cDovL3d3dy53My5vcmcvMjAwMC9zdmciPjwvc3ZnPg==\" style=\"--smush-placeholder-width: 181px; --smush-placeholder-aspect-ratio: 181\/300;\" \/><\/a><\/p>\n<p>No dia 1\u00ba de outubro \u00e0s 08h50min a Policia Militar realizava patrulhamento pela cidade quando os militares depararam com um cidad\u00e3o de porte f\u00edsico magro, c\u00fatis branca, trajando bermuda tactel e blusa de frio, conduzindo uma motocicleta Honda\/CBX 250 Twister, amarela, placa aparentemente feita de forma artesanal com numerais KUW5997. O condutor do ve\u00edculo ao perceber a presen\u00e7a imprimiu maior velocidade, aparentemente no intuito de distanciar-se da viatura. Os militares deram ordem de parada ao motociclista, simultaneamente sendo acionado o sirene e o giroflex da viatura tendo ent\u00e3o o condutor imprimido intensa velocidade, desobedecendo ordem policial, realizando manobras arriscadas por entre os ve\u00edculos que estavam circulando na via, usando de ultrapassagens inseguras por entre os ve\u00edculos, dentre esses ciclistas, motociclistas, autom\u00f3veis, al\u00e9m de ter quase atingido\/atropelado uma senhora que estava com uma crian\u00e7a que havia iniciado travessia da via, colocando em risco sua integridade f\u00edsica e de terceiros, e demais usu\u00e1rios da via, podendo ainda causar um grave acidente. O condutor conseguiu se distanciar consideravelmente, sendo identificado pelos militares se tratando de Ad\u00e3o Jose Gomes de 35 anos, contudo conseguiu fugir.<\/p>\n<p>Com identifica\u00e7\u00e3o do condutor os militares foram at\u00e9 sua resid\u00eancia que fica na localidade de Santo Ant\u00f4nio do Rio Preto, na cidade de Mira\u00ed, onde foi feito contato com a am\u00e1sia de Ad\u00e3o, que ligou para Ad\u00e3o e ele prontificou-se a se entregar. Na casa havia 2 p\u00e1ssaros da fauna silvestre (coleiros), que n\u00e3o possuem anilha ou outro documento regular.&nbsp; Durante o registro de ocorr\u00eancia Ad\u00e3o Jose Gomes apresentou-se aos policiais e assumiu ser o condutor e autor da dire\u00e7\u00e3o perigosa, e que a placa vista pela guarni\u00e7\u00e3o, era realmente a da moto, mas que teria feito de forma improvisada com pl\u00e1stico e pintada \u00e0 m\u00e3o os numerais. Ad\u00e3o assumiu ainda a propriedade dos p\u00e1ssaros e n\u00e3o apresentou qualquer documento legal dos coleiros.<a href=\"https:\/\/ubanews.com\/site\/wp-content\/uploads\/2018\/08\/ELETRO-SENA-AUTOMOTIVA-2.jpg\"><img decoding=\"async\" class=\"alignnone wp-image-7016 size-full lazyload\" data-src=\"https:\/\/ubanews.com\/site\/wp-content\/uploads\/2018\/08\/ELETRO-SENA-AUTOMOTIVA-2.jpg\" alt=\"\" width=\"800\" height=\"264\" data-srcset=\"https:\/\/ubanews.com\/site\/wp-content\/uploads\/2018\/08\/ELETRO-SENA-AUTOMOTIVA-2.jpg 800w, https:\/\/ubanews.com\/site\/wp-content\/uploads\/2018\/08\/ELETRO-SENA-AUTOMOTIVA-2-300x99.jpg 300w, https:\/\/ubanews.com\/site\/wp-content\/uploads\/2018\/08\/ELETRO-SENA-AUTOMOTIVA-2-768x253.jpg 768w\" data-sizes=\"(max-width: 800px) 100vw, 800px\" src=\"data:image\/svg+xml;base64,PHN2ZyB3aWR0aD0iMSIgaGVpZ2h0PSIxIiB4bWxucz0iaHR0cDovL3d3dy53My5vcmcvMjAwMC9zdmciPjwvc3ZnPg==\" style=\"--smush-placeholder-width: 800px; --smush-placeholder-aspect-ratio: 800\/264;\" \/><\/a><\/p>\n<p>Ad\u00e3o Jose Gomes foi preso por dire\u00e7\u00e3o perigosa de ve\u00edculos e ter em cativeiro esp\u00e9cies fauna silvestre sem licen\u00e7a, sendo conduzido at\u00e9 a Delegacia de Pol\u00edcia Civil com a motocicleta e os p\u00e1ssaros apreendidos.<\/p>\n<p><strong>A<\/strong><strong>SSESSORIA DE COMUNICA\u00c7\u00c3O ORGANIZACIONAL<\/strong><\/p>\n<p><strong><em>Vig\u00e9simo Primeiro Batalh\u00e3o de Pol\u00edcia Militar <\/em><\/strong><a href=\"https:\/\/ubanews.com\/site\/wp-content\/uploads\/2018\/09\/Auto-Films-3.jpg\"><img decoding=\"async\" class=\"alignnone wp-image-7740 size-full lazyload\" data-src=\"https:\/\/ubanews.com\/site\/wp-content\/uploads\/2018\/09\/Auto-Films-3.jpg\" alt=\"\" width=\"800\" height=\"200\" data-srcset=\"https:\/\/ubanews.com\/site\/wp-content\/uploads\/2018\/09\/Auto-Films-3.jpg 800w, https:\/\/ubanews.com\/site\/wp-content\/uploads\/2018\/09\/Auto-Films-3-300x75.jpg 300w, https:\/\/ubanews.com\/site\/wp-content\/uploads\/2018\/09\/Auto-Films-3-768x192.jpg 768w\" data-sizes=\"(max-width: 800px) 100vw, 800px\" src=\"data:image\/svg+xml;base64,PHN2ZyB3aWR0aD0iMSIgaGVpZ2h0PSIxIiB4bWxucz0iaHR0cDovL3d3dy53My5vcmcvMjAwMC9zdmciPjwvc3ZnPg==\" style=\"--smush-placeholder-width: 800px; --smush-placeholder-aspect-ratio: 800\/200;\" \/><\/a><\/p>\n","protected":false},"excerpt":{"rendered":"<p>No dia 1\u00ba de outubro \u00e0s 08h50min a Policia Militar<\/p>\n","protected":false},"author":2,"featured_media":6482,"comment_status":"open","ping_status":"open","sticky":false,"template":"","format":"standard","meta":{"footnotes":""},"categories":[13],"tags":[],"class_list":["post-7841","post","type-post","status-publish","format-standard","has-post-thumbnail","hentry","category-sintese-das-ocorrencias"],"yoast_head":"<!-- This site is optimized with the Yoast SEO plugin v27.2 - https:\/\/yoast.com\/product\/yoast-seo-wordpress\/ -->\n<title>Condutor de motocicleta \u00e9 preso por dire\u00e7\u00e3o perigosa e por posse de esp\u00e9cies fauna silvestre sem licen\u00e7a - Ub\u00e1 News<\/title>\n<meta name=\"robots\" content=\"index, follow, max-snippet:-1, max-image-preview:large, max-video-preview:-1\" \/>\n<link rel=\"canonical\" href=\"https:\/\/ubanews.com\/site\/2018\/10\/02\/condutor-de-motocicleta-e-preso-por-direcao-perigosa-e-por-posse-de-especies-fauna-silvestre-sem-licenca\/\" \/>\n<meta property=\"og:locale\" content=\"pt_BR\" \/>\n<meta property=\"og:type\" content=\"article\" \/>\n<meta property=\"og:title\" content=\"Condutor de motocicleta \u00e9 preso por dire\u00e7\u00e3o perigosa e por posse de esp\u00e9cies fauna silvestre sem licen\u00e7a - Ub\u00e1 News\" \/>\n<meta property=\"og:description\" content=\"No dia 1\u00ba de outubro \u00e0s 08h50min a Policia Militar\" \/>\n<meta property=\"og:url\" content=\"https:\/\/ubanews.com\/site\/2018\/10\/02\/condutor-de-motocicleta-e-preso-por-direcao-perigosa-e-por-posse-de-especies-fauna-silvestre-sem-licenca\/\" \/>\n<meta property=\"og:site_name\" content=\"Ub\u00e1 News\" \/>\n<meta property=\"article:publisher\" content=\"https:\/\/www.facebook.com\/Ub%c3%a1News-Carlos-Roberto-Sodr%c3%a9-418778301977370\" \/>\n<meta property=\"article:author\" content=\"https:\/\/www.facebook.com\/carosroberto.sodre.5\/\" \/>\n<meta property=\"article:published_time\" content=\"2018-10-02T13:03:38+00:00\" \/>\n<meta property=\"og:image\" content=\"https:\/\/ubanews.com\/site\/wp-content\/uploads\/2018\/08\/Preso-1.jpg\" \/>\n\t<meta property=\"og:image:width\" content=\"800\" \/>\n\t<meta property=\"og:image:height\" content=\"389\" \/>\n\t<meta property=\"og:image:type\" content=\"image\/jpeg\" \/>\n<meta name=\"author\" content=\"Sodr\u00e9\" \/>\n<meta name=\"twitter:card\" content=\"summary_large_image\" \/>\n<meta name=\"twitter:label1\" content=\"Escrito por\" \/>\n\t<meta name=\"twitter:data1\" content=\"Sodr\u00e9\" \/>\n\t<meta name=\"twitter:label2\" content=\"Est. tempo de leitura\" \/>\n\t<meta name=\"twitter:data2\" content=\"2 minutos\" \/>\n<script type=\"application\/ld+json\" class=\"yoast-schema-graph\">{\"@context\":\"https:\/\/schema.org\",\"@graph\":[{\"@type\":\"Article\",\"@id\":\"https:\/\/ubanews.com\/site\/2018\/10\/02\/condutor-de-motocicleta-e-preso-por-direcao-perigosa-e-por-posse-de-especies-fauna-silvestre-sem-licenca\/#article\",\"isPartOf\":{\"@id\":\"https:\/\/ubanews.com\/site\/2018\/10\/02\/condutor-de-motocicleta-e-preso-por-direcao-perigosa-e-por-posse-de-especies-fauna-silvestre-sem-licenca\/\"},\"author\":{\"name\":\"Sodr\u00e9\",\"@id\":\"https:\/\/ubanews.com\/site\/#\/schema\/person\/d90c9e47252fbb63dcc969fe4c8b9d10\"},\"headline\":\"Condutor de motocicleta \u00e9 preso por dire\u00e7\u00e3o perigosa e por posse de esp\u00e9cies fauna silvestre sem licen\u00e7a\",\"datePublished\":\"2018-10-02T13:03:38+00:00\",\"mainEntityOfPage\":{\"@id\":\"https:\/\/ubanews.com\/site\/2018\/10\/02\/condutor-de-motocicleta-e-preso-por-direcao-perigosa-e-por-posse-de-especies-fauna-silvestre-sem-licenca\/\"},\"wordCount\":409,\"commentCount\":0,\"publisher\":{\"@id\":\"https:\/\/ubanews.com\/site\/#organization\"},\"image\":{\"@id\":\"https:\/\/ubanews.com\/site\/2018\/10\/02\/condutor-de-motocicleta-e-preso-por-direcao-perigosa-e-por-posse-de-especies-fauna-silvestre-sem-licenca\/#primaryimage\"},\"thumbnailUrl\":\"https:\/\/ubanews.com\/site\/wp-content\/uploads\/2018\/08\/Preso-1.jpg\",\"articleSection\":[\"S\u00edntese das Ocorr\u00eancias\"],\"inLanguage\":\"pt-BR\",\"potentialAction\":[{\"@type\":\"CommentAction\",\"name\":\"Comment\",\"target\":[\"https:\/\/ubanews.com\/site\/2018\/10\/02\/condutor-de-motocicleta-e-preso-por-direcao-perigosa-e-por-posse-de-especies-fauna-silvestre-sem-licenca\/#respond\"]}]},{\"@type\":\"WebPage\",\"@id\":\"https:\/\/ubanews.com\/site\/2018\/10\/02\/condutor-de-motocicleta-e-preso-por-direcao-perigosa-e-por-posse-de-especies-fauna-silvestre-sem-licenca\/\",\"url\":\"https:\/\/ubanews.com\/site\/2018\/10\/02\/condutor-de-motocicleta-e-preso-por-direcao-perigosa-e-por-posse-de-especies-fauna-silvestre-sem-licenca\/\",\"name\":\"Condutor de motocicleta \u00e9 preso por dire\u00e7\u00e3o perigosa e por posse de esp\u00e9cies fauna silvestre sem licen\u00e7a - Ub\u00e1 News\",\"isPartOf\":{\"@id\":\"https:\/\/ubanews.com\/site\/#website\"},\"primaryImageOfPage\":{\"@id\":\"https:\/\/ubanews.com\/site\/2018\/10\/02\/condutor-de-motocicleta-e-preso-por-direcao-perigosa-e-por-posse-de-especies-fauna-silvestre-sem-licenca\/#primaryimage\"},\"image\":{\"@id\":\"https:\/\/ubanews.com\/site\/2018\/10\/02\/condutor-de-motocicleta-e-preso-por-direcao-perigosa-e-por-posse-de-especies-fauna-silvestre-sem-licenca\/#primaryimage\"},\"thumbnailUrl\":\"https:\/\/ubanews.com\/site\/wp-content\/uploads\/2018\/08\/Preso-1.jpg\",\"datePublished\":\"2018-10-02T13:03:38+00:00\",\"breadcrumb\":{\"@id\":\"https:\/\/ubanews.com\/site\/2018\/10\/02\/condutor-de-motocicleta-e-preso-por-direcao-perigosa-e-por-posse-de-especies-fauna-silvestre-sem-licenca\/#breadcrumb\"},\"inLanguage\":\"pt-BR\",\"potentialAction\":[{\"@type\":\"ReadAction\",\"target\":[\"https:\/\/ubanews.com\/site\/2018\/10\/02\/condutor-de-motocicleta-e-preso-por-direcao-perigosa-e-por-posse-de-especies-fauna-silvestre-sem-licenca\/\"]}]},{\"@type\":\"ImageObject\",\"inLanguage\":\"pt-BR\",\"@id\":\"https:\/\/ubanews.com\/site\/2018\/10\/02\/condutor-de-motocicleta-e-preso-por-direcao-perigosa-e-por-posse-de-especies-fauna-silvestre-sem-licenca\/#primaryimage\",\"url\":\"https:\/\/ubanews.com\/site\/wp-content\/uploads\/2018\/08\/Preso-1.jpg\",\"contentUrl\":\"https:\/\/ubanews.com\/site\/wp-content\/uploads\/2018\/08\/Preso-1.jpg\",\"width\":800,\"height\":389},{\"@type\":\"BreadcrumbList\",\"@id\":\"https:\/\/ubanews.com\/site\/2018\/10\/02\/condutor-de-motocicleta-e-preso-por-direcao-perigosa-e-por-posse-de-especies-fauna-silvestre-sem-licenca\/#breadcrumb\",\"itemListElement\":[{\"@type\":\"ListItem\",\"position\":1,\"name\":\"Home\",\"item\":\"https:\/\/ubanews.com\/site\/\"},{\"@type\":\"ListItem\",\"position\":2,\"name\":\"Condutor de motocicleta \u00e9 preso por dire\u00e7\u00e3o perigosa e por posse de esp\u00e9cies fauna silvestre sem licen\u00e7a\"}]},{\"@type\":\"WebSite\",\"@id\":\"https:\/\/ubanews.com\/site\/#website\",\"url\":\"https:\/\/ubanews.com\/site\/\",\"name\":\"Ub\u00e1 News\",\"description\":\"\",\"publisher\":{\"@id\":\"https:\/\/ubanews.com\/site\/#organization\"},\"potentialAction\":[{\"@type\":\"SearchAction\",\"target\":{\"@type\":\"EntryPoint\",\"urlTemplate\":\"https:\/\/ubanews.com\/site\/?s={search_term_string}\"},\"query-input\":{\"@type\":\"PropertyValueSpecification\",\"valueRequired\":true,\"valueName\":\"search_term_string\"}}],\"inLanguage\":\"pt-BR\"},{\"@type\":\"Organization\",\"@id\":\"https:\/\/ubanews.com\/site\/#organization\",\"name\":\"Ub\u00e1 News\",\"url\":\"https:\/\/ubanews.com\/site\/\",\"logo\":{\"@type\":\"ImageObject\",\"inLanguage\":\"pt-BR\",\"@id\":\"https:\/\/ubanews.com\/site\/#\/schema\/logo\/image\/\",\"url\":\"https:\/\/ubanews.com\/site\/wp-content\/uploads\/2018\/01\/logoubanews.png\",\"contentUrl\":\"https:\/\/ubanews.com\/site\/wp-content\/uploads\/2018\/01\/logoubanews.png\",\"width\":261,\"height\":99,\"caption\":\"Ub\u00e1 News\"},\"image\":{\"@id\":\"https:\/\/ubanews.com\/site\/#\/schema\/logo\/image\/\"},\"sameAs\":[\"https:\/\/www.facebook.com\/Ub\u00e1News-Carlos-Roberto-Sodr\u00e9-418778301977370\"]},{\"@type\":\"Person\",\"@id\":\"https:\/\/ubanews.com\/site\/#\/schema\/person\/d90c9e47252fbb63dcc969fe4c8b9d10\",\"name\":\"Sodr\u00e9\",\"image\":{\"@type\":\"ImageObject\",\"inLanguage\":\"pt-BR\",\"@id\":\"https:\/\/secure.gravatar.com\/avatar\/5ba2793f0590b9dbfad3fdec4ee714485b3eef211c9b32ee53d414060454a56c?s=96&d=mm&r=g\",\"url\":\"https:\/\/secure.gravatar.com\/avatar\/5ba2793f0590b9dbfad3fdec4ee714485b3eef211c9b32ee53d414060454a56c?s=96&d=mm&r=g\",\"contentUrl\":\"https:\/\/secure.gravatar.com\/avatar\/5ba2793f0590b9dbfad3fdec4ee714485b3eef211c9b32ee53d414060454a56c?s=96&d=mm&r=g\",\"caption\":\"Sodr\u00e9\"},\"sameAs\":[\"https:\/\/www.facebook.com\/carosroberto.sodre.5\/\"],\"url\":\"https:\/\/ubanews.com\/site\/author\/felipe\/\"}]}<\/script>\n<!-- \/ Yoast SEO plugin. -->","yoast_head_json":{"title":"Condutor de motocicleta \u00e9 preso por dire\u00e7\u00e3o perigosa e por posse de esp\u00e9cies fauna silvestre sem licen\u00e7a - Ub\u00e1 News","robots":{"index":"index","follow":"follow","max-snippet":"max-snippet:-1","max-image-preview":"max-image-preview:large","max-video-preview":"max-video-preview:-1"},"canonical":"https:\/\/ubanews.com\/site\/2018\/10\/02\/condutor-de-motocicleta-e-preso-por-direcao-perigosa-e-por-posse-de-especies-fauna-silvestre-sem-licenca\/","og_locale":"pt_BR","og_type":"article","og_title":"Condutor de motocicleta \u00e9 preso por dire\u00e7\u00e3o perigosa e por posse de esp\u00e9cies fauna silvestre sem licen\u00e7a - Ub\u00e1 News","og_description":"No dia 1\u00ba de outubro \u00e0s 08h50min a Policia Militar","og_url":"https:\/\/ubanews.com\/site\/2018\/10\/02\/condutor-de-motocicleta-e-preso-por-direcao-perigosa-e-por-posse-de-especies-fauna-silvestre-sem-licenca\/","og_site_name":"Ub\u00e1 News","article_publisher":"https:\/\/www.facebook.com\/Ub%c3%a1News-Carlos-Roberto-Sodr%c3%a9-418778301977370","article_author":"https:\/\/www.facebook.com\/carosroberto.sodre.5\/","article_published_time":"2018-10-02T13:03:38+00:00","og_image":[{"width":800,"height":389,"url":"https:\/\/ubanews.com\/site\/wp-content\/uploads\/2018\/08\/Preso-1.jpg","type":"image\/jpeg"}],"author":"Sodr\u00e9","twitter_card":"summary_large_image","twitter_misc":{"Escrito por":"Sodr\u00e9","Est. tempo de leitura":"2 minutos"},"schema":{"@context":"https:\/\/schema.org","@graph":[{"@type":"Article","@id":"https:\/\/ubanews.com\/site\/2018\/10\/02\/condutor-de-motocicleta-e-preso-por-direcao-perigosa-e-por-posse-de-especies-fauna-silvestre-sem-licenca\/#article","isPartOf":{"@id":"https:\/\/ubanews.com\/site\/2018\/10\/02\/condutor-de-motocicleta-e-preso-por-direcao-perigosa-e-por-posse-de-especies-fauna-silvestre-sem-licenca\/"},"author":{"name":"Sodr\u00e9","@id":"https:\/\/ubanews.com\/site\/#\/schema\/person\/d90c9e47252fbb63dcc969fe4c8b9d10"},"headline":"Condutor de motocicleta \u00e9 preso por dire\u00e7\u00e3o perigosa e por posse de esp\u00e9cies fauna silvestre sem licen\u00e7a","datePublished":"2018-10-02T13:03:38+00:00","mainEntityOfPage":{"@id":"https:\/\/ubanews.com\/site\/2018\/10\/02\/condutor-de-motocicleta-e-preso-por-direcao-perigosa-e-por-posse-de-especies-fauna-silvestre-sem-licenca\/"},"wordCount":409,"commentCount":0,"publisher":{"@id":"https:\/\/ubanews.com\/site\/#organization"},"image":{"@id":"https:\/\/ubanews.com\/site\/2018\/10\/02\/condutor-de-motocicleta-e-preso-por-direcao-perigosa-e-por-posse-de-especies-fauna-silvestre-sem-licenca\/#primaryimage"},"thumbnailUrl":"https:\/\/ubanews.com\/site\/wp-content\/uploads\/2018\/08\/Preso-1.jpg","articleSection":["S\u00edntese das Ocorr\u00eancias"],"inLanguage":"pt-BR","potentialAction":[{"@type":"CommentAction","name":"Comment","target":["https:\/\/ubanews.com\/site\/2018\/10\/02\/condutor-de-motocicleta-e-preso-por-direcao-perigosa-e-por-posse-de-especies-fauna-silvestre-sem-licenca\/#respond"]}]},{"@type":"WebPage","@id":"https:\/\/ubanews.com\/site\/2018\/10\/02\/condutor-de-motocicleta-e-preso-por-direcao-perigosa-e-por-posse-de-especies-fauna-silvestre-sem-licenca\/","url":"https:\/\/ubanews.com\/site\/2018\/10\/02\/condutor-de-motocicleta-e-preso-por-direcao-perigosa-e-por-posse-de-especies-fauna-silvestre-sem-licenca\/","name":"Condutor de motocicleta \u00e9 preso por dire\u00e7\u00e3o perigosa e por posse de esp\u00e9cies fauna silvestre sem licen\u00e7a - Ub\u00e1 News","isPartOf":{"@id":"https:\/\/ubanews.com\/site\/#website"},"primaryImageOfPage":{"@id":"https:\/\/ubanews.com\/site\/2018\/10\/02\/condutor-de-motocicleta-e-preso-por-direcao-perigosa-e-por-posse-de-especies-fauna-silvestre-sem-licenca\/#primaryimage"},"image":{"@id":"https:\/\/ubanews.com\/site\/2018\/10\/02\/condutor-de-motocicleta-e-preso-por-direcao-perigosa-e-por-posse-de-especies-fauna-silvestre-sem-licenca\/#primaryimage"},"thumbnailUrl":"https:\/\/ubanews.com\/site\/wp-content\/uploads\/2018\/08\/Preso-1.jpg","datePublished":"2018-10-02T13:03:38+00:00","breadcrumb":{"@id":"https:\/\/ubanews.com\/site\/2018\/10\/02\/condutor-de-motocicleta-e-preso-por-direcao-perigosa-e-por-posse-de-especies-fauna-silvestre-sem-licenca\/#breadcrumb"},"inLanguage":"pt-BR","potentialAction":[{"@type":"ReadAction","target":["https:\/\/ubanews.com\/site\/2018\/10\/02\/condutor-de-motocicleta-e-preso-por-direcao-perigosa-e-por-posse-de-especies-fauna-silvestre-sem-licenca\/"]}]},{"@type":"ImageObject","inLanguage":"pt-BR","@id":"https:\/\/ubanews.com\/site\/2018\/10\/02\/condutor-de-motocicleta-e-preso-por-direcao-perigosa-e-por-posse-de-especies-fauna-silvestre-sem-licenca\/#primaryimage","url":"https:\/\/ubanews.com\/site\/wp-content\/uploads\/2018\/08\/Preso-1.jpg","contentUrl":"https:\/\/ubanews.com\/site\/wp-content\/uploads\/2018\/08\/Preso-1.jpg","width":800,"height":389},{"@type":"BreadcrumbList","@id":"https:\/\/ubanews.com\/site\/2018\/10\/02\/condutor-de-motocicleta-e-preso-por-direcao-perigosa-e-por-posse-de-especies-fauna-silvestre-sem-licenca\/#breadcrumb","itemListElement":[{"@type":"ListItem","position":1,"name":"Home","item":"https:\/\/ubanews.com\/site\/"},{"@type":"ListItem","position":2,"name":"Condutor de motocicleta \u00e9 preso por dire\u00e7\u00e3o perigosa e por posse de esp\u00e9cies fauna silvestre sem licen\u00e7a"}]},{"@type":"WebSite","@id":"https:\/\/ubanews.com\/site\/#website","url":"https:\/\/ubanews.com\/site\/","name":"Ub\u00e1 News","description":"","publisher":{"@id":"https:\/\/ubanews.com\/site\/#organization"},"potentialAction":[{"@type":"SearchAction","target":{"@type":"EntryPoint","urlTemplate":"https:\/\/ubanews.com\/site\/?s={search_term_string}"},"query-input":{"@type":"PropertyValueSpecification","valueRequired":true,"valueName":"search_term_string"}}],"inLanguage":"pt-BR"},{"@type":"Organization","@id":"https:\/\/ubanews.com\/site\/#organization","name":"Ub\u00e1 News","url":"https:\/\/ubanews.com\/site\/","logo":{"@type":"ImageObject","inLanguage":"pt-BR","@id":"https:\/\/ubanews.com\/site\/#\/schema\/logo\/image\/","url":"https:\/\/ubanews.com\/site\/wp-content\/uploads\/2018\/01\/logoubanews.png","contentUrl":"https:\/\/ubanews.com\/site\/wp-content\/uploads\/2018\/01\/logoubanews.png","width":261,"height":99,"caption":"Ub\u00e1 News"},"image":{"@id":"https:\/\/ubanews.com\/site\/#\/schema\/logo\/image\/"},"sameAs":["https:\/\/www.facebook.com\/Ub\u00e1News-Carlos-Roberto-Sodr\u00e9-418778301977370"]},{"@type":"Person","@id":"https:\/\/ubanews.com\/site\/#\/schema\/person\/d90c9e47252fbb63dcc969fe4c8b9d10","name":"Sodr\u00e9","image":{"@type":"ImageObject","inLanguage":"pt-BR","@id":"https:\/\/secure.gravatar.com\/avatar\/5ba2793f0590b9dbfad3fdec4ee714485b3eef211c9b32ee53d414060454a56c?s=96&d=mm&r=g","url":"https:\/\/secure.gravatar.com\/avatar\/5ba2793f0590b9dbfad3fdec4ee714485b3eef211c9b32ee53d414060454a56c?s=96&d=mm&r=g","contentUrl":"https:\/\/secure.gravatar.com\/avatar\/5ba2793f0590b9dbfad3fdec4ee714485b3eef211c9b32ee53d414060454a56c?s=96&d=mm&r=g","caption":"Sodr\u00e9"},"sameAs":["https:\/\/www.facebook.com\/carosroberto.sodre.5\/"],"url":"https:\/\/ubanews.com\/site\/author\/felipe\/"}]}},"_links":{"self":[{"href":"https:\/\/ubanews.com\/site\/wp-json\/wp\/v2\/posts\/7841","targetHints":{"allow":["GET"]}}],"collection":[{"href":"https:\/\/ubanews.com\/site\/wp-json\/wp\/v2\/posts"}],"about":[{"href":"https:\/\/ubanews.com\/site\/wp-json\/wp\/v2\/types\/post"}],"author":[{"embeddable":true,"href":"https:\/\/ubanews.com\/site\/wp-json\/wp\/v2\/users\/2"}],"replies":[{"embeddable":true,"href":"https:\/\/ubanews.com\/site\/wp-json\/wp\/v2\/comments?post=7841"}],"version-history":[{"count":0,"href":"https:\/\/ubanews.com\/site\/wp-json\/wp\/v2\/posts\/7841\/revisions"}],"wp:featuredmedia":[{"embeddable":true,"href":"https:\/\/ubanews.com\/site\/wp-json\/wp\/v2\/media\/6482"}],"wp:attachment":[{"href":"https:\/\/ubanews.com\/site\/wp-json\/wp\/v2\/media?parent=7841"}],"wp:term":[{"taxonomy":"category","embeddable":true,"href":"https:\/\/ubanews.com\/site\/wp-json\/wp\/v2\/categories?post=7841"},{"taxonomy":"post_tag","embeddable":true,"href":"https:\/\/ubanews.com\/site\/wp-json\/wp\/v2\/tags?post=7841"}],"curies":[{"name":"wp","href":"https:\/\/api.w.org\/{rel}","templated":true}]}}