{"id":7838,"date":"2018-10-02T09:52:05","date_gmt":"2018-10-02T12:52:05","guid":{"rendered":"http:\/\/ubanews.com\/site\/?p=7838"},"modified":"2018-10-02T09:52:05","modified_gmt":"2018-10-02T12:52:05","slug":"estao-abertas-as-inscricoes-para-o-concurso-para-o-curso-de-formacao-de-soldados-do-quadro-de-pracas-especialistas-da-policia-militar-de-minas-gerais","status":"publish","type":"post","link":"https:\/\/ubanews.com\/site\/2018\/10\/02\/estao-abertas-as-inscricoes-para-o-concurso-para-o-curso-de-formacao-de-soldados-do-quadro-de-pracas-especialistas-da-policia-militar-de-minas-gerais\/","title":{"rendered":"Est\u00e3o abertas as inscri\u00e7\u00f5es para o concurso para o Curso de Forma\u00e7\u00e3o de Soldados do Quadro de Pra\u00e7as Especialistas da Pol\u00edcia Militar de Minas Gerais"},"content":{"rendered":"<p>Vagas destinadas para as categorias de T\u00e9cnico de Enfermagem, Auxiliares de Farm\u00e1cia, T\u00e9cnico em Patologia Cl\u00ednica e T\u00e9cnico de Sa\u00fade Bucal.<\/p>\n<p>O Curso ter\u00e1 dura\u00e7\u00e3o de 07 meses, com in\u00edcio previsto para Ago\/2019 e t\u00e9rmino em Fev\/2020, na Academia da Pol\u00edcia Militar, na cidade de Belo Horizonte.<\/p>\n<p>O Soldado de 2\u00aa Classe far\u00e1 jus, durante o per\u00edodo do curso, \u00e0 remunera\u00e7\u00e3o, abono fardamento, assist\u00eancia m\u00e9dico-hospitalar, psicol\u00f3gica e odontol\u00f3gica.<a href=\"https:\/\/ubanews.com\/site\/wp-content\/uploads\/2018\/08\/ELETRO-SENA-AUTOMOTIVA-2.jpg\"><img decoding=\"async\" class=\"alignnone wp-image-7016 size-full lazyload\" data-src=\"https:\/\/ubanews.com\/site\/wp-content\/uploads\/2018\/08\/ELETRO-SENA-AUTOMOTIVA-2.jpg\" alt=\"\" width=\"800\" height=\"264\" data-srcset=\"https:\/\/ubanews.com\/site\/wp-content\/uploads\/2018\/08\/ELETRO-SENA-AUTOMOTIVA-2.jpg 800w, https:\/\/ubanews.com\/site\/wp-content\/uploads\/2018\/08\/ELETRO-SENA-AUTOMOTIVA-2-300x99.jpg 300w, https:\/\/ubanews.com\/site\/wp-content\/uploads\/2018\/08\/ELETRO-SENA-AUTOMOTIVA-2-768x253.jpg 768w\" data-sizes=\"(max-width: 800px) 100vw, 800px\" src=\"data:image\/svg+xml;base64,PHN2ZyB3aWR0aD0iMSIgaGVpZ2h0PSIxIiB4bWxucz0iaHR0cDovL3d3dy53My5vcmcvMjAwMC9zdmciPjwvc3ZnPg==\" style=\"--smush-placeholder-width: 800px; --smush-placeholder-aspect-ratio: 800\/264;\" \/><\/a><\/p>\n<p><strong>S\u00e3o requisitos legais para ingresso na PMMG:<\/strong><\/p>\n<ol>\n<li>a) ser brasileiro(a);<\/li>\n<li>b) possuir n\u00edvel superior de escolaridade;<\/li>\n<li>c) estar quite com as obriga\u00e7\u00f5es eleitorais e militares;<\/li>\n<li>d) ter entre 18 (dezoito) e 30 (trinta) anos de idade na data da inclus\u00e3o, prevista para o dia<\/li>\n<\/ol>\n<p>01\/08\/2019.<\/p>\n<ol>\n<li>e) possuir idoneidade moral;<\/li>\n<li>f) ter altura m\u00ednima de 1,60m<\/li>\n<li>g) ter sanidade f\u00edsica e mental;<\/li>\n<li>h) ter aptid\u00e3o f\u00edsica;<\/li>\n<li>i) ser aprovado em avalia\u00e7\u00e3o psicol\u00f3gica;<\/li>\n<li>j) n\u00e3o apresentar, quando em uso dos diversos uniformes, tatuagem vis\u00edvel que seja, por seu significado, incompat\u00edvel com o exerc\u00edcio das atividades de policial militar;<\/li>\n<li>k) n\u00e3o ter sido demitido da PMMG, de outra institui\u00e7\u00e3o militar ou das For\u00e7as Armadas; n\u00e3o ter dado baixa no conceito &#8220;C&#8221;, n\u00e3o ter sido exonerado ou demitido da PMMG ou do Corpo de Bombeiros Militares de Minas Gerais.<\/li>\n<\/ol>\n<p>Al\u00e9m de possuir forma\u00e7\u00e3o em n\u00edvel superior de escolaridade, em qualquer \u00e1rea, dever\u00e1 possuir o curso t\u00e9cnico compat\u00edvel com a especialidade a que concorrer. O candidato dever\u00e1, tamb\u00e9m, comprovar que se encontra inscrito no respectivo Conselho Regional, como t\u00e9cnico de sua especialidade, excetuando a especialidade de Auxiliar de Farm\u00e1cia.<\/p>\n<p>A remunera\u00e7\u00e3o b\u00e1sica inicial para o Soldado 2\u00aa Classe da PMMG atual \u00e9 de R$ 3.506,41.<\/p>\n<p><strong>Ser\u00e3o oferecidas 60 vagas:<\/strong><\/p>\n<p>Auxiliar<\/p>\n<p>T\u00e9cnico de Enfermagem 26 vagas<\/p>\n<p>Auxiliares de Farm\u00e1cia 15 vagas<\/p>\n<p>T\u00e9cnico em Patologia Cl\u00ednica 09 vagas<\/p>\n<p>T\u00e9cnico de Sa\u00fade Bucal 10 vagas<\/p>\n<p>O valor da taxa de inscri\u00e7\u00e3o \u00e9 de R$122,95<\/p>\n<p>As inscri\u00e7\u00f5es acontecem do dia 19\/11\/2018 a 20\/12\/2018 atrav\u00e9s no site <strong><a href=\"http:\/\/www.policiamilitar.mg.gov.br\/crs\">www.policiamilitar.mg.gov.br\/crs<\/a><\/strong><\/p>\n<p><strong>A<\/strong><strong>SSESSORIA DE COMUNICA\u00c7\u00c3O ORGANIZACIONAL<\/strong><\/p>\n<p><strong><em>Vig\u00e9simo Primeiro Batalh\u00e3o de Pol\u00edcia Militar <\/em><\/strong><\/p>\n<p><a href=\"https:\/\/ubanews.com\/site\/wp-content\/uploads\/2018\/09\/Auto-Films-3.jpg\"><img decoding=\"async\" class=\"alignnone wp-image-7740 size-full lazyload\" data-src=\"https:\/\/ubanews.com\/site\/wp-content\/uploads\/2018\/09\/Auto-Films-3.jpg\" alt=\"\" width=\"800\" height=\"200\" data-srcset=\"https:\/\/ubanews.com\/site\/wp-content\/uploads\/2018\/09\/Auto-Films-3.jpg 800w, https:\/\/ubanews.com\/site\/wp-content\/uploads\/2018\/09\/Auto-Films-3-300x75.jpg 300w, https:\/\/ubanews.com\/site\/wp-content\/uploads\/2018\/09\/Auto-Films-3-768x192.jpg 768w\" data-sizes=\"(max-width: 800px) 100vw, 800px\" src=\"data:image\/svg+xml;base64,PHN2ZyB3aWR0aD0iMSIgaGVpZ2h0PSIxIiB4bWxucz0iaHR0cDovL3d3dy53My5vcmcvMjAwMC9zdmciPjwvc3ZnPg==\" style=\"--smush-placeholder-width: 800px; --smush-placeholder-aspect-ratio: 800\/200;\" \/><\/a><\/p>\n","protected":false},"excerpt":{"rendered":"<p>Vagas destinadas para as categorias de T\u00e9cnico de Enfermagem, Auxiliares<\/p>\n","protected":false},"author":2,"featured_media":3191,"comment_status":"open","ping_status":"open","sticky":false,"template":"","format":"standard","meta":{"footnotes":""},"categories":[13],"tags":[],"class_list":["post-7838","post","type-post","status-publish","format-standard","has-post-thumbnail","hentry","category-sintese-das-ocorrencias"],"yoast_head":"<!-- This site is optimized with the Yoast SEO plugin v27.2 - https:\/\/yoast.com\/product\/yoast-seo-wordpress\/ -->\n<title>Est\u00e3o abertas as inscri\u00e7\u00f5es para o concurso para o Curso de Forma\u00e7\u00e3o de Soldados do Quadro de Pra\u00e7as Especialistas da Pol\u00edcia Militar de Minas Gerais - Ub\u00e1 News<\/title>\n<meta name=\"robots\" content=\"index, follow, max-snippet:-1, max-image-preview:large, max-video-preview:-1\" \/>\n<link rel=\"canonical\" href=\"https:\/\/ubanews.com\/site\/2018\/10\/02\/estao-abertas-as-inscricoes-para-o-concurso-para-o-curso-de-formacao-de-soldados-do-quadro-de-pracas-especialistas-da-policia-militar-de-minas-gerais\/\" \/>\n<meta property=\"og:locale\" content=\"pt_BR\" \/>\n<meta property=\"og:type\" content=\"article\" \/>\n<meta property=\"og:title\" content=\"Est\u00e3o abertas as inscri\u00e7\u00f5es para o concurso para o Curso de Forma\u00e7\u00e3o de Soldados do Quadro de Pra\u00e7as Especialistas da Pol\u00edcia Militar de Minas Gerais - Ub\u00e1 News\" \/>\n<meta property=\"og:description\" content=\"Vagas destinadas para as categorias de T\u00e9cnico de Enfermagem, Auxiliares\" \/>\n<meta property=\"og:url\" content=\"https:\/\/ubanews.com\/site\/2018\/10\/02\/estao-abertas-as-inscricoes-para-o-concurso-para-o-curso-de-formacao-de-soldados-do-quadro-de-pracas-especialistas-da-policia-militar-de-minas-gerais\/\" \/>\n<meta property=\"og:site_name\" content=\"Ub\u00e1 News\" \/>\n<meta property=\"article:publisher\" content=\"https:\/\/www.facebook.com\/Ub%c3%a1News-Carlos-Roberto-Sodr%c3%a9-418778301977370\" \/>\n<meta property=\"article:author\" content=\"https:\/\/www.facebook.com\/carosroberto.sodre.5\/\" \/>\n<meta property=\"article:published_time\" content=\"2018-10-02T12:52:05+00:00\" \/>\n<meta property=\"og:image\" content=\"https:\/\/ubanews.com\/site\/wp-content\/uploads\/2018\/05\/pol\u00edcia-militar-png.png\" \/>\n\t<meta property=\"og:image:width\" content=\"800\" \/>\n\t<meta property=\"og:image:height\" content=\"369\" \/>\n\t<meta property=\"og:image:type\" content=\"image\/png\" \/>\n<meta name=\"author\" content=\"Sodr\u00e9\" \/>\n<meta name=\"twitter:card\" content=\"summary_large_image\" \/>\n<meta name=\"twitter:label1\" content=\"Escrito por\" \/>\n\t<meta name=\"twitter:data1\" content=\"Sodr\u00e9\" \/>\n\t<meta name=\"twitter:label2\" content=\"Est. tempo de leitura\" \/>\n\t<meta name=\"twitter:data2\" content=\"2 minutos\" \/>\n<script type=\"application\/ld+json\" class=\"yoast-schema-graph\">{\"@context\":\"https:\/\/schema.org\",\"@graph\":[{\"@type\":\"Article\",\"@id\":\"https:\/\/ubanews.com\/site\/2018\/10\/02\/estao-abertas-as-inscricoes-para-o-concurso-para-o-curso-de-formacao-de-soldados-do-quadro-de-pracas-especialistas-da-policia-militar-de-minas-gerais\/#article\",\"isPartOf\":{\"@id\":\"https:\/\/ubanews.com\/site\/2018\/10\/02\/estao-abertas-as-inscricoes-para-o-concurso-para-o-curso-de-formacao-de-soldados-do-quadro-de-pracas-especialistas-da-policia-militar-de-minas-gerais\/\"},\"author\":{\"name\":\"Sodr\u00e9\",\"@id\":\"https:\/\/ubanews.com\/site\/#\/schema\/person\/d90c9e47252fbb63dcc969fe4c8b9d10\"},\"headline\":\"Est\u00e3o abertas as inscri\u00e7\u00f5es para o concurso para o Curso de Forma\u00e7\u00e3o de Soldados do Quadro de Pra\u00e7as Especialistas da Pol\u00edcia Militar de Minas Gerais\",\"datePublished\":\"2018-10-02T12:52:05+00:00\",\"mainEntityOfPage\":{\"@id\":\"https:\/\/ubanews.com\/site\/2018\/10\/02\/estao-abertas-as-inscricoes-para-o-concurso-para-o-curso-de-formacao-de-soldados-do-quadro-de-pracas-especialistas-da-policia-militar-de-minas-gerais\/\"},\"wordCount\":405,\"commentCount\":0,\"publisher\":{\"@id\":\"https:\/\/ubanews.com\/site\/#organization\"},\"image\":{\"@id\":\"https:\/\/ubanews.com\/site\/2018\/10\/02\/estao-abertas-as-inscricoes-para-o-concurso-para-o-curso-de-formacao-de-soldados-do-quadro-de-pracas-especialistas-da-policia-militar-de-minas-gerais\/#primaryimage\"},\"thumbnailUrl\":\"https:\/\/ubanews.com\/site\/wp-content\/uploads\/2018\/05\/pol\u00edcia-militar-png.png\",\"articleSection\":[\"S\u00edntese das Ocorr\u00eancias\"],\"inLanguage\":\"pt-BR\",\"potentialAction\":[{\"@type\":\"CommentAction\",\"name\":\"Comment\",\"target\":[\"https:\/\/ubanews.com\/site\/2018\/10\/02\/estao-abertas-as-inscricoes-para-o-concurso-para-o-curso-de-formacao-de-soldados-do-quadro-de-pracas-especialistas-da-policia-militar-de-minas-gerais\/#respond\"]}]},{\"@type\":\"WebPage\",\"@id\":\"https:\/\/ubanews.com\/site\/2018\/10\/02\/estao-abertas-as-inscricoes-para-o-concurso-para-o-curso-de-formacao-de-soldados-do-quadro-de-pracas-especialistas-da-policia-militar-de-minas-gerais\/\",\"url\":\"https:\/\/ubanews.com\/site\/2018\/10\/02\/estao-abertas-as-inscricoes-para-o-concurso-para-o-curso-de-formacao-de-soldados-do-quadro-de-pracas-especialistas-da-policia-militar-de-minas-gerais\/\",\"name\":\"Est\u00e3o abertas as inscri\u00e7\u00f5es para o concurso para o Curso de Forma\u00e7\u00e3o de Soldados do Quadro de Pra\u00e7as Especialistas da Pol\u00edcia Militar de Minas Gerais - Ub\u00e1 News\",\"isPartOf\":{\"@id\":\"https:\/\/ubanews.com\/site\/#website\"},\"primaryImageOfPage\":{\"@id\":\"https:\/\/ubanews.com\/site\/2018\/10\/02\/estao-abertas-as-inscricoes-para-o-concurso-para-o-curso-de-formacao-de-soldados-do-quadro-de-pracas-especialistas-da-policia-militar-de-minas-gerais\/#primaryimage\"},\"image\":{\"@id\":\"https:\/\/ubanews.com\/site\/2018\/10\/02\/estao-abertas-as-inscricoes-para-o-concurso-para-o-curso-de-formacao-de-soldados-do-quadro-de-pracas-especialistas-da-policia-militar-de-minas-gerais\/#primaryimage\"},\"thumbnailUrl\":\"https:\/\/ubanews.com\/site\/wp-content\/uploads\/2018\/05\/pol\u00edcia-militar-png.png\",\"datePublished\":\"2018-10-02T12:52:05+00:00\",\"breadcrumb\":{\"@id\":\"https:\/\/ubanews.com\/site\/2018\/10\/02\/estao-abertas-as-inscricoes-para-o-concurso-para-o-curso-de-formacao-de-soldados-do-quadro-de-pracas-especialistas-da-policia-militar-de-minas-gerais\/#breadcrumb\"},\"inLanguage\":\"pt-BR\",\"potentialAction\":[{\"@type\":\"ReadAction\",\"target\":[\"https:\/\/ubanews.com\/site\/2018\/10\/02\/estao-abertas-as-inscricoes-para-o-concurso-para-o-curso-de-formacao-de-soldados-do-quadro-de-pracas-especialistas-da-policia-militar-de-minas-gerais\/\"]}]},{\"@type\":\"ImageObject\",\"inLanguage\":\"pt-BR\",\"@id\":\"https:\/\/ubanews.com\/site\/2018\/10\/02\/estao-abertas-as-inscricoes-para-o-concurso-para-o-curso-de-formacao-de-soldados-do-quadro-de-pracas-especialistas-da-policia-militar-de-minas-gerais\/#primaryimage\",\"url\":\"https:\/\/ubanews.com\/site\/wp-content\/uploads\/2018\/05\/pol\u00edcia-militar-png.png\",\"contentUrl\":\"https:\/\/ubanews.com\/site\/wp-content\/uploads\/2018\/05\/pol\u00edcia-militar-png.png\",\"width\":800,\"height\":369},{\"@type\":\"BreadcrumbList\",\"@id\":\"https:\/\/ubanews.com\/site\/2018\/10\/02\/estao-abertas-as-inscricoes-para-o-concurso-para-o-curso-de-formacao-de-soldados-do-quadro-de-pracas-especialistas-da-policia-militar-de-minas-gerais\/#breadcrumb\",\"itemListElement\":[{\"@type\":\"ListItem\",\"position\":1,\"name\":\"Home\",\"item\":\"https:\/\/ubanews.com\/site\/\"},{\"@type\":\"ListItem\",\"position\":2,\"name\":\"Est\u00e3o abertas as inscri\u00e7\u00f5es para o concurso para o Curso de Forma\u00e7\u00e3o de Soldados do Quadro de Pra\u00e7as Especialistas da Pol\u00edcia Militar de Minas Gerais\"}]},{\"@type\":\"WebSite\",\"@id\":\"https:\/\/ubanews.com\/site\/#website\",\"url\":\"https:\/\/ubanews.com\/site\/\",\"name\":\"Ub\u00e1 News\",\"description\":\"\",\"publisher\":{\"@id\":\"https:\/\/ubanews.com\/site\/#organization\"},\"potentialAction\":[{\"@type\":\"SearchAction\",\"target\":{\"@type\":\"EntryPoint\",\"urlTemplate\":\"https:\/\/ubanews.com\/site\/?s={search_term_string}\"},\"query-input\":{\"@type\":\"PropertyValueSpecification\",\"valueRequired\":true,\"valueName\":\"search_term_string\"}}],\"inLanguage\":\"pt-BR\"},{\"@type\":\"Organization\",\"@id\":\"https:\/\/ubanews.com\/site\/#organization\",\"name\":\"Ub\u00e1 News\",\"url\":\"https:\/\/ubanews.com\/site\/\",\"logo\":{\"@type\":\"ImageObject\",\"inLanguage\":\"pt-BR\",\"@id\":\"https:\/\/ubanews.com\/site\/#\/schema\/logo\/image\/\",\"url\":\"https:\/\/ubanews.com\/site\/wp-content\/uploads\/2018\/01\/logoubanews.png\",\"contentUrl\":\"https:\/\/ubanews.com\/site\/wp-content\/uploads\/2018\/01\/logoubanews.png\",\"width\":261,\"height\":99,\"caption\":\"Ub\u00e1 News\"},\"image\":{\"@id\":\"https:\/\/ubanews.com\/site\/#\/schema\/logo\/image\/\"},\"sameAs\":[\"https:\/\/www.facebook.com\/Ub\u00e1News-Carlos-Roberto-Sodr\u00e9-418778301977370\"]},{\"@type\":\"Person\",\"@id\":\"https:\/\/ubanews.com\/site\/#\/schema\/person\/d90c9e47252fbb63dcc969fe4c8b9d10\",\"name\":\"Sodr\u00e9\",\"image\":{\"@type\":\"ImageObject\",\"inLanguage\":\"pt-BR\",\"@id\":\"https:\/\/secure.gravatar.com\/avatar\/5ba2793f0590b9dbfad3fdec4ee714485b3eef211c9b32ee53d414060454a56c?s=96&d=mm&r=g\",\"url\":\"https:\/\/secure.gravatar.com\/avatar\/5ba2793f0590b9dbfad3fdec4ee714485b3eef211c9b32ee53d414060454a56c?s=96&d=mm&r=g\",\"contentUrl\":\"https:\/\/secure.gravatar.com\/avatar\/5ba2793f0590b9dbfad3fdec4ee714485b3eef211c9b32ee53d414060454a56c?s=96&d=mm&r=g\",\"caption\":\"Sodr\u00e9\"},\"sameAs\":[\"https:\/\/www.facebook.com\/carosroberto.sodre.5\/\"],\"url\":\"https:\/\/ubanews.com\/site\/author\/felipe\/\"}]}<\/script>\n<!-- \/ Yoast SEO plugin. -->","yoast_head_json":{"title":"Est\u00e3o abertas as inscri\u00e7\u00f5es para o concurso para o Curso de Forma\u00e7\u00e3o de Soldados do Quadro de Pra\u00e7as Especialistas da Pol\u00edcia Militar de Minas Gerais - Ub\u00e1 News","robots":{"index":"index","follow":"follow","max-snippet":"max-snippet:-1","max-image-preview":"max-image-preview:large","max-video-preview":"max-video-preview:-1"},"canonical":"https:\/\/ubanews.com\/site\/2018\/10\/02\/estao-abertas-as-inscricoes-para-o-concurso-para-o-curso-de-formacao-de-soldados-do-quadro-de-pracas-especialistas-da-policia-militar-de-minas-gerais\/","og_locale":"pt_BR","og_type":"article","og_title":"Est\u00e3o abertas as inscri\u00e7\u00f5es para o concurso para o Curso de Forma\u00e7\u00e3o de Soldados do Quadro de Pra\u00e7as Especialistas da Pol\u00edcia Militar de Minas Gerais - Ub\u00e1 News","og_description":"Vagas destinadas para as categorias de T\u00e9cnico de Enfermagem, Auxiliares","og_url":"https:\/\/ubanews.com\/site\/2018\/10\/02\/estao-abertas-as-inscricoes-para-o-concurso-para-o-curso-de-formacao-de-soldados-do-quadro-de-pracas-especialistas-da-policia-militar-de-minas-gerais\/","og_site_name":"Ub\u00e1 News","article_publisher":"https:\/\/www.facebook.com\/Ub%c3%a1News-Carlos-Roberto-Sodr%c3%a9-418778301977370","article_author":"https:\/\/www.facebook.com\/carosroberto.sodre.5\/","article_published_time":"2018-10-02T12:52:05+00:00","og_image":[{"width":800,"height":369,"url":"https:\/\/ubanews.com\/site\/wp-content\/uploads\/2018\/05\/pol\u00edcia-militar-png.png","type":"image\/png"}],"author":"Sodr\u00e9","twitter_card":"summary_large_image","twitter_misc":{"Escrito por":"Sodr\u00e9","Est. tempo de leitura":"2 minutos"},"schema":{"@context":"https:\/\/schema.org","@graph":[{"@type":"Article","@id":"https:\/\/ubanews.com\/site\/2018\/10\/02\/estao-abertas-as-inscricoes-para-o-concurso-para-o-curso-de-formacao-de-soldados-do-quadro-de-pracas-especialistas-da-policia-militar-de-minas-gerais\/#article","isPartOf":{"@id":"https:\/\/ubanews.com\/site\/2018\/10\/02\/estao-abertas-as-inscricoes-para-o-concurso-para-o-curso-de-formacao-de-soldados-do-quadro-de-pracas-especialistas-da-policia-militar-de-minas-gerais\/"},"author":{"name":"Sodr\u00e9","@id":"https:\/\/ubanews.com\/site\/#\/schema\/person\/d90c9e47252fbb63dcc969fe4c8b9d10"},"headline":"Est\u00e3o abertas as inscri\u00e7\u00f5es para o concurso para o Curso de Forma\u00e7\u00e3o de Soldados do Quadro de Pra\u00e7as Especialistas da Pol\u00edcia Militar de Minas Gerais","datePublished":"2018-10-02T12:52:05+00:00","mainEntityOfPage":{"@id":"https:\/\/ubanews.com\/site\/2018\/10\/02\/estao-abertas-as-inscricoes-para-o-concurso-para-o-curso-de-formacao-de-soldados-do-quadro-de-pracas-especialistas-da-policia-militar-de-minas-gerais\/"},"wordCount":405,"commentCount":0,"publisher":{"@id":"https:\/\/ubanews.com\/site\/#organization"},"image":{"@id":"https:\/\/ubanews.com\/site\/2018\/10\/02\/estao-abertas-as-inscricoes-para-o-concurso-para-o-curso-de-formacao-de-soldados-do-quadro-de-pracas-especialistas-da-policia-militar-de-minas-gerais\/#primaryimage"},"thumbnailUrl":"https:\/\/ubanews.com\/site\/wp-content\/uploads\/2018\/05\/pol\u00edcia-militar-png.png","articleSection":["S\u00edntese das Ocorr\u00eancias"],"inLanguage":"pt-BR","potentialAction":[{"@type":"CommentAction","name":"Comment","target":["https:\/\/ubanews.com\/site\/2018\/10\/02\/estao-abertas-as-inscricoes-para-o-concurso-para-o-curso-de-formacao-de-soldados-do-quadro-de-pracas-especialistas-da-policia-militar-de-minas-gerais\/#respond"]}]},{"@type":"WebPage","@id":"https:\/\/ubanews.com\/site\/2018\/10\/02\/estao-abertas-as-inscricoes-para-o-concurso-para-o-curso-de-formacao-de-soldados-do-quadro-de-pracas-especialistas-da-policia-militar-de-minas-gerais\/","url":"https:\/\/ubanews.com\/site\/2018\/10\/02\/estao-abertas-as-inscricoes-para-o-concurso-para-o-curso-de-formacao-de-soldados-do-quadro-de-pracas-especialistas-da-policia-militar-de-minas-gerais\/","name":"Est\u00e3o abertas as inscri\u00e7\u00f5es para o concurso para o Curso de Forma\u00e7\u00e3o de Soldados do Quadro de Pra\u00e7as Especialistas da Pol\u00edcia Militar de Minas Gerais - Ub\u00e1 News","isPartOf":{"@id":"https:\/\/ubanews.com\/site\/#website"},"primaryImageOfPage":{"@id":"https:\/\/ubanews.com\/site\/2018\/10\/02\/estao-abertas-as-inscricoes-para-o-concurso-para-o-curso-de-formacao-de-soldados-do-quadro-de-pracas-especialistas-da-policia-militar-de-minas-gerais\/#primaryimage"},"image":{"@id":"https:\/\/ubanews.com\/site\/2018\/10\/02\/estao-abertas-as-inscricoes-para-o-concurso-para-o-curso-de-formacao-de-soldados-do-quadro-de-pracas-especialistas-da-policia-militar-de-minas-gerais\/#primaryimage"},"thumbnailUrl":"https:\/\/ubanews.com\/site\/wp-content\/uploads\/2018\/05\/pol\u00edcia-militar-png.png","datePublished":"2018-10-02T12:52:05+00:00","breadcrumb":{"@id":"https:\/\/ubanews.com\/site\/2018\/10\/02\/estao-abertas-as-inscricoes-para-o-concurso-para-o-curso-de-formacao-de-soldados-do-quadro-de-pracas-especialistas-da-policia-militar-de-minas-gerais\/#breadcrumb"},"inLanguage":"pt-BR","potentialAction":[{"@type":"ReadAction","target":["https:\/\/ubanews.com\/site\/2018\/10\/02\/estao-abertas-as-inscricoes-para-o-concurso-para-o-curso-de-formacao-de-soldados-do-quadro-de-pracas-especialistas-da-policia-militar-de-minas-gerais\/"]}]},{"@type":"ImageObject","inLanguage":"pt-BR","@id":"https:\/\/ubanews.com\/site\/2018\/10\/02\/estao-abertas-as-inscricoes-para-o-concurso-para-o-curso-de-formacao-de-soldados-do-quadro-de-pracas-especialistas-da-policia-militar-de-minas-gerais\/#primaryimage","url":"https:\/\/ubanews.com\/site\/wp-content\/uploads\/2018\/05\/pol\u00edcia-militar-png.png","contentUrl":"https:\/\/ubanews.com\/site\/wp-content\/uploads\/2018\/05\/pol\u00edcia-militar-png.png","width":800,"height":369},{"@type":"BreadcrumbList","@id":"https:\/\/ubanews.com\/site\/2018\/10\/02\/estao-abertas-as-inscricoes-para-o-concurso-para-o-curso-de-formacao-de-soldados-do-quadro-de-pracas-especialistas-da-policia-militar-de-minas-gerais\/#breadcrumb","itemListElement":[{"@type":"ListItem","position":1,"name":"Home","item":"https:\/\/ubanews.com\/site\/"},{"@type":"ListItem","position":2,"name":"Est\u00e3o abertas as inscri\u00e7\u00f5es para o concurso para o Curso de Forma\u00e7\u00e3o de Soldados do Quadro de Pra\u00e7as Especialistas da Pol\u00edcia Militar de Minas Gerais"}]},{"@type":"WebSite","@id":"https:\/\/ubanews.com\/site\/#website","url":"https:\/\/ubanews.com\/site\/","name":"Ub\u00e1 News","description":"","publisher":{"@id":"https:\/\/ubanews.com\/site\/#organization"},"potentialAction":[{"@type":"SearchAction","target":{"@type":"EntryPoint","urlTemplate":"https:\/\/ubanews.com\/site\/?s={search_term_string}"},"query-input":{"@type":"PropertyValueSpecification","valueRequired":true,"valueName":"search_term_string"}}],"inLanguage":"pt-BR"},{"@type":"Organization","@id":"https:\/\/ubanews.com\/site\/#organization","name":"Ub\u00e1 News","url":"https:\/\/ubanews.com\/site\/","logo":{"@type":"ImageObject","inLanguage":"pt-BR","@id":"https:\/\/ubanews.com\/site\/#\/schema\/logo\/image\/","url":"https:\/\/ubanews.com\/site\/wp-content\/uploads\/2018\/01\/logoubanews.png","contentUrl":"https:\/\/ubanews.com\/site\/wp-content\/uploads\/2018\/01\/logoubanews.png","width":261,"height":99,"caption":"Ub\u00e1 News"},"image":{"@id":"https:\/\/ubanews.com\/site\/#\/schema\/logo\/image\/"},"sameAs":["https:\/\/www.facebook.com\/Ub\u00e1News-Carlos-Roberto-Sodr\u00e9-418778301977370"]},{"@type":"Person","@id":"https:\/\/ubanews.com\/site\/#\/schema\/person\/d90c9e47252fbb63dcc969fe4c8b9d10","name":"Sodr\u00e9","image":{"@type":"ImageObject","inLanguage":"pt-BR","@id":"https:\/\/secure.gravatar.com\/avatar\/5ba2793f0590b9dbfad3fdec4ee714485b3eef211c9b32ee53d414060454a56c?s=96&d=mm&r=g","url":"https:\/\/secure.gravatar.com\/avatar\/5ba2793f0590b9dbfad3fdec4ee714485b3eef211c9b32ee53d414060454a56c?s=96&d=mm&r=g","contentUrl":"https:\/\/secure.gravatar.com\/avatar\/5ba2793f0590b9dbfad3fdec4ee714485b3eef211c9b32ee53d414060454a56c?s=96&d=mm&r=g","caption":"Sodr\u00e9"},"sameAs":["https:\/\/www.facebook.com\/carosroberto.sodre.5\/"],"url":"https:\/\/ubanews.com\/site\/author\/felipe\/"}]}},"_links":{"self":[{"href":"https:\/\/ubanews.com\/site\/wp-json\/wp\/v2\/posts\/7838","targetHints":{"allow":["GET"]}}],"collection":[{"href":"https:\/\/ubanews.com\/site\/wp-json\/wp\/v2\/posts"}],"about":[{"href":"https:\/\/ubanews.com\/site\/wp-json\/wp\/v2\/types\/post"}],"author":[{"embeddable":true,"href":"https:\/\/ubanews.com\/site\/wp-json\/wp\/v2\/users\/2"}],"replies":[{"embeddable":true,"href":"https:\/\/ubanews.com\/site\/wp-json\/wp\/v2\/comments?post=7838"}],"version-history":[{"count":0,"href":"https:\/\/ubanews.com\/site\/wp-json\/wp\/v2\/posts\/7838\/revisions"}],"wp:featuredmedia":[{"embeddable":true,"href":"https:\/\/ubanews.com\/site\/wp-json\/wp\/v2\/media\/3191"}],"wp:attachment":[{"href":"https:\/\/ubanews.com\/site\/wp-json\/wp\/v2\/media?parent=7838"}],"wp:term":[{"taxonomy":"category","embeddable":true,"href":"https:\/\/ubanews.com\/site\/wp-json\/wp\/v2\/categories?post=7838"},{"taxonomy":"post_tag","embeddable":true,"href":"https:\/\/ubanews.com\/site\/wp-json\/wp\/v2\/tags?post=7838"}],"curies":[{"name":"wp","href":"https:\/\/api.w.org\/{rel}","templated":true}]}}