{"id":7824,"date":"2018-10-01T10:39:35","date_gmt":"2018-10-01T13:39:35","guid":{"rendered":"http:\/\/ubanews.com\/site\/?p=7824"},"modified":"2018-10-01T10:41:25","modified_gmt":"2018-10-01T13:41:25","slug":"carro-clonado-utilizado-para-assaltar-carga-em-caminhao-e-apreendido","status":"publish","type":"post","link":"https:\/\/ubanews.com\/site\/2018\/10\/01\/carro-clonado-utilizado-para-assaltar-carga-em-caminhao-e-apreendido\/","title":{"rendered":"Carro clonado utilizado para assaltar carga em caminh\u00e3o \u00e9 apreendido"},"content":{"rendered":"<p>No dia 26 de setembro ocorreu um assalto a uma carga de cigarros na cidade de Divin\u00e9sia e os militares realizaram v\u00e1rios levantamento para identificar e apurar a autoria do crime. Durante as dilig\u00eancias os militares ao analisarem as imagens de c\u00e2mera de vigil\u00e2ncia da cidade conseguiram verificar que o ve\u00edculo Iveco com carga de cigarros chegou \u00e0 pra\u00e7a da cidade e estacionou para realizar entregas, quando ent\u00e3o passam os ve\u00edculos caminh\u00e3o e caminhonete Ford Ranger tomando sentido a cidade de Senador firmino, ap\u00f3s 7 minutos o caminh\u00e3o Iveco tamb\u00e9m toma sentido a cidade de Senador Firmino.<\/p>\n<p>Informa\u00e7\u00f5es de populares acrescentaram que antes de passarem pela pra\u00e7a da cidade o caminh\u00e3o placa NXZ-8842 emplacada no munic\u00edpio de Igarap\u00e9, estava estacionado \u00e0s margens da rodovia, quando aparece uma caminhonete preta, Ford Ranger, e o condutor do caminh\u00e3o desce para conversar com o condutor da caminhonete quando ent\u00e3o se direcionam para o centro da cidade.<\/p>\n<p>Os militares consultaram as placas dos ve\u00edculos suspeitos, sendo apurado que a caminhonete Ford Ranger com a placa PXT-4000, do munic\u00edpio de S\u00e3o Gon\u00e7alo do Sapuca\u00ed pertence a um senhor de 47 anos. A Pol\u00edcia militar daquele munic\u00edpio foi acionada e foi at\u00e9 o endere\u00e7o do propriet\u00e1rio onde foi constatado que seu ve\u00edculo estava estacionado na garagem de sua casa, sendo que seu propriet\u00e1rio negou ter estado na cidade de Divin\u00e9sia no dia do assalto.<a href=\"https:\/\/ubanews.com\/site\/wp-content\/uploads\/2018\/08\/ELETRO-SENA-AUTOMOTIVA-2.jpg\"><img decoding=\"async\" class=\"alignnone wp-image-7016 size-full lazyload\" data-src=\"https:\/\/ubanews.com\/site\/wp-content\/uploads\/2018\/08\/ELETRO-SENA-AUTOMOTIVA-2.jpg\" alt=\"\" width=\"800\" height=\"264\" data-srcset=\"https:\/\/ubanews.com\/site\/wp-content\/uploads\/2018\/08\/ELETRO-SENA-AUTOMOTIVA-2.jpg 800w, https:\/\/ubanews.com\/site\/wp-content\/uploads\/2018\/08\/ELETRO-SENA-AUTOMOTIVA-2-300x99.jpg 300w, https:\/\/ubanews.com\/site\/wp-content\/uploads\/2018\/08\/ELETRO-SENA-AUTOMOTIVA-2-768x253.jpg 768w\" data-sizes=\"(max-width: 800px) 100vw, 800px\" src=\"data:image\/svg+xml;base64,PHN2ZyB3aWR0aD0iMSIgaGVpZ2h0PSIxIiB4bWxucz0iaHR0cDovL3d3dy53My5vcmcvMjAwMC9zdmciPjwvc3ZnPg==\" style=\"--smush-placeholder-width: 800px; --smush-placeholder-aspect-ratio: 800\/264;\" \/><\/a><\/p>\n<p>No dia 28 de setembro a Policia Militar da cidade de Br\u00e1s Pires patrulhava pela cidade quando os militares depararam com caminhonete Ford Ranger, preta, placa PXT-4000 estacionada. Diante das fundadas suspeitas de clonagem do ve\u00edculo e de seu poss\u00edvel envolvimento no roubo na cidade de Divin\u00e9sia. Ao procurara o propriet\u00e1rio do ve\u00edculo apresentou-se para os militares Felipe Coelho Gon\u00e7alves de 27 anos relatando que havia pegado emprestado o carro com seu primo, Lucas de C\u00e1ssio Gomes de Azevedo de 22 anos, residente na cidade de Leopoldina. Felipe acrescentou que deixou o seu carro arrumando na oficina de lanternagem na cidade de Leopoldina, e para n\u00e3o ficar sem ve\u00edculo, pegou por empr\u00e9stimo a caminhonete Ranger, e que desconhecia qualquer irregularidade com o ve\u00edculo. Ao ser questionado quando lhe foi entregue o ve\u00edculo, Felipe apresentou vers\u00f5es duvidosas, dizendo que teria sido na segunda feira dia 24 de setembro, depois disse que teria sido na ter\u00e7a feira dia 25 de setembro, at\u00e9 que depois de um tempo, disse ter certeza que haveria pegado o ve\u00edculo no dia 27 de setembro.&nbsp; Em seguida os militares ao verificarem a documenta\u00e7\u00e3o entregue por Felipe foi constatado que o CRLV apresenta est\u00e1 fora dos padr\u00f5es de expedi\u00e7\u00e3o do Detran, tamb\u00e9m foi observado que os sinais de identifica\u00e7\u00e3o do veiculo estavam adulterados e\/ou suprimidos, maculando a integridade do ve\u00edculo. Ao ser verificado o chassi da caminhonete, que estava intacto, foi constatado uma queixa furto\/roubo pertencente a placa PJS-6685, munic\u00edpio de Tanha\u00e7u\/BA.<\/p>\n<p>Felipe Coelho Gon\u00e7alves foi preso por uso de documento falso, adultera\u00e7\u00e3o de sinais caracter\u00edsticos de ve\u00edculo, sendo conduzido at\u00e9 a Delegacia de Pol\u00edcia Civil com o ve\u00edculo e o CRLV aprendido. Durante registro de ocorr\u00eancia na Delegacia compareceu Lucas de C\u00e1ssio Gomes de Azevedo alegou que alegou que comprou a caminhonete pela internet a data de 27\/09\/2018 e que n\u00e3o teria informa\u00e7\u00f5es sobre o vendedor. Lucas tamb\u00e9m recebeu voz de pris\u00e3o por uso de documento falso, adultera\u00e7\u00e3o de sinais caracter\u00edsticos de ve\u00edculo, sendo apresentado ao Delegado.<\/p>\n<p><strong>Passagens policiais de Felipe<\/strong><strong> Coelho Gon\u00e7alves:&nbsp;<\/strong><span style=\"font-size: 1.0625rem;\">Porte ilegal de arma de fogo em 17\/05\/2013<\/span><\/p>\n<p><strong>A<\/strong><strong>SSESSORIA DE COMUNICA\u00c7\u00c3O ORGANIZACIONAL<\/strong><\/p>\n<p><strong><em>Vig\u00e9simo Primeiro Batalh\u00e3o de Pol\u00edcia Militar <\/em><\/strong><\/p>\n<p><a href=\"https:\/\/ubanews.com\/site\/wp-content\/uploads\/2018\/09\/Auto-Films-3.jpg\"><img decoding=\"async\" class=\"alignnone wp-image-7740 size-full lazyload\" data-src=\"https:\/\/ubanews.com\/site\/wp-content\/uploads\/2018\/09\/Auto-Films-3.jpg\" alt=\"\" width=\"800\" height=\"200\" data-srcset=\"https:\/\/ubanews.com\/site\/wp-content\/uploads\/2018\/09\/Auto-Films-3.jpg 800w, https:\/\/ubanews.com\/site\/wp-content\/uploads\/2018\/09\/Auto-Films-3-300x75.jpg 300w, https:\/\/ubanews.com\/site\/wp-content\/uploads\/2018\/09\/Auto-Films-3-768x192.jpg 768w\" data-sizes=\"(max-width: 800px) 100vw, 800px\" src=\"data:image\/svg+xml;base64,PHN2ZyB3aWR0aD0iMSIgaGVpZ2h0PSIxIiB4bWxucz0iaHR0cDovL3d3dy53My5vcmcvMjAwMC9zdmciPjwvc3ZnPg==\" style=\"--smush-placeholder-width: 800px; --smush-placeholder-aspect-ratio: 800\/200;\" \/><\/a><\/p>\n","protected":false},"excerpt":{"rendered":"<p>No dia 26 de setembro ocorreu um assalto a uma<\/p>\n","protected":false},"author":2,"featured_media":7825,"comment_status":"open","ping_status":"open","sticky":false,"template":"","format":"standard","meta":{"footnotes":""},"categories":[13],"tags":[],"class_list":["post-7824","post","type-post","status-publish","format-standard","has-post-thumbnail","hentry","category-sintese-das-ocorrencias"],"yoast_head":"<!-- This site is optimized with the Yoast SEO plugin v27.2 - https:\/\/yoast.com\/product\/yoast-seo-wordpress\/ -->\n<title>Carro clonado utilizado para assaltar carga em caminh\u00e3o \u00e9 apreendido - Ub\u00e1 News<\/title>\n<meta name=\"robots\" content=\"index, follow, max-snippet:-1, max-image-preview:large, max-video-preview:-1\" \/>\n<link rel=\"canonical\" href=\"https:\/\/ubanews.com\/site\/2018\/10\/01\/carro-clonado-utilizado-para-assaltar-carga-em-caminhao-e-apreendido\/\" \/>\n<meta property=\"og:locale\" content=\"pt_BR\" \/>\n<meta property=\"og:type\" content=\"article\" \/>\n<meta property=\"og:title\" content=\"Carro clonado utilizado para assaltar carga em caminh\u00e3o \u00e9 apreendido - Ub\u00e1 News\" \/>\n<meta property=\"og:description\" content=\"No dia 26 de setembro ocorreu um assalto a uma\" \/>\n<meta property=\"og:url\" content=\"https:\/\/ubanews.com\/site\/2018\/10\/01\/carro-clonado-utilizado-para-assaltar-carga-em-caminhao-e-apreendido\/\" \/>\n<meta property=\"og:site_name\" content=\"Ub\u00e1 News\" \/>\n<meta property=\"article:publisher\" content=\"https:\/\/www.facebook.com\/Ub%c3%a1News-Carlos-Roberto-Sodr%c3%a9-418778301977370\" \/>\n<meta property=\"article:author\" content=\"https:\/\/www.facebook.com\/carosroberto.sodre.5\/\" \/>\n<meta property=\"article:published_time\" content=\"2018-10-01T13:39:35+00:00\" \/>\n<meta property=\"article:modified_time\" content=\"2018-10-01T13:41:25+00:00\" \/>\n<meta property=\"og:image\" content=\"https:\/\/ubanews.com\/site\/wp-content\/uploads\/2018\/10\/clonado.jpg\" \/>\n\t<meta property=\"og:image:width\" content=\"800\" \/>\n\t<meta property=\"og:image:height\" content=\"389\" \/>\n\t<meta property=\"og:image:type\" content=\"image\/jpeg\" \/>\n<meta name=\"author\" content=\"Sodr\u00e9\" \/>\n<meta name=\"twitter:card\" content=\"summary_large_image\" \/>\n<meta name=\"twitter:label1\" content=\"Escrito por\" \/>\n\t<meta name=\"twitter:data1\" content=\"Sodr\u00e9\" \/>\n\t<meta name=\"twitter:label2\" content=\"Est. tempo de leitura\" \/>\n\t<meta name=\"twitter:data2\" content=\"3 minutos\" \/>\n<script type=\"application\/ld+json\" class=\"yoast-schema-graph\">{\"@context\":\"https:\/\/schema.org\",\"@graph\":[{\"@type\":\"Article\",\"@id\":\"https:\/\/ubanews.com\/site\/2018\/10\/01\/carro-clonado-utilizado-para-assaltar-carga-em-caminhao-e-apreendido\/#article\",\"isPartOf\":{\"@id\":\"https:\/\/ubanews.com\/site\/2018\/10\/01\/carro-clonado-utilizado-para-assaltar-carga-em-caminhao-e-apreendido\/\"},\"author\":{\"name\":\"Sodr\u00e9\",\"@id\":\"https:\/\/ubanews.com\/site\/#\/schema\/person\/d90c9e47252fbb63dcc969fe4c8b9d10\"},\"headline\":\"Carro clonado utilizado para assaltar carga em caminh\u00e3o \u00e9 apreendido\",\"datePublished\":\"2018-10-01T13:39:35+00:00\",\"dateModified\":\"2018-10-01T13:41:25+00:00\",\"mainEntityOfPage\":{\"@id\":\"https:\/\/ubanews.com\/site\/2018\/10\/01\/carro-clonado-utilizado-para-assaltar-carga-em-caminhao-e-apreendido\/\"},\"wordCount\":660,\"commentCount\":0,\"publisher\":{\"@id\":\"https:\/\/ubanews.com\/site\/#organization\"},\"image\":{\"@id\":\"https:\/\/ubanews.com\/site\/2018\/10\/01\/carro-clonado-utilizado-para-assaltar-carga-em-caminhao-e-apreendido\/#primaryimage\"},\"thumbnailUrl\":\"https:\/\/ubanews.com\/site\/wp-content\/uploads\/2018\/10\/clonado.jpg\",\"articleSection\":[\"S\u00edntese das Ocorr\u00eancias\"],\"inLanguage\":\"pt-BR\",\"potentialAction\":[{\"@type\":\"CommentAction\",\"name\":\"Comment\",\"target\":[\"https:\/\/ubanews.com\/site\/2018\/10\/01\/carro-clonado-utilizado-para-assaltar-carga-em-caminhao-e-apreendido\/#respond\"]}]},{\"@type\":\"WebPage\",\"@id\":\"https:\/\/ubanews.com\/site\/2018\/10\/01\/carro-clonado-utilizado-para-assaltar-carga-em-caminhao-e-apreendido\/\",\"url\":\"https:\/\/ubanews.com\/site\/2018\/10\/01\/carro-clonado-utilizado-para-assaltar-carga-em-caminhao-e-apreendido\/\",\"name\":\"Carro clonado utilizado para assaltar carga em caminh\u00e3o \u00e9 apreendido - Ub\u00e1 News\",\"isPartOf\":{\"@id\":\"https:\/\/ubanews.com\/site\/#website\"},\"primaryImageOfPage\":{\"@id\":\"https:\/\/ubanews.com\/site\/2018\/10\/01\/carro-clonado-utilizado-para-assaltar-carga-em-caminhao-e-apreendido\/#primaryimage\"},\"image\":{\"@id\":\"https:\/\/ubanews.com\/site\/2018\/10\/01\/carro-clonado-utilizado-para-assaltar-carga-em-caminhao-e-apreendido\/#primaryimage\"},\"thumbnailUrl\":\"https:\/\/ubanews.com\/site\/wp-content\/uploads\/2018\/10\/clonado.jpg\",\"datePublished\":\"2018-10-01T13:39:35+00:00\",\"dateModified\":\"2018-10-01T13:41:25+00:00\",\"breadcrumb\":{\"@id\":\"https:\/\/ubanews.com\/site\/2018\/10\/01\/carro-clonado-utilizado-para-assaltar-carga-em-caminhao-e-apreendido\/#breadcrumb\"},\"inLanguage\":\"pt-BR\",\"potentialAction\":[{\"@type\":\"ReadAction\",\"target\":[\"https:\/\/ubanews.com\/site\/2018\/10\/01\/carro-clonado-utilizado-para-assaltar-carga-em-caminhao-e-apreendido\/\"]}]},{\"@type\":\"ImageObject\",\"inLanguage\":\"pt-BR\",\"@id\":\"https:\/\/ubanews.com\/site\/2018\/10\/01\/carro-clonado-utilizado-para-assaltar-carga-em-caminhao-e-apreendido\/#primaryimage\",\"url\":\"https:\/\/ubanews.com\/site\/wp-content\/uploads\/2018\/10\/clonado.jpg\",\"contentUrl\":\"https:\/\/ubanews.com\/site\/wp-content\/uploads\/2018\/10\/clonado.jpg\",\"width\":800,\"height\":389},{\"@type\":\"BreadcrumbList\",\"@id\":\"https:\/\/ubanews.com\/site\/2018\/10\/01\/carro-clonado-utilizado-para-assaltar-carga-em-caminhao-e-apreendido\/#breadcrumb\",\"itemListElement\":[{\"@type\":\"ListItem\",\"position\":1,\"name\":\"Home\",\"item\":\"https:\/\/ubanews.com\/site\/\"},{\"@type\":\"ListItem\",\"position\":2,\"name\":\"Carro clonado utilizado para assaltar carga em caminh\u00e3o \u00e9 apreendido\"}]},{\"@type\":\"WebSite\",\"@id\":\"https:\/\/ubanews.com\/site\/#website\",\"url\":\"https:\/\/ubanews.com\/site\/\",\"name\":\"Ub\u00e1 News\",\"description\":\"\",\"publisher\":{\"@id\":\"https:\/\/ubanews.com\/site\/#organization\"},\"potentialAction\":[{\"@type\":\"SearchAction\",\"target\":{\"@type\":\"EntryPoint\",\"urlTemplate\":\"https:\/\/ubanews.com\/site\/?s={search_term_string}\"},\"query-input\":{\"@type\":\"PropertyValueSpecification\",\"valueRequired\":true,\"valueName\":\"search_term_string\"}}],\"inLanguage\":\"pt-BR\"},{\"@type\":\"Organization\",\"@id\":\"https:\/\/ubanews.com\/site\/#organization\",\"name\":\"Ub\u00e1 News\",\"url\":\"https:\/\/ubanews.com\/site\/\",\"logo\":{\"@type\":\"ImageObject\",\"inLanguage\":\"pt-BR\",\"@id\":\"https:\/\/ubanews.com\/site\/#\/schema\/logo\/image\/\",\"url\":\"https:\/\/ubanews.com\/site\/wp-content\/uploads\/2018\/01\/logoubanews.png\",\"contentUrl\":\"https:\/\/ubanews.com\/site\/wp-content\/uploads\/2018\/01\/logoubanews.png\",\"width\":261,\"height\":99,\"caption\":\"Ub\u00e1 News\"},\"image\":{\"@id\":\"https:\/\/ubanews.com\/site\/#\/schema\/logo\/image\/\"},\"sameAs\":[\"https:\/\/www.facebook.com\/Ub\u00e1News-Carlos-Roberto-Sodr\u00e9-418778301977370\"]},{\"@type\":\"Person\",\"@id\":\"https:\/\/ubanews.com\/site\/#\/schema\/person\/d90c9e47252fbb63dcc969fe4c8b9d10\",\"name\":\"Sodr\u00e9\",\"image\":{\"@type\":\"ImageObject\",\"inLanguage\":\"pt-BR\",\"@id\":\"https:\/\/secure.gravatar.com\/avatar\/5ba2793f0590b9dbfad3fdec4ee714485b3eef211c9b32ee53d414060454a56c?s=96&d=mm&r=g\",\"url\":\"https:\/\/secure.gravatar.com\/avatar\/5ba2793f0590b9dbfad3fdec4ee714485b3eef211c9b32ee53d414060454a56c?s=96&d=mm&r=g\",\"contentUrl\":\"https:\/\/secure.gravatar.com\/avatar\/5ba2793f0590b9dbfad3fdec4ee714485b3eef211c9b32ee53d414060454a56c?s=96&d=mm&r=g\",\"caption\":\"Sodr\u00e9\"},\"sameAs\":[\"https:\/\/www.facebook.com\/carosroberto.sodre.5\/\"],\"url\":\"https:\/\/ubanews.com\/site\/author\/felipe\/\"}]}<\/script>\n<!-- \/ Yoast SEO plugin. -->","yoast_head_json":{"title":"Carro clonado utilizado para assaltar carga em caminh\u00e3o \u00e9 apreendido - Ub\u00e1 News","robots":{"index":"index","follow":"follow","max-snippet":"max-snippet:-1","max-image-preview":"max-image-preview:large","max-video-preview":"max-video-preview:-1"},"canonical":"https:\/\/ubanews.com\/site\/2018\/10\/01\/carro-clonado-utilizado-para-assaltar-carga-em-caminhao-e-apreendido\/","og_locale":"pt_BR","og_type":"article","og_title":"Carro clonado utilizado para assaltar carga em caminh\u00e3o \u00e9 apreendido - Ub\u00e1 News","og_description":"No dia 26 de setembro ocorreu um assalto a uma","og_url":"https:\/\/ubanews.com\/site\/2018\/10\/01\/carro-clonado-utilizado-para-assaltar-carga-em-caminhao-e-apreendido\/","og_site_name":"Ub\u00e1 News","article_publisher":"https:\/\/www.facebook.com\/Ub%c3%a1News-Carlos-Roberto-Sodr%c3%a9-418778301977370","article_author":"https:\/\/www.facebook.com\/carosroberto.sodre.5\/","article_published_time":"2018-10-01T13:39:35+00:00","article_modified_time":"2018-10-01T13:41:25+00:00","og_image":[{"width":800,"height":389,"url":"https:\/\/ubanews.com\/site\/wp-content\/uploads\/2018\/10\/clonado.jpg","type":"image\/jpeg"}],"author":"Sodr\u00e9","twitter_card":"summary_large_image","twitter_misc":{"Escrito por":"Sodr\u00e9","Est. tempo de leitura":"3 minutos"},"schema":{"@context":"https:\/\/schema.org","@graph":[{"@type":"Article","@id":"https:\/\/ubanews.com\/site\/2018\/10\/01\/carro-clonado-utilizado-para-assaltar-carga-em-caminhao-e-apreendido\/#article","isPartOf":{"@id":"https:\/\/ubanews.com\/site\/2018\/10\/01\/carro-clonado-utilizado-para-assaltar-carga-em-caminhao-e-apreendido\/"},"author":{"name":"Sodr\u00e9","@id":"https:\/\/ubanews.com\/site\/#\/schema\/person\/d90c9e47252fbb63dcc969fe4c8b9d10"},"headline":"Carro clonado utilizado para assaltar carga em caminh\u00e3o \u00e9 apreendido","datePublished":"2018-10-01T13:39:35+00:00","dateModified":"2018-10-01T13:41:25+00:00","mainEntityOfPage":{"@id":"https:\/\/ubanews.com\/site\/2018\/10\/01\/carro-clonado-utilizado-para-assaltar-carga-em-caminhao-e-apreendido\/"},"wordCount":660,"commentCount":0,"publisher":{"@id":"https:\/\/ubanews.com\/site\/#organization"},"image":{"@id":"https:\/\/ubanews.com\/site\/2018\/10\/01\/carro-clonado-utilizado-para-assaltar-carga-em-caminhao-e-apreendido\/#primaryimage"},"thumbnailUrl":"https:\/\/ubanews.com\/site\/wp-content\/uploads\/2018\/10\/clonado.jpg","articleSection":["S\u00edntese das Ocorr\u00eancias"],"inLanguage":"pt-BR","potentialAction":[{"@type":"CommentAction","name":"Comment","target":["https:\/\/ubanews.com\/site\/2018\/10\/01\/carro-clonado-utilizado-para-assaltar-carga-em-caminhao-e-apreendido\/#respond"]}]},{"@type":"WebPage","@id":"https:\/\/ubanews.com\/site\/2018\/10\/01\/carro-clonado-utilizado-para-assaltar-carga-em-caminhao-e-apreendido\/","url":"https:\/\/ubanews.com\/site\/2018\/10\/01\/carro-clonado-utilizado-para-assaltar-carga-em-caminhao-e-apreendido\/","name":"Carro clonado utilizado para assaltar carga em caminh\u00e3o \u00e9 apreendido - Ub\u00e1 News","isPartOf":{"@id":"https:\/\/ubanews.com\/site\/#website"},"primaryImageOfPage":{"@id":"https:\/\/ubanews.com\/site\/2018\/10\/01\/carro-clonado-utilizado-para-assaltar-carga-em-caminhao-e-apreendido\/#primaryimage"},"image":{"@id":"https:\/\/ubanews.com\/site\/2018\/10\/01\/carro-clonado-utilizado-para-assaltar-carga-em-caminhao-e-apreendido\/#primaryimage"},"thumbnailUrl":"https:\/\/ubanews.com\/site\/wp-content\/uploads\/2018\/10\/clonado.jpg","datePublished":"2018-10-01T13:39:35+00:00","dateModified":"2018-10-01T13:41:25+00:00","breadcrumb":{"@id":"https:\/\/ubanews.com\/site\/2018\/10\/01\/carro-clonado-utilizado-para-assaltar-carga-em-caminhao-e-apreendido\/#breadcrumb"},"inLanguage":"pt-BR","potentialAction":[{"@type":"ReadAction","target":["https:\/\/ubanews.com\/site\/2018\/10\/01\/carro-clonado-utilizado-para-assaltar-carga-em-caminhao-e-apreendido\/"]}]},{"@type":"ImageObject","inLanguage":"pt-BR","@id":"https:\/\/ubanews.com\/site\/2018\/10\/01\/carro-clonado-utilizado-para-assaltar-carga-em-caminhao-e-apreendido\/#primaryimage","url":"https:\/\/ubanews.com\/site\/wp-content\/uploads\/2018\/10\/clonado.jpg","contentUrl":"https:\/\/ubanews.com\/site\/wp-content\/uploads\/2018\/10\/clonado.jpg","width":800,"height":389},{"@type":"BreadcrumbList","@id":"https:\/\/ubanews.com\/site\/2018\/10\/01\/carro-clonado-utilizado-para-assaltar-carga-em-caminhao-e-apreendido\/#breadcrumb","itemListElement":[{"@type":"ListItem","position":1,"name":"Home","item":"https:\/\/ubanews.com\/site\/"},{"@type":"ListItem","position":2,"name":"Carro clonado utilizado para assaltar carga em caminh\u00e3o \u00e9 apreendido"}]},{"@type":"WebSite","@id":"https:\/\/ubanews.com\/site\/#website","url":"https:\/\/ubanews.com\/site\/","name":"Ub\u00e1 News","description":"","publisher":{"@id":"https:\/\/ubanews.com\/site\/#organization"},"potentialAction":[{"@type":"SearchAction","target":{"@type":"EntryPoint","urlTemplate":"https:\/\/ubanews.com\/site\/?s={search_term_string}"},"query-input":{"@type":"PropertyValueSpecification","valueRequired":true,"valueName":"search_term_string"}}],"inLanguage":"pt-BR"},{"@type":"Organization","@id":"https:\/\/ubanews.com\/site\/#organization","name":"Ub\u00e1 News","url":"https:\/\/ubanews.com\/site\/","logo":{"@type":"ImageObject","inLanguage":"pt-BR","@id":"https:\/\/ubanews.com\/site\/#\/schema\/logo\/image\/","url":"https:\/\/ubanews.com\/site\/wp-content\/uploads\/2018\/01\/logoubanews.png","contentUrl":"https:\/\/ubanews.com\/site\/wp-content\/uploads\/2018\/01\/logoubanews.png","width":261,"height":99,"caption":"Ub\u00e1 News"},"image":{"@id":"https:\/\/ubanews.com\/site\/#\/schema\/logo\/image\/"},"sameAs":["https:\/\/www.facebook.com\/Ub\u00e1News-Carlos-Roberto-Sodr\u00e9-418778301977370"]},{"@type":"Person","@id":"https:\/\/ubanews.com\/site\/#\/schema\/person\/d90c9e47252fbb63dcc969fe4c8b9d10","name":"Sodr\u00e9","image":{"@type":"ImageObject","inLanguage":"pt-BR","@id":"https:\/\/secure.gravatar.com\/avatar\/5ba2793f0590b9dbfad3fdec4ee714485b3eef211c9b32ee53d414060454a56c?s=96&d=mm&r=g","url":"https:\/\/secure.gravatar.com\/avatar\/5ba2793f0590b9dbfad3fdec4ee714485b3eef211c9b32ee53d414060454a56c?s=96&d=mm&r=g","contentUrl":"https:\/\/secure.gravatar.com\/avatar\/5ba2793f0590b9dbfad3fdec4ee714485b3eef211c9b32ee53d414060454a56c?s=96&d=mm&r=g","caption":"Sodr\u00e9"},"sameAs":["https:\/\/www.facebook.com\/carosroberto.sodre.5\/"],"url":"https:\/\/ubanews.com\/site\/author\/felipe\/"}]}},"_links":{"self":[{"href":"https:\/\/ubanews.com\/site\/wp-json\/wp\/v2\/posts\/7824","targetHints":{"allow":["GET"]}}],"collection":[{"href":"https:\/\/ubanews.com\/site\/wp-json\/wp\/v2\/posts"}],"about":[{"href":"https:\/\/ubanews.com\/site\/wp-json\/wp\/v2\/types\/post"}],"author":[{"embeddable":true,"href":"https:\/\/ubanews.com\/site\/wp-json\/wp\/v2\/users\/2"}],"replies":[{"embeddable":true,"href":"https:\/\/ubanews.com\/site\/wp-json\/wp\/v2\/comments?post=7824"}],"version-history":[{"count":0,"href":"https:\/\/ubanews.com\/site\/wp-json\/wp\/v2\/posts\/7824\/revisions"}],"wp:featuredmedia":[{"embeddable":true,"href":"https:\/\/ubanews.com\/site\/wp-json\/wp\/v2\/media\/7825"}],"wp:attachment":[{"href":"https:\/\/ubanews.com\/site\/wp-json\/wp\/v2\/media?parent=7824"}],"wp:term":[{"taxonomy":"category","embeddable":true,"href":"https:\/\/ubanews.com\/site\/wp-json\/wp\/v2\/categories?post=7824"},{"taxonomy":"post_tag","embeddable":true,"href":"https:\/\/ubanews.com\/site\/wp-json\/wp\/v2\/tags?post=7824"}],"curies":[{"name":"wp","href":"https:\/\/api.w.org\/{rel}","templated":true}]}}