{"id":7821,"date":"2018-10-01T10:16:53","date_gmt":"2018-10-01T13:16:53","guid":{"rendered":"http:\/\/ubanews.com\/site\/?p=7821"},"modified":"2018-10-01T10:16:53","modified_gmt":"2018-10-01T13:16:53","slug":"tentativa-de-homicidio-na-avenida-olegario-maciel-deixa-uma-vitima-alvejada","status":"publish","type":"post","link":"https:\/\/ubanews.com\/site\/2018\/10\/01\/tentativa-de-homicidio-na-avenida-olegario-maciel-deixa-uma-vitima-alvejada\/","title":{"rendered":"Tentativa de homic\u00eddio na Avenida Oleg\u00e1rio Maciel deixa uma v\u00edtima alvejada"},"content":{"rendered":"<p>No dia 30 de setembro \u00e0s 17h30min a Pol\u00edcia Militar realizava patrulhamento pela Avenida Oleg\u00e1rio Maciel quando deparou com um indiv\u00edduo aparentemente baleado, sendo a v\u00edtima identificada como sendo Renan Fid\u00e9lis de Souza de 18 anos foi socorrido at\u00e9 o hospital onde foi constatada uma les\u00e3o na regi\u00e3o do gl\u00fateo proveniente de proj\u00e9til disparado por arma de fogo Renan informou aos militares que encontrava-se pr\u00f3ximo ao Col\u00e9gio Polivalente, com um mototaxi. Que neste momento um indiv\u00edduo que reside pr\u00f3ximo de sua casa identificado como Marcelo Lopes, apelido Marcelinho, com o qual tem rixas anteriores. Marcelo passou em uma motocicleta aparentando ser uma Honda CG 150, vermelha, viu a v\u00edtima, retornando e apontou-lhe uma arma de fogo vindo a efetuar um disparo, contudo a arma teria falhado. A v\u00edtima acrescentou que solicitou ao motoboy que acelerasse a moto, contudo o motoboy n\u00e3o teria acatado seu pedido, quando neste momento teria descido da motocicleta e fugiu a p\u00e9 sentido campo do Industrial. A v\u00edtima foi perseguida por Marcelinho, quando ent\u00e3o retornou sentido \u00e0 rua Mauri Martins de Oliveira e Marcelo efetuou cerca de cinco disparos, e um deles o atingiu na regi\u00e3o do gl\u00fateo, e outro teria acertado o port\u00e3o da resid\u00eancia. Ainda segundo a v\u00edtima, quando uma viatura policial passava pela Avenida Oleg\u00e1rio Maciel o autor ao visualizar a pol\u00edcia, fugiu sentido \u00e0 Rua Santa Catarina, n\u00e3o sendo mais visto. A v\u00edtima tamb\u00e9m informou a Pol\u00edcia que minutos antes um indiv\u00edduo de nome Eliomar amigo de Marcelinho teria passado pelo local, e possivelmente avisado a Marcelinho que ele estaria naquela rua.<\/p>\n<p>A per\u00edcia foi acionada que realizou os trabalhos de praxe.<a href=\"https:\/\/ubanews.com\/site\/wp-content\/uploads\/2018\/08\/ELETRO-SENA-AUTOMOTIVA-2.jpg\"><img decoding=\"async\" class=\"alignnone wp-image-7016 size-full lazyload\" data-src=\"https:\/\/ubanews.com\/site\/wp-content\/uploads\/2018\/08\/ELETRO-SENA-AUTOMOTIVA-2.jpg\" alt=\"\" width=\"800\" height=\"264\" data-srcset=\"https:\/\/ubanews.com\/site\/wp-content\/uploads\/2018\/08\/ELETRO-SENA-AUTOMOTIVA-2.jpg 800w, https:\/\/ubanews.com\/site\/wp-content\/uploads\/2018\/08\/ELETRO-SENA-AUTOMOTIVA-2-300x99.jpg 300w, https:\/\/ubanews.com\/site\/wp-content\/uploads\/2018\/08\/ELETRO-SENA-AUTOMOTIVA-2-768x253.jpg 768w\" data-sizes=\"(max-width: 800px) 100vw, 800px\" src=\"data:image\/svg+xml;base64,PHN2ZyB3aWR0aD0iMSIgaGVpZ2h0PSIxIiB4bWxucz0iaHR0cDovL3d3dy53My5vcmcvMjAwMC9zdmciPjwvc3ZnPg==\" style=\"--smush-placeholder-width: 800px; --smush-placeholder-aspect-ratio: 800\/264;\" \/><\/a><\/p>\n<p>As viaturas do turno iniciaram rastreamento na tentativa de localizar o autor do crime, quando chegaram no final da Rua Jos\u00e9 Am\u00e9rico, onde encontraram a motocicleta com as caracter\u00edsticas repassadas Honda CG Titan 150, vermelha, placa DXK-8070, que inclusive estava com o motor quente.<\/p>\n<p>Em seguida chegaram novas informa\u00e7\u00f5es aos militares indicando o prov\u00e1vel local onde estaria Eliomar Ant\u00f4nio Pires Gesteira, amigo de Marcelo, co-autor do crime. Os militares foram at\u00e9 a resid\u00eancia de Eliomar onde seu pai atendeu, sendo que Eliomar se encontrava na casa, mas que a princ\u00edpio n\u00e3o queria descer para receber os militares, contudo ap\u00f3s insist\u00eancia do padrasto desceu at\u00e9 a garagem. Eliomar alegou que n\u00e3o queria receber os militares pois sabia que Marcelinho teria atentado contra vida de Renan, utilizando sua motocicleta. Ao ser procedida busca no im\u00f3vel foi encontrado pelos militares 01 muni\u00e7\u00e3o intacta no calibre .32 na gaveta de seu guarda-roupas. A motocicleta utilizada no crime foi localizada por uma guarni\u00e7\u00e3o no alto do beco ki bacana, sendo apreendida.<\/p>\n<p>Eliomar Ant\u00f4nio Pires Gesteira foi preso por co-autoria e por posse ilegal de muni\u00e7\u00e3o de uso permitido, sendo conduzido at\u00e9 a delegacia de Pol\u00edcia Civil.<\/p>\n<p>J\u00e1 por volta das 21h a Pol\u00edcia Militar realizava rastreamento em decorr\u00eancia de crime e compareceu \u00e0 Avenida Oleg\u00e1rio Maciel, resid\u00eancia de Marcelo Vieira Lopes Filho. O estado de flagr\u00e2ncia e devido \u00e0s luzes da casa estarem acesas e os militares ouvirem barulhos suspeitos no interior da casa, a guarni\u00e7\u00e3o policial adentrou no im\u00f3vel. Ao ser procedida busca no im\u00f3vel, o autor do crime n\u00e3o foi localizado, contudo foram encontrados: 02 por\u00e7\u00f5es de subst\u00e2ncia an\u00e1loga maconha, 01 nota de R$50,00, 01 rolo de fita para embalar drogas.<\/p>\n<p>Marcelo Vieira Lopes Filho n\u00e3o foi localizado, mas responder\u00e3o os crimes os quais cometeu e o de tr\u00e1fico de drogas. Os materiais foram apreendidos e encaminhados \u00e0 delegacia de Pol\u00edcia Civil.<\/p>\n<p>A Pol\u00edcia Militar continua em dilig\u00eancias para captura Marcelo e qualquer den\u00fancias nossos telefones est\u00e3o abertos para den\u00fancia, 190 e 181.<\/p>\n<p><strong>A<\/strong><strong>SSESSORIA DE COMUNICA\u00c7\u00c3O ORGANIZACIONAL<\/strong><\/p>\n<p><strong><em>Vig\u00e9simo Primeiro Batalh\u00e3o de Pol\u00edcia Militar <\/em><\/strong><\/p>\n<p><a href=\"https:\/\/ubanews.com\/site\/wp-content\/uploads\/2018\/09\/Auto-Films-3.jpg\"><img decoding=\"async\" class=\"alignnone wp-image-7740 size-full lazyload\" data-src=\"https:\/\/ubanews.com\/site\/wp-content\/uploads\/2018\/09\/Auto-Films-3.jpg\" alt=\"\" width=\"800\" height=\"200\" data-srcset=\"https:\/\/ubanews.com\/site\/wp-content\/uploads\/2018\/09\/Auto-Films-3.jpg 800w, https:\/\/ubanews.com\/site\/wp-content\/uploads\/2018\/09\/Auto-Films-3-300x75.jpg 300w, https:\/\/ubanews.com\/site\/wp-content\/uploads\/2018\/09\/Auto-Films-3-768x192.jpg 768w\" data-sizes=\"(max-width: 800px) 100vw, 800px\" src=\"data:image\/svg+xml;base64,PHN2ZyB3aWR0aD0iMSIgaGVpZ2h0PSIxIiB4bWxucz0iaHR0cDovL3d3dy53My5vcmcvMjAwMC9zdmciPjwvc3ZnPg==\" style=\"--smush-placeholder-width: 800px; --smush-placeholder-aspect-ratio: 800\/200;\" \/><\/a><\/p>\n","protected":false},"excerpt":{"rendered":"<p>No dia 30 de setembro \u00e0s 17h30min a Pol\u00edcia Militar<\/p>\n","protected":false},"author":2,"featured_media":7822,"comment_status":"open","ping_status":"open","sticky":false,"template":"","format":"standard","meta":{"footnotes":""},"categories":[13],"tags":[],"class_list":["post-7821","post","type-post","status-publish","format-standard","has-post-thumbnail","hentry","category-sintese-das-ocorrencias"],"yoast_head":"<!-- This site is optimized with the Yoast SEO plugin v27.2 - https:\/\/yoast.com\/product\/yoast-seo-wordpress\/ -->\n<title>Tentativa de homic\u00eddio na Avenida Oleg\u00e1rio Maciel deixa uma v\u00edtima alvejada - Ub\u00e1 News<\/title>\n<meta name=\"robots\" content=\"index, follow, max-snippet:-1, max-image-preview:large, max-video-preview:-1\" \/>\n<link rel=\"canonical\" href=\"https:\/\/ubanews.com\/site\/2018\/10\/01\/tentativa-de-homicidio-na-avenida-olegario-maciel-deixa-uma-vitima-alvejada\/\" \/>\n<meta property=\"og:locale\" content=\"pt_BR\" \/>\n<meta property=\"og:type\" content=\"article\" \/>\n<meta property=\"og:title\" content=\"Tentativa de homic\u00eddio na Avenida Oleg\u00e1rio Maciel deixa uma v\u00edtima alvejada - Ub\u00e1 News\" \/>\n<meta property=\"og:description\" content=\"No dia 30 de setembro \u00e0s 17h30min a Pol\u00edcia Militar\" \/>\n<meta property=\"og:url\" content=\"https:\/\/ubanews.com\/site\/2018\/10\/01\/tentativa-de-homicidio-na-avenida-olegario-maciel-deixa-uma-vitima-alvejada\/\" \/>\n<meta property=\"og:site_name\" content=\"Ub\u00e1 News\" \/>\n<meta property=\"article:publisher\" content=\"https:\/\/www.facebook.com\/Ub%c3%a1News-Carlos-Roberto-Sodr%c3%a9-418778301977370\" \/>\n<meta property=\"article:author\" content=\"https:\/\/www.facebook.com\/carosroberto.sodre.5\/\" \/>\n<meta property=\"article:published_time\" content=\"2018-10-01T13:16:53+00:00\" \/>\n<meta property=\"og:image\" content=\"https:\/\/ubanews.com\/site\/wp-content\/uploads\/2018\/10\/113.jpg\" \/>\n\t<meta property=\"og:image:width\" content=\"800\" \/>\n\t<meta property=\"og:image:height\" content=\"389\" \/>\n\t<meta property=\"og:image:type\" content=\"image\/jpeg\" \/>\n<meta name=\"author\" content=\"Sodr\u00e9\" \/>\n<meta name=\"twitter:card\" content=\"summary_large_image\" \/>\n<meta name=\"twitter:label1\" content=\"Escrito por\" \/>\n\t<meta name=\"twitter:data1\" content=\"Sodr\u00e9\" \/>\n\t<meta name=\"twitter:label2\" content=\"Est. tempo de leitura\" \/>\n\t<meta name=\"twitter:data2\" content=\"3 minutos\" \/>\n<script type=\"application\/ld+json\" class=\"yoast-schema-graph\">{\"@context\":\"https:\/\/schema.org\",\"@graph\":[{\"@type\":\"Article\",\"@id\":\"https:\/\/ubanews.com\/site\/2018\/10\/01\/tentativa-de-homicidio-na-avenida-olegario-maciel-deixa-uma-vitima-alvejada\/#article\",\"isPartOf\":{\"@id\":\"https:\/\/ubanews.com\/site\/2018\/10\/01\/tentativa-de-homicidio-na-avenida-olegario-maciel-deixa-uma-vitima-alvejada\/\"},\"author\":{\"name\":\"Sodr\u00e9\",\"@id\":\"https:\/\/ubanews.com\/site\/#\/schema\/person\/d90c9e47252fbb63dcc969fe4c8b9d10\"},\"headline\":\"Tentativa de homic\u00eddio na Avenida Oleg\u00e1rio Maciel deixa uma v\u00edtima alvejada\",\"datePublished\":\"2018-10-01T13:16:53+00:00\",\"mainEntityOfPage\":{\"@id\":\"https:\/\/ubanews.com\/site\/2018\/10\/01\/tentativa-de-homicidio-na-avenida-olegario-maciel-deixa-uma-vitima-alvejada\/\"},\"wordCount\":684,\"commentCount\":0,\"publisher\":{\"@id\":\"https:\/\/ubanews.com\/site\/#organization\"},\"image\":{\"@id\":\"https:\/\/ubanews.com\/site\/2018\/10\/01\/tentativa-de-homicidio-na-avenida-olegario-maciel-deixa-uma-vitima-alvejada\/#primaryimage\"},\"thumbnailUrl\":\"https:\/\/ubanews.com\/site\/wp-content\/uploads\/2018\/10\/113.jpg\",\"articleSection\":[\"S\u00edntese das Ocorr\u00eancias\"],\"inLanguage\":\"pt-BR\",\"potentialAction\":[{\"@type\":\"CommentAction\",\"name\":\"Comment\",\"target\":[\"https:\/\/ubanews.com\/site\/2018\/10\/01\/tentativa-de-homicidio-na-avenida-olegario-maciel-deixa-uma-vitima-alvejada\/#respond\"]}]},{\"@type\":\"WebPage\",\"@id\":\"https:\/\/ubanews.com\/site\/2018\/10\/01\/tentativa-de-homicidio-na-avenida-olegario-maciel-deixa-uma-vitima-alvejada\/\",\"url\":\"https:\/\/ubanews.com\/site\/2018\/10\/01\/tentativa-de-homicidio-na-avenida-olegario-maciel-deixa-uma-vitima-alvejada\/\",\"name\":\"Tentativa de homic\u00eddio na Avenida Oleg\u00e1rio Maciel deixa uma v\u00edtima alvejada - Ub\u00e1 News\",\"isPartOf\":{\"@id\":\"https:\/\/ubanews.com\/site\/#website\"},\"primaryImageOfPage\":{\"@id\":\"https:\/\/ubanews.com\/site\/2018\/10\/01\/tentativa-de-homicidio-na-avenida-olegario-maciel-deixa-uma-vitima-alvejada\/#primaryimage\"},\"image\":{\"@id\":\"https:\/\/ubanews.com\/site\/2018\/10\/01\/tentativa-de-homicidio-na-avenida-olegario-maciel-deixa-uma-vitima-alvejada\/#primaryimage\"},\"thumbnailUrl\":\"https:\/\/ubanews.com\/site\/wp-content\/uploads\/2018\/10\/113.jpg\",\"datePublished\":\"2018-10-01T13:16:53+00:00\",\"breadcrumb\":{\"@id\":\"https:\/\/ubanews.com\/site\/2018\/10\/01\/tentativa-de-homicidio-na-avenida-olegario-maciel-deixa-uma-vitima-alvejada\/#breadcrumb\"},\"inLanguage\":\"pt-BR\",\"potentialAction\":[{\"@type\":\"ReadAction\",\"target\":[\"https:\/\/ubanews.com\/site\/2018\/10\/01\/tentativa-de-homicidio-na-avenida-olegario-maciel-deixa-uma-vitima-alvejada\/\"]}]},{\"@type\":\"ImageObject\",\"inLanguage\":\"pt-BR\",\"@id\":\"https:\/\/ubanews.com\/site\/2018\/10\/01\/tentativa-de-homicidio-na-avenida-olegario-maciel-deixa-uma-vitima-alvejada\/#primaryimage\",\"url\":\"https:\/\/ubanews.com\/site\/wp-content\/uploads\/2018\/10\/113.jpg\",\"contentUrl\":\"https:\/\/ubanews.com\/site\/wp-content\/uploads\/2018\/10\/113.jpg\",\"width\":800,\"height\":389},{\"@type\":\"BreadcrumbList\",\"@id\":\"https:\/\/ubanews.com\/site\/2018\/10\/01\/tentativa-de-homicidio-na-avenida-olegario-maciel-deixa-uma-vitima-alvejada\/#breadcrumb\",\"itemListElement\":[{\"@type\":\"ListItem\",\"position\":1,\"name\":\"Home\",\"item\":\"https:\/\/ubanews.com\/site\/\"},{\"@type\":\"ListItem\",\"position\":2,\"name\":\"Tentativa de homic\u00eddio na Avenida Oleg\u00e1rio Maciel deixa uma v\u00edtima alvejada\"}]},{\"@type\":\"WebSite\",\"@id\":\"https:\/\/ubanews.com\/site\/#website\",\"url\":\"https:\/\/ubanews.com\/site\/\",\"name\":\"Ub\u00e1 News\",\"description\":\"\",\"publisher\":{\"@id\":\"https:\/\/ubanews.com\/site\/#organization\"},\"potentialAction\":[{\"@type\":\"SearchAction\",\"target\":{\"@type\":\"EntryPoint\",\"urlTemplate\":\"https:\/\/ubanews.com\/site\/?s={search_term_string}\"},\"query-input\":{\"@type\":\"PropertyValueSpecification\",\"valueRequired\":true,\"valueName\":\"search_term_string\"}}],\"inLanguage\":\"pt-BR\"},{\"@type\":\"Organization\",\"@id\":\"https:\/\/ubanews.com\/site\/#organization\",\"name\":\"Ub\u00e1 News\",\"url\":\"https:\/\/ubanews.com\/site\/\",\"logo\":{\"@type\":\"ImageObject\",\"inLanguage\":\"pt-BR\",\"@id\":\"https:\/\/ubanews.com\/site\/#\/schema\/logo\/image\/\",\"url\":\"https:\/\/ubanews.com\/site\/wp-content\/uploads\/2018\/01\/logoubanews.png\",\"contentUrl\":\"https:\/\/ubanews.com\/site\/wp-content\/uploads\/2018\/01\/logoubanews.png\",\"width\":261,\"height\":99,\"caption\":\"Ub\u00e1 News\"},\"image\":{\"@id\":\"https:\/\/ubanews.com\/site\/#\/schema\/logo\/image\/\"},\"sameAs\":[\"https:\/\/www.facebook.com\/Ub\u00e1News-Carlos-Roberto-Sodr\u00e9-418778301977370\"]},{\"@type\":\"Person\",\"@id\":\"https:\/\/ubanews.com\/site\/#\/schema\/person\/d90c9e47252fbb63dcc969fe4c8b9d10\",\"name\":\"Sodr\u00e9\",\"image\":{\"@type\":\"ImageObject\",\"inLanguage\":\"pt-BR\",\"@id\":\"https:\/\/secure.gravatar.com\/avatar\/5ba2793f0590b9dbfad3fdec4ee714485b3eef211c9b32ee53d414060454a56c?s=96&d=mm&r=g\",\"url\":\"https:\/\/secure.gravatar.com\/avatar\/5ba2793f0590b9dbfad3fdec4ee714485b3eef211c9b32ee53d414060454a56c?s=96&d=mm&r=g\",\"contentUrl\":\"https:\/\/secure.gravatar.com\/avatar\/5ba2793f0590b9dbfad3fdec4ee714485b3eef211c9b32ee53d414060454a56c?s=96&d=mm&r=g\",\"caption\":\"Sodr\u00e9\"},\"sameAs\":[\"https:\/\/www.facebook.com\/carosroberto.sodre.5\/\"],\"url\":\"https:\/\/ubanews.com\/site\/author\/felipe\/\"}]}<\/script>\n<!-- \/ Yoast SEO plugin. -->","yoast_head_json":{"title":"Tentativa de homic\u00eddio na Avenida Oleg\u00e1rio Maciel deixa uma v\u00edtima alvejada - Ub\u00e1 News","robots":{"index":"index","follow":"follow","max-snippet":"max-snippet:-1","max-image-preview":"max-image-preview:large","max-video-preview":"max-video-preview:-1"},"canonical":"https:\/\/ubanews.com\/site\/2018\/10\/01\/tentativa-de-homicidio-na-avenida-olegario-maciel-deixa-uma-vitima-alvejada\/","og_locale":"pt_BR","og_type":"article","og_title":"Tentativa de homic\u00eddio na Avenida Oleg\u00e1rio Maciel deixa uma v\u00edtima alvejada - Ub\u00e1 News","og_description":"No dia 30 de setembro \u00e0s 17h30min a Pol\u00edcia Militar","og_url":"https:\/\/ubanews.com\/site\/2018\/10\/01\/tentativa-de-homicidio-na-avenida-olegario-maciel-deixa-uma-vitima-alvejada\/","og_site_name":"Ub\u00e1 News","article_publisher":"https:\/\/www.facebook.com\/Ub%c3%a1News-Carlos-Roberto-Sodr%c3%a9-418778301977370","article_author":"https:\/\/www.facebook.com\/carosroberto.sodre.5\/","article_published_time":"2018-10-01T13:16:53+00:00","og_image":[{"width":800,"height":389,"url":"https:\/\/ubanews.com\/site\/wp-content\/uploads\/2018\/10\/113.jpg","type":"image\/jpeg"}],"author":"Sodr\u00e9","twitter_card":"summary_large_image","twitter_misc":{"Escrito por":"Sodr\u00e9","Est. tempo de leitura":"3 minutos"},"schema":{"@context":"https:\/\/schema.org","@graph":[{"@type":"Article","@id":"https:\/\/ubanews.com\/site\/2018\/10\/01\/tentativa-de-homicidio-na-avenida-olegario-maciel-deixa-uma-vitima-alvejada\/#article","isPartOf":{"@id":"https:\/\/ubanews.com\/site\/2018\/10\/01\/tentativa-de-homicidio-na-avenida-olegario-maciel-deixa-uma-vitima-alvejada\/"},"author":{"name":"Sodr\u00e9","@id":"https:\/\/ubanews.com\/site\/#\/schema\/person\/d90c9e47252fbb63dcc969fe4c8b9d10"},"headline":"Tentativa de homic\u00eddio na Avenida Oleg\u00e1rio Maciel deixa uma v\u00edtima alvejada","datePublished":"2018-10-01T13:16:53+00:00","mainEntityOfPage":{"@id":"https:\/\/ubanews.com\/site\/2018\/10\/01\/tentativa-de-homicidio-na-avenida-olegario-maciel-deixa-uma-vitima-alvejada\/"},"wordCount":684,"commentCount":0,"publisher":{"@id":"https:\/\/ubanews.com\/site\/#organization"},"image":{"@id":"https:\/\/ubanews.com\/site\/2018\/10\/01\/tentativa-de-homicidio-na-avenida-olegario-maciel-deixa-uma-vitima-alvejada\/#primaryimage"},"thumbnailUrl":"https:\/\/ubanews.com\/site\/wp-content\/uploads\/2018\/10\/113.jpg","articleSection":["S\u00edntese das Ocorr\u00eancias"],"inLanguage":"pt-BR","potentialAction":[{"@type":"CommentAction","name":"Comment","target":["https:\/\/ubanews.com\/site\/2018\/10\/01\/tentativa-de-homicidio-na-avenida-olegario-maciel-deixa-uma-vitima-alvejada\/#respond"]}]},{"@type":"WebPage","@id":"https:\/\/ubanews.com\/site\/2018\/10\/01\/tentativa-de-homicidio-na-avenida-olegario-maciel-deixa-uma-vitima-alvejada\/","url":"https:\/\/ubanews.com\/site\/2018\/10\/01\/tentativa-de-homicidio-na-avenida-olegario-maciel-deixa-uma-vitima-alvejada\/","name":"Tentativa de homic\u00eddio na Avenida Oleg\u00e1rio Maciel deixa uma v\u00edtima alvejada - Ub\u00e1 News","isPartOf":{"@id":"https:\/\/ubanews.com\/site\/#website"},"primaryImageOfPage":{"@id":"https:\/\/ubanews.com\/site\/2018\/10\/01\/tentativa-de-homicidio-na-avenida-olegario-maciel-deixa-uma-vitima-alvejada\/#primaryimage"},"image":{"@id":"https:\/\/ubanews.com\/site\/2018\/10\/01\/tentativa-de-homicidio-na-avenida-olegario-maciel-deixa-uma-vitima-alvejada\/#primaryimage"},"thumbnailUrl":"https:\/\/ubanews.com\/site\/wp-content\/uploads\/2018\/10\/113.jpg","datePublished":"2018-10-01T13:16:53+00:00","breadcrumb":{"@id":"https:\/\/ubanews.com\/site\/2018\/10\/01\/tentativa-de-homicidio-na-avenida-olegario-maciel-deixa-uma-vitima-alvejada\/#breadcrumb"},"inLanguage":"pt-BR","potentialAction":[{"@type":"ReadAction","target":["https:\/\/ubanews.com\/site\/2018\/10\/01\/tentativa-de-homicidio-na-avenida-olegario-maciel-deixa-uma-vitima-alvejada\/"]}]},{"@type":"ImageObject","inLanguage":"pt-BR","@id":"https:\/\/ubanews.com\/site\/2018\/10\/01\/tentativa-de-homicidio-na-avenida-olegario-maciel-deixa-uma-vitima-alvejada\/#primaryimage","url":"https:\/\/ubanews.com\/site\/wp-content\/uploads\/2018\/10\/113.jpg","contentUrl":"https:\/\/ubanews.com\/site\/wp-content\/uploads\/2018\/10\/113.jpg","width":800,"height":389},{"@type":"BreadcrumbList","@id":"https:\/\/ubanews.com\/site\/2018\/10\/01\/tentativa-de-homicidio-na-avenida-olegario-maciel-deixa-uma-vitima-alvejada\/#breadcrumb","itemListElement":[{"@type":"ListItem","position":1,"name":"Home","item":"https:\/\/ubanews.com\/site\/"},{"@type":"ListItem","position":2,"name":"Tentativa de homic\u00eddio na Avenida Oleg\u00e1rio Maciel deixa uma v\u00edtima alvejada"}]},{"@type":"WebSite","@id":"https:\/\/ubanews.com\/site\/#website","url":"https:\/\/ubanews.com\/site\/","name":"Ub\u00e1 News","description":"","publisher":{"@id":"https:\/\/ubanews.com\/site\/#organization"},"potentialAction":[{"@type":"SearchAction","target":{"@type":"EntryPoint","urlTemplate":"https:\/\/ubanews.com\/site\/?s={search_term_string}"},"query-input":{"@type":"PropertyValueSpecification","valueRequired":true,"valueName":"search_term_string"}}],"inLanguage":"pt-BR"},{"@type":"Organization","@id":"https:\/\/ubanews.com\/site\/#organization","name":"Ub\u00e1 News","url":"https:\/\/ubanews.com\/site\/","logo":{"@type":"ImageObject","inLanguage":"pt-BR","@id":"https:\/\/ubanews.com\/site\/#\/schema\/logo\/image\/","url":"https:\/\/ubanews.com\/site\/wp-content\/uploads\/2018\/01\/logoubanews.png","contentUrl":"https:\/\/ubanews.com\/site\/wp-content\/uploads\/2018\/01\/logoubanews.png","width":261,"height":99,"caption":"Ub\u00e1 News"},"image":{"@id":"https:\/\/ubanews.com\/site\/#\/schema\/logo\/image\/"},"sameAs":["https:\/\/www.facebook.com\/Ub\u00e1News-Carlos-Roberto-Sodr\u00e9-418778301977370"]},{"@type":"Person","@id":"https:\/\/ubanews.com\/site\/#\/schema\/person\/d90c9e47252fbb63dcc969fe4c8b9d10","name":"Sodr\u00e9","image":{"@type":"ImageObject","inLanguage":"pt-BR","@id":"https:\/\/secure.gravatar.com\/avatar\/5ba2793f0590b9dbfad3fdec4ee714485b3eef211c9b32ee53d414060454a56c?s=96&d=mm&r=g","url":"https:\/\/secure.gravatar.com\/avatar\/5ba2793f0590b9dbfad3fdec4ee714485b3eef211c9b32ee53d414060454a56c?s=96&d=mm&r=g","contentUrl":"https:\/\/secure.gravatar.com\/avatar\/5ba2793f0590b9dbfad3fdec4ee714485b3eef211c9b32ee53d414060454a56c?s=96&d=mm&r=g","caption":"Sodr\u00e9"},"sameAs":["https:\/\/www.facebook.com\/carosroberto.sodre.5\/"],"url":"https:\/\/ubanews.com\/site\/author\/felipe\/"}]}},"_links":{"self":[{"href":"https:\/\/ubanews.com\/site\/wp-json\/wp\/v2\/posts\/7821","targetHints":{"allow":["GET"]}}],"collection":[{"href":"https:\/\/ubanews.com\/site\/wp-json\/wp\/v2\/posts"}],"about":[{"href":"https:\/\/ubanews.com\/site\/wp-json\/wp\/v2\/types\/post"}],"author":[{"embeddable":true,"href":"https:\/\/ubanews.com\/site\/wp-json\/wp\/v2\/users\/2"}],"replies":[{"embeddable":true,"href":"https:\/\/ubanews.com\/site\/wp-json\/wp\/v2\/comments?post=7821"}],"version-history":[{"count":0,"href":"https:\/\/ubanews.com\/site\/wp-json\/wp\/v2\/posts\/7821\/revisions"}],"wp:featuredmedia":[{"embeddable":true,"href":"https:\/\/ubanews.com\/site\/wp-json\/wp\/v2\/media\/7822"}],"wp:attachment":[{"href":"https:\/\/ubanews.com\/site\/wp-json\/wp\/v2\/media?parent=7821"}],"wp:term":[{"taxonomy":"category","embeddable":true,"href":"https:\/\/ubanews.com\/site\/wp-json\/wp\/v2\/categories?post=7821"},{"taxonomy":"post_tag","embeddable":true,"href":"https:\/\/ubanews.com\/site\/wp-json\/wp\/v2\/tags?post=7821"}],"curies":[{"name":"wp","href":"https:\/\/api.w.org\/{rel}","templated":true}]}}