{"id":7810,"date":"2018-09-30T18:39:22","date_gmt":"2018-09-30T21:39:22","guid":{"rendered":"http:\/\/ubanews.com\/site\/?p=7810"},"modified":"2018-10-19T10:58:24","modified_gmt":"2018-10-19T13:58:24","slug":"assassino-que-matou-o-seu-desafeto-com-duas-facadas-e-preso-na-feira-livre-de-uba","status":"publish","type":"post","link":"https:\/\/ubanews.com\/site\/2018\/09\/30\/assassino-que-matou-o-seu-desafeto-com-duas-facadas-e-preso-na-feira-livre-de-uba\/","title":{"rendered":"ASSASSINO QUE MATOU O SEU DESAFETO COM DUAS FACADAS \u00c9 PRESO NA FEIRA LIVRE DE UB\u00c1"},"content":{"rendered":"<p><a href=\"https:\/\/ubanews.com\/site\/wp-content\/uploads\/2018\/09\/109.jpg\"><img decoding=\"async\" class=\"alignnone size-medium wp-image-7811 lazyload\" data-src=\"https:\/\/ubanews.com\/site\/wp-content\/uploads\/2018\/09\/109-300x171.jpg\" alt=\"\" width=\"300\" height=\"171\" data-srcset=\"https:\/\/ubanews.com\/site\/wp-content\/uploads\/2018\/09\/109-300x171.jpg 300w, https:\/\/ubanews.com\/site\/wp-content\/uploads\/2018\/09\/109-768x439.jpg 768w, https:\/\/ubanews.com\/site\/wp-content\/uploads\/2018\/09\/109.jpg 800w\" data-sizes=\"(max-width: 300px) 100vw, 300px\" src=\"data:image\/svg+xml;base64,PHN2ZyB3aWR0aD0iMSIgaGVpZ2h0PSIxIiB4bWxucz0iaHR0cDovL3d3dy53My5vcmcvMjAwMC9zdmciPjwvc3ZnPg==\" style=\"--smush-placeholder-width: 300px; --smush-placeholder-aspect-ratio: 300\/171;\" \/><\/a> <a href=\"https:\/\/ubanews.com\/site\/wp-content\/uploads\/2018\/09\/110.jpg\"><img decoding=\"async\" class=\"alignnone size-medium wp-image-7812 lazyload\" data-src=\"https:\/\/ubanews.com\/site\/wp-content\/uploads\/2018\/09\/110-300x171.jpg\" alt=\"\" width=\"300\" height=\"171\" data-srcset=\"https:\/\/ubanews.com\/site\/wp-content\/uploads\/2018\/09\/110-300x171.jpg 300w, https:\/\/ubanews.com\/site\/wp-content\/uploads\/2018\/09\/110-768x439.jpg 768w, https:\/\/ubanews.com\/site\/wp-content\/uploads\/2018\/09\/110.jpg 800w\" data-sizes=\"(max-width: 300px) 100vw, 300px\" src=\"data:image\/svg+xml;base64,PHN2ZyB3aWR0aD0iMSIgaGVpZ2h0PSIxIiB4bWxucz0iaHR0cDovL3d3dy53My5vcmcvMjAwMC9zdmciPjwvc3ZnPg==\" style=\"--smush-placeholder-width: 300px; --smush-placeholder-aspect-ratio: 300\/171;\" \/><\/a> <a href=\"https:\/\/ubanews.com\/site\/wp-content\/uploads\/2018\/09\/DSC_8646.jpg\"><img decoding=\"async\" class=\"alignnone size-medium wp-image-7814 lazyload\" data-src=\"https:\/\/ubanews.com\/site\/wp-content\/uploads\/2018\/09\/DSC_8646-300x171.jpg\" alt=\"\" width=\"300\" height=\"171\" data-srcset=\"https:\/\/ubanews.com\/site\/wp-content\/uploads\/2018\/09\/DSC_8646-300x171.jpg 300w, https:\/\/ubanews.com\/site\/wp-content\/uploads\/2018\/09\/DSC_8646-768x439.jpg 768w, https:\/\/ubanews.com\/site\/wp-content\/uploads\/2018\/09\/DSC_8646.jpg 800w\" data-sizes=\"(max-width: 300px) 100vw, 300px\" src=\"data:image\/svg+xml;base64,PHN2ZyB3aWR0aD0iMSIgaGVpZ2h0PSIxIiB4bWxucz0iaHR0cDovL3d3dy53My5vcmcvMjAwMC9zdmciPjwvc3ZnPg==\" style=\"--smush-placeholder-width: 300px; --smush-placeholder-aspect-ratio: 300\/171;\" \/><\/a> <a href=\"https:\/\/ubanews.com\/site\/wp-content\/uploads\/2018\/09\/DSC_8652.jpg\"><img decoding=\"async\" class=\"alignnone size-medium wp-image-7815 lazyload\" data-src=\"https:\/\/ubanews.com\/site\/wp-content\/uploads\/2018\/09\/DSC_8652-300x171.jpg\" alt=\"\" width=\"300\" height=\"171\" data-srcset=\"https:\/\/ubanews.com\/site\/wp-content\/uploads\/2018\/09\/DSC_8652-300x171.jpg 300w, https:\/\/ubanews.com\/site\/wp-content\/uploads\/2018\/09\/DSC_8652-768x439.jpg 768w, https:\/\/ubanews.com\/site\/wp-content\/uploads\/2018\/09\/DSC_8652.jpg 800w\" data-sizes=\"(max-width: 300px) 100vw, 300px\" src=\"data:image\/svg+xml;base64,PHN2ZyB3aWR0aD0iMSIgaGVpZ2h0PSIxIiB4bWxucz0iaHR0cDovL3d3dy53My5vcmcvMjAwMC9zdmciPjwvc3ZnPg==\" style=\"--smush-placeholder-width: 300px; --smush-placeholder-aspect-ratio: 300\/171;\" \/><\/a><\/p>\n<p>A Pol\u00edcia Militar prendeu em menos de 24h o homem de 28 anos que matou com duas facadas o seu desafeto por causa de drogas. Carlos Roberto Costa da Silva (28) \u00e9 natural do Estado da Bahia. Est\u00e1 em Ub\u00e1 faz pouco mais de tr\u00eas meses. Ele confessou ter matado Alexandro Alves Silva (39). O autor disse \u00e0 PM que era amea\u00e7ado frequentemente pela v\u00edtima que queria tomar sua droga, dizendo que ele era de fora, por isso tinha que se submeter aos seus caprichos. Foi ent\u00e3o que na noite de s\u00e1bado (29), por volta das 21h, ele resolveu colocar um ponto final nesse conflito, desferindo duas facadas certeiras contra o seu oponente, sendo uma no t\u00f3rax e outra na altura da orelha, segundo a pol\u00edcia Militar e a Per\u00edcia T\u00e9cnica. Tudo aconteceu em um lugar ermo e deserto e de pouco acesso, principalmente \u00e0 noite. A v\u00edtima chegou a pedir socorro em posto de combust\u00edvel (Uirapuru), na avenida Beira Rio Nova, por\u00e9m n\u00e3o resistiu aos ferimentos, vindo a \u00f3bito.<\/p>\n<p><a href=\"https:\/\/ubanews.com\/site\/wp-content\/uploads\/2018\/08\/ELETRO-SENA-AUTOMOTIVA-2.jpg\"><img decoding=\"async\" class=\"alignnone wp-image-7016 size-full lazyload\" data-src=\"https:\/\/ubanews.com\/site\/wp-content\/uploads\/2018\/08\/ELETRO-SENA-AUTOMOTIVA-2.jpg\" alt=\"\" width=\"800\" height=\"264\" data-srcset=\"https:\/\/ubanews.com\/site\/wp-content\/uploads\/2018\/08\/ELETRO-SENA-AUTOMOTIVA-2.jpg 800w, https:\/\/ubanews.com\/site\/wp-content\/uploads\/2018\/08\/ELETRO-SENA-AUTOMOTIVA-2-300x99.jpg 300w, https:\/\/ubanews.com\/site\/wp-content\/uploads\/2018\/08\/ELETRO-SENA-AUTOMOTIVA-2-768x253.jpg 768w\" data-sizes=\"(max-width: 800px) 100vw, 800px\" src=\"data:image\/svg+xml;base64,PHN2ZyB3aWR0aD0iMSIgaGVpZ2h0PSIxIiB4bWxucz0iaHR0cDovL3d3dy53My5vcmcvMjAwMC9zdmciPjwvc3ZnPg==\" style=\"--smush-placeholder-width: 800px; --smush-placeholder-aspect-ratio: 800\/264;\" \/><\/a><\/p>\n<p>A Pol\u00edcia Militar recebeu informa\u00e7\u00f5es an\u00f4nimas, na manh\u00e3 desde domingo (30), dando conta que o suposto autor do crime de homic\u00eddio estaria na avenida Beira Rio, pr\u00f3ximo \u00e0 Feira Livre. Ao chegar diante do autor (que confessou ser o respons\u00e1vel pelo crime de homic\u00eddio), a Pol\u00edcia Militar ao realizar a abordagem, obteve a confirma\u00e7\u00e3o da autoria. Assassino diz que \u00e9 usu\u00e1rio de drogas desde a idade de seus 08 anos, chegando a lacrimejar os olhos ao falar sobre o uso de drogas e sua depend\u00eancia qu\u00edmica. Para manter o seu v\u00edcio o autor engraxava sapatos na feira. Autor e v\u00edtima tinham antecedentes criminais, por\u00e9m nenhum dos dois por homic\u00eddio. No final da tarde deste domingo (30) a Tenente Gisele, Comandante do Policiamento nesta data, atendeu \u00e0 equipe do Portal de Not\u00edcias Ub\u00e1 News, trazendo todas as informa\u00e7\u00f5es.&nbsp;<\/p>\n<div style=\"position: relative; height: 0; padding-bottom: 56.25%;\"><iframe style=\"position: absolute; width: 100%; height: 100%; left: 0;\" data-src=\"https:\/\/www.youtube.com\/embed\/WLJsBMDpLEo?ecver=2\" width=\"640\" height=\"360\" frameborder=\"0\" allowfullscreen=\"allowfullscreen\" src=\"data:image\/svg+xml;base64,PHN2ZyB3aWR0aD0iMSIgaGVpZ2h0PSIxIiB4bWxucz0iaHR0cDovL3d3dy53My5vcmcvMjAwMC9zdmciPjwvc3ZnPg==\" class=\"lazyload\" data-load-mode=\"1\"><\/iframe><\/div>\n<p><a href=\"https:\/\/ubanews.com\/site\/wp-content\/uploads\/2018\/09\/Auto-Films-3.jpg\"><img decoding=\"async\" class=\"alignnone wp-image-7740 size-full lazyload\" data-src=\"https:\/\/ubanews.com\/site\/wp-content\/uploads\/2018\/09\/Auto-Films-3.jpg\" alt=\"\" width=\"800\" height=\"200\" data-srcset=\"https:\/\/ubanews.com\/site\/wp-content\/uploads\/2018\/09\/Auto-Films-3.jpg 800w, https:\/\/ubanews.com\/site\/wp-content\/uploads\/2018\/09\/Auto-Films-3-300x75.jpg 300w, https:\/\/ubanews.com\/site\/wp-content\/uploads\/2018\/09\/Auto-Films-3-768x192.jpg 768w\" data-sizes=\"(max-width: 800px) 100vw, 800px\" src=\"data:image\/svg+xml;base64,PHN2ZyB3aWR0aD0iMSIgaGVpZ2h0PSIxIiB4bWxucz0iaHR0cDovL3d3dy53My5vcmcvMjAwMC9zdmciPjwvc3ZnPg==\" style=\"--smush-placeholder-width: 800px; --smush-placeholder-aspect-ratio: 800\/200;\" \/><\/a><\/p>\n","protected":false},"excerpt":{"rendered":"<p>A Pol\u00edcia Militar prendeu em menos de 24h o homem<\/p>\n","protected":false},"author":2,"featured_media":7813,"comment_status":"open","ping_status":"open","sticky":false,"template":"","format":"standard","meta":{"footnotes":""},"categories":[17,13],"tags":[],"class_list":["post-7810","post","type-post","status-publish","format-standard","has-post-thumbnail","hentry","category-policia-militar","category-sintese-das-ocorrencias"],"yoast_head":"<!-- This site is optimized with the Yoast SEO plugin v27.2 - https:\/\/yoast.com\/product\/yoast-seo-wordpress\/ -->\n<title>ASSASSINO QUE MATOU O SEU DESAFETO COM DUAS FACADAS \u00c9 PRESO NA FEIRA LIVRE DE UB\u00c1 - Ub\u00e1 News<\/title>\n<meta name=\"robots\" content=\"index, follow, max-snippet:-1, max-image-preview:large, max-video-preview:-1\" \/>\n<link rel=\"canonical\" href=\"https:\/\/ubanews.com\/site\/2018\/09\/30\/assassino-que-matou-o-seu-desafeto-com-duas-facadas-e-preso-na-feira-livre-de-uba\/\" \/>\n<meta property=\"og:locale\" content=\"pt_BR\" \/>\n<meta property=\"og:type\" content=\"article\" \/>\n<meta property=\"og:title\" content=\"ASSASSINO QUE MATOU O SEU DESAFETO COM DUAS FACADAS \u00c9 PRESO NA FEIRA LIVRE DE UB\u00c1 - Ub\u00e1 News\" \/>\n<meta property=\"og:description\" content=\"A Pol\u00edcia Militar prendeu em menos de 24h o homem\" \/>\n<meta property=\"og:url\" content=\"https:\/\/ubanews.com\/site\/2018\/09\/30\/assassino-que-matou-o-seu-desafeto-com-duas-facadas-e-preso-na-feira-livre-de-uba\/\" \/>\n<meta property=\"og:site_name\" content=\"Ub\u00e1 News\" \/>\n<meta property=\"article:publisher\" content=\"https:\/\/www.facebook.com\/Ub%c3%a1News-Carlos-Roberto-Sodr%c3%a9-418778301977370\" \/>\n<meta property=\"article:author\" content=\"https:\/\/www.facebook.com\/carosroberto.sodre.5\/\" \/>\n<meta property=\"article:published_time\" content=\"2018-09-30T21:39:22+00:00\" \/>\n<meta property=\"article:modified_time\" content=\"2018-10-19T13:58:24+00:00\" \/>\n<meta property=\"og:image\" content=\"https:\/\/ubanews.com\/site\/wp-content\/uploads\/2018\/09\/111.jpg\" \/>\n\t<meta property=\"og:image:width\" content=\"800\" \/>\n\t<meta property=\"og:image:height\" content=\"389\" \/>\n\t<meta property=\"og:image:type\" content=\"image\/jpeg\" \/>\n<meta name=\"author\" content=\"Sodr\u00e9\" \/>\n<meta name=\"twitter:card\" content=\"summary_large_image\" \/>\n<meta name=\"twitter:label1\" content=\"Escrito por\" \/>\n\t<meta name=\"twitter:data1\" content=\"Sodr\u00e9\" \/>\n\t<meta name=\"twitter:label2\" content=\"Est. tempo de leitura\" \/>\n\t<meta name=\"twitter:data2\" content=\"2 minutos\" \/>\n<script type=\"application\/ld+json\" class=\"yoast-schema-graph\">{\"@context\":\"https:\/\/schema.org\",\"@graph\":[{\"@type\":\"Article\",\"@id\":\"https:\/\/ubanews.com\/site\/2018\/09\/30\/assassino-que-matou-o-seu-desafeto-com-duas-facadas-e-preso-na-feira-livre-de-uba\/#article\",\"isPartOf\":{\"@id\":\"https:\/\/ubanews.com\/site\/2018\/09\/30\/assassino-que-matou-o-seu-desafeto-com-duas-facadas-e-preso-na-feira-livre-de-uba\/\"},\"author\":{\"name\":\"Sodr\u00e9\",\"@id\":\"https:\/\/ubanews.com\/site\/#\/schema\/person\/d90c9e47252fbb63dcc969fe4c8b9d10\"},\"headline\":\"ASSASSINO QUE MATOU O SEU DESAFETO COM DUAS FACADAS \u00c9 PRESO NA FEIRA LIVRE DE UB\u00c1\",\"datePublished\":\"2018-09-30T21:39:22+00:00\",\"dateModified\":\"2018-10-19T13:58:24+00:00\",\"mainEntityOfPage\":{\"@id\":\"https:\/\/ubanews.com\/site\/2018\/09\/30\/assassino-que-matou-o-seu-desafeto-com-duas-facadas-e-preso-na-feira-livre-de-uba\/\"},\"wordCount\":342,\"commentCount\":0,\"publisher\":{\"@id\":\"https:\/\/ubanews.com\/site\/#organization\"},\"image\":{\"@id\":\"https:\/\/ubanews.com\/site\/2018\/09\/30\/assassino-que-matou-o-seu-desafeto-com-duas-facadas-e-preso-na-feira-livre-de-uba\/#primaryimage\"},\"thumbnailUrl\":\"https:\/\/ubanews.com\/site\/wp-content\/uploads\/2018\/09\/111.jpg\",\"articleSection\":[\"Pol\u00edcia Militar\",\"S\u00edntese das Ocorr\u00eancias\"],\"inLanguage\":\"pt-BR\",\"potentialAction\":[{\"@type\":\"CommentAction\",\"name\":\"Comment\",\"target\":[\"https:\/\/ubanews.com\/site\/2018\/09\/30\/assassino-que-matou-o-seu-desafeto-com-duas-facadas-e-preso-na-feira-livre-de-uba\/#respond\"]}]},{\"@type\":\"WebPage\",\"@id\":\"https:\/\/ubanews.com\/site\/2018\/09\/30\/assassino-que-matou-o-seu-desafeto-com-duas-facadas-e-preso-na-feira-livre-de-uba\/\",\"url\":\"https:\/\/ubanews.com\/site\/2018\/09\/30\/assassino-que-matou-o-seu-desafeto-com-duas-facadas-e-preso-na-feira-livre-de-uba\/\",\"name\":\"ASSASSINO QUE MATOU O SEU DESAFETO COM DUAS FACADAS \u00c9 PRESO NA FEIRA LIVRE DE UB\u00c1 - Ub\u00e1 News\",\"isPartOf\":{\"@id\":\"https:\/\/ubanews.com\/site\/#website\"},\"primaryImageOfPage\":{\"@id\":\"https:\/\/ubanews.com\/site\/2018\/09\/30\/assassino-que-matou-o-seu-desafeto-com-duas-facadas-e-preso-na-feira-livre-de-uba\/#primaryimage\"},\"image\":{\"@id\":\"https:\/\/ubanews.com\/site\/2018\/09\/30\/assassino-que-matou-o-seu-desafeto-com-duas-facadas-e-preso-na-feira-livre-de-uba\/#primaryimage\"},\"thumbnailUrl\":\"https:\/\/ubanews.com\/site\/wp-content\/uploads\/2018\/09\/111.jpg\",\"datePublished\":\"2018-09-30T21:39:22+00:00\",\"dateModified\":\"2018-10-19T13:58:24+00:00\",\"breadcrumb\":{\"@id\":\"https:\/\/ubanews.com\/site\/2018\/09\/30\/assassino-que-matou-o-seu-desafeto-com-duas-facadas-e-preso-na-feira-livre-de-uba\/#breadcrumb\"},\"inLanguage\":\"pt-BR\",\"potentialAction\":[{\"@type\":\"ReadAction\",\"target\":[\"https:\/\/ubanews.com\/site\/2018\/09\/30\/assassino-que-matou-o-seu-desafeto-com-duas-facadas-e-preso-na-feira-livre-de-uba\/\"]}]},{\"@type\":\"ImageObject\",\"inLanguage\":\"pt-BR\",\"@id\":\"https:\/\/ubanews.com\/site\/2018\/09\/30\/assassino-que-matou-o-seu-desafeto-com-duas-facadas-e-preso-na-feira-livre-de-uba\/#primaryimage\",\"url\":\"https:\/\/ubanews.com\/site\/wp-content\/uploads\/2018\/09\/111.jpg\",\"contentUrl\":\"https:\/\/ubanews.com\/site\/wp-content\/uploads\/2018\/09\/111.jpg\",\"width\":800,\"height\":389},{\"@type\":\"BreadcrumbList\",\"@id\":\"https:\/\/ubanews.com\/site\/2018\/09\/30\/assassino-que-matou-o-seu-desafeto-com-duas-facadas-e-preso-na-feira-livre-de-uba\/#breadcrumb\",\"itemListElement\":[{\"@type\":\"ListItem\",\"position\":1,\"name\":\"Home\",\"item\":\"https:\/\/ubanews.com\/site\/\"},{\"@type\":\"ListItem\",\"position\":2,\"name\":\"ASSASSINO QUE MATOU O SEU DESAFETO COM DUAS FACADAS \u00c9 PRESO NA FEIRA LIVRE DE UB\u00c1\"}]},{\"@type\":\"WebSite\",\"@id\":\"https:\/\/ubanews.com\/site\/#website\",\"url\":\"https:\/\/ubanews.com\/site\/\",\"name\":\"Ub\u00e1 News\",\"description\":\"\",\"publisher\":{\"@id\":\"https:\/\/ubanews.com\/site\/#organization\"},\"potentialAction\":[{\"@type\":\"SearchAction\",\"target\":{\"@type\":\"EntryPoint\",\"urlTemplate\":\"https:\/\/ubanews.com\/site\/?s={search_term_string}\"},\"query-input\":{\"@type\":\"PropertyValueSpecification\",\"valueRequired\":true,\"valueName\":\"search_term_string\"}}],\"inLanguage\":\"pt-BR\"},{\"@type\":\"Organization\",\"@id\":\"https:\/\/ubanews.com\/site\/#organization\",\"name\":\"Ub\u00e1 News\",\"url\":\"https:\/\/ubanews.com\/site\/\",\"logo\":{\"@type\":\"ImageObject\",\"inLanguage\":\"pt-BR\",\"@id\":\"https:\/\/ubanews.com\/site\/#\/schema\/logo\/image\/\",\"url\":\"https:\/\/ubanews.com\/site\/wp-content\/uploads\/2018\/01\/logoubanews.png\",\"contentUrl\":\"https:\/\/ubanews.com\/site\/wp-content\/uploads\/2018\/01\/logoubanews.png\",\"width\":261,\"height\":99,\"caption\":\"Ub\u00e1 News\"},\"image\":{\"@id\":\"https:\/\/ubanews.com\/site\/#\/schema\/logo\/image\/\"},\"sameAs\":[\"https:\/\/www.facebook.com\/Ub\u00e1News-Carlos-Roberto-Sodr\u00e9-418778301977370\"]},{\"@type\":\"Person\",\"@id\":\"https:\/\/ubanews.com\/site\/#\/schema\/person\/d90c9e47252fbb63dcc969fe4c8b9d10\",\"name\":\"Sodr\u00e9\",\"image\":{\"@type\":\"ImageObject\",\"inLanguage\":\"pt-BR\",\"@id\":\"https:\/\/secure.gravatar.com\/avatar\/5ba2793f0590b9dbfad3fdec4ee714485b3eef211c9b32ee53d414060454a56c?s=96&d=mm&r=g\",\"url\":\"https:\/\/secure.gravatar.com\/avatar\/5ba2793f0590b9dbfad3fdec4ee714485b3eef211c9b32ee53d414060454a56c?s=96&d=mm&r=g\",\"contentUrl\":\"https:\/\/secure.gravatar.com\/avatar\/5ba2793f0590b9dbfad3fdec4ee714485b3eef211c9b32ee53d414060454a56c?s=96&d=mm&r=g\",\"caption\":\"Sodr\u00e9\"},\"sameAs\":[\"https:\/\/www.facebook.com\/carosroberto.sodre.5\/\"],\"url\":\"https:\/\/ubanews.com\/site\/author\/felipe\/\"}]}<\/script>\n<!-- \/ Yoast SEO plugin. -->","yoast_head_json":{"title":"ASSASSINO QUE MATOU O SEU DESAFETO COM DUAS FACADAS \u00c9 PRESO NA FEIRA LIVRE DE UB\u00c1 - Ub\u00e1 News","robots":{"index":"index","follow":"follow","max-snippet":"max-snippet:-1","max-image-preview":"max-image-preview:large","max-video-preview":"max-video-preview:-1"},"canonical":"https:\/\/ubanews.com\/site\/2018\/09\/30\/assassino-que-matou-o-seu-desafeto-com-duas-facadas-e-preso-na-feira-livre-de-uba\/","og_locale":"pt_BR","og_type":"article","og_title":"ASSASSINO QUE MATOU O SEU DESAFETO COM DUAS FACADAS \u00c9 PRESO NA FEIRA LIVRE DE UB\u00c1 - Ub\u00e1 News","og_description":"A Pol\u00edcia Militar prendeu em menos de 24h o homem","og_url":"https:\/\/ubanews.com\/site\/2018\/09\/30\/assassino-que-matou-o-seu-desafeto-com-duas-facadas-e-preso-na-feira-livre-de-uba\/","og_site_name":"Ub\u00e1 News","article_publisher":"https:\/\/www.facebook.com\/Ub%c3%a1News-Carlos-Roberto-Sodr%c3%a9-418778301977370","article_author":"https:\/\/www.facebook.com\/carosroberto.sodre.5\/","article_published_time":"2018-09-30T21:39:22+00:00","article_modified_time":"2018-10-19T13:58:24+00:00","og_image":[{"width":800,"height":389,"url":"https:\/\/ubanews.com\/site\/wp-content\/uploads\/2018\/09\/111.jpg","type":"image\/jpeg"}],"author":"Sodr\u00e9","twitter_card":"summary_large_image","twitter_misc":{"Escrito por":"Sodr\u00e9","Est. tempo de leitura":"2 minutos"},"schema":{"@context":"https:\/\/schema.org","@graph":[{"@type":"Article","@id":"https:\/\/ubanews.com\/site\/2018\/09\/30\/assassino-que-matou-o-seu-desafeto-com-duas-facadas-e-preso-na-feira-livre-de-uba\/#article","isPartOf":{"@id":"https:\/\/ubanews.com\/site\/2018\/09\/30\/assassino-que-matou-o-seu-desafeto-com-duas-facadas-e-preso-na-feira-livre-de-uba\/"},"author":{"name":"Sodr\u00e9","@id":"https:\/\/ubanews.com\/site\/#\/schema\/person\/d90c9e47252fbb63dcc969fe4c8b9d10"},"headline":"ASSASSINO QUE MATOU O SEU DESAFETO COM DUAS FACADAS \u00c9 PRESO NA FEIRA LIVRE DE UB\u00c1","datePublished":"2018-09-30T21:39:22+00:00","dateModified":"2018-10-19T13:58:24+00:00","mainEntityOfPage":{"@id":"https:\/\/ubanews.com\/site\/2018\/09\/30\/assassino-que-matou-o-seu-desafeto-com-duas-facadas-e-preso-na-feira-livre-de-uba\/"},"wordCount":342,"commentCount":0,"publisher":{"@id":"https:\/\/ubanews.com\/site\/#organization"},"image":{"@id":"https:\/\/ubanews.com\/site\/2018\/09\/30\/assassino-que-matou-o-seu-desafeto-com-duas-facadas-e-preso-na-feira-livre-de-uba\/#primaryimage"},"thumbnailUrl":"https:\/\/ubanews.com\/site\/wp-content\/uploads\/2018\/09\/111.jpg","articleSection":["Pol\u00edcia Militar","S\u00edntese das Ocorr\u00eancias"],"inLanguage":"pt-BR","potentialAction":[{"@type":"CommentAction","name":"Comment","target":["https:\/\/ubanews.com\/site\/2018\/09\/30\/assassino-que-matou-o-seu-desafeto-com-duas-facadas-e-preso-na-feira-livre-de-uba\/#respond"]}]},{"@type":"WebPage","@id":"https:\/\/ubanews.com\/site\/2018\/09\/30\/assassino-que-matou-o-seu-desafeto-com-duas-facadas-e-preso-na-feira-livre-de-uba\/","url":"https:\/\/ubanews.com\/site\/2018\/09\/30\/assassino-que-matou-o-seu-desafeto-com-duas-facadas-e-preso-na-feira-livre-de-uba\/","name":"ASSASSINO QUE MATOU O SEU DESAFETO COM DUAS FACADAS \u00c9 PRESO NA FEIRA LIVRE DE UB\u00c1 - Ub\u00e1 News","isPartOf":{"@id":"https:\/\/ubanews.com\/site\/#website"},"primaryImageOfPage":{"@id":"https:\/\/ubanews.com\/site\/2018\/09\/30\/assassino-que-matou-o-seu-desafeto-com-duas-facadas-e-preso-na-feira-livre-de-uba\/#primaryimage"},"image":{"@id":"https:\/\/ubanews.com\/site\/2018\/09\/30\/assassino-que-matou-o-seu-desafeto-com-duas-facadas-e-preso-na-feira-livre-de-uba\/#primaryimage"},"thumbnailUrl":"https:\/\/ubanews.com\/site\/wp-content\/uploads\/2018\/09\/111.jpg","datePublished":"2018-09-30T21:39:22+00:00","dateModified":"2018-10-19T13:58:24+00:00","breadcrumb":{"@id":"https:\/\/ubanews.com\/site\/2018\/09\/30\/assassino-que-matou-o-seu-desafeto-com-duas-facadas-e-preso-na-feira-livre-de-uba\/#breadcrumb"},"inLanguage":"pt-BR","potentialAction":[{"@type":"ReadAction","target":["https:\/\/ubanews.com\/site\/2018\/09\/30\/assassino-que-matou-o-seu-desafeto-com-duas-facadas-e-preso-na-feira-livre-de-uba\/"]}]},{"@type":"ImageObject","inLanguage":"pt-BR","@id":"https:\/\/ubanews.com\/site\/2018\/09\/30\/assassino-que-matou-o-seu-desafeto-com-duas-facadas-e-preso-na-feira-livre-de-uba\/#primaryimage","url":"https:\/\/ubanews.com\/site\/wp-content\/uploads\/2018\/09\/111.jpg","contentUrl":"https:\/\/ubanews.com\/site\/wp-content\/uploads\/2018\/09\/111.jpg","width":800,"height":389},{"@type":"BreadcrumbList","@id":"https:\/\/ubanews.com\/site\/2018\/09\/30\/assassino-que-matou-o-seu-desafeto-com-duas-facadas-e-preso-na-feira-livre-de-uba\/#breadcrumb","itemListElement":[{"@type":"ListItem","position":1,"name":"Home","item":"https:\/\/ubanews.com\/site\/"},{"@type":"ListItem","position":2,"name":"ASSASSINO QUE MATOU O SEU DESAFETO COM DUAS FACADAS \u00c9 PRESO NA FEIRA LIVRE DE UB\u00c1"}]},{"@type":"WebSite","@id":"https:\/\/ubanews.com\/site\/#website","url":"https:\/\/ubanews.com\/site\/","name":"Ub\u00e1 News","description":"","publisher":{"@id":"https:\/\/ubanews.com\/site\/#organization"},"potentialAction":[{"@type":"SearchAction","target":{"@type":"EntryPoint","urlTemplate":"https:\/\/ubanews.com\/site\/?s={search_term_string}"},"query-input":{"@type":"PropertyValueSpecification","valueRequired":true,"valueName":"search_term_string"}}],"inLanguage":"pt-BR"},{"@type":"Organization","@id":"https:\/\/ubanews.com\/site\/#organization","name":"Ub\u00e1 News","url":"https:\/\/ubanews.com\/site\/","logo":{"@type":"ImageObject","inLanguage":"pt-BR","@id":"https:\/\/ubanews.com\/site\/#\/schema\/logo\/image\/","url":"https:\/\/ubanews.com\/site\/wp-content\/uploads\/2018\/01\/logoubanews.png","contentUrl":"https:\/\/ubanews.com\/site\/wp-content\/uploads\/2018\/01\/logoubanews.png","width":261,"height":99,"caption":"Ub\u00e1 News"},"image":{"@id":"https:\/\/ubanews.com\/site\/#\/schema\/logo\/image\/"},"sameAs":["https:\/\/www.facebook.com\/Ub\u00e1News-Carlos-Roberto-Sodr\u00e9-418778301977370"]},{"@type":"Person","@id":"https:\/\/ubanews.com\/site\/#\/schema\/person\/d90c9e47252fbb63dcc969fe4c8b9d10","name":"Sodr\u00e9","image":{"@type":"ImageObject","inLanguage":"pt-BR","@id":"https:\/\/secure.gravatar.com\/avatar\/5ba2793f0590b9dbfad3fdec4ee714485b3eef211c9b32ee53d414060454a56c?s=96&d=mm&r=g","url":"https:\/\/secure.gravatar.com\/avatar\/5ba2793f0590b9dbfad3fdec4ee714485b3eef211c9b32ee53d414060454a56c?s=96&d=mm&r=g","contentUrl":"https:\/\/secure.gravatar.com\/avatar\/5ba2793f0590b9dbfad3fdec4ee714485b3eef211c9b32ee53d414060454a56c?s=96&d=mm&r=g","caption":"Sodr\u00e9"},"sameAs":["https:\/\/www.facebook.com\/carosroberto.sodre.5\/"],"url":"https:\/\/ubanews.com\/site\/author\/felipe\/"}]}},"_links":{"self":[{"href":"https:\/\/ubanews.com\/site\/wp-json\/wp\/v2\/posts\/7810","targetHints":{"allow":["GET"]}}],"collection":[{"href":"https:\/\/ubanews.com\/site\/wp-json\/wp\/v2\/posts"}],"about":[{"href":"https:\/\/ubanews.com\/site\/wp-json\/wp\/v2\/types\/post"}],"author":[{"embeddable":true,"href":"https:\/\/ubanews.com\/site\/wp-json\/wp\/v2\/users\/2"}],"replies":[{"embeddable":true,"href":"https:\/\/ubanews.com\/site\/wp-json\/wp\/v2\/comments?post=7810"}],"version-history":[{"count":0,"href":"https:\/\/ubanews.com\/site\/wp-json\/wp\/v2\/posts\/7810\/revisions"}],"wp:featuredmedia":[{"embeddable":true,"href":"https:\/\/ubanews.com\/site\/wp-json\/wp\/v2\/media\/7813"}],"wp:attachment":[{"href":"https:\/\/ubanews.com\/site\/wp-json\/wp\/v2\/media?parent=7810"}],"wp:term":[{"taxonomy":"category","embeddable":true,"href":"https:\/\/ubanews.com\/site\/wp-json\/wp\/v2\/categories?post=7810"},{"taxonomy":"post_tag","embeddable":true,"href":"https:\/\/ubanews.com\/site\/wp-json\/wp\/v2\/tags?post=7810"}],"curies":[{"name":"wp","href":"https:\/\/api.w.org\/{rel}","templated":true}]}}