{"id":7790,"date":"2018-10-01T20:54:10","date_gmt":"2018-10-01T23:54:10","guid":{"rendered":"http:\/\/ubanews.com\/site\/?p=7790"},"modified":"2018-10-19T10:58:38","modified_gmt":"2018-10-19T13:58:38","slug":"femac-sedia-o-primeiro-encontro-de-candidatos-a-deputado-estadual-e-federal-por-minas-gerais","status":"publish","type":"post","link":"https:\/\/ubanews.com\/site\/2018\/10\/01\/femac-sedia-o-primeiro-encontro-de-candidatos-a-deputado-estadual-e-federal-por-minas-gerais\/","title":{"rendered":"FEMAC SEDIA O PRIMEIRO ENCONTRO DE CANDIDATOS A DEPUTADO ESTADUAL E FEDERAL POR MINAS GERAIS"},"content":{"rendered":"<p style=\"text-align: left;\">A Femac (Federa\u00e7\u00e3o de Moradores das Associa\u00e7\u00f5es Comunit\u00e1rias dos Bairros, Distritos e Zona Rural) promoveu na noite desta sexta-feira (28), \u00e0s 19h, no Audit\u00f3rio Sebastiao Jos\u00e9 Barreto (Santinho Barreto), Associa\u00e7\u00e3o Comercial e Industrial de Ub\u00e1, Rua Rafael Girardi, 473 \u2013 centro \u2013 o encontro dos candidatos (as) a Deputado Estadual e ou Federal por Minas Gerais. N\u00e3o foi um debate. A Femac possibilitou aos candidatos (as) a oportunidade de externar aos presentes ideias e projeto com os quais pretendem apresentar caso saiam com a vit\u00f3ria nas elei\u00e7\u00f5es de 07 de outubro.<a href=\"https:\/\/ubanews.com\/site\/wp-content\/uploads\/2018\/08\/ELETRO-SENA-AUTOMOTIVA-2.jpg\"><img decoding=\"async\" class=\"alignnone wp-image-7016 size-full lazyload\" data-src=\"https:\/\/ubanews.com\/site\/wp-content\/uploads\/2018\/08\/ELETRO-SENA-AUTOMOTIVA-2.jpg\" alt=\"\" width=\"800\" height=\"264\" data-srcset=\"https:\/\/ubanews.com\/site\/wp-content\/uploads\/2018\/08\/ELETRO-SENA-AUTOMOTIVA-2.jpg 800w, https:\/\/ubanews.com\/site\/wp-content\/uploads\/2018\/08\/ELETRO-SENA-AUTOMOTIVA-2-300x99.jpg 300w, https:\/\/ubanews.com\/site\/wp-content\/uploads\/2018\/08\/ELETRO-SENA-AUTOMOTIVA-2-768x253.jpg 768w\" data-sizes=\"(max-width: 800px) 100vw, 800px\" src=\"data:image\/svg+xml;base64,PHN2ZyB3aWR0aD0iMSIgaGVpZ2h0PSIxIiB4bWxucz0iaHR0cDovL3d3dy53My5vcmcvMjAwMC9zdmciPjwvc3ZnPg==\" style=\"--smush-placeholder-width: 800px; --smush-placeholder-aspect-ratio: 800\/264;\" \/><\/a><\/p>\n<p>Compareceram ao encontro os candidatos:<\/p>\n<p>Federal &#8211; Edvaldo Bai\u00e3o Albino, Vadinho Bai\u00e3o (Avante)<\/p>\n<p>Federal &#8211; Lu\u00eds Gustavo D\u00e1vila Riani (Gustavo Riani) (PV)<\/p>\n<p>Federal &#8211; Patr\u00edcia Magalh\u00e3es (Pros)<\/p>\n<p>Federal &#8211; Jos\u00e9 Xavier Brand\u00e3o Teixeira (PSC)<\/p>\n<p>Federal &#8211; Jos\u00e9 Raimundo Cordeiro (PMN)<\/p>\n<p>Federal \u2013 Alo\u00edsio de Morais (PMN)<\/p>\n<p>Estadual \u2013 Alencar Magalh\u00e3es da Silveira J\u00fanior (PDT)<\/p>\n<p>O candidato Vadinho Bai\u00e3o (Avante) pediu licen\u00e7a aos presentes e se retirou alguns minutos antes do encerramento. Ele explicou que sua esposa havia se submetido a uma cirurgia, por isso, iria se retirar um pouco mais cedo. Jos\u00e9 Raimundo Cordeiro (PMN) saiu ligeiro, logo que o coordenador da Femac M\u00e1rio \u00c2ngelo No\u00e9 deu por encerrado o encontro.<\/p>\n<p>O Portal de not\u00edcias Ub\u00e1 News acompanhou com exclusividade.<\/p>\n<div style=\"position: relative; height: 0; padding-bottom: 56.25%;\"><iframe style=\"position: absolute; width: 100%; height: 100%; left: 0;\" data-src=\"https:\/\/www.youtube.com\/embed\/g9X8Da2f060?ecver=2\" width=\"640\" height=\"360\" frameborder=\"0\" allowfullscreen=\"allowfullscreen\" src=\"data:image\/svg+xml;base64,PHN2ZyB3aWR0aD0iMSIgaGVpZ2h0PSIxIiB4bWxucz0iaHR0cDovL3d3dy53My5vcmcvMjAwMC9zdmciPjwvc3ZnPg==\" class=\"lazyload\" data-load-mode=\"1\"><\/iframe><\/div>\n<p><a href=\"https:\/\/ubanews.com\/site\/wp-content\/uploads\/2018\/09\/Auto-Films-3.jpg\"><img decoding=\"async\" class=\"alignnone wp-image-7740 size-full lazyload\" data-src=\"https:\/\/ubanews.com\/site\/wp-content\/uploads\/2018\/09\/Auto-Films-3.jpg\" alt=\"\" width=\"800\" height=\"200\" data-srcset=\"https:\/\/ubanews.com\/site\/wp-content\/uploads\/2018\/09\/Auto-Films-3.jpg 800w, https:\/\/ubanews.com\/site\/wp-content\/uploads\/2018\/09\/Auto-Films-3-300x75.jpg 300w, https:\/\/ubanews.com\/site\/wp-content\/uploads\/2018\/09\/Auto-Films-3-768x192.jpg 768w\" data-sizes=\"(max-width: 800px) 100vw, 800px\" src=\"data:image\/svg+xml;base64,PHN2ZyB3aWR0aD0iMSIgaGVpZ2h0PSIxIiB4bWxucz0iaHR0cDovL3d3dy53My5vcmcvMjAwMC9zdmciPjwvc3ZnPg==\" style=\"--smush-placeholder-width: 800px; --smush-placeholder-aspect-ratio: 800\/200;\" \/><\/a><\/p>\n","protected":false},"excerpt":{"rendered":"<p>A Femac (Federa\u00e7\u00e3o de Moradores das Associa\u00e7\u00f5es Comunit\u00e1rias dos Bairros,<\/p>\n","protected":false},"author":2,"featured_media":7837,"comment_status":"open","ping_status":"open","sticky":false,"template":"","format":"standard","meta":{"footnotes":""},"categories":[1],"tags":[],"class_list":["post-7790","post","type-post","status-publish","format-standard","has-post-thumbnail","hentry","category-sem-categoria"],"yoast_head":"<!-- This site is optimized with the Yoast SEO plugin v27.2 - https:\/\/yoast.com\/product\/yoast-seo-wordpress\/ -->\n<title>FEMAC SEDIA O PRIMEIRO ENCONTRO DE CANDIDATOS A DEPUTADO ESTADUAL E FEDERAL POR MINAS GERAIS - Ub\u00e1 News<\/title>\n<meta name=\"robots\" content=\"index, follow, max-snippet:-1, max-image-preview:large, max-video-preview:-1\" \/>\n<link rel=\"canonical\" href=\"https:\/\/ubanews.com\/site\/2018\/10\/01\/femac-sedia-o-primeiro-encontro-de-candidatos-a-deputado-estadual-e-federal-por-minas-gerais\/\" \/>\n<meta property=\"og:locale\" content=\"pt_BR\" \/>\n<meta property=\"og:type\" content=\"article\" \/>\n<meta property=\"og:title\" content=\"FEMAC SEDIA O PRIMEIRO ENCONTRO DE CANDIDATOS A DEPUTADO ESTADUAL E FEDERAL POR MINAS GERAIS - Ub\u00e1 News\" \/>\n<meta property=\"og:description\" content=\"A Femac (Federa\u00e7\u00e3o de Moradores das Associa\u00e7\u00f5es Comunit\u00e1rias dos Bairros,\" \/>\n<meta property=\"og:url\" content=\"https:\/\/ubanews.com\/site\/2018\/10\/01\/femac-sedia-o-primeiro-encontro-de-candidatos-a-deputado-estadual-e-federal-por-minas-gerais\/\" \/>\n<meta property=\"og:site_name\" content=\"Ub\u00e1 News\" \/>\n<meta property=\"article:publisher\" content=\"https:\/\/www.facebook.com\/Ub%c3%a1News-Carlos-Roberto-Sodr%c3%a9-418778301977370\" \/>\n<meta property=\"article:author\" content=\"https:\/\/www.facebook.com\/carosroberto.sodre.5\/\" \/>\n<meta property=\"article:published_time\" content=\"2018-10-01T23:54:10+00:00\" \/>\n<meta property=\"article:modified_time\" content=\"2018-10-19T13:58:38+00:00\" \/>\n<meta property=\"og:image\" content=\"https:\/\/ubanews.com\/site\/wp-content\/uploads\/2018\/09\/115.jpg\" \/>\n\t<meta property=\"og:image:width\" content=\"800\" \/>\n\t<meta property=\"og:image:height\" content=\"389\" \/>\n\t<meta property=\"og:image:type\" content=\"image\/jpeg\" \/>\n<meta name=\"author\" content=\"Sodr\u00e9\" \/>\n<meta name=\"twitter:card\" content=\"summary_large_image\" \/>\n<meta name=\"twitter:label1\" content=\"Escrito por\" \/>\n\t<meta name=\"twitter:data1\" content=\"Sodr\u00e9\" \/>\n\t<meta name=\"twitter:label2\" content=\"Est. tempo de leitura\" \/>\n\t<meta name=\"twitter:data2\" content=\"1 minuto\" \/>\n<script type=\"application\/ld+json\" class=\"yoast-schema-graph\">{\"@context\":\"https:\/\/schema.org\",\"@graph\":[{\"@type\":\"Article\",\"@id\":\"https:\/\/ubanews.com\/site\/2018\/10\/01\/femac-sedia-o-primeiro-encontro-de-candidatos-a-deputado-estadual-e-federal-por-minas-gerais\/#article\",\"isPartOf\":{\"@id\":\"https:\/\/ubanews.com\/site\/2018\/10\/01\/femac-sedia-o-primeiro-encontro-de-candidatos-a-deputado-estadual-e-federal-por-minas-gerais\/\"},\"author\":{\"name\":\"Sodr\u00e9\",\"@id\":\"https:\/\/ubanews.com\/site\/#\/schema\/person\/d90c9e47252fbb63dcc969fe4c8b9d10\"},\"headline\":\"FEMAC SEDIA O PRIMEIRO ENCONTRO DE CANDIDATOS A DEPUTADO ESTADUAL E FEDERAL POR MINAS GERAIS\",\"datePublished\":\"2018-10-01T23:54:10+00:00\",\"dateModified\":\"2018-10-19T13:58:38+00:00\",\"mainEntityOfPage\":{\"@id\":\"https:\/\/ubanews.com\/site\/2018\/10\/01\/femac-sedia-o-primeiro-encontro-de-candidatos-a-deputado-estadual-e-federal-por-minas-gerais\/\"},\"wordCount\":241,\"commentCount\":1,\"publisher\":{\"@id\":\"https:\/\/ubanews.com\/site\/#organization\"},\"image\":{\"@id\":\"https:\/\/ubanews.com\/site\/2018\/10\/01\/femac-sedia-o-primeiro-encontro-de-candidatos-a-deputado-estadual-e-federal-por-minas-gerais\/#primaryimage\"},\"thumbnailUrl\":\"https:\/\/ubanews.com\/site\/wp-content\/uploads\/2018\/09\/115.jpg\",\"articleSection\":[\"Geral\"],\"inLanguage\":\"pt-BR\",\"potentialAction\":[{\"@type\":\"CommentAction\",\"name\":\"Comment\",\"target\":[\"https:\/\/ubanews.com\/site\/2018\/10\/01\/femac-sedia-o-primeiro-encontro-de-candidatos-a-deputado-estadual-e-federal-por-minas-gerais\/#respond\"]}]},{\"@type\":\"WebPage\",\"@id\":\"https:\/\/ubanews.com\/site\/2018\/10\/01\/femac-sedia-o-primeiro-encontro-de-candidatos-a-deputado-estadual-e-federal-por-minas-gerais\/\",\"url\":\"https:\/\/ubanews.com\/site\/2018\/10\/01\/femac-sedia-o-primeiro-encontro-de-candidatos-a-deputado-estadual-e-federal-por-minas-gerais\/\",\"name\":\"FEMAC SEDIA O PRIMEIRO ENCONTRO DE CANDIDATOS A DEPUTADO ESTADUAL E FEDERAL POR MINAS GERAIS - Ub\u00e1 News\",\"isPartOf\":{\"@id\":\"https:\/\/ubanews.com\/site\/#website\"},\"primaryImageOfPage\":{\"@id\":\"https:\/\/ubanews.com\/site\/2018\/10\/01\/femac-sedia-o-primeiro-encontro-de-candidatos-a-deputado-estadual-e-federal-por-minas-gerais\/#primaryimage\"},\"image\":{\"@id\":\"https:\/\/ubanews.com\/site\/2018\/10\/01\/femac-sedia-o-primeiro-encontro-de-candidatos-a-deputado-estadual-e-federal-por-minas-gerais\/#primaryimage\"},\"thumbnailUrl\":\"https:\/\/ubanews.com\/site\/wp-content\/uploads\/2018\/09\/115.jpg\",\"datePublished\":\"2018-10-01T23:54:10+00:00\",\"dateModified\":\"2018-10-19T13:58:38+00:00\",\"breadcrumb\":{\"@id\":\"https:\/\/ubanews.com\/site\/2018\/10\/01\/femac-sedia-o-primeiro-encontro-de-candidatos-a-deputado-estadual-e-federal-por-minas-gerais\/#breadcrumb\"},\"inLanguage\":\"pt-BR\",\"potentialAction\":[{\"@type\":\"ReadAction\",\"target\":[\"https:\/\/ubanews.com\/site\/2018\/10\/01\/femac-sedia-o-primeiro-encontro-de-candidatos-a-deputado-estadual-e-federal-por-minas-gerais\/\"]}]},{\"@type\":\"ImageObject\",\"inLanguage\":\"pt-BR\",\"@id\":\"https:\/\/ubanews.com\/site\/2018\/10\/01\/femac-sedia-o-primeiro-encontro-de-candidatos-a-deputado-estadual-e-federal-por-minas-gerais\/#primaryimage\",\"url\":\"https:\/\/ubanews.com\/site\/wp-content\/uploads\/2018\/09\/115.jpg\",\"contentUrl\":\"https:\/\/ubanews.com\/site\/wp-content\/uploads\/2018\/09\/115.jpg\",\"width\":800,\"height\":389},{\"@type\":\"BreadcrumbList\",\"@id\":\"https:\/\/ubanews.com\/site\/2018\/10\/01\/femac-sedia-o-primeiro-encontro-de-candidatos-a-deputado-estadual-e-federal-por-minas-gerais\/#breadcrumb\",\"itemListElement\":[{\"@type\":\"ListItem\",\"position\":1,\"name\":\"Home\",\"item\":\"https:\/\/ubanews.com\/site\/\"},{\"@type\":\"ListItem\",\"position\":2,\"name\":\"FEMAC SEDIA O PRIMEIRO ENCONTRO DE CANDIDATOS A DEPUTADO ESTADUAL E FEDERAL POR MINAS GERAIS\"}]},{\"@type\":\"WebSite\",\"@id\":\"https:\/\/ubanews.com\/site\/#website\",\"url\":\"https:\/\/ubanews.com\/site\/\",\"name\":\"Ub\u00e1 News\",\"description\":\"\",\"publisher\":{\"@id\":\"https:\/\/ubanews.com\/site\/#organization\"},\"potentialAction\":[{\"@type\":\"SearchAction\",\"target\":{\"@type\":\"EntryPoint\",\"urlTemplate\":\"https:\/\/ubanews.com\/site\/?s={search_term_string}\"},\"query-input\":{\"@type\":\"PropertyValueSpecification\",\"valueRequired\":true,\"valueName\":\"search_term_string\"}}],\"inLanguage\":\"pt-BR\"},{\"@type\":\"Organization\",\"@id\":\"https:\/\/ubanews.com\/site\/#organization\",\"name\":\"Ub\u00e1 News\",\"url\":\"https:\/\/ubanews.com\/site\/\",\"logo\":{\"@type\":\"ImageObject\",\"inLanguage\":\"pt-BR\",\"@id\":\"https:\/\/ubanews.com\/site\/#\/schema\/logo\/image\/\",\"url\":\"https:\/\/ubanews.com\/site\/wp-content\/uploads\/2018\/01\/logoubanews.png\",\"contentUrl\":\"https:\/\/ubanews.com\/site\/wp-content\/uploads\/2018\/01\/logoubanews.png\",\"width\":261,\"height\":99,\"caption\":\"Ub\u00e1 News\"},\"image\":{\"@id\":\"https:\/\/ubanews.com\/site\/#\/schema\/logo\/image\/\"},\"sameAs\":[\"https:\/\/www.facebook.com\/Ub\u00e1News-Carlos-Roberto-Sodr\u00e9-418778301977370\"]},{\"@type\":\"Person\",\"@id\":\"https:\/\/ubanews.com\/site\/#\/schema\/person\/d90c9e47252fbb63dcc969fe4c8b9d10\",\"name\":\"Sodr\u00e9\",\"image\":{\"@type\":\"ImageObject\",\"inLanguage\":\"pt-BR\",\"@id\":\"https:\/\/secure.gravatar.com\/avatar\/5ba2793f0590b9dbfad3fdec4ee714485b3eef211c9b32ee53d414060454a56c?s=96&d=mm&r=g\",\"url\":\"https:\/\/secure.gravatar.com\/avatar\/5ba2793f0590b9dbfad3fdec4ee714485b3eef211c9b32ee53d414060454a56c?s=96&d=mm&r=g\",\"contentUrl\":\"https:\/\/secure.gravatar.com\/avatar\/5ba2793f0590b9dbfad3fdec4ee714485b3eef211c9b32ee53d414060454a56c?s=96&d=mm&r=g\",\"caption\":\"Sodr\u00e9\"},\"sameAs\":[\"https:\/\/www.facebook.com\/carosroberto.sodre.5\/\"],\"url\":\"https:\/\/ubanews.com\/site\/author\/felipe\/\"}]}<\/script>\n<!-- \/ Yoast SEO plugin. -->","yoast_head_json":{"title":"FEMAC SEDIA O PRIMEIRO ENCONTRO DE CANDIDATOS A DEPUTADO ESTADUAL E FEDERAL POR MINAS GERAIS - Ub\u00e1 News","robots":{"index":"index","follow":"follow","max-snippet":"max-snippet:-1","max-image-preview":"max-image-preview:large","max-video-preview":"max-video-preview:-1"},"canonical":"https:\/\/ubanews.com\/site\/2018\/10\/01\/femac-sedia-o-primeiro-encontro-de-candidatos-a-deputado-estadual-e-federal-por-minas-gerais\/","og_locale":"pt_BR","og_type":"article","og_title":"FEMAC SEDIA O PRIMEIRO ENCONTRO DE CANDIDATOS A DEPUTADO ESTADUAL E FEDERAL POR MINAS GERAIS - Ub\u00e1 News","og_description":"A Femac (Federa\u00e7\u00e3o de Moradores das Associa\u00e7\u00f5es Comunit\u00e1rias dos Bairros,","og_url":"https:\/\/ubanews.com\/site\/2018\/10\/01\/femac-sedia-o-primeiro-encontro-de-candidatos-a-deputado-estadual-e-federal-por-minas-gerais\/","og_site_name":"Ub\u00e1 News","article_publisher":"https:\/\/www.facebook.com\/Ub%c3%a1News-Carlos-Roberto-Sodr%c3%a9-418778301977370","article_author":"https:\/\/www.facebook.com\/carosroberto.sodre.5\/","article_published_time":"2018-10-01T23:54:10+00:00","article_modified_time":"2018-10-19T13:58:38+00:00","og_image":[{"width":800,"height":389,"url":"https:\/\/ubanews.com\/site\/wp-content\/uploads\/2018\/09\/115.jpg","type":"image\/jpeg"}],"author":"Sodr\u00e9","twitter_card":"summary_large_image","twitter_misc":{"Escrito por":"Sodr\u00e9","Est. tempo de leitura":"1 minuto"},"schema":{"@context":"https:\/\/schema.org","@graph":[{"@type":"Article","@id":"https:\/\/ubanews.com\/site\/2018\/10\/01\/femac-sedia-o-primeiro-encontro-de-candidatos-a-deputado-estadual-e-federal-por-minas-gerais\/#article","isPartOf":{"@id":"https:\/\/ubanews.com\/site\/2018\/10\/01\/femac-sedia-o-primeiro-encontro-de-candidatos-a-deputado-estadual-e-federal-por-minas-gerais\/"},"author":{"name":"Sodr\u00e9","@id":"https:\/\/ubanews.com\/site\/#\/schema\/person\/d90c9e47252fbb63dcc969fe4c8b9d10"},"headline":"FEMAC SEDIA O PRIMEIRO ENCONTRO DE CANDIDATOS A DEPUTADO ESTADUAL E FEDERAL POR MINAS GERAIS","datePublished":"2018-10-01T23:54:10+00:00","dateModified":"2018-10-19T13:58:38+00:00","mainEntityOfPage":{"@id":"https:\/\/ubanews.com\/site\/2018\/10\/01\/femac-sedia-o-primeiro-encontro-de-candidatos-a-deputado-estadual-e-federal-por-minas-gerais\/"},"wordCount":241,"commentCount":1,"publisher":{"@id":"https:\/\/ubanews.com\/site\/#organization"},"image":{"@id":"https:\/\/ubanews.com\/site\/2018\/10\/01\/femac-sedia-o-primeiro-encontro-de-candidatos-a-deputado-estadual-e-federal-por-minas-gerais\/#primaryimage"},"thumbnailUrl":"https:\/\/ubanews.com\/site\/wp-content\/uploads\/2018\/09\/115.jpg","articleSection":["Geral"],"inLanguage":"pt-BR","potentialAction":[{"@type":"CommentAction","name":"Comment","target":["https:\/\/ubanews.com\/site\/2018\/10\/01\/femac-sedia-o-primeiro-encontro-de-candidatos-a-deputado-estadual-e-federal-por-minas-gerais\/#respond"]}]},{"@type":"WebPage","@id":"https:\/\/ubanews.com\/site\/2018\/10\/01\/femac-sedia-o-primeiro-encontro-de-candidatos-a-deputado-estadual-e-federal-por-minas-gerais\/","url":"https:\/\/ubanews.com\/site\/2018\/10\/01\/femac-sedia-o-primeiro-encontro-de-candidatos-a-deputado-estadual-e-federal-por-minas-gerais\/","name":"FEMAC SEDIA O PRIMEIRO ENCONTRO DE CANDIDATOS A DEPUTADO ESTADUAL E FEDERAL POR MINAS GERAIS - Ub\u00e1 News","isPartOf":{"@id":"https:\/\/ubanews.com\/site\/#website"},"primaryImageOfPage":{"@id":"https:\/\/ubanews.com\/site\/2018\/10\/01\/femac-sedia-o-primeiro-encontro-de-candidatos-a-deputado-estadual-e-federal-por-minas-gerais\/#primaryimage"},"image":{"@id":"https:\/\/ubanews.com\/site\/2018\/10\/01\/femac-sedia-o-primeiro-encontro-de-candidatos-a-deputado-estadual-e-federal-por-minas-gerais\/#primaryimage"},"thumbnailUrl":"https:\/\/ubanews.com\/site\/wp-content\/uploads\/2018\/09\/115.jpg","datePublished":"2018-10-01T23:54:10+00:00","dateModified":"2018-10-19T13:58:38+00:00","breadcrumb":{"@id":"https:\/\/ubanews.com\/site\/2018\/10\/01\/femac-sedia-o-primeiro-encontro-de-candidatos-a-deputado-estadual-e-federal-por-minas-gerais\/#breadcrumb"},"inLanguage":"pt-BR","potentialAction":[{"@type":"ReadAction","target":["https:\/\/ubanews.com\/site\/2018\/10\/01\/femac-sedia-o-primeiro-encontro-de-candidatos-a-deputado-estadual-e-federal-por-minas-gerais\/"]}]},{"@type":"ImageObject","inLanguage":"pt-BR","@id":"https:\/\/ubanews.com\/site\/2018\/10\/01\/femac-sedia-o-primeiro-encontro-de-candidatos-a-deputado-estadual-e-federal-por-minas-gerais\/#primaryimage","url":"https:\/\/ubanews.com\/site\/wp-content\/uploads\/2018\/09\/115.jpg","contentUrl":"https:\/\/ubanews.com\/site\/wp-content\/uploads\/2018\/09\/115.jpg","width":800,"height":389},{"@type":"BreadcrumbList","@id":"https:\/\/ubanews.com\/site\/2018\/10\/01\/femac-sedia-o-primeiro-encontro-de-candidatos-a-deputado-estadual-e-federal-por-minas-gerais\/#breadcrumb","itemListElement":[{"@type":"ListItem","position":1,"name":"Home","item":"https:\/\/ubanews.com\/site\/"},{"@type":"ListItem","position":2,"name":"FEMAC SEDIA O PRIMEIRO ENCONTRO DE CANDIDATOS A DEPUTADO ESTADUAL E FEDERAL POR MINAS GERAIS"}]},{"@type":"WebSite","@id":"https:\/\/ubanews.com\/site\/#website","url":"https:\/\/ubanews.com\/site\/","name":"Ub\u00e1 News","description":"","publisher":{"@id":"https:\/\/ubanews.com\/site\/#organization"},"potentialAction":[{"@type":"SearchAction","target":{"@type":"EntryPoint","urlTemplate":"https:\/\/ubanews.com\/site\/?s={search_term_string}"},"query-input":{"@type":"PropertyValueSpecification","valueRequired":true,"valueName":"search_term_string"}}],"inLanguage":"pt-BR"},{"@type":"Organization","@id":"https:\/\/ubanews.com\/site\/#organization","name":"Ub\u00e1 News","url":"https:\/\/ubanews.com\/site\/","logo":{"@type":"ImageObject","inLanguage":"pt-BR","@id":"https:\/\/ubanews.com\/site\/#\/schema\/logo\/image\/","url":"https:\/\/ubanews.com\/site\/wp-content\/uploads\/2018\/01\/logoubanews.png","contentUrl":"https:\/\/ubanews.com\/site\/wp-content\/uploads\/2018\/01\/logoubanews.png","width":261,"height":99,"caption":"Ub\u00e1 News"},"image":{"@id":"https:\/\/ubanews.com\/site\/#\/schema\/logo\/image\/"},"sameAs":["https:\/\/www.facebook.com\/Ub\u00e1News-Carlos-Roberto-Sodr\u00e9-418778301977370"]},{"@type":"Person","@id":"https:\/\/ubanews.com\/site\/#\/schema\/person\/d90c9e47252fbb63dcc969fe4c8b9d10","name":"Sodr\u00e9","image":{"@type":"ImageObject","inLanguage":"pt-BR","@id":"https:\/\/secure.gravatar.com\/avatar\/5ba2793f0590b9dbfad3fdec4ee714485b3eef211c9b32ee53d414060454a56c?s=96&d=mm&r=g","url":"https:\/\/secure.gravatar.com\/avatar\/5ba2793f0590b9dbfad3fdec4ee714485b3eef211c9b32ee53d414060454a56c?s=96&d=mm&r=g","contentUrl":"https:\/\/secure.gravatar.com\/avatar\/5ba2793f0590b9dbfad3fdec4ee714485b3eef211c9b32ee53d414060454a56c?s=96&d=mm&r=g","caption":"Sodr\u00e9"},"sameAs":["https:\/\/www.facebook.com\/carosroberto.sodre.5\/"],"url":"https:\/\/ubanews.com\/site\/author\/felipe\/"}]}},"_links":{"self":[{"href":"https:\/\/ubanews.com\/site\/wp-json\/wp\/v2\/posts\/7790","targetHints":{"allow":["GET"]}}],"collection":[{"href":"https:\/\/ubanews.com\/site\/wp-json\/wp\/v2\/posts"}],"about":[{"href":"https:\/\/ubanews.com\/site\/wp-json\/wp\/v2\/types\/post"}],"author":[{"embeddable":true,"href":"https:\/\/ubanews.com\/site\/wp-json\/wp\/v2\/users\/2"}],"replies":[{"embeddable":true,"href":"https:\/\/ubanews.com\/site\/wp-json\/wp\/v2\/comments?post=7790"}],"version-history":[{"count":0,"href":"https:\/\/ubanews.com\/site\/wp-json\/wp\/v2\/posts\/7790\/revisions"}],"wp:featuredmedia":[{"embeddable":true,"href":"https:\/\/ubanews.com\/site\/wp-json\/wp\/v2\/media\/7837"}],"wp:attachment":[{"href":"https:\/\/ubanews.com\/site\/wp-json\/wp\/v2\/media?parent=7790"}],"wp:term":[{"taxonomy":"category","embeddable":true,"href":"https:\/\/ubanews.com\/site\/wp-json\/wp\/v2\/categories?post=7790"},{"taxonomy":"post_tag","embeddable":true,"href":"https:\/\/ubanews.com\/site\/wp-json\/wp\/v2\/tags?post=7790"}],"curies":[{"name":"wp","href":"https:\/\/api.w.org\/{rel}","templated":true}]}}