{"id":7781,"date":"2018-09-28T14:05:29","date_gmt":"2018-09-28T17:05:29","guid":{"rendered":"http:\/\/ubanews.com\/site\/?p=7781"},"modified":"2018-10-03T18:22:04","modified_gmt":"2018-10-03T21:22:04","slug":"uba-mais-informacao-edicao-5","status":"publish","type":"post","link":"https:\/\/ubanews.com\/site\/2018\/09\/28\/uba-mais-informacao-edicao-5\/","title":{"rendered":"Ub\u00e1 mais Informa\u00e7\u00e3o edi\u00e7\u00e3o 5"},"content":{"rendered":"<p><strong>Alunos do projeto Escola Cidad\u00e3 passam por avalia\u00e7\u00e3o da sa\u00fade bucal<\/strong><\/p>\n<p>A Escola Municipal Prof\u00aa Rosalina Brand\u00e3o recebeu, atrav\u00e9s projeto Escola Cidad\u00e3, a visita da cirurgi\u00e3 dentista da Unidade de Sa\u00fade do Rural I para uma palestra e avalia\u00e7\u00e3o individual da sa\u00fade bucal dos alunos.<\/p>\n<p>Durante a visita, foi demonstrado de forma l\u00fadica aos alunos, os amigos e inimigos do dente e a import\u00e2ncia da alimenta\u00e7\u00e3o saud\u00e1vel n\u00e3o apenas para a sa\u00fade bucal, como tamb\u00e9m para a sa\u00fade em geral. Os alunos aprenderam ainda a forma correta de escova\u00e7\u00e3o e do uso do fio dental.<\/p>\n<p><strong>Ub\u00e1 realiza II Simp\u00f3sio Regional sobre Dislexia e TDAH<\/strong><\/p>\n<p>A Secretaria Municipal de Educa\u00e7\u00e3o, atrav\u00e9s do Centro de Atendimento Educacional Especializado (CAEE), vai realizar no dia 05 de outubro, a partir das 8h, na C\u00e2mara Municipal de Ub\u00e1, o II Simp\u00f3sio Regional sobre Dislexia e TDAH (Tratamento do D\u00e9ficit de Aten\u00e7\u00e3o com Hiperatividade).<\/p>\n<p>Voltado para familiares, educadores e equipe multi profissional, o evento tem vagas limitadas e as inscri\u00e7\u00f5es poder\u00e3o ser realizadas at\u00e9 o dia 03 de outubro pelo site ub\u00e1.mg.gov.br<\/p>\n<p>A programa\u00e7\u00e3o do simp\u00f3sio contar\u00e1 com quatro palestras de especialistas nos temas com mesa de debates.<\/p>\n<p><a href=\"https:\/\/ubanews.com\/site\/wp-content\/uploads\/2018\/08\/ELETRO-SENA-AUTOMOTIVA-2.jpg\"><img decoding=\"async\" class=\"alignnone wp-image-7016 size-full lazyload\" data-src=\"https:\/\/ubanews.com\/site\/wp-content\/uploads\/2018\/08\/ELETRO-SENA-AUTOMOTIVA-2.jpg\" alt=\"\" width=\"800\" height=\"264\" data-srcset=\"https:\/\/ubanews.com\/site\/wp-content\/uploads\/2018\/08\/ELETRO-SENA-AUTOMOTIVA-2.jpg 800w, https:\/\/ubanews.com\/site\/wp-content\/uploads\/2018\/08\/ELETRO-SENA-AUTOMOTIVA-2-300x99.jpg 300w, https:\/\/ubanews.com\/site\/wp-content\/uploads\/2018\/08\/ELETRO-SENA-AUTOMOTIVA-2-768x253.jpg 768w\" data-sizes=\"(max-width: 800px) 100vw, 800px\" src=\"data:image\/svg+xml;base64,PHN2ZyB3aWR0aD0iMSIgaGVpZ2h0PSIxIiB4bWxucz0iaHR0cDovL3d3dy53My5vcmcvMjAwMC9zdmciPjwvc3ZnPg==\" style=\"--smush-placeholder-width: 800px; --smush-placeholder-aspect-ratio: 800\/264;\" \/><\/a><\/p>\n<p><strong>Prefeitura inicia cal\u00e7amento em rua de acesso do Santa Edwiges ao F\u00f3rum<\/strong><\/p>\n<p>A Prefeitura de Ub\u00e1, atrav\u00e9s da Secretaria Municipal de Obras, deu in\u00edcio \u00e0s obras de constru\u00e7\u00e3o de rede de drenagem pluvial e cal\u00e7amento em bloquete da Avenida Elp\u00eddia da Silva Fangundes, mais conhecida como a rua de acesso da Avenida Senador Levindo Coelho (pr\u00f3xima ao F\u00f3rum) ao bairro Santa Edwiges. Ser\u00e3o mais de 1.200 metros de cal\u00e7amento, com previs\u00e3o de conclus\u00e3o em at\u00e9 3 meses. A a\u00e7\u00e3o faz parte do programa \u201cRua Nova + Qualidade de Vida\u201d, e \u00e9 realizada inteiramente com recursos pr\u00f3prios do caixa do munic\u00edpio.<\/p>\n<p><strong>Constru\u00e7\u00e3o de passeio e outras melhorias chegam na Pra\u00e7a de DEER<\/strong><\/p>\n<p>Moradores do bairro Louri\u00e7al e adjac\u00eancias j\u00e1 come\u00e7am a sentir os benef\u00edcios da revitaliza\u00e7\u00e3o da pra\u00e7a Engenheiro Jalme Tavares Videira, mais conhecida como \u201cPra\u00e7a do DEER\u201d. Mesmo com as obras em andamento, j\u00e1 \u00e9 poss\u00edvel perceber as melhorias no local, como a constru\u00e7\u00e3o de passeio no entorno da pra\u00e7a (Av. Hermes Bigonha). \u201cEu buscava meus filhos na escola porque n\u00e3o era seguro. Agora com o novo passeio j\u00e1 deixo eles virem sozinhos at\u00e9 esta pra\u00e7a e os encontro na esquina. Ficou muito melhor\u201d, comemora Daiane Andrade, moradora do entorno. Paisagismo, novo projeto Luminot\u00e9cnico, acessibilidade, instala\u00e7\u00e3o de parquino, caminhos no interio da pra\u00e7a e sistema de irriga\u00e7\u00e3o inteligente ainda ser\u00e3o implantados pela prefeitura no local.<\/p>\n<p><strong>Limpeza de c\u00f3rregos urbanos chega ao bairro Vila Casal<\/strong><\/p>\n<p>Cerca de 400 quilos de lixo s\u00e3o recolhidos diariamente dos c\u00f3rregos do munic\u00edpio pela equipe de limpeza da Prefeitura de Ub\u00e1. O servi\u00e7o de Limpeza de C\u00f3rregos Urbanos, que teve in\u00edcio em agosto, j\u00e1 passou pelos bairros Palmeiras, Schiavon e chegou na \u00faltima semana ao Vila Casal, nas proximidades do CAIC. O trabalho previne a ocorr\u00eancia de doen\u00e7as e tamb\u00e9m prepara o munic\u00edpio para a chegada da \u00e9poca de chuvas.<\/p>\n<p><strong>Prefeitura instala sem\u00e1foros no cruzamento da rua S\u00e3o Jos\u00e9<\/strong><\/p>\n<p>A Prefeitura de Ub\u00e1, atrav\u00e9s da Divis\u00e3o de Tr\u00e2nsito da Secretaria de Ambiente e Mobilidade Urbana, est\u00e1 implantando sinaliza\u00e7\u00e3o semaf\u00f3rica para controle de ve\u00edculos e pedestres no cruzamento das ruas Quinze de Novembro, S\u00e3o Jos\u00e9 e Monsenhor Lincoln Ramos, no Centro.<\/p>\n<p>A previs\u00e3o \u00e9 que a sinaliza\u00e7\u00e3o entre em funcionamento j\u00e1 nos pr\u00f3ximos dias, ap\u00f3s a instala\u00e7\u00e3o da rede el\u00e9trica e das caixas de controle. A sinaliza\u00e7\u00e3o horizontal (faixas de pedestres e de reten\u00e7\u00e3o) do local tamb\u00e9m passar\u00e1 por adequa\u00e7\u00f5es para conferir mais seguran\u00e7a e atender \u00e0 legisla\u00e7\u00e3o de tr\u00e2nsito.<\/p>\n<p><strong>Assessoria de Comunica\u00e7\u00e3o Prefeitura Municipal de Ub\u00e1<\/strong><\/p>\n<p><a href=\"https:\/\/ubanews.com\/site\/wp-content\/uploads\/2018\/09\/Auto-Films-3.jpg\"><img decoding=\"async\" class=\"alignnone wp-image-7740 size-full lazyload\" data-src=\"https:\/\/ubanews.com\/site\/wp-content\/uploads\/2018\/09\/Auto-Films-3.jpg\" alt=\"\" width=\"800\" height=\"200\" data-srcset=\"https:\/\/ubanews.com\/site\/wp-content\/uploads\/2018\/09\/Auto-Films-3.jpg 800w, https:\/\/ubanews.com\/site\/wp-content\/uploads\/2018\/09\/Auto-Films-3-300x75.jpg 300w, https:\/\/ubanews.com\/site\/wp-content\/uploads\/2018\/09\/Auto-Films-3-768x192.jpg 768w\" data-sizes=\"(max-width: 800px) 100vw, 800px\" src=\"data:image\/svg+xml;base64,PHN2ZyB3aWR0aD0iMSIgaGVpZ2h0PSIxIiB4bWxucz0iaHR0cDovL3d3dy53My5vcmcvMjAwMC9zdmciPjwvc3ZnPg==\" style=\"--smush-placeholder-width: 800px; --smush-placeholder-aspect-ratio: 800\/200;\" \/><\/a><\/p>\n","protected":false},"excerpt":{"rendered":"<p>Alunos do projeto Escola Cidad\u00e3 passam por avalia\u00e7\u00e3o da sa\u00fade<\/p>\n","protected":false},"author":2,"featured_media":7760,"comment_status":"open","ping_status":"open","sticky":false,"template":"","format":"standard","meta":{"footnotes":""},"categories":[15],"tags":[],"class_list":["post-7781","post","type-post","status-publish","format-standard","has-post-thumbnail","hentry","category-prefeitura-municipal"],"yoast_head":"<!-- This site is optimized with the Yoast SEO plugin v27.2 - https:\/\/yoast.com\/product\/yoast-seo-wordpress\/ -->\n<title>Ub\u00e1 mais Informa\u00e7\u00e3o edi\u00e7\u00e3o 5 - Ub\u00e1 News<\/title>\n<meta name=\"robots\" content=\"index, follow, max-snippet:-1, max-image-preview:large, max-video-preview:-1\" \/>\n<link rel=\"canonical\" href=\"https:\/\/ubanews.com\/site\/2018\/09\/28\/uba-mais-informacao-edicao-5\/\" \/>\n<meta property=\"og:locale\" content=\"pt_BR\" \/>\n<meta property=\"og:type\" content=\"article\" \/>\n<meta property=\"og:title\" content=\"Ub\u00e1 mais Informa\u00e7\u00e3o edi\u00e7\u00e3o 5 - Ub\u00e1 News\" \/>\n<meta property=\"og:description\" content=\"Alunos do projeto Escola Cidad\u00e3 passam por avalia\u00e7\u00e3o da sa\u00fade\" \/>\n<meta property=\"og:url\" content=\"https:\/\/ubanews.com\/site\/2018\/09\/28\/uba-mais-informacao-edicao-5\/\" \/>\n<meta property=\"og:site_name\" content=\"Ub\u00e1 News\" \/>\n<meta property=\"article:publisher\" content=\"https:\/\/www.facebook.com\/Ub%c3%a1News-Carlos-Roberto-Sodr%c3%a9-418778301977370\" \/>\n<meta property=\"article:author\" content=\"https:\/\/www.facebook.com\/carosroberto.sodre.5\/\" \/>\n<meta property=\"article:published_time\" content=\"2018-09-28T17:05:29+00:00\" \/>\n<meta property=\"article:modified_time\" content=\"2018-10-03T21:22:04+00:00\" \/>\n<meta property=\"og:image\" content=\"https:\/\/ubanews.com\/site\/wp-content\/uploads\/2018\/09\/informativo.jpg\" \/>\n\t<meta property=\"og:image:width\" content=\"800\" \/>\n\t<meta property=\"og:image:height\" content=\"389\" \/>\n\t<meta property=\"og:image:type\" content=\"image\/jpeg\" \/>\n<meta name=\"author\" content=\"Sodr\u00e9\" \/>\n<meta name=\"twitter:card\" content=\"summary_large_image\" \/>\n<meta name=\"twitter:label1\" content=\"Escrito por\" \/>\n\t<meta name=\"twitter:data1\" content=\"Sodr\u00e9\" \/>\n\t<meta name=\"twitter:label2\" content=\"Est. tempo de leitura\" \/>\n\t<meta name=\"twitter:data2\" content=\"3 minutos\" \/>\n<script type=\"application\/ld+json\" class=\"yoast-schema-graph\">{\"@context\":\"https:\/\/schema.org\",\"@graph\":[{\"@type\":\"Article\",\"@id\":\"https:\/\/ubanews.com\/site\/2018\/09\/28\/uba-mais-informacao-edicao-5\/#article\",\"isPartOf\":{\"@id\":\"https:\/\/ubanews.com\/site\/2018\/09\/28\/uba-mais-informacao-edicao-5\/\"},\"author\":{\"name\":\"Sodr\u00e9\",\"@id\":\"https:\/\/ubanews.com\/site\/#\/schema\/person\/d90c9e47252fbb63dcc969fe4c8b9d10\"},\"headline\":\"Ub\u00e1 mais Informa\u00e7\u00e3o edi\u00e7\u00e3o 5\",\"datePublished\":\"2018-09-28T17:05:29+00:00\",\"dateModified\":\"2018-10-03T21:22:04+00:00\",\"mainEntityOfPage\":{\"@id\":\"https:\/\/ubanews.com\/site\/2018\/09\/28\/uba-mais-informacao-edicao-5\/\"},\"wordCount\":697,\"commentCount\":0,\"publisher\":{\"@id\":\"https:\/\/ubanews.com\/site\/#organization\"},\"image\":{\"@id\":\"https:\/\/ubanews.com\/site\/2018\/09\/28\/uba-mais-informacao-edicao-5\/#primaryimage\"},\"thumbnailUrl\":\"https:\/\/ubanews.com\/site\/wp-content\/uploads\/2018\/09\/informativo.jpg\",\"articleSection\":[\"Prefeitura Municipal\"],\"inLanguage\":\"pt-BR\",\"potentialAction\":[{\"@type\":\"CommentAction\",\"name\":\"Comment\",\"target\":[\"https:\/\/ubanews.com\/site\/2018\/09\/28\/uba-mais-informacao-edicao-5\/#respond\"]}]},{\"@type\":\"WebPage\",\"@id\":\"https:\/\/ubanews.com\/site\/2018\/09\/28\/uba-mais-informacao-edicao-5\/\",\"url\":\"https:\/\/ubanews.com\/site\/2018\/09\/28\/uba-mais-informacao-edicao-5\/\",\"name\":\"Ub\u00e1 mais Informa\u00e7\u00e3o edi\u00e7\u00e3o 5 - Ub\u00e1 News\",\"isPartOf\":{\"@id\":\"https:\/\/ubanews.com\/site\/#website\"},\"primaryImageOfPage\":{\"@id\":\"https:\/\/ubanews.com\/site\/2018\/09\/28\/uba-mais-informacao-edicao-5\/#primaryimage\"},\"image\":{\"@id\":\"https:\/\/ubanews.com\/site\/2018\/09\/28\/uba-mais-informacao-edicao-5\/#primaryimage\"},\"thumbnailUrl\":\"https:\/\/ubanews.com\/site\/wp-content\/uploads\/2018\/09\/informativo.jpg\",\"datePublished\":\"2018-09-28T17:05:29+00:00\",\"dateModified\":\"2018-10-03T21:22:04+00:00\",\"breadcrumb\":{\"@id\":\"https:\/\/ubanews.com\/site\/2018\/09\/28\/uba-mais-informacao-edicao-5\/#breadcrumb\"},\"inLanguage\":\"pt-BR\",\"potentialAction\":[{\"@type\":\"ReadAction\",\"target\":[\"https:\/\/ubanews.com\/site\/2018\/09\/28\/uba-mais-informacao-edicao-5\/\"]}]},{\"@type\":\"ImageObject\",\"inLanguage\":\"pt-BR\",\"@id\":\"https:\/\/ubanews.com\/site\/2018\/09\/28\/uba-mais-informacao-edicao-5\/#primaryimage\",\"url\":\"https:\/\/ubanews.com\/site\/wp-content\/uploads\/2018\/09\/informativo.jpg\",\"contentUrl\":\"https:\/\/ubanews.com\/site\/wp-content\/uploads\/2018\/09\/informativo.jpg\",\"width\":800,\"height\":389},{\"@type\":\"BreadcrumbList\",\"@id\":\"https:\/\/ubanews.com\/site\/2018\/09\/28\/uba-mais-informacao-edicao-5\/#breadcrumb\",\"itemListElement\":[{\"@type\":\"ListItem\",\"position\":1,\"name\":\"Home\",\"item\":\"https:\/\/ubanews.com\/site\/\"},{\"@type\":\"ListItem\",\"position\":2,\"name\":\"Ub\u00e1 mais Informa\u00e7\u00e3o edi\u00e7\u00e3o 5\"}]},{\"@type\":\"WebSite\",\"@id\":\"https:\/\/ubanews.com\/site\/#website\",\"url\":\"https:\/\/ubanews.com\/site\/\",\"name\":\"Ub\u00e1 News\",\"description\":\"\",\"publisher\":{\"@id\":\"https:\/\/ubanews.com\/site\/#organization\"},\"potentialAction\":[{\"@type\":\"SearchAction\",\"target\":{\"@type\":\"EntryPoint\",\"urlTemplate\":\"https:\/\/ubanews.com\/site\/?s={search_term_string}\"},\"query-input\":{\"@type\":\"PropertyValueSpecification\",\"valueRequired\":true,\"valueName\":\"search_term_string\"}}],\"inLanguage\":\"pt-BR\"},{\"@type\":\"Organization\",\"@id\":\"https:\/\/ubanews.com\/site\/#organization\",\"name\":\"Ub\u00e1 News\",\"url\":\"https:\/\/ubanews.com\/site\/\",\"logo\":{\"@type\":\"ImageObject\",\"inLanguage\":\"pt-BR\",\"@id\":\"https:\/\/ubanews.com\/site\/#\/schema\/logo\/image\/\",\"url\":\"https:\/\/ubanews.com\/site\/wp-content\/uploads\/2018\/01\/logoubanews.png\",\"contentUrl\":\"https:\/\/ubanews.com\/site\/wp-content\/uploads\/2018\/01\/logoubanews.png\",\"width\":261,\"height\":99,\"caption\":\"Ub\u00e1 News\"},\"image\":{\"@id\":\"https:\/\/ubanews.com\/site\/#\/schema\/logo\/image\/\"},\"sameAs\":[\"https:\/\/www.facebook.com\/Ub\u00e1News-Carlos-Roberto-Sodr\u00e9-418778301977370\"]},{\"@type\":\"Person\",\"@id\":\"https:\/\/ubanews.com\/site\/#\/schema\/person\/d90c9e47252fbb63dcc969fe4c8b9d10\",\"name\":\"Sodr\u00e9\",\"image\":{\"@type\":\"ImageObject\",\"inLanguage\":\"pt-BR\",\"@id\":\"https:\/\/secure.gravatar.com\/avatar\/5ba2793f0590b9dbfad3fdec4ee714485b3eef211c9b32ee53d414060454a56c?s=96&d=mm&r=g\",\"url\":\"https:\/\/secure.gravatar.com\/avatar\/5ba2793f0590b9dbfad3fdec4ee714485b3eef211c9b32ee53d414060454a56c?s=96&d=mm&r=g\",\"contentUrl\":\"https:\/\/secure.gravatar.com\/avatar\/5ba2793f0590b9dbfad3fdec4ee714485b3eef211c9b32ee53d414060454a56c?s=96&d=mm&r=g\",\"caption\":\"Sodr\u00e9\"},\"sameAs\":[\"https:\/\/www.facebook.com\/carosroberto.sodre.5\/\"],\"url\":\"https:\/\/ubanews.com\/site\/author\/felipe\/\"}]}<\/script>\n<!-- \/ Yoast SEO plugin. -->","yoast_head_json":{"title":"Ub\u00e1 mais Informa\u00e7\u00e3o edi\u00e7\u00e3o 5 - Ub\u00e1 News","robots":{"index":"index","follow":"follow","max-snippet":"max-snippet:-1","max-image-preview":"max-image-preview:large","max-video-preview":"max-video-preview:-1"},"canonical":"https:\/\/ubanews.com\/site\/2018\/09\/28\/uba-mais-informacao-edicao-5\/","og_locale":"pt_BR","og_type":"article","og_title":"Ub\u00e1 mais Informa\u00e7\u00e3o edi\u00e7\u00e3o 5 - Ub\u00e1 News","og_description":"Alunos do projeto Escola Cidad\u00e3 passam por avalia\u00e7\u00e3o da sa\u00fade","og_url":"https:\/\/ubanews.com\/site\/2018\/09\/28\/uba-mais-informacao-edicao-5\/","og_site_name":"Ub\u00e1 News","article_publisher":"https:\/\/www.facebook.com\/Ub%c3%a1News-Carlos-Roberto-Sodr%c3%a9-418778301977370","article_author":"https:\/\/www.facebook.com\/carosroberto.sodre.5\/","article_published_time":"2018-09-28T17:05:29+00:00","article_modified_time":"2018-10-03T21:22:04+00:00","og_image":[{"width":800,"height":389,"url":"https:\/\/ubanews.com\/site\/wp-content\/uploads\/2018\/09\/informativo.jpg","type":"image\/jpeg"}],"author":"Sodr\u00e9","twitter_card":"summary_large_image","twitter_misc":{"Escrito por":"Sodr\u00e9","Est. tempo de leitura":"3 minutos"},"schema":{"@context":"https:\/\/schema.org","@graph":[{"@type":"Article","@id":"https:\/\/ubanews.com\/site\/2018\/09\/28\/uba-mais-informacao-edicao-5\/#article","isPartOf":{"@id":"https:\/\/ubanews.com\/site\/2018\/09\/28\/uba-mais-informacao-edicao-5\/"},"author":{"name":"Sodr\u00e9","@id":"https:\/\/ubanews.com\/site\/#\/schema\/person\/d90c9e47252fbb63dcc969fe4c8b9d10"},"headline":"Ub\u00e1 mais Informa\u00e7\u00e3o edi\u00e7\u00e3o 5","datePublished":"2018-09-28T17:05:29+00:00","dateModified":"2018-10-03T21:22:04+00:00","mainEntityOfPage":{"@id":"https:\/\/ubanews.com\/site\/2018\/09\/28\/uba-mais-informacao-edicao-5\/"},"wordCount":697,"commentCount":0,"publisher":{"@id":"https:\/\/ubanews.com\/site\/#organization"},"image":{"@id":"https:\/\/ubanews.com\/site\/2018\/09\/28\/uba-mais-informacao-edicao-5\/#primaryimage"},"thumbnailUrl":"https:\/\/ubanews.com\/site\/wp-content\/uploads\/2018\/09\/informativo.jpg","articleSection":["Prefeitura Municipal"],"inLanguage":"pt-BR","potentialAction":[{"@type":"CommentAction","name":"Comment","target":["https:\/\/ubanews.com\/site\/2018\/09\/28\/uba-mais-informacao-edicao-5\/#respond"]}]},{"@type":"WebPage","@id":"https:\/\/ubanews.com\/site\/2018\/09\/28\/uba-mais-informacao-edicao-5\/","url":"https:\/\/ubanews.com\/site\/2018\/09\/28\/uba-mais-informacao-edicao-5\/","name":"Ub\u00e1 mais Informa\u00e7\u00e3o edi\u00e7\u00e3o 5 - Ub\u00e1 News","isPartOf":{"@id":"https:\/\/ubanews.com\/site\/#website"},"primaryImageOfPage":{"@id":"https:\/\/ubanews.com\/site\/2018\/09\/28\/uba-mais-informacao-edicao-5\/#primaryimage"},"image":{"@id":"https:\/\/ubanews.com\/site\/2018\/09\/28\/uba-mais-informacao-edicao-5\/#primaryimage"},"thumbnailUrl":"https:\/\/ubanews.com\/site\/wp-content\/uploads\/2018\/09\/informativo.jpg","datePublished":"2018-09-28T17:05:29+00:00","dateModified":"2018-10-03T21:22:04+00:00","breadcrumb":{"@id":"https:\/\/ubanews.com\/site\/2018\/09\/28\/uba-mais-informacao-edicao-5\/#breadcrumb"},"inLanguage":"pt-BR","potentialAction":[{"@type":"ReadAction","target":["https:\/\/ubanews.com\/site\/2018\/09\/28\/uba-mais-informacao-edicao-5\/"]}]},{"@type":"ImageObject","inLanguage":"pt-BR","@id":"https:\/\/ubanews.com\/site\/2018\/09\/28\/uba-mais-informacao-edicao-5\/#primaryimage","url":"https:\/\/ubanews.com\/site\/wp-content\/uploads\/2018\/09\/informativo.jpg","contentUrl":"https:\/\/ubanews.com\/site\/wp-content\/uploads\/2018\/09\/informativo.jpg","width":800,"height":389},{"@type":"BreadcrumbList","@id":"https:\/\/ubanews.com\/site\/2018\/09\/28\/uba-mais-informacao-edicao-5\/#breadcrumb","itemListElement":[{"@type":"ListItem","position":1,"name":"Home","item":"https:\/\/ubanews.com\/site\/"},{"@type":"ListItem","position":2,"name":"Ub\u00e1 mais Informa\u00e7\u00e3o edi\u00e7\u00e3o 5"}]},{"@type":"WebSite","@id":"https:\/\/ubanews.com\/site\/#website","url":"https:\/\/ubanews.com\/site\/","name":"Ub\u00e1 News","description":"","publisher":{"@id":"https:\/\/ubanews.com\/site\/#organization"},"potentialAction":[{"@type":"SearchAction","target":{"@type":"EntryPoint","urlTemplate":"https:\/\/ubanews.com\/site\/?s={search_term_string}"},"query-input":{"@type":"PropertyValueSpecification","valueRequired":true,"valueName":"search_term_string"}}],"inLanguage":"pt-BR"},{"@type":"Organization","@id":"https:\/\/ubanews.com\/site\/#organization","name":"Ub\u00e1 News","url":"https:\/\/ubanews.com\/site\/","logo":{"@type":"ImageObject","inLanguage":"pt-BR","@id":"https:\/\/ubanews.com\/site\/#\/schema\/logo\/image\/","url":"https:\/\/ubanews.com\/site\/wp-content\/uploads\/2018\/01\/logoubanews.png","contentUrl":"https:\/\/ubanews.com\/site\/wp-content\/uploads\/2018\/01\/logoubanews.png","width":261,"height":99,"caption":"Ub\u00e1 News"},"image":{"@id":"https:\/\/ubanews.com\/site\/#\/schema\/logo\/image\/"},"sameAs":["https:\/\/www.facebook.com\/Ub\u00e1News-Carlos-Roberto-Sodr\u00e9-418778301977370"]},{"@type":"Person","@id":"https:\/\/ubanews.com\/site\/#\/schema\/person\/d90c9e47252fbb63dcc969fe4c8b9d10","name":"Sodr\u00e9","image":{"@type":"ImageObject","inLanguage":"pt-BR","@id":"https:\/\/secure.gravatar.com\/avatar\/5ba2793f0590b9dbfad3fdec4ee714485b3eef211c9b32ee53d414060454a56c?s=96&d=mm&r=g","url":"https:\/\/secure.gravatar.com\/avatar\/5ba2793f0590b9dbfad3fdec4ee714485b3eef211c9b32ee53d414060454a56c?s=96&d=mm&r=g","contentUrl":"https:\/\/secure.gravatar.com\/avatar\/5ba2793f0590b9dbfad3fdec4ee714485b3eef211c9b32ee53d414060454a56c?s=96&d=mm&r=g","caption":"Sodr\u00e9"},"sameAs":["https:\/\/www.facebook.com\/carosroberto.sodre.5\/"],"url":"https:\/\/ubanews.com\/site\/author\/felipe\/"}]}},"_links":{"self":[{"href":"https:\/\/ubanews.com\/site\/wp-json\/wp\/v2\/posts\/7781","targetHints":{"allow":["GET"]}}],"collection":[{"href":"https:\/\/ubanews.com\/site\/wp-json\/wp\/v2\/posts"}],"about":[{"href":"https:\/\/ubanews.com\/site\/wp-json\/wp\/v2\/types\/post"}],"author":[{"embeddable":true,"href":"https:\/\/ubanews.com\/site\/wp-json\/wp\/v2\/users\/2"}],"replies":[{"embeddable":true,"href":"https:\/\/ubanews.com\/site\/wp-json\/wp\/v2\/comments?post=7781"}],"version-history":[{"count":0,"href":"https:\/\/ubanews.com\/site\/wp-json\/wp\/v2\/posts\/7781\/revisions"}],"wp:featuredmedia":[{"embeddable":true,"href":"https:\/\/ubanews.com\/site\/wp-json\/wp\/v2\/media\/7760"}],"wp:attachment":[{"href":"https:\/\/ubanews.com\/site\/wp-json\/wp\/v2\/media?parent=7781"}],"wp:term":[{"taxonomy":"category","embeddable":true,"href":"https:\/\/ubanews.com\/site\/wp-json\/wp\/v2\/categories?post=7781"},{"taxonomy":"post_tag","embeddable":true,"href":"https:\/\/ubanews.com\/site\/wp-json\/wp\/v2\/tags?post=7781"}],"curies":[{"name":"wp","href":"https:\/\/api.w.org\/{rel}","templated":true}]}}