{"id":7728,"date":"2018-09-28T11:06:25","date_gmt":"2018-09-28T14:06:25","guid":{"rendered":"http:\/\/ubanews.com\/site\/?p=7728"},"modified":"2018-10-03T18:21:42","modified_gmt":"2018-10-03T21:21:42","slug":"sao-cosme-e-sao-damiao-e-motivo-de-festa-no-bairro-sao-domingos","status":"publish","type":"post","link":"https:\/\/ubanews.com\/site\/2018\/09\/28\/sao-cosme-e-sao-damiao-e-motivo-de-festa-no-bairro-sao-domingos\/","title":{"rendered":"S\u00c3O COSME E S\u00c3O DAMI\u00c3O \u00c9 MOTIVO DE FESTA NO BAIRRO S\u00c3O DOMINGOS"},"content":{"rendered":"<p><a href=\"https:\/\/ubanews.com\/site\/wp-content\/uploads\/2018\/09\/DSC_8589.jpg\"><img decoding=\"async\" class=\"alignnone size-medium wp-image-7729 lazyload\" data-src=\"https:\/\/ubanews.com\/site\/wp-content\/uploads\/2018\/09\/DSC_8589-300x171.jpg\" alt=\"\" width=\"300\" height=\"171\" data-srcset=\"https:\/\/ubanews.com\/site\/wp-content\/uploads\/2018\/09\/DSC_8589-300x171.jpg 300w, https:\/\/ubanews.com\/site\/wp-content\/uploads\/2018\/09\/DSC_8589-768x439.jpg 768w, https:\/\/ubanews.com\/site\/wp-content\/uploads\/2018\/09\/DSC_8589.jpg 800w\" data-sizes=\"(max-width: 300px) 100vw, 300px\" src=\"data:image\/svg+xml;base64,PHN2ZyB3aWR0aD0iMSIgaGVpZ2h0PSIxIiB4bWxucz0iaHR0cDovL3d3dy53My5vcmcvMjAwMC9zdmciPjwvc3ZnPg==\" style=\"--smush-placeholder-width: 300px; --smush-placeholder-aspect-ratio: 300\/171;\" \/><\/a> <a href=\"https:\/\/ubanews.com\/site\/wp-content\/uploads\/2018\/09\/DSC_8591-copiar.jpg\"><img decoding=\"async\" class=\"alignnone size-medium wp-image-7730 lazyload\" data-src=\"https:\/\/ubanews.com\/site\/wp-content\/uploads\/2018\/09\/DSC_8591-copiar-300x171.jpg\" alt=\"\" width=\"300\" height=\"171\" data-srcset=\"https:\/\/ubanews.com\/site\/wp-content\/uploads\/2018\/09\/DSC_8591-copiar-300x171.jpg 300w, https:\/\/ubanews.com\/site\/wp-content\/uploads\/2018\/09\/DSC_8591-copiar-768x439.jpg 768w, https:\/\/ubanews.com\/site\/wp-content\/uploads\/2018\/09\/DSC_8591-copiar.jpg 800w\" data-sizes=\"(max-width: 300px) 100vw, 300px\" src=\"data:image\/svg+xml;base64,PHN2ZyB3aWR0aD0iMSIgaGVpZ2h0PSIxIiB4bWxucz0iaHR0cDovL3d3dy53My5vcmcvMjAwMC9zdmciPjwvc3ZnPg==\" style=\"--smush-placeholder-width: 300px; --smush-placeholder-aspect-ratio: 300\/171;\" \/><\/a> <a href=\"https:\/\/ubanews.com\/site\/wp-content\/uploads\/2018\/09\/DSC_8598-copiar.jpg\"><img decoding=\"async\" class=\"alignnone size-medium wp-image-7732 lazyload\" data-src=\"https:\/\/ubanews.com\/site\/wp-content\/uploads\/2018\/09\/DSC_8598-copiar-300x171.jpg\" alt=\"\" width=\"300\" height=\"171\" data-srcset=\"https:\/\/ubanews.com\/site\/wp-content\/uploads\/2018\/09\/DSC_8598-copiar-300x171.jpg 300w, https:\/\/ubanews.com\/site\/wp-content\/uploads\/2018\/09\/DSC_8598-copiar-768x439.jpg 768w, https:\/\/ubanews.com\/site\/wp-content\/uploads\/2018\/09\/DSC_8598-copiar.jpg 800w\" data-sizes=\"(max-width: 300px) 100vw, 300px\" src=\"data:image\/svg+xml;base64,PHN2ZyB3aWR0aD0iMSIgaGVpZ2h0PSIxIiB4bWxucz0iaHR0cDovL3d3dy53My5vcmcvMjAwMC9zdmciPjwvc3ZnPg==\" style=\"--smush-placeholder-width: 300px; --smush-placeholder-aspect-ratio: 300\/171;\" \/><\/a> <a href=\"https:\/\/ubanews.com\/site\/wp-content\/uploads\/2018\/09\/DSC_8602-copiar.jpg\"><img decoding=\"async\" class=\"alignnone size-medium wp-image-7733 lazyload\" data-src=\"https:\/\/ubanews.com\/site\/wp-content\/uploads\/2018\/09\/DSC_8602-copiar-300x171.jpg\" alt=\"\" width=\"300\" height=\"171\" data-srcset=\"https:\/\/ubanews.com\/site\/wp-content\/uploads\/2018\/09\/DSC_8602-copiar-300x171.jpg 300w, https:\/\/ubanews.com\/site\/wp-content\/uploads\/2018\/09\/DSC_8602-copiar-768x439.jpg 768w, https:\/\/ubanews.com\/site\/wp-content\/uploads\/2018\/09\/DSC_8602-copiar.jpg 800w\" data-sizes=\"(max-width: 300px) 100vw, 300px\" src=\"data:image\/svg+xml;base64,PHN2ZyB3aWR0aD0iMSIgaGVpZ2h0PSIxIiB4bWxucz0iaHR0cDovL3d3dy53My5vcmcvMjAwMC9zdmciPjwvc3ZnPg==\" style=\"--smush-placeholder-width: 300px; --smush-placeholder-aspect-ratio: 300\/171;\" \/><\/a> <a href=\"https:\/\/ubanews.com\/site\/wp-content\/uploads\/2018\/09\/DSC_8614-copiar.jpg\"><img decoding=\"async\" class=\"alignnone size-medium wp-image-7734 lazyload\" data-src=\"https:\/\/ubanews.com\/site\/wp-content\/uploads\/2018\/09\/DSC_8614-copiar-300x171.jpg\" alt=\"\" width=\"300\" height=\"171\" data-srcset=\"https:\/\/ubanews.com\/site\/wp-content\/uploads\/2018\/09\/DSC_8614-copiar-300x171.jpg 300w, https:\/\/ubanews.com\/site\/wp-content\/uploads\/2018\/09\/DSC_8614-copiar-768x439.jpg 768w, https:\/\/ubanews.com\/site\/wp-content\/uploads\/2018\/09\/DSC_8614-copiar.jpg 800w\" data-sizes=\"(max-width: 300px) 100vw, 300px\" src=\"data:image\/svg+xml;base64,PHN2ZyB3aWR0aD0iMSIgaGVpZ2h0PSIxIiB4bWxucz0iaHR0cDovL3d3dy53My5vcmcvMjAwMC9zdmciPjwvc3ZnPg==\" style=\"--smush-placeholder-width: 300px; --smush-placeholder-aspect-ratio: 300\/171;\" \/><\/a> <a href=\"https:\/\/ubanews.com\/site\/wp-content\/uploads\/2018\/09\/DSC_8615-copiar.jpg\"><img decoding=\"async\" class=\"alignnone size-medium wp-image-7735 lazyload\" data-src=\"https:\/\/ubanews.com\/site\/wp-content\/uploads\/2018\/09\/DSC_8615-copiar-300x171.jpg\" alt=\"\" width=\"300\" height=\"171\" data-srcset=\"https:\/\/ubanews.com\/site\/wp-content\/uploads\/2018\/09\/DSC_8615-copiar-300x171.jpg 300w, https:\/\/ubanews.com\/site\/wp-content\/uploads\/2018\/09\/DSC_8615-copiar-768x439.jpg 768w, https:\/\/ubanews.com\/site\/wp-content\/uploads\/2018\/09\/DSC_8615-copiar.jpg 800w\" data-sizes=\"(max-width: 300px) 100vw, 300px\" src=\"data:image\/svg+xml;base64,PHN2ZyB3aWR0aD0iMSIgaGVpZ2h0PSIxIiB4bWxucz0iaHR0cDovL3d3dy53My5vcmcvMjAwMC9zdmciPjwvc3ZnPg==\" style=\"--smush-placeholder-width: 300px; --smush-placeholder-aspect-ratio: 300\/171;\" \/><\/a><\/p>\n<p>H\u00e1 mais de 63 anos acontece uma festa de S\u00e3o Cosme e S\u00e3o Dami\u00e3o no bairro S\u00e3o Domingos organizada pela senhora \u00c2ngela Maria da Silva Teodoro (64), na rua Cabo Geraldo Pinto da Silva n\u00famero 69, sempre em 27 de setembro de cada ano. Atrav\u00e9s de ajuda e patroc\u00ednio, \u00c2ngela faz alegria das crian\u00e7as, pula-pula, pipoca, cachorro quente, bolo, doces, brincadeiras e carreta para passear na cidade, tudo preparado com carinho e dedica\u00e7\u00e3o, continuando a tradi\u00e7\u00e3o de sua m\u00e3e que bem antes de seu nascimento, j\u00e1 existia o compromisso com a sua comunidade e adjac\u00eancias. Nessa festa n\u00e3o tinha idade, eram desde crian\u00e7as de colo at\u00e9 os idosos participaram, al\u00e9m de meninos e meninas.<\/p>\n<div style=\"position: relative; height: 0; padding-bottom: 56.25%;\"><iframe style=\"position: absolute; width: 100%; height: 100%; left: 0;\" data-src=\"https:\/\/www.youtube.com\/embed\/JshM6UAi3-w?ecver=2\" width=\"640\" height=\"360\" frameborder=\"0\" allowfullscreen=\"allowfullscreen\" src=\"data:image\/svg+xml;base64,PHN2ZyB3aWR0aD0iMSIgaGVpZ2h0PSIxIiB4bWxucz0iaHR0cDovL3d3dy53My5vcmcvMjAwMC9zdmciPjwvc3ZnPg==\" class=\"lazyload\" data-load-mode=\"1\"><\/iframe><\/div>\n<p>S\u00e3o Cosme e S\u00e3o Dami\u00e3o.<\/p>\n<p>27 de setembro lembramos de dois santos mais citados na Igreja: S\u00e3o Cosme e S\u00e3o Dami\u00e3o, irm\u00e3os g\u00eameos, m\u00e9dicos de profiss\u00e3o e santos na voca\u00e7\u00e3o da vida. Viveram no Oriente (Cil\u00edcia, \u00c1sia Menor entre os s\u00e9culos III e IV), e, desde jovens, eram reconhecidos por sua habilidade como m\u00e9dicos. Com a convers\u00e3o, passaram a ser tamb\u00e9m mission\u00e1rios, ou seja, ao unirem a ci\u00eancia \u00e0 confian\u00e7a no poder da ora\u00e7\u00e3o, levavam para muitos a sa\u00fade do corpo e da&nbsp;alma.<\/p>\n<p><a href=\"https:\/\/ubanews.com\/site\/wp-content\/uploads\/2018\/08\/ELETRO-SENA-AUTOMOTIVA-2.jpg\"><img decoding=\"async\" class=\"alignnone wp-image-7016 size-full lazyload\" data-src=\"https:\/\/ubanews.com\/site\/wp-content\/uploads\/2018\/08\/ELETRO-SENA-AUTOMOTIVA-2.jpg\" alt=\"\" width=\"800\" height=\"264\" data-srcset=\"https:\/\/ubanews.com\/site\/wp-content\/uploads\/2018\/08\/ELETRO-SENA-AUTOMOTIVA-2.jpg 800w, https:\/\/ubanews.com\/site\/wp-content\/uploads\/2018\/08\/ELETRO-SENA-AUTOMOTIVA-2-300x99.jpg 300w, https:\/\/ubanews.com\/site\/wp-content\/uploads\/2018\/08\/ELETRO-SENA-AUTOMOTIVA-2-768x253.jpg 768w\" data-sizes=\"(max-width: 800px) 100vw, 800px\" src=\"data:image\/svg+xml;base64,PHN2ZyB3aWR0aD0iMSIgaGVpZ2h0PSIxIiB4bWxucz0iaHR0cDovL3d3dy53My5vcmcvMjAwMC9zdmciPjwvc3ZnPg==\" style=\"--smush-placeholder-width: 800px; --smush-placeholder-aspect-ratio: 800\/264;\" \/><\/a>Viveram na \u00c1sia Menor, at\u00e9 que, devido \u00e0 persegui\u00e7\u00e3o de Diocleciano, no ano 300 da Era Crist\u00e3, foram presos por serem considerados inimigos dos deuses e acusados de usar feiti\u00e7arias e meios diab\u00f3licos para disfar\u00e7ar as curas. Tendo em vista essa acusa\u00e7\u00e3o, a resposta deles era sempre:&nbsp;\u201cN\u00f3s curamos as doen\u00e7as em nome de Jesus Cristo e pelo Seu poder!\u201d<\/p>\n<p>Diante da insist\u00eancia dos perseguidores da f\u00e9 crist\u00e3, com rela\u00e7\u00e3o \u00e0 adora\u00e7\u00e3o aos deuses, responderam: \u201cTeus deuses n\u00e3o t\u00eam poder nenhum, n\u00f3s adoramos o Criador do c\u00e9u e da terra!\u201d.<\/p>\n<p>S\u00e3o Cosme e S\u00e3o Dami\u00e3o jamais abandonaram a f\u00e9 crist\u00e3 e foram decapitados no ano de 303. S\u00e3o considerados os padroeiros dos farmac\u00eauticos, m\u00e9dicos e das faculdades de medicina.<\/p>\n<p><a href=\"https:\/\/ubanews.com\/site\/wp-content\/uploads\/2018\/09\/Auto-Films-3.jpg\"><img decoding=\"async\" class=\"alignnone wp-image-7740 size-full lazyload\" data-src=\"https:\/\/ubanews.com\/site\/wp-content\/uploads\/2018\/09\/Auto-Films-3.jpg\" alt=\"\" width=\"800\" height=\"200\" data-srcset=\"https:\/\/ubanews.com\/site\/wp-content\/uploads\/2018\/09\/Auto-Films-3.jpg 800w, https:\/\/ubanews.com\/site\/wp-content\/uploads\/2018\/09\/Auto-Films-3-300x75.jpg 300w, https:\/\/ubanews.com\/site\/wp-content\/uploads\/2018\/09\/Auto-Films-3-768x192.jpg 768w\" data-sizes=\"(max-width: 800px) 100vw, 800px\" src=\"data:image\/svg+xml;base64,PHN2ZyB3aWR0aD0iMSIgaGVpZ2h0PSIxIiB4bWxucz0iaHR0cDovL3d3dy53My5vcmcvMjAwMC9zdmciPjwvc3ZnPg==\" style=\"--smush-placeholder-width: 800px; --smush-placeholder-aspect-ratio: 800\/200;\" \/><\/a><\/p>\n","protected":false},"excerpt":{"rendered":"<p>H\u00e1 mais de 63 anos acontece uma festa de S\u00e3o<\/p>\n","protected":false},"author":2,"featured_media":7731,"comment_status":"open","ping_status":"open","sticky":false,"template":"","format":"standard","meta":{"footnotes":""},"categories":[1],"tags":[],"class_list":["post-7728","post","type-post","status-publish","format-standard","has-post-thumbnail","hentry","category-sem-categoria"],"yoast_head":"<!-- This site is optimized with the Yoast SEO plugin v27.2 - https:\/\/yoast.com\/product\/yoast-seo-wordpress\/ -->\n<title>S\u00c3O COSME E S\u00c3O DAMI\u00c3O \u00c9 MOTIVO DE FESTA NO BAIRRO S\u00c3O DOMINGOS - Ub\u00e1 News<\/title>\n<meta name=\"robots\" content=\"index, follow, max-snippet:-1, max-image-preview:large, max-video-preview:-1\" \/>\n<link rel=\"canonical\" href=\"https:\/\/ubanews.com\/site\/2018\/09\/28\/sao-cosme-e-sao-damiao-e-motivo-de-festa-no-bairro-sao-domingos\/\" \/>\n<meta property=\"og:locale\" content=\"pt_BR\" \/>\n<meta property=\"og:type\" content=\"article\" \/>\n<meta property=\"og:title\" content=\"S\u00c3O COSME E S\u00c3O DAMI\u00c3O \u00c9 MOTIVO DE FESTA NO BAIRRO S\u00c3O DOMINGOS - Ub\u00e1 News\" \/>\n<meta property=\"og:description\" content=\"H\u00e1 mais de 63 anos acontece uma festa de S\u00e3o\" \/>\n<meta property=\"og:url\" content=\"https:\/\/ubanews.com\/site\/2018\/09\/28\/sao-cosme-e-sao-damiao-e-motivo-de-festa-no-bairro-sao-domingos\/\" \/>\n<meta property=\"og:site_name\" content=\"Ub\u00e1 News\" \/>\n<meta property=\"article:publisher\" content=\"https:\/\/www.facebook.com\/Ub%c3%a1News-Carlos-Roberto-Sodr%c3%a9-418778301977370\" \/>\n<meta property=\"article:author\" content=\"https:\/\/www.facebook.com\/carosroberto.sodre.5\/\" \/>\n<meta property=\"article:published_time\" content=\"2018-09-28T14:06:25+00:00\" \/>\n<meta property=\"article:modified_time\" content=\"2018-10-03T21:21:42+00:00\" \/>\n<meta property=\"og:image\" content=\"https:\/\/ubanews.com\/site\/wp-content\/uploads\/2018\/09\/DSC_8591c.jpg\" \/>\n\t<meta property=\"og:image:width\" content=\"800\" \/>\n\t<meta property=\"og:image:height\" content=\"389\" \/>\n\t<meta property=\"og:image:type\" content=\"image\/jpeg\" \/>\n<meta name=\"author\" content=\"Sodr\u00e9\" \/>\n<meta name=\"twitter:card\" content=\"summary_large_image\" \/>\n<meta name=\"twitter:label1\" content=\"Escrito por\" \/>\n\t<meta name=\"twitter:data1\" content=\"Sodr\u00e9\" \/>\n\t<meta name=\"twitter:label2\" content=\"Est. tempo de leitura\" \/>\n\t<meta name=\"twitter:data2\" content=\"2 minutos\" \/>\n<script type=\"application\/ld+json\" class=\"yoast-schema-graph\">{\"@context\":\"https:\/\/schema.org\",\"@graph\":[{\"@type\":\"Article\",\"@id\":\"https:\/\/ubanews.com\/site\/2018\/09\/28\/sao-cosme-e-sao-damiao-e-motivo-de-festa-no-bairro-sao-domingos\/#article\",\"isPartOf\":{\"@id\":\"https:\/\/ubanews.com\/site\/2018\/09\/28\/sao-cosme-e-sao-damiao-e-motivo-de-festa-no-bairro-sao-domingos\/\"},\"author\":{\"name\":\"Sodr\u00e9\",\"@id\":\"https:\/\/ubanews.com\/site\/#\/schema\/person\/d90c9e47252fbb63dcc969fe4c8b9d10\"},\"headline\":\"S\u00c3O COSME E S\u00c3O DAMI\u00c3O \u00c9 MOTIVO DE FESTA NO BAIRRO S\u00c3O DOMINGOS\",\"datePublished\":\"2018-09-28T14:06:25+00:00\",\"dateModified\":\"2018-10-03T21:21:42+00:00\",\"mainEntityOfPage\":{\"@id\":\"https:\/\/ubanews.com\/site\/2018\/09\/28\/sao-cosme-e-sao-damiao-e-motivo-de-festa-no-bairro-sao-domingos\/\"},\"wordCount\":381,\"commentCount\":0,\"publisher\":{\"@id\":\"https:\/\/ubanews.com\/site\/#organization\"},\"image\":{\"@id\":\"https:\/\/ubanews.com\/site\/2018\/09\/28\/sao-cosme-e-sao-damiao-e-motivo-de-festa-no-bairro-sao-domingos\/#primaryimage\"},\"thumbnailUrl\":\"https:\/\/ubanews.com\/site\/wp-content\/uploads\/2018\/09\/DSC_8591c.jpg\",\"articleSection\":[\"Geral\"],\"inLanguage\":\"pt-BR\",\"potentialAction\":[{\"@type\":\"CommentAction\",\"name\":\"Comment\",\"target\":[\"https:\/\/ubanews.com\/site\/2018\/09\/28\/sao-cosme-e-sao-damiao-e-motivo-de-festa-no-bairro-sao-domingos\/#respond\"]}]},{\"@type\":\"WebPage\",\"@id\":\"https:\/\/ubanews.com\/site\/2018\/09\/28\/sao-cosme-e-sao-damiao-e-motivo-de-festa-no-bairro-sao-domingos\/\",\"url\":\"https:\/\/ubanews.com\/site\/2018\/09\/28\/sao-cosme-e-sao-damiao-e-motivo-de-festa-no-bairro-sao-domingos\/\",\"name\":\"S\u00c3O COSME E S\u00c3O DAMI\u00c3O \u00c9 MOTIVO DE FESTA NO BAIRRO S\u00c3O DOMINGOS - Ub\u00e1 News\",\"isPartOf\":{\"@id\":\"https:\/\/ubanews.com\/site\/#website\"},\"primaryImageOfPage\":{\"@id\":\"https:\/\/ubanews.com\/site\/2018\/09\/28\/sao-cosme-e-sao-damiao-e-motivo-de-festa-no-bairro-sao-domingos\/#primaryimage\"},\"image\":{\"@id\":\"https:\/\/ubanews.com\/site\/2018\/09\/28\/sao-cosme-e-sao-damiao-e-motivo-de-festa-no-bairro-sao-domingos\/#primaryimage\"},\"thumbnailUrl\":\"https:\/\/ubanews.com\/site\/wp-content\/uploads\/2018\/09\/DSC_8591c.jpg\",\"datePublished\":\"2018-09-28T14:06:25+00:00\",\"dateModified\":\"2018-10-03T21:21:42+00:00\",\"breadcrumb\":{\"@id\":\"https:\/\/ubanews.com\/site\/2018\/09\/28\/sao-cosme-e-sao-damiao-e-motivo-de-festa-no-bairro-sao-domingos\/#breadcrumb\"},\"inLanguage\":\"pt-BR\",\"potentialAction\":[{\"@type\":\"ReadAction\",\"target\":[\"https:\/\/ubanews.com\/site\/2018\/09\/28\/sao-cosme-e-sao-damiao-e-motivo-de-festa-no-bairro-sao-domingos\/\"]}]},{\"@type\":\"ImageObject\",\"inLanguage\":\"pt-BR\",\"@id\":\"https:\/\/ubanews.com\/site\/2018\/09\/28\/sao-cosme-e-sao-damiao-e-motivo-de-festa-no-bairro-sao-domingos\/#primaryimage\",\"url\":\"https:\/\/ubanews.com\/site\/wp-content\/uploads\/2018\/09\/DSC_8591c.jpg\",\"contentUrl\":\"https:\/\/ubanews.com\/site\/wp-content\/uploads\/2018\/09\/DSC_8591c.jpg\",\"width\":800,\"height\":389},{\"@type\":\"BreadcrumbList\",\"@id\":\"https:\/\/ubanews.com\/site\/2018\/09\/28\/sao-cosme-e-sao-damiao-e-motivo-de-festa-no-bairro-sao-domingos\/#breadcrumb\",\"itemListElement\":[{\"@type\":\"ListItem\",\"position\":1,\"name\":\"Home\",\"item\":\"https:\/\/ubanews.com\/site\/\"},{\"@type\":\"ListItem\",\"position\":2,\"name\":\"S\u00c3O COSME E S\u00c3O DAMI\u00c3O \u00c9 MOTIVO DE FESTA NO BAIRRO S\u00c3O DOMINGOS\"}]},{\"@type\":\"WebSite\",\"@id\":\"https:\/\/ubanews.com\/site\/#website\",\"url\":\"https:\/\/ubanews.com\/site\/\",\"name\":\"Ub\u00e1 News\",\"description\":\"\",\"publisher\":{\"@id\":\"https:\/\/ubanews.com\/site\/#organization\"},\"potentialAction\":[{\"@type\":\"SearchAction\",\"target\":{\"@type\":\"EntryPoint\",\"urlTemplate\":\"https:\/\/ubanews.com\/site\/?s={search_term_string}\"},\"query-input\":{\"@type\":\"PropertyValueSpecification\",\"valueRequired\":true,\"valueName\":\"search_term_string\"}}],\"inLanguage\":\"pt-BR\"},{\"@type\":\"Organization\",\"@id\":\"https:\/\/ubanews.com\/site\/#organization\",\"name\":\"Ub\u00e1 News\",\"url\":\"https:\/\/ubanews.com\/site\/\",\"logo\":{\"@type\":\"ImageObject\",\"inLanguage\":\"pt-BR\",\"@id\":\"https:\/\/ubanews.com\/site\/#\/schema\/logo\/image\/\",\"url\":\"https:\/\/ubanews.com\/site\/wp-content\/uploads\/2018\/01\/logoubanews.png\",\"contentUrl\":\"https:\/\/ubanews.com\/site\/wp-content\/uploads\/2018\/01\/logoubanews.png\",\"width\":261,\"height\":99,\"caption\":\"Ub\u00e1 News\"},\"image\":{\"@id\":\"https:\/\/ubanews.com\/site\/#\/schema\/logo\/image\/\"},\"sameAs\":[\"https:\/\/www.facebook.com\/Ub\u00e1News-Carlos-Roberto-Sodr\u00e9-418778301977370\"]},{\"@type\":\"Person\",\"@id\":\"https:\/\/ubanews.com\/site\/#\/schema\/person\/d90c9e47252fbb63dcc969fe4c8b9d10\",\"name\":\"Sodr\u00e9\",\"image\":{\"@type\":\"ImageObject\",\"inLanguage\":\"pt-BR\",\"@id\":\"https:\/\/secure.gravatar.com\/avatar\/5ba2793f0590b9dbfad3fdec4ee714485b3eef211c9b32ee53d414060454a56c?s=96&d=mm&r=g\",\"url\":\"https:\/\/secure.gravatar.com\/avatar\/5ba2793f0590b9dbfad3fdec4ee714485b3eef211c9b32ee53d414060454a56c?s=96&d=mm&r=g\",\"contentUrl\":\"https:\/\/secure.gravatar.com\/avatar\/5ba2793f0590b9dbfad3fdec4ee714485b3eef211c9b32ee53d414060454a56c?s=96&d=mm&r=g\",\"caption\":\"Sodr\u00e9\"},\"sameAs\":[\"https:\/\/www.facebook.com\/carosroberto.sodre.5\/\"],\"url\":\"https:\/\/ubanews.com\/site\/author\/felipe\/\"}]}<\/script>\n<!-- \/ Yoast SEO plugin. -->","yoast_head_json":{"title":"S\u00c3O COSME E S\u00c3O DAMI\u00c3O \u00c9 MOTIVO DE FESTA NO BAIRRO S\u00c3O DOMINGOS - Ub\u00e1 News","robots":{"index":"index","follow":"follow","max-snippet":"max-snippet:-1","max-image-preview":"max-image-preview:large","max-video-preview":"max-video-preview:-1"},"canonical":"https:\/\/ubanews.com\/site\/2018\/09\/28\/sao-cosme-e-sao-damiao-e-motivo-de-festa-no-bairro-sao-domingos\/","og_locale":"pt_BR","og_type":"article","og_title":"S\u00c3O COSME E S\u00c3O DAMI\u00c3O \u00c9 MOTIVO DE FESTA NO BAIRRO S\u00c3O DOMINGOS - Ub\u00e1 News","og_description":"H\u00e1 mais de 63 anos acontece uma festa de S\u00e3o","og_url":"https:\/\/ubanews.com\/site\/2018\/09\/28\/sao-cosme-e-sao-damiao-e-motivo-de-festa-no-bairro-sao-domingos\/","og_site_name":"Ub\u00e1 News","article_publisher":"https:\/\/www.facebook.com\/Ub%c3%a1News-Carlos-Roberto-Sodr%c3%a9-418778301977370","article_author":"https:\/\/www.facebook.com\/carosroberto.sodre.5\/","article_published_time":"2018-09-28T14:06:25+00:00","article_modified_time":"2018-10-03T21:21:42+00:00","og_image":[{"width":800,"height":389,"url":"https:\/\/ubanews.com\/site\/wp-content\/uploads\/2018\/09\/DSC_8591c.jpg","type":"image\/jpeg"}],"author":"Sodr\u00e9","twitter_card":"summary_large_image","twitter_misc":{"Escrito por":"Sodr\u00e9","Est. tempo de leitura":"2 minutos"},"schema":{"@context":"https:\/\/schema.org","@graph":[{"@type":"Article","@id":"https:\/\/ubanews.com\/site\/2018\/09\/28\/sao-cosme-e-sao-damiao-e-motivo-de-festa-no-bairro-sao-domingos\/#article","isPartOf":{"@id":"https:\/\/ubanews.com\/site\/2018\/09\/28\/sao-cosme-e-sao-damiao-e-motivo-de-festa-no-bairro-sao-domingos\/"},"author":{"name":"Sodr\u00e9","@id":"https:\/\/ubanews.com\/site\/#\/schema\/person\/d90c9e47252fbb63dcc969fe4c8b9d10"},"headline":"S\u00c3O COSME E S\u00c3O DAMI\u00c3O \u00c9 MOTIVO DE FESTA NO BAIRRO S\u00c3O DOMINGOS","datePublished":"2018-09-28T14:06:25+00:00","dateModified":"2018-10-03T21:21:42+00:00","mainEntityOfPage":{"@id":"https:\/\/ubanews.com\/site\/2018\/09\/28\/sao-cosme-e-sao-damiao-e-motivo-de-festa-no-bairro-sao-domingos\/"},"wordCount":381,"commentCount":0,"publisher":{"@id":"https:\/\/ubanews.com\/site\/#organization"},"image":{"@id":"https:\/\/ubanews.com\/site\/2018\/09\/28\/sao-cosme-e-sao-damiao-e-motivo-de-festa-no-bairro-sao-domingos\/#primaryimage"},"thumbnailUrl":"https:\/\/ubanews.com\/site\/wp-content\/uploads\/2018\/09\/DSC_8591c.jpg","articleSection":["Geral"],"inLanguage":"pt-BR","potentialAction":[{"@type":"CommentAction","name":"Comment","target":["https:\/\/ubanews.com\/site\/2018\/09\/28\/sao-cosme-e-sao-damiao-e-motivo-de-festa-no-bairro-sao-domingos\/#respond"]}]},{"@type":"WebPage","@id":"https:\/\/ubanews.com\/site\/2018\/09\/28\/sao-cosme-e-sao-damiao-e-motivo-de-festa-no-bairro-sao-domingos\/","url":"https:\/\/ubanews.com\/site\/2018\/09\/28\/sao-cosme-e-sao-damiao-e-motivo-de-festa-no-bairro-sao-domingos\/","name":"S\u00c3O COSME E S\u00c3O DAMI\u00c3O \u00c9 MOTIVO DE FESTA NO BAIRRO S\u00c3O DOMINGOS - Ub\u00e1 News","isPartOf":{"@id":"https:\/\/ubanews.com\/site\/#website"},"primaryImageOfPage":{"@id":"https:\/\/ubanews.com\/site\/2018\/09\/28\/sao-cosme-e-sao-damiao-e-motivo-de-festa-no-bairro-sao-domingos\/#primaryimage"},"image":{"@id":"https:\/\/ubanews.com\/site\/2018\/09\/28\/sao-cosme-e-sao-damiao-e-motivo-de-festa-no-bairro-sao-domingos\/#primaryimage"},"thumbnailUrl":"https:\/\/ubanews.com\/site\/wp-content\/uploads\/2018\/09\/DSC_8591c.jpg","datePublished":"2018-09-28T14:06:25+00:00","dateModified":"2018-10-03T21:21:42+00:00","breadcrumb":{"@id":"https:\/\/ubanews.com\/site\/2018\/09\/28\/sao-cosme-e-sao-damiao-e-motivo-de-festa-no-bairro-sao-domingos\/#breadcrumb"},"inLanguage":"pt-BR","potentialAction":[{"@type":"ReadAction","target":["https:\/\/ubanews.com\/site\/2018\/09\/28\/sao-cosme-e-sao-damiao-e-motivo-de-festa-no-bairro-sao-domingos\/"]}]},{"@type":"ImageObject","inLanguage":"pt-BR","@id":"https:\/\/ubanews.com\/site\/2018\/09\/28\/sao-cosme-e-sao-damiao-e-motivo-de-festa-no-bairro-sao-domingos\/#primaryimage","url":"https:\/\/ubanews.com\/site\/wp-content\/uploads\/2018\/09\/DSC_8591c.jpg","contentUrl":"https:\/\/ubanews.com\/site\/wp-content\/uploads\/2018\/09\/DSC_8591c.jpg","width":800,"height":389},{"@type":"BreadcrumbList","@id":"https:\/\/ubanews.com\/site\/2018\/09\/28\/sao-cosme-e-sao-damiao-e-motivo-de-festa-no-bairro-sao-domingos\/#breadcrumb","itemListElement":[{"@type":"ListItem","position":1,"name":"Home","item":"https:\/\/ubanews.com\/site\/"},{"@type":"ListItem","position":2,"name":"S\u00c3O COSME E S\u00c3O DAMI\u00c3O \u00c9 MOTIVO DE FESTA NO BAIRRO S\u00c3O DOMINGOS"}]},{"@type":"WebSite","@id":"https:\/\/ubanews.com\/site\/#website","url":"https:\/\/ubanews.com\/site\/","name":"Ub\u00e1 News","description":"","publisher":{"@id":"https:\/\/ubanews.com\/site\/#organization"},"potentialAction":[{"@type":"SearchAction","target":{"@type":"EntryPoint","urlTemplate":"https:\/\/ubanews.com\/site\/?s={search_term_string}"},"query-input":{"@type":"PropertyValueSpecification","valueRequired":true,"valueName":"search_term_string"}}],"inLanguage":"pt-BR"},{"@type":"Organization","@id":"https:\/\/ubanews.com\/site\/#organization","name":"Ub\u00e1 News","url":"https:\/\/ubanews.com\/site\/","logo":{"@type":"ImageObject","inLanguage":"pt-BR","@id":"https:\/\/ubanews.com\/site\/#\/schema\/logo\/image\/","url":"https:\/\/ubanews.com\/site\/wp-content\/uploads\/2018\/01\/logoubanews.png","contentUrl":"https:\/\/ubanews.com\/site\/wp-content\/uploads\/2018\/01\/logoubanews.png","width":261,"height":99,"caption":"Ub\u00e1 News"},"image":{"@id":"https:\/\/ubanews.com\/site\/#\/schema\/logo\/image\/"},"sameAs":["https:\/\/www.facebook.com\/Ub\u00e1News-Carlos-Roberto-Sodr\u00e9-418778301977370"]},{"@type":"Person","@id":"https:\/\/ubanews.com\/site\/#\/schema\/person\/d90c9e47252fbb63dcc969fe4c8b9d10","name":"Sodr\u00e9","image":{"@type":"ImageObject","inLanguage":"pt-BR","@id":"https:\/\/secure.gravatar.com\/avatar\/5ba2793f0590b9dbfad3fdec4ee714485b3eef211c9b32ee53d414060454a56c?s=96&d=mm&r=g","url":"https:\/\/secure.gravatar.com\/avatar\/5ba2793f0590b9dbfad3fdec4ee714485b3eef211c9b32ee53d414060454a56c?s=96&d=mm&r=g","contentUrl":"https:\/\/secure.gravatar.com\/avatar\/5ba2793f0590b9dbfad3fdec4ee714485b3eef211c9b32ee53d414060454a56c?s=96&d=mm&r=g","caption":"Sodr\u00e9"},"sameAs":["https:\/\/www.facebook.com\/carosroberto.sodre.5\/"],"url":"https:\/\/ubanews.com\/site\/author\/felipe\/"}]}},"_links":{"self":[{"href":"https:\/\/ubanews.com\/site\/wp-json\/wp\/v2\/posts\/7728","targetHints":{"allow":["GET"]}}],"collection":[{"href":"https:\/\/ubanews.com\/site\/wp-json\/wp\/v2\/posts"}],"about":[{"href":"https:\/\/ubanews.com\/site\/wp-json\/wp\/v2\/types\/post"}],"author":[{"embeddable":true,"href":"https:\/\/ubanews.com\/site\/wp-json\/wp\/v2\/users\/2"}],"replies":[{"embeddable":true,"href":"https:\/\/ubanews.com\/site\/wp-json\/wp\/v2\/comments?post=7728"}],"version-history":[{"count":0,"href":"https:\/\/ubanews.com\/site\/wp-json\/wp\/v2\/posts\/7728\/revisions"}],"wp:featuredmedia":[{"embeddable":true,"href":"https:\/\/ubanews.com\/site\/wp-json\/wp\/v2\/media\/7731"}],"wp:attachment":[{"href":"https:\/\/ubanews.com\/site\/wp-json\/wp\/v2\/media?parent=7728"}],"wp:term":[{"taxonomy":"category","embeddable":true,"href":"https:\/\/ubanews.com\/site\/wp-json\/wp\/v2\/categories?post=7728"},{"taxonomy":"post_tag","embeddable":true,"href":"https:\/\/ubanews.com\/site\/wp-json\/wp\/v2\/tags?post=7728"}],"curies":[{"name":"wp","href":"https:\/\/api.w.org\/{rel}","templated":true}]}}