{"id":7700,"date":"2018-10-01T01:00:56","date_gmt":"2018-10-01T04:00:56","guid":{"rendered":"http:\/\/ubanews.com\/site\/?p=7700"},"modified":"2018-10-03T18:22:26","modified_gmt":"2018-10-03T21:22:26","slug":"1o-de-outubro-dia-do-idoso","status":"publish","type":"post","link":"https:\/\/ubanews.com\/site\/2018\/10\/01\/1o-de-outubro-dia-do-idoso\/","title":{"rendered":"1\u00ba de Outubro dia do idoso"},"content":{"rendered":"<p>Tenho certeza que voc\u00ea j\u00e1 viu uma plaquinha no \u00f4nibus ou no metr\u00f4 reservando alguns assentos para pessoas idosas. J\u00e1 reparou nisso? Isso acontece para facilitar a vida das pessoas mais velhas.<\/p>\n<p>Desde 2004 o Brasil tem leis muito boas para proteger os idosos. Essas leis fazem parte do Estatuto do Idoso. Outros exemplos: desconto de 50% nas atividades culturais, de lazer e esportivas; programas nos meios de comunica\u00e7\u00e3o com conte\u00fados culturais e educativos&nbsp;sobre o processo do envelhecimento; penalidades para quem mostrar imagens que desrespeitem as pessoas mais velhas ou para quem abandonar os idosos sem assist\u00eancia.<\/p>\n<p>No dia 1\u00ba de outubro se comemora o Dia Internacional do Idoso, institu\u00eddo pela Organiza\u00e7\u00e3o das Na\u00e7\u00f5es Unidas (ONU). Voc\u00ea sabia que a popula\u00e7\u00e3o de idosos n\u00e3o para de crescer? No Brasil, s\u00e3o mais ou menos 15 milh\u00f5es de pessoas. Daqui a 20 anos, essa popula\u00e7\u00e3o deve dobrar. No mundo inteiro a popula\u00e7\u00e3o est\u00e1 ficando mais velha.<\/p>\n<p>At\u00e9 2050, o n\u00famero de pessoas acima de 65 anos ser\u00e1 maior do que o de pessoas com menos de 15, nos pa\u00edses mais avan\u00e7ados. E tem mais! Hoje, a expectativa de vida nos pa\u00edses desenvolvidos \u00e9 de mais ou menos 75 anos e ser\u00e1 de mais ou menos 90 anos em 2050.<\/p>\n<p><a href=\"https:\/\/ubanews.com\/site\/wp-content\/uploads\/2018\/08\/ELETRO-SENA-AUTOMOTIVA-2.jpg\"><img decoding=\"async\" class=\"alignnone wp-image-7016 size-full lazyload\" data-src=\"https:\/\/ubanews.com\/site\/wp-content\/uploads\/2018\/08\/ELETRO-SENA-AUTOMOTIVA-2.jpg\" alt=\"\" width=\"800\" height=\"264\" data-srcset=\"https:\/\/ubanews.com\/site\/wp-content\/uploads\/2018\/08\/ELETRO-SENA-AUTOMOTIVA-2.jpg 800w, https:\/\/ubanews.com\/site\/wp-content\/uploads\/2018\/08\/ELETRO-SENA-AUTOMOTIVA-2-300x99.jpg 300w, https:\/\/ubanews.com\/site\/wp-content\/uploads\/2018\/08\/ELETRO-SENA-AUTOMOTIVA-2-768x253.jpg 768w\" data-sizes=\"(max-width: 800px) 100vw, 800px\" src=\"data:image\/svg+xml;base64,PHN2ZyB3aWR0aD0iMSIgaGVpZ2h0PSIxIiB4bWxucz0iaHR0cDovL3d3dy53My5vcmcvMjAwMC9zdmciPjwvc3ZnPg==\" style=\"--smush-placeholder-width: 800px; --smush-placeholder-aspect-ratio: 800\/264;\" \/><\/a><\/p>\n<p>Pensar na velhice \u00e9 tarefa de todos, n\u00e3o s\u00f3 dos velhos mas tamb\u00e9m dos jovens. Quando dizemos que algu\u00e9m \u00e9 velho, queremos dizer o qu\u00ea? Velho pode ser uma palavra carinhosa ou pejorativa. Existe preconceito em rela\u00e7\u00e3o aos idosos. E onde h\u00e1 preconceito &#8211; voc\u00ea j\u00e1 sabe &#8211; tem muito desconhecimento. Por um lado, a idade est\u00e1 associada \u00e0 sabedoria e \u00e0 experi\u00eancia. Por outro lado, o velho \u00e9 visto como uma pessoa fr\u00e1gil em autonomia.<\/p>\n<p>At\u00e9 no dicion\u00e1rio podemos notar isso. H\u00e1 v\u00e1rias formas de se referir uma pessoa idosa. Veterano, s\u00eanio, anci\u00e3o, coroa, pessoa de idade, longevo, adiantado em anos, avan\u00e7ado em anos. conforme a idade, o idoso pode ser ainda sexagen\u00e1rio, septuagen\u00e1rio, octogen\u00e1rio, nonagen\u00e1rio ou centen\u00e1rio. Gostou?<\/p>\n<p>Pensando bem, a velhice \u00e9 apenas mais uma fase da vida. E uma fase que pode ser bem longa. Hoje em dia muitos pa\u00edses convivem com idosos de diversas gera\u00e7\u00f5es. A ONU divide os idosos em tr\u00eas categorias? os pr\u00e9-idosos (entre 55 e 64 anos); os idosos jovens (entre 65 e 79 anos &#8211; ou entre 60 e 69 para quem vive na \u00c1sisa e na regi\u00e3o do Pac\u00edfico); e os idosos de idade avan\u00e7ada (com mais de 75 ou 80 anos).<\/p>\n<p>Com a eleva\u00e7\u00e3o da expectativa de vida, a chamada terceira idade esticou bastante. Isso aconteceu por v\u00e1rios motivos, mas os principais s\u00e3o os avan\u00e7os da medicina e as melhorias na qualidade de vida. Se a popula\u00e7\u00e3o est\u00e1 ficando mais velha, tamb\u00e9m est\u00e1 ficando mais saud\u00e1vel. H\u00e1 at\u00e9 uma especialidade m\u00e9dica para cuidar das pessoas mais velhas: a geriatria.<\/p>\n<p>Como comemorar o Dia Internacional do Idoso? Lembrando que a gente tamb\u00e9m vai chegar l\u00e1. Aprender a envelhecer faz parte da educa\u00e7\u00e3o de todas as pessoas. Vamos comemorar com cuidados e aten\u00e7\u00f5es, respeito e gentileza, como todo idoso merece. Vamos comemorar assim, com do\u00e7ura e alegria, a vida longa de nossos familiares e conhecidos. Parab\u00e9ns a eles!<\/p>\n<p><strong>Fonte: <a href=\"https:\/\/educacao.uol.com.br\/datas-comemorativas\/1001---dia-internacional-do-idoso.htm\" target=\"_blank\" rel=\"noopener\">Uol<\/a><\/strong><\/p>\n","protected":false},"excerpt":{"rendered":"<p>Tenho certeza que voc\u00ea j\u00e1 viu uma plaquinha no \u00f4nibus<\/p>\n","protected":false},"author":2,"featured_media":7701,"comment_status":"open","ping_status":"open","sticky":false,"template":"","format":"standard","meta":{"footnotes":""},"categories":[1],"tags":[],"class_list":["post-7700","post","type-post","status-publish","format-standard","has-post-thumbnail","hentry","category-sem-categoria"],"yoast_head":"<!-- This site is optimized with the Yoast SEO plugin v27.2 - https:\/\/yoast.com\/product\/yoast-seo-wordpress\/ -->\n<title>1\u00ba de Outubro dia do idoso - Ub\u00e1 News<\/title>\n<meta name=\"robots\" content=\"index, follow, max-snippet:-1, max-image-preview:large, max-video-preview:-1\" \/>\n<link rel=\"canonical\" href=\"https:\/\/ubanews.com\/site\/2018\/10\/01\/1o-de-outubro-dia-do-idoso\/\" \/>\n<meta property=\"og:locale\" content=\"pt_BR\" \/>\n<meta property=\"og:type\" content=\"article\" \/>\n<meta property=\"og:title\" content=\"1\u00ba de Outubro dia do idoso - Ub\u00e1 News\" \/>\n<meta property=\"og:description\" content=\"Tenho certeza que voc\u00ea j\u00e1 viu uma plaquinha no \u00f4nibus\" \/>\n<meta property=\"og:url\" content=\"https:\/\/ubanews.com\/site\/2018\/10\/01\/1o-de-outubro-dia-do-idoso\/\" \/>\n<meta property=\"og:site_name\" content=\"Ub\u00e1 News\" \/>\n<meta property=\"article:publisher\" content=\"https:\/\/www.facebook.com\/Ub%c3%a1News-Carlos-Roberto-Sodr%c3%a9-418778301977370\" \/>\n<meta property=\"article:author\" content=\"https:\/\/www.facebook.com\/carosroberto.sodre.5\/\" \/>\n<meta property=\"article:published_time\" content=\"2018-10-01T04:00:56+00:00\" \/>\n<meta property=\"article:modified_time\" content=\"2018-10-03T21:22:26+00:00\" \/>\n<meta property=\"og:image\" content=\"https:\/\/ubanews.com\/site\/wp-content\/uploads\/2018\/09\/106.jpg\" \/>\n\t<meta property=\"og:image:width\" content=\"800\" \/>\n\t<meta property=\"og:image:height\" content=\"389\" \/>\n\t<meta property=\"og:image:type\" content=\"image\/jpeg\" \/>\n<meta name=\"author\" content=\"Sodr\u00e9\" \/>\n<meta name=\"twitter:card\" content=\"summary_large_image\" \/>\n<meta name=\"twitter:label1\" content=\"Escrito por\" \/>\n\t<meta name=\"twitter:data1\" content=\"Sodr\u00e9\" \/>\n\t<meta name=\"twitter:label2\" content=\"Est. tempo de leitura\" \/>\n\t<meta name=\"twitter:data2\" content=\"3 minutos\" \/>\n<script type=\"application\/ld+json\" class=\"yoast-schema-graph\">{\"@context\":\"https:\/\/schema.org\",\"@graph\":[{\"@type\":\"Article\",\"@id\":\"https:\/\/ubanews.com\/site\/2018\/10\/01\/1o-de-outubro-dia-do-idoso\/#article\",\"isPartOf\":{\"@id\":\"https:\/\/ubanews.com\/site\/2018\/10\/01\/1o-de-outubro-dia-do-idoso\/\"},\"author\":{\"name\":\"Sodr\u00e9\",\"@id\":\"https:\/\/ubanews.com\/site\/#\/schema\/person\/d90c9e47252fbb63dcc969fe4c8b9d10\"},\"headline\":\"1\u00ba de Outubro dia do idoso\",\"datePublished\":\"2018-10-01T04:00:56+00:00\",\"dateModified\":\"2018-10-03T21:22:26+00:00\",\"mainEntityOfPage\":{\"@id\":\"https:\/\/ubanews.com\/site\/2018\/10\/01\/1o-de-outubro-dia-do-idoso\/\"},\"wordCount\":559,\"commentCount\":0,\"publisher\":{\"@id\":\"https:\/\/ubanews.com\/site\/#organization\"},\"image\":{\"@id\":\"https:\/\/ubanews.com\/site\/2018\/10\/01\/1o-de-outubro-dia-do-idoso\/#primaryimage\"},\"thumbnailUrl\":\"https:\/\/ubanews.com\/site\/wp-content\/uploads\/2018\/09\/106.jpg\",\"articleSection\":[\"Geral\"],\"inLanguage\":\"pt-BR\",\"potentialAction\":[{\"@type\":\"CommentAction\",\"name\":\"Comment\",\"target\":[\"https:\/\/ubanews.com\/site\/2018\/10\/01\/1o-de-outubro-dia-do-idoso\/#respond\"]}]},{\"@type\":\"WebPage\",\"@id\":\"https:\/\/ubanews.com\/site\/2018\/10\/01\/1o-de-outubro-dia-do-idoso\/\",\"url\":\"https:\/\/ubanews.com\/site\/2018\/10\/01\/1o-de-outubro-dia-do-idoso\/\",\"name\":\"1\u00ba de Outubro dia do idoso - Ub\u00e1 News\",\"isPartOf\":{\"@id\":\"https:\/\/ubanews.com\/site\/#website\"},\"primaryImageOfPage\":{\"@id\":\"https:\/\/ubanews.com\/site\/2018\/10\/01\/1o-de-outubro-dia-do-idoso\/#primaryimage\"},\"image\":{\"@id\":\"https:\/\/ubanews.com\/site\/2018\/10\/01\/1o-de-outubro-dia-do-idoso\/#primaryimage\"},\"thumbnailUrl\":\"https:\/\/ubanews.com\/site\/wp-content\/uploads\/2018\/09\/106.jpg\",\"datePublished\":\"2018-10-01T04:00:56+00:00\",\"dateModified\":\"2018-10-03T21:22:26+00:00\",\"breadcrumb\":{\"@id\":\"https:\/\/ubanews.com\/site\/2018\/10\/01\/1o-de-outubro-dia-do-idoso\/#breadcrumb\"},\"inLanguage\":\"pt-BR\",\"potentialAction\":[{\"@type\":\"ReadAction\",\"target\":[\"https:\/\/ubanews.com\/site\/2018\/10\/01\/1o-de-outubro-dia-do-idoso\/\"]}]},{\"@type\":\"ImageObject\",\"inLanguage\":\"pt-BR\",\"@id\":\"https:\/\/ubanews.com\/site\/2018\/10\/01\/1o-de-outubro-dia-do-idoso\/#primaryimage\",\"url\":\"https:\/\/ubanews.com\/site\/wp-content\/uploads\/2018\/09\/106.jpg\",\"contentUrl\":\"https:\/\/ubanews.com\/site\/wp-content\/uploads\/2018\/09\/106.jpg\",\"width\":800,\"height\":389},{\"@type\":\"BreadcrumbList\",\"@id\":\"https:\/\/ubanews.com\/site\/2018\/10\/01\/1o-de-outubro-dia-do-idoso\/#breadcrumb\",\"itemListElement\":[{\"@type\":\"ListItem\",\"position\":1,\"name\":\"Home\",\"item\":\"https:\/\/ubanews.com\/site\/\"},{\"@type\":\"ListItem\",\"position\":2,\"name\":\"1\u00ba de Outubro dia do idoso\"}]},{\"@type\":\"WebSite\",\"@id\":\"https:\/\/ubanews.com\/site\/#website\",\"url\":\"https:\/\/ubanews.com\/site\/\",\"name\":\"Ub\u00e1 News\",\"description\":\"\",\"publisher\":{\"@id\":\"https:\/\/ubanews.com\/site\/#organization\"},\"potentialAction\":[{\"@type\":\"SearchAction\",\"target\":{\"@type\":\"EntryPoint\",\"urlTemplate\":\"https:\/\/ubanews.com\/site\/?s={search_term_string}\"},\"query-input\":{\"@type\":\"PropertyValueSpecification\",\"valueRequired\":true,\"valueName\":\"search_term_string\"}}],\"inLanguage\":\"pt-BR\"},{\"@type\":\"Organization\",\"@id\":\"https:\/\/ubanews.com\/site\/#organization\",\"name\":\"Ub\u00e1 News\",\"url\":\"https:\/\/ubanews.com\/site\/\",\"logo\":{\"@type\":\"ImageObject\",\"inLanguage\":\"pt-BR\",\"@id\":\"https:\/\/ubanews.com\/site\/#\/schema\/logo\/image\/\",\"url\":\"https:\/\/ubanews.com\/site\/wp-content\/uploads\/2018\/01\/logoubanews.png\",\"contentUrl\":\"https:\/\/ubanews.com\/site\/wp-content\/uploads\/2018\/01\/logoubanews.png\",\"width\":261,\"height\":99,\"caption\":\"Ub\u00e1 News\"},\"image\":{\"@id\":\"https:\/\/ubanews.com\/site\/#\/schema\/logo\/image\/\"},\"sameAs\":[\"https:\/\/www.facebook.com\/Ub\u00e1News-Carlos-Roberto-Sodr\u00e9-418778301977370\"]},{\"@type\":\"Person\",\"@id\":\"https:\/\/ubanews.com\/site\/#\/schema\/person\/d90c9e47252fbb63dcc969fe4c8b9d10\",\"name\":\"Sodr\u00e9\",\"image\":{\"@type\":\"ImageObject\",\"inLanguage\":\"pt-BR\",\"@id\":\"https:\/\/secure.gravatar.com\/avatar\/5ba2793f0590b9dbfad3fdec4ee714485b3eef211c9b32ee53d414060454a56c?s=96&d=mm&r=g\",\"url\":\"https:\/\/secure.gravatar.com\/avatar\/5ba2793f0590b9dbfad3fdec4ee714485b3eef211c9b32ee53d414060454a56c?s=96&d=mm&r=g\",\"contentUrl\":\"https:\/\/secure.gravatar.com\/avatar\/5ba2793f0590b9dbfad3fdec4ee714485b3eef211c9b32ee53d414060454a56c?s=96&d=mm&r=g\",\"caption\":\"Sodr\u00e9\"},\"sameAs\":[\"https:\/\/www.facebook.com\/carosroberto.sodre.5\/\"],\"url\":\"https:\/\/ubanews.com\/site\/author\/felipe\/\"}]}<\/script>\n<!-- \/ Yoast SEO plugin. -->","yoast_head_json":{"title":"1\u00ba de Outubro dia do idoso - Ub\u00e1 News","robots":{"index":"index","follow":"follow","max-snippet":"max-snippet:-1","max-image-preview":"max-image-preview:large","max-video-preview":"max-video-preview:-1"},"canonical":"https:\/\/ubanews.com\/site\/2018\/10\/01\/1o-de-outubro-dia-do-idoso\/","og_locale":"pt_BR","og_type":"article","og_title":"1\u00ba de Outubro dia do idoso - Ub\u00e1 News","og_description":"Tenho certeza que voc\u00ea j\u00e1 viu uma plaquinha no \u00f4nibus","og_url":"https:\/\/ubanews.com\/site\/2018\/10\/01\/1o-de-outubro-dia-do-idoso\/","og_site_name":"Ub\u00e1 News","article_publisher":"https:\/\/www.facebook.com\/Ub%c3%a1News-Carlos-Roberto-Sodr%c3%a9-418778301977370","article_author":"https:\/\/www.facebook.com\/carosroberto.sodre.5\/","article_published_time":"2018-10-01T04:00:56+00:00","article_modified_time":"2018-10-03T21:22:26+00:00","og_image":[{"width":800,"height":389,"url":"https:\/\/ubanews.com\/site\/wp-content\/uploads\/2018\/09\/106.jpg","type":"image\/jpeg"}],"author":"Sodr\u00e9","twitter_card":"summary_large_image","twitter_misc":{"Escrito por":"Sodr\u00e9","Est. tempo de leitura":"3 minutos"},"schema":{"@context":"https:\/\/schema.org","@graph":[{"@type":"Article","@id":"https:\/\/ubanews.com\/site\/2018\/10\/01\/1o-de-outubro-dia-do-idoso\/#article","isPartOf":{"@id":"https:\/\/ubanews.com\/site\/2018\/10\/01\/1o-de-outubro-dia-do-idoso\/"},"author":{"name":"Sodr\u00e9","@id":"https:\/\/ubanews.com\/site\/#\/schema\/person\/d90c9e47252fbb63dcc969fe4c8b9d10"},"headline":"1\u00ba de Outubro dia do idoso","datePublished":"2018-10-01T04:00:56+00:00","dateModified":"2018-10-03T21:22:26+00:00","mainEntityOfPage":{"@id":"https:\/\/ubanews.com\/site\/2018\/10\/01\/1o-de-outubro-dia-do-idoso\/"},"wordCount":559,"commentCount":0,"publisher":{"@id":"https:\/\/ubanews.com\/site\/#organization"},"image":{"@id":"https:\/\/ubanews.com\/site\/2018\/10\/01\/1o-de-outubro-dia-do-idoso\/#primaryimage"},"thumbnailUrl":"https:\/\/ubanews.com\/site\/wp-content\/uploads\/2018\/09\/106.jpg","articleSection":["Geral"],"inLanguage":"pt-BR","potentialAction":[{"@type":"CommentAction","name":"Comment","target":["https:\/\/ubanews.com\/site\/2018\/10\/01\/1o-de-outubro-dia-do-idoso\/#respond"]}]},{"@type":"WebPage","@id":"https:\/\/ubanews.com\/site\/2018\/10\/01\/1o-de-outubro-dia-do-idoso\/","url":"https:\/\/ubanews.com\/site\/2018\/10\/01\/1o-de-outubro-dia-do-idoso\/","name":"1\u00ba de Outubro dia do idoso - Ub\u00e1 News","isPartOf":{"@id":"https:\/\/ubanews.com\/site\/#website"},"primaryImageOfPage":{"@id":"https:\/\/ubanews.com\/site\/2018\/10\/01\/1o-de-outubro-dia-do-idoso\/#primaryimage"},"image":{"@id":"https:\/\/ubanews.com\/site\/2018\/10\/01\/1o-de-outubro-dia-do-idoso\/#primaryimage"},"thumbnailUrl":"https:\/\/ubanews.com\/site\/wp-content\/uploads\/2018\/09\/106.jpg","datePublished":"2018-10-01T04:00:56+00:00","dateModified":"2018-10-03T21:22:26+00:00","breadcrumb":{"@id":"https:\/\/ubanews.com\/site\/2018\/10\/01\/1o-de-outubro-dia-do-idoso\/#breadcrumb"},"inLanguage":"pt-BR","potentialAction":[{"@type":"ReadAction","target":["https:\/\/ubanews.com\/site\/2018\/10\/01\/1o-de-outubro-dia-do-idoso\/"]}]},{"@type":"ImageObject","inLanguage":"pt-BR","@id":"https:\/\/ubanews.com\/site\/2018\/10\/01\/1o-de-outubro-dia-do-idoso\/#primaryimage","url":"https:\/\/ubanews.com\/site\/wp-content\/uploads\/2018\/09\/106.jpg","contentUrl":"https:\/\/ubanews.com\/site\/wp-content\/uploads\/2018\/09\/106.jpg","width":800,"height":389},{"@type":"BreadcrumbList","@id":"https:\/\/ubanews.com\/site\/2018\/10\/01\/1o-de-outubro-dia-do-idoso\/#breadcrumb","itemListElement":[{"@type":"ListItem","position":1,"name":"Home","item":"https:\/\/ubanews.com\/site\/"},{"@type":"ListItem","position":2,"name":"1\u00ba de Outubro dia do idoso"}]},{"@type":"WebSite","@id":"https:\/\/ubanews.com\/site\/#website","url":"https:\/\/ubanews.com\/site\/","name":"Ub\u00e1 News","description":"","publisher":{"@id":"https:\/\/ubanews.com\/site\/#organization"},"potentialAction":[{"@type":"SearchAction","target":{"@type":"EntryPoint","urlTemplate":"https:\/\/ubanews.com\/site\/?s={search_term_string}"},"query-input":{"@type":"PropertyValueSpecification","valueRequired":true,"valueName":"search_term_string"}}],"inLanguage":"pt-BR"},{"@type":"Organization","@id":"https:\/\/ubanews.com\/site\/#organization","name":"Ub\u00e1 News","url":"https:\/\/ubanews.com\/site\/","logo":{"@type":"ImageObject","inLanguage":"pt-BR","@id":"https:\/\/ubanews.com\/site\/#\/schema\/logo\/image\/","url":"https:\/\/ubanews.com\/site\/wp-content\/uploads\/2018\/01\/logoubanews.png","contentUrl":"https:\/\/ubanews.com\/site\/wp-content\/uploads\/2018\/01\/logoubanews.png","width":261,"height":99,"caption":"Ub\u00e1 News"},"image":{"@id":"https:\/\/ubanews.com\/site\/#\/schema\/logo\/image\/"},"sameAs":["https:\/\/www.facebook.com\/Ub\u00e1News-Carlos-Roberto-Sodr\u00e9-418778301977370"]},{"@type":"Person","@id":"https:\/\/ubanews.com\/site\/#\/schema\/person\/d90c9e47252fbb63dcc969fe4c8b9d10","name":"Sodr\u00e9","image":{"@type":"ImageObject","inLanguage":"pt-BR","@id":"https:\/\/secure.gravatar.com\/avatar\/5ba2793f0590b9dbfad3fdec4ee714485b3eef211c9b32ee53d414060454a56c?s=96&d=mm&r=g","url":"https:\/\/secure.gravatar.com\/avatar\/5ba2793f0590b9dbfad3fdec4ee714485b3eef211c9b32ee53d414060454a56c?s=96&d=mm&r=g","contentUrl":"https:\/\/secure.gravatar.com\/avatar\/5ba2793f0590b9dbfad3fdec4ee714485b3eef211c9b32ee53d414060454a56c?s=96&d=mm&r=g","caption":"Sodr\u00e9"},"sameAs":["https:\/\/www.facebook.com\/carosroberto.sodre.5\/"],"url":"https:\/\/ubanews.com\/site\/author\/felipe\/"}]}},"_links":{"self":[{"href":"https:\/\/ubanews.com\/site\/wp-json\/wp\/v2\/posts\/7700","targetHints":{"allow":["GET"]}}],"collection":[{"href":"https:\/\/ubanews.com\/site\/wp-json\/wp\/v2\/posts"}],"about":[{"href":"https:\/\/ubanews.com\/site\/wp-json\/wp\/v2\/types\/post"}],"author":[{"embeddable":true,"href":"https:\/\/ubanews.com\/site\/wp-json\/wp\/v2\/users\/2"}],"replies":[{"embeddable":true,"href":"https:\/\/ubanews.com\/site\/wp-json\/wp\/v2\/comments?post=7700"}],"version-history":[{"count":0,"href":"https:\/\/ubanews.com\/site\/wp-json\/wp\/v2\/posts\/7700\/revisions"}],"wp:featuredmedia":[{"embeddable":true,"href":"https:\/\/ubanews.com\/site\/wp-json\/wp\/v2\/media\/7701"}],"wp:attachment":[{"href":"https:\/\/ubanews.com\/site\/wp-json\/wp\/v2\/media?parent=7700"}],"wp:term":[{"taxonomy":"category","embeddable":true,"href":"https:\/\/ubanews.com\/site\/wp-json\/wp\/v2\/categories?post=7700"},{"taxonomy":"post_tag","embeddable":true,"href":"https:\/\/ubanews.com\/site\/wp-json\/wp\/v2\/tags?post=7700"}],"curies":[{"name":"wp","href":"https:\/\/api.w.org\/{rel}","templated":true}]}}