{"id":7679,"date":"2018-09-26T15:54:18","date_gmt":"2018-09-26T18:54:18","guid":{"rendered":"http:\/\/ubanews.com\/site\/?p=7679"},"modified":"2018-10-03T18:21:10","modified_gmt":"2018-10-03T21:21:10","slug":"vice-prefeito-e-secretarios-acompanham-candidato-a-deputado-federal-a-feira-livre","status":"publish","type":"post","link":"https:\/\/ubanews.com\/site\/2018\/09\/26\/vice-prefeito-e-secretarios-acompanham-candidato-a-deputado-federal-a-feira-livre\/","title":{"rendered":"VICE-PREFEITO E SECRET\u00c1RIOS ACOMPANHAM CANDIDATO A DEPUTADO FEDERAL \u00c0 FEIRA LIVRE"},"content":{"rendered":"<p><iframe data-src=\"https:\/\/www.youtube.com\/embed\/onxiyCrW9_I\" width=\"560\" height=\"315\" frameborder=\"0\" allowfullscreen=\"allowfullscreen\" src=\"data:image\/svg+xml;base64,PHN2ZyB3aWR0aD0iMSIgaGVpZ2h0PSIxIiB4bWxucz0iaHR0cDovL3d3dy53My5vcmcvMjAwMC9zdmciPjwvc3ZnPg==\" class=\"lazyload\" data-load-mode=\"1\"><\/iframe><\/p>\n<p>Faltando 11 dias para as elei\u00e7\u00f5es o candidato a deputado federal Fred Costa (Patriota) visitou a cidade de Ub\u00e1 novamente nesta semana. Ele chegou em Ub\u00e1 na noite de ter\u00e7a-feira (25), onde esteve reunido com os seus amigos e correligion\u00e1rios. Nesta quarta-feira (26) o candidato acordou cedinho e realizou algumas visitas importantes. Ap\u00f3s o caf\u00e9 da manh\u00e3, e sempre acompanhado do vice-prefeito Vin\u00edcius Sam\u00f4r e o Secret\u00e1rio de Desenvolvimento Social Fl\u00e1vio Monteze, Fred aproveitou a manh\u00e3 e visitou a Sier M\u00f3veis, Mavaular, Lact\u00e1rio An\u00e1lia Franco e, por \u00faltimo, \u00e0 Feira Livre. Depois de atender \u00e0 imprensa ele seguiu para continuar a campanha em outro munic\u00edpio.<\/p>\n<p><a href=\"https:\/\/ubanews.com\/site\/wp-content\/uploads\/2018\/09\/DSC_8368.jpg\"><img decoding=\"async\" class=\"alignnone size-medium wp-image-7681 lazyload\" data-src=\"https:\/\/ubanews.com\/site\/wp-content\/uploads\/2018\/09\/DSC_8368-300x171.jpg\" alt=\"\" width=\"300\" height=\"171\" data-srcset=\"https:\/\/ubanews.com\/site\/wp-content\/uploads\/2018\/09\/DSC_8368-300x171.jpg 300w, https:\/\/ubanews.com\/site\/wp-content\/uploads\/2018\/09\/DSC_8368-768x439.jpg 768w, https:\/\/ubanews.com\/site\/wp-content\/uploads\/2018\/09\/DSC_8368.jpg 800w\" data-sizes=\"(max-width: 300px) 100vw, 300px\" src=\"data:image\/svg+xml;base64,PHN2ZyB3aWR0aD0iMSIgaGVpZ2h0PSIxIiB4bWxucz0iaHR0cDovL3d3dy53My5vcmcvMjAwMC9zdmciPjwvc3ZnPg==\" style=\"--smush-placeholder-width: 300px; --smush-placeholder-aspect-ratio: 300\/171;\" \/><\/a> <a href=\"https:\/\/ubanews.com\/site\/wp-content\/uploads\/2018\/09\/DSC_8369.jpg\"><img decoding=\"async\" class=\"alignnone size-medium wp-image-7682 lazyload\" data-src=\"https:\/\/ubanews.com\/site\/wp-content\/uploads\/2018\/09\/DSC_8369-300x171.jpg\" alt=\"\" width=\"300\" height=\"171\" data-srcset=\"https:\/\/ubanews.com\/site\/wp-content\/uploads\/2018\/09\/DSC_8369-300x171.jpg 300w, https:\/\/ubanews.com\/site\/wp-content\/uploads\/2018\/09\/DSC_8369-768x439.jpg 768w, https:\/\/ubanews.com\/site\/wp-content\/uploads\/2018\/09\/DSC_8369.jpg 800w\" data-sizes=\"(max-width: 300px) 100vw, 300px\" src=\"data:image\/svg+xml;base64,PHN2ZyB3aWR0aD0iMSIgaGVpZ2h0PSIxIiB4bWxucz0iaHR0cDovL3d3dy53My5vcmcvMjAwMC9zdmciPjwvc3ZnPg==\" style=\"--smush-placeholder-width: 300px; --smush-placeholder-aspect-ratio: 300\/171;\" \/><\/a><\/p>\n<p><strong>Conhe\u00e7a um pouco mais da vida p\u00fablica de Fred Costa.<\/strong><\/p>\n<p>Estudou Direito e cursa Gest\u00e3o P\u00fablica, ambos no Uni-BH. Estudou Direito e cursa Gest\u00e3o P\u00fablica, ambos no Uni-BH. Exerceu dois mandatos de vereador em Belo Horizonte. Foi eleito pela primeira vez em 2004, aos 26 anos, obtendo 4.244 votos. Em 2008, foi reeleito com 12.183 votos. Presidiu as Comiss\u00f5es de Legisla\u00e7\u00e3o e Justi\u00e7a e de Sa\u00fade e Saneamento da C\u00e2mara, onde se destacou pelo volume de projetos apresentados e aprovados e por discutir temas de relev\u00e2ncia para a cidade, entre eles a luta contra o aumento do IPTU. Mesmo vindo de uma fam\u00edlia sem tradi\u00e7\u00e3o pol\u00edtica, atua desde muito jovem em movimentos sociais e na \u00e1rea p\u00fablica. Foi presidente da Associa\u00e7\u00e3o de Moradores do Bairro Santa L\u00facia por sete anos; membro do 1\u00ba Conselho Municipal da Juventude do Diret\u00f3rio Acad\u00eamico de Direito do UNI-BH; e colaborador da OAB Jovem. Como deputado estadual, tem como principais bandeiras do mandato a mobilidade urbana, a seguran\u00e7a p\u00fablica, o combate ao aumento de impostos, o meio-ambiente e a defesa dos animais. Regi\u00e3o de maior atua\u00e7\u00e3o pol\u00edtica: Central. Munic\u00edpios de maior vota\u00e7\u00e3o: Belo Horizonte, Contagem e Nova Lima. \u00c9 cat\u00f3lico.<\/p>\n<p><a href=\"https:\/\/ubanews.com\/site\/wp-content\/uploads\/2018\/08\/ELETRO-SENA-AUTOMOTIVA-2.jpg\"><img decoding=\"async\" class=\"alignnone wp-image-7016 size-full lazyload\" data-src=\"https:\/\/ubanews.com\/site\/wp-content\/uploads\/2018\/08\/ELETRO-SENA-AUTOMOTIVA-2.jpg\" alt=\"\" width=\"800\" height=\"264\" data-srcset=\"https:\/\/ubanews.com\/site\/wp-content\/uploads\/2018\/08\/ELETRO-SENA-AUTOMOTIVA-2.jpg 800w, https:\/\/ubanews.com\/site\/wp-content\/uploads\/2018\/08\/ELETRO-SENA-AUTOMOTIVA-2-300x99.jpg 300w, https:\/\/ubanews.com\/site\/wp-content\/uploads\/2018\/08\/ELETRO-SENA-AUTOMOTIVA-2-768x253.jpg 768w\" data-sizes=\"(max-width: 800px) 100vw, 800px\" src=\"data:image\/svg+xml;base64,PHN2ZyB3aWR0aD0iMSIgaGVpZ2h0PSIxIiB4bWxucz0iaHR0cDovL3d3dy53My5vcmcvMjAwMC9zdmciPjwvc3ZnPg==\" style=\"--smush-placeholder-width: 800px; --smush-placeholder-aspect-ratio: 800\/264;\" \/><\/a>Atua\u00e7\u00e3o Parlamentar na ALMG:<\/p>\n<p>Reeleito, assume em 2015 seu segundo mandato consecutivo na Assembleia de Minas. Fun\u00e7\u00f5es na 18\u00aa Legislatura: vice-presidente da Comiss\u00e3o de Defesa do Consumidor e do Contribuinte e membro efetivo da Comiss\u00e3o de Participa\u00e7\u00e3o Popular, onde tamb\u00e9m ocupou o cargo de vice-presidente.<\/p>\n<p>Legislaturas:<\/p>\n<p>17\u00aa &#8211; 2011-2015- Efetivo<\/p>\n<p>de 01\/02\/2011 at\u00e9 31\/01\/2015 (Em exerc\u00edcio em 01\/02\/2011)<\/p>\n<p>18\u00aa &#8211; 2015-2019- Efetivo<\/p>\n<p>de 01\/02\/2015 at\u00e9 31\/01\/2019 (Em exerc\u00edcio em 01\/02\/2015)<\/p>\n<p>Filia\u00e7\u00e3o Partid\u00e1ria no exerc\u00edcio do mandato:<\/p>\n<p>PEN at\u00e9 25\/04\/2018<\/p>\n<p>PATRI desde 26\/04\/2018<\/p>\n<p>Partido pelo qual concorreu na elei\u00e7\u00e3o:<\/p>\n<p>PEN<\/p>\n","protected":false},"excerpt":{"rendered":"<p>Faltando 11 dias para as elei\u00e7\u00f5es o candidato a deputado<\/p>\n","protected":false},"author":2,"featured_media":7680,"comment_status":"open","ping_status":"open","sticky":false,"template":"","format":"standard","meta":{"footnotes":""},"categories":[1],"tags":[],"class_list":["post-7679","post","type-post","status-publish","format-standard","has-post-thumbnail","hentry","category-sem-categoria"],"yoast_head":"<!-- This site is optimized with the Yoast SEO plugin v27.2 - https:\/\/yoast.com\/product\/yoast-seo-wordpress\/ -->\n<title>VICE-PREFEITO E SECRET\u00c1RIOS ACOMPANHAM CANDIDATO A DEPUTADO FEDERAL \u00c0 FEIRA LIVRE - Ub\u00e1 News<\/title>\n<meta name=\"robots\" content=\"index, follow, max-snippet:-1, max-image-preview:large, max-video-preview:-1\" \/>\n<link rel=\"canonical\" href=\"https:\/\/ubanews.com\/site\/2018\/09\/26\/vice-prefeito-e-secretarios-acompanham-candidato-a-deputado-federal-a-feira-livre\/\" \/>\n<meta property=\"og:locale\" content=\"pt_BR\" \/>\n<meta property=\"og:type\" content=\"article\" \/>\n<meta property=\"og:title\" content=\"VICE-PREFEITO E SECRET\u00c1RIOS ACOMPANHAM CANDIDATO A DEPUTADO FEDERAL \u00c0 FEIRA LIVRE - Ub\u00e1 News\" \/>\n<meta property=\"og:description\" content=\"Faltando 11 dias para as elei\u00e7\u00f5es o candidato a deputado\" \/>\n<meta property=\"og:url\" content=\"https:\/\/ubanews.com\/site\/2018\/09\/26\/vice-prefeito-e-secretarios-acompanham-candidato-a-deputado-federal-a-feira-livre\/\" \/>\n<meta property=\"og:site_name\" content=\"Ub\u00e1 News\" \/>\n<meta property=\"article:publisher\" content=\"https:\/\/www.facebook.com\/Ub%c3%a1News-Carlos-Roberto-Sodr%c3%a9-418778301977370\" \/>\n<meta property=\"article:author\" content=\"https:\/\/www.facebook.com\/carosroberto.sodre.5\/\" \/>\n<meta property=\"article:published_time\" content=\"2018-09-26T18:54:18+00:00\" \/>\n<meta property=\"article:modified_time\" content=\"2018-10-03T21:21:10+00:00\" \/>\n<meta property=\"og:image\" content=\"https:\/\/ubanews.com\/site\/wp-content\/uploads\/2018\/09\/DSC_8385-copiar.jpg\" \/>\n\t<meta property=\"og:image:width\" content=\"800\" \/>\n\t<meta property=\"og:image:height\" content=\"389\" \/>\n\t<meta property=\"og:image:type\" content=\"image\/jpeg\" \/>\n<meta name=\"author\" content=\"Sodr\u00e9\" \/>\n<meta name=\"twitter:card\" content=\"summary_large_image\" \/>\n<meta name=\"twitter:label1\" content=\"Escrito por\" \/>\n\t<meta name=\"twitter:data1\" content=\"Sodr\u00e9\" \/>\n\t<meta name=\"twitter:label2\" content=\"Est. tempo de leitura\" \/>\n\t<meta name=\"twitter:data2\" content=\"2 minutos\" \/>\n<script type=\"application\/ld+json\" class=\"yoast-schema-graph\">{\"@context\":\"https:\/\/schema.org\",\"@graph\":[{\"@type\":\"Article\",\"@id\":\"https:\/\/ubanews.com\/site\/2018\/09\/26\/vice-prefeito-e-secretarios-acompanham-candidato-a-deputado-federal-a-feira-livre\/#article\",\"isPartOf\":{\"@id\":\"https:\/\/ubanews.com\/site\/2018\/09\/26\/vice-prefeito-e-secretarios-acompanham-candidato-a-deputado-federal-a-feira-livre\/\"},\"author\":{\"name\":\"Sodr\u00e9\",\"@id\":\"https:\/\/ubanews.com\/site\/#\/schema\/person\/d90c9e47252fbb63dcc969fe4c8b9d10\"},\"headline\":\"VICE-PREFEITO E SECRET\u00c1RIOS ACOMPANHAM CANDIDATO A DEPUTADO FEDERAL \u00c0 FEIRA LIVRE\",\"datePublished\":\"2018-09-26T18:54:18+00:00\",\"dateModified\":\"2018-10-03T21:21:10+00:00\",\"mainEntityOfPage\":{\"@id\":\"https:\/\/ubanews.com\/site\/2018\/09\/26\/vice-prefeito-e-secretarios-acompanham-candidato-a-deputado-federal-a-feira-livre\/\"},\"wordCount\":430,\"commentCount\":0,\"publisher\":{\"@id\":\"https:\/\/ubanews.com\/site\/#organization\"},\"image\":{\"@id\":\"https:\/\/ubanews.com\/site\/2018\/09\/26\/vice-prefeito-e-secretarios-acompanham-candidato-a-deputado-federal-a-feira-livre\/#primaryimage\"},\"thumbnailUrl\":\"https:\/\/ubanews.com\/site\/wp-content\/uploads\/2018\/09\/DSC_8385-copiar.jpg\",\"articleSection\":[\"Geral\"],\"inLanguage\":\"pt-BR\",\"potentialAction\":[{\"@type\":\"CommentAction\",\"name\":\"Comment\",\"target\":[\"https:\/\/ubanews.com\/site\/2018\/09\/26\/vice-prefeito-e-secretarios-acompanham-candidato-a-deputado-federal-a-feira-livre\/#respond\"]}]},{\"@type\":\"WebPage\",\"@id\":\"https:\/\/ubanews.com\/site\/2018\/09\/26\/vice-prefeito-e-secretarios-acompanham-candidato-a-deputado-federal-a-feira-livre\/\",\"url\":\"https:\/\/ubanews.com\/site\/2018\/09\/26\/vice-prefeito-e-secretarios-acompanham-candidato-a-deputado-federal-a-feira-livre\/\",\"name\":\"VICE-PREFEITO E SECRET\u00c1RIOS ACOMPANHAM CANDIDATO A DEPUTADO FEDERAL \u00c0 FEIRA LIVRE - Ub\u00e1 News\",\"isPartOf\":{\"@id\":\"https:\/\/ubanews.com\/site\/#website\"},\"primaryImageOfPage\":{\"@id\":\"https:\/\/ubanews.com\/site\/2018\/09\/26\/vice-prefeito-e-secretarios-acompanham-candidato-a-deputado-federal-a-feira-livre\/#primaryimage\"},\"image\":{\"@id\":\"https:\/\/ubanews.com\/site\/2018\/09\/26\/vice-prefeito-e-secretarios-acompanham-candidato-a-deputado-federal-a-feira-livre\/#primaryimage\"},\"thumbnailUrl\":\"https:\/\/ubanews.com\/site\/wp-content\/uploads\/2018\/09\/DSC_8385-copiar.jpg\",\"datePublished\":\"2018-09-26T18:54:18+00:00\",\"dateModified\":\"2018-10-03T21:21:10+00:00\",\"breadcrumb\":{\"@id\":\"https:\/\/ubanews.com\/site\/2018\/09\/26\/vice-prefeito-e-secretarios-acompanham-candidato-a-deputado-federal-a-feira-livre\/#breadcrumb\"},\"inLanguage\":\"pt-BR\",\"potentialAction\":[{\"@type\":\"ReadAction\",\"target\":[\"https:\/\/ubanews.com\/site\/2018\/09\/26\/vice-prefeito-e-secretarios-acompanham-candidato-a-deputado-federal-a-feira-livre\/\"]}]},{\"@type\":\"ImageObject\",\"inLanguage\":\"pt-BR\",\"@id\":\"https:\/\/ubanews.com\/site\/2018\/09\/26\/vice-prefeito-e-secretarios-acompanham-candidato-a-deputado-federal-a-feira-livre\/#primaryimage\",\"url\":\"https:\/\/ubanews.com\/site\/wp-content\/uploads\/2018\/09\/DSC_8385-copiar.jpg\",\"contentUrl\":\"https:\/\/ubanews.com\/site\/wp-content\/uploads\/2018\/09\/DSC_8385-copiar.jpg\",\"width\":800,\"height\":389},{\"@type\":\"BreadcrumbList\",\"@id\":\"https:\/\/ubanews.com\/site\/2018\/09\/26\/vice-prefeito-e-secretarios-acompanham-candidato-a-deputado-federal-a-feira-livre\/#breadcrumb\",\"itemListElement\":[{\"@type\":\"ListItem\",\"position\":1,\"name\":\"Home\",\"item\":\"https:\/\/ubanews.com\/site\/\"},{\"@type\":\"ListItem\",\"position\":2,\"name\":\"VICE-PREFEITO E SECRET\u00c1RIOS ACOMPANHAM CANDIDATO A DEPUTADO FEDERAL \u00c0 FEIRA LIVRE\"}]},{\"@type\":\"WebSite\",\"@id\":\"https:\/\/ubanews.com\/site\/#website\",\"url\":\"https:\/\/ubanews.com\/site\/\",\"name\":\"Ub\u00e1 News\",\"description\":\"\",\"publisher\":{\"@id\":\"https:\/\/ubanews.com\/site\/#organization\"},\"potentialAction\":[{\"@type\":\"SearchAction\",\"target\":{\"@type\":\"EntryPoint\",\"urlTemplate\":\"https:\/\/ubanews.com\/site\/?s={search_term_string}\"},\"query-input\":{\"@type\":\"PropertyValueSpecification\",\"valueRequired\":true,\"valueName\":\"search_term_string\"}}],\"inLanguage\":\"pt-BR\"},{\"@type\":\"Organization\",\"@id\":\"https:\/\/ubanews.com\/site\/#organization\",\"name\":\"Ub\u00e1 News\",\"url\":\"https:\/\/ubanews.com\/site\/\",\"logo\":{\"@type\":\"ImageObject\",\"inLanguage\":\"pt-BR\",\"@id\":\"https:\/\/ubanews.com\/site\/#\/schema\/logo\/image\/\",\"url\":\"https:\/\/ubanews.com\/site\/wp-content\/uploads\/2018\/01\/logoubanews.png\",\"contentUrl\":\"https:\/\/ubanews.com\/site\/wp-content\/uploads\/2018\/01\/logoubanews.png\",\"width\":261,\"height\":99,\"caption\":\"Ub\u00e1 News\"},\"image\":{\"@id\":\"https:\/\/ubanews.com\/site\/#\/schema\/logo\/image\/\"},\"sameAs\":[\"https:\/\/www.facebook.com\/Ub\u00e1News-Carlos-Roberto-Sodr\u00e9-418778301977370\"]},{\"@type\":\"Person\",\"@id\":\"https:\/\/ubanews.com\/site\/#\/schema\/person\/d90c9e47252fbb63dcc969fe4c8b9d10\",\"name\":\"Sodr\u00e9\",\"image\":{\"@type\":\"ImageObject\",\"inLanguage\":\"pt-BR\",\"@id\":\"https:\/\/secure.gravatar.com\/avatar\/5ba2793f0590b9dbfad3fdec4ee714485b3eef211c9b32ee53d414060454a56c?s=96&d=mm&r=g\",\"url\":\"https:\/\/secure.gravatar.com\/avatar\/5ba2793f0590b9dbfad3fdec4ee714485b3eef211c9b32ee53d414060454a56c?s=96&d=mm&r=g\",\"contentUrl\":\"https:\/\/secure.gravatar.com\/avatar\/5ba2793f0590b9dbfad3fdec4ee714485b3eef211c9b32ee53d414060454a56c?s=96&d=mm&r=g\",\"caption\":\"Sodr\u00e9\"},\"sameAs\":[\"https:\/\/www.facebook.com\/carosroberto.sodre.5\/\"],\"url\":\"https:\/\/ubanews.com\/site\/author\/felipe\/\"}]}<\/script>\n<!-- \/ Yoast SEO plugin. -->","yoast_head_json":{"title":"VICE-PREFEITO E SECRET\u00c1RIOS ACOMPANHAM CANDIDATO A DEPUTADO FEDERAL \u00c0 FEIRA LIVRE - Ub\u00e1 News","robots":{"index":"index","follow":"follow","max-snippet":"max-snippet:-1","max-image-preview":"max-image-preview:large","max-video-preview":"max-video-preview:-1"},"canonical":"https:\/\/ubanews.com\/site\/2018\/09\/26\/vice-prefeito-e-secretarios-acompanham-candidato-a-deputado-federal-a-feira-livre\/","og_locale":"pt_BR","og_type":"article","og_title":"VICE-PREFEITO E SECRET\u00c1RIOS ACOMPANHAM CANDIDATO A DEPUTADO FEDERAL \u00c0 FEIRA LIVRE - Ub\u00e1 News","og_description":"Faltando 11 dias para as elei\u00e7\u00f5es o candidato a deputado","og_url":"https:\/\/ubanews.com\/site\/2018\/09\/26\/vice-prefeito-e-secretarios-acompanham-candidato-a-deputado-federal-a-feira-livre\/","og_site_name":"Ub\u00e1 News","article_publisher":"https:\/\/www.facebook.com\/Ub%c3%a1News-Carlos-Roberto-Sodr%c3%a9-418778301977370","article_author":"https:\/\/www.facebook.com\/carosroberto.sodre.5\/","article_published_time":"2018-09-26T18:54:18+00:00","article_modified_time":"2018-10-03T21:21:10+00:00","og_image":[{"width":800,"height":389,"url":"https:\/\/ubanews.com\/site\/wp-content\/uploads\/2018\/09\/DSC_8385-copiar.jpg","type":"image\/jpeg"}],"author":"Sodr\u00e9","twitter_card":"summary_large_image","twitter_misc":{"Escrito por":"Sodr\u00e9","Est. tempo de leitura":"2 minutos"},"schema":{"@context":"https:\/\/schema.org","@graph":[{"@type":"Article","@id":"https:\/\/ubanews.com\/site\/2018\/09\/26\/vice-prefeito-e-secretarios-acompanham-candidato-a-deputado-federal-a-feira-livre\/#article","isPartOf":{"@id":"https:\/\/ubanews.com\/site\/2018\/09\/26\/vice-prefeito-e-secretarios-acompanham-candidato-a-deputado-federal-a-feira-livre\/"},"author":{"name":"Sodr\u00e9","@id":"https:\/\/ubanews.com\/site\/#\/schema\/person\/d90c9e47252fbb63dcc969fe4c8b9d10"},"headline":"VICE-PREFEITO E SECRET\u00c1RIOS ACOMPANHAM CANDIDATO A DEPUTADO FEDERAL \u00c0 FEIRA LIVRE","datePublished":"2018-09-26T18:54:18+00:00","dateModified":"2018-10-03T21:21:10+00:00","mainEntityOfPage":{"@id":"https:\/\/ubanews.com\/site\/2018\/09\/26\/vice-prefeito-e-secretarios-acompanham-candidato-a-deputado-federal-a-feira-livre\/"},"wordCount":430,"commentCount":0,"publisher":{"@id":"https:\/\/ubanews.com\/site\/#organization"},"image":{"@id":"https:\/\/ubanews.com\/site\/2018\/09\/26\/vice-prefeito-e-secretarios-acompanham-candidato-a-deputado-federal-a-feira-livre\/#primaryimage"},"thumbnailUrl":"https:\/\/ubanews.com\/site\/wp-content\/uploads\/2018\/09\/DSC_8385-copiar.jpg","articleSection":["Geral"],"inLanguage":"pt-BR","potentialAction":[{"@type":"CommentAction","name":"Comment","target":["https:\/\/ubanews.com\/site\/2018\/09\/26\/vice-prefeito-e-secretarios-acompanham-candidato-a-deputado-federal-a-feira-livre\/#respond"]}]},{"@type":"WebPage","@id":"https:\/\/ubanews.com\/site\/2018\/09\/26\/vice-prefeito-e-secretarios-acompanham-candidato-a-deputado-federal-a-feira-livre\/","url":"https:\/\/ubanews.com\/site\/2018\/09\/26\/vice-prefeito-e-secretarios-acompanham-candidato-a-deputado-federal-a-feira-livre\/","name":"VICE-PREFEITO E SECRET\u00c1RIOS ACOMPANHAM CANDIDATO A DEPUTADO FEDERAL \u00c0 FEIRA LIVRE - Ub\u00e1 News","isPartOf":{"@id":"https:\/\/ubanews.com\/site\/#website"},"primaryImageOfPage":{"@id":"https:\/\/ubanews.com\/site\/2018\/09\/26\/vice-prefeito-e-secretarios-acompanham-candidato-a-deputado-federal-a-feira-livre\/#primaryimage"},"image":{"@id":"https:\/\/ubanews.com\/site\/2018\/09\/26\/vice-prefeito-e-secretarios-acompanham-candidato-a-deputado-federal-a-feira-livre\/#primaryimage"},"thumbnailUrl":"https:\/\/ubanews.com\/site\/wp-content\/uploads\/2018\/09\/DSC_8385-copiar.jpg","datePublished":"2018-09-26T18:54:18+00:00","dateModified":"2018-10-03T21:21:10+00:00","breadcrumb":{"@id":"https:\/\/ubanews.com\/site\/2018\/09\/26\/vice-prefeito-e-secretarios-acompanham-candidato-a-deputado-federal-a-feira-livre\/#breadcrumb"},"inLanguage":"pt-BR","potentialAction":[{"@type":"ReadAction","target":["https:\/\/ubanews.com\/site\/2018\/09\/26\/vice-prefeito-e-secretarios-acompanham-candidato-a-deputado-federal-a-feira-livre\/"]}]},{"@type":"ImageObject","inLanguage":"pt-BR","@id":"https:\/\/ubanews.com\/site\/2018\/09\/26\/vice-prefeito-e-secretarios-acompanham-candidato-a-deputado-federal-a-feira-livre\/#primaryimage","url":"https:\/\/ubanews.com\/site\/wp-content\/uploads\/2018\/09\/DSC_8385-copiar.jpg","contentUrl":"https:\/\/ubanews.com\/site\/wp-content\/uploads\/2018\/09\/DSC_8385-copiar.jpg","width":800,"height":389},{"@type":"BreadcrumbList","@id":"https:\/\/ubanews.com\/site\/2018\/09\/26\/vice-prefeito-e-secretarios-acompanham-candidato-a-deputado-federal-a-feira-livre\/#breadcrumb","itemListElement":[{"@type":"ListItem","position":1,"name":"Home","item":"https:\/\/ubanews.com\/site\/"},{"@type":"ListItem","position":2,"name":"VICE-PREFEITO E SECRET\u00c1RIOS ACOMPANHAM CANDIDATO A DEPUTADO FEDERAL \u00c0 FEIRA LIVRE"}]},{"@type":"WebSite","@id":"https:\/\/ubanews.com\/site\/#website","url":"https:\/\/ubanews.com\/site\/","name":"Ub\u00e1 News","description":"","publisher":{"@id":"https:\/\/ubanews.com\/site\/#organization"},"potentialAction":[{"@type":"SearchAction","target":{"@type":"EntryPoint","urlTemplate":"https:\/\/ubanews.com\/site\/?s={search_term_string}"},"query-input":{"@type":"PropertyValueSpecification","valueRequired":true,"valueName":"search_term_string"}}],"inLanguage":"pt-BR"},{"@type":"Organization","@id":"https:\/\/ubanews.com\/site\/#organization","name":"Ub\u00e1 News","url":"https:\/\/ubanews.com\/site\/","logo":{"@type":"ImageObject","inLanguage":"pt-BR","@id":"https:\/\/ubanews.com\/site\/#\/schema\/logo\/image\/","url":"https:\/\/ubanews.com\/site\/wp-content\/uploads\/2018\/01\/logoubanews.png","contentUrl":"https:\/\/ubanews.com\/site\/wp-content\/uploads\/2018\/01\/logoubanews.png","width":261,"height":99,"caption":"Ub\u00e1 News"},"image":{"@id":"https:\/\/ubanews.com\/site\/#\/schema\/logo\/image\/"},"sameAs":["https:\/\/www.facebook.com\/Ub\u00e1News-Carlos-Roberto-Sodr\u00e9-418778301977370"]},{"@type":"Person","@id":"https:\/\/ubanews.com\/site\/#\/schema\/person\/d90c9e47252fbb63dcc969fe4c8b9d10","name":"Sodr\u00e9","image":{"@type":"ImageObject","inLanguage":"pt-BR","@id":"https:\/\/secure.gravatar.com\/avatar\/5ba2793f0590b9dbfad3fdec4ee714485b3eef211c9b32ee53d414060454a56c?s=96&d=mm&r=g","url":"https:\/\/secure.gravatar.com\/avatar\/5ba2793f0590b9dbfad3fdec4ee714485b3eef211c9b32ee53d414060454a56c?s=96&d=mm&r=g","contentUrl":"https:\/\/secure.gravatar.com\/avatar\/5ba2793f0590b9dbfad3fdec4ee714485b3eef211c9b32ee53d414060454a56c?s=96&d=mm&r=g","caption":"Sodr\u00e9"},"sameAs":["https:\/\/www.facebook.com\/carosroberto.sodre.5\/"],"url":"https:\/\/ubanews.com\/site\/author\/felipe\/"}]}},"_links":{"self":[{"href":"https:\/\/ubanews.com\/site\/wp-json\/wp\/v2\/posts\/7679","targetHints":{"allow":["GET"]}}],"collection":[{"href":"https:\/\/ubanews.com\/site\/wp-json\/wp\/v2\/posts"}],"about":[{"href":"https:\/\/ubanews.com\/site\/wp-json\/wp\/v2\/types\/post"}],"author":[{"embeddable":true,"href":"https:\/\/ubanews.com\/site\/wp-json\/wp\/v2\/users\/2"}],"replies":[{"embeddable":true,"href":"https:\/\/ubanews.com\/site\/wp-json\/wp\/v2\/comments?post=7679"}],"version-history":[{"count":0,"href":"https:\/\/ubanews.com\/site\/wp-json\/wp\/v2\/posts\/7679\/revisions"}],"wp:featuredmedia":[{"embeddable":true,"href":"https:\/\/ubanews.com\/site\/wp-json\/wp\/v2\/media\/7680"}],"wp:attachment":[{"href":"https:\/\/ubanews.com\/site\/wp-json\/wp\/v2\/media?parent=7679"}],"wp:term":[{"taxonomy":"category","embeddable":true,"href":"https:\/\/ubanews.com\/site\/wp-json\/wp\/v2\/categories?post=7679"},{"taxonomy":"post_tag","embeddable":true,"href":"https:\/\/ubanews.com\/site\/wp-json\/wp\/v2\/tags?post=7679"}],"curies":[{"name":"wp","href":"https:\/\/api.w.org\/{rel}","templated":true}]}}