{"id":7635,"date":"2018-09-26T10:57:31","date_gmt":"2018-09-26T13:57:31","guid":{"rendered":"http:\/\/ubanews.com\/site\/?p=7635"},"modified":"2018-09-26T15:03:36","modified_gmt":"2018-09-26T18:03:36","slug":"tiros-de-arma-de-fogo-no-bairro-pires-da-luz-deixa-adolescente-ferido","status":"publish","type":"post","link":"https:\/\/ubanews.com\/site\/2018\/09\/26\/tiros-de-arma-de-fogo-no-bairro-pires-da-luz-deixa-adolescente-ferido\/","title":{"rendered":"Tiros com arma de fogo no bairro Pires da Luz deixa adolescente ferido"},"content":{"rendered":"<p><a href=\"https:\/\/ubanews.com\/site\/wp-content\/uploads\/2018\/09\/WhatsApp-Image-2018-09-25-at-18.00.48.jpeg\"><img decoding=\"async\" class=\"alignnone size-medium wp-image-7675 lazyload\" data-src=\"https:\/\/ubanews.com\/site\/wp-content\/uploads\/2018\/09\/WhatsApp-Image-2018-09-25-at-18.00.48-225x300.jpeg\" alt=\"\" width=\"225\" height=\"300\" data-srcset=\"https:\/\/ubanews.com\/site\/wp-content\/uploads\/2018\/09\/WhatsApp-Image-2018-09-25-at-18.00.48-225x300.jpeg 225w, https:\/\/ubanews.com\/site\/wp-content\/uploads\/2018\/09\/WhatsApp-Image-2018-09-25-at-18.00.48.jpeg 450w\" data-sizes=\"(max-width: 225px) 100vw, 225px\" src=\"data:image\/svg+xml;base64,PHN2ZyB3aWR0aD0iMSIgaGVpZ2h0PSIxIiB4bWxucz0iaHR0cDovL3d3dy53My5vcmcvMjAwMC9zdmciPjwvc3ZnPg==\" style=\"--smush-placeholder-width: 225px; --smush-placeholder-aspect-ratio: 225\/300;\" \/><\/a> <a href=\"https:\/\/ubanews.com\/site\/wp-content\/uploads\/2018\/09\/WhatsApp-Image-2018-09-25-at-18.01.34.jpeg\"><img decoding=\"async\" class=\"alignnone size-medium wp-image-7676 lazyload\" data-src=\"https:\/\/ubanews.com\/site\/wp-content\/uploads\/2018\/09\/WhatsApp-Image-2018-09-25-at-18.01.34-225x300.jpeg\" alt=\"\" width=\"225\" height=\"300\" data-srcset=\"https:\/\/ubanews.com\/site\/wp-content\/uploads\/2018\/09\/WhatsApp-Image-2018-09-25-at-18.01.34-225x300.jpeg 225w, https:\/\/ubanews.com\/site\/wp-content\/uploads\/2018\/09\/WhatsApp-Image-2018-09-25-at-18.01.34.jpeg 450w\" data-sizes=\"(max-width: 225px) 100vw, 225px\" src=\"data:image\/svg+xml;base64,PHN2ZyB3aWR0aD0iMSIgaGVpZ2h0PSIxIiB4bWxucz0iaHR0cDovL3d3dy53My5vcmcvMjAwMC9zdmciPjwvc3ZnPg==\" style=\"--smush-placeholder-width: 225px; --smush-placeholder-aspect-ratio: 225\/300;\" \/><\/a> <a href=\"https:\/\/ubanews.com\/site\/wp-content\/uploads\/2018\/09\/WhatsApp-Image-2018-09-25-at-19.00.09.jpeg\"><img decoding=\"async\" class=\"alignnone size-medium wp-image-7677 lazyload\" data-src=\"https:\/\/ubanews.com\/site\/wp-content\/uploads\/2018\/09\/WhatsApp-Image-2018-09-25-at-19.00.09-225x300.jpeg\" alt=\"\" width=\"225\" height=\"300\" data-srcset=\"https:\/\/ubanews.com\/site\/wp-content\/uploads\/2018\/09\/WhatsApp-Image-2018-09-25-at-19.00.09-225x300.jpeg 225w, https:\/\/ubanews.com\/site\/wp-content\/uploads\/2018\/09\/WhatsApp-Image-2018-09-25-at-19.00.09.jpeg 450w\" data-sizes=\"(max-width: 225px) 100vw, 225px\" src=\"data:image\/svg+xml;base64,PHN2ZyB3aWR0aD0iMSIgaGVpZ2h0PSIxIiB4bWxucz0iaHR0cDovL3d3dy53My5vcmcvMjAwMC9zdmciPjwvc3ZnPg==\" style=\"--smush-placeholder-width: 225px; --smush-placeholder-aspect-ratio: 225\/300;\" \/><\/a><\/p>\n<p>No dia 25 de setembro \u00e0s 19h a Pol\u00edcia Militar foi informada que teria corrido uma tentativa de homic\u00eddio na Av. Rubens Bai\u00e3o. Os militares compareceram ao hospital onde um adolescente de 17 anos havia dado entrada com ferimentos provenientes de arma de fogo. Em contato com a v\u00edtima e a testemunha, estas relataram que o adolescente estava nas proximidades da Escola Padre Jo\u00e3ozinho quando chegou uma motocicleta com dois ocupantes e estando com uma arma de fogo debaixo do bra\u00e7o, sendo que um deles seria Janderson Costa Silva de 18 anos, o qual efetuou seis disparos com um rev\u00f3lver, na dire\u00e7\u00e3o da v\u00edtima que foi atingida por tr\u00eas disparos, e que logo em seguida Janderson entregou a arma para um co-autor, identificado, que pulou o muro de sua resid\u00eancia, a fim de esconder a arma.<\/p>\n<p>De imediato os militares foram at\u00e9 a resid\u00eancia de Janderson, onde foram recebidos pelo genitor de Janderson que franqueou a entrada e ao ser procedida busca no quarto de Janderson foram encontrados: 01 dichavador de subst\u00e2ncia entorpecente, contendo em seu interior pequena quantidade de subst\u00e2ncia semelhante a maconha, 03 pinos vazios utilizados para embalar coca\u00edna, 01 balan\u00e7a de precis\u00e3o.<\/p>\n<p><a href=\"https:\/\/ubanews.com\/site\/wp-content\/uploads\/2018\/08\/ELETRO-SENA-AUTOMOTIVA-2.jpg\"><img decoding=\"async\" class=\"alignnone wp-image-7016 size-full lazyload\" data-src=\"https:\/\/ubanews.com\/site\/wp-content\/uploads\/2018\/08\/ELETRO-SENA-AUTOMOTIVA-2.jpg\" alt=\"\" width=\"800\" height=\"264\" data-srcset=\"https:\/\/ubanews.com\/site\/wp-content\/uploads\/2018\/08\/ELETRO-SENA-AUTOMOTIVA-2.jpg 800w, https:\/\/ubanews.com\/site\/wp-content\/uploads\/2018\/08\/ELETRO-SENA-AUTOMOTIVA-2-300x99.jpg 300w, https:\/\/ubanews.com\/site\/wp-content\/uploads\/2018\/08\/ELETRO-SENA-AUTOMOTIVA-2-768x253.jpg 768w\" data-sizes=\"(max-width: 800px) 100vw, 800px\" src=\"data:image\/svg+xml;base64,PHN2ZyB3aWR0aD0iMSIgaGVpZ2h0PSIxIiB4bWxucz0iaHR0cDovL3d3dy53My5vcmcvMjAwMC9zdmciPjwvc3ZnPg==\" style=\"--smush-placeholder-width: 800px; --smush-placeholder-aspect-ratio: 800\/264;\" \/><\/a><\/p>\n<p>Em continuidade as dilig\u00eancias os militares conseguiram encontrar Janderson que negou a autoria do crime.<\/p>\n<p>Durante o rastreamento e dilig\u00eancias os militares apuraram que Janderson desferiu os tiros contra o adolescente e outros tr\u00eas maiores, j\u00e1 identificados e qualificados no Boletim de ocorr\u00eancia, s\u00e3o co-autores do crime.<\/p>\n<p>Janderson Costa Silva foi preso e conduzido at\u00e9 a delegacia de Pol\u00edcia Civil com o Dichavador, a subst\u00e2ncia entorpecente, os pinos vazios e a balan\u00e7a de precis\u00e3o apreendidos.<\/p>\n<p><strong>Passagens policiais do adolescente de 17 anos, vitima:&nbsp;<\/strong>Tr\u00e1fico de drogas em 28\/08\/20007, 23\/07\/2017; furto em 18\/10\/2015; dano em 30\/11\/2017; homic\u00eddio em 28\/11\/2017<\/p>\n<p><strong>Passagens policiais de Janderson Costa Silva:&nbsp;<\/strong>Homic\u00eddio em 20\/03\/20188 e 05\/09\/2016, tr\u00e1fico de drogas em 24\/01\/20188<\/p>\n<p><strong>ASSESSORIA DE COMUNICA\u00c7\u00c3O ORGANIZACIONAL<\/strong><\/p>\n<p><strong><em>Vig\u00e9simo Primeiro Batalh\u00e3o de Pol\u00edcia Militar<\/em><\/strong><\/p>\n","protected":false},"excerpt":{"rendered":"<p>No dia 25 de setembro \u00e0s 19h a Pol\u00edcia Militar<\/p>\n","protected":false},"author":2,"featured_media":7637,"comment_status":"open","ping_status":"open","sticky":false,"template":"","format":"standard","meta":{"footnotes":""},"categories":[13],"tags":[],"class_list":["post-7635","post","type-post","status-publish","format-standard","has-post-thumbnail","hentry","category-sintese-das-ocorrencias"],"yoast_head":"<!-- This site is optimized with the Yoast SEO plugin v27.2 - https:\/\/yoast.com\/product\/yoast-seo-wordpress\/ -->\n<title>Tiros com arma de fogo no bairro Pires da Luz deixa adolescente ferido - Ub\u00e1 News<\/title>\n<meta name=\"robots\" content=\"index, follow, max-snippet:-1, max-image-preview:large, max-video-preview:-1\" \/>\n<link rel=\"canonical\" href=\"https:\/\/ubanews.com\/site\/2018\/09\/26\/tiros-de-arma-de-fogo-no-bairro-pires-da-luz-deixa-adolescente-ferido\/\" \/>\n<meta property=\"og:locale\" content=\"pt_BR\" \/>\n<meta property=\"og:type\" content=\"article\" \/>\n<meta property=\"og:title\" content=\"Tiros com arma de fogo no bairro Pires da Luz deixa adolescente ferido - Ub\u00e1 News\" \/>\n<meta property=\"og:description\" content=\"No dia 25 de setembro \u00e0s 19h a Pol\u00edcia Militar\" \/>\n<meta property=\"og:url\" content=\"https:\/\/ubanews.com\/site\/2018\/09\/26\/tiros-de-arma-de-fogo-no-bairro-pires-da-luz-deixa-adolescente-ferido\/\" \/>\n<meta property=\"og:site_name\" content=\"Ub\u00e1 News\" \/>\n<meta property=\"article:publisher\" content=\"https:\/\/www.facebook.com\/Ub%c3%a1News-Carlos-Roberto-Sodr%c3%a9-418778301977370\" \/>\n<meta property=\"article:author\" content=\"https:\/\/www.facebook.com\/carosroberto.sodre.5\/\" \/>\n<meta property=\"article:published_time\" content=\"2018-09-26T13:57:31+00:00\" \/>\n<meta property=\"article:modified_time\" content=\"2018-09-26T18:03:36+00:00\" \/>\n<meta property=\"og:image\" content=\"https:\/\/ubanews.com\/site\/wp-content\/uploads\/2018\/09\/Arma.jpg\" \/>\n\t<meta property=\"og:image:width\" content=\"800\" \/>\n\t<meta property=\"og:image:height\" content=\"389\" \/>\n\t<meta property=\"og:image:type\" content=\"image\/jpeg\" \/>\n<meta name=\"author\" content=\"Sodr\u00e9\" \/>\n<meta name=\"twitter:card\" content=\"summary_large_image\" \/>\n<meta name=\"twitter:label1\" content=\"Escrito por\" \/>\n\t<meta name=\"twitter:data1\" content=\"Sodr\u00e9\" \/>\n\t<meta name=\"twitter:label2\" content=\"Est. tempo de leitura\" \/>\n\t<meta name=\"twitter:data2\" content=\"2 minutos\" \/>\n<script type=\"application\/ld+json\" class=\"yoast-schema-graph\">{\"@context\":\"https:\/\/schema.org\",\"@graph\":[{\"@type\":\"Article\",\"@id\":\"https:\/\/ubanews.com\/site\/2018\/09\/26\/tiros-de-arma-de-fogo-no-bairro-pires-da-luz-deixa-adolescente-ferido\/#article\",\"isPartOf\":{\"@id\":\"https:\/\/ubanews.com\/site\/2018\/09\/26\/tiros-de-arma-de-fogo-no-bairro-pires-da-luz-deixa-adolescente-ferido\/\"},\"author\":{\"name\":\"Sodr\u00e9\",\"@id\":\"https:\/\/ubanews.com\/site\/#\/schema\/person\/d90c9e47252fbb63dcc969fe4c8b9d10\"},\"headline\":\"Tiros com arma de fogo no bairro Pires da Luz deixa adolescente ferido\",\"datePublished\":\"2018-09-26T13:57:31+00:00\",\"dateModified\":\"2018-09-26T18:03:36+00:00\",\"mainEntityOfPage\":{\"@id\":\"https:\/\/ubanews.com\/site\/2018\/09\/26\/tiros-de-arma-de-fogo-no-bairro-pires-da-luz-deixa-adolescente-ferido\/\"},\"wordCount\":353,\"commentCount\":0,\"publisher\":{\"@id\":\"https:\/\/ubanews.com\/site\/#organization\"},\"image\":{\"@id\":\"https:\/\/ubanews.com\/site\/2018\/09\/26\/tiros-de-arma-de-fogo-no-bairro-pires-da-luz-deixa-adolescente-ferido\/#primaryimage\"},\"thumbnailUrl\":\"https:\/\/ubanews.com\/site\/wp-content\/uploads\/2018\/09\/Arma.jpg\",\"articleSection\":[\"S\u00edntese das Ocorr\u00eancias\"],\"inLanguage\":\"pt-BR\",\"potentialAction\":[{\"@type\":\"CommentAction\",\"name\":\"Comment\",\"target\":[\"https:\/\/ubanews.com\/site\/2018\/09\/26\/tiros-de-arma-de-fogo-no-bairro-pires-da-luz-deixa-adolescente-ferido\/#respond\"]}]},{\"@type\":\"WebPage\",\"@id\":\"https:\/\/ubanews.com\/site\/2018\/09\/26\/tiros-de-arma-de-fogo-no-bairro-pires-da-luz-deixa-adolescente-ferido\/\",\"url\":\"https:\/\/ubanews.com\/site\/2018\/09\/26\/tiros-de-arma-de-fogo-no-bairro-pires-da-luz-deixa-adolescente-ferido\/\",\"name\":\"Tiros com arma de fogo no bairro Pires da Luz deixa adolescente ferido - Ub\u00e1 News\",\"isPartOf\":{\"@id\":\"https:\/\/ubanews.com\/site\/#website\"},\"primaryImageOfPage\":{\"@id\":\"https:\/\/ubanews.com\/site\/2018\/09\/26\/tiros-de-arma-de-fogo-no-bairro-pires-da-luz-deixa-adolescente-ferido\/#primaryimage\"},\"image\":{\"@id\":\"https:\/\/ubanews.com\/site\/2018\/09\/26\/tiros-de-arma-de-fogo-no-bairro-pires-da-luz-deixa-adolescente-ferido\/#primaryimage\"},\"thumbnailUrl\":\"https:\/\/ubanews.com\/site\/wp-content\/uploads\/2018\/09\/Arma.jpg\",\"datePublished\":\"2018-09-26T13:57:31+00:00\",\"dateModified\":\"2018-09-26T18:03:36+00:00\",\"breadcrumb\":{\"@id\":\"https:\/\/ubanews.com\/site\/2018\/09\/26\/tiros-de-arma-de-fogo-no-bairro-pires-da-luz-deixa-adolescente-ferido\/#breadcrumb\"},\"inLanguage\":\"pt-BR\",\"potentialAction\":[{\"@type\":\"ReadAction\",\"target\":[\"https:\/\/ubanews.com\/site\/2018\/09\/26\/tiros-de-arma-de-fogo-no-bairro-pires-da-luz-deixa-adolescente-ferido\/\"]}]},{\"@type\":\"ImageObject\",\"inLanguage\":\"pt-BR\",\"@id\":\"https:\/\/ubanews.com\/site\/2018\/09\/26\/tiros-de-arma-de-fogo-no-bairro-pires-da-luz-deixa-adolescente-ferido\/#primaryimage\",\"url\":\"https:\/\/ubanews.com\/site\/wp-content\/uploads\/2018\/09\/Arma.jpg\",\"contentUrl\":\"https:\/\/ubanews.com\/site\/wp-content\/uploads\/2018\/09\/Arma.jpg\",\"width\":800,\"height\":389},{\"@type\":\"BreadcrumbList\",\"@id\":\"https:\/\/ubanews.com\/site\/2018\/09\/26\/tiros-de-arma-de-fogo-no-bairro-pires-da-luz-deixa-adolescente-ferido\/#breadcrumb\",\"itemListElement\":[{\"@type\":\"ListItem\",\"position\":1,\"name\":\"Home\",\"item\":\"https:\/\/ubanews.com\/site\/\"},{\"@type\":\"ListItem\",\"position\":2,\"name\":\"Tiros com arma de fogo no bairro Pires da Luz deixa adolescente ferido\"}]},{\"@type\":\"WebSite\",\"@id\":\"https:\/\/ubanews.com\/site\/#website\",\"url\":\"https:\/\/ubanews.com\/site\/\",\"name\":\"Ub\u00e1 News\",\"description\":\"\",\"publisher\":{\"@id\":\"https:\/\/ubanews.com\/site\/#organization\"},\"potentialAction\":[{\"@type\":\"SearchAction\",\"target\":{\"@type\":\"EntryPoint\",\"urlTemplate\":\"https:\/\/ubanews.com\/site\/?s={search_term_string}\"},\"query-input\":{\"@type\":\"PropertyValueSpecification\",\"valueRequired\":true,\"valueName\":\"search_term_string\"}}],\"inLanguage\":\"pt-BR\"},{\"@type\":\"Organization\",\"@id\":\"https:\/\/ubanews.com\/site\/#organization\",\"name\":\"Ub\u00e1 News\",\"url\":\"https:\/\/ubanews.com\/site\/\",\"logo\":{\"@type\":\"ImageObject\",\"inLanguage\":\"pt-BR\",\"@id\":\"https:\/\/ubanews.com\/site\/#\/schema\/logo\/image\/\",\"url\":\"https:\/\/ubanews.com\/site\/wp-content\/uploads\/2018\/01\/logoubanews.png\",\"contentUrl\":\"https:\/\/ubanews.com\/site\/wp-content\/uploads\/2018\/01\/logoubanews.png\",\"width\":261,\"height\":99,\"caption\":\"Ub\u00e1 News\"},\"image\":{\"@id\":\"https:\/\/ubanews.com\/site\/#\/schema\/logo\/image\/\"},\"sameAs\":[\"https:\/\/www.facebook.com\/Ub\u00e1News-Carlos-Roberto-Sodr\u00e9-418778301977370\"]},{\"@type\":\"Person\",\"@id\":\"https:\/\/ubanews.com\/site\/#\/schema\/person\/d90c9e47252fbb63dcc969fe4c8b9d10\",\"name\":\"Sodr\u00e9\",\"image\":{\"@type\":\"ImageObject\",\"inLanguage\":\"pt-BR\",\"@id\":\"https:\/\/secure.gravatar.com\/avatar\/5ba2793f0590b9dbfad3fdec4ee714485b3eef211c9b32ee53d414060454a56c?s=96&d=mm&r=g\",\"url\":\"https:\/\/secure.gravatar.com\/avatar\/5ba2793f0590b9dbfad3fdec4ee714485b3eef211c9b32ee53d414060454a56c?s=96&d=mm&r=g\",\"contentUrl\":\"https:\/\/secure.gravatar.com\/avatar\/5ba2793f0590b9dbfad3fdec4ee714485b3eef211c9b32ee53d414060454a56c?s=96&d=mm&r=g\",\"caption\":\"Sodr\u00e9\"},\"sameAs\":[\"https:\/\/www.facebook.com\/carosroberto.sodre.5\/\"],\"url\":\"https:\/\/ubanews.com\/site\/author\/felipe\/\"}]}<\/script>\n<!-- \/ Yoast SEO plugin. -->","yoast_head_json":{"title":"Tiros com arma de fogo no bairro Pires da Luz deixa adolescente ferido - Ub\u00e1 News","robots":{"index":"index","follow":"follow","max-snippet":"max-snippet:-1","max-image-preview":"max-image-preview:large","max-video-preview":"max-video-preview:-1"},"canonical":"https:\/\/ubanews.com\/site\/2018\/09\/26\/tiros-de-arma-de-fogo-no-bairro-pires-da-luz-deixa-adolescente-ferido\/","og_locale":"pt_BR","og_type":"article","og_title":"Tiros com arma de fogo no bairro Pires da Luz deixa adolescente ferido - Ub\u00e1 News","og_description":"No dia 25 de setembro \u00e0s 19h a Pol\u00edcia Militar","og_url":"https:\/\/ubanews.com\/site\/2018\/09\/26\/tiros-de-arma-de-fogo-no-bairro-pires-da-luz-deixa-adolescente-ferido\/","og_site_name":"Ub\u00e1 News","article_publisher":"https:\/\/www.facebook.com\/Ub%c3%a1News-Carlos-Roberto-Sodr%c3%a9-418778301977370","article_author":"https:\/\/www.facebook.com\/carosroberto.sodre.5\/","article_published_time":"2018-09-26T13:57:31+00:00","article_modified_time":"2018-09-26T18:03:36+00:00","og_image":[{"width":800,"height":389,"url":"https:\/\/ubanews.com\/site\/wp-content\/uploads\/2018\/09\/Arma.jpg","type":"image\/jpeg"}],"author":"Sodr\u00e9","twitter_card":"summary_large_image","twitter_misc":{"Escrito por":"Sodr\u00e9","Est. tempo de leitura":"2 minutos"},"schema":{"@context":"https:\/\/schema.org","@graph":[{"@type":"Article","@id":"https:\/\/ubanews.com\/site\/2018\/09\/26\/tiros-de-arma-de-fogo-no-bairro-pires-da-luz-deixa-adolescente-ferido\/#article","isPartOf":{"@id":"https:\/\/ubanews.com\/site\/2018\/09\/26\/tiros-de-arma-de-fogo-no-bairro-pires-da-luz-deixa-adolescente-ferido\/"},"author":{"name":"Sodr\u00e9","@id":"https:\/\/ubanews.com\/site\/#\/schema\/person\/d90c9e47252fbb63dcc969fe4c8b9d10"},"headline":"Tiros com arma de fogo no bairro Pires da Luz deixa adolescente ferido","datePublished":"2018-09-26T13:57:31+00:00","dateModified":"2018-09-26T18:03:36+00:00","mainEntityOfPage":{"@id":"https:\/\/ubanews.com\/site\/2018\/09\/26\/tiros-de-arma-de-fogo-no-bairro-pires-da-luz-deixa-adolescente-ferido\/"},"wordCount":353,"commentCount":0,"publisher":{"@id":"https:\/\/ubanews.com\/site\/#organization"},"image":{"@id":"https:\/\/ubanews.com\/site\/2018\/09\/26\/tiros-de-arma-de-fogo-no-bairro-pires-da-luz-deixa-adolescente-ferido\/#primaryimage"},"thumbnailUrl":"https:\/\/ubanews.com\/site\/wp-content\/uploads\/2018\/09\/Arma.jpg","articleSection":["S\u00edntese das Ocorr\u00eancias"],"inLanguage":"pt-BR","potentialAction":[{"@type":"CommentAction","name":"Comment","target":["https:\/\/ubanews.com\/site\/2018\/09\/26\/tiros-de-arma-de-fogo-no-bairro-pires-da-luz-deixa-adolescente-ferido\/#respond"]}]},{"@type":"WebPage","@id":"https:\/\/ubanews.com\/site\/2018\/09\/26\/tiros-de-arma-de-fogo-no-bairro-pires-da-luz-deixa-adolescente-ferido\/","url":"https:\/\/ubanews.com\/site\/2018\/09\/26\/tiros-de-arma-de-fogo-no-bairro-pires-da-luz-deixa-adolescente-ferido\/","name":"Tiros com arma de fogo no bairro Pires da Luz deixa adolescente ferido - Ub\u00e1 News","isPartOf":{"@id":"https:\/\/ubanews.com\/site\/#website"},"primaryImageOfPage":{"@id":"https:\/\/ubanews.com\/site\/2018\/09\/26\/tiros-de-arma-de-fogo-no-bairro-pires-da-luz-deixa-adolescente-ferido\/#primaryimage"},"image":{"@id":"https:\/\/ubanews.com\/site\/2018\/09\/26\/tiros-de-arma-de-fogo-no-bairro-pires-da-luz-deixa-adolescente-ferido\/#primaryimage"},"thumbnailUrl":"https:\/\/ubanews.com\/site\/wp-content\/uploads\/2018\/09\/Arma.jpg","datePublished":"2018-09-26T13:57:31+00:00","dateModified":"2018-09-26T18:03:36+00:00","breadcrumb":{"@id":"https:\/\/ubanews.com\/site\/2018\/09\/26\/tiros-de-arma-de-fogo-no-bairro-pires-da-luz-deixa-adolescente-ferido\/#breadcrumb"},"inLanguage":"pt-BR","potentialAction":[{"@type":"ReadAction","target":["https:\/\/ubanews.com\/site\/2018\/09\/26\/tiros-de-arma-de-fogo-no-bairro-pires-da-luz-deixa-adolescente-ferido\/"]}]},{"@type":"ImageObject","inLanguage":"pt-BR","@id":"https:\/\/ubanews.com\/site\/2018\/09\/26\/tiros-de-arma-de-fogo-no-bairro-pires-da-luz-deixa-adolescente-ferido\/#primaryimage","url":"https:\/\/ubanews.com\/site\/wp-content\/uploads\/2018\/09\/Arma.jpg","contentUrl":"https:\/\/ubanews.com\/site\/wp-content\/uploads\/2018\/09\/Arma.jpg","width":800,"height":389},{"@type":"BreadcrumbList","@id":"https:\/\/ubanews.com\/site\/2018\/09\/26\/tiros-de-arma-de-fogo-no-bairro-pires-da-luz-deixa-adolescente-ferido\/#breadcrumb","itemListElement":[{"@type":"ListItem","position":1,"name":"Home","item":"https:\/\/ubanews.com\/site\/"},{"@type":"ListItem","position":2,"name":"Tiros com arma de fogo no bairro Pires da Luz deixa adolescente ferido"}]},{"@type":"WebSite","@id":"https:\/\/ubanews.com\/site\/#website","url":"https:\/\/ubanews.com\/site\/","name":"Ub\u00e1 News","description":"","publisher":{"@id":"https:\/\/ubanews.com\/site\/#organization"},"potentialAction":[{"@type":"SearchAction","target":{"@type":"EntryPoint","urlTemplate":"https:\/\/ubanews.com\/site\/?s={search_term_string}"},"query-input":{"@type":"PropertyValueSpecification","valueRequired":true,"valueName":"search_term_string"}}],"inLanguage":"pt-BR"},{"@type":"Organization","@id":"https:\/\/ubanews.com\/site\/#organization","name":"Ub\u00e1 News","url":"https:\/\/ubanews.com\/site\/","logo":{"@type":"ImageObject","inLanguage":"pt-BR","@id":"https:\/\/ubanews.com\/site\/#\/schema\/logo\/image\/","url":"https:\/\/ubanews.com\/site\/wp-content\/uploads\/2018\/01\/logoubanews.png","contentUrl":"https:\/\/ubanews.com\/site\/wp-content\/uploads\/2018\/01\/logoubanews.png","width":261,"height":99,"caption":"Ub\u00e1 News"},"image":{"@id":"https:\/\/ubanews.com\/site\/#\/schema\/logo\/image\/"},"sameAs":["https:\/\/www.facebook.com\/Ub\u00e1News-Carlos-Roberto-Sodr\u00e9-418778301977370"]},{"@type":"Person","@id":"https:\/\/ubanews.com\/site\/#\/schema\/person\/d90c9e47252fbb63dcc969fe4c8b9d10","name":"Sodr\u00e9","image":{"@type":"ImageObject","inLanguage":"pt-BR","@id":"https:\/\/secure.gravatar.com\/avatar\/5ba2793f0590b9dbfad3fdec4ee714485b3eef211c9b32ee53d414060454a56c?s=96&d=mm&r=g","url":"https:\/\/secure.gravatar.com\/avatar\/5ba2793f0590b9dbfad3fdec4ee714485b3eef211c9b32ee53d414060454a56c?s=96&d=mm&r=g","contentUrl":"https:\/\/secure.gravatar.com\/avatar\/5ba2793f0590b9dbfad3fdec4ee714485b3eef211c9b32ee53d414060454a56c?s=96&d=mm&r=g","caption":"Sodr\u00e9"},"sameAs":["https:\/\/www.facebook.com\/carosroberto.sodre.5\/"],"url":"https:\/\/ubanews.com\/site\/author\/felipe\/"}]}},"_links":{"self":[{"href":"https:\/\/ubanews.com\/site\/wp-json\/wp\/v2\/posts\/7635","targetHints":{"allow":["GET"]}}],"collection":[{"href":"https:\/\/ubanews.com\/site\/wp-json\/wp\/v2\/posts"}],"about":[{"href":"https:\/\/ubanews.com\/site\/wp-json\/wp\/v2\/types\/post"}],"author":[{"embeddable":true,"href":"https:\/\/ubanews.com\/site\/wp-json\/wp\/v2\/users\/2"}],"replies":[{"embeddable":true,"href":"https:\/\/ubanews.com\/site\/wp-json\/wp\/v2\/comments?post=7635"}],"version-history":[{"count":0,"href":"https:\/\/ubanews.com\/site\/wp-json\/wp\/v2\/posts\/7635\/revisions"}],"wp:featuredmedia":[{"embeddable":true,"href":"https:\/\/ubanews.com\/site\/wp-json\/wp\/v2\/media\/7637"}],"wp:attachment":[{"href":"https:\/\/ubanews.com\/site\/wp-json\/wp\/v2\/media?parent=7635"}],"wp:term":[{"taxonomy":"category","embeddable":true,"href":"https:\/\/ubanews.com\/site\/wp-json\/wp\/v2\/categories?post=7635"},{"taxonomy":"post_tag","embeddable":true,"href":"https:\/\/ubanews.com\/site\/wp-json\/wp\/v2\/tags?post=7635"}],"curies":[{"name":"wp","href":"https:\/\/api.w.org\/{rel}","templated":true}]}}