{"id":7628,"date":"2018-09-25T15:57:10","date_gmt":"2018-09-25T18:57:10","guid":{"rendered":"http:\/\/ubanews.com\/site\/?p=7628"},"modified":"2018-09-26T10:35:36","modified_gmt":"2018-09-26T13:35:36","slug":"professora-patrizia-mello-coelho-apresenta-aula-de-biologia-para-os-alunos-do-pre-enem-social","status":"publish","type":"post","link":"https:\/\/ubanews.com\/site\/2018\/09\/25\/professora-patrizia-mello-coelho-apresenta-aula-de-biologia-para-os-alunos-do-pre-enem-social\/","title":{"rendered":"Professora Patrizia Mello Coelho apresenta aula de Biologia para os alunos do Pr\u00e9-Enem Social"},"content":{"rendered":"<p>A professora Patrizia Mello Coelho convida-os a estar presentes na sua aula de Biologia neste s\u00e1bado (29).<br \/>\n<a href=\"https:\/\/ubanews.com\/site\/wp-content\/uploads\/2018\/08\/ELETRO-SENA-AUTOMOTIVA-2.jpg\"><img decoding=\"async\" class=\"alignnone wp-image-7016 size-full lazyload\" data-src=\"https:\/\/ubanews.com\/site\/wp-content\/uploads\/2018\/08\/ELETRO-SENA-AUTOMOTIVA-2.jpg\" alt=\"\" width=\"800\" height=\"264\" data-srcset=\"https:\/\/ubanews.com\/site\/wp-content\/uploads\/2018\/08\/ELETRO-SENA-AUTOMOTIVA-2.jpg 800w, https:\/\/ubanews.com\/site\/wp-content\/uploads\/2018\/08\/ELETRO-SENA-AUTOMOTIVA-2-300x99.jpg 300w, https:\/\/ubanews.com\/site\/wp-content\/uploads\/2018\/08\/ELETRO-SENA-AUTOMOTIVA-2-768x253.jpg 768w\" data-sizes=\"(max-width: 800px) 100vw, 800px\" src=\"data:image\/svg+xml;base64,PHN2ZyB3aWR0aD0iMSIgaGVpZ2h0PSIxIiB4bWxucz0iaHR0cDovL3d3dy53My5vcmcvMjAwMC9zdmciPjwvc3ZnPg==\" style=\"--smush-placeholder-width: 800px; --smush-placeholder-aspect-ratio: 800\/264;\" \/><\/a><br \/>\nPatrizia \u00e9 graduada em Odontologia pela UFJF (1994), graduada em Licenciatura Plena em Ci\u00eancias Habilita\u00e7\u00e3o em Biologia pela Faculdade da Regi\u00e3o dos Lagos (2000) e Mestrado em Biologia Celular e Estrutural pela UFV (2007). Est\u00e1 atualmente cursando doutorado em Biologia Celular e Estrutural na UFV (in\u00edcio 2014). \u00e9 Professora Efetiva da Educa\u00e7\u00e3o B\u00e1sica, T\u00e9cnica e Tecnol\u00f3gica do Instituto Federal Sudeste de Minas Gerais &#8211; Campus Rio Pomba.<\/p>\n<p><iframe style=\"border: none; overflow: hidden;\" data-src=\"https:\/\/www.facebook.com\/plugins\/video.php?href=https%3A%2F%2Fwww.facebook.com%2FCamaraMunicipalDeUba%2Fvideos%2F175767293315319%2F&amp;show_text=0&amp;width=560\" width=\"560\" height=\"308\" frameborder=\"0\" scrolling=\"no\" allowfullscreen=\"allowfullscreen\" src=\"data:image\/svg+xml;base64,PHN2ZyB3aWR0aD0iMSIgaGVpZ2h0PSIxIiB4bWxucz0iaHR0cDovL3d3dy53My5vcmcvMjAwMC9zdmciPjwvc3ZnPg==\" class=\"lazyload\" data-load-mode=\"1\"><\/iframe><\/p>\n<p><strong>Assessoria de Comunica\u00e7\u00e3o C\u00e2mara Municipal de Ub\u00e1<\/strong><\/p>\n","protected":false},"excerpt":{"rendered":"<p>A professora Patrizia Mello Coelho convida-os a estar presentes na<\/p>\n","protected":false},"author":2,"featured_media":4630,"comment_status":"open","ping_status":"open","sticky":false,"template":"","format":"standard","meta":{"footnotes":""},"categories":[16],"tags":[],"class_list":["post-7628","post","type-post","status-publish","format-standard","has-post-thumbnail","hentry","category-camara-municipal"],"yoast_head":"<!-- This site is optimized with the Yoast SEO plugin v27.2 - https:\/\/yoast.com\/product\/yoast-seo-wordpress\/ -->\n<title>Professora Patrizia Mello Coelho apresenta aula de Biologia para os alunos do Pr\u00e9-Enem Social - Ub\u00e1 News<\/title>\n<meta name=\"robots\" content=\"index, follow, max-snippet:-1, max-image-preview:large, max-video-preview:-1\" \/>\n<link rel=\"canonical\" href=\"https:\/\/ubanews.com\/site\/2018\/09\/25\/professora-patrizia-mello-coelho-apresenta-aula-de-biologia-para-os-alunos-do-pre-enem-social\/\" \/>\n<meta property=\"og:locale\" content=\"pt_BR\" \/>\n<meta property=\"og:type\" content=\"article\" \/>\n<meta property=\"og:title\" content=\"Professora Patrizia Mello Coelho apresenta aula de Biologia para os alunos do Pr\u00e9-Enem Social - Ub\u00e1 News\" \/>\n<meta property=\"og:description\" content=\"A professora Patrizia Mello Coelho convida-os a estar presentes na\" \/>\n<meta property=\"og:url\" content=\"https:\/\/ubanews.com\/site\/2018\/09\/25\/professora-patrizia-mello-coelho-apresenta-aula-de-biologia-para-os-alunos-do-pre-enem-social\/\" \/>\n<meta property=\"og:site_name\" content=\"Ub\u00e1 News\" \/>\n<meta property=\"article:publisher\" content=\"https:\/\/www.facebook.com\/Ub%c3%a1News-Carlos-Roberto-Sodr%c3%a9-418778301977370\" \/>\n<meta property=\"article:author\" content=\"https:\/\/www.facebook.com\/carosroberto.sodre.5\/\" \/>\n<meta property=\"article:published_time\" content=\"2018-09-25T18:57:10+00:00\" \/>\n<meta property=\"article:modified_time\" content=\"2018-09-26T13:35:36+00:00\" \/>\n<meta property=\"og:image\" content=\"https:\/\/ubanews.com\/site\/wp-content\/uploads\/2018\/06\/c\u00e2mara-municipal-logo.jpg\" \/>\n\t<meta property=\"og:image:width\" content=\"800\" \/>\n\t<meta property=\"og:image:height\" content=\"445\" \/>\n\t<meta property=\"og:image:type\" content=\"image\/jpeg\" \/>\n<meta name=\"author\" content=\"Sodr\u00e9\" \/>\n<meta name=\"twitter:card\" content=\"summary_large_image\" \/>\n<meta name=\"twitter:label1\" content=\"Escrito por\" \/>\n\t<meta name=\"twitter:data1\" content=\"Sodr\u00e9\" \/>\n<script type=\"application\/ld+json\" class=\"yoast-schema-graph\">{\"@context\":\"https:\/\/schema.org\",\"@graph\":[{\"@type\":\"Article\",\"@id\":\"https:\/\/ubanews.com\/site\/2018\/09\/25\/professora-patrizia-mello-coelho-apresenta-aula-de-biologia-para-os-alunos-do-pre-enem-social\/#article\",\"isPartOf\":{\"@id\":\"https:\/\/ubanews.com\/site\/2018\/09\/25\/professora-patrizia-mello-coelho-apresenta-aula-de-biologia-para-os-alunos-do-pre-enem-social\/\"},\"author\":{\"name\":\"Sodr\u00e9\",\"@id\":\"https:\/\/ubanews.com\/site\/#\/schema\/person\/d90c9e47252fbb63dcc969fe4c8b9d10\"},\"headline\":\"Professora Patrizia Mello Coelho apresenta aula de Biologia para os alunos do Pr\u00e9-Enem Social\",\"datePublished\":\"2018-09-25T18:57:10+00:00\",\"dateModified\":\"2018-09-26T13:35:36+00:00\",\"mainEntityOfPage\":{\"@id\":\"https:\/\/ubanews.com\/site\/2018\/09\/25\/professora-patrizia-mello-coelho-apresenta-aula-de-biologia-para-os-alunos-do-pre-enem-social\/\"},\"wordCount\":110,\"commentCount\":0,\"publisher\":{\"@id\":\"https:\/\/ubanews.com\/site\/#organization\"},\"image\":{\"@id\":\"https:\/\/ubanews.com\/site\/2018\/09\/25\/professora-patrizia-mello-coelho-apresenta-aula-de-biologia-para-os-alunos-do-pre-enem-social\/#primaryimage\"},\"thumbnailUrl\":\"https:\/\/ubanews.com\/site\/wp-content\/uploads\/2018\/06\/c\u00e2mara-municipal-logo.jpg\",\"articleSection\":[\"C\u00e2mara Municipal\"],\"inLanguage\":\"pt-BR\",\"potentialAction\":[{\"@type\":\"CommentAction\",\"name\":\"Comment\",\"target\":[\"https:\/\/ubanews.com\/site\/2018\/09\/25\/professora-patrizia-mello-coelho-apresenta-aula-de-biologia-para-os-alunos-do-pre-enem-social\/#respond\"]}]},{\"@type\":\"WebPage\",\"@id\":\"https:\/\/ubanews.com\/site\/2018\/09\/25\/professora-patrizia-mello-coelho-apresenta-aula-de-biologia-para-os-alunos-do-pre-enem-social\/\",\"url\":\"https:\/\/ubanews.com\/site\/2018\/09\/25\/professora-patrizia-mello-coelho-apresenta-aula-de-biologia-para-os-alunos-do-pre-enem-social\/\",\"name\":\"Professora Patrizia Mello Coelho apresenta aula de Biologia para os alunos do Pr\u00e9-Enem Social - Ub\u00e1 News\",\"isPartOf\":{\"@id\":\"https:\/\/ubanews.com\/site\/#website\"},\"primaryImageOfPage\":{\"@id\":\"https:\/\/ubanews.com\/site\/2018\/09\/25\/professora-patrizia-mello-coelho-apresenta-aula-de-biologia-para-os-alunos-do-pre-enem-social\/#primaryimage\"},\"image\":{\"@id\":\"https:\/\/ubanews.com\/site\/2018\/09\/25\/professora-patrizia-mello-coelho-apresenta-aula-de-biologia-para-os-alunos-do-pre-enem-social\/#primaryimage\"},\"thumbnailUrl\":\"https:\/\/ubanews.com\/site\/wp-content\/uploads\/2018\/06\/c\u00e2mara-municipal-logo.jpg\",\"datePublished\":\"2018-09-25T18:57:10+00:00\",\"dateModified\":\"2018-09-26T13:35:36+00:00\",\"breadcrumb\":{\"@id\":\"https:\/\/ubanews.com\/site\/2018\/09\/25\/professora-patrizia-mello-coelho-apresenta-aula-de-biologia-para-os-alunos-do-pre-enem-social\/#breadcrumb\"},\"inLanguage\":\"pt-BR\",\"potentialAction\":[{\"@type\":\"ReadAction\",\"target\":[\"https:\/\/ubanews.com\/site\/2018\/09\/25\/professora-patrizia-mello-coelho-apresenta-aula-de-biologia-para-os-alunos-do-pre-enem-social\/\"]}]},{\"@type\":\"ImageObject\",\"inLanguage\":\"pt-BR\",\"@id\":\"https:\/\/ubanews.com\/site\/2018\/09\/25\/professora-patrizia-mello-coelho-apresenta-aula-de-biologia-para-os-alunos-do-pre-enem-social\/#primaryimage\",\"url\":\"https:\/\/ubanews.com\/site\/wp-content\/uploads\/2018\/06\/c\u00e2mara-municipal-logo.jpg\",\"contentUrl\":\"https:\/\/ubanews.com\/site\/wp-content\/uploads\/2018\/06\/c\u00e2mara-municipal-logo.jpg\",\"width\":800,\"height\":445},{\"@type\":\"BreadcrumbList\",\"@id\":\"https:\/\/ubanews.com\/site\/2018\/09\/25\/professora-patrizia-mello-coelho-apresenta-aula-de-biologia-para-os-alunos-do-pre-enem-social\/#breadcrumb\",\"itemListElement\":[{\"@type\":\"ListItem\",\"position\":1,\"name\":\"Home\",\"item\":\"https:\/\/ubanews.com\/site\/\"},{\"@type\":\"ListItem\",\"position\":2,\"name\":\"Professora Patrizia Mello Coelho apresenta aula de Biologia para os alunos do Pr\u00e9-Enem Social\"}]},{\"@type\":\"WebSite\",\"@id\":\"https:\/\/ubanews.com\/site\/#website\",\"url\":\"https:\/\/ubanews.com\/site\/\",\"name\":\"Ub\u00e1 News\",\"description\":\"\",\"publisher\":{\"@id\":\"https:\/\/ubanews.com\/site\/#organization\"},\"potentialAction\":[{\"@type\":\"SearchAction\",\"target\":{\"@type\":\"EntryPoint\",\"urlTemplate\":\"https:\/\/ubanews.com\/site\/?s={search_term_string}\"},\"query-input\":{\"@type\":\"PropertyValueSpecification\",\"valueRequired\":true,\"valueName\":\"search_term_string\"}}],\"inLanguage\":\"pt-BR\"},{\"@type\":\"Organization\",\"@id\":\"https:\/\/ubanews.com\/site\/#organization\",\"name\":\"Ub\u00e1 News\",\"url\":\"https:\/\/ubanews.com\/site\/\",\"logo\":{\"@type\":\"ImageObject\",\"inLanguage\":\"pt-BR\",\"@id\":\"https:\/\/ubanews.com\/site\/#\/schema\/logo\/image\/\",\"url\":\"https:\/\/ubanews.com\/site\/wp-content\/uploads\/2018\/01\/logoubanews.png\",\"contentUrl\":\"https:\/\/ubanews.com\/site\/wp-content\/uploads\/2018\/01\/logoubanews.png\",\"width\":261,\"height\":99,\"caption\":\"Ub\u00e1 News\"},\"image\":{\"@id\":\"https:\/\/ubanews.com\/site\/#\/schema\/logo\/image\/\"},\"sameAs\":[\"https:\/\/www.facebook.com\/Ub\u00e1News-Carlos-Roberto-Sodr\u00e9-418778301977370\"]},{\"@type\":\"Person\",\"@id\":\"https:\/\/ubanews.com\/site\/#\/schema\/person\/d90c9e47252fbb63dcc969fe4c8b9d10\",\"name\":\"Sodr\u00e9\",\"image\":{\"@type\":\"ImageObject\",\"inLanguage\":\"pt-BR\",\"@id\":\"https:\/\/secure.gravatar.com\/avatar\/5ba2793f0590b9dbfad3fdec4ee714485b3eef211c9b32ee53d414060454a56c?s=96&d=mm&r=g\",\"url\":\"https:\/\/secure.gravatar.com\/avatar\/5ba2793f0590b9dbfad3fdec4ee714485b3eef211c9b32ee53d414060454a56c?s=96&d=mm&r=g\",\"contentUrl\":\"https:\/\/secure.gravatar.com\/avatar\/5ba2793f0590b9dbfad3fdec4ee714485b3eef211c9b32ee53d414060454a56c?s=96&d=mm&r=g\",\"caption\":\"Sodr\u00e9\"},\"sameAs\":[\"https:\/\/www.facebook.com\/carosroberto.sodre.5\/\"],\"url\":\"https:\/\/ubanews.com\/site\/author\/felipe\/\"}]}<\/script>\n<!-- \/ Yoast SEO plugin. -->","yoast_head_json":{"title":"Professora Patrizia Mello Coelho apresenta aula de Biologia para os alunos do Pr\u00e9-Enem Social - Ub\u00e1 News","robots":{"index":"index","follow":"follow","max-snippet":"max-snippet:-1","max-image-preview":"max-image-preview:large","max-video-preview":"max-video-preview:-1"},"canonical":"https:\/\/ubanews.com\/site\/2018\/09\/25\/professora-patrizia-mello-coelho-apresenta-aula-de-biologia-para-os-alunos-do-pre-enem-social\/","og_locale":"pt_BR","og_type":"article","og_title":"Professora Patrizia Mello Coelho apresenta aula de Biologia para os alunos do Pr\u00e9-Enem Social - Ub\u00e1 News","og_description":"A professora Patrizia Mello Coelho convida-os a estar presentes na","og_url":"https:\/\/ubanews.com\/site\/2018\/09\/25\/professora-patrizia-mello-coelho-apresenta-aula-de-biologia-para-os-alunos-do-pre-enem-social\/","og_site_name":"Ub\u00e1 News","article_publisher":"https:\/\/www.facebook.com\/Ub%c3%a1News-Carlos-Roberto-Sodr%c3%a9-418778301977370","article_author":"https:\/\/www.facebook.com\/carosroberto.sodre.5\/","article_published_time":"2018-09-25T18:57:10+00:00","article_modified_time":"2018-09-26T13:35:36+00:00","og_image":[{"width":800,"height":445,"url":"https:\/\/ubanews.com\/site\/wp-content\/uploads\/2018\/06\/c\u00e2mara-municipal-logo.jpg","type":"image\/jpeg"}],"author":"Sodr\u00e9","twitter_card":"summary_large_image","twitter_misc":{"Escrito por":"Sodr\u00e9"},"schema":{"@context":"https:\/\/schema.org","@graph":[{"@type":"Article","@id":"https:\/\/ubanews.com\/site\/2018\/09\/25\/professora-patrizia-mello-coelho-apresenta-aula-de-biologia-para-os-alunos-do-pre-enem-social\/#article","isPartOf":{"@id":"https:\/\/ubanews.com\/site\/2018\/09\/25\/professora-patrizia-mello-coelho-apresenta-aula-de-biologia-para-os-alunos-do-pre-enem-social\/"},"author":{"name":"Sodr\u00e9","@id":"https:\/\/ubanews.com\/site\/#\/schema\/person\/d90c9e47252fbb63dcc969fe4c8b9d10"},"headline":"Professora Patrizia Mello Coelho apresenta aula de Biologia para os alunos do Pr\u00e9-Enem Social","datePublished":"2018-09-25T18:57:10+00:00","dateModified":"2018-09-26T13:35:36+00:00","mainEntityOfPage":{"@id":"https:\/\/ubanews.com\/site\/2018\/09\/25\/professora-patrizia-mello-coelho-apresenta-aula-de-biologia-para-os-alunos-do-pre-enem-social\/"},"wordCount":110,"commentCount":0,"publisher":{"@id":"https:\/\/ubanews.com\/site\/#organization"},"image":{"@id":"https:\/\/ubanews.com\/site\/2018\/09\/25\/professora-patrizia-mello-coelho-apresenta-aula-de-biologia-para-os-alunos-do-pre-enem-social\/#primaryimage"},"thumbnailUrl":"https:\/\/ubanews.com\/site\/wp-content\/uploads\/2018\/06\/c\u00e2mara-municipal-logo.jpg","articleSection":["C\u00e2mara Municipal"],"inLanguage":"pt-BR","potentialAction":[{"@type":"CommentAction","name":"Comment","target":["https:\/\/ubanews.com\/site\/2018\/09\/25\/professora-patrizia-mello-coelho-apresenta-aula-de-biologia-para-os-alunos-do-pre-enem-social\/#respond"]}]},{"@type":"WebPage","@id":"https:\/\/ubanews.com\/site\/2018\/09\/25\/professora-patrizia-mello-coelho-apresenta-aula-de-biologia-para-os-alunos-do-pre-enem-social\/","url":"https:\/\/ubanews.com\/site\/2018\/09\/25\/professora-patrizia-mello-coelho-apresenta-aula-de-biologia-para-os-alunos-do-pre-enem-social\/","name":"Professora Patrizia Mello Coelho apresenta aula de Biologia para os alunos do Pr\u00e9-Enem Social - Ub\u00e1 News","isPartOf":{"@id":"https:\/\/ubanews.com\/site\/#website"},"primaryImageOfPage":{"@id":"https:\/\/ubanews.com\/site\/2018\/09\/25\/professora-patrizia-mello-coelho-apresenta-aula-de-biologia-para-os-alunos-do-pre-enem-social\/#primaryimage"},"image":{"@id":"https:\/\/ubanews.com\/site\/2018\/09\/25\/professora-patrizia-mello-coelho-apresenta-aula-de-biologia-para-os-alunos-do-pre-enem-social\/#primaryimage"},"thumbnailUrl":"https:\/\/ubanews.com\/site\/wp-content\/uploads\/2018\/06\/c\u00e2mara-municipal-logo.jpg","datePublished":"2018-09-25T18:57:10+00:00","dateModified":"2018-09-26T13:35:36+00:00","breadcrumb":{"@id":"https:\/\/ubanews.com\/site\/2018\/09\/25\/professora-patrizia-mello-coelho-apresenta-aula-de-biologia-para-os-alunos-do-pre-enem-social\/#breadcrumb"},"inLanguage":"pt-BR","potentialAction":[{"@type":"ReadAction","target":["https:\/\/ubanews.com\/site\/2018\/09\/25\/professora-patrizia-mello-coelho-apresenta-aula-de-biologia-para-os-alunos-do-pre-enem-social\/"]}]},{"@type":"ImageObject","inLanguage":"pt-BR","@id":"https:\/\/ubanews.com\/site\/2018\/09\/25\/professora-patrizia-mello-coelho-apresenta-aula-de-biologia-para-os-alunos-do-pre-enem-social\/#primaryimage","url":"https:\/\/ubanews.com\/site\/wp-content\/uploads\/2018\/06\/c\u00e2mara-municipal-logo.jpg","contentUrl":"https:\/\/ubanews.com\/site\/wp-content\/uploads\/2018\/06\/c\u00e2mara-municipal-logo.jpg","width":800,"height":445},{"@type":"BreadcrumbList","@id":"https:\/\/ubanews.com\/site\/2018\/09\/25\/professora-patrizia-mello-coelho-apresenta-aula-de-biologia-para-os-alunos-do-pre-enem-social\/#breadcrumb","itemListElement":[{"@type":"ListItem","position":1,"name":"Home","item":"https:\/\/ubanews.com\/site\/"},{"@type":"ListItem","position":2,"name":"Professora Patrizia Mello Coelho apresenta aula de Biologia para os alunos do Pr\u00e9-Enem Social"}]},{"@type":"WebSite","@id":"https:\/\/ubanews.com\/site\/#website","url":"https:\/\/ubanews.com\/site\/","name":"Ub\u00e1 News","description":"","publisher":{"@id":"https:\/\/ubanews.com\/site\/#organization"},"potentialAction":[{"@type":"SearchAction","target":{"@type":"EntryPoint","urlTemplate":"https:\/\/ubanews.com\/site\/?s={search_term_string}"},"query-input":{"@type":"PropertyValueSpecification","valueRequired":true,"valueName":"search_term_string"}}],"inLanguage":"pt-BR"},{"@type":"Organization","@id":"https:\/\/ubanews.com\/site\/#organization","name":"Ub\u00e1 News","url":"https:\/\/ubanews.com\/site\/","logo":{"@type":"ImageObject","inLanguage":"pt-BR","@id":"https:\/\/ubanews.com\/site\/#\/schema\/logo\/image\/","url":"https:\/\/ubanews.com\/site\/wp-content\/uploads\/2018\/01\/logoubanews.png","contentUrl":"https:\/\/ubanews.com\/site\/wp-content\/uploads\/2018\/01\/logoubanews.png","width":261,"height":99,"caption":"Ub\u00e1 News"},"image":{"@id":"https:\/\/ubanews.com\/site\/#\/schema\/logo\/image\/"},"sameAs":["https:\/\/www.facebook.com\/Ub\u00e1News-Carlos-Roberto-Sodr\u00e9-418778301977370"]},{"@type":"Person","@id":"https:\/\/ubanews.com\/site\/#\/schema\/person\/d90c9e47252fbb63dcc969fe4c8b9d10","name":"Sodr\u00e9","image":{"@type":"ImageObject","inLanguage":"pt-BR","@id":"https:\/\/secure.gravatar.com\/avatar\/5ba2793f0590b9dbfad3fdec4ee714485b3eef211c9b32ee53d414060454a56c?s=96&d=mm&r=g","url":"https:\/\/secure.gravatar.com\/avatar\/5ba2793f0590b9dbfad3fdec4ee714485b3eef211c9b32ee53d414060454a56c?s=96&d=mm&r=g","contentUrl":"https:\/\/secure.gravatar.com\/avatar\/5ba2793f0590b9dbfad3fdec4ee714485b3eef211c9b32ee53d414060454a56c?s=96&d=mm&r=g","caption":"Sodr\u00e9"},"sameAs":["https:\/\/www.facebook.com\/carosroberto.sodre.5\/"],"url":"https:\/\/ubanews.com\/site\/author\/felipe\/"}]}},"_links":{"self":[{"href":"https:\/\/ubanews.com\/site\/wp-json\/wp\/v2\/posts\/7628","targetHints":{"allow":["GET"]}}],"collection":[{"href":"https:\/\/ubanews.com\/site\/wp-json\/wp\/v2\/posts"}],"about":[{"href":"https:\/\/ubanews.com\/site\/wp-json\/wp\/v2\/types\/post"}],"author":[{"embeddable":true,"href":"https:\/\/ubanews.com\/site\/wp-json\/wp\/v2\/users\/2"}],"replies":[{"embeddable":true,"href":"https:\/\/ubanews.com\/site\/wp-json\/wp\/v2\/comments?post=7628"}],"version-history":[{"count":0,"href":"https:\/\/ubanews.com\/site\/wp-json\/wp\/v2\/posts\/7628\/revisions"}],"wp:featuredmedia":[{"embeddable":true,"href":"https:\/\/ubanews.com\/site\/wp-json\/wp\/v2\/media\/4630"}],"wp:attachment":[{"href":"https:\/\/ubanews.com\/site\/wp-json\/wp\/v2\/media?parent=7628"}],"wp:term":[{"taxonomy":"category","embeddable":true,"href":"https:\/\/ubanews.com\/site\/wp-json\/wp\/v2\/categories?post=7628"},{"taxonomy":"post_tag","embeddable":true,"href":"https:\/\/ubanews.com\/site\/wp-json\/wp\/v2\/tags?post=7628"}],"curies":[{"name":"wp","href":"https:\/\/api.w.org\/{rel}","templated":true}]}}