{"id":7580,"date":"2018-09-21T09:38:59","date_gmt":"2018-09-21T12:38:59","guid":{"rendered":"http:\/\/ubanews.com\/site\/?p=7580"},"modified":"2018-09-21T09:38:59","modified_gmt":"2018-09-21T12:38:59","slug":"roubo-em-dores-do-turvo-deixa-vitima-com-disparo-de-arma-de-fogo","status":"publish","type":"post","link":"https:\/\/ubanews.com\/site\/2018\/09\/21\/roubo-em-dores-do-turvo-deixa-vitima-com-disparo-de-arma-de-fogo\/","title":{"rendered":"Roubo em Dores do Turvo deixa v\u00edtima com disparo de arma de fogo"},"content":{"rendered":"<p>No dia 19 de setembro \u00e0s 22h a Pol\u00edcia Militar foi acionada, via telefone, informando que havia ocorrido um roubo na localidade de C\u00f3rrego Do Macuco. De imediato os militares foram at\u00e9 o Posto de sa\u00fade da cidade onde em contato com os familiares as v\u00edtimas foi ent\u00e3o apurado que uma das testemunhas estava em casa, quando escutou um disparo de arma de fogo e alguns minutos depois veio at\u00e9 sua resid\u00eancia um senhor de 76 anos que relatou que seu filho havia sido v\u00edtima de um disparo de arma de fogo. A testemunha socorreu a v\u00edtima de disparo de arma de fogo at\u00e9 a Unidade B\u00e1sica de Sa\u00fade, onde foi atendida pela m\u00e9dica de plant\u00e3o e logo em seguida encaminhada para um hospital na cidade de Ub\u00e1.<\/p>\n<p><a href=\"https:\/\/ubanews.com\/site\/wp-content\/uploads\/2018\/08\/ELETRO-SENA-AUTOMOTIVA-2.jpg\"><img decoding=\"async\" class=\"alignnone wp-image-7016 size-full lazyload\" data-src=\"https:\/\/ubanews.com\/site\/wp-content\/uploads\/2018\/08\/ELETRO-SENA-AUTOMOTIVA-2.jpg\" alt=\"\" width=\"800\" height=\"264\" data-srcset=\"https:\/\/ubanews.com\/site\/wp-content\/uploads\/2018\/08\/ELETRO-SENA-AUTOMOTIVA-2.jpg 800w, https:\/\/ubanews.com\/site\/wp-content\/uploads\/2018\/08\/ELETRO-SENA-AUTOMOTIVA-2-300x99.jpg 300w, https:\/\/ubanews.com\/site\/wp-content\/uploads\/2018\/08\/ELETRO-SENA-AUTOMOTIVA-2-768x253.jpg 768w\" data-sizes=\"(max-width: 800px) 100vw, 800px\" src=\"data:image\/svg+xml;base64,PHN2ZyB3aWR0aD0iMSIgaGVpZ2h0PSIxIiB4bWxucz0iaHR0cDovL3d3dy53My5vcmcvMjAwMC9zdmciPjwvc3ZnPg==\" style=\"--smush-placeholder-width: 800px; --smush-placeholder-aspect-ratio: 800\/264;\" \/><\/a><\/p>\n<p>Os militares constataram que tr\u00eas homens sendo um claro e baixo e dois morenos altos, estariam em 03 motocicletas que estacionaram alguns metros antes da casa, somente um estava armado, arrombaram a porta de entrada da resid\u00eancia, fizeram um disparo de arma contra a porta vindo atingir uma das v\u00edtimas, entraram na casa e subtra\u00edram quantia entre R$500,00 a R$1000,00 que estava na carteira da v\u00edtima.<\/p>\n<p>A v\u00edtima foi atendido no hospital pelo m\u00e9dico de plant\u00e3o, sendo retirado de sua coxa direita um projetil de disparo por arma de fogo e medicado.<\/p>\n<p><strong>ASSESSORIA DE COMUNICA\u00c7\u00c3O ORGANIZACIONAL<\/strong><\/p>\n<p><strong><em>Vig\u00e9simo Primeiro Batalh\u00e3o de Pol\u00edcia Militar<\/em><\/strong><\/p>\n","protected":false},"excerpt":{"rendered":"<p>No dia 19 de setembro \u00e0s 22h a Pol\u00edcia Militar<\/p>\n","protected":false},"author":2,"featured_media":3156,"comment_status":"open","ping_status":"open","sticky":false,"template":"","format":"standard","meta":{"footnotes":""},"categories":[13],"tags":[],"class_list":["post-7580","post","type-post","status-publish","format-standard","has-post-thumbnail","hentry","category-sintese-das-ocorrencias"],"yoast_head":"<!-- This site is optimized with the Yoast SEO plugin v27.2 - https:\/\/yoast.com\/product\/yoast-seo-wordpress\/ -->\n<title>Roubo em Dores do Turvo deixa v\u00edtima com disparo de arma de fogo - Ub\u00e1 News<\/title>\n<meta name=\"robots\" content=\"index, follow, max-snippet:-1, max-image-preview:large, max-video-preview:-1\" \/>\n<link rel=\"canonical\" href=\"https:\/\/ubanews.com\/site\/2018\/09\/21\/roubo-em-dores-do-turvo-deixa-vitima-com-disparo-de-arma-de-fogo\/\" \/>\n<meta property=\"og:locale\" content=\"pt_BR\" \/>\n<meta property=\"og:type\" content=\"article\" \/>\n<meta property=\"og:title\" content=\"Roubo em Dores do Turvo deixa v\u00edtima com disparo de arma de fogo - Ub\u00e1 News\" \/>\n<meta property=\"og:description\" content=\"No dia 19 de setembro \u00e0s 22h a Pol\u00edcia Militar\" \/>\n<meta property=\"og:url\" content=\"https:\/\/ubanews.com\/site\/2018\/09\/21\/roubo-em-dores-do-turvo-deixa-vitima-com-disparo-de-arma-de-fogo\/\" \/>\n<meta property=\"og:site_name\" content=\"Ub\u00e1 News\" \/>\n<meta property=\"article:publisher\" content=\"https:\/\/www.facebook.com\/Ub%c3%a1News-Carlos-Roberto-Sodr%c3%a9-418778301977370\" \/>\n<meta property=\"article:author\" content=\"https:\/\/www.facebook.com\/carosroberto.sodre.5\/\" \/>\n<meta property=\"article:published_time\" content=\"2018-09-21T12:38:59+00:00\" \/>\n<meta property=\"og:image\" content=\"https:\/\/ubanews.com\/site\/wp-content\/uploads\/2018\/05\/3-2.jpg\" \/>\n\t<meta property=\"og:image:width\" content=\"700\" \/>\n\t<meta property=\"og:image:height\" content=\"265\" \/>\n\t<meta property=\"og:image:type\" content=\"image\/jpeg\" \/>\n<meta name=\"author\" content=\"Sodr\u00e9\" \/>\n<meta name=\"twitter:card\" content=\"summary_large_image\" \/>\n<meta name=\"twitter:label1\" content=\"Escrito por\" \/>\n\t<meta name=\"twitter:data1\" content=\"Sodr\u00e9\" \/>\n\t<meta name=\"twitter:label2\" content=\"Est. tempo de leitura\" \/>\n\t<meta name=\"twitter:data2\" content=\"1 minuto\" \/>\n<script type=\"application\/ld+json\" class=\"yoast-schema-graph\">{\"@context\":\"https:\/\/schema.org\",\"@graph\":[{\"@type\":\"Article\",\"@id\":\"https:\/\/ubanews.com\/site\/2018\/09\/21\/roubo-em-dores-do-turvo-deixa-vitima-com-disparo-de-arma-de-fogo\/#article\",\"isPartOf\":{\"@id\":\"https:\/\/ubanews.com\/site\/2018\/09\/21\/roubo-em-dores-do-turvo-deixa-vitima-com-disparo-de-arma-de-fogo\/\"},\"author\":{\"name\":\"Sodr\u00e9\",\"@id\":\"https:\/\/ubanews.com\/site\/#\/schema\/person\/d90c9e47252fbb63dcc969fe4c8b9d10\"},\"headline\":\"Roubo em Dores do Turvo deixa v\u00edtima com disparo de arma de fogo\",\"datePublished\":\"2018-09-21T12:38:59+00:00\",\"mainEntityOfPage\":{\"@id\":\"https:\/\/ubanews.com\/site\/2018\/09\/21\/roubo-em-dores-do-turvo-deixa-vitima-com-disparo-de-arma-de-fogo\/\"},\"wordCount\":265,\"commentCount\":0,\"publisher\":{\"@id\":\"https:\/\/ubanews.com\/site\/#organization\"},\"image\":{\"@id\":\"https:\/\/ubanews.com\/site\/2018\/09\/21\/roubo-em-dores-do-turvo-deixa-vitima-com-disparo-de-arma-de-fogo\/#primaryimage\"},\"thumbnailUrl\":\"https:\/\/ubanews.com\/site\/wp-content\/uploads\/2018\/05\/3-2.jpg\",\"articleSection\":[\"S\u00edntese das Ocorr\u00eancias\"],\"inLanguage\":\"pt-BR\",\"potentialAction\":[{\"@type\":\"CommentAction\",\"name\":\"Comment\",\"target\":[\"https:\/\/ubanews.com\/site\/2018\/09\/21\/roubo-em-dores-do-turvo-deixa-vitima-com-disparo-de-arma-de-fogo\/#respond\"]}]},{\"@type\":\"WebPage\",\"@id\":\"https:\/\/ubanews.com\/site\/2018\/09\/21\/roubo-em-dores-do-turvo-deixa-vitima-com-disparo-de-arma-de-fogo\/\",\"url\":\"https:\/\/ubanews.com\/site\/2018\/09\/21\/roubo-em-dores-do-turvo-deixa-vitima-com-disparo-de-arma-de-fogo\/\",\"name\":\"Roubo em Dores do Turvo deixa v\u00edtima com disparo de arma de fogo - Ub\u00e1 News\",\"isPartOf\":{\"@id\":\"https:\/\/ubanews.com\/site\/#website\"},\"primaryImageOfPage\":{\"@id\":\"https:\/\/ubanews.com\/site\/2018\/09\/21\/roubo-em-dores-do-turvo-deixa-vitima-com-disparo-de-arma-de-fogo\/#primaryimage\"},\"image\":{\"@id\":\"https:\/\/ubanews.com\/site\/2018\/09\/21\/roubo-em-dores-do-turvo-deixa-vitima-com-disparo-de-arma-de-fogo\/#primaryimage\"},\"thumbnailUrl\":\"https:\/\/ubanews.com\/site\/wp-content\/uploads\/2018\/05\/3-2.jpg\",\"datePublished\":\"2018-09-21T12:38:59+00:00\",\"breadcrumb\":{\"@id\":\"https:\/\/ubanews.com\/site\/2018\/09\/21\/roubo-em-dores-do-turvo-deixa-vitima-com-disparo-de-arma-de-fogo\/#breadcrumb\"},\"inLanguage\":\"pt-BR\",\"potentialAction\":[{\"@type\":\"ReadAction\",\"target\":[\"https:\/\/ubanews.com\/site\/2018\/09\/21\/roubo-em-dores-do-turvo-deixa-vitima-com-disparo-de-arma-de-fogo\/\"]}]},{\"@type\":\"ImageObject\",\"inLanguage\":\"pt-BR\",\"@id\":\"https:\/\/ubanews.com\/site\/2018\/09\/21\/roubo-em-dores-do-turvo-deixa-vitima-com-disparo-de-arma-de-fogo\/#primaryimage\",\"url\":\"https:\/\/ubanews.com\/site\/wp-content\/uploads\/2018\/05\/3-2.jpg\",\"contentUrl\":\"https:\/\/ubanews.com\/site\/wp-content\/uploads\/2018\/05\/3-2.jpg\",\"width\":700,\"height\":265},{\"@type\":\"BreadcrumbList\",\"@id\":\"https:\/\/ubanews.com\/site\/2018\/09\/21\/roubo-em-dores-do-turvo-deixa-vitima-com-disparo-de-arma-de-fogo\/#breadcrumb\",\"itemListElement\":[{\"@type\":\"ListItem\",\"position\":1,\"name\":\"Home\",\"item\":\"https:\/\/ubanews.com\/site\/\"},{\"@type\":\"ListItem\",\"position\":2,\"name\":\"Roubo em Dores do Turvo deixa v\u00edtima com disparo de arma de fogo\"}]},{\"@type\":\"WebSite\",\"@id\":\"https:\/\/ubanews.com\/site\/#website\",\"url\":\"https:\/\/ubanews.com\/site\/\",\"name\":\"Ub\u00e1 News\",\"description\":\"\",\"publisher\":{\"@id\":\"https:\/\/ubanews.com\/site\/#organization\"},\"potentialAction\":[{\"@type\":\"SearchAction\",\"target\":{\"@type\":\"EntryPoint\",\"urlTemplate\":\"https:\/\/ubanews.com\/site\/?s={search_term_string}\"},\"query-input\":{\"@type\":\"PropertyValueSpecification\",\"valueRequired\":true,\"valueName\":\"search_term_string\"}}],\"inLanguage\":\"pt-BR\"},{\"@type\":\"Organization\",\"@id\":\"https:\/\/ubanews.com\/site\/#organization\",\"name\":\"Ub\u00e1 News\",\"url\":\"https:\/\/ubanews.com\/site\/\",\"logo\":{\"@type\":\"ImageObject\",\"inLanguage\":\"pt-BR\",\"@id\":\"https:\/\/ubanews.com\/site\/#\/schema\/logo\/image\/\",\"url\":\"https:\/\/ubanews.com\/site\/wp-content\/uploads\/2018\/01\/logoubanews.png\",\"contentUrl\":\"https:\/\/ubanews.com\/site\/wp-content\/uploads\/2018\/01\/logoubanews.png\",\"width\":261,\"height\":99,\"caption\":\"Ub\u00e1 News\"},\"image\":{\"@id\":\"https:\/\/ubanews.com\/site\/#\/schema\/logo\/image\/\"},\"sameAs\":[\"https:\/\/www.facebook.com\/Ub\u00e1News-Carlos-Roberto-Sodr\u00e9-418778301977370\"]},{\"@type\":\"Person\",\"@id\":\"https:\/\/ubanews.com\/site\/#\/schema\/person\/d90c9e47252fbb63dcc969fe4c8b9d10\",\"name\":\"Sodr\u00e9\",\"image\":{\"@type\":\"ImageObject\",\"inLanguage\":\"pt-BR\",\"@id\":\"https:\/\/secure.gravatar.com\/avatar\/5ba2793f0590b9dbfad3fdec4ee714485b3eef211c9b32ee53d414060454a56c?s=96&d=mm&r=g\",\"url\":\"https:\/\/secure.gravatar.com\/avatar\/5ba2793f0590b9dbfad3fdec4ee714485b3eef211c9b32ee53d414060454a56c?s=96&d=mm&r=g\",\"contentUrl\":\"https:\/\/secure.gravatar.com\/avatar\/5ba2793f0590b9dbfad3fdec4ee714485b3eef211c9b32ee53d414060454a56c?s=96&d=mm&r=g\",\"caption\":\"Sodr\u00e9\"},\"sameAs\":[\"https:\/\/www.facebook.com\/carosroberto.sodre.5\/\"],\"url\":\"https:\/\/ubanews.com\/site\/author\/felipe\/\"}]}<\/script>\n<!-- \/ Yoast SEO plugin. -->","yoast_head_json":{"title":"Roubo em Dores do Turvo deixa v\u00edtima com disparo de arma de fogo - Ub\u00e1 News","robots":{"index":"index","follow":"follow","max-snippet":"max-snippet:-1","max-image-preview":"max-image-preview:large","max-video-preview":"max-video-preview:-1"},"canonical":"https:\/\/ubanews.com\/site\/2018\/09\/21\/roubo-em-dores-do-turvo-deixa-vitima-com-disparo-de-arma-de-fogo\/","og_locale":"pt_BR","og_type":"article","og_title":"Roubo em Dores do Turvo deixa v\u00edtima com disparo de arma de fogo - Ub\u00e1 News","og_description":"No dia 19 de setembro \u00e0s 22h a Pol\u00edcia Militar","og_url":"https:\/\/ubanews.com\/site\/2018\/09\/21\/roubo-em-dores-do-turvo-deixa-vitima-com-disparo-de-arma-de-fogo\/","og_site_name":"Ub\u00e1 News","article_publisher":"https:\/\/www.facebook.com\/Ub%c3%a1News-Carlos-Roberto-Sodr%c3%a9-418778301977370","article_author":"https:\/\/www.facebook.com\/carosroberto.sodre.5\/","article_published_time":"2018-09-21T12:38:59+00:00","og_image":[{"width":700,"height":265,"url":"https:\/\/ubanews.com\/site\/wp-content\/uploads\/2018\/05\/3-2.jpg","type":"image\/jpeg"}],"author":"Sodr\u00e9","twitter_card":"summary_large_image","twitter_misc":{"Escrito por":"Sodr\u00e9","Est. tempo de leitura":"1 minuto"},"schema":{"@context":"https:\/\/schema.org","@graph":[{"@type":"Article","@id":"https:\/\/ubanews.com\/site\/2018\/09\/21\/roubo-em-dores-do-turvo-deixa-vitima-com-disparo-de-arma-de-fogo\/#article","isPartOf":{"@id":"https:\/\/ubanews.com\/site\/2018\/09\/21\/roubo-em-dores-do-turvo-deixa-vitima-com-disparo-de-arma-de-fogo\/"},"author":{"name":"Sodr\u00e9","@id":"https:\/\/ubanews.com\/site\/#\/schema\/person\/d90c9e47252fbb63dcc969fe4c8b9d10"},"headline":"Roubo em Dores do Turvo deixa v\u00edtima com disparo de arma de fogo","datePublished":"2018-09-21T12:38:59+00:00","mainEntityOfPage":{"@id":"https:\/\/ubanews.com\/site\/2018\/09\/21\/roubo-em-dores-do-turvo-deixa-vitima-com-disparo-de-arma-de-fogo\/"},"wordCount":265,"commentCount":0,"publisher":{"@id":"https:\/\/ubanews.com\/site\/#organization"},"image":{"@id":"https:\/\/ubanews.com\/site\/2018\/09\/21\/roubo-em-dores-do-turvo-deixa-vitima-com-disparo-de-arma-de-fogo\/#primaryimage"},"thumbnailUrl":"https:\/\/ubanews.com\/site\/wp-content\/uploads\/2018\/05\/3-2.jpg","articleSection":["S\u00edntese das Ocorr\u00eancias"],"inLanguage":"pt-BR","potentialAction":[{"@type":"CommentAction","name":"Comment","target":["https:\/\/ubanews.com\/site\/2018\/09\/21\/roubo-em-dores-do-turvo-deixa-vitima-com-disparo-de-arma-de-fogo\/#respond"]}]},{"@type":"WebPage","@id":"https:\/\/ubanews.com\/site\/2018\/09\/21\/roubo-em-dores-do-turvo-deixa-vitima-com-disparo-de-arma-de-fogo\/","url":"https:\/\/ubanews.com\/site\/2018\/09\/21\/roubo-em-dores-do-turvo-deixa-vitima-com-disparo-de-arma-de-fogo\/","name":"Roubo em Dores do Turvo deixa v\u00edtima com disparo de arma de fogo - Ub\u00e1 News","isPartOf":{"@id":"https:\/\/ubanews.com\/site\/#website"},"primaryImageOfPage":{"@id":"https:\/\/ubanews.com\/site\/2018\/09\/21\/roubo-em-dores-do-turvo-deixa-vitima-com-disparo-de-arma-de-fogo\/#primaryimage"},"image":{"@id":"https:\/\/ubanews.com\/site\/2018\/09\/21\/roubo-em-dores-do-turvo-deixa-vitima-com-disparo-de-arma-de-fogo\/#primaryimage"},"thumbnailUrl":"https:\/\/ubanews.com\/site\/wp-content\/uploads\/2018\/05\/3-2.jpg","datePublished":"2018-09-21T12:38:59+00:00","breadcrumb":{"@id":"https:\/\/ubanews.com\/site\/2018\/09\/21\/roubo-em-dores-do-turvo-deixa-vitima-com-disparo-de-arma-de-fogo\/#breadcrumb"},"inLanguage":"pt-BR","potentialAction":[{"@type":"ReadAction","target":["https:\/\/ubanews.com\/site\/2018\/09\/21\/roubo-em-dores-do-turvo-deixa-vitima-com-disparo-de-arma-de-fogo\/"]}]},{"@type":"ImageObject","inLanguage":"pt-BR","@id":"https:\/\/ubanews.com\/site\/2018\/09\/21\/roubo-em-dores-do-turvo-deixa-vitima-com-disparo-de-arma-de-fogo\/#primaryimage","url":"https:\/\/ubanews.com\/site\/wp-content\/uploads\/2018\/05\/3-2.jpg","contentUrl":"https:\/\/ubanews.com\/site\/wp-content\/uploads\/2018\/05\/3-2.jpg","width":700,"height":265},{"@type":"BreadcrumbList","@id":"https:\/\/ubanews.com\/site\/2018\/09\/21\/roubo-em-dores-do-turvo-deixa-vitima-com-disparo-de-arma-de-fogo\/#breadcrumb","itemListElement":[{"@type":"ListItem","position":1,"name":"Home","item":"https:\/\/ubanews.com\/site\/"},{"@type":"ListItem","position":2,"name":"Roubo em Dores do Turvo deixa v\u00edtima com disparo de arma de fogo"}]},{"@type":"WebSite","@id":"https:\/\/ubanews.com\/site\/#website","url":"https:\/\/ubanews.com\/site\/","name":"Ub\u00e1 News","description":"","publisher":{"@id":"https:\/\/ubanews.com\/site\/#organization"},"potentialAction":[{"@type":"SearchAction","target":{"@type":"EntryPoint","urlTemplate":"https:\/\/ubanews.com\/site\/?s={search_term_string}"},"query-input":{"@type":"PropertyValueSpecification","valueRequired":true,"valueName":"search_term_string"}}],"inLanguage":"pt-BR"},{"@type":"Organization","@id":"https:\/\/ubanews.com\/site\/#organization","name":"Ub\u00e1 News","url":"https:\/\/ubanews.com\/site\/","logo":{"@type":"ImageObject","inLanguage":"pt-BR","@id":"https:\/\/ubanews.com\/site\/#\/schema\/logo\/image\/","url":"https:\/\/ubanews.com\/site\/wp-content\/uploads\/2018\/01\/logoubanews.png","contentUrl":"https:\/\/ubanews.com\/site\/wp-content\/uploads\/2018\/01\/logoubanews.png","width":261,"height":99,"caption":"Ub\u00e1 News"},"image":{"@id":"https:\/\/ubanews.com\/site\/#\/schema\/logo\/image\/"},"sameAs":["https:\/\/www.facebook.com\/Ub\u00e1News-Carlos-Roberto-Sodr\u00e9-418778301977370"]},{"@type":"Person","@id":"https:\/\/ubanews.com\/site\/#\/schema\/person\/d90c9e47252fbb63dcc969fe4c8b9d10","name":"Sodr\u00e9","image":{"@type":"ImageObject","inLanguage":"pt-BR","@id":"https:\/\/secure.gravatar.com\/avatar\/5ba2793f0590b9dbfad3fdec4ee714485b3eef211c9b32ee53d414060454a56c?s=96&d=mm&r=g","url":"https:\/\/secure.gravatar.com\/avatar\/5ba2793f0590b9dbfad3fdec4ee714485b3eef211c9b32ee53d414060454a56c?s=96&d=mm&r=g","contentUrl":"https:\/\/secure.gravatar.com\/avatar\/5ba2793f0590b9dbfad3fdec4ee714485b3eef211c9b32ee53d414060454a56c?s=96&d=mm&r=g","caption":"Sodr\u00e9"},"sameAs":["https:\/\/www.facebook.com\/carosroberto.sodre.5\/"],"url":"https:\/\/ubanews.com\/site\/author\/felipe\/"}]}},"_links":{"self":[{"href":"https:\/\/ubanews.com\/site\/wp-json\/wp\/v2\/posts\/7580","targetHints":{"allow":["GET"]}}],"collection":[{"href":"https:\/\/ubanews.com\/site\/wp-json\/wp\/v2\/posts"}],"about":[{"href":"https:\/\/ubanews.com\/site\/wp-json\/wp\/v2\/types\/post"}],"author":[{"embeddable":true,"href":"https:\/\/ubanews.com\/site\/wp-json\/wp\/v2\/users\/2"}],"replies":[{"embeddable":true,"href":"https:\/\/ubanews.com\/site\/wp-json\/wp\/v2\/comments?post=7580"}],"version-history":[{"count":0,"href":"https:\/\/ubanews.com\/site\/wp-json\/wp\/v2\/posts\/7580\/revisions"}],"wp:featuredmedia":[{"embeddable":true,"href":"https:\/\/ubanews.com\/site\/wp-json\/wp\/v2\/media\/3156"}],"wp:attachment":[{"href":"https:\/\/ubanews.com\/site\/wp-json\/wp\/v2\/media?parent=7580"}],"wp:term":[{"taxonomy":"category","embeddable":true,"href":"https:\/\/ubanews.com\/site\/wp-json\/wp\/v2\/categories?post=7580"},{"taxonomy":"post_tag","embeddable":true,"href":"https:\/\/ubanews.com\/site\/wp-json\/wp\/v2\/tags?post=7580"}],"curies":[{"name":"wp","href":"https:\/\/api.w.org\/{rel}","templated":true}]}}