{"id":7563,"date":"2018-09-20T17:40:58","date_gmt":"2018-09-20T20:40:58","guid":{"rendered":"http:\/\/ubanews.com\/site\/?p=7563"},"modified":"2018-09-20T17:40:58","modified_gmt":"2018-09-20T20:40:58","slug":"senhora-de-43-anos-e-vitima-de-furto-em-sua-residencia","status":"publish","type":"post","link":"https:\/\/ubanews.com\/site\/2018\/09\/20\/senhora-de-43-anos-e-vitima-de-furto-em-sua-residencia\/","title":{"rendered":"Senhora de 43 anos \u00e9 v\u00edtima de furto em sua resid\u00eancia"},"content":{"rendered":"<p>No dia 18 de setembro \u00e0s 10h30min a v\u00edtima, uma senhora de 43 anos, acionou a Policia Militar relatando que que havia sido v\u00edtima de um furto a sua resid\u00eancia e que o autor estaria tentando vender os objetos subtra\u00eddos no bairro primavera. Ainda segundo a v\u00edtima saiu de casa por volta de 07h30min e deixou sua filha dormindo. Ao retornar, por volta de 10:30hrs, deu falta dos seguintes materiais: 01 celular Samsung J5, 01 secador de cabelos, 01 v\u00eddeo game com controle anal\u00f3gico e 01 quadro de bicicleta, em alum\u00ednio.<\/p>\n<p>Com estas informa\u00e7\u00f5es os militares iniciaram rastreamento pelo bairro quando apuraram que o autor do furto estaria na casa de um indiv\u00edduo de apelido &#8220;Garapa&#8221;, tendo ent\u00e3o os militares ido at\u00e9 a resid\u00eancia de Jailson Rocha de 45 anos, apelido Garapa. Os militares adentraram na resid\u00eancia onde encontraram Andrey de Souza Salles de 18 anos, autor do furto a resid\u00eancia. Ao ser procedida busca no im\u00f3vel foram encontrados: a capa de silicone do celular, 01 um v\u00eddeo game Playstation 2, 02 cart\u00f5es de mem\u00f3ria para uso no Playstation 2, 01 controle anal\u00f3gico de Playstation 2, 01 quadro para bicicleta de alum\u00ednio.<\/p>\n<p><a href=\"https:\/\/ubanews.com\/site\/wp-content\/uploads\/2018\/08\/ELETRO-SENA-AUTOMOTIVA-2.jpg\"><img decoding=\"async\" class=\"alignnone wp-image-7016 size-full lazyload\" data-src=\"https:\/\/ubanews.com\/site\/wp-content\/uploads\/2018\/08\/ELETRO-SENA-AUTOMOTIVA-2.jpg\" alt=\"\" width=\"800\" height=\"264\" data-srcset=\"https:\/\/ubanews.com\/site\/wp-content\/uploads\/2018\/08\/ELETRO-SENA-AUTOMOTIVA-2.jpg 800w, https:\/\/ubanews.com\/site\/wp-content\/uploads\/2018\/08\/ELETRO-SENA-AUTOMOTIVA-2-300x99.jpg 300w, https:\/\/ubanews.com\/site\/wp-content\/uploads\/2018\/08\/ELETRO-SENA-AUTOMOTIVA-2-768x253.jpg 768w\" data-sizes=\"(max-width: 800px) 100vw, 800px\" src=\"data:image\/svg+xml;base64,PHN2ZyB3aWR0aD0iMSIgaGVpZ2h0PSIxIiB4bWxucz0iaHR0cDovL3d3dy53My5vcmcvMjAwMC9zdmciPjwvc3ZnPg==\" style=\"--smush-placeholder-width: 800px; --smush-placeholder-aspect-ratio: 800\/264;\" \/><\/a><\/p>\n<p>Durante a a\u00e7\u00e3o policial foi constatado que havia uma mandado de pris\u00e3o em desfavor de Andrey de Souza Salles.<\/p>\n<p>Jailson Rocha, apelido Garapa foi preso por recepta\u00e7\u00e3o, Andrey de Souza Salles foi preso por furto e pelo mandado de pris\u00e3o, sendo ambos conduzidos at\u00e9 a delegacia de Pol\u00edcia Civil com os materiais apreendidos.&nbsp;<\/p>\n<p><strong>Passagens policiais de Jailson Rocha:&nbsp;<\/strong>Amea\u00e7a em 29\/01\/2012, em 08\/02\/2012, em 11\/05\/2012, em 10\/05\/2015, em 28\/05\/2015, em 28\/01\/2012, em 14\/05\/2012; vias de fato\/agress\u00e3o em 01\/04\/2012, em 21\/07\/2015, em 17\/12\/2015, em 24\/05\/2015; les\u00e3o Corporal em 05\/04\/2014, em 14\/10\/2012; abandono intelectual em 10\/07\/2018<\/p>\n<p><strong>Passagens policiais de<\/strong><strong> Andrey de Souza Salles:&nbsp;<\/strong>Furto em 09\/06\/2016, em 20\/05\/2016, em 21\/03\/2017, em 06\/06\/2017; tentativa de furto em 10\/07\/2018; tr\u00e1fico de drogas em 11\/09\/2012, em 06\/06\/2013<\/p>\n<p><strong>ASSESSORIA DE COMUNICA\u00c7\u00c3O ORGANIZACIONAL<\/strong><\/p>\n<p><strong><em>Vig\u00e9simo Primeiro Batalh\u00e3o de Pol\u00edcia Militar<\/em><\/strong><\/p>\n","protected":false},"excerpt":{"rendered":"<p>No dia 18 de setembro \u00e0s 10h30min a v\u00edtima, uma<\/p>\n","protected":false},"author":2,"featured_media":7566,"comment_status":"open","ping_status":"open","sticky":false,"template":"","format":"standard","meta":{"footnotes":""},"categories":[13],"tags":[],"class_list":["post-7563","post","type-post","status-publish","format-standard","has-post-thumbnail","hentry","category-sintese-das-ocorrencias"],"yoast_head":"<!-- This site is optimized with the Yoast SEO plugin v27.2 - https:\/\/yoast.com\/product\/yoast-seo-wordpress\/ -->\n<title>Senhora de 43 anos \u00e9 v\u00edtima de furto em sua resid\u00eancia - Ub\u00e1 News<\/title>\n<meta name=\"robots\" content=\"index, follow, max-snippet:-1, max-image-preview:large, max-video-preview:-1\" \/>\n<link rel=\"canonical\" href=\"https:\/\/ubanews.com\/site\/2018\/09\/20\/senhora-de-43-anos-e-vitima-de-furto-em-sua-residencia\/\" \/>\n<meta property=\"og:locale\" content=\"pt_BR\" \/>\n<meta property=\"og:type\" content=\"article\" \/>\n<meta property=\"og:title\" content=\"Senhora de 43 anos \u00e9 v\u00edtima de furto em sua resid\u00eancia - Ub\u00e1 News\" \/>\n<meta property=\"og:description\" content=\"No dia 18 de setembro \u00e0s 10h30min a v\u00edtima, uma\" \/>\n<meta property=\"og:url\" content=\"https:\/\/ubanews.com\/site\/2018\/09\/20\/senhora-de-43-anos-e-vitima-de-furto-em-sua-residencia\/\" \/>\n<meta property=\"og:site_name\" content=\"Ub\u00e1 News\" \/>\n<meta property=\"article:publisher\" content=\"https:\/\/www.facebook.com\/Ub%c3%a1News-Carlos-Roberto-Sodr%c3%a9-418778301977370\" \/>\n<meta property=\"article:author\" content=\"https:\/\/www.facebook.com\/carosroberto.sodre.5\/\" \/>\n<meta property=\"article:published_time\" content=\"2018-09-20T20:40:58+00:00\" \/>\n<meta property=\"og:image\" content=\"https:\/\/ubanews.com\/site\/wp-content\/uploads\/2018\/09\/Furto-1.jpg\" \/>\n\t<meta property=\"og:image:width\" content=\"800\" \/>\n\t<meta property=\"og:image:height\" content=\"387\" \/>\n\t<meta property=\"og:image:type\" content=\"image\/jpeg\" \/>\n<meta name=\"author\" content=\"Sodr\u00e9\" \/>\n<meta name=\"twitter:card\" content=\"summary_large_image\" \/>\n<meta name=\"twitter:label1\" content=\"Escrito por\" \/>\n\t<meta name=\"twitter:data1\" content=\"Sodr\u00e9\" \/>\n\t<meta name=\"twitter:label2\" content=\"Est. tempo de leitura\" \/>\n\t<meta name=\"twitter:data2\" content=\"2 minutos\" \/>\n<script type=\"application\/ld+json\" class=\"yoast-schema-graph\">{\"@context\":\"https:\/\/schema.org\",\"@graph\":[{\"@type\":\"Article\",\"@id\":\"https:\/\/ubanews.com\/site\/2018\/09\/20\/senhora-de-43-anos-e-vitima-de-furto-em-sua-residencia\/#article\",\"isPartOf\":{\"@id\":\"https:\/\/ubanews.com\/site\/2018\/09\/20\/senhora-de-43-anos-e-vitima-de-furto-em-sua-residencia\/\"},\"author\":{\"name\":\"Sodr\u00e9\",\"@id\":\"https:\/\/ubanews.com\/site\/#\/schema\/person\/d90c9e47252fbb63dcc969fe4c8b9d10\"},\"headline\":\"Senhora de 43 anos \u00e9 v\u00edtima de furto em sua resid\u00eancia\",\"datePublished\":\"2018-09-20T20:40:58+00:00\",\"mainEntityOfPage\":{\"@id\":\"https:\/\/ubanews.com\/site\/2018\/09\/20\/senhora-de-43-anos-e-vitima-de-furto-em-sua-residencia\/\"},\"wordCount\":338,\"commentCount\":0,\"publisher\":{\"@id\":\"https:\/\/ubanews.com\/site\/#organization\"},\"image\":{\"@id\":\"https:\/\/ubanews.com\/site\/2018\/09\/20\/senhora-de-43-anos-e-vitima-de-furto-em-sua-residencia\/#primaryimage\"},\"thumbnailUrl\":\"https:\/\/ubanews.com\/site\/wp-content\/uploads\/2018\/09\/Furto-1.jpg\",\"articleSection\":[\"S\u00edntese das Ocorr\u00eancias\"],\"inLanguage\":\"pt-BR\",\"potentialAction\":[{\"@type\":\"CommentAction\",\"name\":\"Comment\",\"target\":[\"https:\/\/ubanews.com\/site\/2018\/09\/20\/senhora-de-43-anos-e-vitima-de-furto-em-sua-residencia\/#respond\"]}]},{\"@type\":\"WebPage\",\"@id\":\"https:\/\/ubanews.com\/site\/2018\/09\/20\/senhora-de-43-anos-e-vitima-de-furto-em-sua-residencia\/\",\"url\":\"https:\/\/ubanews.com\/site\/2018\/09\/20\/senhora-de-43-anos-e-vitima-de-furto-em-sua-residencia\/\",\"name\":\"Senhora de 43 anos \u00e9 v\u00edtima de furto em sua resid\u00eancia - Ub\u00e1 News\",\"isPartOf\":{\"@id\":\"https:\/\/ubanews.com\/site\/#website\"},\"primaryImageOfPage\":{\"@id\":\"https:\/\/ubanews.com\/site\/2018\/09\/20\/senhora-de-43-anos-e-vitima-de-furto-em-sua-residencia\/#primaryimage\"},\"image\":{\"@id\":\"https:\/\/ubanews.com\/site\/2018\/09\/20\/senhora-de-43-anos-e-vitima-de-furto-em-sua-residencia\/#primaryimage\"},\"thumbnailUrl\":\"https:\/\/ubanews.com\/site\/wp-content\/uploads\/2018\/09\/Furto-1.jpg\",\"datePublished\":\"2018-09-20T20:40:58+00:00\",\"breadcrumb\":{\"@id\":\"https:\/\/ubanews.com\/site\/2018\/09\/20\/senhora-de-43-anos-e-vitima-de-furto-em-sua-residencia\/#breadcrumb\"},\"inLanguage\":\"pt-BR\",\"potentialAction\":[{\"@type\":\"ReadAction\",\"target\":[\"https:\/\/ubanews.com\/site\/2018\/09\/20\/senhora-de-43-anos-e-vitima-de-furto-em-sua-residencia\/\"]}]},{\"@type\":\"ImageObject\",\"inLanguage\":\"pt-BR\",\"@id\":\"https:\/\/ubanews.com\/site\/2018\/09\/20\/senhora-de-43-anos-e-vitima-de-furto-em-sua-residencia\/#primaryimage\",\"url\":\"https:\/\/ubanews.com\/site\/wp-content\/uploads\/2018\/09\/Furto-1.jpg\",\"contentUrl\":\"https:\/\/ubanews.com\/site\/wp-content\/uploads\/2018\/09\/Furto-1.jpg\",\"width\":800,\"height\":387},{\"@type\":\"BreadcrumbList\",\"@id\":\"https:\/\/ubanews.com\/site\/2018\/09\/20\/senhora-de-43-anos-e-vitima-de-furto-em-sua-residencia\/#breadcrumb\",\"itemListElement\":[{\"@type\":\"ListItem\",\"position\":1,\"name\":\"Home\",\"item\":\"https:\/\/ubanews.com\/site\/\"},{\"@type\":\"ListItem\",\"position\":2,\"name\":\"Senhora de 43 anos \u00e9 v\u00edtima de furto em sua resid\u00eancia\"}]},{\"@type\":\"WebSite\",\"@id\":\"https:\/\/ubanews.com\/site\/#website\",\"url\":\"https:\/\/ubanews.com\/site\/\",\"name\":\"Ub\u00e1 News\",\"description\":\"\",\"publisher\":{\"@id\":\"https:\/\/ubanews.com\/site\/#organization\"},\"potentialAction\":[{\"@type\":\"SearchAction\",\"target\":{\"@type\":\"EntryPoint\",\"urlTemplate\":\"https:\/\/ubanews.com\/site\/?s={search_term_string}\"},\"query-input\":{\"@type\":\"PropertyValueSpecification\",\"valueRequired\":true,\"valueName\":\"search_term_string\"}}],\"inLanguage\":\"pt-BR\"},{\"@type\":\"Organization\",\"@id\":\"https:\/\/ubanews.com\/site\/#organization\",\"name\":\"Ub\u00e1 News\",\"url\":\"https:\/\/ubanews.com\/site\/\",\"logo\":{\"@type\":\"ImageObject\",\"inLanguage\":\"pt-BR\",\"@id\":\"https:\/\/ubanews.com\/site\/#\/schema\/logo\/image\/\",\"url\":\"https:\/\/ubanews.com\/site\/wp-content\/uploads\/2018\/01\/logoubanews.png\",\"contentUrl\":\"https:\/\/ubanews.com\/site\/wp-content\/uploads\/2018\/01\/logoubanews.png\",\"width\":261,\"height\":99,\"caption\":\"Ub\u00e1 News\"},\"image\":{\"@id\":\"https:\/\/ubanews.com\/site\/#\/schema\/logo\/image\/\"},\"sameAs\":[\"https:\/\/www.facebook.com\/Ub\u00e1News-Carlos-Roberto-Sodr\u00e9-418778301977370\"]},{\"@type\":\"Person\",\"@id\":\"https:\/\/ubanews.com\/site\/#\/schema\/person\/d90c9e47252fbb63dcc969fe4c8b9d10\",\"name\":\"Sodr\u00e9\",\"image\":{\"@type\":\"ImageObject\",\"inLanguage\":\"pt-BR\",\"@id\":\"https:\/\/secure.gravatar.com\/avatar\/5ba2793f0590b9dbfad3fdec4ee714485b3eef211c9b32ee53d414060454a56c?s=96&d=mm&r=g\",\"url\":\"https:\/\/secure.gravatar.com\/avatar\/5ba2793f0590b9dbfad3fdec4ee714485b3eef211c9b32ee53d414060454a56c?s=96&d=mm&r=g\",\"contentUrl\":\"https:\/\/secure.gravatar.com\/avatar\/5ba2793f0590b9dbfad3fdec4ee714485b3eef211c9b32ee53d414060454a56c?s=96&d=mm&r=g\",\"caption\":\"Sodr\u00e9\"},\"sameAs\":[\"https:\/\/www.facebook.com\/carosroberto.sodre.5\/\"],\"url\":\"https:\/\/ubanews.com\/site\/author\/felipe\/\"}]}<\/script>\n<!-- \/ Yoast SEO plugin. -->","yoast_head_json":{"title":"Senhora de 43 anos \u00e9 v\u00edtima de furto em sua resid\u00eancia - Ub\u00e1 News","robots":{"index":"index","follow":"follow","max-snippet":"max-snippet:-1","max-image-preview":"max-image-preview:large","max-video-preview":"max-video-preview:-1"},"canonical":"https:\/\/ubanews.com\/site\/2018\/09\/20\/senhora-de-43-anos-e-vitima-de-furto-em-sua-residencia\/","og_locale":"pt_BR","og_type":"article","og_title":"Senhora de 43 anos \u00e9 v\u00edtima de furto em sua resid\u00eancia - Ub\u00e1 News","og_description":"No dia 18 de setembro \u00e0s 10h30min a v\u00edtima, uma","og_url":"https:\/\/ubanews.com\/site\/2018\/09\/20\/senhora-de-43-anos-e-vitima-de-furto-em-sua-residencia\/","og_site_name":"Ub\u00e1 News","article_publisher":"https:\/\/www.facebook.com\/Ub%c3%a1News-Carlos-Roberto-Sodr%c3%a9-418778301977370","article_author":"https:\/\/www.facebook.com\/carosroberto.sodre.5\/","article_published_time":"2018-09-20T20:40:58+00:00","og_image":[{"width":800,"height":387,"url":"https:\/\/ubanews.com\/site\/wp-content\/uploads\/2018\/09\/Furto-1.jpg","type":"image\/jpeg"}],"author":"Sodr\u00e9","twitter_card":"summary_large_image","twitter_misc":{"Escrito por":"Sodr\u00e9","Est. tempo de leitura":"2 minutos"},"schema":{"@context":"https:\/\/schema.org","@graph":[{"@type":"Article","@id":"https:\/\/ubanews.com\/site\/2018\/09\/20\/senhora-de-43-anos-e-vitima-de-furto-em-sua-residencia\/#article","isPartOf":{"@id":"https:\/\/ubanews.com\/site\/2018\/09\/20\/senhora-de-43-anos-e-vitima-de-furto-em-sua-residencia\/"},"author":{"name":"Sodr\u00e9","@id":"https:\/\/ubanews.com\/site\/#\/schema\/person\/d90c9e47252fbb63dcc969fe4c8b9d10"},"headline":"Senhora de 43 anos \u00e9 v\u00edtima de furto em sua resid\u00eancia","datePublished":"2018-09-20T20:40:58+00:00","mainEntityOfPage":{"@id":"https:\/\/ubanews.com\/site\/2018\/09\/20\/senhora-de-43-anos-e-vitima-de-furto-em-sua-residencia\/"},"wordCount":338,"commentCount":0,"publisher":{"@id":"https:\/\/ubanews.com\/site\/#organization"},"image":{"@id":"https:\/\/ubanews.com\/site\/2018\/09\/20\/senhora-de-43-anos-e-vitima-de-furto-em-sua-residencia\/#primaryimage"},"thumbnailUrl":"https:\/\/ubanews.com\/site\/wp-content\/uploads\/2018\/09\/Furto-1.jpg","articleSection":["S\u00edntese das Ocorr\u00eancias"],"inLanguage":"pt-BR","potentialAction":[{"@type":"CommentAction","name":"Comment","target":["https:\/\/ubanews.com\/site\/2018\/09\/20\/senhora-de-43-anos-e-vitima-de-furto-em-sua-residencia\/#respond"]}]},{"@type":"WebPage","@id":"https:\/\/ubanews.com\/site\/2018\/09\/20\/senhora-de-43-anos-e-vitima-de-furto-em-sua-residencia\/","url":"https:\/\/ubanews.com\/site\/2018\/09\/20\/senhora-de-43-anos-e-vitima-de-furto-em-sua-residencia\/","name":"Senhora de 43 anos \u00e9 v\u00edtima de furto em sua resid\u00eancia - Ub\u00e1 News","isPartOf":{"@id":"https:\/\/ubanews.com\/site\/#website"},"primaryImageOfPage":{"@id":"https:\/\/ubanews.com\/site\/2018\/09\/20\/senhora-de-43-anos-e-vitima-de-furto-em-sua-residencia\/#primaryimage"},"image":{"@id":"https:\/\/ubanews.com\/site\/2018\/09\/20\/senhora-de-43-anos-e-vitima-de-furto-em-sua-residencia\/#primaryimage"},"thumbnailUrl":"https:\/\/ubanews.com\/site\/wp-content\/uploads\/2018\/09\/Furto-1.jpg","datePublished":"2018-09-20T20:40:58+00:00","breadcrumb":{"@id":"https:\/\/ubanews.com\/site\/2018\/09\/20\/senhora-de-43-anos-e-vitima-de-furto-em-sua-residencia\/#breadcrumb"},"inLanguage":"pt-BR","potentialAction":[{"@type":"ReadAction","target":["https:\/\/ubanews.com\/site\/2018\/09\/20\/senhora-de-43-anos-e-vitima-de-furto-em-sua-residencia\/"]}]},{"@type":"ImageObject","inLanguage":"pt-BR","@id":"https:\/\/ubanews.com\/site\/2018\/09\/20\/senhora-de-43-anos-e-vitima-de-furto-em-sua-residencia\/#primaryimage","url":"https:\/\/ubanews.com\/site\/wp-content\/uploads\/2018\/09\/Furto-1.jpg","contentUrl":"https:\/\/ubanews.com\/site\/wp-content\/uploads\/2018\/09\/Furto-1.jpg","width":800,"height":387},{"@type":"BreadcrumbList","@id":"https:\/\/ubanews.com\/site\/2018\/09\/20\/senhora-de-43-anos-e-vitima-de-furto-em-sua-residencia\/#breadcrumb","itemListElement":[{"@type":"ListItem","position":1,"name":"Home","item":"https:\/\/ubanews.com\/site\/"},{"@type":"ListItem","position":2,"name":"Senhora de 43 anos \u00e9 v\u00edtima de furto em sua resid\u00eancia"}]},{"@type":"WebSite","@id":"https:\/\/ubanews.com\/site\/#website","url":"https:\/\/ubanews.com\/site\/","name":"Ub\u00e1 News","description":"","publisher":{"@id":"https:\/\/ubanews.com\/site\/#organization"},"potentialAction":[{"@type":"SearchAction","target":{"@type":"EntryPoint","urlTemplate":"https:\/\/ubanews.com\/site\/?s={search_term_string}"},"query-input":{"@type":"PropertyValueSpecification","valueRequired":true,"valueName":"search_term_string"}}],"inLanguage":"pt-BR"},{"@type":"Organization","@id":"https:\/\/ubanews.com\/site\/#organization","name":"Ub\u00e1 News","url":"https:\/\/ubanews.com\/site\/","logo":{"@type":"ImageObject","inLanguage":"pt-BR","@id":"https:\/\/ubanews.com\/site\/#\/schema\/logo\/image\/","url":"https:\/\/ubanews.com\/site\/wp-content\/uploads\/2018\/01\/logoubanews.png","contentUrl":"https:\/\/ubanews.com\/site\/wp-content\/uploads\/2018\/01\/logoubanews.png","width":261,"height":99,"caption":"Ub\u00e1 News"},"image":{"@id":"https:\/\/ubanews.com\/site\/#\/schema\/logo\/image\/"},"sameAs":["https:\/\/www.facebook.com\/Ub\u00e1News-Carlos-Roberto-Sodr\u00e9-418778301977370"]},{"@type":"Person","@id":"https:\/\/ubanews.com\/site\/#\/schema\/person\/d90c9e47252fbb63dcc969fe4c8b9d10","name":"Sodr\u00e9","image":{"@type":"ImageObject","inLanguage":"pt-BR","@id":"https:\/\/secure.gravatar.com\/avatar\/5ba2793f0590b9dbfad3fdec4ee714485b3eef211c9b32ee53d414060454a56c?s=96&d=mm&r=g","url":"https:\/\/secure.gravatar.com\/avatar\/5ba2793f0590b9dbfad3fdec4ee714485b3eef211c9b32ee53d414060454a56c?s=96&d=mm&r=g","contentUrl":"https:\/\/secure.gravatar.com\/avatar\/5ba2793f0590b9dbfad3fdec4ee714485b3eef211c9b32ee53d414060454a56c?s=96&d=mm&r=g","caption":"Sodr\u00e9"},"sameAs":["https:\/\/www.facebook.com\/carosroberto.sodre.5\/"],"url":"https:\/\/ubanews.com\/site\/author\/felipe\/"}]}},"_links":{"self":[{"href":"https:\/\/ubanews.com\/site\/wp-json\/wp\/v2\/posts\/7563","targetHints":{"allow":["GET"]}}],"collection":[{"href":"https:\/\/ubanews.com\/site\/wp-json\/wp\/v2\/posts"}],"about":[{"href":"https:\/\/ubanews.com\/site\/wp-json\/wp\/v2\/types\/post"}],"author":[{"embeddable":true,"href":"https:\/\/ubanews.com\/site\/wp-json\/wp\/v2\/users\/2"}],"replies":[{"embeddable":true,"href":"https:\/\/ubanews.com\/site\/wp-json\/wp\/v2\/comments?post=7563"}],"version-history":[{"count":0,"href":"https:\/\/ubanews.com\/site\/wp-json\/wp\/v2\/posts\/7563\/revisions"}],"wp:featuredmedia":[{"embeddable":true,"href":"https:\/\/ubanews.com\/site\/wp-json\/wp\/v2\/media\/7566"}],"wp:attachment":[{"href":"https:\/\/ubanews.com\/site\/wp-json\/wp\/v2\/media?parent=7563"}],"wp:term":[{"taxonomy":"category","embeddable":true,"href":"https:\/\/ubanews.com\/site\/wp-json\/wp\/v2\/categories?post=7563"},{"taxonomy":"post_tag","embeddable":true,"href":"https:\/\/ubanews.com\/site\/wp-json\/wp\/v2\/tags?post=7563"}],"curies":[{"name":"wp","href":"https:\/\/api.w.org\/{rel}","templated":true}]}}