{"id":7539,"date":"2018-09-19T22:14:22","date_gmt":"2018-09-20T01:14:22","guid":{"rendered":"http:\/\/ubanews.com\/site\/?p=7539"},"modified":"2018-09-18T23:15:57","modified_gmt":"2018-09-19T02:15:57","slug":"atencao-produtor-rural-reuniao-sobre-o-cultivo-da-palmeira-macuba","status":"publish","type":"post","link":"https:\/\/ubanews.com\/site\/2018\/09\/19\/atencao-produtor-rural-reuniao-sobre-o-cultivo-da-palmeira-macuba\/","title":{"rendered":"Aten\u00e7\u00e3o produtor rural, reuni\u00e3o sobre o cultivo da palmeira mac\u00faba"},"content":{"rendered":"<div>Aten\u00e7\u00e3o produtor rural:<\/div>\n<div>A Prefeitura de Ub\u00e1 convida voc\u00ea a participar da reuni\u00e3o sobre o cultivo da palmeira maca\u00faba como alternativa de renda e sustentabilidade para pequenos e m\u00e9dios produtores da regi\u00e3o. O evento acontece no dia 25 de setembro, pr\u00f3xima ter\u00e7a-feira, \u00e0s 10 horas da manh\u00e3, na sede do Sindicato dos Produtores Rurais de Ub\u00e1.&nbsp;<\/div>\n<div><a href=\"https:\/\/ubanews.com\/site\/wp-content\/uploads\/2018\/08\/ELETRO-SENA-AUTOMOTIVA-2.jpg\"><img decoding=\"async\" class=\"alignnone wp-image-7016 size-full lazyload\" data-src=\"https:\/\/ubanews.com\/site\/wp-content\/uploads\/2018\/08\/ELETRO-SENA-AUTOMOTIVA-2.jpg\" alt=\"\" width=\"800\" height=\"264\" data-srcset=\"https:\/\/ubanews.com\/site\/wp-content\/uploads\/2018\/08\/ELETRO-SENA-AUTOMOTIVA-2.jpg 800w, https:\/\/ubanews.com\/site\/wp-content\/uploads\/2018\/08\/ELETRO-SENA-AUTOMOTIVA-2-300x99.jpg 300w, https:\/\/ubanews.com\/site\/wp-content\/uploads\/2018\/08\/ELETRO-SENA-AUTOMOTIVA-2-768x253.jpg 768w\" data-sizes=\"(max-width: 800px) 100vw, 800px\" src=\"data:image\/svg+xml;base64,PHN2ZyB3aWR0aD0iMSIgaGVpZ2h0PSIxIiB4bWxucz0iaHR0cDovL3d3dy53My5vcmcvMjAwMC9zdmciPjwvc3ZnPg==\" style=\"--smush-placeholder-width: 800px; --smush-placeholder-aspect-ratio: 800\/264;\" \/><\/a><\/div>\n<div>Essa reuni\u00e3o ser\u00e1 muito importante, especialmente para os produtores e institui\u00e7\u00f5es interessadas no desenvolvimento sustent\u00e1vel da Zona da Mata mineira.&nbsp;Agradecemos a aten\u00e7\u00e3o e contamos com a presen\u00e7a de todos na reuni\u00e3o do dia 25 de setembro, \u00e0s 10 horas da manh\u00e3, no Sindicato Rural.&nbsp;<\/div>\n<div>&nbsp;<\/div>\n<div><strong>Assessoria de Comunica\u00e7\u00e3o Prefeitura Municipal de Ub\u00e1<\/strong><\/div>\n","protected":false},"excerpt":{"rendered":"<p>Aten\u00e7\u00e3o produtor rural: A Prefeitura de Ub\u00e1 convida voc\u00ea a<\/p>\n","protected":false},"author":2,"featured_media":5046,"comment_status":"open","ping_status":"open","sticky":false,"template":"","format":"standard","meta":{"footnotes":""},"categories":[15],"tags":[],"class_list":["post-7539","post","type-post","status-publish","format-standard","has-post-thumbnail","hentry","category-prefeitura-municipal"],"yoast_head":"<!-- This site is optimized with the Yoast SEO plugin v27.2 - https:\/\/yoast.com\/product\/yoast-seo-wordpress\/ -->\n<title>Aten\u00e7\u00e3o produtor rural, reuni\u00e3o sobre o cultivo da palmeira mac\u00faba - Ub\u00e1 News<\/title>\n<meta name=\"robots\" content=\"index, follow, max-snippet:-1, max-image-preview:large, max-video-preview:-1\" \/>\n<link rel=\"canonical\" href=\"https:\/\/ubanews.com\/site\/2018\/09\/19\/atencao-produtor-rural-reuniao-sobre-o-cultivo-da-palmeira-macuba\/\" \/>\n<meta property=\"og:locale\" content=\"pt_BR\" \/>\n<meta property=\"og:type\" content=\"article\" \/>\n<meta property=\"og:title\" content=\"Aten\u00e7\u00e3o produtor rural, reuni\u00e3o sobre o cultivo da palmeira mac\u00faba - Ub\u00e1 News\" \/>\n<meta property=\"og:description\" content=\"Aten\u00e7\u00e3o produtor rural: A Prefeitura de Ub\u00e1 convida voc\u00ea a\" \/>\n<meta property=\"og:url\" content=\"https:\/\/ubanews.com\/site\/2018\/09\/19\/atencao-produtor-rural-reuniao-sobre-o-cultivo-da-palmeira-macuba\/\" \/>\n<meta property=\"og:site_name\" content=\"Ub\u00e1 News\" \/>\n<meta property=\"article:publisher\" content=\"https:\/\/www.facebook.com\/Ub%c3%a1News-Carlos-Roberto-Sodr%c3%a9-418778301977370\" \/>\n<meta property=\"article:author\" content=\"https:\/\/www.facebook.com\/carosroberto.sodre.5\/\" \/>\n<meta property=\"article:published_time\" content=\"2018-09-20T01:14:22+00:00\" \/>\n<meta property=\"og:image\" content=\"https:\/\/ubanews.com\/site\/wp-content\/uploads\/2018\/06\/Prefeitura-de-Ub\u00e1.jpg\" \/>\n\t<meta property=\"og:image:width\" content=\"800\" \/>\n\t<meta property=\"og:image:height\" content=\"457\" \/>\n\t<meta property=\"og:image:type\" content=\"image\/jpeg\" \/>\n<meta name=\"author\" content=\"Sodr\u00e9\" \/>\n<meta name=\"twitter:card\" content=\"summary_large_image\" \/>\n<meta name=\"twitter:label1\" content=\"Escrito por\" \/>\n\t<meta name=\"twitter:data1\" content=\"Sodr\u00e9\" \/>\n\t<meta name=\"twitter:label2\" content=\"Est. tempo de leitura\" \/>\n\t<meta name=\"twitter:data2\" content=\"1 minuto\" \/>\n<script type=\"application\/ld+json\" class=\"yoast-schema-graph\">{\"@context\":\"https:\/\/schema.org\",\"@graph\":[{\"@type\":\"Article\",\"@id\":\"https:\/\/ubanews.com\/site\/2018\/09\/19\/atencao-produtor-rural-reuniao-sobre-o-cultivo-da-palmeira-macuba\/#article\",\"isPartOf\":{\"@id\":\"https:\/\/ubanews.com\/site\/2018\/09\/19\/atencao-produtor-rural-reuniao-sobre-o-cultivo-da-palmeira-macuba\/\"},\"author\":{\"name\":\"Sodr\u00e9\",\"@id\":\"https:\/\/ubanews.com\/site\/#\/schema\/person\/d90c9e47252fbb63dcc969fe4c8b9d10\"},\"headline\":\"Aten\u00e7\u00e3o produtor rural, reuni\u00e3o sobre o cultivo da palmeira mac\u00faba\",\"datePublished\":\"2018-09-20T01:14:22+00:00\",\"mainEntityOfPage\":{\"@id\":\"https:\/\/ubanews.com\/site\/2018\/09\/19\/atencao-produtor-rural-reuniao-sobre-o-cultivo-da-palmeira-macuba\/\"},\"wordCount\":135,\"commentCount\":0,\"publisher\":{\"@id\":\"https:\/\/ubanews.com\/site\/#organization\"},\"image\":{\"@id\":\"https:\/\/ubanews.com\/site\/2018\/09\/19\/atencao-produtor-rural-reuniao-sobre-o-cultivo-da-palmeira-macuba\/#primaryimage\"},\"thumbnailUrl\":\"https:\/\/ubanews.com\/site\/wp-content\/uploads\/2018\/06\/Prefeitura-de-Ub\u00e1.jpg\",\"articleSection\":[\"Prefeitura Municipal\"],\"inLanguage\":\"pt-BR\",\"potentialAction\":[{\"@type\":\"CommentAction\",\"name\":\"Comment\",\"target\":[\"https:\/\/ubanews.com\/site\/2018\/09\/19\/atencao-produtor-rural-reuniao-sobre-o-cultivo-da-palmeira-macuba\/#respond\"]}]},{\"@type\":\"WebPage\",\"@id\":\"https:\/\/ubanews.com\/site\/2018\/09\/19\/atencao-produtor-rural-reuniao-sobre-o-cultivo-da-palmeira-macuba\/\",\"url\":\"https:\/\/ubanews.com\/site\/2018\/09\/19\/atencao-produtor-rural-reuniao-sobre-o-cultivo-da-palmeira-macuba\/\",\"name\":\"Aten\u00e7\u00e3o produtor rural, reuni\u00e3o sobre o cultivo da palmeira mac\u00faba - Ub\u00e1 News\",\"isPartOf\":{\"@id\":\"https:\/\/ubanews.com\/site\/#website\"},\"primaryImageOfPage\":{\"@id\":\"https:\/\/ubanews.com\/site\/2018\/09\/19\/atencao-produtor-rural-reuniao-sobre-o-cultivo-da-palmeira-macuba\/#primaryimage\"},\"image\":{\"@id\":\"https:\/\/ubanews.com\/site\/2018\/09\/19\/atencao-produtor-rural-reuniao-sobre-o-cultivo-da-palmeira-macuba\/#primaryimage\"},\"thumbnailUrl\":\"https:\/\/ubanews.com\/site\/wp-content\/uploads\/2018\/06\/Prefeitura-de-Ub\u00e1.jpg\",\"datePublished\":\"2018-09-20T01:14:22+00:00\",\"breadcrumb\":{\"@id\":\"https:\/\/ubanews.com\/site\/2018\/09\/19\/atencao-produtor-rural-reuniao-sobre-o-cultivo-da-palmeira-macuba\/#breadcrumb\"},\"inLanguage\":\"pt-BR\",\"potentialAction\":[{\"@type\":\"ReadAction\",\"target\":[\"https:\/\/ubanews.com\/site\/2018\/09\/19\/atencao-produtor-rural-reuniao-sobre-o-cultivo-da-palmeira-macuba\/\"]}]},{\"@type\":\"ImageObject\",\"inLanguage\":\"pt-BR\",\"@id\":\"https:\/\/ubanews.com\/site\/2018\/09\/19\/atencao-produtor-rural-reuniao-sobre-o-cultivo-da-palmeira-macuba\/#primaryimage\",\"url\":\"https:\/\/ubanews.com\/site\/wp-content\/uploads\/2018\/06\/Prefeitura-de-Ub\u00e1.jpg\",\"contentUrl\":\"https:\/\/ubanews.com\/site\/wp-content\/uploads\/2018\/06\/Prefeitura-de-Ub\u00e1.jpg\",\"width\":800,\"height\":457},{\"@type\":\"BreadcrumbList\",\"@id\":\"https:\/\/ubanews.com\/site\/2018\/09\/19\/atencao-produtor-rural-reuniao-sobre-o-cultivo-da-palmeira-macuba\/#breadcrumb\",\"itemListElement\":[{\"@type\":\"ListItem\",\"position\":1,\"name\":\"Home\",\"item\":\"https:\/\/ubanews.com\/site\/\"},{\"@type\":\"ListItem\",\"position\":2,\"name\":\"Aten\u00e7\u00e3o produtor rural, reuni\u00e3o sobre o cultivo da palmeira mac\u00faba\"}]},{\"@type\":\"WebSite\",\"@id\":\"https:\/\/ubanews.com\/site\/#website\",\"url\":\"https:\/\/ubanews.com\/site\/\",\"name\":\"Ub\u00e1 News\",\"description\":\"\",\"publisher\":{\"@id\":\"https:\/\/ubanews.com\/site\/#organization\"},\"potentialAction\":[{\"@type\":\"SearchAction\",\"target\":{\"@type\":\"EntryPoint\",\"urlTemplate\":\"https:\/\/ubanews.com\/site\/?s={search_term_string}\"},\"query-input\":{\"@type\":\"PropertyValueSpecification\",\"valueRequired\":true,\"valueName\":\"search_term_string\"}}],\"inLanguage\":\"pt-BR\"},{\"@type\":\"Organization\",\"@id\":\"https:\/\/ubanews.com\/site\/#organization\",\"name\":\"Ub\u00e1 News\",\"url\":\"https:\/\/ubanews.com\/site\/\",\"logo\":{\"@type\":\"ImageObject\",\"inLanguage\":\"pt-BR\",\"@id\":\"https:\/\/ubanews.com\/site\/#\/schema\/logo\/image\/\",\"url\":\"https:\/\/ubanews.com\/site\/wp-content\/uploads\/2018\/01\/logoubanews.png\",\"contentUrl\":\"https:\/\/ubanews.com\/site\/wp-content\/uploads\/2018\/01\/logoubanews.png\",\"width\":261,\"height\":99,\"caption\":\"Ub\u00e1 News\"},\"image\":{\"@id\":\"https:\/\/ubanews.com\/site\/#\/schema\/logo\/image\/\"},\"sameAs\":[\"https:\/\/www.facebook.com\/Ub\u00e1News-Carlos-Roberto-Sodr\u00e9-418778301977370\"]},{\"@type\":\"Person\",\"@id\":\"https:\/\/ubanews.com\/site\/#\/schema\/person\/d90c9e47252fbb63dcc969fe4c8b9d10\",\"name\":\"Sodr\u00e9\",\"image\":{\"@type\":\"ImageObject\",\"inLanguage\":\"pt-BR\",\"@id\":\"https:\/\/secure.gravatar.com\/avatar\/5ba2793f0590b9dbfad3fdec4ee714485b3eef211c9b32ee53d414060454a56c?s=96&d=mm&r=g\",\"url\":\"https:\/\/secure.gravatar.com\/avatar\/5ba2793f0590b9dbfad3fdec4ee714485b3eef211c9b32ee53d414060454a56c?s=96&d=mm&r=g\",\"contentUrl\":\"https:\/\/secure.gravatar.com\/avatar\/5ba2793f0590b9dbfad3fdec4ee714485b3eef211c9b32ee53d414060454a56c?s=96&d=mm&r=g\",\"caption\":\"Sodr\u00e9\"},\"sameAs\":[\"https:\/\/www.facebook.com\/carosroberto.sodre.5\/\"],\"url\":\"https:\/\/ubanews.com\/site\/author\/felipe\/\"}]}<\/script>\n<!-- \/ Yoast SEO plugin. -->","yoast_head_json":{"title":"Aten\u00e7\u00e3o produtor rural, reuni\u00e3o sobre o cultivo da palmeira mac\u00faba - Ub\u00e1 News","robots":{"index":"index","follow":"follow","max-snippet":"max-snippet:-1","max-image-preview":"max-image-preview:large","max-video-preview":"max-video-preview:-1"},"canonical":"https:\/\/ubanews.com\/site\/2018\/09\/19\/atencao-produtor-rural-reuniao-sobre-o-cultivo-da-palmeira-macuba\/","og_locale":"pt_BR","og_type":"article","og_title":"Aten\u00e7\u00e3o produtor rural, reuni\u00e3o sobre o cultivo da palmeira mac\u00faba - Ub\u00e1 News","og_description":"Aten\u00e7\u00e3o produtor rural: A Prefeitura de Ub\u00e1 convida voc\u00ea a","og_url":"https:\/\/ubanews.com\/site\/2018\/09\/19\/atencao-produtor-rural-reuniao-sobre-o-cultivo-da-palmeira-macuba\/","og_site_name":"Ub\u00e1 News","article_publisher":"https:\/\/www.facebook.com\/Ub%c3%a1News-Carlos-Roberto-Sodr%c3%a9-418778301977370","article_author":"https:\/\/www.facebook.com\/carosroberto.sodre.5\/","article_published_time":"2018-09-20T01:14:22+00:00","og_image":[{"width":800,"height":457,"url":"https:\/\/ubanews.com\/site\/wp-content\/uploads\/2018\/06\/Prefeitura-de-Ub\u00e1.jpg","type":"image\/jpeg"}],"author":"Sodr\u00e9","twitter_card":"summary_large_image","twitter_misc":{"Escrito por":"Sodr\u00e9","Est. tempo de leitura":"1 minuto"},"schema":{"@context":"https:\/\/schema.org","@graph":[{"@type":"Article","@id":"https:\/\/ubanews.com\/site\/2018\/09\/19\/atencao-produtor-rural-reuniao-sobre-o-cultivo-da-palmeira-macuba\/#article","isPartOf":{"@id":"https:\/\/ubanews.com\/site\/2018\/09\/19\/atencao-produtor-rural-reuniao-sobre-o-cultivo-da-palmeira-macuba\/"},"author":{"name":"Sodr\u00e9","@id":"https:\/\/ubanews.com\/site\/#\/schema\/person\/d90c9e47252fbb63dcc969fe4c8b9d10"},"headline":"Aten\u00e7\u00e3o produtor rural, reuni\u00e3o sobre o cultivo da palmeira mac\u00faba","datePublished":"2018-09-20T01:14:22+00:00","mainEntityOfPage":{"@id":"https:\/\/ubanews.com\/site\/2018\/09\/19\/atencao-produtor-rural-reuniao-sobre-o-cultivo-da-palmeira-macuba\/"},"wordCount":135,"commentCount":0,"publisher":{"@id":"https:\/\/ubanews.com\/site\/#organization"},"image":{"@id":"https:\/\/ubanews.com\/site\/2018\/09\/19\/atencao-produtor-rural-reuniao-sobre-o-cultivo-da-palmeira-macuba\/#primaryimage"},"thumbnailUrl":"https:\/\/ubanews.com\/site\/wp-content\/uploads\/2018\/06\/Prefeitura-de-Ub\u00e1.jpg","articleSection":["Prefeitura Municipal"],"inLanguage":"pt-BR","potentialAction":[{"@type":"CommentAction","name":"Comment","target":["https:\/\/ubanews.com\/site\/2018\/09\/19\/atencao-produtor-rural-reuniao-sobre-o-cultivo-da-palmeira-macuba\/#respond"]}]},{"@type":"WebPage","@id":"https:\/\/ubanews.com\/site\/2018\/09\/19\/atencao-produtor-rural-reuniao-sobre-o-cultivo-da-palmeira-macuba\/","url":"https:\/\/ubanews.com\/site\/2018\/09\/19\/atencao-produtor-rural-reuniao-sobre-o-cultivo-da-palmeira-macuba\/","name":"Aten\u00e7\u00e3o produtor rural, reuni\u00e3o sobre o cultivo da palmeira mac\u00faba - Ub\u00e1 News","isPartOf":{"@id":"https:\/\/ubanews.com\/site\/#website"},"primaryImageOfPage":{"@id":"https:\/\/ubanews.com\/site\/2018\/09\/19\/atencao-produtor-rural-reuniao-sobre-o-cultivo-da-palmeira-macuba\/#primaryimage"},"image":{"@id":"https:\/\/ubanews.com\/site\/2018\/09\/19\/atencao-produtor-rural-reuniao-sobre-o-cultivo-da-palmeira-macuba\/#primaryimage"},"thumbnailUrl":"https:\/\/ubanews.com\/site\/wp-content\/uploads\/2018\/06\/Prefeitura-de-Ub\u00e1.jpg","datePublished":"2018-09-20T01:14:22+00:00","breadcrumb":{"@id":"https:\/\/ubanews.com\/site\/2018\/09\/19\/atencao-produtor-rural-reuniao-sobre-o-cultivo-da-palmeira-macuba\/#breadcrumb"},"inLanguage":"pt-BR","potentialAction":[{"@type":"ReadAction","target":["https:\/\/ubanews.com\/site\/2018\/09\/19\/atencao-produtor-rural-reuniao-sobre-o-cultivo-da-palmeira-macuba\/"]}]},{"@type":"ImageObject","inLanguage":"pt-BR","@id":"https:\/\/ubanews.com\/site\/2018\/09\/19\/atencao-produtor-rural-reuniao-sobre-o-cultivo-da-palmeira-macuba\/#primaryimage","url":"https:\/\/ubanews.com\/site\/wp-content\/uploads\/2018\/06\/Prefeitura-de-Ub\u00e1.jpg","contentUrl":"https:\/\/ubanews.com\/site\/wp-content\/uploads\/2018\/06\/Prefeitura-de-Ub\u00e1.jpg","width":800,"height":457},{"@type":"BreadcrumbList","@id":"https:\/\/ubanews.com\/site\/2018\/09\/19\/atencao-produtor-rural-reuniao-sobre-o-cultivo-da-palmeira-macuba\/#breadcrumb","itemListElement":[{"@type":"ListItem","position":1,"name":"Home","item":"https:\/\/ubanews.com\/site\/"},{"@type":"ListItem","position":2,"name":"Aten\u00e7\u00e3o produtor rural, reuni\u00e3o sobre o cultivo da palmeira mac\u00faba"}]},{"@type":"WebSite","@id":"https:\/\/ubanews.com\/site\/#website","url":"https:\/\/ubanews.com\/site\/","name":"Ub\u00e1 News","description":"","publisher":{"@id":"https:\/\/ubanews.com\/site\/#organization"},"potentialAction":[{"@type":"SearchAction","target":{"@type":"EntryPoint","urlTemplate":"https:\/\/ubanews.com\/site\/?s={search_term_string}"},"query-input":{"@type":"PropertyValueSpecification","valueRequired":true,"valueName":"search_term_string"}}],"inLanguage":"pt-BR"},{"@type":"Organization","@id":"https:\/\/ubanews.com\/site\/#organization","name":"Ub\u00e1 News","url":"https:\/\/ubanews.com\/site\/","logo":{"@type":"ImageObject","inLanguage":"pt-BR","@id":"https:\/\/ubanews.com\/site\/#\/schema\/logo\/image\/","url":"https:\/\/ubanews.com\/site\/wp-content\/uploads\/2018\/01\/logoubanews.png","contentUrl":"https:\/\/ubanews.com\/site\/wp-content\/uploads\/2018\/01\/logoubanews.png","width":261,"height":99,"caption":"Ub\u00e1 News"},"image":{"@id":"https:\/\/ubanews.com\/site\/#\/schema\/logo\/image\/"},"sameAs":["https:\/\/www.facebook.com\/Ub\u00e1News-Carlos-Roberto-Sodr\u00e9-418778301977370"]},{"@type":"Person","@id":"https:\/\/ubanews.com\/site\/#\/schema\/person\/d90c9e47252fbb63dcc969fe4c8b9d10","name":"Sodr\u00e9","image":{"@type":"ImageObject","inLanguage":"pt-BR","@id":"https:\/\/secure.gravatar.com\/avatar\/5ba2793f0590b9dbfad3fdec4ee714485b3eef211c9b32ee53d414060454a56c?s=96&d=mm&r=g","url":"https:\/\/secure.gravatar.com\/avatar\/5ba2793f0590b9dbfad3fdec4ee714485b3eef211c9b32ee53d414060454a56c?s=96&d=mm&r=g","contentUrl":"https:\/\/secure.gravatar.com\/avatar\/5ba2793f0590b9dbfad3fdec4ee714485b3eef211c9b32ee53d414060454a56c?s=96&d=mm&r=g","caption":"Sodr\u00e9"},"sameAs":["https:\/\/www.facebook.com\/carosroberto.sodre.5\/"],"url":"https:\/\/ubanews.com\/site\/author\/felipe\/"}]}},"_links":{"self":[{"href":"https:\/\/ubanews.com\/site\/wp-json\/wp\/v2\/posts\/7539","targetHints":{"allow":["GET"]}}],"collection":[{"href":"https:\/\/ubanews.com\/site\/wp-json\/wp\/v2\/posts"}],"about":[{"href":"https:\/\/ubanews.com\/site\/wp-json\/wp\/v2\/types\/post"}],"author":[{"embeddable":true,"href":"https:\/\/ubanews.com\/site\/wp-json\/wp\/v2\/users\/2"}],"replies":[{"embeddable":true,"href":"https:\/\/ubanews.com\/site\/wp-json\/wp\/v2\/comments?post=7539"}],"version-history":[{"count":0,"href":"https:\/\/ubanews.com\/site\/wp-json\/wp\/v2\/posts\/7539\/revisions"}],"wp:featuredmedia":[{"embeddable":true,"href":"https:\/\/ubanews.com\/site\/wp-json\/wp\/v2\/media\/5046"}],"wp:attachment":[{"href":"https:\/\/ubanews.com\/site\/wp-json\/wp\/v2\/media?parent=7539"}],"wp:term":[{"taxonomy":"category","embeddable":true,"href":"https:\/\/ubanews.com\/site\/wp-json\/wp\/v2\/categories?post=7539"},{"taxonomy":"post_tag","embeddable":true,"href":"https:\/\/ubanews.com\/site\/wp-json\/wp\/v2\/tags?post=7539"}],"curies":[{"name":"wp","href":"https:\/\/api.w.org\/{rel}","templated":true}]}}