{"id":7438,"date":"2018-09-14T12:15:04","date_gmt":"2018-09-14T15:15:04","guid":{"rendered":"http:\/\/ubanews.com\/site\/?p=7438"},"modified":"2018-09-14T12:15:04","modified_gmt":"2018-09-14T15:15:04","slug":"policia-militar-aborda-ocupantes-de-taxi-por-trafico-e-uso-de-drogas-no-interior-do-veiculo","status":"publish","type":"post","link":"https:\/\/ubanews.com\/site\/2018\/09\/14\/policia-militar-aborda-ocupantes-de-taxi-por-trafico-e-uso-de-drogas-no-interior-do-veiculo\/","title":{"rendered":"Pol\u00edcia Militar aborda ocupantes de taxi por tr\u00e1fico e uso de drogas no interior do ve\u00edculo"},"content":{"rendered":"<p>No dia 13 de Setembro de 2018 \u00e0s 15h56min a Pol\u00edcia Militar recebeu den\u00fancia an\u00f4nima informando que um ve\u00edculo marca\/modelo Sienna T\u00e1xi, de cor branca, emplacado em Visconde do Rio Branco, estaria vindo pela rodovia Ub\u00e1 x Visconde do Rio Branco, em atitude suspeita, fazendo zigue-zague pela pista, sendo que em dado momento o denunciante que estava em &nbsp;outro ve\u00edculo, atr\u00e1s do referido t\u00e1xi, p\u00f4de perceber quando o passageiro que estava assentado ao lado do motorista do ve\u00edculo t\u00e1xi, dispensou para fora do carro, pela janela, um inv\u00f3lucro pl\u00e1stico transparente, tipo pino de coca\u00edna, vazio.<\/p>\n<p>Destarte a Pol\u00edcia Militar, desencadeou rastreamento, onde avistou em movimento tal ve\u00edculo denunciado j\u00e1 na rua Jos\u00e9 Khoury, Bairro Ch\u00e1cara, o qual de imediato foi interceptado e abordado e os ocupantes ao serem abordados&nbsp; foi procedida busca pessoal no carona\/passageiro sendo o primeiro cidad\u00e3o abordado: M\u00e1rcio Arcanjo Mussoli de 54 anos, onde nada de il\u00edcito foi encontrado em poder do mesmo, e tamb\u00e9m no motorista do t\u00e1xi o cidad\u00e3o \u00c9der Fernandes Cardoso de 36 anos e nada de il\u00edcito foi encontrado em poder do mesmo.<a href=\"https:\/\/ubanews.com\/site\/wp-content\/uploads\/2018\/08\/ELETRO-SENA-AUTOMOTIVA-2.jpg\"><img decoding=\"async\" class=\"alignnone wp-image-7016 size-full lazyload\" data-src=\"https:\/\/ubanews.com\/site\/wp-content\/uploads\/2018\/08\/ELETRO-SENA-AUTOMOTIVA-2.jpg\" alt=\"\" width=\"800\" height=\"264\" data-srcset=\"https:\/\/ubanews.com\/site\/wp-content\/uploads\/2018\/08\/ELETRO-SENA-AUTOMOTIVA-2.jpg 800w, https:\/\/ubanews.com\/site\/wp-content\/uploads\/2018\/08\/ELETRO-SENA-AUTOMOTIVA-2-300x99.jpg 300w, https:\/\/ubanews.com\/site\/wp-content\/uploads\/2018\/08\/ELETRO-SENA-AUTOMOTIVA-2-768x253.jpg 768w\" data-sizes=\"(max-width: 800px) 100vw, 800px\" src=\"data:image\/svg+xml;base64,PHN2ZyB3aWR0aD0iMSIgaGVpZ2h0PSIxIiB4bWxucz0iaHR0cDovL3d3dy53My5vcmcvMjAwMC9zdmciPjwvc3ZnPg==\" style=\"--smush-placeholder-width: 800px; --smush-placeholder-aspect-ratio: 800\/264;\" \/><\/a><\/p>\n<p>Ap\u00f3s o feito na presen\u00e7a de testemunhas, foi realizada busca no interior do ve\u00edculo sendo localizado no assoalho deste ve\u00edculo t\u00e1xi, no lado do passageiro os seguintes mat\u00e9rias\/objetos: 04 (quatro) pinos de pl\u00e1stico transparentes, contendo no interior de cada um, uma subst\u00e2ncia amarelada, em p\u00f3, semelhante a coca\u00edna&#8221;; &nbsp;03 (tres) bombas, tipo cabe\u00e7a de &#8216;nego&#8217;, n\u00ba. 04; R$7,35 (sete reais e trinta e cinco centavos), em pratas, de valores variados.<\/p>\n<p>O autor M\u00e1rcio, confessou aos policiais militares que fez sim uso de coca\u00edna dentro do ve\u00edculo t\u00e1xi, ao lado do motorista.<\/p>\n<p>Mediante as circunst\u00e2ncias os autores foram presos por tr\u00e1fico il\u00edcito de drogas sendo encaminhados juntamente com os materiais encontrados \u00e0 Delegacia de Pol\u00edcia Judici\u00e1ria. O ve\u00edculo foi removido ao p\u00e1tio credenciado.<\/p>\n<p><strong>Passagens policiais M\u00e1rcio:<\/strong> 11\/02\/2010 \u2013 Posse ilegal de arma de fogo; 29\/05\/2017 maus tratos; 21\/05\/2011 acidente de tr\u00e2nsito.<\/p>\n<p><strong>Passagens policiais \u00c9der: <\/strong>01\/05\/2010 \u2013 Dire\u00e7\u00e3o perigosa; 06\/11\/2017 cond. ve\u00edculo sob infl. \u00e1lcool; 19\/05\/2017 \u2013 Jogo de Azar; 11\/11\/2012 acid. tr\u00e2nsito sem v\u00edtima.<\/p>\n<p><strong>ASSESSORIA DE COMUNICA\u00c7\u00c3O ORGANIZACIONAL<\/strong><\/p>\n<p><strong><em>Vig\u00e9simo Primeiro Batalh\u00e3o de Pol\u00edcia Militar<\/em><\/strong><\/p>\n","protected":false},"excerpt":{"rendered":"<p>No dia 13 de Setembro de 2018 \u00e0s 15h56min a<\/p>\n","protected":false},"author":2,"featured_media":5988,"comment_status":"open","ping_status":"open","sticky":false,"template":"","format":"standard","meta":{"footnotes":""},"categories":[13],"tags":[],"class_list":["post-7438","post","type-post","status-publish","format-standard","has-post-thumbnail","hentry","category-sintese-das-ocorrencias"],"yoast_head":"<!-- This site is optimized with the Yoast SEO plugin v27.2 - https:\/\/yoast.com\/product\/yoast-seo-wordpress\/ -->\n<title>Pol\u00edcia Militar aborda ocupantes de taxi por tr\u00e1fico e uso de drogas no interior do ve\u00edculo - Ub\u00e1 News<\/title>\n<meta name=\"robots\" content=\"index, follow, max-snippet:-1, max-image-preview:large, max-video-preview:-1\" \/>\n<link rel=\"canonical\" href=\"https:\/\/ubanews.com\/site\/2018\/09\/14\/policia-militar-aborda-ocupantes-de-taxi-por-trafico-e-uso-de-drogas-no-interior-do-veiculo\/\" \/>\n<meta property=\"og:locale\" content=\"pt_BR\" \/>\n<meta property=\"og:type\" content=\"article\" \/>\n<meta property=\"og:title\" content=\"Pol\u00edcia Militar aborda ocupantes de taxi por tr\u00e1fico e uso de drogas no interior do ve\u00edculo - Ub\u00e1 News\" \/>\n<meta property=\"og:description\" content=\"No dia 13 de Setembro de 2018 \u00e0s 15h56min a\" \/>\n<meta property=\"og:url\" content=\"https:\/\/ubanews.com\/site\/2018\/09\/14\/policia-militar-aborda-ocupantes-de-taxi-por-trafico-e-uso-de-drogas-no-interior-do-veiculo\/\" \/>\n<meta property=\"og:site_name\" content=\"Ub\u00e1 News\" \/>\n<meta property=\"article:publisher\" content=\"https:\/\/www.facebook.com\/Ub%c3%a1News-Carlos-Roberto-Sodr%c3%a9-418778301977370\" \/>\n<meta property=\"article:author\" content=\"https:\/\/www.facebook.com\/carosroberto.sodre.5\/\" \/>\n<meta property=\"article:published_time\" content=\"2018-09-14T15:15:04+00:00\" \/>\n<meta property=\"og:image\" content=\"https:\/\/ubanews.com\/site\/wp-content\/uploads\/2018\/07\/giroflex-policia-01.jpg\" \/>\n\t<meta property=\"og:image:width\" content=\"800\" \/>\n\t<meta property=\"og:image:height\" content=\"389\" \/>\n\t<meta property=\"og:image:type\" content=\"image\/jpeg\" \/>\n<meta name=\"author\" content=\"Sodr\u00e9\" \/>\n<meta name=\"twitter:card\" content=\"summary_large_image\" \/>\n<meta name=\"twitter:label1\" content=\"Escrito por\" \/>\n\t<meta name=\"twitter:data1\" content=\"Sodr\u00e9\" \/>\n\t<meta name=\"twitter:label2\" content=\"Est. tempo de leitura\" \/>\n\t<meta name=\"twitter:data2\" content=\"2 minutos\" \/>\n<script type=\"application\/ld+json\" class=\"yoast-schema-graph\">{\"@context\":\"https:\/\/schema.org\",\"@graph\":[{\"@type\":\"Article\",\"@id\":\"https:\/\/ubanews.com\/site\/2018\/09\/14\/policia-militar-aborda-ocupantes-de-taxi-por-trafico-e-uso-de-drogas-no-interior-do-veiculo\/#article\",\"isPartOf\":{\"@id\":\"https:\/\/ubanews.com\/site\/2018\/09\/14\/policia-militar-aborda-ocupantes-de-taxi-por-trafico-e-uso-de-drogas-no-interior-do-veiculo\/\"},\"author\":{\"name\":\"Sodr\u00e9\",\"@id\":\"https:\/\/ubanews.com\/site\/#\/schema\/person\/d90c9e47252fbb63dcc969fe4c8b9d10\"},\"headline\":\"Pol\u00edcia Militar aborda ocupantes de taxi por tr\u00e1fico e uso de drogas no interior do ve\u00edculo\",\"datePublished\":\"2018-09-14T15:15:04+00:00\",\"mainEntityOfPage\":{\"@id\":\"https:\/\/ubanews.com\/site\/2018\/09\/14\/policia-militar-aborda-ocupantes-de-taxi-por-trafico-e-uso-de-drogas-no-interior-do-veiculo\/\"},\"wordCount\":416,\"commentCount\":0,\"publisher\":{\"@id\":\"https:\/\/ubanews.com\/site\/#organization\"},\"image\":{\"@id\":\"https:\/\/ubanews.com\/site\/2018\/09\/14\/policia-militar-aborda-ocupantes-de-taxi-por-trafico-e-uso-de-drogas-no-interior-do-veiculo\/#primaryimage\"},\"thumbnailUrl\":\"https:\/\/ubanews.com\/site\/wp-content\/uploads\/2018\/07\/giroflex-policia-01.jpg\",\"articleSection\":[\"S\u00edntese das Ocorr\u00eancias\"],\"inLanguage\":\"pt-BR\",\"potentialAction\":[{\"@type\":\"CommentAction\",\"name\":\"Comment\",\"target\":[\"https:\/\/ubanews.com\/site\/2018\/09\/14\/policia-militar-aborda-ocupantes-de-taxi-por-trafico-e-uso-de-drogas-no-interior-do-veiculo\/#respond\"]}]},{\"@type\":\"WebPage\",\"@id\":\"https:\/\/ubanews.com\/site\/2018\/09\/14\/policia-militar-aborda-ocupantes-de-taxi-por-trafico-e-uso-de-drogas-no-interior-do-veiculo\/\",\"url\":\"https:\/\/ubanews.com\/site\/2018\/09\/14\/policia-militar-aborda-ocupantes-de-taxi-por-trafico-e-uso-de-drogas-no-interior-do-veiculo\/\",\"name\":\"Pol\u00edcia Militar aborda ocupantes de taxi por tr\u00e1fico e uso de drogas no interior do ve\u00edculo - Ub\u00e1 News\",\"isPartOf\":{\"@id\":\"https:\/\/ubanews.com\/site\/#website\"},\"primaryImageOfPage\":{\"@id\":\"https:\/\/ubanews.com\/site\/2018\/09\/14\/policia-militar-aborda-ocupantes-de-taxi-por-trafico-e-uso-de-drogas-no-interior-do-veiculo\/#primaryimage\"},\"image\":{\"@id\":\"https:\/\/ubanews.com\/site\/2018\/09\/14\/policia-militar-aborda-ocupantes-de-taxi-por-trafico-e-uso-de-drogas-no-interior-do-veiculo\/#primaryimage\"},\"thumbnailUrl\":\"https:\/\/ubanews.com\/site\/wp-content\/uploads\/2018\/07\/giroflex-policia-01.jpg\",\"datePublished\":\"2018-09-14T15:15:04+00:00\",\"breadcrumb\":{\"@id\":\"https:\/\/ubanews.com\/site\/2018\/09\/14\/policia-militar-aborda-ocupantes-de-taxi-por-trafico-e-uso-de-drogas-no-interior-do-veiculo\/#breadcrumb\"},\"inLanguage\":\"pt-BR\",\"potentialAction\":[{\"@type\":\"ReadAction\",\"target\":[\"https:\/\/ubanews.com\/site\/2018\/09\/14\/policia-militar-aborda-ocupantes-de-taxi-por-trafico-e-uso-de-drogas-no-interior-do-veiculo\/\"]}]},{\"@type\":\"ImageObject\",\"inLanguage\":\"pt-BR\",\"@id\":\"https:\/\/ubanews.com\/site\/2018\/09\/14\/policia-militar-aborda-ocupantes-de-taxi-por-trafico-e-uso-de-drogas-no-interior-do-veiculo\/#primaryimage\",\"url\":\"https:\/\/ubanews.com\/site\/wp-content\/uploads\/2018\/07\/giroflex-policia-01.jpg\",\"contentUrl\":\"https:\/\/ubanews.com\/site\/wp-content\/uploads\/2018\/07\/giroflex-policia-01.jpg\",\"width\":800,\"height\":389},{\"@type\":\"BreadcrumbList\",\"@id\":\"https:\/\/ubanews.com\/site\/2018\/09\/14\/policia-militar-aborda-ocupantes-de-taxi-por-trafico-e-uso-de-drogas-no-interior-do-veiculo\/#breadcrumb\",\"itemListElement\":[{\"@type\":\"ListItem\",\"position\":1,\"name\":\"Home\",\"item\":\"https:\/\/ubanews.com\/site\/\"},{\"@type\":\"ListItem\",\"position\":2,\"name\":\"Pol\u00edcia Militar aborda ocupantes de taxi por tr\u00e1fico e uso de drogas no interior do ve\u00edculo\"}]},{\"@type\":\"WebSite\",\"@id\":\"https:\/\/ubanews.com\/site\/#website\",\"url\":\"https:\/\/ubanews.com\/site\/\",\"name\":\"Ub\u00e1 News\",\"description\":\"\",\"publisher\":{\"@id\":\"https:\/\/ubanews.com\/site\/#organization\"},\"potentialAction\":[{\"@type\":\"SearchAction\",\"target\":{\"@type\":\"EntryPoint\",\"urlTemplate\":\"https:\/\/ubanews.com\/site\/?s={search_term_string}\"},\"query-input\":{\"@type\":\"PropertyValueSpecification\",\"valueRequired\":true,\"valueName\":\"search_term_string\"}}],\"inLanguage\":\"pt-BR\"},{\"@type\":\"Organization\",\"@id\":\"https:\/\/ubanews.com\/site\/#organization\",\"name\":\"Ub\u00e1 News\",\"url\":\"https:\/\/ubanews.com\/site\/\",\"logo\":{\"@type\":\"ImageObject\",\"inLanguage\":\"pt-BR\",\"@id\":\"https:\/\/ubanews.com\/site\/#\/schema\/logo\/image\/\",\"url\":\"https:\/\/ubanews.com\/site\/wp-content\/uploads\/2018\/01\/logoubanews.png\",\"contentUrl\":\"https:\/\/ubanews.com\/site\/wp-content\/uploads\/2018\/01\/logoubanews.png\",\"width\":261,\"height\":99,\"caption\":\"Ub\u00e1 News\"},\"image\":{\"@id\":\"https:\/\/ubanews.com\/site\/#\/schema\/logo\/image\/\"},\"sameAs\":[\"https:\/\/www.facebook.com\/Ub\u00e1News-Carlos-Roberto-Sodr\u00e9-418778301977370\"]},{\"@type\":\"Person\",\"@id\":\"https:\/\/ubanews.com\/site\/#\/schema\/person\/d90c9e47252fbb63dcc969fe4c8b9d10\",\"name\":\"Sodr\u00e9\",\"image\":{\"@type\":\"ImageObject\",\"inLanguage\":\"pt-BR\",\"@id\":\"https:\/\/secure.gravatar.com\/avatar\/5ba2793f0590b9dbfad3fdec4ee714485b3eef211c9b32ee53d414060454a56c?s=96&d=mm&r=g\",\"url\":\"https:\/\/secure.gravatar.com\/avatar\/5ba2793f0590b9dbfad3fdec4ee714485b3eef211c9b32ee53d414060454a56c?s=96&d=mm&r=g\",\"contentUrl\":\"https:\/\/secure.gravatar.com\/avatar\/5ba2793f0590b9dbfad3fdec4ee714485b3eef211c9b32ee53d414060454a56c?s=96&d=mm&r=g\",\"caption\":\"Sodr\u00e9\"},\"sameAs\":[\"https:\/\/www.facebook.com\/carosroberto.sodre.5\/\"],\"url\":\"https:\/\/ubanews.com\/site\/author\/felipe\/\"}]}<\/script>\n<!-- \/ Yoast SEO plugin. -->","yoast_head_json":{"title":"Pol\u00edcia Militar aborda ocupantes de taxi por tr\u00e1fico e uso de drogas no interior do ve\u00edculo - Ub\u00e1 News","robots":{"index":"index","follow":"follow","max-snippet":"max-snippet:-1","max-image-preview":"max-image-preview:large","max-video-preview":"max-video-preview:-1"},"canonical":"https:\/\/ubanews.com\/site\/2018\/09\/14\/policia-militar-aborda-ocupantes-de-taxi-por-trafico-e-uso-de-drogas-no-interior-do-veiculo\/","og_locale":"pt_BR","og_type":"article","og_title":"Pol\u00edcia Militar aborda ocupantes de taxi por tr\u00e1fico e uso de drogas no interior do ve\u00edculo - Ub\u00e1 News","og_description":"No dia 13 de Setembro de 2018 \u00e0s 15h56min a","og_url":"https:\/\/ubanews.com\/site\/2018\/09\/14\/policia-militar-aborda-ocupantes-de-taxi-por-trafico-e-uso-de-drogas-no-interior-do-veiculo\/","og_site_name":"Ub\u00e1 News","article_publisher":"https:\/\/www.facebook.com\/Ub%c3%a1News-Carlos-Roberto-Sodr%c3%a9-418778301977370","article_author":"https:\/\/www.facebook.com\/carosroberto.sodre.5\/","article_published_time":"2018-09-14T15:15:04+00:00","og_image":[{"width":800,"height":389,"url":"https:\/\/ubanews.com\/site\/wp-content\/uploads\/2018\/07\/giroflex-policia-01.jpg","type":"image\/jpeg"}],"author":"Sodr\u00e9","twitter_card":"summary_large_image","twitter_misc":{"Escrito por":"Sodr\u00e9","Est. tempo de leitura":"2 minutos"},"schema":{"@context":"https:\/\/schema.org","@graph":[{"@type":"Article","@id":"https:\/\/ubanews.com\/site\/2018\/09\/14\/policia-militar-aborda-ocupantes-de-taxi-por-trafico-e-uso-de-drogas-no-interior-do-veiculo\/#article","isPartOf":{"@id":"https:\/\/ubanews.com\/site\/2018\/09\/14\/policia-militar-aborda-ocupantes-de-taxi-por-trafico-e-uso-de-drogas-no-interior-do-veiculo\/"},"author":{"name":"Sodr\u00e9","@id":"https:\/\/ubanews.com\/site\/#\/schema\/person\/d90c9e47252fbb63dcc969fe4c8b9d10"},"headline":"Pol\u00edcia Militar aborda ocupantes de taxi por tr\u00e1fico e uso de drogas no interior do ve\u00edculo","datePublished":"2018-09-14T15:15:04+00:00","mainEntityOfPage":{"@id":"https:\/\/ubanews.com\/site\/2018\/09\/14\/policia-militar-aborda-ocupantes-de-taxi-por-trafico-e-uso-de-drogas-no-interior-do-veiculo\/"},"wordCount":416,"commentCount":0,"publisher":{"@id":"https:\/\/ubanews.com\/site\/#organization"},"image":{"@id":"https:\/\/ubanews.com\/site\/2018\/09\/14\/policia-militar-aborda-ocupantes-de-taxi-por-trafico-e-uso-de-drogas-no-interior-do-veiculo\/#primaryimage"},"thumbnailUrl":"https:\/\/ubanews.com\/site\/wp-content\/uploads\/2018\/07\/giroflex-policia-01.jpg","articleSection":["S\u00edntese das Ocorr\u00eancias"],"inLanguage":"pt-BR","potentialAction":[{"@type":"CommentAction","name":"Comment","target":["https:\/\/ubanews.com\/site\/2018\/09\/14\/policia-militar-aborda-ocupantes-de-taxi-por-trafico-e-uso-de-drogas-no-interior-do-veiculo\/#respond"]}]},{"@type":"WebPage","@id":"https:\/\/ubanews.com\/site\/2018\/09\/14\/policia-militar-aborda-ocupantes-de-taxi-por-trafico-e-uso-de-drogas-no-interior-do-veiculo\/","url":"https:\/\/ubanews.com\/site\/2018\/09\/14\/policia-militar-aborda-ocupantes-de-taxi-por-trafico-e-uso-de-drogas-no-interior-do-veiculo\/","name":"Pol\u00edcia Militar aborda ocupantes de taxi por tr\u00e1fico e uso de drogas no interior do ve\u00edculo - Ub\u00e1 News","isPartOf":{"@id":"https:\/\/ubanews.com\/site\/#website"},"primaryImageOfPage":{"@id":"https:\/\/ubanews.com\/site\/2018\/09\/14\/policia-militar-aborda-ocupantes-de-taxi-por-trafico-e-uso-de-drogas-no-interior-do-veiculo\/#primaryimage"},"image":{"@id":"https:\/\/ubanews.com\/site\/2018\/09\/14\/policia-militar-aborda-ocupantes-de-taxi-por-trafico-e-uso-de-drogas-no-interior-do-veiculo\/#primaryimage"},"thumbnailUrl":"https:\/\/ubanews.com\/site\/wp-content\/uploads\/2018\/07\/giroflex-policia-01.jpg","datePublished":"2018-09-14T15:15:04+00:00","breadcrumb":{"@id":"https:\/\/ubanews.com\/site\/2018\/09\/14\/policia-militar-aborda-ocupantes-de-taxi-por-trafico-e-uso-de-drogas-no-interior-do-veiculo\/#breadcrumb"},"inLanguage":"pt-BR","potentialAction":[{"@type":"ReadAction","target":["https:\/\/ubanews.com\/site\/2018\/09\/14\/policia-militar-aborda-ocupantes-de-taxi-por-trafico-e-uso-de-drogas-no-interior-do-veiculo\/"]}]},{"@type":"ImageObject","inLanguage":"pt-BR","@id":"https:\/\/ubanews.com\/site\/2018\/09\/14\/policia-militar-aborda-ocupantes-de-taxi-por-trafico-e-uso-de-drogas-no-interior-do-veiculo\/#primaryimage","url":"https:\/\/ubanews.com\/site\/wp-content\/uploads\/2018\/07\/giroflex-policia-01.jpg","contentUrl":"https:\/\/ubanews.com\/site\/wp-content\/uploads\/2018\/07\/giroflex-policia-01.jpg","width":800,"height":389},{"@type":"BreadcrumbList","@id":"https:\/\/ubanews.com\/site\/2018\/09\/14\/policia-militar-aborda-ocupantes-de-taxi-por-trafico-e-uso-de-drogas-no-interior-do-veiculo\/#breadcrumb","itemListElement":[{"@type":"ListItem","position":1,"name":"Home","item":"https:\/\/ubanews.com\/site\/"},{"@type":"ListItem","position":2,"name":"Pol\u00edcia Militar aborda ocupantes de taxi por tr\u00e1fico e uso de drogas no interior do ve\u00edculo"}]},{"@type":"WebSite","@id":"https:\/\/ubanews.com\/site\/#website","url":"https:\/\/ubanews.com\/site\/","name":"Ub\u00e1 News","description":"","publisher":{"@id":"https:\/\/ubanews.com\/site\/#organization"},"potentialAction":[{"@type":"SearchAction","target":{"@type":"EntryPoint","urlTemplate":"https:\/\/ubanews.com\/site\/?s={search_term_string}"},"query-input":{"@type":"PropertyValueSpecification","valueRequired":true,"valueName":"search_term_string"}}],"inLanguage":"pt-BR"},{"@type":"Organization","@id":"https:\/\/ubanews.com\/site\/#organization","name":"Ub\u00e1 News","url":"https:\/\/ubanews.com\/site\/","logo":{"@type":"ImageObject","inLanguage":"pt-BR","@id":"https:\/\/ubanews.com\/site\/#\/schema\/logo\/image\/","url":"https:\/\/ubanews.com\/site\/wp-content\/uploads\/2018\/01\/logoubanews.png","contentUrl":"https:\/\/ubanews.com\/site\/wp-content\/uploads\/2018\/01\/logoubanews.png","width":261,"height":99,"caption":"Ub\u00e1 News"},"image":{"@id":"https:\/\/ubanews.com\/site\/#\/schema\/logo\/image\/"},"sameAs":["https:\/\/www.facebook.com\/Ub\u00e1News-Carlos-Roberto-Sodr\u00e9-418778301977370"]},{"@type":"Person","@id":"https:\/\/ubanews.com\/site\/#\/schema\/person\/d90c9e47252fbb63dcc969fe4c8b9d10","name":"Sodr\u00e9","image":{"@type":"ImageObject","inLanguage":"pt-BR","@id":"https:\/\/secure.gravatar.com\/avatar\/5ba2793f0590b9dbfad3fdec4ee714485b3eef211c9b32ee53d414060454a56c?s=96&d=mm&r=g","url":"https:\/\/secure.gravatar.com\/avatar\/5ba2793f0590b9dbfad3fdec4ee714485b3eef211c9b32ee53d414060454a56c?s=96&d=mm&r=g","contentUrl":"https:\/\/secure.gravatar.com\/avatar\/5ba2793f0590b9dbfad3fdec4ee714485b3eef211c9b32ee53d414060454a56c?s=96&d=mm&r=g","caption":"Sodr\u00e9"},"sameAs":["https:\/\/www.facebook.com\/carosroberto.sodre.5\/"],"url":"https:\/\/ubanews.com\/site\/author\/felipe\/"}]}},"_links":{"self":[{"href":"https:\/\/ubanews.com\/site\/wp-json\/wp\/v2\/posts\/7438","targetHints":{"allow":["GET"]}}],"collection":[{"href":"https:\/\/ubanews.com\/site\/wp-json\/wp\/v2\/posts"}],"about":[{"href":"https:\/\/ubanews.com\/site\/wp-json\/wp\/v2\/types\/post"}],"author":[{"embeddable":true,"href":"https:\/\/ubanews.com\/site\/wp-json\/wp\/v2\/users\/2"}],"replies":[{"embeddable":true,"href":"https:\/\/ubanews.com\/site\/wp-json\/wp\/v2\/comments?post=7438"}],"version-history":[{"count":0,"href":"https:\/\/ubanews.com\/site\/wp-json\/wp\/v2\/posts\/7438\/revisions"}],"wp:featuredmedia":[{"embeddable":true,"href":"https:\/\/ubanews.com\/site\/wp-json\/wp\/v2\/media\/5988"}],"wp:attachment":[{"href":"https:\/\/ubanews.com\/site\/wp-json\/wp\/v2\/media?parent=7438"}],"wp:term":[{"taxonomy":"category","embeddable":true,"href":"https:\/\/ubanews.com\/site\/wp-json\/wp\/v2\/categories?post=7438"},{"taxonomy":"post_tag","embeddable":true,"href":"https:\/\/ubanews.com\/site\/wp-json\/wp\/v2\/tags?post=7438"}],"curies":[{"name":"wp","href":"https:\/\/api.w.org\/{rel}","templated":true}]}}