{"id":7431,"date":"2018-09-13T10:05:34","date_gmt":"2018-09-13T13:05:34","guid":{"rendered":"http:\/\/ubanews.com\/site\/?p=7431"},"modified":"2018-09-14T12:15:38","modified_gmt":"2018-09-14T15:15:38","slug":"inscricoes-abertas-para-o-curso-gratuito-de-lei-organica-e-regimento-interno","status":"publish","type":"post","link":"https:\/\/ubanews.com\/site\/2018\/09\/13\/inscricoes-abertas-para-o-curso-gratuito-de-lei-organica-e-regimento-interno\/","title":{"rendered":"INSCRI\u00c7\u00d5ES ABERTAS PARA O CURSO GRATUITO DE LEI ORG\u00c2NICA E REGIMENTO INTERNO"},"content":{"rendered":"<p>A Escola do Legislativo da C\u00e2mara Municipal de Ub\u00e1 realiza no per\u00edodo de 17 a 21 de setembro, das 7h \u00e0s 12h, o curso gratuito de \u201cLei Org\u00e2nica e Regimento Interno\u201d. A capacita\u00e7\u00e3o ser\u00e1 ministrada pelo mestre em Direito P\u00fablico, Daniel Pires Alexandrino Barreto, do Instituto Pol\u00edtico. Este \u00e9 o sexto da sequ\u00eancia de cursos recentemente promovidos pela CMU, tendo como objetivo instruir e qualificar servidores p\u00fablicos e vereadores de Ub\u00e1 e de cidades vizinhas. As inscri\u00e7\u00f5es est\u00e3o abertas e podem ser feitas pelo telefone: (32)3539-5013. As vagas s\u00e3o limitadas!<\/p>\n<p>O PALESTRANTE<br \/>\nDaniel Pires Alexandrino Barreto possui gradua\u00e7\u00e3o em Direito pela UFMG e mestrado em Direito P\u00fablico pela PUC\/MINAS e tamb\u00e9m \u00e9 p\u00f3s-gradua\u00e7\u00e3o em Direitos Difusos e Coletivos pelo IEC\/PUC\/MINAS. Atualmente \u00e9 procurador da Fazenda Nacional e professor nato da Escola Superior da Procuradoria da Fazenda Nacional. Foi professor assistente III da PUC\/ MINAS nas disciplinas de Introdu\u00e7\u00e3o ao Estudo do Direito, Direito Constitucional, Direito Administrativo, Direito Ambiental, Teoria do Estado e da Constitui\u00e7\u00e3o e Sociologia Jur\u00eddica. Tem experi\u00eancia na \u00e1rea de Direito, com \u00eanfase em Direito Constitucional, lecionando nas disciplinas Introdu\u00e7\u00e3o ao Estudo do Direito, Direito Constitucional, Direito Administrativo, Direito Ambiental, Teoria do Estado, Teoria da Constitui\u00e7\u00e3o e Sociologia Jur\u00eddica. Tem como linha de pesquisa a Ordem Constitucional da Cultura e do Meio Ambiente.<a href=\"https:\/\/ubanews.com\/site\/wp-content\/uploads\/2018\/08\/ELETRO-SENA-AUTOMOTIVA-2.jpg\"><img decoding=\"async\" class=\"alignnone wp-image-7016 size-full lazyload\" data-src=\"https:\/\/ubanews.com\/site\/wp-content\/uploads\/2018\/08\/ELETRO-SENA-AUTOMOTIVA-2.jpg\" alt=\"\" width=\"800\" height=\"264\" data-srcset=\"https:\/\/ubanews.com\/site\/wp-content\/uploads\/2018\/08\/ELETRO-SENA-AUTOMOTIVA-2.jpg 800w, https:\/\/ubanews.com\/site\/wp-content\/uploads\/2018\/08\/ELETRO-SENA-AUTOMOTIVA-2-300x99.jpg 300w, https:\/\/ubanews.com\/site\/wp-content\/uploads\/2018\/08\/ELETRO-SENA-AUTOMOTIVA-2-768x253.jpg 768w\" data-sizes=\"(max-width: 800px) 100vw, 800px\" src=\"data:image\/svg+xml;base64,PHN2ZyB3aWR0aD0iMSIgaGVpZ2h0PSIxIiB4bWxucz0iaHR0cDovL3d3dy53My5vcmcvMjAwMC9zdmciPjwvc3ZnPg==\" style=\"--smush-placeholder-width: 800px; --smush-placeholder-aspect-ratio: 800\/264;\" \/><\/a><\/p>\n<p>CONTE\u00daDO PROGRAM\u00c1TICO<br \/>\nO Munic\u00edpio e a Constitui\u00e7\u00e3o Federal de 1988;<br \/>\nAtribui\u00e7\u00f5es da C\u00e2mara Municipal;<br \/>\nAutonomia municipal;<br \/>\nA papel da C\u00e2mara Municipal e do Vereador no Processo Legislativo Municipal;<br \/>\nA Fun\u00e7\u00e3o de Legislar e a Responsabilidade Social do Legislador Municipal;<br \/>\nHierarquia de normas;<br \/>\nCompet\u00eancia legislativa municipal;<br \/>\nPrinc\u00edpios do Processo Legislativo;<br \/>\nEsp\u00e9cies legislativas;<br \/>\nProcesso legislativo e controle de constitucionalidade das leis;<br \/>\nInconstitucionalidade :<br \/>\nQuem pode alegar?&nbsp;<br \/>\nEm qual foro Judicial?&nbsp;<br \/>\nMotivos e Consequ\u00eancias&nbsp;<br \/>\nJurisprud\u00eancia<br \/>\nT\u00e9cnica legislativa e Leg\u00edstica | An\u00e1lise da Lei Complementar 95 | Fases;<br \/>\nEsquema b\u00e1sico da lei;<br \/>\nEstrutura da proposi\u00e7\u00e3o legislativa; Articula\u00e7\u00e3o do texto: artigo, par\u00e1grafo, inciso, al\u00ednea e item; Agrupamento dos artigos: se\u00e7\u00f5es e subse\u00e7\u00f5es, cap\u00edtulos, t\u00edtulos, livros, partes;<br \/>\nA Lei Org\u00e2nica Municipal e a Constitui\u00e7\u00e3o Federal e Estadual;<br \/>\nEstrutura e fun\u00e7\u00f5es da Lei Org\u00e2nica;<br \/>\nEu devo alterar Lei Org\u00e2nica do meu munic\u00edpio?;<br \/>\nAltera\u00e7\u00e3o da Lei Org\u00e2nica Municipal;<br \/>\nO Processo Legislativo Municipal focado na Lei Org\u00e2nica;<br \/>\nIniciativa | Papel das comiss\u00f5es no debate da altera\u00e7\u00e3o da LOM | Audi\u00eancia P\u00fablica e participa\u00e7\u00e3o popular | Discuss\u00e3o | Qu\u00f3rum | Turnos de Vota\u00e7\u00e3o | Aprova\u00e7\u00e3o | Delibera\u00e7\u00e3o executiva &#8211; san\u00e7\u00e3o e veto? | Promulga\u00e7\u00e3o e Publica\u00e7\u00e3o;<br \/>\nPrincipais Emendas Constitucionais que afetam o \u00e2mbito dos munic\u00edpios;<br \/>\nIdentifica\u00e7\u00e3o de comandos a serem atualizados na LOM;<br \/>\nO Regimento Interno;<br \/>\nElementos conceituais, t\u00e9cnica legislativa e disposi\u00e7\u00f5es textuais;<br \/>\nAs possibilidades do Regimento Interno na:&nbsp;<br \/>\nRegula\u00e7\u00e3o da composi\u00e7\u00e3o institucional da C\u00e2mara Municipal;<br \/>\nComposi\u00e7\u00e3o Mesa Diretora | Comiss\u00f5es e sua composi\u00e7\u00e3o | Recesso | Plen\u00e1rio | Bancadas;<br \/>\nLideran\u00e7as;<br \/>\nRegula\u00e7\u00e3o da atividade legislativa da C\u00e2mara Municipal;<br \/>\nQu\u00f3runs | Sess\u00f5es ordin\u00e1rias, solenes e extraordin\u00e1rias | Processo Legislativo | Car\u00e1ter de urg\u00eancia Vota\u00e7\u00f5es simb\u00f3licas, nominais e secretas;<br \/>\nRegula\u00e7\u00e3o da fun\u00e7\u00e3o fiscalizadora da C\u00e2mara Municipal;<br \/>\nRequisi\u00e7\u00e3o de informa\u00e7\u00f5es | Prazos;<br \/>\nRegula\u00e7\u00e3o da fun\u00e7\u00e3o julgadora da C\u00e2mara Municipal;<br \/>\nJulgamento de contas;<br \/>\nAtua\u00e7\u00e3o do vereador no exerc\u00edcio de suas atribui\u00e7\u00f5es institucionais;<br \/>\nDecoro parlamentar | Temas gerais das atribui\u00e7\u00f5es do Vereador;<br \/>\nO processo de altera\u00e7\u00e3o do Regimento Interno; e<br \/>\nO Regimento Interno no parlamentarismo moderno.<\/p>\n<p><strong>ASSESSORIA DE COMUNICA\u00c7\u00c3O C\u00c2MARA MUNICIPAL<\/strong><\/p>\n","protected":false},"excerpt":{"rendered":"<p>A Escola do Legislativo da C\u00e2mara Municipal de Ub\u00e1 realiza<\/p>\n","protected":false},"author":2,"featured_media":7432,"comment_status":"open","ping_status":"open","sticky":false,"template":"","format":"standard","meta":{"footnotes":""},"categories":[16],"tags":[],"class_list":["post-7431","post","type-post","status-publish","format-standard","has-post-thumbnail","hentry","category-camara-municipal"],"yoast_head":"<!-- This site is optimized with the Yoast SEO plugin v27.2 - https:\/\/yoast.com\/product\/yoast-seo-wordpress\/ -->\n<title>INSCRI\u00c7\u00d5ES ABERTAS PARA O CURSO GRATUITO DE LEI ORG\u00c2NICA E REGIMENTO INTERNO - Ub\u00e1 News<\/title>\n<meta name=\"robots\" content=\"index, follow, max-snippet:-1, max-image-preview:large, max-video-preview:-1\" \/>\n<link rel=\"canonical\" href=\"https:\/\/ubanews.com\/site\/2018\/09\/13\/inscricoes-abertas-para-o-curso-gratuito-de-lei-organica-e-regimento-interno\/\" \/>\n<meta property=\"og:locale\" content=\"pt_BR\" \/>\n<meta property=\"og:type\" content=\"article\" \/>\n<meta property=\"og:title\" content=\"INSCRI\u00c7\u00d5ES ABERTAS PARA O CURSO GRATUITO DE LEI ORG\u00c2NICA E REGIMENTO INTERNO - Ub\u00e1 News\" \/>\n<meta property=\"og:description\" content=\"A Escola do Legislativo da C\u00e2mara Municipal de Ub\u00e1 realiza\" \/>\n<meta property=\"og:url\" content=\"https:\/\/ubanews.com\/site\/2018\/09\/13\/inscricoes-abertas-para-o-curso-gratuito-de-lei-organica-e-regimento-interno\/\" \/>\n<meta property=\"og:site_name\" content=\"Ub\u00e1 News\" \/>\n<meta property=\"article:publisher\" content=\"https:\/\/www.facebook.com\/Ub%c3%a1News-Carlos-Roberto-Sodr%c3%a9-418778301977370\" \/>\n<meta property=\"article:author\" content=\"https:\/\/www.facebook.com\/carosroberto.sodre.5\/\" \/>\n<meta property=\"article:published_time\" content=\"2018-09-13T13:05:34+00:00\" \/>\n<meta property=\"article:modified_time\" content=\"2018-09-14T15:15:38+00:00\" \/>\n<meta property=\"og:image\" content=\"https:\/\/ubanews.com\/site\/wp-content\/uploads\/2018\/09\/099.jpg\" \/>\n\t<meta property=\"og:image:width\" content=\"800\" \/>\n\t<meta property=\"og:image:height\" content=\"389\" \/>\n\t<meta property=\"og:image:type\" content=\"image\/jpeg\" \/>\n<meta name=\"author\" content=\"Sodr\u00e9\" \/>\n<meta name=\"twitter:card\" content=\"summary_large_image\" \/>\n<meta name=\"twitter:label1\" content=\"Escrito por\" \/>\n\t<meta name=\"twitter:data1\" content=\"Sodr\u00e9\" \/>\n\t<meta name=\"twitter:label2\" content=\"Est. tempo de leitura\" \/>\n\t<meta name=\"twitter:data2\" content=\"3 minutos\" \/>\n<script type=\"application\/ld+json\" class=\"yoast-schema-graph\">{\"@context\":\"https:\/\/schema.org\",\"@graph\":[{\"@type\":\"Article\",\"@id\":\"https:\/\/ubanews.com\/site\/2018\/09\/13\/inscricoes-abertas-para-o-curso-gratuito-de-lei-organica-e-regimento-interno\/#article\",\"isPartOf\":{\"@id\":\"https:\/\/ubanews.com\/site\/2018\/09\/13\/inscricoes-abertas-para-o-curso-gratuito-de-lei-organica-e-regimento-interno\/\"},\"author\":{\"name\":\"Sodr\u00e9\",\"@id\":\"https:\/\/ubanews.com\/site\/#\/schema\/person\/d90c9e47252fbb63dcc969fe4c8b9d10\"},\"headline\":\"INSCRI\u00c7\u00d5ES ABERTAS PARA O CURSO GRATUITO DE LEI ORG\u00c2NICA E REGIMENTO INTERNO\",\"datePublished\":\"2018-09-13T13:05:34+00:00\",\"dateModified\":\"2018-09-14T15:15:38+00:00\",\"mainEntityOfPage\":{\"@id\":\"https:\/\/ubanews.com\/site\/2018\/09\/13\/inscricoes-abertas-para-o-curso-gratuito-de-lei-organica-e-regimento-interno\/\"},\"wordCount\":642,\"commentCount\":0,\"publisher\":{\"@id\":\"https:\/\/ubanews.com\/site\/#organization\"},\"image\":{\"@id\":\"https:\/\/ubanews.com\/site\/2018\/09\/13\/inscricoes-abertas-para-o-curso-gratuito-de-lei-organica-e-regimento-interno\/#primaryimage\"},\"thumbnailUrl\":\"https:\/\/ubanews.com\/site\/wp-content\/uploads\/2018\/09\/099.jpg\",\"articleSection\":[\"C\u00e2mara Municipal\"],\"inLanguage\":\"pt-BR\",\"potentialAction\":[{\"@type\":\"CommentAction\",\"name\":\"Comment\",\"target\":[\"https:\/\/ubanews.com\/site\/2018\/09\/13\/inscricoes-abertas-para-o-curso-gratuito-de-lei-organica-e-regimento-interno\/#respond\"]}]},{\"@type\":\"WebPage\",\"@id\":\"https:\/\/ubanews.com\/site\/2018\/09\/13\/inscricoes-abertas-para-o-curso-gratuito-de-lei-organica-e-regimento-interno\/\",\"url\":\"https:\/\/ubanews.com\/site\/2018\/09\/13\/inscricoes-abertas-para-o-curso-gratuito-de-lei-organica-e-regimento-interno\/\",\"name\":\"INSCRI\u00c7\u00d5ES ABERTAS PARA O CURSO GRATUITO DE LEI ORG\u00c2NICA E REGIMENTO INTERNO - Ub\u00e1 News\",\"isPartOf\":{\"@id\":\"https:\/\/ubanews.com\/site\/#website\"},\"primaryImageOfPage\":{\"@id\":\"https:\/\/ubanews.com\/site\/2018\/09\/13\/inscricoes-abertas-para-o-curso-gratuito-de-lei-organica-e-regimento-interno\/#primaryimage\"},\"image\":{\"@id\":\"https:\/\/ubanews.com\/site\/2018\/09\/13\/inscricoes-abertas-para-o-curso-gratuito-de-lei-organica-e-regimento-interno\/#primaryimage\"},\"thumbnailUrl\":\"https:\/\/ubanews.com\/site\/wp-content\/uploads\/2018\/09\/099.jpg\",\"datePublished\":\"2018-09-13T13:05:34+00:00\",\"dateModified\":\"2018-09-14T15:15:38+00:00\",\"breadcrumb\":{\"@id\":\"https:\/\/ubanews.com\/site\/2018\/09\/13\/inscricoes-abertas-para-o-curso-gratuito-de-lei-organica-e-regimento-interno\/#breadcrumb\"},\"inLanguage\":\"pt-BR\",\"potentialAction\":[{\"@type\":\"ReadAction\",\"target\":[\"https:\/\/ubanews.com\/site\/2018\/09\/13\/inscricoes-abertas-para-o-curso-gratuito-de-lei-organica-e-regimento-interno\/\"]}]},{\"@type\":\"ImageObject\",\"inLanguage\":\"pt-BR\",\"@id\":\"https:\/\/ubanews.com\/site\/2018\/09\/13\/inscricoes-abertas-para-o-curso-gratuito-de-lei-organica-e-regimento-interno\/#primaryimage\",\"url\":\"https:\/\/ubanews.com\/site\/wp-content\/uploads\/2018\/09\/099.jpg\",\"contentUrl\":\"https:\/\/ubanews.com\/site\/wp-content\/uploads\/2018\/09\/099.jpg\",\"width\":800,\"height\":389},{\"@type\":\"BreadcrumbList\",\"@id\":\"https:\/\/ubanews.com\/site\/2018\/09\/13\/inscricoes-abertas-para-o-curso-gratuito-de-lei-organica-e-regimento-interno\/#breadcrumb\",\"itemListElement\":[{\"@type\":\"ListItem\",\"position\":1,\"name\":\"Home\",\"item\":\"https:\/\/ubanews.com\/site\/\"},{\"@type\":\"ListItem\",\"position\":2,\"name\":\"INSCRI\u00c7\u00d5ES ABERTAS PARA O CURSO GRATUITO DE LEI ORG\u00c2NICA E REGIMENTO INTERNO\"}]},{\"@type\":\"WebSite\",\"@id\":\"https:\/\/ubanews.com\/site\/#website\",\"url\":\"https:\/\/ubanews.com\/site\/\",\"name\":\"Ub\u00e1 News\",\"description\":\"\",\"publisher\":{\"@id\":\"https:\/\/ubanews.com\/site\/#organization\"},\"potentialAction\":[{\"@type\":\"SearchAction\",\"target\":{\"@type\":\"EntryPoint\",\"urlTemplate\":\"https:\/\/ubanews.com\/site\/?s={search_term_string}\"},\"query-input\":{\"@type\":\"PropertyValueSpecification\",\"valueRequired\":true,\"valueName\":\"search_term_string\"}}],\"inLanguage\":\"pt-BR\"},{\"@type\":\"Organization\",\"@id\":\"https:\/\/ubanews.com\/site\/#organization\",\"name\":\"Ub\u00e1 News\",\"url\":\"https:\/\/ubanews.com\/site\/\",\"logo\":{\"@type\":\"ImageObject\",\"inLanguage\":\"pt-BR\",\"@id\":\"https:\/\/ubanews.com\/site\/#\/schema\/logo\/image\/\",\"url\":\"https:\/\/ubanews.com\/site\/wp-content\/uploads\/2018\/01\/logoubanews.png\",\"contentUrl\":\"https:\/\/ubanews.com\/site\/wp-content\/uploads\/2018\/01\/logoubanews.png\",\"width\":261,\"height\":99,\"caption\":\"Ub\u00e1 News\"},\"image\":{\"@id\":\"https:\/\/ubanews.com\/site\/#\/schema\/logo\/image\/\"},\"sameAs\":[\"https:\/\/www.facebook.com\/Ub\u00e1News-Carlos-Roberto-Sodr\u00e9-418778301977370\"]},{\"@type\":\"Person\",\"@id\":\"https:\/\/ubanews.com\/site\/#\/schema\/person\/d90c9e47252fbb63dcc969fe4c8b9d10\",\"name\":\"Sodr\u00e9\",\"image\":{\"@type\":\"ImageObject\",\"inLanguage\":\"pt-BR\",\"@id\":\"https:\/\/secure.gravatar.com\/avatar\/5ba2793f0590b9dbfad3fdec4ee714485b3eef211c9b32ee53d414060454a56c?s=96&d=mm&r=g\",\"url\":\"https:\/\/secure.gravatar.com\/avatar\/5ba2793f0590b9dbfad3fdec4ee714485b3eef211c9b32ee53d414060454a56c?s=96&d=mm&r=g\",\"contentUrl\":\"https:\/\/secure.gravatar.com\/avatar\/5ba2793f0590b9dbfad3fdec4ee714485b3eef211c9b32ee53d414060454a56c?s=96&d=mm&r=g\",\"caption\":\"Sodr\u00e9\"},\"sameAs\":[\"https:\/\/www.facebook.com\/carosroberto.sodre.5\/\"],\"url\":\"https:\/\/ubanews.com\/site\/author\/felipe\/\"}]}<\/script>\n<!-- \/ Yoast SEO plugin. -->","yoast_head_json":{"title":"INSCRI\u00c7\u00d5ES ABERTAS PARA O CURSO GRATUITO DE LEI ORG\u00c2NICA E REGIMENTO INTERNO - Ub\u00e1 News","robots":{"index":"index","follow":"follow","max-snippet":"max-snippet:-1","max-image-preview":"max-image-preview:large","max-video-preview":"max-video-preview:-1"},"canonical":"https:\/\/ubanews.com\/site\/2018\/09\/13\/inscricoes-abertas-para-o-curso-gratuito-de-lei-organica-e-regimento-interno\/","og_locale":"pt_BR","og_type":"article","og_title":"INSCRI\u00c7\u00d5ES ABERTAS PARA O CURSO GRATUITO DE LEI ORG\u00c2NICA E REGIMENTO INTERNO - Ub\u00e1 News","og_description":"A Escola do Legislativo da C\u00e2mara Municipal de Ub\u00e1 realiza","og_url":"https:\/\/ubanews.com\/site\/2018\/09\/13\/inscricoes-abertas-para-o-curso-gratuito-de-lei-organica-e-regimento-interno\/","og_site_name":"Ub\u00e1 News","article_publisher":"https:\/\/www.facebook.com\/Ub%c3%a1News-Carlos-Roberto-Sodr%c3%a9-418778301977370","article_author":"https:\/\/www.facebook.com\/carosroberto.sodre.5\/","article_published_time":"2018-09-13T13:05:34+00:00","article_modified_time":"2018-09-14T15:15:38+00:00","og_image":[{"width":800,"height":389,"url":"https:\/\/ubanews.com\/site\/wp-content\/uploads\/2018\/09\/099.jpg","type":"image\/jpeg"}],"author":"Sodr\u00e9","twitter_card":"summary_large_image","twitter_misc":{"Escrito por":"Sodr\u00e9","Est. tempo de leitura":"3 minutos"},"schema":{"@context":"https:\/\/schema.org","@graph":[{"@type":"Article","@id":"https:\/\/ubanews.com\/site\/2018\/09\/13\/inscricoes-abertas-para-o-curso-gratuito-de-lei-organica-e-regimento-interno\/#article","isPartOf":{"@id":"https:\/\/ubanews.com\/site\/2018\/09\/13\/inscricoes-abertas-para-o-curso-gratuito-de-lei-organica-e-regimento-interno\/"},"author":{"name":"Sodr\u00e9","@id":"https:\/\/ubanews.com\/site\/#\/schema\/person\/d90c9e47252fbb63dcc969fe4c8b9d10"},"headline":"INSCRI\u00c7\u00d5ES ABERTAS PARA O CURSO GRATUITO DE LEI ORG\u00c2NICA E REGIMENTO INTERNO","datePublished":"2018-09-13T13:05:34+00:00","dateModified":"2018-09-14T15:15:38+00:00","mainEntityOfPage":{"@id":"https:\/\/ubanews.com\/site\/2018\/09\/13\/inscricoes-abertas-para-o-curso-gratuito-de-lei-organica-e-regimento-interno\/"},"wordCount":642,"commentCount":0,"publisher":{"@id":"https:\/\/ubanews.com\/site\/#organization"},"image":{"@id":"https:\/\/ubanews.com\/site\/2018\/09\/13\/inscricoes-abertas-para-o-curso-gratuito-de-lei-organica-e-regimento-interno\/#primaryimage"},"thumbnailUrl":"https:\/\/ubanews.com\/site\/wp-content\/uploads\/2018\/09\/099.jpg","articleSection":["C\u00e2mara Municipal"],"inLanguage":"pt-BR","potentialAction":[{"@type":"CommentAction","name":"Comment","target":["https:\/\/ubanews.com\/site\/2018\/09\/13\/inscricoes-abertas-para-o-curso-gratuito-de-lei-organica-e-regimento-interno\/#respond"]}]},{"@type":"WebPage","@id":"https:\/\/ubanews.com\/site\/2018\/09\/13\/inscricoes-abertas-para-o-curso-gratuito-de-lei-organica-e-regimento-interno\/","url":"https:\/\/ubanews.com\/site\/2018\/09\/13\/inscricoes-abertas-para-o-curso-gratuito-de-lei-organica-e-regimento-interno\/","name":"INSCRI\u00c7\u00d5ES ABERTAS PARA O CURSO GRATUITO DE LEI ORG\u00c2NICA E REGIMENTO INTERNO - Ub\u00e1 News","isPartOf":{"@id":"https:\/\/ubanews.com\/site\/#website"},"primaryImageOfPage":{"@id":"https:\/\/ubanews.com\/site\/2018\/09\/13\/inscricoes-abertas-para-o-curso-gratuito-de-lei-organica-e-regimento-interno\/#primaryimage"},"image":{"@id":"https:\/\/ubanews.com\/site\/2018\/09\/13\/inscricoes-abertas-para-o-curso-gratuito-de-lei-organica-e-regimento-interno\/#primaryimage"},"thumbnailUrl":"https:\/\/ubanews.com\/site\/wp-content\/uploads\/2018\/09\/099.jpg","datePublished":"2018-09-13T13:05:34+00:00","dateModified":"2018-09-14T15:15:38+00:00","breadcrumb":{"@id":"https:\/\/ubanews.com\/site\/2018\/09\/13\/inscricoes-abertas-para-o-curso-gratuito-de-lei-organica-e-regimento-interno\/#breadcrumb"},"inLanguage":"pt-BR","potentialAction":[{"@type":"ReadAction","target":["https:\/\/ubanews.com\/site\/2018\/09\/13\/inscricoes-abertas-para-o-curso-gratuito-de-lei-organica-e-regimento-interno\/"]}]},{"@type":"ImageObject","inLanguage":"pt-BR","@id":"https:\/\/ubanews.com\/site\/2018\/09\/13\/inscricoes-abertas-para-o-curso-gratuito-de-lei-organica-e-regimento-interno\/#primaryimage","url":"https:\/\/ubanews.com\/site\/wp-content\/uploads\/2018\/09\/099.jpg","contentUrl":"https:\/\/ubanews.com\/site\/wp-content\/uploads\/2018\/09\/099.jpg","width":800,"height":389},{"@type":"BreadcrumbList","@id":"https:\/\/ubanews.com\/site\/2018\/09\/13\/inscricoes-abertas-para-o-curso-gratuito-de-lei-organica-e-regimento-interno\/#breadcrumb","itemListElement":[{"@type":"ListItem","position":1,"name":"Home","item":"https:\/\/ubanews.com\/site\/"},{"@type":"ListItem","position":2,"name":"INSCRI\u00c7\u00d5ES ABERTAS PARA O CURSO GRATUITO DE LEI ORG\u00c2NICA E REGIMENTO INTERNO"}]},{"@type":"WebSite","@id":"https:\/\/ubanews.com\/site\/#website","url":"https:\/\/ubanews.com\/site\/","name":"Ub\u00e1 News","description":"","publisher":{"@id":"https:\/\/ubanews.com\/site\/#organization"},"potentialAction":[{"@type":"SearchAction","target":{"@type":"EntryPoint","urlTemplate":"https:\/\/ubanews.com\/site\/?s={search_term_string}"},"query-input":{"@type":"PropertyValueSpecification","valueRequired":true,"valueName":"search_term_string"}}],"inLanguage":"pt-BR"},{"@type":"Organization","@id":"https:\/\/ubanews.com\/site\/#organization","name":"Ub\u00e1 News","url":"https:\/\/ubanews.com\/site\/","logo":{"@type":"ImageObject","inLanguage":"pt-BR","@id":"https:\/\/ubanews.com\/site\/#\/schema\/logo\/image\/","url":"https:\/\/ubanews.com\/site\/wp-content\/uploads\/2018\/01\/logoubanews.png","contentUrl":"https:\/\/ubanews.com\/site\/wp-content\/uploads\/2018\/01\/logoubanews.png","width":261,"height":99,"caption":"Ub\u00e1 News"},"image":{"@id":"https:\/\/ubanews.com\/site\/#\/schema\/logo\/image\/"},"sameAs":["https:\/\/www.facebook.com\/Ub\u00e1News-Carlos-Roberto-Sodr\u00e9-418778301977370"]},{"@type":"Person","@id":"https:\/\/ubanews.com\/site\/#\/schema\/person\/d90c9e47252fbb63dcc969fe4c8b9d10","name":"Sodr\u00e9","image":{"@type":"ImageObject","inLanguage":"pt-BR","@id":"https:\/\/secure.gravatar.com\/avatar\/5ba2793f0590b9dbfad3fdec4ee714485b3eef211c9b32ee53d414060454a56c?s=96&d=mm&r=g","url":"https:\/\/secure.gravatar.com\/avatar\/5ba2793f0590b9dbfad3fdec4ee714485b3eef211c9b32ee53d414060454a56c?s=96&d=mm&r=g","contentUrl":"https:\/\/secure.gravatar.com\/avatar\/5ba2793f0590b9dbfad3fdec4ee714485b3eef211c9b32ee53d414060454a56c?s=96&d=mm&r=g","caption":"Sodr\u00e9"},"sameAs":["https:\/\/www.facebook.com\/carosroberto.sodre.5\/"],"url":"https:\/\/ubanews.com\/site\/author\/felipe\/"}]}},"_links":{"self":[{"href":"https:\/\/ubanews.com\/site\/wp-json\/wp\/v2\/posts\/7431","targetHints":{"allow":["GET"]}}],"collection":[{"href":"https:\/\/ubanews.com\/site\/wp-json\/wp\/v2\/posts"}],"about":[{"href":"https:\/\/ubanews.com\/site\/wp-json\/wp\/v2\/types\/post"}],"author":[{"embeddable":true,"href":"https:\/\/ubanews.com\/site\/wp-json\/wp\/v2\/users\/2"}],"replies":[{"embeddable":true,"href":"https:\/\/ubanews.com\/site\/wp-json\/wp\/v2\/comments?post=7431"}],"version-history":[{"count":0,"href":"https:\/\/ubanews.com\/site\/wp-json\/wp\/v2\/posts\/7431\/revisions"}],"wp:featuredmedia":[{"embeddable":true,"href":"https:\/\/ubanews.com\/site\/wp-json\/wp\/v2\/media\/7432"}],"wp:attachment":[{"href":"https:\/\/ubanews.com\/site\/wp-json\/wp\/v2\/media?parent=7431"}],"wp:term":[{"taxonomy":"category","embeddable":true,"href":"https:\/\/ubanews.com\/site\/wp-json\/wp\/v2\/categories?post=7431"},{"taxonomy":"post_tag","embeddable":true,"href":"https:\/\/ubanews.com\/site\/wp-json\/wp\/v2\/tags?post=7431"}],"curies":[{"name":"wp","href":"https:\/\/api.w.org\/{rel}","templated":true}]}}