{"id":7420,"date":"2018-09-12T10:54:39","date_gmt":"2018-09-12T13:54:39","guid":{"rendered":"http:\/\/ubanews.com\/site\/?p=7420"},"modified":"2018-09-12T10:58:51","modified_gmt":"2018-09-12T13:58:51","slug":"e-encontrado-drogas-no-imovel-do-suspeito-de-homicidio-proximo-ao-der-em-uba","status":"publish","type":"post","link":"https:\/\/ubanews.com\/site\/2018\/09\/12\/e-encontrado-drogas-no-imovel-do-suspeito-de-homicidio-proximo-ao-der-em-uba\/","title":{"rendered":"Encontrado drogas no im\u00f3vel do suspeito de homic\u00eddio na \u00faltima ter\u00e7a-feira"},"content":{"rendered":"<p>No dia 11 de setembro \u00e0s 07h25min a Pol\u00edcia Militar foi acionada a comparecer \u00e0 Rua Hermes Bigonha, onde Militares constataram duas v\u00edtimas de disparo de arma de fogo ca\u00eddas ao ch\u00e3o. Os militares apuraram que Alessandro Zocoli Bertolato de 42 anos, e seu filho, Alex Sander de Souza Bertolato de 20 anos, apelido \u201cTim Tim\u201d, transitavam pelo endere\u00e7o na motocicleta Honda\/CBX 200 Strada, preta placa GRQ-4565, quando dois indiv\u00edduos que estariam numa motocicleta vermelha passou pelas v\u00edtimas e efetuaram v\u00e1rios disparos de arma de fogo, sendo que ap\u00f3s o crime os cidad\u00e3os infratores fugiram, tomando rumo ignorado. No referido local havia um corpo ca\u00eddo ao solo.<\/p>\n<p>O Corpo Bombeiros e o SAMU compareceram ao local e constataram que Alex Sander, apelido \u201cTim Tim\u201d, j\u00e1 havia entrado em \u00f3bito, apresentando quatro perfura\u00e7\u00f5es nas costas e outras no t\u00f3rax parte central, provavelmente, provenientes da sa\u00edda do proj\u00e9til. Alessandro Zocoli Bertolato aparentemente estava com duas perfura\u00e7\u00f5es foi encaminhado ao hospital. A per\u00edcia foi acionada e ap\u00f3s os trabalhos de praxe liberou o corpo para funer\u00e1ria e familiares.<a href=\"https:\/\/ubanews.com\/site\/wp-content\/uploads\/2018\/08\/ELETRO-SENA-AUTOMOTIVA-2.jpg\"><img decoding=\"async\" class=\"alignnone wp-image-7016 size-full lazyload\" data-src=\"https:\/\/ubanews.com\/site\/wp-content\/uploads\/2018\/08\/ELETRO-SENA-AUTOMOTIVA-2.jpg\" alt=\"\" width=\"800\" height=\"264\" data-srcset=\"https:\/\/ubanews.com\/site\/wp-content\/uploads\/2018\/08\/ELETRO-SENA-AUTOMOTIVA-2.jpg 800w, https:\/\/ubanews.com\/site\/wp-content\/uploads\/2018\/08\/ELETRO-SENA-AUTOMOTIVA-2-300x99.jpg 300w, https:\/\/ubanews.com\/site\/wp-content\/uploads\/2018\/08\/ELETRO-SENA-AUTOMOTIVA-2-768x253.jpg 768w\" data-sizes=\"(max-width: 800px) 100vw, 800px\" src=\"data:image\/svg+xml;base64,PHN2ZyB3aWR0aD0iMSIgaGVpZ2h0PSIxIiB4bWxucz0iaHR0cDovL3d3dy53My5vcmcvMjAwMC9zdmciPjwvc3ZnPg==\" style=\"--smush-placeholder-width: 800px; --smush-placeholder-aspect-ratio: 800\/264;\" \/><\/a><\/p>\n<p>Alex Sander foi preso no dia 21 de agosto com duas armas de fogo, o qual estava sendo amea\u00e7ado de morte por indiv\u00edduos do bairro S\u00e3o Domingos, e que j\u00e1 havia sido v\u00edtima de homic\u00eddio tentado no \u00faltimo 06 de agosto no bairro Eldorado.<\/p>\n<p>Com estas informa\u00e7\u00f5es foi iniciado intenso rastreamento pela cidade e \u00e0s 14h48min a Pol\u00edcia Militar e Pol\u00edcia Civil recebeu as informa\u00e7\u00f5es an\u00f4nimas dando conta de que o indiv\u00edduo conhecido como Paulinho estava no bairro S\u00e3o Domingos, e os militares foram at\u00e9 a Rua Adolfo Pereira Cortez, onde localizaram Paulo Henrique Pereira Dias de 18 anos, apelido Paulinho, em sua resid\u00eancia e diante dos fatos ocorridos. Ao ser procedida buscas no interior do im\u00f3vel, sendo encontrados 01 r\u00e1dio transmissor HT, 01 celular Samsung Duos, 02 cadernos de anota\u00e7\u00f5es caracter\u00edsticas do com\u00e9rcio de drogas, a quantia de R$ 229,00, 01 pino de subst\u00e2ncia semelhante \u00e0 coca\u00edna, 01 por\u00e7\u00e3o de subst\u00e2ncia semelhante \u00e0 maconha, 2 rolos de pl\u00e1sticos, sendo 01 de sacolas e o outro de pl\u00e1stico filme, onde enrolam drogas. Ainda nas dilig\u00eancias, foi localizada uma motocicleta, cujas caracter\u00edsticas coincidem com a utilizada no homic\u00eddio e tentativa, uma Fan de cor vermelha, com o retrovisor semelhantes ao da moto localizada.<\/p>\n<p>Paulo Henrique Pereira Dias, apelido Paulinho foi preso e conduzido at\u00e9 a Delegacia de Pol\u00edcia Civil com todos os materiais aprendidos.<\/p>\n<p><strong>ASSESSORIA DE COMUNICA\u00c7\u00c3O ORGANIZACIONAL<\/strong><\/p>\n<p><strong><em>Vig\u00e9simo Primeiro Batalh\u00e3o de Pol\u00edcia Militar<\/em><\/strong><\/p>\n","protected":false},"excerpt":{"rendered":"<p>No dia 11 de setembro \u00e0s 07h25min a Pol\u00edcia Militar<\/p>\n","protected":false},"author":2,"featured_media":7421,"comment_status":"open","ping_status":"open","sticky":false,"template":"","format":"standard","meta":{"footnotes":""},"categories":[13],"tags":[],"class_list":["post-7420","post","type-post","status-publish","format-standard","has-post-thumbnail","hentry","category-sintese-das-ocorrencias"],"yoast_head":"<!-- This site is optimized with the Yoast SEO plugin v27.2 - https:\/\/yoast.com\/product\/yoast-seo-wordpress\/ -->\n<title>Encontrado drogas no im\u00f3vel do suspeito de homic\u00eddio na \u00faltima ter\u00e7a-feira - Ub\u00e1 News<\/title>\n<meta name=\"robots\" content=\"index, follow, max-snippet:-1, max-image-preview:large, max-video-preview:-1\" \/>\n<link rel=\"canonical\" href=\"https:\/\/ubanews.com\/site\/2018\/09\/12\/e-encontrado-drogas-no-imovel-do-suspeito-de-homicidio-proximo-ao-der-em-uba\/\" \/>\n<meta property=\"og:locale\" content=\"pt_BR\" \/>\n<meta property=\"og:type\" content=\"article\" \/>\n<meta property=\"og:title\" content=\"Encontrado drogas no im\u00f3vel do suspeito de homic\u00eddio na \u00faltima ter\u00e7a-feira - Ub\u00e1 News\" \/>\n<meta property=\"og:description\" content=\"No dia 11 de setembro \u00e0s 07h25min a Pol\u00edcia Militar\" \/>\n<meta property=\"og:url\" content=\"https:\/\/ubanews.com\/site\/2018\/09\/12\/e-encontrado-drogas-no-imovel-do-suspeito-de-homicidio-proximo-ao-der-em-uba\/\" \/>\n<meta property=\"og:site_name\" content=\"Ub\u00e1 News\" \/>\n<meta property=\"article:publisher\" content=\"https:\/\/www.facebook.com\/Ub%c3%a1News-Carlos-Roberto-Sodr%c3%a9-418778301977370\" \/>\n<meta property=\"article:author\" content=\"https:\/\/www.facebook.com\/carosroberto.sodre.5\/\" \/>\n<meta property=\"article:published_time\" content=\"2018-09-12T13:54:39+00:00\" \/>\n<meta property=\"article:modified_time\" content=\"2018-09-12T13:58:51+00:00\" \/>\n<meta property=\"og:image\" content=\"https:\/\/ubanews.com\/site\/wp-content\/uploads\/2018\/09\/giroflex.jpg\" \/>\n\t<meta property=\"og:image:width\" content=\"800\" \/>\n\t<meta property=\"og:image:height\" content=\"389\" \/>\n\t<meta property=\"og:image:type\" content=\"image\/jpeg\" \/>\n<meta name=\"author\" content=\"Sodr\u00e9\" \/>\n<meta name=\"twitter:card\" content=\"summary_large_image\" \/>\n<meta name=\"twitter:label1\" content=\"Escrito por\" \/>\n\t<meta name=\"twitter:data1\" content=\"Sodr\u00e9\" \/>\n\t<meta name=\"twitter:label2\" content=\"Est. tempo de leitura\" \/>\n\t<meta name=\"twitter:data2\" content=\"2 minutos\" \/>\n<script type=\"application\/ld+json\" class=\"yoast-schema-graph\">{\"@context\":\"https:\/\/schema.org\",\"@graph\":[{\"@type\":\"Article\",\"@id\":\"https:\/\/ubanews.com\/site\/2018\/09\/12\/e-encontrado-drogas-no-imovel-do-suspeito-de-homicidio-proximo-ao-der-em-uba\/#article\",\"isPartOf\":{\"@id\":\"https:\/\/ubanews.com\/site\/2018\/09\/12\/e-encontrado-drogas-no-imovel-do-suspeito-de-homicidio-proximo-ao-der-em-uba\/\"},\"author\":{\"name\":\"Sodr\u00e9\",\"@id\":\"https:\/\/ubanews.com\/site\/#\/schema\/person\/d90c9e47252fbb63dcc969fe4c8b9d10\"},\"headline\":\"Encontrado drogas no im\u00f3vel do suspeito de homic\u00eddio na \u00faltima ter\u00e7a-feira\",\"datePublished\":\"2018-09-12T13:54:39+00:00\",\"dateModified\":\"2018-09-12T13:58:51+00:00\",\"mainEntityOfPage\":{\"@id\":\"https:\/\/ubanews.com\/site\/2018\/09\/12\/e-encontrado-drogas-no-imovel-do-suspeito-de-homicidio-proximo-ao-der-em-uba\/\"},\"wordCount\":458,\"commentCount\":0,\"publisher\":{\"@id\":\"https:\/\/ubanews.com\/site\/#organization\"},\"image\":{\"@id\":\"https:\/\/ubanews.com\/site\/2018\/09\/12\/e-encontrado-drogas-no-imovel-do-suspeito-de-homicidio-proximo-ao-der-em-uba\/#primaryimage\"},\"thumbnailUrl\":\"https:\/\/ubanews.com\/site\/wp-content\/uploads\/2018\/09\/giroflex.jpg\",\"articleSection\":[\"S\u00edntese das Ocorr\u00eancias\"],\"inLanguage\":\"pt-BR\",\"potentialAction\":[{\"@type\":\"CommentAction\",\"name\":\"Comment\",\"target\":[\"https:\/\/ubanews.com\/site\/2018\/09\/12\/e-encontrado-drogas-no-imovel-do-suspeito-de-homicidio-proximo-ao-der-em-uba\/#respond\"]}]},{\"@type\":\"WebPage\",\"@id\":\"https:\/\/ubanews.com\/site\/2018\/09\/12\/e-encontrado-drogas-no-imovel-do-suspeito-de-homicidio-proximo-ao-der-em-uba\/\",\"url\":\"https:\/\/ubanews.com\/site\/2018\/09\/12\/e-encontrado-drogas-no-imovel-do-suspeito-de-homicidio-proximo-ao-der-em-uba\/\",\"name\":\"Encontrado drogas no im\u00f3vel do suspeito de homic\u00eddio na \u00faltima ter\u00e7a-feira - Ub\u00e1 News\",\"isPartOf\":{\"@id\":\"https:\/\/ubanews.com\/site\/#website\"},\"primaryImageOfPage\":{\"@id\":\"https:\/\/ubanews.com\/site\/2018\/09\/12\/e-encontrado-drogas-no-imovel-do-suspeito-de-homicidio-proximo-ao-der-em-uba\/#primaryimage\"},\"image\":{\"@id\":\"https:\/\/ubanews.com\/site\/2018\/09\/12\/e-encontrado-drogas-no-imovel-do-suspeito-de-homicidio-proximo-ao-der-em-uba\/#primaryimage\"},\"thumbnailUrl\":\"https:\/\/ubanews.com\/site\/wp-content\/uploads\/2018\/09\/giroflex.jpg\",\"datePublished\":\"2018-09-12T13:54:39+00:00\",\"dateModified\":\"2018-09-12T13:58:51+00:00\",\"breadcrumb\":{\"@id\":\"https:\/\/ubanews.com\/site\/2018\/09\/12\/e-encontrado-drogas-no-imovel-do-suspeito-de-homicidio-proximo-ao-der-em-uba\/#breadcrumb\"},\"inLanguage\":\"pt-BR\",\"potentialAction\":[{\"@type\":\"ReadAction\",\"target\":[\"https:\/\/ubanews.com\/site\/2018\/09\/12\/e-encontrado-drogas-no-imovel-do-suspeito-de-homicidio-proximo-ao-der-em-uba\/\"]}]},{\"@type\":\"ImageObject\",\"inLanguage\":\"pt-BR\",\"@id\":\"https:\/\/ubanews.com\/site\/2018\/09\/12\/e-encontrado-drogas-no-imovel-do-suspeito-de-homicidio-proximo-ao-der-em-uba\/#primaryimage\",\"url\":\"https:\/\/ubanews.com\/site\/wp-content\/uploads\/2018\/09\/giroflex.jpg\",\"contentUrl\":\"https:\/\/ubanews.com\/site\/wp-content\/uploads\/2018\/09\/giroflex.jpg\",\"width\":800,\"height\":389},{\"@type\":\"BreadcrumbList\",\"@id\":\"https:\/\/ubanews.com\/site\/2018\/09\/12\/e-encontrado-drogas-no-imovel-do-suspeito-de-homicidio-proximo-ao-der-em-uba\/#breadcrumb\",\"itemListElement\":[{\"@type\":\"ListItem\",\"position\":1,\"name\":\"Home\",\"item\":\"https:\/\/ubanews.com\/site\/\"},{\"@type\":\"ListItem\",\"position\":2,\"name\":\"Encontrado drogas no im\u00f3vel do suspeito de homic\u00eddio na \u00faltima ter\u00e7a-feira\"}]},{\"@type\":\"WebSite\",\"@id\":\"https:\/\/ubanews.com\/site\/#website\",\"url\":\"https:\/\/ubanews.com\/site\/\",\"name\":\"Ub\u00e1 News\",\"description\":\"\",\"publisher\":{\"@id\":\"https:\/\/ubanews.com\/site\/#organization\"},\"potentialAction\":[{\"@type\":\"SearchAction\",\"target\":{\"@type\":\"EntryPoint\",\"urlTemplate\":\"https:\/\/ubanews.com\/site\/?s={search_term_string}\"},\"query-input\":{\"@type\":\"PropertyValueSpecification\",\"valueRequired\":true,\"valueName\":\"search_term_string\"}}],\"inLanguage\":\"pt-BR\"},{\"@type\":\"Organization\",\"@id\":\"https:\/\/ubanews.com\/site\/#organization\",\"name\":\"Ub\u00e1 News\",\"url\":\"https:\/\/ubanews.com\/site\/\",\"logo\":{\"@type\":\"ImageObject\",\"inLanguage\":\"pt-BR\",\"@id\":\"https:\/\/ubanews.com\/site\/#\/schema\/logo\/image\/\",\"url\":\"https:\/\/ubanews.com\/site\/wp-content\/uploads\/2018\/01\/logoubanews.png\",\"contentUrl\":\"https:\/\/ubanews.com\/site\/wp-content\/uploads\/2018\/01\/logoubanews.png\",\"width\":261,\"height\":99,\"caption\":\"Ub\u00e1 News\"},\"image\":{\"@id\":\"https:\/\/ubanews.com\/site\/#\/schema\/logo\/image\/\"},\"sameAs\":[\"https:\/\/www.facebook.com\/Ub\u00e1News-Carlos-Roberto-Sodr\u00e9-418778301977370\"]},{\"@type\":\"Person\",\"@id\":\"https:\/\/ubanews.com\/site\/#\/schema\/person\/d90c9e47252fbb63dcc969fe4c8b9d10\",\"name\":\"Sodr\u00e9\",\"image\":{\"@type\":\"ImageObject\",\"inLanguage\":\"pt-BR\",\"@id\":\"https:\/\/secure.gravatar.com\/avatar\/5ba2793f0590b9dbfad3fdec4ee714485b3eef211c9b32ee53d414060454a56c?s=96&d=mm&r=g\",\"url\":\"https:\/\/secure.gravatar.com\/avatar\/5ba2793f0590b9dbfad3fdec4ee714485b3eef211c9b32ee53d414060454a56c?s=96&d=mm&r=g\",\"contentUrl\":\"https:\/\/secure.gravatar.com\/avatar\/5ba2793f0590b9dbfad3fdec4ee714485b3eef211c9b32ee53d414060454a56c?s=96&d=mm&r=g\",\"caption\":\"Sodr\u00e9\"},\"sameAs\":[\"https:\/\/www.facebook.com\/carosroberto.sodre.5\/\"],\"url\":\"https:\/\/ubanews.com\/site\/author\/felipe\/\"}]}<\/script>\n<!-- \/ Yoast SEO plugin. -->","yoast_head_json":{"title":"Encontrado drogas no im\u00f3vel do suspeito de homic\u00eddio na \u00faltima ter\u00e7a-feira - Ub\u00e1 News","robots":{"index":"index","follow":"follow","max-snippet":"max-snippet:-1","max-image-preview":"max-image-preview:large","max-video-preview":"max-video-preview:-1"},"canonical":"https:\/\/ubanews.com\/site\/2018\/09\/12\/e-encontrado-drogas-no-imovel-do-suspeito-de-homicidio-proximo-ao-der-em-uba\/","og_locale":"pt_BR","og_type":"article","og_title":"Encontrado drogas no im\u00f3vel do suspeito de homic\u00eddio na \u00faltima ter\u00e7a-feira - Ub\u00e1 News","og_description":"No dia 11 de setembro \u00e0s 07h25min a Pol\u00edcia Militar","og_url":"https:\/\/ubanews.com\/site\/2018\/09\/12\/e-encontrado-drogas-no-imovel-do-suspeito-de-homicidio-proximo-ao-der-em-uba\/","og_site_name":"Ub\u00e1 News","article_publisher":"https:\/\/www.facebook.com\/Ub%c3%a1News-Carlos-Roberto-Sodr%c3%a9-418778301977370","article_author":"https:\/\/www.facebook.com\/carosroberto.sodre.5\/","article_published_time":"2018-09-12T13:54:39+00:00","article_modified_time":"2018-09-12T13:58:51+00:00","og_image":[{"width":800,"height":389,"url":"https:\/\/ubanews.com\/site\/wp-content\/uploads\/2018\/09\/giroflex.jpg","type":"image\/jpeg"}],"author":"Sodr\u00e9","twitter_card":"summary_large_image","twitter_misc":{"Escrito por":"Sodr\u00e9","Est. tempo de leitura":"2 minutos"},"schema":{"@context":"https:\/\/schema.org","@graph":[{"@type":"Article","@id":"https:\/\/ubanews.com\/site\/2018\/09\/12\/e-encontrado-drogas-no-imovel-do-suspeito-de-homicidio-proximo-ao-der-em-uba\/#article","isPartOf":{"@id":"https:\/\/ubanews.com\/site\/2018\/09\/12\/e-encontrado-drogas-no-imovel-do-suspeito-de-homicidio-proximo-ao-der-em-uba\/"},"author":{"name":"Sodr\u00e9","@id":"https:\/\/ubanews.com\/site\/#\/schema\/person\/d90c9e47252fbb63dcc969fe4c8b9d10"},"headline":"Encontrado drogas no im\u00f3vel do suspeito de homic\u00eddio na \u00faltima ter\u00e7a-feira","datePublished":"2018-09-12T13:54:39+00:00","dateModified":"2018-09-12T13:58:51+00:00","mainEntityOfPage":{"@id":"https:\/\/ubanews.com\/site\/2018\/09\/12\/e-encontrado-drogas-no-imovel-do-suspeito-de-homicidio-proximo-ao-der-em-uba\/"},"wordCount":458,"commentCount":0,"publisher":{"@id":"https:\/\/ubanews.com\/site\/#organization"},"image":{"@id":"https:\/\/ubanews.com\/site\/2018\/09\/12\/e-encontrado-drogas-no-imovel-do-suspeito-de-homicidio-proximo-ao-der-em-uba\/#primaryimage"},"thumbnailUrl":"https:\/\/ubanews.com\/site\/wp-content\/uploads\/2018\/09\/giroflex.jpg","articleSection":["S\u00edntese das Ocorr\u00eancias"],"inLanguage":"pt-BR","potentialAction":[{"@type":"CommentAction","name":"Comment","target":["https:\/\/ubanews.com\/site\/2018\/09\/12\/e-encontrado-drogas-no-imovel-do-suspeito-de-homicidio-proximo-ao-der-em-uba\/#respond"]}]},{"@type":"WebPage","@id":"https:\/\/ubanews.com\/site\/2018\/09\/12\/e-encontrado-drogas-no-imovel-do-suspeito-de-homicidio-proximo-ao-der-em-uba\/","url":"https:\/\/ubanews.com\/site\/2018\/09\/12\/e-encontrado-drogas-no-imovel-do-suspeito-de-homicidio-proximo-ao-der-em-uba\/","name":"Encontrado drogas no im\u00f3vel do suspeito de homic\u00eddio na \u00faltima ter\u00e7a-feira - Ub\u00e1 News","isPartOf":{"@id":"https:\/\/ubanews.com\/site\/#website"},"primaryImageOfPage":{"@id":"https:\/\/ubanews.com\/site\/2018\/09\/12\/e-encontrado-drogas-no-imovel-do-suspeito-de-homicidio-proximo-ao-der-em-uba\/#primaryimage"},"image":{"@id":"https:\/\/ubanews.com\/site\/2018\/09\/12\/e-encontrado-drogas-no-imovel-do-suspeito-de-homicidio-proximo-ao-der-em-uba\/#primaryimage"},"thumbnailUrl":"https:\/\/ubanews.com\/site\/wp-content\/uploads\/2018\/09\/giroflex.jpg","datePublished":"2018-09-12T13:54:39+00:00","dateModified":"2018-09-12T13:58:51+00:00","breadcrumb":{"@id":"https:\/\/ubanews.com\/site\/2018\/09\/12\/e-encontrado-drogas-no-imovel-do-suspeito-de-homicidio-proximo-ao-der-em-uba\/#breadcrumb"},"inLanguage":"pt-BR","potentialAction":[{"@type":"ReadAction","target":["https:\/\/ubanews.com\/site\/2018\/09\/12\/e-encontrado-drogas-no-imovel-do-suspeito-de-homicidio-proximo-ao-der-em-uba\/"]}]},{"@type":"ImageObject","inLanguage":"pt-BR","@id":"https:\/\/ubanews.com\/site\/2018\/09\/12\/e-encontrado-drogas-no-imovel-do-suspeito-de-homicidio-proximo-ao-der-em-uba\/#primaryimage","url":"https:\/\/ubanews.com\/site\/wp-content\/uploads\/2018\/09\/giroflex.jpg","contentUrl":"https:\/\/ubanews.com\/site\/wp-content\/uploads\/2018\/09\/giroflex.jpg","width":800,"height":389},{"@type":"BreadcrumbList","@id":"https:\/\/ubanews.com\/site\/2018\/09\/12\/e-encontrado-drogas-no-imovel-do-suspeito-de-homicidio-proximo-ao-der-em-uba\/#breadcrumb","itemListElement":[{"@type":"ListItem","position":1,"name":"Home","item":"https:\/\/ubanews.com\/site\/"},{"@type":"ListItem","position":2,"name":"Encontrado drogas no im\u00f3vel do suspeito de homic\u00eddio na \u00faltima ter\u00e7a-feira"}]},{"@type":"WebSite","@id":"https:\/\/ubanews.com\/site\/#website","url":"https:\/\/ubanews.com\/site\/","name":"Ub\u00e1 News","description":"","publisher":{"@id":"https:\/\/ubanews.com\/site\/#organization"},"potentialAction":[{"@type":"SearchAction","target":{"@type":"EntryPoint","urlTemplate":"https:\/\/ubanews.com\/site\/?s={search_term_string}"},"query-input":{"@type":"PropertyValueSpecification","valueRequired":true,"valueName":"search_term_string"}}],"inLanguage":"pt-BR"},{"@type":"Organization","@id":"https:\/\/ubanews.com\/site\/#organization","name":"Ub\u00e1 News","url":"https:\/\/ubanews.com\/site\/","logo":{"@type":"ImageObject","inLanguage":"pt-BR","@id":"https:\/\/ubanews.com\/site\/#\/schema\/logo\/image\/","url":"https:\/\/ubanews.com\/site\/wp-content\/uploads\/2018\/01\/logoubanews.png","contentUrl":"https:\/\/ubanews.com\/site\/wp-content\/uploads\/2018\/01\/logoubanews.png","width":261,"height":99,"caption":"Ub\u00e1 News"},"image":{"@id":"https:\/\/ubanews.com\/site\/#\/schema\/logo\/image\/"},"sameAs":["https:\/\/www.facebook.com\/Ub\u00e1News-Carlos-Roberto-Sodr\u00e9-418778301977370"]},{"@type":"Person","@id":"https:\/\/ubanews.com\/site\/#\/schema\/person\/d90c9e47252fbb63dcc969fe4c8b9d10","name":"Sodr\u00e9","image":{"@type":"ImageObject","inLanguage":"pt-BR","@id":"https:\/\/secure.gravatar.com\/avatar\/5ba2793f0590b9dbfad3fdec4ee714485b3eef211c9b32ee53d414060454a56c?s=96&d=mm&r=g","url":"https:\/\/secure.gravatar.com\/avatar\/5ba2793f0590b9dbfad3fdec4ee714485b3eef211c9b32ee53d414060454a56c?s=96&d=mm&r=g","contentUrl":"https:\/\/secure.gravatar.com\/avatar\/5ba2793f0590b9dbfad3fdec4ee714485b3eef211c9b32ee53d414060454a56c?s=96&d=mm&r=g","caption":"Sodr\u00e9"},"sameAs":["https:\/\/www.facebook.com\/carosroberto.sodre.5\/"],"url":"https:\/\/ubanews.com\/site\/author\/felipe\/"}]}},"_links":{"self":[{"href":"https:\/\/ubanews.com\/site\/wp-json\/wp\/v2\/posts\/7420","targetHints":{"allow":["GET"]}}],"collection":[{"href":"https:\/\/ubanews.com\/site\/wp-json\/wp\/v2\/posts"}],"about":[{"href":"https:\/\/ubanews.com\/site\/wp-json\/wp\/v2\/types\/post"}],"author":[{"embeddable":true,"href":"https:\/\/ubanews.com\/site\/wp-json\/wp\/v2\/users\/2"}],"replies":[{"embeddable":true,"href":"https:\/\/ubanews.com\/site\/wp-json\/wp\/v2\/comments?post=7420"}],"version-history":[{"count":0,"href":"https:\/\/ubanews.com\/site\/wp-json\/wp\/v2\/posts\/7420\/revisions"}],"wp:featuredmedia":[{"embeddable":true,"href":"https:\/\/ubanews.com\/site\/wp-json\/wp\/v2\/media\/7421"}],"wp:attachment":[{"href":"https:\/\/ubanews.com\/site\/wp-json\/wp\/v2\/media?parent=7420"}],"wp:term":[{"taxonomy":"category","embeddable":true,"href":"https:\/\/ubanews.com\/site\/wp-json\/wp\/v2\/categories?post=7420"},{"taxonomy":"post_tag","embeddable":true,"href":"https:\/\/ubanews.com\/site\/wp-json\/wp\/v2\/tags?post=7420"}],"curies":[{"name":"wp","href":"https:\/\/api.w.org\/{rel}","templated":true}]}}