{"id":7386,"date":"2018-09-11T20:56:16","date_gmt":"2018-09-11T23:56:16","guid":{"rendered":"http:\/\/ubanews.com\/site\/?p=7386"},"modified":"2018-10-03T18:23:13","modified_gmt":"2018-10-03T21:23:13","slug":"capturado-na-tarde-desta-terca-feira-suspeito-de-crime-de-homicidio-em-uba","status":"publish","type":"post","link":"https:\/\/ubanews.com\/site\/2018\/09\/11\/capturado-na-tarde-desta-terca-feira-suspeito-de-crime-de-homicidio-em-uba\/","title":{"rendered":"Capturado na tarde desta ter\u00e7a-feira suspeito de crime de homic\u00eddio em Ub\u00e1"},"content":{"rendered":"<p>Nesta ter\u00e7a-feira (11), a Pol\u00edcia Civil de Minas Gerais, por interm\u00e9dio da Delegacia Homic\u00eddios de Ub\u00e1 em conjunto com a Pol\u00edcia Militar, prendeu Paulo Henrique Perreira Dias, conhecido como \u201cPaulinho\u201d pelo crime de homic\u00eddio que aconteceu na manh\u00e3 desta data na Rua Luiz Bigonha, bairro Louri\u00e7al, pr\u00f3ximo ao DER\/MG. As v\u00edtimas foram Alex Sander de Souza Bertolato, conhecido como \u201cTim Tim\u201d e Alessandro Zocoli Bertolato. Esses passavam pelo local em uma motocicleta, quando tiveram que reduzir a velocidade do ve\u00edculo devido a um \u201cfaixa elevada\u201d. Neste momento outra motocicleta de cor vermelha, que os perseguia, conseguiu se aproximar, momento em que a garupa, armado com um rev\u00f3lver disparou contra as v\u00edtimas. Alessandro, que estava pilotando a motocicleta teve que parar. O atirador se aproveitou para executar Tim Tim, que j\u00e1 estava seriamente ferido, com um disparo na cabe\u00e7a, por\u00e9m a arma n\u00e3o possu\u00eda mais muni\u00e7\u00f5es.<br \/>\nAlex Sander n\u00e3o resistiu e morreu no local, enquanto seu pai Alessandro foi socorrido ao hospital com vida.<\/p>\n<p><a href=\"https:\/\/ubanews.com\/site\/wp-content\/uploads\/2018\/08\/ELETRO-SENA-AUTOMOTIVA-2.jpg\"><img decoding=\"async\" class=\"alignnone wp-image-7016 size-full lazyload\" data-src=\"https:\/\/ubanews.com\/site\/wp-content\/uploads\/2018\/08\/ELETRO-SENA-AUTOMOTIVA-2.jpg\" alt=\"\" width=\"800\" height=\"264\" data-srcset=\"https:\/\/ubanews.com\/site\/wp-content\/uploads\/2018\/08\/ELETRO-SENA-AUTOMOTIVA-2.jpg 800w, https:\/\/ubanews.com\/site\/wp-content\/uploads\/2018\/08\/ELETRO-SENA-AUTOMOTIVA-2-300x99.jpg 300w, https:\/\/ubanews.com\/site\/wp-content\/uploads\/2018\/08\/ELETRO-SENA-AUTOMOTIVA-2-768x253.jpg 768w\" data-sizes=\"(max-width: 800px) 100vw, 800px\" src=\"data:image\/svg+xml;base64,PHN2ZyB3aWR0aD0iMSIgaGVpZ2h0PSIxIiB4bWxucz0iaHR0cDovL3d3dy53My5vcmcvMjAwMC9zdmciPjwvc3ZnPg==\" style=\"--smush-placeholder-width: 800px; --smush-placeholder-aspect-ratio: 800\/264;\" \/><\/a><\/p>\n<p>A Pol\u00edcia Civil, por interm\u00e9dio da Delegacia Antidrogas a Homic\u00eddios, enviou uma equipe ao local e iniciou os trabalhos de investiga\u00e7\u00e3o. Com apoio da Pol\u00edcia Militar, ap\u00f3s intensos levantamentos durante todo o dia, as equipes conseguiram identificar o suspeito, com base n\u00e3o s\u00f3 no reconhecimento da v\u00edtima e demais elementos investigativos. Os Policiais Militares cercaram o im\u00f3vel do suspeito e conseguiram captur\u00e1-lo com sucesso.<br \/>\nSegundo a Pol\u00edcia Civil, o crime que tem caracter\u00edsticas claras de execu\u00e7\u00e3o premeditada, possivelmente est\u00e1 relacionado a disputas entre organiza\u00e7\u00f5es criminosas rivais.<br \/>\nO suspeito foi capturado e conduzido \u00e0 2\u00aa Delegacia Regional de Pol\u00edcia Civil de Ub\u00e1 e, ap\u00f3s ouvido, encaminhado ao pres\u00eddio local. <\/p>\n<p>Chefe do 4\u00ba Departamento: Dr. Carlos Roberto da Silveira Costa<br \/>\nDelegado Regional \/ 2\u00aa DRPC UB\u00c1: Dr. Di\u00eago Candian alves<br \/>\nDelegado Titular: Dr. Alexandrino Rosa de Souza<br \/>\nInspetor: Lucas Pinto de Magalh\u00e3es<br \/>\nEquipe de Investigadores de homic\u00eddios: Alexandre Silva de Abreu, Robson Queiroz de Almeida Pacheco<br \/>\nEscriv\u00e3es:  Vagner Em\u00eddio Gravina<br \/>\nEquipe policiais militares: 1\u00ba Ten Moraes, 2\u00ba Sgt C. Reis, 3\u00ba Sgt Camargo, 3\u00ba Sgt Bruno, Cb R\u00f4mulo, Sd Azevedo, Sd Caio, 2\u00ba Sgt Ferreira, 3\u00ba Sgt Carlos e Cb Campos.<br \/>\nMais informa\u00e7\u00f5es: Assessoria de Imprensa do 4\u00ba Departamento<\/p>\n<div style=\"position:relative; height:0; padding-bottom:56.25%;\"><iframe frameborder=\"0\" style=\"position: absolute; width: 100%; height: 100%; left: 0;\" data-src=\"https:\/\/www.youtube.com\/embed\/7yun_jzdRr0?ecver=2\" width=\"640\" height=\"360\" allowfullscreen src=\"data:image\/svg+xml;base64,PHN2ZyB3aWR0aD0iMSIgaGVpZ2h0PSIxIiB4bWxucz0iaHR0cDovL3d3dy53My5vcmcvMjAwMC9zdmciPjwvc3ZnPg==\" class=\"lazyload\" data-load-mode=\"1\"><\/iframe><\/div>\n","protected":false},"excerpt":{"rendered":"<p>Nesta ter\u00e7a-feira (11), a Pol\u00edcia Civil de Minas Gerais, por<\/p>\n","protected":false},"author":2,"featured_media":7387,"comment_status":"open","ping_status":"open","sticky":false,"template":"","format":"standard","meta":{"footnotes":""},"categories":[1],"tags":[],"class_list":["post-7386","post","type-post","status-publish","format-standard","has-post-thumbnail","hentry","category-sem-categoria"],"yoast_head":"<!-- This site is optimized with the Yoast SEO plugin v27.2 - https:\/\/yoast.com\/product\/yoast-seo-wordpress\/ -->\n<title>Capturado na tarde desta ter\u00e7a-feira suspeito de crime de homic\u00eddio em Ub\u00e1 - Ub\u00e1 News<\/title>\n<meta name=\"robots\" content=\"index, follow, max-snippet:-1, max-image-preview:large, max-video-preview:-1\" \/>\n<link rel=\"canonical\" href=\"https:\/\/ubanews.com\/site\/2018\/09\/11\/capturado-na-tarde-desta-terca-feira-suspeito-de-crime-de-homicidio-em-uba\/\" \/>\n<meta property=\"og:locale\" content=\"pt_BR\" \/>\n<meta property=\"og:type\" content=\"article\" \/>\n<meta property=\"og:title\" content=\"Capturado na tarde desta ter\u00e7a-feira suspeito de crime de homic\u00eddio em Ub\u00e1 - Ub\u00e1 News\" \/>\n<meta property=\"og:description\" content=\"Nesta ter\u00e7a-feira (11), a Pol\u00edcia Civil de Minas Gerais, por\" \/>\n<meta property=\"og:url\" content=\"https:\/\/ubanews.com\/site\/2018\/09\/11\/capturado-na-tarde-desta-terca-feira-suspeito-de-crime-de-homicidio-em-uba\/\" \/>\n<meta property=\"og:site_name\" content=\"Ub\u00e1 News\" \/>\n<meta property=\"article:publisher\" content=\"https:\/\/www.facebook.com\/Ub%c3%a1News-Carlos-Roberto-Sodr%c3%a9-418778301977370\" \/>\n<meta property=\"article:author\" content=\"https:\/\/www.facebook.com\/carosroberto.sodre.5\/\" \/>\n<meta property=\"article:published_time\" content=\"2018-09-11T23:56:16+00:00\" \/>\n<meta property=\"article:modified_time\" content=\"2018-10-03T21:23:13+00:00\" \/>\n<meta property=\"og:image\" content=\"https:\/\/ubanews.com\/site\/wp-content\/uploads\/2018\/09\/DSC_6992.jpg\" \/>\n\t<meta property=\"og:image:width\" content=\"800\" \/>\n\t<meta property=\"og:image:height\" content=\"389\" \/>\n\t<meta property=\"og:image:type\" content=\"image\/jpeg\" \/>\n<meta name=\"author\" content=\"Sodr\u00e9\" \/>\n<meta name=\"twitter:card\" content=\"summary_large_image\" \/>\n<meta name=\"twitter:label1\" content=\"Escrito por\" \/>\n\t<meta name=\"twitter:data1\" content=\"Sodr\u00e9\" \/>\n\t<meta name=\"twitter:label2\" content=\"Est. tempo de leitura\" \/>\n\t<meta name=\"twitter:data2\" content=\"2 minutos\" \/>\n<script type=\"application\/ld+json\" class=\"yoast-schema-graph\">{\"@context\":\"https:\/\/schema.org\",\"@graph\":[{\"@type\":\"Article\",\"@id\":\"https:\/\/ubanews.com\/site\/2018\/09\/11\/capturado-na-tarde-desta-terca-feira-suspeito-de-crime-de-homicidio-em-uba\/#article\",\"isPartOf\":{\"@id\":\"https:\/\/ubanews.com\/site\/2018\/09\/11\/capturado-na-tarde-desta-terca-feira-suspeito-de-crime-de-homicidio-em-uba\/\"},\"author\":{\"name\":\"Sodr\u00e9\",\"@id\":\"https:\/\/ubanews.com\/site\/#\/schema\/person\/d90c9e47252fbb63dcc969fe4c8b9d10\"},\"headline\":\"Capturado na tarde desta ter\u00e7a-feira suspeito de crime de homic\u00eddio em Ub\u00e1\",\"datePublished\":\"2018-09-11T23:56:16+00:00\",\"dateModified\":\"2018-10-03T21:23:13+00:00\",\"mainEntityOfPage\":{\"@id\":\"https:\/\/ubanews.com\/site\/2018\/09\/11\/capturado-na-tarde-desta-terca-feira-suspeito-de-crime-de-homicidio-em-uba\/\"},\"wordCount\":404,\"commentCount\":1,\"publisher\":{\"@id\":\"https:\/\/ubanews.com\/site\/#organization\"},\"image\":{\"@id\":\"https:\/\/ubanews.com\/site\/2018\/09\/11\/capturado-na-tarde-desta-terca-feira-suspeito-de-crime-de-homicidio-em-uba\/#primaryimage\"},\"thumbnailUrl\":\"https:\/\/ubanews.com\/site\/wp-content\/uploads\/2018\/09\/DSC_6992.jpg\",\"articleSection\":[\"Geral\"],\"inLanguage\":\"pt-BR\",\"potentialAction\":[{\"@type\":\"CommentAction\",\"name\":\"Comment\",\"target\":[\"https:\/\/ubanews.com\/site\/2018\/09\/11\/capturado-na-tarde-desta-terca-feira-suspeito-de-crime-de-homicidio-em-uba\/#respond\"]}]},{\"@type\":\"WebPage\",\"@id\":\"https:\/\/ubanews.com\/site\/2018\/09\/11\/capturado-na-tarde-desta-terca-feira-suspeito-de-crime-de-homicidio-em-uba\/\",\"url\":\"https:\/\/ubanews.com\/site\/2018\/09\/11\/capturado-na-tarde-desta-terca-feira-suspeito-de-crime-de-homicidio-em-uba\/\",\"name\":\"Capturado na tarde desta ter\u00e7a-feira suspeito de crime de homic\u00eddio em Ub\u00e1 - Ub\u00e1 News\",\"isPartOf\":{\"@id\":\"https:\/\/ubanews.com\/site\/#website\"},\"primaryImageOfPage\":{\"@id\":\"https:\/\/ubanews.com\/site\/2018\/09\/11\/capturado-na-tarde-desta-terca-feira-suspeito-de-crime-de-homicidio-em-uba\/#primaryimage\"},\"image\":{\"@id\":\"https:\/\/ubanews.com\/site\/2018\/09\/11\/capturado-na-tarde-desta-terca-feira-suspeito-de-crime-de-homicidio-em-uba\/#primaryimage\"},\"thumbnailUrl\":\"https:\/\/ubanews.com\/site\/wp-content\/uploads\/2018\/09\/DSC_6992.jpg\",\"datePublished\":\"2018-09-11T23:56:16+00:00\",\"dateModified\":\"2018-10-03T21:23:13+00:00\",\"breadcrumb\":{\"@id\":\"https:\/\/ubanews.com\/site\/2018\/09\/11\/capturado-na-tarde-desta-terca-feira-suspeito-de-crime-de-homicidio-em-uba\/#breadcrumb\"},\"inLanguage\":\"pt-BR\",\"potentialAction\":[{\"@type\":\"ReadAction\",\"target\":[\"https:\/\/ubanews.com\/site\/2018\/09\/11\/capturado-na-tarde-desta-terca-feira-suspeito-de-crime-de-homicidio-em-uba\/\"]}]},{\"@type\":\"ImageObject\",\"inLanguage\":\"pt-BR\",\"@id\":\"https:\/\/ubanews.com\/site\/2018\/09\/11\/capturado-na-tarde-desta-terca-feira-suspeito-de-crime-de-homicidio-em-uba\/#primaryimage\",\"url\":\"https:\/\/ubanews.com\/site\/wp-content\/uploads\/2018\/09\/DSC_6992.jpg\",\"contentUrl\":\"https:\/\/ubanews.com\/site\/wp-content\/uploads\/2018\/09\/DSC_6992.jpg\",\"width\":800,\"height\":389},{\"@type\":\"BreadcrumbList\",\"@id\":\"https:\/\/ubanews.com\/site\/2018\/09\/11\/capturado-na-tarde-desta-terca-feira-suspeito-de-crime-de-homicidio-em-uba\/#breadcrumb\",\"itemListElement\":[{\"@type\":\"ListItem\",\"position\":1,\"name\":\"Home\",\"item\":\"https:\/\/ubanews.com\/site\/\"},{\"@type\":\"ListItem\",\"position\":2,\"name\":\"Capturado na tarde desta ter\u00e7a-feira suspeito de crime de homic\u00eddio em Ub\u00e1\"}]},{\"@type\":\"WebSite\",\"@id\":\"https:\/\/ubanews.com\/site\/#website\",\"url\":\"https:\/\/ubanews.com\/site\/\",\"name\":\"Ub\u00e1 News\",\"description\":\"\",\"publisher\":{\"@id\":\"https:\/\/ubanews.com\/site\/#organization\"},\"potentialAction\":[{\"@type\":\"SearchAction\",\"target\":{\"@type\":\"EntryPoint\",\"urlTemplate\":\"https:\/\/ubanews.com\/site\/?s={search_term_string}\"},\"query-input\":{\"@type\":\"PropertyValueSpecification\",\"valueRequired\":true,\"valueName\":\"search_term_string\"}}],\"inLanguage\":\"pt-BR\"},{\"@type\":\"Organization\",\"@id\":\"https:\/\/ubanews.com\/site\/#organization\",\"name\":\"Ub\u00e1 News\",\"url\":\"https:\/\/ubanews.com\/site\/\",\"logo\":{\"@type\":\"ImageObject\",\"inLanguage\":\"pt-BR\",\"@id\":\"https:\/\/ubanews.com\/site\/#\/schema\/logo\/image\/\",\"url\":\"https:\/\/ubanews.com\/site\/wp-content\/uploads\/2018\/01\/logoubanews.png\",\"contentUrl\":\"https:\/\/ubanews.com\/site\/wp-content\/uploads\/2018\/01\/logoubanews.png\",\"width\":261,\"height\":99,\"caption\":\"Ub\u00e1 News\"},\"image\":{\"@id\":\"https:\/\/ubanews.com\/site\/#\/schema\/logo\/image\/\"},\"sameAs\":[\"https:\/\/www.facebook.com\/Ub\u00e1News-Carlos-Roberto-Sodr\u00e9-418778301977370\"]},{\"@type\":\"Person\",\"@id\":\"https:\/\/ubanews.com\/site\/#\/schema\/person\/d90c9e47252fbb63dcc969fe4c8b9d10\",\"name\":\"Sodr\u00e9\",\"image\":{\"@type\":\"ImageObject\",\"inLanguage\":\"pt-BR\",\"@id\":\"https:\/\/secure.gravatar.com\/avatar\/5ba2793f0590b9dbfad3fdec4ee714485b3eef211c9b32ee53d414060454a56c?s=96&d=mm&r=g\",\"url\":\"https:\/\/secure.gravatar.com\/avatar\/5ba2793f0590b9dbfad3fdec4ee714485b3eef211c9b32ee53d414060454a56c?s=96&d=mm&r=g\",\"contentUrl\":\"https:\/\/secure.gravatar.com\/avatar\/5ba2793f0590b9dbfad3fdec4ee714485b3eef211c9b32ee53d414060454a56c?s=96&d=mm&r=g\",\"caption\":\"Sodr\u00e9\"},\"sameAs\":[\"https:\/\/www.facebook.com\/carosroberto.sodre.5\/\"],\"url\":\"https:\/\/ubanews.com\/site\/author\/felipe\/\"}]}<\/script>\n<!-- \/ Yoast SEO plugin. -->","yoast_head_json":{"title":"Capturado na tarde desta ter\u00e7a-feira suspeito de crime de homic\u00eddio em Ub\u00e1 - Ub\u00e1 News","robots":{"index":"index","follow":"follow","max-snippet":"max-snippet:-1","max-image-preview":"max-image-preview:large","max-video-preview":"max-video-preview:-1"},"canonical":"https:\/\/ubanews.com\/site\/2018\/09\/11\/capturado-na-tarde-desta-terca-feira-suspeito-de-crime-de-homicidio-em-uba\/","og_locale":"pt_BR","og_type":"article","og_title":"Capturado na tarde desta ter\u00e7a-feira suspeito de crime de homic\u00eddio em Ub\u00e1 - Ub\u00e1 News","og_description":"Nesta ter\u00e7a-feira (11), a Pol\u00edcia Civil de Minas Gerais, por","og_url":"https:\/\/ubanews.com\/site\/2018\/09\/11\/capturado-na-tarde-desta-terca-feira-suspeito-de-crime-de-homicidio-em-uba\/","og_site_name":"Ub\u00e1 News","article_publisher":"https:\/\/www.facebook.com\/Ub%c3%a1News-Carlos-Roberto-Sodr%c3%a9-418778301977370","article_author":"https:\/\/www.facebook.com\/carosroberto.sodre.5\/","article_published_time":"2018-09-11T23:56:16+00:00","article_modified_time":"2018-10-03T21:23:13+00:00","og_image":[{"width":800,"height":389,"url":"https:\/\/ubanews.com\/site\/wp-content\/uploads\/2018\/09\/DSC_6992.jpg","type":"image\/jpeg"}],"author":"Sodr\u00e9","twitter_card":"summary_large_image","twitter_misc":{"Escrito por":"Sodr\u00e9","Est. tempo de leitura":"2 minutos"},"schema":{"@context":"https:\/\/schema.org","@graph":[{"@type":"Article","@id":"https:\/\/ubanews.com\/site\/2018\/09\/11\/capturado-na-tarde-desta-terca-feira-suspeito-de-crime-de-homicidio-em-uba\/#article","isPartOf":{"@id":"https:\/\/ubanews.com\/site\/2018\/09\/11\/capturado-na-tarde-desta-terca-feira-suspeito-de-crime-de-homicidio-em-uba\/"},"author":{"name":"Sodr\u00e9","@id":"https:\/\/ubanews.com\/site\/#\/schema\/person\/d90c9e47252fbb63dcc969fe4c8b9d10"},"headline":"Capturado na tarde desta ter\u00e7a-feira suspeito de crime de homic\u00eddio em Ub\u00e1","datePublished":"2018-09-11T23:56:16+00:00","dateModified":"2018-10-03T21:23:13+00:00","mainEntityOfPage":{"@id":"https:\/\/ubanews.com\/site\/2018\/09\/11\/capturado-na-tarde-desta-terca-feira-suspeito-de-crime-de-homicidio-em-uba\/"},"wordCount":404,"commentCount":1,"publisher":{"@id":"https:\/\/ubanews.com\/site\/#organization"},"image":{"@id":"https:\/\/ubanews.com\/site\/2018\/09\/11\/capturado-na-tarde-desta-terca-feira-suspeito-de-crime-de-homicidio-em-uba\/#primaryimage"},"thumbnailUrl":"https:\/\/ubanews.com\/site\/wp-content\/uploads\/2018\/09\/DSC_6992.jpg","articleSection":["Geral"],"inLanguage":"pt-BR","potentialAction":[{"@type":"CommentAction","name":"Comment","target":["https:\/\/ubanews.com\/site\/2018\/09\/11\/capturado-na-tarde-desta-terca-feira-suspeito-de-crime-de-homicidio-em-uba\/#respond"]}]},{"@type":"WebPage","@id":"https:\/\/ubanews.com\/site\/2018\/09\/11\/capturado-na-tarde-desta-terca-feira-suspeito-de-crime-de-homicidio-em-uba\/","url":"https:\/\/ubanews.com\/site\/2018\/09\/11\/capturado-na-tarde-desta-terca-feira-suspeito-de-crime-de-homicidio-em-uba\/","name":"Capturado na tarde desta ter\u00e7a-feira suspeito de crime de homic\u00eddio em Ub\u00e1 - Ub\u00e1 News","isPartOf":{"@id":"https:\/\/ubanews.com\/site\/#website"},"primaryImageOfPage":{"@id":"https:\/\/ubanews.com\/site\/2018\/09\/11\/capturado-na-tarde-desta-terca-feira-suspeito-de-crime-de-homicidio-em-uba\/#primaryimage"},"image":{"@id":"https:\/\/ubanews.com\/site\/2018\/09\/11\/capturado-na-tarde-desta-terca-feira-suspeito-de-crime-de-homicidio-em-uba\/#primaryimage"},"thumbnailUrl":"https:\/\/ubanews.com\/site\/wp-content\/uploads\/2018\/09\/DSC_6992.jpg","datePublished":"2018-09-11T23:56:16+00:00","dateModified":"2018-10-03T21:23:13+00:00","breadcrumb":{"@id":"https:\/\/ubanews.com\/site\/2018\/09\/11\/capturado-na-tarde-desta-terca-feira-suspeito-de-crime-de-homicidio-em-uba\/#breadcrumb"},"inLanguage":"pt-BR","potentialAction":[{"@type":"ReadAction","target":["https:\/\/ubanews.com\/site\/2018\/09\/11\/capturado-na-tarde-desta-terca-feira-suspeito-de-crime-de-homicidio-em-uba\/"]}]},{"@type":"ImageObject","inLanguage":"pt-BR","@id":"https:\/\/ubanews.com\/site\/2018\/09\/11\/capturado-na-tarde-desta-terca-feira-suspeito-de-crime-de-homicidio-em-uba\/#primaryimage","url":"https:\/\/ubanews.com\/site\/wp-content\/uploads\/2018\/09\/DSC_6992.jpg","contentUrl":"https:\/\/ubanews.com\/site\/wp-content\/uploads\/2018\/09\/DSC_6992.jpg","width":800,"height":389},{"@type":"BreadcrumbList","@id":"https:\/\/ubanews.com\/site\/2018\/09\/11\/capturado-na-tarde-desta-terca-feira-suspeito-de-crime-de-homicidio-em-uba\/#breadcrumb","itemListElement":[{"@type":"ListItem","position":1,"name":"Home","item":"https:\/\/ubanews.com\/site\/"},{"@type":"ListItem","position":2,"name":"Capturado na tarde desta ter\u00e7a-feira suspeito de crime de homic\u00eddio em Ub\u00e1"}]},{"@type":"WebSite","@id":"https:\/\/ubanews.com\/site\/#website","url":"https:\/\/ubanews.com\/site\/","name":"Ub\u00e1 News","description":"","publisher":{"@id":"https:\/\/ubanews.com\/site\/#organization"},"potentialAction":[{"@type":"SearchAction","target":{"@type":"EntryPoint","urlTemplate":"https:\/\/ubanews.com\/site\/?s={search_term_string}"},"query-input":{"@type":"PropertyValueSpecification","valueRequired":true,"valueName":"search_term_string"}}],"inLanguage":"pt-BR"},{"@type":"Organization","@id":"https:\/\/ubanews.com\/site\/#organization","name":"Ub\u00e1 News","url":"https:\/\/ubanews.com\/site\/","logo":{"@type":"ImageObject","inLanguage":"pt-BR","@id":"https:\/\/ubanews.com\/site\/#\/schema\/logo\/image\/","url":"https:\/\/ubanews.com\/site\/wp-content\/uploads\/2018\/01\/logoubanews.png","contentUrl":"https:\/\/ubanews.com\/site\/wp-content\/uploads\/2018\/01\/logoubanews.png","width":261,"height":99,"caption":"Ub\u00e1 News"},"image":{"@id":"https:\/\/ubanews.com\/site\/#\/schema\/logo\/image\/"},"sameAs":["https:\/\/www.facebook.com\/Ub\u00e1News-Carlos-Roberto-Sodr\u00e9-418778301977370"]},{"@type":"Person","@id":"https:\/\/ubanews.com\/site\/#\/schema\/person\/d90c9e47252fbb63dcc969fe4c8b9d10","name":"Sodr\u00e9","image":{"@type":"ImageObject","inLanguage":"pt-BR","@id":"https:\/\/secure.gravatar.com\/avatar\/5ba2793f0590b9dbfad3fdec4ee714485b3eef211c9b32ee53d414060454a56c?s=96&d=mm&r=g","url":"https:\/\/secure.gravatar.com\/avatar\/5ba2793f0590b9dbfad3fdec4ee714485b3eef211c9b32ee53d414060454a56c?s=96&d=mm&r=g","contentUrl":"https:\/\/secure.gravatar.com\/avatar\/5ba2793f0590b9dbfad3fdec4ee714485b3eef211c9b32ee53d414060454a56c?s=96&d=mm&r=g","caption":"Sodr\u00e9"},"sameAs":["https:\/\/www.facebook.com\/carosroberto.sodre.5\/"],"url":"https:\/\/ubanews.com\/site\/author\/felipe\/"}]}},"_links":{"self":[{"href":"https:\/\/ubanews.com\/site\/wp-json\/wp\/v2\/posts\/7386","targetHints":{"allow":["GET"]}}],"collection":[{"href":"https:\/\/ubanews.com\/site\/wp-json\/wp\/v2\/posts"}],"about":[{"href":"https:\/\/ubanews.com\/site\/wp-json\/wp\/v2\/types\/post"}],"author":[{"embeddable":true,"href":"https:\/\/ubanews.com\/site\/wp-json\/wp\/v2\/users\/2"}],"replies":[{"embeddable":true,"href":"https:\/\/ubanews.com\/site\/wp-json\/wp\/v2\/comments?post=7386"}],"version-history":[{"count":0,"href":"https:\/\/ubanews.com\/site\/wp-json\/wp\/v2\/posts\/7386\/revisions"}],"wp:featuredmedia":[{"embeddable":true,"href":"https:\/\/ubanews.com\/site\/wp-json\/wp\/v2\/media\/7387"}],"wp:attachment":[{"href":"https:\/\/ubanews.com\/site\/wp-json\/wp\/v2\/media?parent=7386"}],"wp:term":[{"taxonomy":"category","embeddable":true,"href":"https:\/\/ubanews.com\/site\/wp-json\/wp\/v2\/categories?post=7386"},{"taxonomy":"post_tag","embeddable":true,"href":"https:\/\/ubanews.com\/site\/wp-json\/wp\/v2\/tags?post=7386"}],"curies":[{"name":"wp","href":"https:\/\/api.w.org\/{rel}","templated":true}]}}