{"id":7377,"date":"2018-09-11T13:41:31","date_gmt":"2018-09-11T16:41:31","guid":{"rendered":"http:\/\/ubanews.com\/site\/?p=7377"},"modified":"2018-09-11T14:23:07","modified_gmt":"2018-09-11T17:23:07","slug":"dois-homens-sao-alvejados-por-disparos-de-arma-de-fogo-um-morto-e-outro-ferido","status":"publish","type":"post","link":"https:\/\/ubanews.com\/site\/2018\/09\/11\/dois-homens-sao-alvejados-por-disparos-de-arma-de-fogo-um-morto-e-outro-ferido\/","title":{"rendered":"Dois homens s\u00e3o alvejados por disparos de arma de fogo um morto e outro ferido"},"content":{"rendered":"<p><a href=\"https:\/\/ubanews.com\/site\/wp-content\/uploads\/2018\/08\/ELETRO-SENA-AUTOMOTIVA-2.jpg\"><img decoding=\"async\" class=\"alignnone wp-image-7016 size-full lazyload\" data-src=\"https:\/\/ubanews.com\/site\/wp-content\/uploads\/2018\/08\/ELETRO-SENA-AUTOMOTIVA-2.jpg\" alt=\"\" width=\"800\" height=\"264\" data-srcset=\"https:\/\/ubanews.com\/site\/wp-content\/uploads\/2018\/08\/ELETRO-SENA-AUTOMOTIVA-2.jpg 800w, https:\/\/ubanews.com\/site\/wp-content\/uploads\/2018\/08\/ELETRO-SENA-AUTOMOTIVA-2-300x99.jpg 300w, https:\/\/ubanews.com\/site\/wp-content\/uploads\/2018\/08\/ELETRO-SENA-AUTOMOTIVA-2-768x253.jpg 768w\" data-sizes=\"(max-width: 800px) 100vw, 800px\" src=\"data:image\/svg+xml;base64,PHN2ZyB3aWR0aD0iMSIgaGVpZ2h0PSIxIiB4bWxucz0iaHR0cDovL3d3dy53My5vcmcvMjAwMC9zdmciPjwvc3ZnPg==\" style=\"--smush-placeholder-width: 800px; --smush-placeholder-aspect-ratio: 800\/264;\" \/><\/a><\/p>\n<p>Alex Sander de Souza, de 21 anos, seguia na garupa da moto de seu pai (Alessandro) na avenida Luiz Bigonha, bairro Louri\u00e7al, \u00e0s 7h e 20min desta ter\u00e7a-feira (11). Quando foram alvejados pelas costas por dois ocupantes de uma moto que vinha logo atr\u00e1s. Os suspeitos fugiram em seguida. Alex Sander tem antecedentes criminais por tr\u00e1fico de drogas, porte e posse de arma de fogo. Esteve preso no m\u00eas passado.<\/p>\n<p><a href=\"https:\/\/ubanews.com\/site\/wp-content\/uploads\/2018\/09\/095.jpg\"><img decoding=\"async\" class=\"alignnone size-medium wp-image-7378 lazyload\" data-src=\"https:\/\/ubanews.com\/site\/wp-content\/uploads\/2018\/09\/095-300x146.jpg\" alt=\"\" width=\"300\" height=\"146\" data-srcset=\"https:\/\/ubanews.com\/site\/wp-content\/uploads\/2018\/09\/095-300x146.jpg 300w, https:\/\/ubanews.com\/site\/wp-content\/uploads\/2018\/09\/095-768x373.jpg 768w, https:\/\/ubanews.com\/site\/wp-content\/uploads\/2018\/09\/095.jpg 800w\" data-sizes=\"(max-width: 300px) 100vw, 300px\" src=\"data:image\/svg+xml;base64,PHN2ZyB3aWR0aD0iMSIgaGVpZ2h0PSIxIiB4bWxucz0iaHR0cDovL3d3dy53My5vcmcvMjAwMC9zdmciPjwvc3ZnPg==\" style=\"--smush-placeholder-width: 300px; --smush-placeholder-aspect-ratio: 300\/146;\" \/><\/a> <a href=\"https:\/\/ubanews.com\/site\/wp-content\/uploads\/2018\/09\/096.jpg\"><img decoding=\"async\" class=\"alignnone size-medium wp-image-7379 lazyload\" data-src=\"https:\/\/ubanews.com\/site\/wp-content\/uploads\/2018\/09\/096-300x146.jpg\" alt=\"\" width=\"300\" height=\"146\" data-srcset=\"https:\/\/ubanews.com\/site\/wp-content\/uploads\/2018\/09\/096-300x146.jpg 300w, https:\/\/ubanews.com\/site\/wp-content\/uploads\/2018\/09\/096-768x373.jpg 768w, https:\/\/ubanews.com\/site\/wp-content\/uploads\/2018\/09\/096.jpg 800w\" data-sizes=\"(max-width: 300px) 100vw, 300px\" src=\"data:image\/svg+xml;base64,PHN2ZyB3aWR0aD0iMSIgaGVpZ2h0PSIxIiB4bWxucz0iaHR0cDovL3d3dy53My5vcmcvMjAwMC9zdmciPjwvc3ZnPg==\" style=\"--smush-placeholder-width: 300px; --smush-placeholder-aspect-ratio: 300\/146;\" \/><\/a><a href=\"https:\/\/ubanews.com\/site\/wp-content\/uploads\/2018\/09\/097.jpg\"><img decoding=\"async\" class=\"alignnone size-medium wp-image-7382 lazyload\" data-src=\"https:\/\/ubanews.com\/site\/wp-content\/uploads\/2018\/09\/097-300x146.jpg\" alt=\"\" width=\"300\" height=\"146\" data-srcset=\"https:\/\/ubanews.com\/site\/wp-content\/uploads\/2018\/09\/097-300x146.jpg 300w, https:\/\/ubanews.com\/site\/wp-content\/uploads\/2018\/09\/097-768x373.jpg 768w, https:\/\/ubanews.com\/site\/wp-content\/uploads\/2018\/09\/097.jpg 800w\" data-sizes=\"(max-width: 300px) 100vw, 300px\" src=\"data:image\/svg+xml;base64,PHN2ZyB3aWR0aD0iMSIgaGVpZ2h0PSIxIiB4bWxucz0iaHR0cDovL3d3dy53My5vcmcvMjAwMC9zdmciPjwvc3ZnPg==\" style=\"--smush-placeholder-width: 300px; --smush-placeholder-aspect-ratio: 300\/146;\" \/><\/a><\/p>\n<p><strong>Texto: Carlos Roberto Sodr\u00e9<\/strong><\/p>\n","protected":false},"excerpt":{"rendered":"<p>Alex Sander de Souza, de 21 anos, seguia na garupa<\/p>\n","protected":false},"author":2,"featured_media":7380,"comment_status":"open","ping_status":"open","sticky":false,"template":"","format":"standard","meta":{"footnotes":""},"categories":[1],"tags":[],"class_list":["post-7377","post","type-post","status-publish","format-standard","has-post-thumbnail","hentry","category-sem-categoria"],"yoast_head":"<!-- This site is optimized with the Yoast SEO plugin v27.2 - https:\/\/yoast.com\/product\/yoast-seo-wordpress\/ -->\n<title>Dois homens s\u00e3o alvejados por disparos de arma de fogo um morto e outro ferido - Ub\u00e1 News<\/title>\n<meta name=\"robots\" content=\"index, follow, max-snippet:-1, max-image-preview:large, max-video-preview:-1\" \/>\n<link rel=\"canonical\" href=\"https:\/\/ubanews.com\/site\/2018\/09\/11\/dois-homens-sao-alvejados-por-disparos-de-arma-de-fogo-um-morto-e-outro-ferido\/\" \/>\n<meta property=\"og:locale\" content=\"pt_BR\" \/>\n<meta property=\"og:type\" content=\"article\" \/>\n<meta property=\"og:title\" content=\"Dois homens s\u00e3o alvejados por disparos de arma de fogo um morto e outro ferido - Ub\u00e1 News\" \/>\n<meta property=\"og:description\" content=\"Alex Sander de Souza, de 21 anos, seguia na garupa\" \/>\n<meta property=\"og:url\" content=\"https:\/\/ubanews.com\/site\/2018\/09\/11\/dois-homens-sao-alvejados-por-disparos-de-arma-de-fogo-um-morto-e-outro-ferido\/\" \/>\n<meta property=\"og:site_name\" content=\"Ub\u00e1 News\" \/>\n<meta property=\"article:publisher\" content=\"https:\/\/www.facebook.com\/Ub%c3%a1News-Carlos-Roberto-Sodr%c3%a9-418778301977370\" \/>\n<meta property=\"article:author\" content=\"https:\/\/www.facebook.com\/carosroberto.sodre.5\/\" \/>\n<meta property=\"article:published_time\" content=\"2018-09-11T16:41:31+00:00\" \/>\n<meta property=\"article:modified_time\" content=\"2018-09-11T17:23:07+00:00\" \/>\n<meta property=\"og:image\" content=\"https:\/\/ubanews.com\/site\/wp-content\/uploads\/2018\/09\/096-1.jpg\" \/>\n\t<meta property=\"og:image:width\" content=\"800\" \/>\n\t<meta property=\"og:image:height\" content=\"389\" \/>\n\t<meta property=\"og:image:type\" content=\"image\/jpeg\" \/>\n<meta name=\"author\" content=\"Sodr\u00e9\" \/>\n<meta name=\"twitter:card\" content=\"summary_large_image\" \/>\n<meta name=\"twitter:label1\" content=\"Escrito por\" \/>\n\t<meta name=\"twitter:data1\" content=\"Sodr\u00e9\" \/>\n<script type=\"application\/ld+json\" class=\"yoast-schema-graph\">{\"@context\":\"https:\/\/schema.org\",\"@graph\":[{\"@type\":\"Article\",\"@id\":\"https:\/\/ubanews.com\/site\/2018\/09\/11\/dois-homens-sao-alvejados-por-disparos-de-arma-de-fogo-um-morto-e-outro-ferido\/#article\",\"isPartOf\":{\"@id\":\"https:\/\/ubanews.com\/site\/2018\/09\/11\/dois-homens-sao-alvejados-por-disparos-de-arma-de-fogo-um-morto-e-outro-ferido\/\"},\"author\":{\"name\":\"Sodr\u00e9\",\"@id\":\"https:\/\/ubanews.com\/site\/#\/schema\/person\/d90c9e47252fbb63dcc969fe4c8b9d10\"},\"headline\":\"Dois homens s\u00e3o alvejados por disparos de arma de fogo um morto e outro ferido\",\"datePublished\":\"2018-09-11T16:41:31+00:00\",\"dateModified\":\"2018-09-11T17:23:07+00:00\",\"mainEntityOfPage\":{\"@id\":\"https:\/\/ubanews.com\/site\/2018\/09\/11\/dois-homens-sao-alvejados-por-disparos-de-arma-de-fogo-um-morto-e-outro-ferido\/\"},\"wordCount\":93,\"commentCount\":1,\"publisher\":{\"@id\":\"https:\/\/ubanews.com\/site\/#organization\"},\"image\":{\"@id\":\"https:\/\/ubanews.com\/site\/2018\/09\/11\/dois-homens-sao-alvejados-por-disparos-de-arma-de-fogo-um-morto-e-outro-ferido\/#primaryimage\"},\"thumbnailUrl\":\"https:\/\/ubanews.com\/site\/wp-content\/uploads\/2018\/09\/096-1.jpg\",\"articleSection\":[\"Geral\"],\"inLanguage\":\"pt-BR\",\"potentialAction\":[{\"@type\":\"CommentAction\",\"name\":\"Comment\",\"target\":[\"https:\/\/ubanews.com\/site\/2018\/09\/11\/dois-homens-sao-alvejados-por-disparos-de-arma-de-fogo-um-morto-e-outro-ferido\/#respond\"]}]},{\"@type\":\"WebPage\",\"@id\":\"https:\/\/ubanews.com\/site\/2018\/09\/11\/dois-homens-sao-alvejados-por-disparos-de-arma-de-fogo-um-morto-e-outro-ferido\/\",\"url\":\"https:\/\/ubanews.com\/site\/2018\/09\/11\/dois-homens-sao-alvejados-por-disparos-de-arma-de-fogo-um-morto-e-outro-ferido\/\",\"name\":\"Dois homens s\u00e3o alvejados por disparos de arma de fogo um morto e outro ferido - Ub\u00e1 News\",\"isPartOf\":{\"@id\":\"https:\/\/ubanews.com\/site\/#website\"},\"primaryImageOfPage\":{\"@id\":\"https:\/\/ubanews.com\/site\/2018\/09\/11\/dois-homens-sao-alvejados-por-disparos-de-arma-de-fogo-um-morto-e-outro-ferido\/#primaryimage\"},\"image\":{\"@id\":\"https:\/\/ubanews.com\/site\/2018\/09\/11\/dois-homens-sao-alvejados-por-disparos-de-arma-de-fogo-um-morto-e-outro-ferido\/#primaryimage\"},\"thumbnailUrl\":\"https:\/\/ubanews.com\/site\/wp-content\/uploads\/2018\/09\/096-1.jpg\",\"datePublished\":\"2018-09-11T16:41:31+00:00\",\"dateModified\":\"2018-09-11T17:23:07+00:00\",\"breadcrumb\":{\"@id\":\"https:\/\/ubanews.com\/site\/2018\/09\/11\/dois-homens-sao-alvejados-por-disparos-de-arma-de-fogo-um-morto-e-outro-ferido\/#breadcrumb\"},\"inLanguage\":\"pt-BR\",\"potentialAction\":[{\"@type\":\"ReadAction\",\"target\":[\"https:\/\/ubanews.com\/site\/2018\/09\/11\/dois-homens-sao-alvejados-por-disparos-de-arma-de-fogo-um-morto-e-outro-ferido\/\"]}]},{\"@type\":\"ImageObject\",\"inLanguage\":\"pt-BR\",\"@id\":\"https:\/\/ubanews.com\/site\/2018\/09\/11\/dois-homens-sao-alvejados-por-disparos-de-arma-de-fogo-um-morto-e-outro-ferido\/#primaryimage\",\"url\":\"https:\/\/ubanews.com\/site\/wp-content\/uploads\/2018\/09\/096-1.jpg\",\"contentUrl\":\"https:\/\/ubanews.com\/site\/wp-content\/uploads\/2018\/09\/096-1.jpg\",\"width\":800,\"height\":389},{\"@type\":\"BreadcrumbList\",\"@id\":\"https:\/\/ubanews.com\/site\/2018\/09\/11\/dois-homens-sao-alvejados-por-disparos-de-arma-de-fogo-um-morto-e-outro-ferido\/#breadcrumb\",\"itemListElement\":[{\"@type\":\"ListItem\",\"position\":1,\"name\":\"Home\",\"item\":\"https:\/\/ubanews.com\/site\/\"},{\"@type\":\"ListItem\",\"position\":2,\"name\":\"Dois homens s\u00e3o alvejados por disparos de arma de fogo um morto e outro ferido\"}]},{\"@type\":\"WebSite\",\"@id\":\"https:\/\/ubanews.com\/site\/#website\",\"url\":\"https:\/\/ubanews.com\/site\/\",\"name\":\"Ub\u00e1 News\",\"description\":\"\",\"publisher\":{\"@id\":\"https:\/\/ubanews.com\/site\/#organization\"},\"potentialAction\":[{\"@type\":\"SearchAction\",\"target\":{\"@type\":\"EntryPoint\",\"urlTemplate\":\"https:\/\/ubanews.com\/site\/?s={search_term_string}\"},\"query-input\":{\"@type\":\"PropertyValueSpecification\",\"valueRequired\":true,\"valueName\":\"search_term_string\"}}],\"inLanguage\":\"pt-BR\"},{\"@type\":\"Organization\",\"@id\":\"https:\/\/ubanews.com\/site\/#organization\",\"name\":\"Ub\u00e1 News\",\"url\":\"https:\/\/ubanews.com\/site\/\",\"logo\":{\"@type\":\"ImageObject\",\"inLanguage\":\"pt-BR\",\"@id\":\"https:\/\/ubanews.com\/site\/#\/schema\/logo\/image\/\",\"url\":\"https:\/\/ubanews.com\/site\/wp-content\/uploads\/2018\/01\/logoubanews.png\",\"contentUrl\":\"https:\/\/ubanews.com\/site\/wp-content\/uploads\/2018\/01\/logoubanews.png\",\"width\":261,\"height\":99,\"caption\":\"Ub\u00e1 News\"},\"image\":{\"@id\":\"https:\/\/ubanews.com\/site\/#\/schema\/logo\/image\/\"},\"sameAs\":[\"https:\/\/www.facebook.com\/Ub\u00e1News-Carlos-Roberto-Sodr\u00e9-418778301977370\"]},{\"@type\":\"Person\",\"@id\":\"https:\/\/ubanews.com\/site\/#\/schema\/person\/d90c9e47252fbb63dcc969fe4c8b9d10\",\"name\":\"Sodr\u00e9\",\"image\":{\"@type\":\"ImageObject\",\"inLanguage\":\"pt-BR\",\"@id\":\"https:\/\/secure.gravatar.com\/avatar\/5ba2793f0590b9dbfad3fdec4ee714485b3eef211c9b32ee53d414060454a56c?s=96&d=mm&r=g\",\"url\":\"https:\/\/secure.gravatar.com\/avatar\/5ba2793f0590b9dbfad3fdec4ee714485b3eef211c9b32ee53d414060454a56c?s=96&d=mm&r=g\",\"contentUrl\":\"https:\/\/secure.gravatar.com\/avatar\/5ba2793f0590b9dbfad3fdec4ee714485b3eef211c9b32ee53d414060454a56c?s=96&d=mm&r=g\",\"caption\":\"Sodr\u00e9\"},\"sameAs\":[\"https:\/\/www.facebook.com\/carosroberto.sodre.5\/\"],\"url\":\"https:\/\/ubanews.com\/site\/author\/felipe\/\"}]}<\/script>\n<!-- \/ Yoast SEO plugin. -->","yoast_head_json":{"title":"Dois homens s\u00e3o alvejados por disparos de arma de fogo um morto e outro ferido - Ub\u00e1 News","robots":{"index":"index","follow":"follow","max-snippet":"max-snippet:-1","max-image-preview":"max-image-preview:large","max-video-preview":"max-video-preview:-1"},"canonical":"https:\/\/ubanews.com\/site\/2018\/09\/11\/dois-homens-sao-alvejados-por-disparos-de-arma-de-fogo-um-morto-e-outro-ferido\/","og_locale":"pt_BR","og_type":"article","og_title":"Dois homens s\u00e3o alvejados por disparos de arma de fogo um morto e outro ferido - Ub\u00e1 News","og_description":"Alex Sander de Souza, de 21 anos, seguia na garupa","og_url":"https:\/\/ubanews.com\/site\/2018\/09\/11\/dois-homens-sao-alvejados-por-disparos-de-arma-de-fogo-um-morto-e-outro-ferido\/","og_site_name":"Ub\u00e1 News","article_publisher":"https:\/\/www.facebook.com\/Ub%c3%a1News-Carlos-Roberto-Sodr%c3%a9-418778301977370","article_author":"https:\/\/www.facebook.com\/carosroberto.sodre.5\/","article_published_time":"2018-09-11T16:41:31+00:00","article_modified_time":"2018-09-11T17:23:07+00:00","og_image":[{"width":800,"height":389,"url":"https:\/\/ubanews.com\/site\/wp-content\/uploads\/2018\/09\/096-1.jpg","type":"image\/jpeg"}],"author":"Sodr\u00e9","twitter_card":"summary_large_image","twitter_misc":{"Escrito por":"Sodr\u00e9"},"schema":{"@context":"https:\/\/schema.org","@graph":[{"@type":"Article","@id":"https:\/\/ubanews.com\/site\/2018\/09\/11\/dois-homens-sao-alvejados-por-disparos-de-arma-de-fogo-um-morto-e-outro-ferido\/#article","isPartOf":{"@id":"https:\/\/ubanews.com\/site\/2018\/09\/11\/dois-homens-sao-alvejados-por-disparos-de-arma-de-fogo-um-morto-e-outro-ferido\/"},"author":{"name":"Sodr\u00e9","@id":"https:\/\/ubanews.com\/site\/#\/schema\/person\/d90c9e47252fbb63dcc969fe4c8b9d10"},"headline":"Dois homens s\u00e3o alvejados por disparos de arma de fogo um morto e outro ferido","datePublished":"2018-09-11T16:41:31+00:00","dateModified":"2018-09-11T17:23:07+00:00","mainEntityOfPage":{"@id":"https:\/\/ubanews.com\/site\/2018\/09\/11\/dois-homens-sao-alvejados-por-disparos-de-arma-de-fogo-um-morto-e-outro-ferido\/"},"wordCount":93,"commentCount":1,"publisher":{"@id":"https:\/\/ubanews.com\/site\/#organization"},"image":{"@id":"https:\/\/ubanews.com\/site\/2018\/09\/11\/dois-homens-sao-alvejados-por-disparos-de-arma-de-fogo-um-morto-e-outro-ferido\/#primaryimage"},"thumbnailUrl":"https:\/\/ubanews.com\/site\/wp-content\/uploads\/2018\/09\/096-1.jpg","articleSection":["Geral"],"inLanguage":"pt-BR","potentialAction":[{"@type":"CommentAction","name":"Comment","target":["https:\/\/ubanews.com\/site\/2018\/09\/11\/dois-homens-sao-alvejados-por-disparos-de-arma-de-fogo-um-morto-e-outro-ferido\/#respond"]}]},{"@type":"WebPage","@id":"https:\/\/ubanews.com\/site\/2018\/09\/11\/dois-homens-sao-alvejados-por-disparos-de-arma-de-fogo-um-morto-e-outro-ferido\/","url":"https:\/\/ubanews.com\/site\/2018\/09\/11\/dois-homens-sao-alvejados-por-disparos-de-arma-de-fogo-um-morto-e-outro-ferido\/","name":"Dois homens s\u00e3o alvejados por disparos de arma de fogo um morto e outro ferido - Ub\u00e1 News","isPartOf":{"@id":"https:\/\/ubanews.com\/site\/#website"},"primaryImageOfPage":{"@id":"https:\/\/ubanews.com\/site\/2018\/09\/11\/dois-homens-sao-alvejados-por-disparos-de-arma-de-fogo-um-morto-e-outro-ferido\/#primaryimage"},"image":{"@id":"https:\/\/ubanews.com\/site\/2018\/09\/11\/dois-homens-sao-alvejados-por-disparos-de-arma-de-fogo-um-morto-e-outro-ferido\/#primaryimage"},"thumbnailUrl":"https:\/\/ubanews.com\/site\/wp-content\/uploads\/2018\/09\/096-1.jpg","datePublished":"2018-09-11T16:41:31+00:00","dateModified":"2018-09-11T17:23:07+00:00","breadcrumb":{"@id":"https:\/\/ubanews.com\/site\/2018\/09\/11\/dois-homens-sao-alvejados-por-disparos-de-arma-de-fogo-um-morto-e-outro-ferido\/#breadcrumb"},"inLanguage":"pt-BR","potentialAction":[{"@type":"ReadAction","target":["https:\/\/ubanews.com\/site\/2018\/09\/11\/dois-homens-sao-alvejados-por-disparos-de-arma-de-fogo-um-morto-e-outro-ferido\/"]}]},{"@type":"ImageObject","inLanguage":"pt-BR","@id":"https:\/\/ubanews.com\/site\/2018\/09\/11\/dois-homens-sao-alvejados-por-disparos-de-arma-de-fogo-um-morto-e-outro-ferido\/#primaryimage","url":"https:\/\/ubanews.com\/site\/wp-content\/uploads\/2018\/09\/096-1.jpg","contentUrl":"https:\/\/ubanews.com\/site\/wp-content\/uploads\/2018\/09\/096-1.jpg","width":800,"height":389},{"@type":"BreadcrumbList","@id":"https:\/\/ubanews.com\/site\/2018\/09\/11\/dois-homens-sao-alvejados-por-disparos-de-arma-de-fogo-um-morto-e-outro-ferido\/#breadcrumb","itemListElement":[{"@type":"ListItem","position":1,"name":"Home","item":"https:\/\/ubanews.com\/site\/"},{"@type":"ListItem","position":2,"name":"Dois homens s\u00e3o alvejados por disparos de arma de fogo um morto e outro ferido"}]},{"@type":"WebSite","@id":"https:\/\/ubanews.com\/site\/#website","url":"https:\/\/ubanews.com\/site\/","name":"Ub\u00e1 News","description":"","publisher":{"@id":"https:\/\/ubanews.com\/site\/#organization"},"potentialAction":[{"@type":"SearchAction","target":{"@type":"EntryPoint","urlTemplate":"https:\/\/ubanews.com\/site\/?s={search_term_string}"},"query-input":{"@type":"PropertyValueSpecification","valueRequired":true,"valueName":"search_term_string"}}],"inLanguage":"pt-BR"},{"@type":"Organization","@id":"https:\/\/ubanews.com\/site\/#organization","name":"Ub\u00e1 News","url":"https:\/\/ubanews.com\/site\/","logo":{"@type":"ImageObject","inLanguage":"pt-BR","@id":"https:\/\/ubanews.com\/site\/#\/schema\/logo\/image\/","url":"https:\/\/ubanews.com\/site\/wp-content\/uploads\/2018\/01\/logoubanews.png","contentUrl":"https:\/\/ubanews.com\/site\/wp-content\/uploads\/2018\/01\/logoubanews.png","width":261,"height":99,"caption":"Ub\u00e1 News"},"image":{"@id":"https:\/\/ubanews.com\/site\/#\/schema\/logo\/image\/"},"sameAs":["https:\/\/www.facebook.com\/Ub\u00e1News-Carlos-Roberto-Sodr\u00e9-418778301977370"]},{"@type":"Person","@id":"https:\/\/ubanews.com\/site\/#\/schema\/person\/d90c9e47252fbb63dcc969fe4c8b9d10","name":"Sodr\u00e9","image":{"@type":"ImageObject","inLanguage":"pt-BR","@id":"https:\/\/secure.gravatar.com\/avatar\/5ba2793f0590b9dbfad3fdec4ee714485b3eef211c9b32ee53d414060454a56c?s=96&d=mm&r=g","url":"https:\/\/secure.gravatar.com\/avatar\/5ba2793f0590b9dbfad3fdec4ee714485b3eef211c9b32ee53d414060454a56c?s=96&d=mm&r=g","contentUrl":"https:\/\/secure.gravatar.com\/avatar\/5ba2793f0590b9dbfad3fdec4ee714485b3eef211c9b32ee53d414060454a56c?s=96&d=mm&r=g","caption":"Sodr\u00e9"},"sameAs":["https:\/\/www.facebook.com\/carosroberto.sodre.5\/"],"url":"https:\/\/ubanews.com\/site\/author\/felipe\/"}]}},"_links":{"self":[{"href":"https:\/\/ubanews.com\/site\/wp-json\/wp\/v2\/posts\/7377","targetHints":{"allow":["GET"]}}],"collection":[{"href":"https:\/\/ubanews.com\/site\/wp-json\/wp\/v2\/posts"}],"about":[{"href":"https:\/\/ubanews.com\/site\/wp-json\/wp\/v2\/types\/post"}],"author":[{"embeddable":true,"href":"https:\/\/ubanews.com\/site\/wp-json\/wp\/v2\/users\/2"}],"replies":[{"embeddable":true,"href":"https:\/\/ubanews.com\/site\/wp-json\/wp\/v2\/comments?post=7377"}],"version-history":[{"count":0,"href":"https:\/\/ubanews.com\/site\/wp-json\/wp\/v2\/posts\/7377\/revisions"}],"wp:featuredmedia":[{"embeddable":true,"href":"https:\/\/ubanews.com\/site\/wp-json\/wp\/v2\/media\/7380"}],"wp:attachment":[{"href":"https:\/\/ubanews.com\/site\/wp-json\/wp\/v2\/media?parent=7377"}],"wp:term":[{"taxonomy":"category","embeddable":true,"href":"https:\/\/ubanews.com\/site\/wp-json\/wp\/v2\/categories?post=7377"},{"taxonomy":"post_tag","embeddable":true,"href":"https:\/\/ubanews.com\/site\/wp-json\/wp\/v2\/tags?post=7377"}],"curies":[{"name":"wp","href":"https:\/\/api.w.org\/{rel}","templated":true}]}}