{"id":7333,"date":"2018-09-10T10:31:44","date_gmt":"2018-09-10T13:31:44","guid":{"rendered":"http:\/\/ubanews.com\/site\/?p=7333"},"modified":"2018-09-10T13:01:15","modified_gmt":"2018-09-10T16:01:15","slug":"candidatos-aproveitaram-o-movimento-da-feira-livre-para-o-contato-direto-com-os-eleitores","status":"publish","type":"post","link":"https:\/\/ubanews.com\/site\/2018\/09\/10\/candidatos-aproveitaram-o-movimento-da-feira-livre-para-o-contato-direto-com-os-eleitores\/","title":{"rendered":"CANDIDATOS APROVEITARAM O MOVIMENTO DA FEIRA LIVRE PARA O CONTATO DIRETO COM OS ELEITORES"},"content":{"rendered":"<p>O candidato a deputado federal doutor Itamar dos Santos (PSL) aproveitou a manh\u00e3 deste domingo (09) para pedir votos na Feira Livre de Ub\u00e1. Ainda abalado com o atentado contra a vida do presidenci\u00e1vel Jair Bolsonaro, na \u00faltima quinta-feira (06), quando fazia campanha em Juiz de Fora, o m\u00e9dico, ex-vereador esteve na entrada da Feira Livre ao lado de Osvaldinho Salgado fazendo o corpo a corpo com os eleitores que entravam e saiam.<a href=\"https:\/\/ubanews.com\/site\/wp-content\/uploads\/2018\/08\/ELETRO-SENA-AUTOMOTIVA-2.jpg\"><img decoding=\"async\" class=\"alignnone wp-image-7016 size-full lazyload\" data-src=\"https:\/\/ubanews.com\/site\/wp-content\/uploads\/2018\/08\/ELETRO-SENA-AUTOMOTIVA-2.jpg\" alt=\"\" width=\"800\" height=\"264\" data-srcset=\"https:\/\/ubanews.com\/site\/wp-content\/uploads\/2018\/08\/ELETRO-SENA-AUTOMOTIVA-2.jpg 800w, https:\/\/ubanews.com\/site\/wp-content\/uploads\/2018\/08\/ELETRO-SENA-AUTOMOTIVA-2-300x99.jpg 300w, https:\/\/ubanews.com\/site\/wp-content\/uploads\/2018\/08\/ELETRO-SENA-AUTOMOTIVA-2-768x253.jpg 768w\" data-sizes=\"(max-width: 800px) 100vw, 800px\" src=\"data:image\/svg+xml;base64,PHN2ZyB3aWR0aD0iMSIgaGVpZ2h0PSIxIiB4bWxucz0iaHR0cDovL3d3dy53My5vcmcvMjAwMC9zdmciPjwvc3ZnPg==\" style=\"--smush-placeholder-width: 800px; --smush-placeholder-aspect-ratio: 800\/264;\" \/><\/a><\/p>\n<p>Perguntado se deixou o Hospital Santa Isabel, nesta manh\u00e3, para dedicar \u00e0 sua campanha, ele explicou que em seu lugar ficou sua filha: \u201cos pacientes n\u00e3o podem ficar sem atendimento, minha filha est\u00e1 l\u00e1, fazendo tudo aquilo que fa\u00e7o ao longo dos anos\u201d. Comentou o candidato. Assim, doutor Itamar dos Santos pode ir com tranquilidade \u00e0 feira, seguindo em busca de apoio para as elei\u00e7\u00f5es de 07 de outubro.<\/p>\n<p>O candidato a deputado federal conversou com a equipe do site <strong><a href=\"http:\/\/www.ubanews.com\">Ub\u00e1 News<\/a><\/strong>. &nbsp;<\/p>\n<div style=\"position: relative; height: 0; padding-bottom: 56.25%;\">\n<div style=\"position: relative; height: 0; padding-bottom: 56.25%;\"><iframe style=\"position: absolute; width: 100%; height: 100%; left: 0;\" data-src=\"https:\/\/www.youtube.com\/embed\/Juwfm-L6CPQ?ecver=2\" width=\"640\" height=\"360\" frameborder=\"0\" allowfullscreen=\"allowfullscreen\" src=\"data:image\/svg+xml;base64,PHN2ZyB3aWR0aD0iMSIgaGVpZ2h0PSIxIiB4bWxucz0iaHR0cDovL3d3dy53My5vcmcvMjAwMC9zdmciPjwvc3ZnPg==\" class=\"lazyload\" data-load-mode=\"1\"><\/iframe><\/div>\n<p>&nbsp;<\/p>\n<\/div>\n","protected":false},"excerpt":{"rendered":"<p>O candidato a deputado federal doutor Itamar dos Santos (PSL)<\/p>\n","protected":false},"author":2,"featured_media":7337,"comment_status":"open","ping_status":"open","sticky":false,"template":"","format":"standard","meta":{"footnotes":""},"categories":[1],"tags":[],"class_list":["post-7333","post","type-post","status-publish","format-standard","has-post-thumbnail","hentry","category-sem-categoria"],"yoast_head":"<!-- This site is optimized with the Yoast SEO plugin v27.2 - https:\/\/yoast.com\/product\/yoast-seo-wordpress\/ -->\n<title>CANDIDATOS APROVEITARAM O MOVIMENTO DA FEIRA LIVRE PARA O CONTATO DIRETO COM OS ELEITORES - Ub\u00e1 News<\/title>\n<meta name=\"robots\" content=\"index, follow, max-snippet:-1, max-image-preview:large, max-video-preview:-1\" \/>\n<link rel=\"canonical\" href=\"https:\/\/ubanews.com\/site\/2018\/09\/10\/candidatos-aproveitaram-o-movimento-da-feira-livre-para-o-contato-direto-com-os-eleitores\/\" \/>\n<meta property=\"og:locale\" content=\"pt_BR\" \/>\n<meta property=\"og:type\" content=\"article\" \/>\n<meta property=\"og:title\" content=\"CANDIDATOS APROVEITARAM O MOVIMENTO DA FEIRA LIVRE PARA O CONTATO DIRETO COM OS ELEITORES - Ub\u00e1 News\" \/>\n<meta property=\"og:description\" content=\"O candidato a deputado federal doutor Itamar dos Santos (PSL)\" \/>\n<meta property=\"og:url\" content=\"https:\/\/ubanews.com\/site\/2018\/09\/10\/candidatos-aproveitaram-o-movimento-da-feira-livre-para-o-contato-direto-com-os-eleitores\/\" \/>\n<meta property=\"og:site_name\" content=\"Ub\u00e1 News\" \/>\n<meta property=\"article:publisher\" content=\"https:\/\/www.facebook.com\/Ub%c3%a1News-Carlos-Roberto-Sodr%c3%a9-418778301977370\" \/>\n<meta property=\"article:author\" content=\"https:\/\/www.facebook.com\/carosroberto.sodre.5\/\" \/>\n<meta property=\"article:published_time\" content=\"2018-09-10T13:31:44+00:00\" \/>\n<meta property=\"article:modified_time\" content=\"2018-09-10T16:01:15+00:00\" \/>\n<meta property=\"og:image\" content=\"https:\/\/ubanews.com\/site\/wp-content\/uploads\/2018\/09\/088.jpg\" \/>\n\t<meta property=\"og:image:width\" content=\"800\" \/>\n\t<meta property=\"og:image:height\" content=\"389\" \/>\n\t<meta property=\"og:image:type\" content=\"image\/jpeg\" \/>\n<meta name=\"author\" content=\"Sodr\u00e9\" \/>\n<meta name=\"twitter:card\" content=\"summary_large_image\" \/>\n<meta name=\"twitter:label1\" content=\"Escrito por\" \/>\n\t<meta name=\"twitter:data1\" content=\"Sodr\u00e9\" \/>\n\t<meta name=\"twitter:label2\" content=\"Est. tempo de leitura\" \/>\n\t<meta name=\"twitter:data2\" content=\"1 minuto\" \/>\n<script type=\"application\/ld+json\" class=\"yoast-schema-graph\">{\"@context\":\"https:\/\/schema.org\",\"@graph\":[{\"@type\":\"Article\",\"@id\":\"https:\/\/ubanews.com\/site\/2018\/09\/10\/candidatos-aproveitaram-o-movimento-da-feira-livre-para-o-contato-direto-com-os-eleitores\/#article\",\"isPartOf\":{\"@id\":\"https:\/\/ubanews.com\/site\/2018\/09\/10\/candidatos-aproveitaram-o-movimento-da-feira-livre-para-o-contato-direto-com-os-eleitores\/\"},\"author\":{\"name\":\"Sodr\u00e9\",\"@id\":\"https:\/\/ubanews.com\/site\/#\/schema\/person\/d90c9e47252fbb63dcc969fe4c8b9d10\"},\"headline\":\"CANDIDATOS APROVEITARAM O MOVIMENTO DA FEIRA LIVRE PARA O CONTATO DIRETO COM OS ELEITORES\",\"datePublished\":\"2018-09-10T13:31:44+00:00\",\"dateModified\":\"2018-09-10T16:01:15+00:00\",\"mainEntityOfPage\":{\"@id\":\"https:\/\/ubanews.com\/site\/2018\/09\/10\/candidatos-aproveitaram-o-movimento-da-feira-livre-para-o-contato-direto-com-os-eleitores\/\"},\"wordCount\":171,\"commentCount\":0,\"publisher\":{\"@id\":\"https:\/\/ubanews.com\/site\/#organization\"},\"image\":{\"@id\":\"https:\/\/ubanews.com\/site\/2018\/09\/10\/candidatos-aproveitaram-o-movimento-da-feira-livre-para-o-contato-direto-com-os-eleitores\/#primaryimage\"},\"thumbnailUrl\":\"https:\/\/ubanews.com\/site\/wp-content\/uploads\/2018\/09\/088.jpg\",\"articleSection\":[\"Geral\"],\"inLanguage\":\"pt-BR\",\"potentialAction\":[{\"@type\":\"CommentAction\",\"name\":\"Comment\",\"target\":[\"https:\/\/ubanews.com\/site\/2018\/09\/10\/candidatos-aproveitaram-o-movimento-da-feira-livre-para-o-contato-direto-com-os-eleitores\/#respond\"]}]},{\"@type\":\"WebPage\",\"@id\":\"https:\/\/ubanews.com\/site\/2018\/09\/10\/candidatos-aproveitaram-o-movimento-da-feira-livre-para-o-contato-direto-com-os-eleitores\/\",\"url\":\"https:\/\/ubanews.com\/site\/2018\/09\/10\/candidatos-aproveitaram-o-movimento-da-feira-livre-para-o-contato-direto-com-os-eleitores\/\",\"name\":\"CANDIDATOS APROVEITARAM O MOVIMENTO DA FEIRA LIVRE PARA O CONTATO DIRETO COM OS ELEITORES - Ub\u00e1 News\",\"isPartOf\":{\"@id\":\"https:\/\/ubanews.com\/site\/#website\"},\"primaryImageOfPage\":{\"@id\":\"https:\/\/ubanews.com\/site\/2018\/09\/10\/candidatos-aproveitaram-o-movimento-da-feira-livre-para-o-contato-direto-com-os-eleitores\/#primaryimage\"},\"image\":{\"@id\":\"https:\/\/ubanews.com\/site\/2018\/09\/10\/candidatos-aproveitaram-o-movimento-da-feira-livre-para-o-contato-direto-com-os-eleitores\/#primaryimage\"},\"thumbnailUrl\":\"https:\/\/ubanews.com\/site\/wp-content\/uploads\/2018\/09\/088.jpg\",\"datePublished\":\"2018-09-10T13:31:44+00:00\",\"dateModified\":\"2018-09-10T16:01:15+00:00\",\"breadcrumb\":{\"@id\":\"https:\/\/ubanews.com\/site\/2018\/09\/10\/candidatos-aproveitaram-o-movimento-da-feira-livre-para-o-contato-direto-com-os-eleitores\/#breadcrumb\"},\"inLanguage\":\"pt-BR\",\"potentialAction\":[{\"@type\":\"ReadAction\",\"target\":[\"https:\/\/ubanews.com\/site\/2018\/09\/10\/candidatos-aproveitaram-o-movimento-da-feira-livre-para-o-contato-direto-com-os-eleitores\/\"]}]},{\"@type\":\"ImageObject\",\"inLanguage\":\"pt-BR\",\"@id\":\"https:\/\/ubanews.com\/site\/2018\/09\/10\/candidatos-aproveitaram-o-movimento-da-feira-livre-para-o-contato-direto-com-os-eleitores\/#primaryimage\",\"url\":\"https:\/\/ubanews.com\/site\/wp-content\/uploads\/2018\/09\/088.jpg\",\"contentUrl\":\"https:\/\/ubanews.com\/site\/wp-content\/uploads\/2018\/09\/088.jpg\",\"width\":800,\"height\":389},{\"@type\":\"BreadcrumbList\",\"@id\":\"https:\/\/ubanews.com\/site\/2018\/09\/10\/candidatos-aproveitaram-o-movimento-da-feira-livre-para-o-contato-direto-com-os-eleitores\/#breadcrumb\",\"itemListElement\":[{\"@type\":\"ListItem\",\"position\":1,\"name\":\"Home\",\"item\":\"https:\/\/ubanews.com\/site\/\"},{\"@type\":\"ListItem\",\"position\":2,\"name\":\"CANDIDATOS APROVEITARAM O MOVIMENTO DA FEIRA LIVRE PARA O CONTATO DIRETO COM OS ELEITORES\"}]},{\"@type\":\"WebSite\",\"@id\":\"https:\/\/ubanews.com\/site\/#website\",\"url\":\"https:\/\/ubanews.com\/site\/\",\"name\":\"Ub\u00e1 News\",\"description\":\"\",\"publisher\":{\"@id\":\"https:\/\/ubanews.com\/site\/#organization\"},\"potentialAction\":[{\"@type\":\"SearchAction\",\"target\":{\"@type\":\"EntryPoint\",\"urlTemplate\":\"https:\/\/ubanews.com\/site\/?s={search_term_string}\"},\"query-input\":{\"@type\":\"PropertyValueSpecification\",\"valueRequired\":true,\"valueName\":\"search_term_string\"}}],\"inLanguage\":\"pt-BR\"},{\"@type\":\"Organization\",\"@id\":\"https:\/\/ubanews.com\/site\/#organization\",\"name\":\"Ub\u00e1 News\",\"url\":\"https:\/\/ubanews.com\/site\/\",\"logo\":{\"@type\":\"ImageObject\",\"inLanguage\":\"pt-BR\",\"@id\":\"https:\/\/ubanews.com\/site\/#\/schema\/logo\/image\/\",\"url\":\"https:\/\/ubanews.com\/site\/wp-content\/uploads\/2018\/01\/logoubanews.png\",\"contentUrl\":\"https:\/\/ubanews.com\/site\/wp-content\/uploads\/2018\/01\/logoubanews.png\",\"width\":261,\"height\":99,\"caption\":\"Ub\u00e1 News\"},\"image\":{\"@id\":\"https:\/\/ubanews.com\/site\/#\/schema\/logo\/image\/\"},\"sameAs\":[\"https:\/\/www.facebook.com\/Ub\u00e1News-Carlos-Roberto-Sodr\u00e9-418778301977370\"]},{\"@type\":\"Person\",\"@id\":\"https:\/\/ubanews.com\/site\/#\/schema\/person\/d90c9e47252fbb63dcc969fe4c8b9d10\",\"name\":\"Sodr\u00e9\",\"image\":{\"@type\":\"ImageObject\",\"inLanguage\":\"pt-BR\",\"@id\":\"https:\/\/secure.gravatar.com\/avatar\/5ba2793f0590b9dbfad3fdec4ee714485b3eef211c9b32ee53d414060454a56c?s=96&d=mm&r=g\",\"url\":\"https:\/\/secure.gravatar.com\/avatar\/5ba2793f0590b9dbfad3fdec4ee714485b3eef211c9b32ee53d414060454a56c?s=96&d=mm&r=g\",\"contentUrl\":\"https:\/\/secure.gravatar.com\/avatar\/5ba2793f0590b9dbfad3fdec4ee714485b3eef211c9b32ee53d414060454a56c?s=96&d=mm&r=g\",\"caption\":\"Sodr\u00e9\"},\"sameAs\":[\"https:\/\/www.facebook.com\/carosroberto.sodre.5\/\"],\"url\":\"https:\/\/ubanews.com\/site\/author\/felipe\/\"}]}<\/script>\n<!-- \/ Yoast SEO plugin. -->","yoast_head_json":{"title":"CANDIDATOS APROVEITARAM O MOVIMENTO DA FEIRA LIVRE PARA O CONTATO DIRETO COM OS ELEITORES - Ub\u00e1 News","robots":{"index":"index","follow":"follow","max-snippet":"max-snippet:-1","max-image-preview":"max-image-preview:large","max-video-preview":"max-video-preview:-1"},"canonical":"https:\/\/ubanews.com\/site\/2018\/09\/10\/candidatos-aproveitaram-o-movimento-da-feira-livre-para-o-contato-direto-com-os-eleitores\/","og_locale":"pt_BR","og_type":"article","og_title":"CANDIDATOS APROVEITARAM O MOVIMENTO DA FEIRA LIVRE PARA O CONTATO DIRETO COM OS ELEITORES - Ub\u00e1 News","og_description":"O candidato a deputado federal doutor Itamar dos Santos (PSL)","og_url":"https:\/\/ubanews.com\/site\/2018\/09\/10\/candidatos-aproveitaram-o-movimento-da-feira-livre-para-o-contato-direto-com-os-eleitores\/","og_site_name":"Ub\u00e1 News","article_publisher":"https:\/\/www.facebook.com\/Ub%c3%a1News-Carlos-Roberto-Sodr%c3%a9-418778301977370","article_author":"https:\/\/www.facebook.com\/carosroberto.sodre.5\/","article_published_time":"2018-09-10T13:31:44+00:00","article_modified_time":"2018-09-10T16:01:15+00:00","og_image":[{"width":800,"height":389,"url":"https:\/\/ubanews.com\/site\/wp-content\/uploads\/2018\/09\/088.jpg","type":"image\/jpeg"}],"author":"Sodr\u00e9","twitter_card":"summary_large_image","twitter_misc":{"Escrito por":"Sodr\u00e9","Est. tempo de leitura":"1 minuto"},"schema":{"@context":"https:\/\/schema.org","@graph":[{"@type":"Article","@id":"https:\/\/ubanews.com\/site\/2018\/09\/10\/candidatos-aproveitaram-o-movimento-da-feira-livre-para-o-contato-direto-com-os-eleitores\/#article","isPartOf":{"@id":"https:\/\/ubanews.com\/site\/2018\/09\/10\/candidatos-aproveitaram-o-movimento-da-feira-livre-para-o-contato-direto-com-os-eleitores\/"},"author":{"name":"Sodr\u00e9","@id":"https:\/\/ubanews.com\/site\/#\/schema\/person\/d90c9e47252fbb63dcc969fe4c8b9d10"},"headline":"CANDIDATOS APROVEITARAM O MOVIMENTO DA FEIRA LIVRE PARA O CONTATO DIRETO COM OS ELEITORES","datePublished":"2018-09-10T13:31:44+00:00","dateModified":"2018-09-10T16:01:15+00:00","mainEntityOfPage":{"@id":"https:\/\/ubanews.com\/site\/2018\/09\/10\/candidatos-aproveitaram-o-movimento-da-feira-livre-para-o-contato-direto-com-os-eleitores\/"},"wordCount":171,"commentCount":0,"publisher":{"@id":"https:\/\/ubanews.com\/site\/#organization"},"image":{"@id":"https:\/\/ubanews.com\/site\/2018\/09\/10\/candidatos-aproveitaram-o-movimento-da-feira-livre-para-o-contato-direto-com-os-eleitores\/#primaryimage"},"thumbnailUrl":"https:\/\/ubanews.com\/site\/wp-content\/uploads\/2018\/09\/088.jpg","articleSection":["Geral"],"inLanguage":"pt-BR","potentialAction":[{"@type":"CommentAction","name":"Comment","target":["https:\/\/ubanews.com\/site\/2018\/09\/10\/candidatos-aproveitaram-o-movimento-da-feira-livre-para-o-contato-direto-com-os-eleitores\/#respond"]}]},{"@type":"WebPage","@id":"https:\/\/ubanews.com\/site\/2018\/09\/10\/candidatos-aproveitaram-o-movimento-da-feira-livre-para-o-contato-direto-com-os-eleitores\/","url":"https:\/\/ubanews.com\/site\/2018\/09\/10\/candidatos-aproveitaram-o-movimento-da-feira-livre-para-o-contato-direto-com-os-eleitores\/","name":"CANDIDATOS APROVEITARAM O MOVIMENTO DA FEIRA LIVRE PARA O CONTATO DIRETO COM OS ELEITORES - Ub\u00e1 News","isPartOf":{"@id":"https:\/\/ubanews.com\/site\/#website"},"primaryImageOfPage":{"@id":"https:\/\/ubanews.com\/site\/2018\/09\/10\/candidatos-aproveitaram-o-movimento-da-feira-livre-para-o-contato-direto-com-os-eleitores\/#primaryimage"},"image":{"@id":"https:\/\/ubanews.com\/site\/2018\/09\/10\/candidatos-aproveitaram-o-movimento-da-feira-livre-para-o-contato-direto-com-os-eleitores\/#primaryimage"},"thumbnailUrl":"https:\/\/ubanews.com\/site\/wp-content\/uploads\/2018\/09\/088.jpg","datePublished":"2018-09-10T13:31:44+00:00","dateModified":"2018-09-10T16:01:15+00:00","breadcrumb":{"@id":"https:\/\/ubanews.com\/site\/2018\/09\/10\/candidatos-aproveitaram-o-movimento-da-feira-livre-para-o-contato-direto-com-os-eleitores\/#breadcrumb"},"inLanguage":"pt-BR","potentialAction":[{"@type":"ReadAction","target":["https:\/\/ubanews.com\/site\/2018\/09\/10\/candidatos-aproveitaram-o-movimento-da-feira-livre-para-o-contato-direto-com-os-eleitores\/"]}]},{"@type":"ImageObject","inLanguage":"pt-BR","@id":"https:\/\/ubanews.com\/site\/2018\/09\/10\/candidatos-aproveitaram-o-movimento-da-feira-livre-para-o-contato-direto-com-os-eleitores\/#primaryimage","url":"https:\/\/ubanews.com\/site\/wp-content\/uploads\/2018\/09\/088.jpg","contentUrl":"https:\/\/ubanews.com\/site\/wp-content\/uploads\/2018\/09\/088.jpg","width":800,"height":389},{"@type":"BreadcrumbList","@id":"https:\/\/ubanews.com\/site\/2018\/09\/10\/candidatos-aproveitaram-o-movimento-da-feira-livre-para-o-contato-direto-com-os-eleitores\/#breadcrumb","itemListElement":[{"@type":"ListItem","position":1,"name":"Home","item":"https:\/\/ubanews.com\/site\/"},{"@type":"ListItem","position":2,"name":"CANDIDATOS APROVEITARAM O MOVIMENTO DA FEIRA LIVRE PARA O CONTATO DIRETO COM OS ELEITORES"}]},{"@type":"WebSite","@id":"https:\/\/ubanews.com\/site\/#website","url":"https:\/\/ubanews.com\/site\/","name":"Ub\u00e1 News","description":"","publisher":{"@id":"https:\/\/ubanews.com\/site\/#organization"},"potentialAction":[{"@type":"SearchAction","target":{"@type":"EntryPoint","urlTemplate":"https:\/\/ubanews.com\/site\/?s={search_term_string}"},"query-input":{"@type":"PropertyValueSpecification","valueRequired":true,"valueName":"search_term_string"}}],"inLanguage":"pt-BR"},{"@type":"Organization","@id":"https:\/\/ubanews.com\/site\/#organization","name":"Ub\u00e1 News","url":"https:\/\/ubanews.com\/site\/","logo":{"@type":"ImageObject","inLanguage":"pt-BR","@id":"https:\/\/ubanews.com\/site\/#\/schema\/logo\/image\/","url":"https:\/\/ubanews.com\/site\/wp-content\/uploads\/2018\/01\/logoubanews.png","contentUrl":"https:\/\/ubanews.com\/site\/wp-content\/uploads\/2018\/01\/logoubanews.png","width":261,"height":99,"caption":"Ub\u00e1 News"},"image":{"@id":"https:\/\/ubanews.com\/site\/#\/schema\/logo\/image\/"},"sameAs":["https:\/\/www.facebook.com\/Ub\u00e1News-Carlos-Roberto-Sodr\u00e9-418778301977370"]},{"@type":"Person","@id":"https:\/\/ubanews.com\/site\/#\/schema\/person\/d90c9e47252fbb63dcc969fe4c8b9d10","name":"Sodr\u00e9","image":{"@type":"ImageObject","inLanguage":"pt-BR","@id":"https:\/\/secure.gravatar.com\/avatar\/5ba2793f0590b9dbfad3fdec4ee714485b3eef211c9b32ee53d414060454a56c?s=96&d=mm&r=g","url":"https:\/\/secure.gravatar.com\/avatar\/5ba2793f0590b9dbfad3fdec4ee714485b3eef211c9b32ee53d414060454a56c?s=96&d=mm&r=g","contentUrl":"https:\/\/secure.gravatar.com\/avatar\/5ba2793f0590b9dbfad3fdec4ee714485b3eef211c9b32ee53d414060454a56c?s=96&d=mm&r=g","caption":"Sodr\u00e9"},"sameAs":["https:\/\/www.facebook.com\/carosroberto.sodre.5\/"],"url":"https:\/\/ubanews.com\/site\/author\/felipe\/"}]}},"_links":{"self":[{"href":"https:\/\/ubanews.com\/site\/wp-json\/wp\/v2\/posts\/7333","targetHints":{"allow":["GET"]}}],"collection":[{"href":"https:\/\/ubanews.com\/site\/wp-json\/wp\/v2\/posts"}],"about":[{"href":"https:\/\/ubanews.com\/site\/wp-json\/wp\/v2\/types\/post"}],"author":[{"embeddable":true,"href":"https:\/\/ubanews.com\/site\/wp-json\/wp\/v2\/users\/2"}],"replies":[{"embeddable":true,"href":"https:\/\/ubanews.com\/site\/wp-json\/wp\/v2\/comments?post=7333"}],"version-history":[{"count":0,"href":"https:\/\/ubanews.com\/site\/wp-json\/wp\/v2\/posts\/7333\/revisions"}],"wp:featuredmedia":[{"embeddable":true,"href":"https:\/\/ubanews.com\/site\/wp-json\/wp\/v2\/media\/7337"}],"wp:attachment":[{"href":"https:\/\/ubanews.com\/site\/wp-json\/wp\/v2\/media?parent=7333"}],"wp:term":[{"taxonomy":"category","embeddable":true,"href":"https:\/\/ubanews.com\/site\/wp-json\/wp\/v2\/categories?post=7333"},{"taxonomy":"post_tag","embeddable":true,"href":"https:\/\/ubanews.com\/site\/wp-json\/wp\/v2\/tags?post=7333"}],"curies":[{"name":"wp","href":"https:\/\/api.w.org\/{rel}","templated":true}]}}