{"id":7318,"date":"2018-09-07T22:30:55","date_gmt":"2018-09-08T01:30:55","guid":{"rendered":"http:\/\/ubanews.com\/site\/?p=7318"},"modified":"2018-09-07T17:34:34","modified_gmt":"2018-09-07T20:34:34","slug":"escola-do-legislativo-e-if-sudeste-fazem-balanco-da-primeira-etapa-do-pre-enem-social-2018-e-definem-novas-atividades-e-projetos-para-os-proximos-meses","status":"publish","type":"post","link":"https:\/\/ubanews.com\/site\/2018\/09\/07\/escola-do-legislativo-e-if-sudeste-fazem-balanco-da-primeira-etapa-do-pre-enem-social-2018-e-definem-novas-atividades-e-projetos-para-os-proximos-meses\/","title":{"rendered":"ESCOLA DO LEGISLATIVO E IF-SUDESTE FAZEM BALAN\u00c7O DA PRIMEIRA ETAPA DO PR\u00c9-ENEM SOCIAL 2018 E DEFINEM NOVAS ATIVIDADES E PROJETOS PARA OS PR\u00d3XIMOS MESES"},"content":{"rendered":"<p>O direto<span class=\"text_exposed_show\">r da Escola do Legislativo e vice-presidente da C\u00e2mara Municipal de Ub\u00e1 (CMU), vereador Edeir Pacheco da Costa, acompanhado da diretora da CMU, Maria Cl\u00e1udia Mello, e do assessor da Escola do Legislativo, Luiz Alberto Vargas, reuniram-se na manh\u00e3 desta quinta-feira (07), no Campus Avan\u00e7ado de Ub\u00e1 do Instituto Federal-Sudeste (IF), com a Diretora de Extens\u00e3o do Campus Rio Pomba, prof. Elizete Reis, 0e os professores Eduardo Pereira da Rocha e Gilson Soares Toledo, respectivamente diretor e coordenador de extens\u00e3o da unidade Ub\u00e1 do IF-Sudeste.<\/span><\/p>\n<div class=\"text_exposed_show\">\n<p>O grupo fez um balan\u00e7o da primeira etapa do Pre-Enem Social, iniciado em 04 de agosto e realizado no plen\u00e1rio da C\u00e2mara. A avalia\u00e7\u00e3o foi bastante positiva: &#8220;As aulas est\u00e3o com um \u00f3timo n\u00edvel de frequ\u00eancia &#8211; cerca de 180 pessoas por aula &#8211; com alunos participativos e interessados. Os professores-volunt\u00e1rios demostram alto grau de conhecimento das mat\u00e9rias , did\u00e1tica, intera\u00e7\u00e3o com os alunos e grande motiva\u00e7\u00e3o para participar deste projeto de forma volunt\u00e1ria. E o material did\u00e1tico que est\u00e1 sendo distribu\u00eddo aos estudantes tem ajudado muito na condu\u00e7\u00e3o das aulas e no entendimento dos conte\u00fados&#8221;, comemorou Luiz Alberto, assessor da EL.<\/p>\n<p>Tamb\u00e9m foi acertada a realiza\u00e7\u00e3o de um simulado nos moldes do Exame Nacional do Ensino M\u00e9dio: &#8220;Esta atividade vai ser importante para os alunos terem oportunidade de treinar um modelo parecido de prova semelhante ao Enem&#8221;, explicou Gilson Toledo.<a href=\"https:\/\/ubanews.com\/site\/wp-content\/uploads\/2018\/08\/ELETRO-SENA-AUTOMOTIVA-2.jpg\"><img decoding=\"async\" class=\"alignnone wp-image-7016 size-full lazyload\" data-src=\"https:\/\/ubanews.com\/site\/wp-content\/uploads\/2018\/08\/ELETRO-SENA-AUTOMOTIVA-2.jpg\" alt=\"\" width=\"800\" height=\"264\" data-srcset=\"https:\/\/ubanews.com\/site\/wp-content\/uploads\/2018\/08\/ELETRO-SENA-AUTOMOTIVA-2.jpg 800w, https:\/\/ubanews.com\/site\/wp-content\/uploads\/2018\/08\/ELETRO-SENA-AUTOMOTIVA-2-300x99.jpg 300w, https:\/\/ubanews.com\/site\/wp-content\/uploads\/2018\/08\/ELETRO-SENA-AUTOMOTIVA-2-768x253.jpg 768w\" data-sizes=\"(max-width: 800px) 100vw, 800px\" src=\"data:image\/svg+xml;base64,PHN2ZyB3aWR0aD0iMSIgaGVpZ2h0PSIxIiB4bWxucz0iaHR0cDovL3d3dy53My5vcmcvMjAwMC9zdmciPjwvc3ZnPg==\" style=\"--smush-placeholder-width: 800px; --smush-placeholder-aspect-ratio: 800\/264;\" \/><\/a>Outros assuntos foram tratados como os cursos de inclusao digital ministrados pela equipe do IF Ub\u00e1 e a parceria em um projeto de desenvolvimento do empreendedorismo.<\/p>\n<p>SOBRE O IF CAMPUS RIO POMBA<br \/>\nCom uma hist\u00f3ria de mais de 50 anos de atua\u00e7\u00e3o na \u00e1rea de educa\u00e7\u00e3o profissional, o Campus Rio Pomba do IF-Sudeste \u00e9 uma institui\u00e7\u00e3o p\u00fablica que oferece cursos t\u00e9cnicos, de gradua\u00e7\u00e3o e de p\u00f3s-gradua\u00e7\u00e3o. \u00c9 uma das unidade do Instituto Federal de Educa\u00e7\u00e3o, Ci\u00eancia e Tecnologia do Sudeste de Minas Gerais e conta com outras unidade espalhadas pela Zona da Mata Mineira e Campos das Vertentes.<\/p>\n<p><strong>Assessoria de comunica\u00e7\u00e3o C\u00e2mara Municipal de Ub\u00e1<\/strong><\/p>\n<\/div>\n","protected":false},"excerpt":{"rendered":"<p>O diretor da Escola do Legislativo e vice-presidente da C\u00e2mara<\/p>\n","protected":false},"author":2,"featured_media":7319,"comment_status":"open","ping_status":"open","sticky":false,"template":"","format":"standard","meta":{"footnotes":""},"categories":[16],"tags":[],"class_list":["post-7318","post","type-post","status-publish","format-standard","has-post-thumbnail","hentry","category-camara-municipal"],"yoast_head":"<!-- This site is optimized with the Yoast SEO plugin v27.2 - https:\/\/yoast.com\/product\/yoast-seo-wordpress\/ -->\n<title>ESCOLA DO LEGISLATIVO E IF-SUDESTE FAZEM BALAN\u00c7O DA PRIMEIRA ETAPA DO PR\u00c9-ENEM SOCIAL 2018 E DEFINEM NOVAS ATIVIDADES E PROJETOS PARA OS PR\u00d3XIMOS MESES - Ub\u00e1 News<\/title>\n<meta name=\"robots\" content=\"index, follow, max-snippet:-1, max-image-preview:large, max-video-preview:-1\" \/>\n<link rel=\"canonical\" href=\"https:\/\/ubanews.com\/site\/2018\/09\/07\/escola-do-legislativo-e-if-sudeste-fazem-balanco-da-primeira-etapa-do-pre-enem-social-2018-e-definem-novas-atividades-e-projetos-para-os-proximos-meses\/\" \/>\n<meta property=\"og:locale\" content=\"pt_BR\" \/>\n<meta property=\"og:type\" content=\"article\" \/>\n<meta property=\"og:title\" content=\"ESCOLA DO LEGISLATIVO E IF-SUDESTE FAZEM BALAN\u00c7O DA PRIMEIRA ETAPA DO PR\u00c9-ENEM SOCIAL 2018 E DEFINEM NOVAS ATIVIDADES E PROJETOS PARA OS PR\u00d3XIMOS MESES - Ub\u00e1 News\" \/>\n<meta property=\"og:description\" content=\"O diretor da Escola do Legislativo e vice-presidente da C\u00e2mara\" \/>\n<meta property=\"og:url\" content=\"https:\/\/ubanews.com\/site\/2018\/09\/07\/escola-do-legislativo-e-if-sudeste-fazem-balanco-da-primeira-etapa-do-pre-enem-social-2018-e-definem-novas-atividades-e-projetos-para-os-proximos-meses\/\" \/>\n<meta property=\"og:site_name\" content=\"Ub\u00e1 News\" \/>\n<meta property=\"article:publisher\" content=\"https:\/\/www.facebook.com\/Ub%c3%a1News-Carlos-Roberto-Sodr%c3%a9-418778301977370\" \/>\n<meta property=\"article:author\" content=\"https:\/\/www.facebook.com\/carosroberto.sodre.5\/\" \/>\n<meta property=\"article:published_time\" content=\"2018-09-08T01:30:55+00:00\" \/>\n<meta property=\"og:image\" content=\"https:\/\/ubanews.com\/site\/wp-content\/uploads\/2018\/09\/084-1.jpg\" \/>\n\t<meta property=\"og:image:width\" content=\"800\" \/>\n\t<meta property=\"og:image:height\" content=\"389\" \/>\n\t<meta property=\"og:image:type\" content=\"image\/jpeg\" \/>\n<meta name=\"author\" content=\"Sodr\u00e9\" \/>\n<meta name=\"twitter:card\" content=\"summary_large_image\" \/>\n<meta name=\"twitter:label1\" content=\"Escrito por\" \/>\n\t<meta name=\"twitter:data1\" content=\"Sodr\u00e9\" \/>\n\t<meta name=\"twitter:label2\" content=\"Est. tempo de leitura\" \/>\n\t<meta name=\"twitter:data2\" content=\"2 minutos\" \/>\n<script type=\"application\/ld+json\" class=\"yoast-schema-graph\">{\"@context\":\"https:\/\/schema.org\",\"@graph\":[{\"@type\":\"Article\",\"@id\":\"https:\/\/ubanews.com\/site\/2018\/09\/07\/escola-do-legislativo-e-if-sudeste-fazem-balanco-da-primeira-etapa-do-pre-enem-social-2018-e-definem-novas-atividades-e-projetos-para-os-proximos-meses\/#article\",\"isPartOf\":{\"@id\":\"https:\/\/ubanews.com\/site\/2018\/09\/07\/escola-do-legislativo-e-if-sudeste-fazem-balanco-da-primeira-etapa-do-pre-enem-social-2018-e-definem-novas-atividades-e-projetos-para-os-proximos-meses\/\"},\"author\":{\"name\":\"Sodr\u00e9\",\"@id\":\"https:\/\/ubanews.com\/site\/#\/schema\/person\/d90c9e47252fbb63dcc969fe4c8b9d10\"},\"headline\":\"ESCOLA DO LEGISLATIVO E IF-SUDESTE FAZEM BALAN\u00c7O DA PRIMEIRA ETAPA DO PR\u00c9-ENEM SOCIAL 2018 E DEFINEM NOVAS ATIVIDADES E PROJETOS PARA OS PR\u00d3XIMOS MESES\",\"datePublished\":\"2018-09-08T01:30:55+00:00\",\"mainEntityOfPage\":{\"@id\":\"https:\/\/ubanews.com\/site\/2018\/09\/07\/escola-do-legislativo-e-if-sudeste-fazem-balanco-da-primeira-etapa-do-pre-enem-social-2018-e-definem-novas-atividades-e-projetos-para-os-proximos-meses\/\"},\"wordCount\":389,\"commentCount\":0,\"publisher\":{\"@id\":\"https:\/\/ubanews.com\/site\/#organization\"},\"image\":{\"@id\":\"https:\/\/ubanews.com\/site\/2018\/09\/07\/escola-do-legislativo-e-if-sudeste-fazem-balanco-da-primeira-etapa-do-pre-enem-social-2018-e-definem-novas-atividades-e-projetos-para-os-proximos-meses\/#primaryimage\"},\"thumbnailUrl\":\"https:\/\/ubanews.com\/site\/wp-content\/uploads\/2018\/09\/084-1.jpg\",\"articleSection\":[\"C\u00e2mara Municipal\"],\"inLanguage\":\"pt-BR\",\"potentialAction\":[{\"@type\":\"CommentAction\",\"name\":\"Comment\",\"target\":[\"https:\/\/ubanews.com\/site\/2018\/09\/07\/escola-do-legislativo-e-if-sudeste-fazem-balanco-da-primeira-etapa-do-pre-enem-social-2018-e-definem-novas-atividades-e-projetos-para-os-proximos-meses\/#respond\"]}]},{\"@type\":\"WebPage\",\"@id\":\"https:\/\/ubanews.com\/site\/2018\/09\/07\/escola-do-legislativo-e-if-sudeste-fazem-balanco-da-primeira-etapa-do-pre-enem-social-2018-e-definem-novas-atividades-e-projetos-para-os-proximos-meses\/\",\"url\":\"https:\/\/ubanews.com\/site\/2018\/09\/07\/escola-do-legislativo-e-if-sudeste-fazem-balanco-da-primeira-etapa-do-pre-enem-social-2018-e-definem-novas-atividades-e-projetos-para-os-proximos-meses\/\",\"name\":\"ESCOLA DO LEGISLATIVO E IF-SUDESTE FAZEM BALAN\u00c7O DA PRIMEIRA ETAPA DO PR\u00c9-ENEM SOCIAL 2018 E DEFINEM NOVAS ATIVIDADES E PROJETOS PARA OS PR\u00d3XIMOS MESES - Ub\u00e1 News\",\"isPartOf\":{\"@id\":\"https:\/\/ubanews.com\/site\/#website\"},\"primaryImageOfPage\":{\"@id\":\"https:\/\/ubanews.com\/site\/2018\/09\/07\/escola-do-legislativo-e-if-sudeste-fazem-balanco-da-primeira-etapa-do-pre-enem-social-2018-e-definem-novas-atividades-e-projetos-para-os-proximos-meses\/#primaryimage\"},\"image\":{\"@id\":\"https:\/\/ubanews.com\/site\/2018\/09\/07\/escola-do-legislativo-e-if-sudeste-fazem-balanco-da-primeira-etapa-do-pre-enem-social-2018-e-definem-novas-atividades-e-projetos-para-os-proximos-meses\/#primaryimage\"},\"thumbnailUrl\":\"https:\/\/ubanews.com\/site\/wp-content\/uploads\/2018\/09\/084-1.jpg\",\"datePublished\":\"2018-09-08T01:30:55+00:00\",\"breadcrumb\":{\"@id\":\"https:\/\/ubanews.com\/site\/2018\/09\/07\/escola-do-legislativo-e-if-sudeste-fazem-balanco-da-primeira-etapa-do-pre-enem-social-2018-e-definem-novas-atividades-e-projetos-para-os-proximos-meses\/#breadcrumb\"},\"inLanguage\":\"pt-BR\",\"potentialAction\":[{\"@type\":\"ReadAction\",\"target\":[\"https:\/\/ubanews.com\/site\/2018\/09\/07\/escola-do-legislativo-e-if-sudeste-fazem-balanco-da-primeira-etapa-do-pre-enem-social-2018-e-definem-novas-atividades-e-projetos-para-os-proximos-meses\/\"]}]},{\"@type\":\"ImageObject\",\"inLanguage\":\"pt-BR\",\"@id\":\"https:\/\/ubanews.com\/site\/2018\/09\/07\/escola-do-legislativo-e-if-sudeste-fazem-balanco-da-primeira-etapa-do-pre-enem-social-2018-e-definem-novas-atividades-e-projetos-para-os-proximos-meses\/#primaryimage\",\"url\":\"https:\/\/ubanews.com\/site\/wp-content\/uploads\/2018\/09\/084-1.jpg\",\"contentUrl\":\"https:\/\/ubanews.com\/site\/wp-content\/uploads\/2018\/09\/084-1.jpg\",\"width\":800,\"height\":389},{\"@type\":\"BreadcrumbList\",\"@id\":\"https:\/\/ubanews.com\/site\/2018\/09\/07\/escola-do-legislativo-e-if-sudeste-fazem-balanco-da-primeira-etapa-do-pre-enem-social-2018-e-definem-novas-atividades-e-projetos-para-os-proximos-meses\/#breadcrumb\",\"itemListElement\":[{\"@type\":\"ListItem\",\"position\":1,\"name\":\"Home\",\"item\":\"https:\/\/ubanews.com\/site\/\"},{\"@type\":\"ListItem\",\"position\":2,\"name\":\"ESCOLA DO LEGISLATIVO E IF-SUDESTE FAZEM BALAN\u00c7O DA PRIMEIRA ETAPA DO PR\u00c9-ENEM SOCIAL 2018 E DEFINEM NOVAS ATIVIDADES E PROJETOS PARA OS PR\u00d3XIMOS MESES\"}]},{\"@type\":\"WebSite\",\"@id\":\"https:\/\/ubanews.com\/site\/#website\",\"url\":\"https:\/\/ubanews.com\/site\/\",\"name\":\"Ub\u00e1 News\",\"description\":\"\",\"publisher\":{\"@id\":\"https:\/\/ubanews.com\/site\/#organization\"},\"potentialAction\":[{\"@type\":\"SearchAction\",\"target\":{\"@type\":\"EntryPoint\",\"urlTemplate\":\"https:\/\/ubanews.com\/site\/?s={search_term_string}\"},\"query-input\":{\"@type\":\"PropertyValueSpecification\",\"valueRequired\":true,\"valueName\":\"search_term_string\"}}],\"inLanguage\":\"pt-BR\"},{\"@type\":\"Organization\",\"@id\":\"https:\/\/ubanews.com\/site\/#organization\",\"name\":\"Ub\u00e1 News\",\"url\":\"https:\/\/ubanews.com\/site\/\",\"logo\":{\"@type\":\"ImageObject\",\"inLanguage\":\"pt-BR\",\"@id\":\"https:\/\/ubanews.com\/site\/#\/schema\/logo\/image\/\",\"url\":\"https:\/\/ubanews.com\/site\/wp-content\/uploads\/2018\/01\/logoubanews.png\",\"contentUrl\":\"https:\/\/ubanews.com\/site\/wp-content\/uploads\/2018\/01\/logoubanews.png\",\"width\":261,\"height\":99,\"caption\":\"Ub\u00e1 News\"},\"image\":{\"@id\":\"https:\/\/ubanews.com\/site\/#\/schema\/logo\/image\/\"},\"sameAs\":[\"https:\/\/www.facebook.com\/Ub\u00e1News-Carlos-Roberto-Sodr\u00e9-418778301977370\"]},{\"@type\":\"Person\",\"@id\":\"https:\/\/ubanews.com\/site\/#\/schema\/person\/d90c9e47252fbb63dcc969fe4c8b9d10\",\"name\":\"Sodr\u00e9\",\"image\":{\"@type\":\"ImageObject\",\"inLanguage\":\"pt-BR\",\"@id\":\"https:\/\/secure.gravatar.com\/avatar\/5ba2793f0590b9dbfad3fdec4ee714485b3eef211c9b32ee53d414060454a56c?s=96&d=mm&r=g\",\"url\":\"https:\/\/secure.gravatar.com\/avatar\/5ba2793f0590b9dbfad3fdec4ee714485b3eef211c9b32ee53d414060454a56c?s=96&d=mm&r=g\",\"contentUrl\":\"https:\/\/secure.gravatar.com\/avatar\/5ba2793f0590b9dbfad3fdec4ee714485b3eef211c9b32ee53d414060454a56c?s=96&d=mm&r=g\",\"caption\":\"Sodr\u00e9\"},\"sameAs\":[\"https:\/\/www.facebook.com\/carosroberto.sodre.5\/\"],\"url\":\"https:\/\/ubanews.com\/site\/author\/felipe\/\"}]}<\/script>\n<!-- \/ Yoast SEO plugin. -->","yoast_head_json":{"title":"ESCOLA DO LEGISLATIVO E IF-SUDESTE FAZEM BALAN\u00c7O DA PRIMEIRA ETAPA DO PR\u00c9-ENEM SOCIAL 2018 E DEFINEM NOVAS ATIVIDADES E PROJETOS PARA OS PR\u00d3XIMOS MESES - Ub\u00e1 News","robots":{"index":"index","follow":"follow","max-snippet":"max-snippet:-1","max-image-preview":"max-image-preview:large","max-video-preview":"max-video-preview:-1"},"canonical":"https:\/\/ubanews.com\/site\/2018\/09\/07\/escola-do-legislativo-e-if-sudeste-fazem-balanco-da-primeira-etapa-do-pre-enem-social-2018-e-definem-novas-atividades-e-projetos-para-os-proximos-meses\/","og_locale":"pt_BR","og_type":"article","og_title":"ESCOLA DO LEGISLATIVO E IF-SUDESTE FAZEM BALAN\u00c7O DA PRIMEIRA ETAPA DO PR\u00c9-ENEM SOCIAL 2018 E DEFINEM NOVAS ATIVIDADES E PROJETOS PARA OS PR\u00d3XIMOS MESES - Ub\u00e1 News","og_description":"O diretor da Escola do Legislativo e vice-presidente da C\u00e2mara","og_url":"https:\/\/ubanews.com\/site\/2018\/09\/07\/escola-do-legislativo-e-if-sudeste-fazem-balanco-da-primeira-etapa-do-pre-enem-social-2018-e-definem-novas-atividades-e-projetos-para-os-proximos-meses\/","og_site_name":"Ub\u00e1 News","article_publisher":"https:\/\/www.facebook.com\/Ub%c3%a1News-Carlos-Roberto-Sodr%c3%a9-418778301977370","article_author":"https:\/\/www.facebook.com\/carosroberto.sodre.5\/","article_published_time":"2018-09-08T01:30:55+00:00","og_image":[{"width":800,"height":389,"url":"https:\/\/ubanews.com\/site\/wp-content\/uploads\/2018\/09\/084-1.jpg","type":"image\/jpeg"}],"author":"Sodr\u00e9","twitter_card":"summary_large_image","twitter_misc":{"Escrito por":"Sodr\u00e9","Est. tempo de leitura":"2 minutos"},"schema":{"@context":"https:\/\/schema.org","@graph":[{"@type":"Article","@id":"https:\/\/ubanews.com\/site\/2018\/09\/07\/escola-do-legislativo-e-if-sudeste-fazem-balanco-da-primeira-etapa-do-pre-enem-social-2018-e-definem-novas-atividades-e-projetos-para-os-proximos-meses\/#article","isPartOf":{"@id":"https:\/\/ubanews.com\/site\/2018\/09\/07\/escola-do-legislativo-e-if-sudeste-fazem-balanco-da-primeira-etapa-do-pre-enem-social-2018-e-definem-novas-atividades-e-projetos-para-os-proximos-meses\/"},"author":{"name":"Sodr\u00e9","@id":"https:\/\/ubanews.com\/site\/#\/schema\/person\/d90c9e47252fbb63dcc969fe4c8b9d10"},"headline":"ESCOLA DO LEGISLATIVO E IF-SUDESTE FAZEM BALAN\u00c7O DA PRIMEIRA ETAPA DO PR\u00c9-ENEM SOCIAL 2018 E DEFINEM NOVAS ATIVIDADES E PROJETOS PARA OS PR\u00d3XIMOS MESES","datePublished":"2018-09-08T01:30:55+00:00","mainEntityOfPage":{"@id":"https:\/\/ubanews.com\/site\/2018\/09\/07\/escola-do-legislativo-e-if-sudeste-fazem-balanco-da-primeira-etapa-do-pre-enem-social-2018-e-definem-novas-atividades-e-projetos-para-os-proximos-meses\/"},"wordCount":389,"commentCount":0,"publisher":{"@id":"https:\/\/ubanews.com\/site\/#organization"},"image":{"@id":"https:\/\/ubanews.com\/site\/2018\/09\/07\/escola-do-legislativo-e-if-sudeste-fazem-balanco-da-primeira-etapa-do-pre-enem-social-2018-e-definem-novas-atividades-e-projetos-para-os-proximos-meses\/#primaryimage"},"thumbnailUrl":"https:\/\/ubanews.com\/site\/wp-content\/uploads\/2018\/09\/084-1.jpg","articleSection":["C\u00e2mara Municipal"],"inLanguage":"pt-BR","potentialAction":[{"@type":"CommentAction","name":"Comment","target":["https:\/\/ubanews.com\/site\/2018\/09\/07\/escola-do-legislativo-e-if-sudeste-fazem-balanco-da-primeira-etapa-do-pre-enem-social-2018-e-definem-novas-atividades-e-projetos-para-os-proximos-meses\/#respond"]}]},{"@type":"WebPage","@id":"https:\/\/ubanews.com\/site\/2018\/09\/07\/escola-do-legislativo-e-if-sudeste-fazem-balanco-da-primeira-etapa-do-pre-enem-social-2018-e-definem-novas-atividades-e-projetos-para-os-proximos-meses\/","url":"https:\/\/ubanews.com\/site\/2018\/09\/07\/escola-do-legislativo-e-if-sudeste-fazem-balanco-da-primeira-etapa-do-pre-enem-social-2018-e-definem-novas-atividades-e-projetos-para-os-proximos-meses\/","name":"ESCOLA DO LEGISLATIVO E IF-SUDESTE FAZEM BALAN\u00c7O DA PRIMEIRA ETAPA DO PR\u00c9-ENEM SOCIAL 2018 E DEFINEM NOVAS ATIVIDADES E PROJETOS PARA OS PR\u00d3XIMOS MESES - Ub\u00e1 News","isPartOf":{"@id":"https:\/\/ubanews.com\/site\/#website"},"primaryImageOfPage":{"@id":"https:\/\/ubanews.com\/site\/2018\/09\/07\/escola-do-legislativo-e-if-sudeste-fazem-balanco-da-primeira-etapa-do-pre-enem-social-2018-e-definem-novas-atividades-e-projetos-para-os-proximos-meses\/#primaryimage"},"image":{"@id":"https:\/\/ubanews.com\/site\/2018\/09\/07\/escola-do-legislativo-e-if-sudeste-fazem-balanco-da-primeira-etapa-do-pre-enem-social-2018-e-definem-novas-atividades-e-projetos-para-os-proximos-meses\/#primaryimage"},"thumbnailUrl":"https:\/\/ubanews.com\/site\/wp-content\/uploads\/2018\/09\/084-1.jpg","datePublished":"2018-09-08T01:30:55+00:00","breadcrumb":{"@id":"https:\/\/ubanews.com\/site\/2018\/09\/07\/escola-do-legislativo-e-if-sudeste-fazem-balanco-da-primeira-etapa-do-pre-enem-social-2018-e-definem-novas-atividades-e-projetos-para-os-proximos-meses\/#breadcrumb"},"inLanguage":"pt-BR","potentialAction":[{"@type":"ReadAction","target":["https:\/\/ubanews.com\/site\/2018\/09\/07\/escola-do-legislativo-e-if-sudeste-fazem-balanco-da-primeira-etapa-do-pre-enem-social-2018-e-definem-novas-atividades-e-projetos-para-os-proximos-meses\/"]}]},{"@type":"ImageObject","inLanguage":"pt-BR","@id":"https:\/\/ubanews.com\/site\/2018\/09\/07\/escola-do-legislativo-e-if-sudeste-fazem-balanco-da-primeira-etapa-do-pre-enem-social-2018-e-definem-novas-atividades-e-projetos-para-os-proximos-meses\/#primaryimage","url":"https:\/\/ubanews.com\/site\/wp-content\/uploads\/2018\/09\/084-1.jpg","contentUrl":"https:\/\/ubanews.com\/site\/wp-content\/uploads\/2018\/09\/084-1.jpg","width":800,"height":389},{"@type":"BreadcrumbList","@id":"https:\/\/ubanews.com\/site\/2018\/09\/07\/escola-do-legislativo-e-if-sudeste-fazem-balanco-da-primeira-etapa-do-pre-enem-social-2018-e-definem-novas-atividades-e-projetos-para-os-proximos-meses\/#breadcrumb","itemListElement":[{"@type":"ListItem","position":1,"name":"Home","item":"https:\/\/ubanews.com\/site\/"},{"@type":"ListItem","position":2,"name":"ESCOLA DO LEGISLATIVO E IF-SUDESTE FAZEM BALAN\u00c7O DA PRIMEIRA ETAPA DO PR\u00c9-ENEM SOCIAL 2018 E DEFINEM NOVAS ATIVIDADES E PROJETOS PARA OS PR\u00d3XIMOS MESES"}]},{"@type":"WebSite","@id":"https:\/\/ubanews.com\/site\/#website","url":"https:\/\/ubanews.com\/site\/","name":"Ub\u00e1 News","description":"","publisher":{"@id":"https:\/\/ubanews.com\/site\/#organization"},"potentialAction":[{"@type":"SearchAction","target":{"@type":"EntryPoint","urlTemplate":"https:\/\/ubanews.com\/site\/?s={search_term_string}"},"query-input":{"@type":"PropertyValueSpecification","valueRequired":true,"valueName":"search_term_string"}}],"inLanguage":"pt-BR"},{"@type":"Organization","@id":"https:\/\/ubanews.com\/site\/#organization","name":"Ub\u00e1 News","url":"https:\/\/ubanews.com\/site\/","logo":{"@type":"ImageObject","inLanguage":"pt-BR","@id":"https:\/\/ubanews.com\/site\/#\/schema\/logo\/image\/","url":"https:\/\/ubanews.com\/site\/wp-content\/uploads\/2018\/01\/logoubanews.png","contentUrl":"https:\/\/ubanews.com\/site\/wp-content\/uploads\/2018\/01\/logoubanews.png","width":261,"height":99,"caption":"Ub\u00e1 News"},"image":{"@id":"https:\/\/ubanews.com\/site\/#\/schema\/logo\/image\/"},"sameAs":["https:\/\/www.facebook.com\/Ub\u00e1News-Carlos-Roberto-Sodr\u00e9-418778301977370"]},{"@type":"Person","@id":"https:\/\/ubanews.com\/site\/#\/schema\/person\/d90c9e47252fbb63dcc969fe4c8b9d10","name":"Sodr\u00e9","image":{"@type":"ImageObject","inLanguage":"pt-BR","@id":"https:\/\/secure.gravatar.com\/avatar\/5ba2793f0590b9dbfad3fdec4ee714485b3eef211c9b32ee53d414060454a56c?s=96&d=mm&r=g","url":"https:\/\/secure.gravatar.com\/avatar\/5ba2793f0590b9dbfad3fdec4ee714485b3eef211c9b32ee53d414060454a56c?s=96&d=mm&r=g","contentUrl":"https:\/\/secure.gravatar.com\/avatar\/5ba2793f0590b9dbfad3fdec4ee714485b3eef211c9b32ee53d414060454a56c?s=96&d=mm&r=g","caption":"Sodr\u00e9"},"sameAs":["https:\/\/www.facebook.com\/carosroberto.sodre.5\/"],"url":"https:\/\/ubanews.com\/site\/author\/felipe\/"}]}},"_links":{"self":[{"href":"https:\/\/ubanews.com\/site\/wp-json\/wp\/v2\/posts\/7318","targetHints":{"allow":["GET"]}}],"collection":[{"href":"https:\/\/ubanews.com\/site\/wp-json\/wp\/v2\/posts"}],"about":[{"href":"https:\/\/ubanews.com\/site\/wp-json\/wp\/v2\/types\/post"}],"author":[{"embeddable":true,"href":"https:\/\/ubanews.com\/site\/wp-json\/wp\/v2\/users\/2"}],"replies":[{"embeddable":true,"href":"https:\/\/ubanews.com\/site\/wp-json\/wp\/v2\/comments?post=7318"}],"version-history":[{"count":0,"href":"https:\/\/ubanews.com\/site\/wp-json\/wp\/v2\/posts\/7318\/revisions"}],"wp:featuredmedia":[{"embeddable":true,"href":"https:\/\/ubanews.com\/site\/wp-json\/wp\/v2\/media\/7319"}],"wp:attachment":[{"href":"https:\/\/ubanews.com\/site\/wp-json\/wp\/v2\/media?parent=7318"}],"wp:term":[{"taxonomy":"category","embeddable":true,"href":"https:\/\/ubanews.com\/site\/wp-json\/wp\/v2\/categories?post=7318"},{"taxonomy":"post_tag","embeddable":true,"href":"https:\/\/ubanews.com\/site\/wp-json\/wp\/v2\/tags?post=7318"}],"curies":[{"name":"wp","href":"https:\/\/api.w.org\/{rel}","templated":true}]}}