{"id":7309,"date":"2018-09-07T17:24:22","date_gmt":"2018-09-07T20:24:22","guid":{"rendered":"http:\/\/ubanews.com\/site\/?p=7309"},"modified":"2018-09-15T19:59:59","modified_gmt":"2018-09-15T22:59:59","slug":"a-unidos-de-padre-miguel-esteve-em-uba-apadrinhando-a-praca-ceus","status":"publish","type":"post","link":"https:\/\/ubanews.com\/site\/2018\/09\/07\/a-unidos-de-padre-miguel-esteve-em-uba-apadrinhando-a-praca-ceus\/","title":{"rendered":"A UNIDOS DE PADRE MIGUEL ESTEVE EM UB\u00c1 APADRINHANDO A PRA\u00c7A C\u00c9Us"},"content":{"rendered":"<p><a href=\"https:\/\/ubanews.com\/site\/wp-content\/uploads\/2018\/09\/080-2.jpg\"><img decoding=\"async\" class=\"alignnone size-medium wp-image-7310 lazyload\" data-src=\"https:\/\/ubanews.com\/site\/wp-content\/uploads\/2018\/09\/080-2-300x171.jpg\" alt=\"\" width=\"300\" height=\"171\" data-srcset=\"https:\/\/ubanews.com\/site\/wp-content\/uploads\/2018\/09\/080-2-300x171.jpg 300w, https:\/\/ubanews.com\/site\/wp-content\/uploads\/2018\/09\/080-2-768x439.jpg 768w, https:\/\/ubanews.com\/site\/wp-content\/uploads\/2018\/09\/080-2.jpg 800w\" data-sizes=\"(max-width: 300px) 100vw, 300px\" src=\"data:image\/svg+xml;base64,PHN2ZyB3aWR0aD0iMSIgaGVpZ2h0PSIxIiB4bWxucz0iaHR0cDovL3d3dy53My5vcmcvMjAwMC9zdmciPjwvc3ZnPg==\" style=\"--smush-placeholder-width: 300px; --smush-placeholder-aspect-ratio: 300\/171;\" \/><\/a> <a href=\"https:\/\/ubanews.com\/site\/wp-content\/uploads\/2018\/09\/081-1.jpg\"><img decoding=\"async\" class=\"alignnone size-medium wp-image-7311 lazyload\" data-src=\"https:\/\/ubanews.com\/site\/wp-content\/uploads\/2018\/09\/081-1-300x171.jpg\" alt=\"\" width=\"300\" height=\"171\" data-srcset=\"https:\/\/ubanews.com\/site\/wp-content\/uploads\/2018\/09\/081-1-300x171.jpg 300w, https:\/\/ubanews.com\/site\/wp-content\/uploads\/2018\/09\/081-1-768x439.jpg 768w, https:\/\/ubanews.com\/site\/wp-content\/uploads\/2018\/09\/081-1.jpg 800w\" data-sizes=\"(max-width: 300px) 100vw, 300px\" src=\"data:image\/svg+xml;base64,PHN2ZyB3aWR0aD0iMSIgaGVpZ2h0PSIxIiB4bWxucz0iaHR0cDovL3d3dy53My5vcmcvMjAwMC9zdmciPjwvc3ZnPg==\" style=\"--smush-placeholder-width: 300px; --smush-placeholder-aspect-ratio: 300\/171;\" \/><\/a> <a href=\"https:\/\/ubanews.com\/site\/wp-content\/uploads\/2018\/09\/082-2.jpg\"><img decoding=\"async\" class=\"alignnone size-medium wp-image-7312 lazyload\" data-src=\"https:\/\/ubanews.com\/site\/wp-content\/uploads\/2018\/09\/082-2-300x171.jpg\" alt=\"\" width=\"300\" height=\"171\" data-srcset=\"https:\/\/ubanews.com\/site\/wp-content\/uploads\/2018\/09\/082-2-300x171.jpg 300w, https:\/\/ubanews.com\/site\/wp-content\/uploads\/2018\/09\/082-2-768x439.jpg 768w, https:\/\/ubanews.com\/site\/wp-content\/uploads\/2018\/09\/082-2.jpg 800w\" data-sizes=\"(max-width: 300px) 100vw, 300px\" src=\"data:image\/svg+xml;base64,PHN2ZyB3aWR0aD0iMSIgaGVpZ2h0PSIxIiB4bWxucz0iaHR0cDovL3d3dy53My5vcmcvMjAwMC9zdmciPjwvc3ZnPg==\" style=\"--smush-placeholder-width: 300px; --smush-placeholder-aspect-ratio: 300\/171;\" \/><\/a> <a href=\"https:\/\/ubanews.com\/site\/wp-content\/uploads\/2018\/09\/083-1.jpg\"><img decoding=\"async\" class=\"alignnone size-medium wp-image-7313 lazyload\" data-src=\"https:\/\/ubanews.com\/site\/wp-content\/uploads\/2018\/09\/083-1-300x171.jpg\" alt=\"\" width=\"300\" height=\"171\" data-srcset=\"https:\/\/ubanews.com\/site\/wp-content\/uploads\/2018\/09\/083-1-300x171.jpg 300w, https:\/\/ubanews.com\/site\/wp-content\/uploads\/2018\/09\/083-1-768x439.jpg 768w, https:\/\/ubanews.com\/site\/wp-content\/uploads\/2018\/09\/083-1.jpg 800w\" data-sizes=\"(max-width: 300px) 100vw, 300px\" src=\"data:image\/svg+xml;base64,PHN2ZyB3aWR0aD0iMSIgaGVpZ2h0PSIxIiB4bWxucz0iaHR0cDovL3d3dy53My5vcmcvMjAwMC9zdmciPjwvc3ZnPg==\" style=\"--smush-placeholder-width: 300px; --smush-placeholder-aspect-ratio: 300\/171;\" \/><\/a><\/p>\n<p>No domingo dia 02 de setembro a Escola de Samba Unidos da Pra\u00e7a CEUs recebeu em sua sede, ao lado da Escola Estadual Padre J\u00e3ozinho, Cohab, alguns integrantes da Escola de Samba Unidos de Padre Miguel, do Rio de janeiro. O evento foi regado a uma deliciosa feijoada e com a presen\u00e7a de v\u00e1rias autoridades. O vice-prefeito, Secret\u00e1rio de Cultura e de Governo Vin\u00edcius Sam\u00f4r de Lacerda esteve presente, representando o Poder Executivo, enquanto os vereadores Edeir Pacheco da Costa, Luiz Carlos (Escuro); a Escola de Samba da Vila Casal tamb\u00e9m prestigiou. Ali\u00e1s as escolas est\u00e3o se mobilizando, buscando o regaste do carnaval de Ub\u00e1 para o pr\u00f3ximo ano.<a href=\"https:\/\/ubanews.com\/site\/wp-content\/uploads\/2018\/08\/ELETRO-SENA-AUTOMOTIVA-2.jpg\"><img decoding=\"async\" class=\"alignnone wp-image-7016 size-full lazyload\" data-src=\"https:\/\/ubanews.com\/site\/wp-content\/uploads\/2018\/08\/ELETRO-SENA-AUTOMOTIVA-2.jpg\" alt=\"\" width=\"800\" height=\"264\" data-srcset=\"https:\/\/ubanews.com\/site\/wp-content\/uploads\/2018\/08\/ELETRO-SENA-AUTOMOTIVA-2.jpg 800w, https:\/\/ubanews.com\/site\/wp-content\/uploads\/2018\/08\/ELETRO-SENA-AUTOMOTIVA-2-300x99.jpg 300w, https:\/\/ubanews.com\/site\/wp-content\/uploads\/2018\/08\/ELETRO-SENA-AUTOMOTIVA-2-768x253.jpg 768w\" data-sizes=\"(max-width: 800px) 100vw, 800px\" src=\"data:image\/svg+xml;base64,PHN2ZyB3aWR0aD0iMSIgaGVpZ2h0PSIxIiB4bWxucz0iaHR0cDovL3d3dy53My5vcmcvMjAwMC9zdmciPjwvc3ZnPg==\" style=\"--smush-placeholder-width: 800px; --smush-placeholder-aspect-ratio: 800\/264;\" \/><\/a>Wesley Heleno, presidente da Unidos da Pra\u00e7as C\u00c9Us, como um grande anfitri\u00e3o recebeu a todos e de quebra fez uma linda homenagem ao senhor Joel Perp\u00e9tuo, grande carnavalesco, representado pelo seu filho, professor J\u00e2nderson Perp\u00e9tuo. Nossa equipe foi recebida com muito carinho. Conversamos com o Mestre Sala e a Porta-Bandeira da Unidos de Padre Miguel. E na sequ\u00eancia com o vice-prefeito Vin\u00edcius Sam\u00f4r de Lacerda!!!<\/p>\n<p><iframe data-src=\"https:\/\/www.youtube.com\/embed\/NO-Gq0YQDFE\" width=\"560\" height=\"315\" frameborder=\"0\" allowfullscreen=\"allowfullscreen\" src=\"data:image\/svg+xml;base64,PHN2ZyB3aWR0aD0iMSIgaGVpZ2h0PSIxIiB4bWxucz0iaHR0cDovL3d3dy53My5vcmcvMjAwMC9zdmciPjwvc3ZnPg==\" class=\"lazyload\" data-load-mode=\"1\"><\/iframe><\/p>\n<p><iframe data-src=\"https:\/\/www.youtube.com\/embed\/RyMBQI0Z5jw\" width=\"560\" height=\"315\" frameborder=\"0\" allowfullscreen=\"allowfullscreen\" src=\"data:image\/svg+xml;base64,PHN2ZyB3aWR0aD0iMSIgaGVpZ2h0PSIxIiB4bWxucz0iaHR0cDovL3d3dy53My5vcmcvMjAwMC9zdmciPjwvc3ZnPg==\" class=\"lazyload\" data-load-mode=\"1\"><\/iframe>&nbsp;<\/p>\n","protected":false},"excerpt":{"rendered":"<p>No domingo dia 02 de setembro a Escola de Samba<\/p>\n","protected":false},"author":2,"featured_media":7314,"comment_status":"open","ping_status":"open","sticky":false,"template":"","format":"standard","meta":{"footnotes":""},"categories":[1],"tags":[],"class_list":["post-7309","post","type-post","status-publish","format-standard","has-post-thumbnail","hentry","category-sem-categoria"],"yoast_head":"<!-- This site is optimized with the Yoast SEO plugin v27.2 - https:\/\/yoast.com\/product\/yoast-seo-wordpress\/ -->\n<title>A UNIDOS DE PADRE MIGUEL ESTEVE EM UB\u00c1 APADRINHANDO A PRA\u00c7A C\u00c9Us - Ub\u00e1 News<\/title>\n<meta name=\"robots\" content=\"index, follow, max-snippet:-1, max-image-preview:large, max-video-preview:-1\" \/>\n<link rel=\"canonical\" href=\"https:\/\/ubanews.com\/site\/2018\/09\/07\/a-unidos-de-padre-miguel-esteve-em-uba-apadrinhando-a-praca-ceus\/\" \/>\n<meta property=\"og:locale\" content=\"pt_BR\" \/>\n<meta property=\"og:type\" content=\"article\" \/>\n<meta property=\"og:title\" content=\"A UNIDOS DE PADRE MIGUEL ESTEVE EM UB\u00c1 APADRINHANDO A PRA\u00c7A C\u00c9Us - Ub\u00e1 News\" \/>\n<meta property=\"og:description\" content=\"No domingo dia 02 de setembro a Escola de Samba\" \/>\n<meta property=\"og:url\" content=\"https:\/\/ubanews.com\/site\/2018\/09\/07\/a-unidos-de-padre-miguel-esteve-em-uba-apadrinhando-a-praca-ceus\/\" \/>\n<meta property=\"og:site_name\" content=\"Ub\u00e1 News\" \/>\n<meta property=\"article:publisher\" content=\"https:\/\/www.facebook.com\/Ub%c3%a1News-Carlos-Roberto-Sodr%c3%a9-418778301977370\" \/>\n<meta property=\"article:author\" content=\"https:\/\/www.facebook.com\/carosroberto.sodre.5\/\" \/>\n<meta property=\"article:published_time\" content=\"2018-09-07T20:24:22+00:00\" \/>\n<meta property=\"article:modified_time\" content=\"2018-09-15T22:59:59+00:00\" \/>\n<meta property=\"og:image\" content=\"https:\/\/ubanews.com\/site\/wp-content\/uploads\/2018\/09\/Pra\u00e7a-Ceus.jpg\" \/>\n\t<meta property=\"og:image:width\" content=\"800\" \/>\n\t<meta property=\"og:image:height\" content=\"389\" \/>\n\t<meta property=\"og:image:type\" content=\"image\/jpeg\" \/>\n<meta name=\"author\" content=\"Sodr\u00e9\" \/>\n<meta name=\"twitter:card\" content=\"summary_large_image\" \/>\n<meta name=\"twitter:label1\" content=\"Escrito por\" \/>\n\t<meta name=\"twitter:data1\" content=\"Sodr\u00e9\" \/>\n\t<meta name=\"twitter:label2\" content=\"Est. tempo de leitura\" \/>\n\t<meta name=\"twitter:data2\" content=\"1 minuto\" \/>\n<script type=\"application\/ld+json\" class=\"yoast-schema-graph\">{\"@context\":\"https:\/\/schema.org\",\"@graph\":[{\"@type\":\"Article\",\"@id\":\"https:\/\/ubanews.com\/site\/2018\/09\/07\/a-unidos-de-padre-miguel-esteve-em-uba-apadrinhando-a-praca-ceus\/#article\",\"isPartOf\":{\"@id\":\"https:\/\/ubanews.com\/site\/2018\/09\/07\/a-unidos-de-padre-miguel-esteve-em-uba-apadrinhando-a-praca-ceus\/\"},\"author\":{\"name\":\"Sodr\u00e9\",\"@id\":\"https:\/\/ubanews.com\/site\/#\/schema\/person\/d90c9e47252fbb63dcc969fe4c8b9d10\"},\"headline\":\"A UNIDOS DE PADRE MIGUEL ESTEVE EM UB\u00c1 APADRINHANDO A PRA\u00c7A C\u00c9Us\",\"datePublished\":\"2018-09-07T20:24:22+00:00\",\"dateModified\":\"2018-09-15T22:59:59+00:00\",\"mainEntityOfPage\":{\"@id\":\"https:\/\/ubanews.com\/site\/2018\/09\/07\/a-unidos-de-padre-miguel-esteve-em-uba-apadrinhando-a-praca-ceus\/\"},\"wordCount\":208,\"commentCount\":0,\"publisher\":{\"@id\":\"https:\/\/ubanews.com\/site\/#organization\"},\"image\":{\"@id\":\"https:\/\/ubanews.com\/site\/2018\/09\/07\/a-unidos-de-padre-miguel-esteve-em-uba-apadrinhando-a-praca-ceus\/#primaryimage\"},\"thumbnailUrl\":\"https:\/\/ubanews.com\/site\/wp-content\/uploads\/2018\/09\/Pra\u00e7a-Ceus.jpg\",\"articleSection\":[\"Geral\"],\"inLanguage\":\"pt-BR\",\"potentialAction\":[{\"@type\":\"CommentAction\",\"name\":\"Comment\",\"target\":[\"https:\/\/ubanews.com\/site\/2018\/09\/07\/a-unidos-de-padre-miguel-esteve-em-uba-apadrinhando-a-praca-ceus\/#respond\"]}]},{\"@type\":\"WebPage\",\"@id\":\"https:\/\/ubanews.com\/site\/2018\/09\/07\/a-unidos-de-padre-miguel-esteve-em-uba-apadrinhando-a-praca-ceus\/\",\"url\":\"https:\/\/ubanews.com\/site\/2018\/09\/07\/a-unidos-de-padre-miguel-esteve-em-uba-apadrinhando-a-praca-ceus\/\",\"name\":\"A UNIDOS DE PADRE MIGUEL ESTEVE EM UB\u00c1 APADRINHANDO A PRA\u00c7A C\u00c9Us - Ub\u00e1 News\",\"isPartOf\":{\"@id\":\"https:\/\/ubanews.com\/site\/#website\"},\"primaryImageOfPage\":{\"@id\":\"https:\/\/ubanews.com\/site\/2018\/09\/07\/a-unidos-de-padre-miguel-esteve-em-uba-apadrinhando-a-praca-ceus\/#primaryimage\"},\"image\":{\"@id\":\"https:\/\/ubanews.com\/site\/2018\/09\/07\/a-unidos-de-padre-miguel-esteve-em-uba-apadrinhando-a-praca-ceus\/#primaryimage\"},\"thumbnailUrl\":\"https:\/\/ubanews.com\/site\/wp-content\/uploads\/2018\/09\/Pra\u00e7a-Ceus.jpg\",\"datePublished\":\"2018-09-07T20:24:22+00:00\",\"dateModified\":\"2018-09-15T22:59:59+00:00\",\"breadcrumb\":{\"@id\":\"https:\/\/ubanews.com\/site\/2018\/09\/07\/a-unidos-de-padre-miguel-esteve-em-uba-apadrinhando-a-praca-ceus\/#breadcrumb\"},\"inLanguage\":\"pt-BR\",\"potentialAction\":[{\"@type\":\"ReadAction\",\"target\":[\"https:\/\/ubanews.com\/site\/2018\/09\/07\/a-unidos-de-padre-miguel-esteve-em-uba-apadrinhando-a-praca-ceus\/\"]}]},{\"@type\":\"ImageObject\",\"inLanguage\":\"pt-BR\",\"@id\":\"https:\/\/ubanews.com\/site\/2018\/09\/07\/a-unidos-de-padre-miguel-esteve-em-uba-apadrinhando-a-praca-ceus\/#primaryimage\",\"url\":\"https:\/\/ubanews.com\/site\/wp-content\/uploads\/2018\/09\/Pra\u00e7a-Ceus.jpg\",\"contentUrl\":\"https:\/\/ubanews.com\/site\/wp-content\/uploads\/2018\/09\/Pra\u00e7a-Ceus.jpg\",\"width\":800,\"height\":389},{\"@type\":\"BreadcrumbList\",\"@id\":\"https:\/\/ubanews.com\/site\/2018\/09\/07\/a-unidos-de-padre-miguel-esteve-em-uba-apadrinhando-a-praca-ceus\/#breadcrumb\",\"itemListElement\":[{\"@type\":\"ListItem\",\"position\":1,\"name\":\"Home\",\"item\":\"https:\/\/ubanews.com\/site\/\"},{\"@type\":\"ListItem\",\"position\":2,\"name\":\"A UNIDOS DE PADRE MIGUEL ESTEVE EM UB\u00c1 APADRINHANDO A PRA\u00c7A C\u00c9Us\"}]},{\"@type\":\"WebSite\",\"@id\":\"https:\/\/ubanews.com\/site\/#website\",\"url\":\"https:\/\/ubanews.com\/site\/\",\"name\":\"Ub\u00e1 News\",\"description\":\"\",\"publisher\":{\"@id\":\"https:\/\/ubanews.com\/site\/#organization\"},\"potentialAction\":[{\"@type\":\"SearchAction\",\"target\":{\"@type\":\"EntryPoint\",\"urlTemplate\":\"https:\/\/ubanews.com\/site\/?s={search_term_string}\"},\"query-input\":{\"@type\":\"PropertyValueSpecification\",\"valueRequired\":true,\"valueName\":\"search_term_string\"}}],\"inLanguage\":\"pt-BR\"},{\"@type\":\"Organization\",\"@id\":\"https:\/\/ubanews.com\/site\/#organization\",\"name\":\"Ub\u00e1 News\",\"url\":\"https:\/\/ubanews.com\/site\/\",\"logo\":{\"@type\":\"ImageObject\",\"inLanguage\":\"pt-BR\",\"@id\":\"https:\/\/ubanews.com\/site\/#\/schema\/logo\/image\/\",\"url\":\"https:\/\/ubanews.com\/site\/wp-content\/uploads\/2018\/01\/logoubanews.png\",\"contentUrl\":\"https:\/\/ubanews.com\/site\/wp-content\/uploads\/2018\/01\/logoubanews.png\",\"width\":261,\"height\":99,\"caption\":\"Ub\u00e1 News\"},\"image\":{\"@id\":\"https:\/\/ubanews.com\/site\/#\/schema\/logo\/image\/\"},\"sameAs\":[\"https:\/\/www.facebook.com\/Ub\u00e1News-Carlos-Roberto-Sodr\u00e9-418778301977370\"]},{\"@type\":\"Person\",\"@id\":\"https:\/\/ubanews.com\/site\/#\/schema\/person\/d90c9e47252fbb63dcc969fe4c8b9d10\",\"name\":\"Sodr\u00e9\",\"image\":{\"@type\":\"ImageObject\",\"inLanguage\":\"pt-BR\",\"@id\":\"https:\/\/secure.gravatar.com\/avatar\/5ba2793f0590b9dbfad3fdec4ee714485b3eef211c9b32ee53d414060454a56c?s=96&d=mm&r=g\",\"url\":\"https:\/\/secure.gravatar.com\/avatar\/5ba2793f0590b9dbfad3fdec4ee714485b3eef211c9b32ee53d414060454a56c?s=96&d=mm&r=g\",\"contentUrl\":\"https:\/\/secure.gravatar.com\/avatar\/5ba2793f0590b9dbfad3fdec4ee714485b3eef211c9b32ee53d414060454a56c?s=96&d=mm&r=g\",\"caption\":\"Sodr\u00e9\"},\"sameAs\":[\"https:\/\/www.facebook.com\/carosroberto.sodre.5\/\"],\"url\":\"https:\/\/ubanews.com\/site\/author\/felipe\/\"}]}<\/script>\n<!-- \/ Yoast SEO plugin. -->","yoast_head_json":{"title":"A UNIDOS DE PADRE MIGUEL ESTEVE EM UB\u00c1 APADRINHANDO A PRA\u00c7A C\u00c9Us - Ub\u00e1 News","robots":{"index":"index","follow":"follow","max-snippet":"max-snippet:-1","max-image-preview":"max-image-preview:large","max-video-preview":"max-video-preview:-1"},"canonical":"https:\/\/ubanews.com\/site\/2018\/09\/07\/a-unidos-de-padre-miguel-esteve-em-uba-apadrinhando-a-praca-ceus\/","og_locale":"pt_BR","og_type":"article","og_title":"A UNIDOS DE PADRE MIGUEL ESTEVE EM UB\u00c1 APADRINHANDO A PRA\u00c7A C\u00c9Us - Ub\u00e1 News","og_description":"No domingo dia 02 de setembro a Escola de Samba","og_url":"https:\/\/ubanews.com\/site\/2018\/09\/07\/a-unidos-de-padre-miguel-esteve-em-uba-apadrinhando-a-praca-ceus\/","og_site_name":"Ub\u00e1 News","article_publisher":"https:\/\/www.facebook.com\/Ub%c3%a1News-Carlos-Roberto-Sodr%c3%a9-418778301977370","article_author":"https:\/\/www.facebook.com\/carosroberto.sodre.5\/","article_published_time":"2018-09-07T20:24:22+00:00","article_modified_time":"2018-09-15T22:59:59+00:00","og_image":[{"width":800,"height":389,"url":"https:\/\/ubanews.com\/site\/wp-content\/uploads\/2018\/09\/Pra\u00e7a-Ceus.jpg","type":"image\/jpeg"}],"author":"Sodr\u00e9","twitter_card":"summary_large_image","twitter_misc":{"Escrito por":"Sodr\u00e9","Est. tempo de leitura":"1 minuto"},"schema":{"@context":"https:\/\/schema.org","@graph":[{"@type":"Article","@id":"https:\/\/ubanews.com\/site\/2018\/09\/07\/a-unidos-de-padre-miguel-esteve-em-uba-apadrinhando-a-praca-ceus\/#article","isPartOf":{"@id":"https:\/\/ubanews.com\/site\/2018\/09\/07\/a-unidos-de-padre-miguel-esteve-em-uba-apadrinhando-a-praca-ceus\/"},"author":{"name":"Sodr\u00e9","@id":"https:\/\/ubanews.com\/site\/#\/schema\/person\/d90c9e47252fbb63dcc969fe4c8b9d10"},"headline":"A UNIDOS DE PADRE MIGUEL ESTEVE EM UB\u00c1 APADRINHANDO A PRA\u00c7A C\u00c9Us","datePublished":"2018-09-07T20:24:22+00:00","dateModified":"2018-09-15T22:59:59+00:00","mainEntityOfPage":{"@id":"https:\/\/ubanews.com\/site\/2018\/09\/07\/a-unidos-de-padre-miguel-esteve-em-uba-apadrinhando-a-praca-ceus\/"},"wordCount":208,"commentCount":0,"publisher":{"@id":"https:\/\/ubanews.com\/site\/#organization"},"image":{"@id":"https:\/\/ubanews.com\/site\/2018\/09\/07\/a-unidos-de-padre-miguel-esteve-em-uba-apadrinhando-a-praca-ceus\/#primaryimage"},"thumbnailUrl":"https:\/\/ubanews.com\/site\/wp-content\/uploads\/2018\/09\/Pra\u00e7a-Ceus.jpg","articleSection":["Geral"],"inLanguage":"pt-BR","potentialAction":[{"@type":"CommentAction","name":"Comment","target":["https:\/\/ubanews.com\/site\/2018\/09\/07\/a-unidos-de-padre-miguel-esteve-em-uba-apadrinhando-a-praca-ceus\/#respond"]}]},{"@type":"WebPage","@id":"https:\/\/ubanews.com\/site\/2018\/09\/07\/a-unidos-de-padre-miguel-esteve-em-uba-apadrinhando-a-praca-ceus\/","url":"https:\/\/ubanews.com\/site\/2018\/09\/07\/a-unidos-de-padre-miguel-esteve-em-uba-apadrinhando-a-praca-ceus\/","name":"A UNIDOS DE PADRE MIGUEL ESTEVE EM UB\u00c1 APADRINHANDO A PRA\u00c7A C\u00c9Us - Ub\u00e1 News","isPartOf":{"@id":"https:\/\/ubanews.com\/site\/#website"},"primaryImageOfPage":{"@id":"https:\/\/ubanews.com\/site\/2018\/09\/07\/a-unidos-de-padre-miguel-esteve-em-uba-apadrinhando-a-praca-ceus\/#primaryimage"},"image":{"@id":"https:\/\/ubanews.com\/site\/2018\/09\/07\/a-unidos-de-padre-miguel-esteve-em-uba-apadrinhando-a-praca-ceus\/#primaryimage"},"thumbnailUrl":"https:\/\/ubanews.com\/site\/wp-content\/uploads\/2018\/09\/Pra\u00e7a-Ceus.jpg","datePublished":"2018-09-07T20:24:22+00:00","dateModified":"2018-09-15T22:59:59+00:00","breadcrumb":{"@id":"https:\/\/ubanews.com\/site\/2018\/09\/07\/a-unidos-de-padre-miguel-esteve-em-uba-apadrinhando-a-praca-ceus\/#breadcrumb"},"inLanguage":"pt-BR","potentialAction":[{"@type":"ReadAction","target":["https:\/\/ubanews.com\/site\/2018\/09\/07\/a-unidos-de-padre-miguel-esteve-em-uba-apadrinhando-a-praca-ceus\/"]}]},{"@type":"ImageObject","inLanguage":"pt-BR","@id":"https:\/\/ubanews.com\/site\/2018\/09\/07\/a-unidos-de-padre-miguel-esteve-em-uba-apadrinhando-a-praca-ceus\/#primaryimage","url":"https:\/\/ubanews.com\/site\/wp-content\/uploads\/2018\/09\/Pra\u00e7a-Ceus.jpg","contentUrl":"https:\/\/ubanews.com\/site\/wp-content\/uploads\/2018\/09\/Pra\u00e7a-Ceus.jpg","width":800,"height":389},{"@type":"BreadcrumbList","@id":"https:\/\/ubanews.com\/site\/2018\/09\/07\/a-unidos-de-padre-miguel-esteve-em-uba-apadrinhando-a-praca-ceus\/#breadcrumb","itemListElement":[{"@type":"ListItem","position":1,"name":"Home","item":"https:\/\/ubanews.com\/site\/"},{"@type":"ListItem","position":2,"name":"A UNIDOS DE PADRE MIGUEL ESTEVE EM UB\u00c1 APADRINHANDO A PRA\u00c7A C\u00c9Us"}]},{"@type":"WebSite","@id":"https:\/\/ubanews.com\/site\/#website","url":"https:\/\/ubanews.com\/site\/","name":"Ub\u00e1 News","description":"","publisher":{"@id":"https:\/\/ubanews.com\/site\/#organization"},"potentialAction":[{"@type":"SearchAction","target":{"@type":"EntryPoint","urlTemplate":"https:\/\/ubanews.com\/site\/?s={search_term_string}"},"query-input":{"@type":"PropertyValueSpecification","valueRequired":true,"valueName":"search_term_string"}}],"inLanguage":"pt-BR"},{"@type":"Organization","@id":"https:\/\/ubanews.com\/site\/#organization","name":"Ub\u00e1 News","url":"https:\/\/ubanews.com\/site\/","logo":{"@type":"ImageObject","inLanguage":"pt-BR","@id":"https:\/\/ubanews.com\/site\/#\/schema\/logo\/image\/","url":"https:\/\/ubanews.com\/site\/wp-content\/uploads\/2018\/01\/logoubanews.png","contentUrl":"https:\/\/ubanews.com\/site\/wp-content\/uploads\/2018\/01\/logoubanews.png","width":261,"height":99,"caption":"Ub\u00e1 News"},"image":{"@id":"https:\/\/ubanews.com\/site\/#\/schema\/logo\/image\/"},"sameAs":["https:\/\/www.facebook.com\/Ub\u00e1News-Carlos-Roberto-Sodr\u00e9-418778301977370"]},{"@type":"Person","@id":"https:\/\/ubanews.com\/site\/#\/schema\/person\/d90c9e47252fbb63dcc969fe4c8b9d10","name":"Sodr\u00e9","image":{"@type":"ImageObject","inLanguage":"pt-BR","@id":"https:\/\/secure.gravatar.com\/avatar\/5ba2793f0590b9dbfad3fdec4ee714485b3eef211c9b32ee53d414060454a56c?s=96&d=mm&r=g","url":"https:\/\/secure.gravatar.com\/avatar\/5ba2793f0590b9dbfad3fdec4ee714485b3eef211c9b32ee53d414060454a56c?s=96&d=mm&r=g","contentUrl":"https:\/\/secure.gravatar.com\/avatar\/5ba2793f0590b9dbfad3fdec4ee714485b3eef211c9b32ee53d414060454a56c?s=96&d=mm&r=g","caption":"Sodr\u00e9"},"sameAs":["https:\/\/www.facebook.com\/carosroberto.sodre.5\/"],"url":"https:\/\/ubanews.com\/site\/author\/felipe\/"}]}},"_links":{"self":[{"href":"https:\/\/ubanews.com\/site\/wp-json\/wp\/v2\/posts\/7309","targetHints":{"allow":["GET"]}}],"collection":[{"href":"https:\/\/ubanews.com\/site\/wp-json\/wp\/v2\/posts"}],"about":[{"href":"https:\/\/ubanews.com\/site\/wp-json\/wp\/v2\/types\/post"}],"author":[{"embeddable":true,"href":"https:\/\/ubanews.com\/site\/wp-json\/wp\/v2\/users\/2"}],"replies":[{"embeddable":true,"href":"https:\/\/ubanews.com\/site\/wp-json\/wp\/v2\/comments?post=7309"}],"version-history":[{"count":0,"href":"https:\/\/ubanews.com\/site\/wp-json\/wp\/v2\/posts\/7309\/revisions"}],"wp:featuredmedia":[{"embeddable":true,"href":"https:\/\/ubanews.com\/site\/wp-json\/wp\/v2\/media\/7314"}],"wp:attachment":[{"href":"https:\/\/ubanews.com\/site\/wp-json\/wp\/v2\/media?parent=7309"}],"wp:term":[{"taxonomy":"category","embeddable":true,"href":"https:\/\/ubanews.com\/site\/wp-json\/wp\/v2\/categories?post=7309"},{"taxonomy":"post_tag","embeddable":true,"href":"https:\/\/ubanews.com\/site\/wp-json\/wp\/v2\/tags?post=7309"}],"curies":[{"name":"wp","href":"https:\/\/api.w.org\/{rel}","templated":true}]}}