{"id":7225,"date":"2018-09-05T10:43:03","date_gmt":"2018-09-05T13:43:03","guid":{"rendered":"http:\/\/ubanews.com\/site\/?p=7225"},"modified":"2018-09-05T10:43:03","modified_gmt":"2018-09-05T13:43:03","slug":"policia-militar-aborda-autor-de-furto-de-uma-ave-conhecida-nacionalmente-como-peru","status":"publish","type":"post","link":"https:\/\/ubanews.com\/site\/2018\/09\/05\/policia-militar-aborda-autor-de-furto-de-uma-ave-conhecida-nacionalmente-como-peru\/","title":{"rendered":"Pol\u00edcia Militar aborda autor de furto de uma ave, conhecida nacionalmente como Peru"},"content":{"rendered":"<p>No dia 04 de agosto \u00e0s 23h08min a Pol\u00edcia Militar realizava patrulhamento pela Rua Zumbi dos Palmares, momento em que os militares depararam Valdeci Afonso de Oliveira de 54 anos, apelido \u201cPalito\u201d, carregando um saco de linhagem. Valdeci ao perceber a presen\u00e7a policial saiu correndo, contudo os militares foram ao seu encal\u00e7o, sendo alcan\u00e7ado e abordado pela guarni\u00e7\u00e3o policial, sendo encontrado dentro do saco 01 ave da esp\u00e9cie galiformes, do g\u00eanero meleagris, conhecida nacionalmente como peru dom\u00e9stico.<a href=\"https:\/\/ubanews.com\/site\/wp-content\/uploads\/2018\/08\/ELETRO-SENA-AUTOMOTIVA-2.jpg\"><img decoding=\"async\" class=\"alignnone wp-image-7016 size-full lazyload\" data-src=\"https:\/\/ubanews.com\/site\/wp-content\/uploads\/2018\/08\/ELETRO-SENA-AUTOMOTIVA-2.jpg\" alt=\"\" width=\"800\" height=\"264\" data-srcset=\"https:\/\/ubanews.com\/site\/wp-content\/uploads\/2018\/08\/ELETRO-SENA-AUTOMOTIVA-2.jpg 800w, https:\/\/ubanews.com\/site\/wp-content\/uploads\/2018\/08\/ELETRO-SENA-AUTOMOTIVA-2-300x99.jpg 300w, https:\/\/ubanews.com\/site\/wp-content\/uploads\/2018\/08\/ELETRO-SENA-AUTOMOTIVA-2-768x253.jpg 768w\" data-sizes=\"(max-width: 800px) 100vw, 800px\" src=\"data:image\/svg+xml;base64,PHN2ZyB3aWR0aD0iMSIgaGVpZ2h0PSIxIiB4bWxucz0iaHR0cDovL3d3dy53My5vcmcvMjAwMC9zdmciPjwvc3ZnPg==\" style=\"--smush-placeholder-width: 800px; --smush-placeholder-aspect-ratio: 800\/264;\" \/><\/a><\/p>\n<p>Ao ser questionado sobre a origem do animal Valdeci confessou que havia furtado em um s\u00edtio situado na zona rural conhecida como s\u00edtio do sossego. Em seguida os militares foram at\u00e9 o endere\u00e7o onde em contato com o propriet\u00e1rio da ave, ele ainda n\u00e3o havia dado falta da ave, mas a reconheceu como sendo de sua propriedade.<\/p>\n<p>Valdeci Afonso de Oliveira foi preso pelo crime de furto.<\/p>\n<p><strong><u>Passagens Policiais de Valdeci Afonso de Oliveira <\/u><\/strong><\/p>\n<p>Amea\u00e7a em 29\/07\/2014; furto em 03\/03\/201, em 16\/05\/2017, em 31\/07\/2011, em 25\/05\/2012<\/p>\n<p><strong>ASSESSORIA DE COMUNICA\u00c7\u00c3O ORGANIZACIONAL<\/strong><\/p>\n<p><strong><em>Vig\u00e9simo Primeiro Batalh\u00e3o de Pol\u00edcia Militar<\/em><\/strong><\/p>\n","protected":false},"excerpt":{"rendered":"<p>No dia 04 de agosto \u00e0s 23h08min a Pol\u00edcia Militar<\/p>\n","protected":false},"author":2,"featured_media":7226,"comment_status":"open","ping_status":"open","sticky":false,"template":"","format":"standard","meta":{"footnotes":""},"categories":[13],"tags":[],"class_list":["post-7225","post","type-post","status-publish","format-standard","has-post-thumbnail","hentry","category-sintese-das-ocorrencias"],"yoast_head":"<!-- This site is optimized with the Yoast SEO plugin v27.2 - https:\/\/yoast.com\/product\/yoast-seo-wordpress\/ -->\n<title>Pol\u00edcia Militar aborda autor de furto de uma ave, conhecida nacionalmente como Peru - Ub\u00e1 News<\/title>\n<meta name=\"robots\" content=\"index, follow, max-snippet:-1, max-image-preview:large, max-video-preview:-1\" \/>\n<link rel=\"canonical\" href=\"https:\/\/ubanews.com\/site\/2018\/09\/05\/policia-militar-aborda-autor-de-furto-de-uma-ave-conhecida-nacionalmente-como-peru\/\" \/>\n<meta property=\"og:locale\" content=\"pt_BR\" \/>\n<meta property=\"og:type\" content=\"article\" \/>\n<meta property=\"og:title\" content=\"Pol\u00edcia Militar aborda autor de furto de uma ave, conhecida nacionalmente como Peru - Ub\u00e1 News\" \/>\n<meta property=\"og:description\" content=\"No dia 04 de agosto \u00e0s 23h08min a Pol\u00edcia Militar\" \/>\n<meta property=\"og:url\" content=\"https:\/\/ubanews.com\/site\/2018\/09\/05\/policia-militar-aborda-autor-de-furto-de-uma-ave-conhecida-nacionalmente-como-peru\/\" \/>\n<meta property=\"og:site_name\" content=\"Ub\u00e1 News\" \/>\n<meta property=\"article:publisher\" content=\"https:\/\/www.facebook.com\/Ub%c3%a1News-Carlos-Roberto-Sodr%c3%a9-418778301977370\" \/>\n<meta property=\"article:author\" content=\"https:\/\/www.facebook.com\/carosroberto.sodre.5\/\" \/>\n<meta property=\"article:published_time\" content=\"2018-09-05T13:43:03+00:00\" \/>\n<meta property=\"og:image\" content=\"https:\/\/ubanews.com\/site\/wp-content\/uploads\/2018\/09\/083.jpg\" \/>\n\t<meta property=\"og:image:width\" content=\"800\" \/>\n\t<meta property=\"og:image:height\" content=\"389\" \/>\n\t<meta property=\"og:image:type\" content=\"image\/jpeg\" \/>\n<meta name=\"author\" content=\"Sodr\u00e9\" \/>\n<meta name=\"twitter:card\" content=\"summary_large_image\" \/>\n<meta name=\"twitter:label1\" content=\"Escrito por\" \/>\n\t<meta name=\"twitter:data1\" content=\"Sodr\u00e9\" \/>\n\t<meta name=\"twitter:label2\" content=\"Est. tempo de leitura\" \/>\n\t<meta name=\"twitter:data2\" content=\"1 minuto\" \/>\n<script type=\"application\/ld+json\" class=\"yoast-schema-graph\">{\"@context\":\"https:\/\/schema.org\",\"@graph\":[{\"@type\":\"Article\",\"@id\":\"https:\/\/ubanews.com\/site\/2018\/09\/05\/policia-militar-aborda-autor-de-furto-de-uma-ave-conhecida-nacionalmente-como-peru\/#article\",\"isPartOf\":{\"@id\":\"https:\/\/ubanews.com\/site\/2018\/09\/05\/policia-militar-aborda-autor-de-furto-de-uma-ave-conhecida-nacionalmente-como-peru\/\"},\"author\":{\"name\":\"Sodr\u00e9\",\"@id\":\"https:\/\/ubanews.com\/site\/#\/schema\/person\/d90c9e47252fbb63dcc969fe4c8b9d10\"},\"headline\":\"Pol\u00edcia Militar aborda autor de furto de uma ave, conhecida nacionalmente como Peru\",\"datePublished\":\"2018-09-05T13:43:03+00:00\",\"mainEntityOfPage\":{\"@id\":\"https:\/\/ubanews.com\/site\/2018\/09\/05\/policia-militar-aborda-autor-de-furto-de-uma-ave-conhecida-nacionalmente-como-peru\/\"},\"wordCount\":198,\"commentCount\":0,\"publisher\":{\"@id\":\"https:\/\/ubanews.com\/site\/#organization\"},\"image\":{\"@id\":\"https:\/\/ubanews.com\/site\/2018\/09\/05\/policia-militar-aborda-autor-de-furto-de-uma-ave-conhecida-nacionalmente-como-peru\/#primaryimage\"},\"thumbnailUrl\":\"https:\/\/ubanews.com\/site\/wp-content\/uploads\/2018\/09\/083.jpg\",\"articleSection\":[\"S\u00edntese das Ocorr\u00eancias\"],\"inLanguage\":\"pt-BR\",\"potentialAction\":[{\"@type\":\"CommentAction\",\"name\":\"Comment\",\"target\":[\"https:\/\/ubanews.com\/site\/2018\/09\/05\/policia-militar-aborda-autor-de-furto-de-uma-ave-conhecida-nacionalmente-como-peru\/#respond\"]}]},{\"@type\":\"WebPage\",\"@id\":\"https:\/\/ubanews.com\/site\/2018\/09\/05\/policia-militar-aborda-autor-de-furto-de-uma-ave-conhecida-nacionalmente-como-peru\/\",\"url\":\"https:\/\/ubanews.com\/site\/2018\/09\/05\/policia-militar-aborda-autor-de-furto-de-uma-ave-conhecida-nacionalmente-como-peru\/\",\"name\":\"Pol\u00edcia Militar aborda autor de furto de uma ave, conhecida nacionalmente como Peru - Ub\u00e1 News\",\"isPartOf\":{\"@id\":\"https:\/\/ubanews.com\/site\/#website\"},\"primaryImageOfPage\":{\"@id\":\"https:\/\/ubanews.com\/site\/2018\/09\/05\/policia-militar-aborda-autor-de-furto-de-uma-ave-conhecida-nacionalmente-como-peru\/#primaryimage\"},\"image\":{\"@id\":\"https:\/\/ubanews.com\/site\/2018\/09\/05\/policia-militar-aborda-autor-de-furto-de-uma-ave-conhecida-nacionalmente-como-peru\/#primaryimage\"},\"thumbnailUrl\":\"https:\/\/ubanews.com\/site\/wp-content\/uploads\/2018\/09\/083.jpg\",\"datePublished\":\"2018-09-05T13:43:03+00:00\",\"breadcrumb\":{\"@id\":\"https:\/\/ubanews.com\/site\/2018\/09\/05\/policia-militar-aborda-autor-de-furto-de-uma-ave-conhecida-nacionalmente-como-peru\/#breadcrumb\"},\"inLanguage\":\"pt-BR\",\"potentialAction\":[{\"@type\":\"ReadAction\",\"target\":[\"https:\/\/ubanews.com\/site\/2018\/09\/05\/policia-militar-aborda-autor-de-furto-de-uma-ave-conhecida-nacionalmente-como-peru\/\"]}]},{\"@type\":\"ImageObject\",\"inLanguage\":\"pt-BR\",\"@id\":\"https:\/\/ubanews.com\/site\/2018\/09\/05\/policia-militar-aborda-autor-de-furto-de-uma-ave-conhecida-nacionalmente-como-peru\/#primaryimage\",\"url\":\"https:\/\/ubanews.com\/site\/wp-content\/uploads\/2018\/09\/083.jpg\",\"contentUrl\":\"https:\/\/ubanews.com\/site\/wp-content\/uploads\/2018\/09\/083.jpg\",\"width\":800,\"height\":389},{\"@type\":\"BreadcrumbList\",\"@id\":\"https:\/\/ubanews.com\/site\/2018\/09\/05\/policia-militar-aborda-autor-de-furto-de-uma-ave-conhecida-nacionalmente-como-peru\/#breadcrumb\",\"itemListElement\":[{\"@type\":\"ListItem\",\"position\":1,\"name\":\"Home\",\"item\":\"https:\/\/ubanews.com\/site\/\"},{\"@type\":\"ListItem\",\"position\":2,\"name\":\"Pol\u00edcia Militar aborda autor de furto de uma ave, conhecida nacionalmente como Peru\"}]},{\"@type\":\"WebSite\",\"@id\":\"https:\/\/ubanews.com\/site\/#website\",\"url\":\"https:\/\/ubanews.com\/site\/\",\"name\":\"Ub\u00e1 News\",\"description\":\"\",\"publisher\":{\"@id\":\"https:\/\/ubanews.com\/site\/#organization\"},\"potentialAction\":[{\"@type\":\"SearchAction\",\"target\":{\"@type\":\"EntryPoint\",\"urlTemplate\":\"https:\/\/ubanews.com\/site\/?s={search_term_string}\"},\"query-input\":{\"@type\":\"PropertyValueSpecification\",\"valueRequired\":true,\"valueName\":\"search_term_string\"}}],\"inLanguage\":\"pt-BR\"},{\"@type\":\"Organization\",\"@id\":\"https:\/\/ubanews.com\/site\/#organization\",\"name\":\"Ub\u00e1 News\",\"url\":\"https:\/\/ubanews.com\/site\/\",\"logo\":{\"@type\":\"ImageObject\",\"inLanguage\":\"pt-BR\",\"@id\":\"https:\/\/ubanews.com\/site\/#\/schema\/logo\/image\/\",\"url\":\"https:\/\/ubanews.com\/site\/wp-content\/uploads\/2018\/01\/logoubanews.png\",\"contentUrl\":\"https:\/\/ubanews.com\/site\/wp-content\/uploads\/2018\/01\/logoubanews.png\",\"width\":261,\"height\":99,\"caption\":\"Ub\u00e1 News\"},\"image\":{\"@id\":\"https:\/\/ubanews.com\/site\/#\/schema\/logo\/image\/\"},\"sameAs\":[\"https:\/\/www.facebook.com\/Ub\u00e1News-Carlos-Roberto-Sodr\u00e9-418778301977370\"]},{\"@type\":\"Person\",\"@id\":\"https:\/\/ubanews.com\/site\/#\/schema\/person\/d90c9e47252fbb63dcc969fe4c8b9d10\",\"name\":\"Sodr\u00e9\",\"image\":{\"@type\":\"ImageObject\",\"inLanguage\":\"pt-BR\",\"@id\":\"https:\/\/secure.gravatar.com\/avatar\/5ba2793f0590b9dbfad3fdec4ee714485b3eef211c9b32ee53d414060454a56c?s=96&d=mm&r=g\",\"url\":\"https:\/\/secure.gravatar.com\/avatar\/5ba2793f0590b9dbfad3fdec4ee714485b3eef211c9b32ee53d414060454a56c?s=96&d=mm&r=g\",\"contentUrl\":\"https:\/\/secure.gravatar.com\/avatar\/5ba2793f0590b9dbfad3fdec4ee714485b3eef211c9b32ee53d414060454a56c?s=96&d=mm&r=g\",\"caption\":\"Sodr\u00e9\"},\"sameAs\":[\"https:\/\/www.facebook.com\/carosroberto.sodre.5\/\"],\"url\":\"https:\/\/ubanews.com\/site\/author\/felipe\/\"}]}<\/script>\n<!-- \/ Yoast SEO plugin. -->","yoast_head_json":{"title":"Pol\u00edcia Militar aborda autor de furto de uma ave, conhecida nacionalmente como Peru - Ub\u00e1 News","robots":{"index":"index","follow":"follow","max-snippet":"max-snippet:-1","max-image-preview":"max-image-preview:large","max-video-preview":"max-video-preview:-1"},"canonical":"https:\/\/ubanews.com\/site\/2018\/09\/05\/policia-militar-aborda-autor-de-furto-de-uma-ave-conhecida-nacionalmente-como-peru\/","og_locale":"pt_BR","og_type":"article","og_title":"Pol\u00edcia Militar aborda autor de furto de uma ave, conhecida nacionalmente como Peru - Ub\u00e1 News","og_description":"No dia 04 de agosto \u00e0s 23h08min a Pol\u00edcia Militar","og_url":"https:\/\/ubanews.com\/site\/2018\/09\/05\/policia-militar-aborda-autor-de-furto-de-uma-ave-conhecida-nacionalmente-como-peru\/","og_site_name":"Ub\u00e1 News","article_publisher":"https:\/\/www.facebook.com\/Ub%c3%a1News-Carlos-Roberto-Sodr%c3%a9-418778301977370","article_author":"https:\/\/www.facebook.com\/carosroberto.sodre.5\/","article_published_time":"2018-09-05T13:43:03+00:00","og_image":[{"width":800,"height":389,"url":"https:\/\/ubanews.com\/site\/wp-content\/uploads\/2018\/09\/083.jpg","type":"image\/jpeg"}],"author":"Sodr\u00e9","twitter_card":"summary_large_image","twitter_misc":{"Escrito por":"Sodr\u00e9","Est. tempo de leitura":"1 minuto"},"schema":{"@context":"https:\/\/schema.org","@graph":[{"@type":"Article","@id":"https:\/\/ubanews.com\/site\/2018\/09\/05\/policia-militar-aborda-autor-de-furto-de-uma-ave-conhecida-nacionalmente-como-peru\/#article","isPartOf":{"@id":"https:\/\/ubanews.com\/site\/2018\/09\/05\/policia-militar-aborda-autor-de-furto-de-uma-ave-conhecida-nacionalmente-como-peru\/"},"author":{"name":"Sodr\u00e9","@id":"https:\/\/ubanews.com\/site\/#\/schema\/person\/d90c9e47252fbb63dcc969fe4c8b9d10"},"headline":"Pol\u00edcia Militar aborda autor de furto de uma ave, conhecida nacionalmente como Peru","datePublished":"2018-09-05T13:43:03+00:00","mainEntityOfPage":{"@id":"https:\/\/ubanews.com\/site\/2018\/09\/05\/policia-militar-aborda-autor-de-furto-de-uma-ave-conhecida-nacionalmente-como-peru\/"},"wordCount":198,"commentCount":0,"publisher":{"@id":"https:\/\/ubanews.com\/site\/#organization"},"image":{"@id":"https:\/\/ubanews.com\/site\/2018\/09\/05\/policia-militar-aborda-autor-de-furto-de-uma-ave-conhecida-nacionalmente-como-peru\/#primaryimage"},"thumbnailUrl":"https:\/\/ubanews.com\/site\/wp-content\/uploads\/2018\/09\/083.jpg","articleSection":["S\u00edntese das Ocorr\u00eancias"],"inLanguage":"pt-BR","potentialAction":[{"@type":"CommentAction","name":"Comment","target":["https:\/\/ubanews.com\/site\/2018\/09\/05\/policia-militar-aborda-autor-de-furto-de-uma-ave-conhecida-nacionalmente-como-peru\/#respond"]}]},{"@type":"WebPage","@id":"https:\/\/ubanews.com\/site\/2018\/09\/05\/policia-militar-aborda-autor-de-furto-de-uma-ave-conhecida-nacionalmente-como-peru\/","url":"https:\/\/ubanews.com\/site\/2018\/09\/05\/policia-militar-aborda-autor-de-furto-de-uma-ave-conhecida-nacionalmente-como-peru\/","name":"Pol\u00edcia Militar aborda autor de furto de uma ave, conhecida nacionalmente como Peru - Ub\u00e1 News","isPartOf":{"@id":"https:\/\/ubanews.com\/site\/#website"},"primaryImageOfPage":{"@id":"https:\/\/ubanews.com\/site\/2018\/09\/05\/policia-militar-aborda-autor-de-furto-de-uma-ave-conhecida-nacionalmente-como-peru\/#primaryimage"},"image":{"@id":"https:\/\/ubanews.com\/site\/2018\/09\/05\/policia-militar-aborda-autor-de-furto-de-uma-ave-conhecida-nacionalmente-como-peru\/#primaryimage"},"thumbnailUrl":"https:\/\/ubanews.com\/site\/wp-content\/uploads\/2018\/09\/083.jpg","datePublished":"2018-09-05T13:43:03+00:00","breadcrumb":{"@id":"https:\/\/ubanews.com\/site\/2018\/09\/05\/policia-militar-aborda-autor-de-furto-de-uma-ave-conhecida-nacionalmente-como-peru\/#breadcrumb"},"inLanguage":"pt-BR","potentialAction":[{"@type":"ReadAction","target":["https:\/\/ubanews.com\/site\/2018\/09\/05\/policia-militar-aborda-autor-de-furto-de-uma-ave-conhecida-nacionalmente-como-peru\/"]}]},{"@type":"ImageObject","inLanguage":"pt-BR","@id":"https:\/\/ubanews.com\/site\/2018\/09\/05\/policia-militar-aborda-autor-de-furto-de-uma-ave-conhecida-nacionalmente-como-peru\/#primaryimage","url":"https:\/\/ubanews.com\/site\/wp-content\/uploads\/2018\/09\/083.jpg","contentUrl":"https:\/\/ubanews.com\/site\/wp-content\/uploads\/2018\/09\/083.jpg","width":800,"height":389},{"@type":"BreadcrumbList","@id":"https:\/\/ubanews.com\/site\/2018\/09\/05\/policia-militar-aborda-autor-de-furto-de-uma-ave-conhecida-nacionalmente-como-peru\/#breadcrumb","itemListElement":[{"@type":"ListItem","position":1,"name":"Home","item":"https:\/\/ubanews.com\/site\/"},{"@type":"ListItem","position":2,"name":"Pol\u00edcia Militar aborda autor de furto de uma ave, conhecida nacionalmente como Peru"}]},{"@type":"WebSite","@id":"https:\/\/ubanews.com\/site\/#website","url":"https:\/\/ubanews.com\/site\/","name":"Ub\u00e1 News","description":"","publisher":{"@id":"https:\/\/ubanews.com\/site\/#organization"},"potentialAction":[{"@type":"SearchAction","target":{"@type":"EntryPoint","urlTemplate":"https:\/\/ubanews.com\/site\/?s={search_term_string}"},"query-input":{"@type":"PropertyValueSpecification","valueRequired":true,"valueName":"search_term_string"}}],"inLanguage":"pt-BR"},{"@type":"Organization","@id":"https:\/\/ubanews.com\/site\/#organization","name":"Ub\u00e1 News","url":"https:\/\/ubanews.com\/site\/","logo":{"@type":"ImageObject","inLanguage":"pt-BR","@id":"https:\/\/ubanews.com\/site\/#\/schema\/logo\/image\/","url":"https:\/\/ubanews.com\/site\/wp-content\/uploads\/2018\/01\/logoubanews.png","contentUrl":"https:\/\/ubanews.com\/site\/wp-content\/uploads\/2018\/01\/logoubanews.png","width":261,"height":99,"caption":"Ub\u00e1 News"},"image":{"@id":"https:\/\/ubanews.com\/site\/#\/schema\/logo\/image\/"},"sameAs":["https:\/\/www.facebook.com\/Ub\u00e1News-Carlos-Roberto-Sodr\u00e9-418778301977370"]},{"@type":"Person","@id":"https:\/\/ubanews.com\/site\/#\/schema\/person\/d90c9e47252fbb63dcc969fe4c8b9d10","name":"Sodr\u00e9","image":{"@type":"ImageObject","inLanguage":"pt-BR","@id":"https:\/\/secure.gravatar.com\/avatar\/5ba2793f0590b9dbfad3fdec4ee714485b3eef211c9b32ee53d414060454a56c?s=96&d=mm&r=g","url":"https:\/\/secure.gravatar.com\/avatar\/5ba2793f0590b9dbfad3fdec4ee714485b3eef211c9b32ee53d414060454a56c?s=96&d=mm&r=g","contentUrl":"https:\/\/secure.gravatar.com\/avatar\/5ba2793f0590b9dbfad3fdec4ee714485b3eef211c9b32ee53d414060454a56c?s=96&d=mm&r=g","caption":"Sodr\u00e9"},"sameAs":["https:\/\/www.facebook.com\/carosroberto.sodre.5\/"],"url":"https:\/\/ubanews.com\/site\/author\/felipe\/"}]}},"_links":{"self":[{"href":"https:\/\/ubanews.com\/site\/wp-json\/wp\/v2\/posts\/7225","targetHints":{"allow":["GET"]}}],"collection":[{"href":"https:\/\/ubanews.com\/site\/wp-json\/wp\/v2\/posts"}],"about":[{"href":"https:\/\/ubanews.com\/site\/wp-json\/wp\/v2\/types\/post"}],"author":[{"embeddable":true,"href":"https:\/\/ubanews.com\/site\/wp-json\/wp\/v2\/users\/2"}],"replies":[{"embeddable":true,"href":"https:\/\/ubanews.com\/site\/wp-json\/wp\/v2\/comments?post=7225"}],"version-history":[{"count":0,"href":"https:\/\/ubanews.com\/site\/wp-json\/wp\/v2\/posts\/7225\/revisions"}],"wp:featuredmedia":[{"embeddable":true,"href":"https:\/\/ubanews.com\/site\/wp-json\/wp\/v2\/media\/7226"}],"wp:attachment":[{"href":"https:\/\/ubanews.com\/site\/wp-json\/wp\/v2\/media?parent=7225"}],"wp:term":[{"taxonomy":"category","embeddable":true,"href":"https:\/\/ubanews.com\/site\/wp-json\/wp\/v2\/categories?post=7225"},{"taxonomy":"post_tag","embeddable":true,"href":"https:\/\/ubanews.com\/site\/wp-json\/wp\/v2\/tags?post=7225"}],"curies":[{"name":"wp","href":"https:\/\/api.w.org\/{rel}","templated":true}]}}