{"id":7196,"date":"2018-09-04T10:59:24","date_gmt":"2018-09-04T13:59:24","guid":{"rendered":"http:\/\/ubanews.com\/site\/?p=7196"},"modified":"2018-09-04T11:01:34","modified_gmt":"2018-09-04T14:01:34","slug":"homem-de-68-anos-e-preso-e-conduzido-para-delegacia-junto-com-substancia-entorpecente","status":"publish","type":"post","link":"https:\/\/ubanews.com\/site\/2018\/09\/04\/homem-de-68-anos-e-preso-e-conduzido-para-delegacia-junto-com-substancia-entorpecente\/","title":{"rendered":"Homem de 68 anos \u00e9 preso e conduzido para Delegacia junto com subst\u00e2ncia entorpecente"},"content":{"rendered":"<p>No dia 03 de setembro \u00e0s 14h59min a Pol\u00edcia Militar realizava patrulhamento pelo Bairro Rancho Verde, em Visconde do Rio Branco, quando os militares depararam com uma motoneta jogada ao canto da via, escorada em um barranco, fato que despertou a suspei\u00e7\u00e3o da Guarni\u00e7\u00e3o Policial. Os militares pararam para averiguar a situa\u00e7\u00e3o da motoneta, momento em que perceberam que um senhor abriu o port\u00e3o de sua resid\u00eancia, que fica em frente ao local de parada da viatura, e ap\u00f3s visualizar o que estava acontecendo ao perceber que se tratava de uma guarni\u00e7\u00e3o policial entrou apressadamente para sua resid\u00eancia, tamb\u00e9m despertando a suspei\u00e7\u00e3o dos militares.<\/p>\n<p><a href=\"https:\/\/ubanews.com\/site\/wp-content\/uploads\/2018\/08\/ELETRO-SENA-AUTOMOTIVA-2.jpg\"><img decoding=\"async\" class=\"alignnone wp-image-7016 size-full lazyload\" data-src=\"https:\/\/ubanews.com\/site\/wp-content\/uploads\/2018\/08\/ELETRO-SENA-AUTOMOTIVA-2.jpg\" alt=\"\" width=\"800\" height=\"264\" data-srcset=\"https:\/\/ubanews.com\/site\/wp-content\/uploads\/2018\/08\/ELETRO-SENA-AUTOMOTIVA-2.jpg 800w, https:\/\/ubanews.com\/site\/wp-content\/uploads\/2018\/08\/ELETRO-SENA-AUTOMOTIVA-2-300x99.jpg 300w, https:\/\/ubanews.com\/site\/wp-content\/uploads\/2018\/08\/ELETRO-SENA-AUTOMOTIVA-2-768x253.jpg 768w\" data-sizes=\"(max-width: 800px) 100vw, 800px\" src=\"data:image\/svg+xml;base64,PHN2ZyB3aWR0aD0iMSIgaGVpZ2h0PSIxIiB4bWxucz0iaHR0cDovL3d3dy53My5vcmcvMjAwMC9zdmciPjwvc3ZnPg==\" style=\"--smush-placeholder-width: 800px; --smush-placeholder-aspect-ratio: 800\/264;\" \/><\/a><\/p>\n<p>A guarni\u00e7\u00e3o policial adentrou na resid\u00eancia sendo poss\u00edvel ver de imediato, restos de um p\u00f3 branco an\u00e1logo a coca\u00edna sobre a mesa da sala, com isto os militares realizaram busca pessoal em Divino Vital de 68 anos, foi encontrado no bolso traseiro de sua cal\u00e7a 01 pino de subst\u00e2ncia an\u00e1loga a coca\u00edna. Diante disso os militares realizaram busca no im\u00f3vel onde encontraram na parte frontal da resid\u00eancia, mais por\u00e7\u00f5es de p\u00f3 esbranqui\u00e7ado an\u00e1logo a coca\u00edna, e no quintal, na parte traseira da resid\u00eancia, no encanamento de esgoto, foi encontrado uma por\u00e7\u00e3o de material esbranqui\u00e7ado an\u00e1logo a pasta base de subst\u00e2ncia an\u00e1loga a coca\u00edna.<\/p>\n<p>Divino Vital foi preso e conduzido at\u00e9 a Delegacia de Pol\u00edcia Civil com a subst\u00e2ncia entorpecente apreendida.<\/p>\n<p><strong>ASSESSORIA DE COMUNICA\u00c7\u00c3O ORGANIZACIONAL<\/strong><\/p>\n<p><strong><em>Vig\u00e9simo Primeiro Batalh\u00e3o de Pol\u00edcia Militar<\/em><\/strong><\/p>\n","protected":false},"excerpt":{"rendered":"<p>No dia 03 de setembro \u00e0s 14h59min a Pol\u00edcia Militar<\/p>\n","protected":false},"author":2,"featured_media":7199,"comment_status":"open","ping_status":"open","sticky":false,"template":"","format":"standard","meta":{"footnotes":""},"categories":[13],"tags":[],"class_list":["post-7196","post","type-post","status-publish","format-standard","has-post-thumbnail","hentry","category-sintese-das-ocorrencias"],"yoast_head":"<!-- This site is optimized with the Yoast SEO plugin v27.2 - https:\/\/yoast.com\/product\/yoast-seo-wordpress\/ -->\n<title>Homem de 68 anos \u00e9 preso e conduzido para Delegacia junto com subst\u00e2ncia entorpecente - Ub\u00e1 News<\/title>\n<meta name=\"robots\" content=\"index, follow, max-snippet:-1, max-image-preview:large, max-video-preview:-1\" \/>\n<link rel=\"canonical\" href=\"https:\/\/ubanews.com\/site\/2018\/09\/04\/homem-de-68-anos-e-preso-e-conduzido-para-delegacia-junto-com-substancia-entorpecente\/\" \/>\n<meta property=\"og:locale\" content=\"pt_BR\" \/>\n<meta property=\"og:type\" content=\"article\" \/>\n<meta property=\"og:title\" content=\"Homem de 68 anos \u00e9 preso e conduzido para Delegacia junto com subst\u00e2ncia entorpecente - Ub\u00e1 News\" \/>\n<meta property=\"og:description\" content=\"No dia 03 de setembro \u00e0s 14h59min a Pol\u00edcia Militar\" \/>\n<meta property=\"og:url\" content=\"https:\/\/ubanews.com\/site\/2018\/09\/04\/homem-de-68-anos-e-preso-e-conduzido-para-delegacia-junto-com-substancia-entorpecente\/\" \/>\n<meta property=\"og:site_name\" content=\"Ub\u00e1 News\" \/>\n<meta property=\"article:publisher\" content=\"https:\/\/www.facebook.com\/Ub%c3%a1News-Carlos-Roberto-Sodr%c3%a9-418778301977370\" \/>\n<meta property=\"article:author\" content=\"https:\/\/www.facebook.com\/carosroberto.sodre.5\/\" \/>\n<meta property=\"article:published_time\" content=\"2018-09-04T13:59:24+00:00\" \/>\n<meta property=\"article:modified_time\" content=\"2018-09-04T14:01:34+00:00\" \/>\n<meta property=\"og:image\" content=\"https:\/\/ubanews.com\/site\/wp-content\/uploads\/2018\/09\/078.jpg\" \/>\n\t<meta property=\"og:image:width\" content=\"800\" \/>\n\t<meta property=\"og:image:height\" content=\"389\" \/>\n\t<meta property=\"og:image:type\" content=\"image\/jpeg\" \/>\n<meta name=\"author\" content=\"Sodr\u00e9\" \/>\n<meta name=\"twitter:card\" content=\"summary_large_image\" \/>\n<meta name=\"twitter:label1\" content=\"Escrito por\" \/>\n\t<meta name=\"twitter:data1\" content=\"Sodr\u00e9\" \/>\n\t<meta name=\"twitter:label2\" content=\"Est. tempo de leitura\" \/>\n\t<meta name=\"twitter:data2\" content=\"1 minuto\" \/>\n<script type=\"application\/ld+json\" class=\"yoast-schema-graph\">{\"@context\":\"https:\/\/schema.org\",\"@graph\":[{\"@type\":\"Article\",\"@id\":\"https:\/\/ubanews.com\/site\/2018\/09\/04\/homem-de-68-anos-e-preso-e-conduzido-para-delegacia-junto-com-substancia-entorpecente\/#article\",\"isPartOf\":{\"@id\":\"https:\/\/ubanews.com\/site\/2018\/09\/04\/homem-de-68-anos-e-preso-e-conduzido-para-delegacia-junto-com-substancia-entorpecente\/\"},\"author\":{\"name\":\"Sodr\u00e9\",\"@id\":\"https:\/\/ubanews.com\/site\/#\/schema\/person\/d90c9e47252fbb63dcc969fe4c8b9d10\"},\"headline\":\"Homem de 68 anos \u00e9 preso e conduzido para Delegacia junto com subst\u00e2ncia entorpecente\",\"datePublished\":\"2018-09-04T13:59:24+00:00\",\"dateModified\":\"2018-09-04T14:01:34+00:00\",\"mainEntityOfPage\":{\"@id\":\"https:\/\/ubanews.com\/site\/2018\/09\/04\/homem-de-68-anos-e-preso-e-conduzido-para-delegacia-junto-com-substancia-entorpecente\/\"},\"wordCount\":284,\"commentCount\":0,\"publisher\":{\"@id\":\"https:\/\/ubanews.com\/site\/#organization\"},\"image\":{\"@id\":\"https:\/\/ubanews.com\/site\/2018\/09\/04\/homem-de-68-anos-e-preso-e-conduzido-para-delegacia-junto-com-substancia-entorpecente\/#primaryimage\"},\"thumbnailUrl\":\"https:\/\/ubanews.com\/site\/wp-content\/uploads\/2018\/09\/078.jpg\",\"articleSection\":[\"S\u00edntese das Ocorr\u00eancias\"],\"inLanguage\":\"pt-BR\",\"potentialAction\":[{\"@type\":\"CommentAction\",\"name\":\"Comment\",\"target\":[\"https:\/\/ubanews.com\/site\/2018\/09\/04\/homem-de-68-anos-e-preso-e-conduzido-para-delegacia-junto-com-substancia-entorpecente\/#respond\"]}]},{\"@type\":\"WebPage\",\"@id\":\"https:\/\/ubanews.com\/site\/2018\/09\/04\/homem-de-68-anos-e-preso-e-conduzido-para-delegacia-junto-com-substancia-entorpecente\/\",\"url\":\"https:\/\/ubanews.com\/site\/2018\/09\/04\/homem-de-68-anos-e-preso-e-conduzido-para-delegacia-junto-com-substancia-entorpecente\/\",\"name\":\"Homem de 68 anos \u00e9 preso e conduzido para Delegacia junto com subst\u00e2ncia entorpecente - Ub\u00e1 News\",\"isPartOf\":{\"@id\":\"https:\/\/ubanews.com\/site\/#website\"},\"primaryImageOfPage\":{\"@id\":\"https:\/\/ubanews.com\/site\/2018\/09\/04\/homem-de-68-anos-e-preso-e-conduzido-para-delegacia-junto-com-substancia-entorpecente\/#primaryimage\"},\"image\":{\"@id\":\"https:\/\/ubanews.com\/site\/2018\/09\/04\/homem-de-68-anos-e-preso-e-conduzido-para-delegacia-junto-com-substancia-entorpecente\/#primaryimage\"},\"thumbnailUrl\":\"https:\/\/ubanews.com\/site\/wp-content\/uploads\/2018\/09\/078.jpg\",\"datePublished\":\"2018-09-04T13:59:24+00:00\",\"dateModified\":\"2018-09-04T14:01:34+00:00\",\"breadcrumb\":{\"@id\":\"https:\/\/ubanews.com\/site\/2018\/09\/04\/homem-de-68-anos-e-preso-e-conduzido-para-delegacia-junto-com-substancia-entorpecente\/#breadcrumb\"},\"inLanguage\":\"pt-BR\",\"potentialAction\":[{\"@type\":\"ReadAction\",\"target\":[\"https:\/\/ubanews.com\/site\/2018\/09\/04\/homem-de-68-anos-e-preso-e-conduzido-para-delegacia-junto-com-substancia-entorpecente\/\"]}]},{\"@type\":\"ImageObject\",\"inLanguage\":\"pt-BR\",\"@id\":\"https:\/\/ubanews.com\/site\/2018\/09\/04\/homem-de-68-anos-e-preso-e-conduzido-para-delegacia-junto-com-substancia-entorpecente\/#primaryimage\",\"url\":\"https:\/\/ubanews.com\/site\/wp-content\/uploads\/2018\/09\/078.jpg\",\"contentUrl\":\"https:\/\/ubanews.com\/site\/wp-content\/uploads\/2018\/09\/078.jpg\",\"width\":800,\"height\":389},{\"@type\":\"BreadcrumbList\",\"@id\":\"https:\/\/ubanews.com\/site\/2018\/09\/04\/homem-de-68-anos-e-preso-e-conduzido-para-delegacia-junto-com-substancia-entorpecente\/#breadcrumb\",\"itemListElement\":[{\"@type\":\"ListItem\",\"position\":1,\"name\":\"Home\",\"item\":\"https:\/\/ubanews.com\/site\/\"},{\"@type\":\"ListItem\",\"position\":2,\"name\":\"Homem de 68 anos \u00e9 preso e conduzido para Delegacia junto com subst\u00e2ncia entorpecente\"}]},{\"@type\":\"WebSite\",\"@id\":\"https:\/\/ubanews.com\/site\/#website\",\"url\":\"https:\/\/ubanews.com\/site\/\",\"name\":\"Ub\u00e1 News\",\"description\":\"\",\"publisher\":{\"@id\":\"https:\/\/ubanews.com\/site\/#organization\"},\"potentialAction\":[{\"@type\":\"SearchAction\",\"target\":{\"@type\":\"EntryPoint\",\"urlTemplate\":\"https:\/\/ubanews.com\/site\/?s={search_term_string}\"},\"query-input\":{\"@type\":\"PropertyValueSpecification\",\"valueRequired\":true,\"valueName\":\"search_term_string\"}}],\"inLanguage\":\"pt-BR\"},{\"@type\":\"Organization\",\"@id\":\"https:\/\/ubanews.com\/site\/#organization\",\"name\":\"Ub\u00e1 News\",\"url\":\"https:\/\/ubanews.com\/site\/\",\"logo\":{\"@type\":\"ImageObject\",\"inLanguage\":\"pt-BR\",\"@id\":\"https:\/\/ubanews.com\/site\/#\/schema\/logo\/image\/\",\"url\":\"https:\/\/ubanews.com\/site\/wp-content\/uploads\/2018\/01\/logoubanews.png\",\"contentUrl\":\"https:\/\/ubanews.com\/site\/wp-content\/uploads\/2018\/01\/logoubanews.png\",\"width\":261,\"height\":99,\"caption\":\"Ub\u00e1 News\"},\"image\":{\"@id\":\"https:\/\/ubanews.com\/site\/#\/schema\/logo\/image\/\"},\"sameAs\":[\"https:\/\/www.facebook.com\/Ub\u00e1News-Carlos-Roberto-Sodr\u00e9-418778301977370\"]},{\"@type\":\"Person\",\"@id\":\"https:\/\/ubanews.com\/site\/#\/schema\/person\/d90c9e47252fbb63dcc969fe4c8b9d10\",\"name\":\"Sodr\u00e9\",\"image\":{\"@type\":\"ImageObject\",\"inLanguage\":\"pt-BR\",\"@id\":\"https:\/\/secure.gravatar.com\/avatar\/5ba2793f0590b9dbfad3fdec4ee714485b3eef211c9b32ee53d414060454a56c?s=96&d=mm&r=g\",\"url\":\"https:\/\/secure.gravatar.com\/avatar\/5ba2793f0590b9dbfad3fdec4ee714485b3eef211c9b32ee53d414060454a56c?s=96&d=mm&r=g\",\"contentUrl\":\"https:\/\/secure.gravatar.com\/avatar\/5ba2793f0590b9dbfad3fdec4ee714485b3eef211c9b32ee53d414060454a56c?s=96&d=mm&r=g\",\"caption\":\"Sodr\u00e9\"},\"sameAs\":[\"https:\/\/www.facebook.com\/carosroberto.sodre.5\/\"],\"url\":\"https:\/\/ubanews.com\/site\/author\/felipe\/\"}]}<\/script>\n<!-- \/ Yoast SEO plugin. -->","yoast_head_json":{"title":"Homem de 68 anos \u00e9 preso e conduzido para Delegacia junto com subst\u00e2ncia entorpecente - Ub\u00e1 News","robots":{"index":"index","follow":"follow","max-snippet":"max-snippet:-1","max-image-preview":"max-image-preview:large","max-video-preview":"max-video-preview:-1"},"canonical":"https:\/\/ubanews.com\/site\/2018\/09\/04\/homem-de-68-anos-e-preso-e-conduzido-para-delegacia-junto-com-substancia-entorpecente\/","og_locale":"pt_BR","og_type":"article","og_title":"Homem de 68 anos \u00e9 preso e conduzido para Delegacia junto com subst\u00e2ncia entorpecente - Ub\u00e1 News","og_description":"No dia 03 de setembro \u00e0s 14h59min a Pol\u00edcia Militar","og_url":"https:\/\/ubanews.com\/site\/2018\/09\/04\/homem-de-68-anos-e-preso-e-conduzido-para-delegacia-junto-com-substancia-entorpecente\/","og_site_name":"Ub\u00e1 News","article_publisher":"https:\/\/www.facebook.com\/Ub%c3%a1News-Carlos-Roberto-Sodr%c3%a9-418778301977370","article_author":"https:\/\/www.facebook.com\/carosroberto.sodre.5\/","article_published_time":"2018-09-04T13:59:24+00:00","article_modified_time":"2018-09-04T14:01:34+00:00","og_image":[{"width":800,"height":389,"url":"https:\/\/ubanews.com\/site\/wp-content\/uploads\/2018\/09\/078.jpg","type":"image\/jpeg"}],"author":"Sodr\u00e9","twitter_card":"summary_large_image","twitter_misc":{"Escrito por":"Sodr\u00e9","Est. tempo de leitura":"1 minuto"},"schema":{"@context":"https:\/\/schema.org","@graph":[{"@type":"Article","@id":"https:\/\/ubanews.com\/site\/2018\/09\/04\/homem-de-68-anos-e-preso-e-conduzido-para-delegacia-junto-com-substancia-entorpecente\/#article","isPartOf":{"@id":"https:\/\/ubanews.com\/site\/2018\/09\/04\/homem-de-68-anos-e-preso-e-conduzido-para-delegacia-junto-com-substancia-entorpecente\/"},"author":{"name":"Sodr\u00e9","@id":"https:\/\/ubanews.com\/site\/#\/schema\/person\/d90c9e47252fbb63dcc969fe4c8b9d10"},"headline":"Homem de 68 anos \u00e9 preso e conduzido para Delegacia junto com subst\u00e2ncia entorpecente","datePublished":"2018-09-04T13:59:24+00:00","dateModified":"2018-09-04T14:01:34+00:00","mainEntityOfPage":{"@id":"https:\/\/ubanews.com\/site\/2018\/09\/04\/homem-de-68-anos-e-preso-e-conduzido-para-delegacia-junto-com-substancia-entorpecente\/"},"wordCount":284,"commentCount":0,"publisher":{"@id":"https:\/\/ubanews.com\/site\/#organization"},"image":{"@id":"https:\/\/ubanews.com\/site\/2018\/09\/04\/homem-de-68-anos-e-preso-e-conduzido-para-delegacia-junto-com-substancia-entorpecente\/#primaryimage"},"thumbnailUrl":"https:\/\/ubanews.com\/site\/wp-content\/uploads\/2018\/09\/078.jpg","articleSection":["S\u00edntese das Ocorr\u00eancias"],"inLanguage":"pt-BR","potentialAction":[{"@type":"CommentAction","name":"Comment","target":["https:\/\/ubanews.com\/site\/2018\/09\/04\/homem-de-68-anos-e-preso-e-conduzido-para-delegacia-junto-com-substancia-entorpecente\/#respond"]}]},{"@type":"WebPage","@id":"https:\/\/ubanews.com\/site\/2018\/09\/04\/homem-de-68-anos-e-preso-e-conduzido-para-delegacia-junto-com-substancia-entorpecente\/","url":"https:\/\/ubanews.com\/site\/2018\/09\/04\/homem-de-68-anos-e-preso-e-conduzido-para-delegacia-junto-com-substancia-entorpecente\/","name":"Homem de 68 anos \u00e9 preso e conduzido para Delegacia junto com subst\u00e2ncia entorpecente - Ub\u00e1 News","isPartOf":{"@id":"https:\/\/ubanews.com\/site\/#website"},"primaryImageOfPage":{"@id":"https:\/\/ubanews.com\/site\/2018\/09\/04\/homem-de-68-anos-e-preso-e-conduzido-para-delegacia-junto-com-substancia-entorpecente\/#primaryimage"},"image":{"@id":"https:\/\/ubanews.com\/site\/2018\/09\/04\/homem-de-68-anos-e-preso-e-conduzido-para-delegacia-junto-com-substancia-entorpecente\/#primaryimage"},"thumbnailUrl":"https:\/\/ubanews.com\/site\/wp-content\/uploads\/2018\/09\/078.jpg","datePublished":"2018-09-04T13:59:24+00:00","dateModified":"2018-09-04T14:01:34+00:00","breadcrumb":{"@id":"https:\/\/ubanews.com\/site\/2018\/09\/04\/homem-de-68-anos-e-preso-e-conduzido-para-delegacia-junto-com-substancia-entorpecente\/#breadcrumb"},"inLanguage":"pt-BR","potentialAction":[{"@type":"ReadAction","target":["https:\/\/ubanews.com\/site\/2018\/09\/04\/homem-de-68-anos-e-preso-e-conduzido-para-delegacia-junto-com-substancia-entorpecente\/"]}]},{"@type":"ImageObject","inLanguage":"pt-BR","@id":"https:\/\/ubanews.com\/site\/2018\/09\/04\/homem-de-68-anos-e-preso-e-conduzido-para-delegacia-junto-com-substancia-entorpecente\/#primaryimage","url":"https:\/\/ubanews.com\/site\/wp-content\/uploads\/2018\/09\/078.jpg","contentUrl":"https:\/\/ubanews.com\/site\/wp-content\/uploads\/2018\/09\/078.jpg","width":800,"height":389},{"@type":"BreadcrumbList","@id":"https:\/\/ubanews.com\/site\/2018\/09\/04\/homem-de-68-anos-e-preso-e-conduzido-para-delegacia-junto-com-substancia-entorpecente\/#breadcrumb","itemListElement":[{"@type":"ListItem","position":1,"name":"Home","item":"https:\/\/ubanews.com\/site\/"},{"@type":"ListItem","position":2,"name":"Homem de 68 anos \u00e9 preso e conduzido para Delegacia junto com subst\u00e2ncia entorpecente"}]},{"@type":"WebSite","@id":"https:\/\/ubanews.com\/site\/#website","url":"https:\/\/ubanews.com\/site\/","name":"Ub\u00e1 News","description":"","publisher":{"@id":"https:\/\/ubanews.com\/site\/#organization"},"potentialAction":[{"@type":"SearchAction","target":{"@type":"EntryPoint","urlTemplate":"https:\/\/ubanews.com\/site\/?s={search_term_string}"},"query-input":{"@type":"PropertyValueSpecification","valueRequired":true,"valueName":"search_term_string"}}],"inLanguage":"pt-BR"},{"@type":"Organization","@id":"https:\/\/ubanews.com\/site\/#organization","name":"Ub\u00e1 News","url":"https:\/\/ubanews.com\/site\/","logo":{"@type":"ImageObject","inLanguage":"pt-BR","@id":"https:\/\/ubanews.com\/site\/#\/schema\/logo\/image\/","url":"https:\/\/ubanews.com\/site\/wp-content\/uploads\/2018\/01\/logoubanews.png","contentUrl":"https:\/\/ubanews.com\/site\/wp-content\/uploads\/2018\/01\/logoubanews.png","width":261,"height":99,"caption":"Ub\u00e1 News"},"image":{"@id":"https:\/\/ubanews.com\/site\/#\/schema\/logo\/image\/"},"sameAs":["https:\/\/www.facebook.com\/Ub\u00e1News-Carlos-Roberto-Sodr\u00e9-418778301977370"]},{"@type":"Person","@id":"https:\/\/ubanews.com\/site\/#\/schema\/person\/d90c9e47252fbb63dcc969fe4c8b9d10","name":"Sodr\u00e9","image":{"@type":"ImageObject","inLanguage":"pt-BR","@id":"https:\/\/secure.gravatar.com\/avatar\/5ba2793f0590b9dbfad3fdec4ee714485b3eef211c9b32ee53d414060454a56c?s=96&d=mm&r=g","url":"https:\/\/secure.gravatar.com\/avatar\/5ba2793f0590b9dbfad3fdec4ee714485b3eef211c9b32ee53d414060454a56c?s=96&d=mm&r=g","contentUrl":"https:\/\/secure.gravatar.com\/avatar\/5ba2793f0590b9dbfad3fdec4ee714485b3eef211c9b32ee53d414060454a56c?s=96&d=mm&r=g","caption":"Sodr\u00e9"},"sameAs":["https:\/\/www.facebook.com\/carosroberto.sodre.5\/"],"url":"https:\/\/ubanews.com\/site\/author\/felipe\/"}]}},"_links":{"self":[{"href":"https:\/\/ubanews.com\/site\/wp-json\/wp\/v2\/posts\/7196","targetHints":{"allow":["GET"]}}],"collection":[{"href":"https:\/\/ubanews.com\/site\/wp-json\/wp\/v2\/posts"}],"about":[{"href":"https:\/\/ubanews.com\/site\/wp-json\/wp\/v2\/types\/post"}],"author":[{"embeddable":true,"href":"https:\/\/ubanews.com\/site\/wp-json\/wp\/v2\/users\/2"}],"replies":[{"embeddable":true,"href":"https:\/\/ubanews.com\/site\/wp-json\/wp\/v2\/comments?post=7196"}],"version-history":[{"count":0,"href":"https:\/\/ubanews.com\/site\/wp-json\/wp\/v2\/posts\/7196\/revisions"}],"wp:featuredmedia":[{"embeddable":true,"href":"https:\/\/ubanews.com\/site\/wp-json\/wp\/v2\/media\/7199"}],"wp:attachment":[{"href":"https:\/\/ubanews.com\/site\/wp-json\/wp\/v2\/media?parent=7196"}],"wp:term":[{"taxonomy":"category","embeddable":true,"href":"https:\/\/ubanews.com\/site\/wp-json\/wp\/v2\/categories?post=7196"},{"taxonomy":"post_tag","embeddable":true,"href":"https:\/\/ubanews.com\/site\/wp-json\/wp\/v2\/tags?post=7196"}],"curies":[{"name":"wp","href":"https:\/\/api.w.org\/{rel}","templated":true}]}}