{"id":7190,"date":"2018-09-04T09:34:43","date_gmt":"2018-09-04T12:34:43","guid":{"rendered":"http:\/\/ubanews.com\/site\/?p=7190"},"modified":"2018-09-15T20:00:22","modified_gmt":"2018-09-15T23:00:22","slug":"presidente-do-conselho-penitenciario-nega-as-acusacoes-mas-admite-superlotacao","status":"publish","type":"post","link":"https:\/\/ubanews.com\/site\/2018\/09\/04\/presidente-do-conselho-penitenciario-nega-as-acusacoes-mas-admite-superlotacao\/","title":{"rendered":"Presidente do Conselho Penitenci\u00e1rio nega as acusa\u00e7\u00f5es mas admite superlota\u00e7\u00e3o"},"content":{"rendered":"<p>O presidente do Conselho Penitenci\u00e1rio do Pres\u00eddio de Ub\u00e1, Miguel Arcanjo de Paula Batista conversou com a equipe do <strong><a href=\"http:\/\/www.ubanews.com\">Ub\u00e1 News<\/a><\/strong> e se manifestou sobre as <strong><a href=\"https:\/\/ubanews.com\/site\/2018\/09\/02\/mulher-denuncia-presidio-de-uba\/\">den\u00fancias apresentadas, anonimamente, por uma mulher de 48 anos<\/a><\/strong>, moradora da cidade de Ub\u00e1. Apesar de negar as acusa\u00e7\u00f5es da denunciante, Miguel admite alguns problemas dentro do pres\u00eddio como superlota\u00e7\u00e3o, por exemplo.<\/p>\n<p><a href=\"https:\/\/ubanews.com\/site\/wp-content\/uploads\/2018\/08\/ELETRO-SENA-AUTOMOTIVA-2.jpg\"><img decoding=\"async\" class=\"alignnone wp-image-7016 size-full lazyload\" data-src=\"https:\/\/ubanews.com\/site\/wp-content\/uploads\/2018\/08\/ELETRO-SENA-AUTOMOTIVA-2.jpg\" alt=\"\" width=\"800\" height=\"264\" data-srcset=\"https:\/\/ubanews.com\/site\/wp-content\/uploads\/2018\/08\/ELETRO-SENA-AUTOMOTIVA-2.jpg 800w, https:\/\/ubanews.com\/site\/wp-content\/uploads\/2018\/08\/ELETRO-SENA-AUTOMOTIVA-2-300x99.jpg 300w, https:\/\/ubanews.com\/site\/wp-content\/uploads\/2018\/08\/ELETRO-SENA-AUTOMOTIVA-2-768x253.jpg 768w\" data-sizes=\"(max-width: 800px) 100vw, 800px\" src=\"data:image\/svg+xml;base64,PHN2ZyB3aWR0aD0iMSIgaGVpZ2h0PSIxIiB4bWxucz0iaHR0cDovL3d3dy53My5vcmcvMjAwMC9zdmciPjwvc3ZnPg==\" style=\"--smush-placeholder-width: 800px; --smush-placeholder-aspect-ratio: 800\/264;\" \/><\/a><\/p>\n<p>Quanto \u00e0 acusa\u00e7\u00e3o de \u00e1gua na comida, Miguel explicou que \u00e9 natural, a comida uma vez colocada quente na vasilha com a coloca\u00e7\u00e3o da tampa, \u00e9 inevit\u00e1vel mais tarde uma pequena quantidade de \u00e1gua gerada pelo vapor, corra para dentro da vasilha. Prova disso \u00e9 que nenhum deles foi parar no hospital. Miguel ressaltou que n\u00e3o existe nenhuma possibilidade de ter chegado carne estragada para os detentos.&nbsp; Sobre as roupas, ele disse que a responsabilidade \u00e9 e sempre foi do estado, por\u00e9m como o estado \u00e0s vezes falta alguma coisa, os coordenadores do pres\u00eddio pedem aos familiares apoio no sentido de suprir objetos como roupas, por exemplo. Com rela\u00e7\u00e3o aos medicamentos, citados na entrevista. Miguel disse que h\u00e1 um controle rigoroso na entrada de qualquer tipo de rem\u00e9dio, por raz\u00f5es \u00f3bvias. A acusa\u00e7\u00e3o associou mortes ao pres\u00eddio. Miguel disse que mortes de detentos pode at\u00e9 existir, por\u00e9m os motivos v\u00eam l\u00e1 de fora. \u00c0s vezes o preso chega com les\u00f5es. Por tiros ou por outros objetos. Se segue para o hospital e morre, o pres\u00eddio n\u00e3o pode ser responsabilizado.<\/p>\n<p><strong>Confira no v\u00eddeo abaixo.<\/strong><\/p>\n<p><iframe data-src=\"https:\/\/www.youtube.com\/embed\/SgibRaCNYiA\" width=\"560\" height=\"315\" frameborder=\"0\" allowfullscreen=\"allowfullscreen\" src=\"data:image\/svg+xml;base64,PHN2ZyB3aWR0aD0iMSIgaGVpZ2h0PSIxIiB4bWxucz0iaHR0cDovL3d3dy53My5vcmcvMjAwMC9zdmciPjwvc3ZnPg==\" class=\"lazyload\" data-load-mode=\"1\"><\/iframe>&nbsp;<\/p>\n","protected":false},"excerpt":{"rendered":"<p>O presidente do Conselho Penitenci\u00e1rio do Pres\u00eddio de Ub\u00e1, Miguel<\/p>\n","protected":false},"author":2,"featured_media":7191,"comment_status":"open","ping_status":"open","sticky":false,"template":"","format":"standard","meta":{"footnotes":""},"categories":[1],"tags":[],"class_list":["post-7190","post","type-post","status-publish","format-standard","has-post-thumbnail","hentry","category-sem-categoria"],"yoast_head":"<!-- This site is optimized with the Yoast SEO plugin v27.2 - https:\/\/yoast.com\/product\/yoast-seo-wordpress\/ -->\n<title>Presidente do Conselho Penitenci\u00e1rio nega as acusa\u00e7\u00f5es mas admite superlota\u00e7\u00e3o - Ub\u00e1 News<\/title>\n<meta name=\"robots\" content=\"index, follow, max-snippet:-1, max-image-preview:large, max-video-preview:-1\" \/>\n<link rel=\"canonical\" href=\"https:\/\/ubanews.com\/site\/2018\/09\/04\/presidente-do-conselho-penitenciario-nega-as-acusacoes-mas-admite-superlotacao\/\" \/>\n<meta property=\"og:locale\" content=\"pt_BR\" \/>\n<meta property=\"og:type\" content=\"article\" \/>\n<meta property=\"og:title\" content=\"Presidente do Conselho Penitenci\u00e1rio nega as acusa\u00e7\u00f5es mas admite superlota\u00e7\u00e3o - Ub\u00e1 News\" \/>\n<meta property=\"og:description\" content=\"O presidente do Conselho Penitenci\u00e1rio do Pres\u00eddio de Ub\u00e1, Miguel\" \/>\n<meta property=\"og:url\" content=\"https:\/\/ubanews.com\/site\/2018\/09\/04\/presidente-do-conselho-penitenciario-nega-as-acusacoes-mas-admite-superlotacao\/\" \/>\n<meta property=\"og:site_name\" content=\"Ub\u00e1 News\" \/>\n<meta property=\"article:publisher\" content=\"https:\/\/www.facebook.com\/Ub%c3%a1News-Carlos-Roberto-Sodr%c3%a9-418778301977370\" \/>\n<meta property=\"article:author\" content=\"https:\/\/www.facebook.com\/carosroberto.sodre.5\/\" \/>\n<meta property=\"article:published_time\" content=\"2018-09-04T12:34:43+00:00\" \/>\n<meta property=\"article:modified_time\" content=\"2018-09-15T23:00:22+00:00\" \/>\n<meta property=\"og:image\" content=\"https:\/\/ubanews.com\/site\/wp-content\/uploads\/2018\/09\/Presidio.jpg\" \/>\n\t<meta property=\"og:image:width\" content=\"800\" \/>\n\t<meta property=\"og:image:height\" content=\"389\" \/>\n\t<meta property=\"og:image:type\" content=\"image\/jpeg\" \/>\n<meta name=\"author\" content=\"Sodr\u00e9\" \/>\n<meta name=\"twitter:card\" content=\"summary_large_image\" \/>\n<meta name=\"twitter:label1\" content=\"Escrito por\" \/>\n\t<meta name=\"twitter:data1\" content=\"Sodr\u00e9\" \/>\n\t<meta name=\"twitter:label2\" content=\"Est. tempo de leitura\" \/>\n\t<meta name=\"twitter:data2\" content=\"1 minuto\" \/>\n<script type=\"application\/ld+json\" class=\"yoast-schema-graph\">{\"@context\":\"https:\/\/schema.org\",\"@graph\":[{\"@type\":\"Article\",\"@id\":\"https:\/\/ubanews.com\/site\/2018\/09\/04\/presidente-do-conselho-penitenciario-nega-as-acusacoes-mas-admite-superlotacao\/#article\",\"isPartOf\":{\"@id\":\"https:\/\/ubanews.com\/site\/2018\/09\/04\/presidente-do-conselho-penitenciario-nega-as-acusacoes-mas-admite-superlotacao\/\"},\"author\":{\"name\":\"Sodr\u00e9\",\"@id\":\"https:\/\/ubanews.com\/site\/#\/schema\/person\/d90c9e47252fbb63dcc969fe4c8b9d10\"},\"headline\":\"Presidente do Conselho Penitenci\u00e1rio nega as acusa\u00e7\u00f5es mas admite superlota\u00e7\u00e3o\",\"datePublished\":\"2018-09-04T12:34:43+00:00\",\"dateModified\":\"2018-09-15T23:00:22+00:00\",\"mainEntityOfPage\":{\"@id\":\"https:\/\/ubanews.com\/site\/2018\/09\/04\/presidente-do-conselho-penitenciario-nega-as-acusacoes-mas-admite-superlotacao\/\"},\"wordCount\":273,\"commentCount\":0,\"publisher\":{\"@id\":\"https:\/\/ubanews.com\/site\/#organization\"},\"image\":{\"@id\":\"https:\/\/ubanews.com\/site\/2018\/09\/04\/presidente-do-conselho-penitenciario-nega-as-acusacoes-mas-admite-superlotacao\/#primaryimage\"},\"thumbnailUrl\":\"https:\/\/ubanews.com\/site\/wp-content\/uploads\/2018\/09\/Presidio.jpg\",\"articleSection\":[\"Geral\"],\"inLanguage\":\"pt-BR\",\"potentialAction\":[{\"@type\":\"CommentAction\",\"name\":\"Comment\",\"target\":[\"https:\/\/ubanews.com\/site\/2018\/09\/04\/presidente-do-conselho-penitenciario-nega-as-acusacoes-mas-admite-superlotacao\/#respond\"]}]},{\"@type\":\"WebPage\",\"@id\":\"https:\/\/ubanews.com\/site\/2018\/09\/04\/presidente-do-conselho-penitenciario-nega-as-acusacoes-mas-admite-superlotacao\/\",\"url\":\"https:\/\/ubanews.com\/site\/2018\/09\/04\/presidente-do-conselho-penitenciario-nega-as-acusacoes-mas-admite-superlotacao\/\",\"name\":\"Presidente do Conselho Penitenci\u00e1rio nega as acusa\u00e7\u00f5es mas admite superlota\u00e7\u00e3o - Ub\u00e1 News\",\"isPartOf\":{\"@id\":\"https:\/\/ubanews.com\/site\/#website\"},\"primaryImageOfPage\":{\"@id\":\"https:\/\/ubanews.com\/site\/2018\/09\/04\/presidente-do-conselho-penitenciario-nega-as-acusacoes-mas-admite-superlotacao\/#primaryimage\"},\"image\":{\"@id\":\"https:\/\/ubanews.com\/site\/2018\/09\/04\/presidente-do-conselho-penitenciario-nega-as-acusacoes-mas-admite-superlotacao\/#primaryimage\"},\"thumbnailUrl\":\"https:\/\/ubanews.com\/site\/wp-content\/uploads\/2018\/09\/Presidio.jpg\",\"datePublished\":\"2018-09-04T12:34:43+00:00\",\"dateModified\":\"2018-09-15T23:00:22+00:00\",\"breadcrumb\":{\"@id\":\"https:\/\/ubanews.com\/site\/2018\/09\/04\/presidente-do-conselho-penitenciario-nega-as-acusacoes-mas-admite-superlotacao\/#breadcrumb\"},\"inLanguage\":\"pt-BR\",\"potentialAction\":[{\"@type\":\"ReadAction\",\"target\":[\"https:\/\/ubanews.com\/site\/2018\/09\/04\/presidente-do-conselho-penitenciario-nega-as-acusacoes-mas-admite-superlotacao\/\"]}]},{\"@type\":\"ImageObject\",\"inLanguage\":\"pt-BR\",\"@id\":\"https:\/\/ubanews.com\/site\/2018\/09\/04\/presidente-do-conselho-penitenciario-nega-as-acusacoes-mas-admite-superlotacao\/#primaryimage\",\"url\":\"https:\/\/ubanews.com\/site\/wp-content\/uploads\/2018\/09\/Presidio.jpg\",\"contentUrl\":\"https:\/\/ubanews.com\/site\/wp-content\/uploads\/2018\/09\/Presidio.jpg\",\"width\":800,\"height\":389},{\"@type\":\"BreadcrumbList\",\"@id\":\"https:\/\/ubanews.com\/site\/2018\/09\/04\/presidente-do-conselho-penitenciario-nega-as-acusacoes-mas-admite-superlotacao\/#breadcrumb\",\"itemListElement\":[{\"@type\":\"ListItem\",\"position\":1,\"name\":\"Home\",\"item\":\"https:\/\/ubanews.com\/site\/\"},{\"@type\":\"ListItem\",\"position\":2,\"name\":\"Presidente do Conselho Penitenci\u00e1rio nega as acusa\u00e7\u00f5es mas admite superlota\u00e7\u00e3o\"}]},{\"@type\":\"WebSite\",\"@id\":\"https:\/\/ubanews.com\/site\/#website\",\"url\":\"https:\/\/ubanews.com\/site\/\",\"name\":\"Ub\u00e1 News\",\"description\":\"\",\"publisher\":{\"@id\":\"https:\/\/ubanews.com\/site\/#organization\"},\"potentialAction\":[{\"@type\":\"SearchAction\",\"target\":{\"@type\":\"EntryPoint\",\"urlTemplate\":\"https:\/\/ubanews.com\/site\/?s={search_term_string}\"},\"query-input\":{\"@type\":\"PropertyValueSpecification\",\"valueRequired\":true,\"valueName\":\"search_term_string\"}}],\"inLanguage\":\"pt-BR\"},{\"@type\":\"Organization\",\"@id\":\"https:\/\/ubanews.com\/site\/#organization\",\"name\":\"Ub\u00e1 News\",\"url\":\"https:\/\/ubanews.com\/site\/\",\"logo\":{\"@type\":\"ImageObject\",\"inLanguage\":\"pt-BR\",\"@id\":\"https:\/\/ubanews.com\/site\/#\/schema\/logo\/image\/\",\"url\":\"https:\/\/ubanews.com\/site\/wp-content\/uploads\/2018\/01\/logoubanews.png\",\"contentUrl\":\"https:\/\/ubanews.com\/site\/wp-content\/uploads\/2018\/01\/logoubanews.png\",\"width\":261,\"height\":99,\"caption\":\"Ub\u00e1 News\"},\"image\":{\"@id\":\"https:\/\/ubanews.com\/site\/#\/schema\/logo\/image\/\"},\"sameAs\":[\"https:\/\/www.facebook.com\/Ub\u00e1News-Carlos-Roberto-Sodr\u00e9-418778301977370\"]},{\"@type\":\"Person\",\"@id\":\"https:\/\/ubanews.com\/site\/#\/schema\/person\/d90c9e47252fbb63dcc969fe4c8b9d10\",\"name\":\"Sodr\u00e9\",\"image\":{\"@type\":\"ImageObject\",\"inLanguage\":\"pt-BR\",\"@id\":\"https:\/\/secure.gravatar.com\/avatar\/5ba2793f0590b9dbfad3fdec4ee714485b3eef211c9b32ee53d414060454a56c?s=96&d=mm&r=g\",\"url\":\"https:\/\/secure.gravatar.com\/avatar\/5ba2793f0590b9dbfad3fdec4ee714485b3eef211c9b32ee53d414060454a56c?s=96&d=mm&r=g\",\"contentUrl\":\"https:\/\/secure.gravatar.com\/avatar\/5ba2793f0590b9dbfad3fdec4ee714485b3eef211c9b32ee53d414060454a56c?s=96&d=mm&r=g\",\"caption\":\"Sodr\u00e9\"},\"sameAs\":[\"https:\/\/www.facebook.com\/carosroberto.sodre.5\/\"],\"url\":\"https:\/\/ubanews.com\/site\/author\/felipe\/\"}]}<\/script>\n<!-- \/ Yoast SEO plugin. -->","yoast_head_json":{"title":"Presidente do Conselho Penitenci\u00e1rio nega as acusa\u00e7\u00f5es mas admite superlota\u00e7\u00e3o - Ub\u00e1 News","robots":{"index":"index","follow":"follow","max-snippet":"max-snippet:-1","max-image-preview":"max-image-preview:large","max-video-preview":"max-video-preview:-1"},"canonical":"https:\/\/ubanews.com\/site\/2018\/09\/04\/presidente-do-conselho-penitenciario-nega-as-acusacoes-mas-admite-superlotacao\/","og_locale":"pt_BR","og_type":"article","og_title":"Presidente do Conselho Penitenci\u00e1rio nega as acusa\u00e7\u00f5es mas admite superlota\u00e7\u00e3o - Ub\u00e1 News","og_description":"O presidente do Conselho Penitenci\u00e1rio do Pres\u00eddio de Ub\u00e1, Miguel","og_url":"https:\/\/ubanews.com\/site\/2018\/09\/04\/presidente-do-conselho-penitenciario-nega-as-acusacoes-mas-admite-superlotacao\/","og_site_name":"Ub\u00e1 News","article_publisher":"https:\/\/www.facebook.com\/Ub%c3%a1News-Carlos-Roberto-Sodr%c3%a9-418778301977370","article_author":"https:\/\/www.facebook.com\/carosroberto.sodre.5\/","article_published_time":"2018-09-04T12:34:43+00:00","article_modified_time":"2018-09-15T23:00:22+00:00","og_image":[{"width":800,"height":389,"url":"https:\/\/ubanews.com\/site\/wp-content\/uploads\/2018\/09\/Presidio.jpg","type":"image\/jpeg"}],"author":"Sodr\u00e9","twitter_card":"summary_large_image","twitter_misc":{"Escrito por":"Sodr\u00e9","Est. tempo de leitura":"1 minuto"},"schema":{"@context":"https:\/\/schema.org","@graph":[{"@type":"Article","@id":"https:\/\/ubanews.com\/site\/2018\/09\/04\/presidente-do-conselho-penitenciario-nega-as-acusacoes-mas-admite-superlotacao\/#article","isPartOf":{"@id":"https:\/\/ubanews.com\/site\/2018\/09\/04\/presidente-do-conselho-penitenciario-nega-as-acusacoes-mas-admite-superlotacao\/"},"author":{"name":"Sodr\u00e9","@id":"https:\/\/ubanews.com\/site\/#\/schema\/person\/d90c9e47252fbb63dcc969fe4c8b9d10"},"headline":"Presidente do Conselho Penitenci\u00e1rio nega as acusa\u00e7\u00f5es mas admite superlota\u00e7\u00e3o","datePublished":"2018-09-04T12:34:43+00:00","dateModified":"2018-09-15T23:00:22+00:00","mainEntityOfPage":{"@id":"https:\/\/ubanews.com\/site\/2018\/09\/04\/presidente-do-conselho-penitenciario-nega-as-acusacoes-mas-admite-superlotacao\/"},"wordCount":273,"commentCount":0,"publisher":{"@id":"https:\/\/ubanews.com\/site\/#organization"},"image":{"@id":"https:\/\/ubanews.com\/site\/2018\/09\/04\/presidente-do-conselho-penitenciario-nega-as-acusacoes-mas-admite-superlotacao\/#primaryimage"},"thumbnailUrl":"https:\/\/ubanews.com\/site\/wp-content\/uploads\/2018\/09\/Presidio.jpg","articleSection":["Geral"],"inLanguage":"pt-BR","potentialAction":[{"@type":"CommentAction","name":"Comment","target":["https:\/\/ubanews.com\/site\/2018\/09\/04\/presidente-do-conselho-penitenciario-nega-as-acusacoes-mas-admite-superlotacao\/#respond"]}]},{"@type":"WebPage","@id":"https:\/\/ubanews.com\/site\/2018\/09\/04\/presidente-do-conselho-penitenciario-nega-as-acusacoes-mas-admite-superlotacao\/","url":"https:\/\/ubanews.com\/site\/2018\/09\/04\/presidente-do-conselho-penitenciario-nega-as-acusacoes-mas-admite-superlotacao\/","name":"Presidente do Conselho Penitenci\u00e1rio nega as acusa\u00e7\u00f5es mas admite superlota\u00e7\u00e3o - Ub\u00e1 News","isPartOf":{"@id":"https:\/\/ubanews.com\/site\/#website"},"primaryImageOfPage":{"@id":"https:\/\/ubanews.com\/site\/2018\/09\/04\/presidente-do-conselho-penitenciario-nega-as-acusacoes-mas-admite-superlotacao\/#primaryimage"},"image":{"@id":"https:\/\/ubanews.com\/site\/2018\/09\/04\/presidente-do-conselho-penitenciario-nega-as-acusacoes-mas-admite-superlotacao\/#primaryimage"},"thumbnailUrl":"https:\/\/ubanews.com\/site\/wp-content\/uploads\/2018\/09\/Presidio.jpg","datePublished":"2018-09-04T12:34:43+00:00","dateModified":"2018-09-15T23:00:22+00:00","breadcrumb":{"@id":"https:\/\/ubanews.com\/site\/2018\/09\/04\/presidente-do-conselho-penitenciario-nega-as-acusacoes-mas-admite-superlotacao\/#breadcrumb"},"inLanguage":"pt-BR","potentialAction":[{"@type":"ReadAction","target":["https:\/\/ubanews.com\/site\/2018\/09\/04\/presidente-do-conselho-penitenciario-nega-as-acusacoes-mas-admite-superlotacao\/"]}]},{"@type":"ImageObject","inLanguage":"pt-BR","@id":"https:\/\/ubanews.com\/site\/2018\/09\/04\/presidente-do-conselho-penitenciario-nega-as-acusacoes-mas-admite-superlotacao\/#primaryimage","url":"https:\/\/ubanews.com\/site\/wp-content\/uploads\/2018\/09\/Presidio.jpg","contentUrl":"https:\/\/ubanews.com\/site\/wp-content\/uploads\/2018\/09\/Presidio.jpg","width":800,"height":389},{"@type":"BreadcrumbList","@id":"https:\/\/ubanews.com\/site\/2018\/09\/04\/presidente-do-conselho-penitenciario-nega-as-acusacoes-mas-admite-superlotacao\/#breadcrumb","itemListElement":[{"@type":"ListItem","position":1,"name":"Home","item":"https:\/\/ubanews.com\/site\/"},{"@type":"ListItem","position":2,"name":"Presidente do Conselho Penitenci\u00e1rio nega as acusa\u00e7\u00f5es mas admite superlota\u00e7\u00e3o"}]},{"@type":"WebSite","@id":"https:\/\/ubanews.com\/site\/#website","url":"https:\/\/ubanews.com\/site\/","name":"Ub\u00e1 News","description":"","publisher":{"@id":"https:\/\/ubanews.com\/site\/#organization"},"potentialAction":[{"@type":"SearchAction","target":{"@type":"EntryPoint","urlTemplate":"https:\/\/ubanews.com\/site\/?s={search_term_string}"},"query-input":{"@type":"PropertyValueSpecification","valueRequired":true,"valueName":"search_term_string"}}],"inLanguage":"pt-BR"},{"@type":"Organization","@id":"https:\/\/ubanews.com\/site\/#organization","name":"Ub\u00e1 News","url":"https:\/\/ubanews.com\/site\/","logo":{"@type":"ImageObject","inLanguage":"pt-BR","@id":"https:\/\/ubanews.com\/site\/#\/schema\/logo\/image\/","url":"https:\/\/ubanews.com\/site\/wp-content\/uploads\/2018\/01\/logoubanews.png","contentUrl":"https:\/\/ubanews.com\/site\/wp-content\/uploads\/2018\/01\/logoubanews.png","width":261,"height":99,"caption":"Ub\u00e1 News"},"image":{"@id":"https:\/\/ubanews.com\/site\/#\/schema\/logo\/image\/"},"sameAs":["https:\/\/www.facebook.com\/Ub\u00e1News-Carlos-Roberto-Sodr\u00e9-418778301977370"]},{"@type":"Person","@id":"https:\/\/ubanews.com\/site\/#\/schema\/person\/d90c9e47252fbb63dcc969fe4c8b9d10","name":"Sodr\u00e9","image":{"@type":"ImageObject","inLanguage":"pt-BR","@id":"https:\/\/secure.gravatar.com\/avatar\/5ba2793f0590b9dbfad3fdec4ee714485b3eef211c9b32ee53d414060454a56c?s=96&d=mm&r=g","url":"https:\/\/secure.gravatar.com\/avatar\/5ba2793f0590b9dbfad3fdec4ee714485b3eef211c9b32ee53d414060454a56c?s=96&d=mm&r=g","contentUrl":"https:\/\/secure.gravatar.com\/avatar\/5ba2793f0590b9dbfad3fdec4ee714485b3eef211c9b32ee53d414060454a56c?s=96&d=mm&r=g","caption":"Sodr\u00e9"},"sameAs":["https:\/\/www.facebook.com\/carosroberto.sodre.5\/"],"url":"https:\/\/ubanews.com\/site\/author\/felipe\/"}]}},"_links":{"self":[{"href":"https:\/\/ubanews.com\/site\/wp-json\/wp\/v2\/posts\/7190","targetHints":{"allow":["GET"]}}],"collection":[{"href":"https:\/\/ubanews.com\/site\/wp-json\/wp\/v2\/posts"}],"about":[{"href":"https:\/\/ubanews.com\/site\/wp-json\/wp\/v2\/types\/post"}],"author":[{"embeddable":true,"href":"https:\/\/ubanews.com\/site\/wp-json\/wp\/v2\/users\/2"}],"replies":[{"embeddable":true,"href":"https:\/\/ubanews.com\/site\/wp-json\/wp\/v2\/comments?post=7190"}],"version-history":[{"count":0,"href":"https:\/\/ubanews.com\/site\/wp-json\/wp\/v2\/posts\/7190\/revisions"}],"wp:featuredmedia":[{"embeddable":true,"href":"https:\/\/ubanews.com\/site\/wp-json\/wp\/v2\/media\/7191"}],"wp:attachment":[{"href":"https:\/\/ubanews.com\/site\/wp-json\/wp\/v2\/media?parent=7190"}],"wp:term":[{"taxonomy":"category","embeddable":true,"href":"https:\/\/ubanews.com\/site\/wp-json\/wp\/v2\/categories?post=7190"},{"taxonomy":"post_tag","embeddable":true,"href":"https:\/\/ubanews.com\/site\/wp-json\/wp\/v2\/tags?post=7190"}],"curies":[{"name":"wp","href":"https:\/\/api.w.org\/{rel}","templated":true}]}}