{"id":7186,"date":"2018-09-03T10:50:48","date_gmt":"2018-09-03T13:50:48","guid":{"rendered":"http:\/\/ubanews.com\/site\/?p=7186"},"modified":"2018-09-03T10:50:48","modified_gmt":"2018-09-03T13:50:48","slug":"policia-militar-prende-dois-traficantes-de-drogas-na-ultima-sexta-feira","status":"publish","type":"post","link":"https:\/\/ubanews.com\/site\/2018\/09\/03\/policia-militar-prende-dois-traficantes-de-drogas-na-ultima-sexta-feira\/","title":{"rendered":"Pol\u00edcia Militar prende dois traficantes de drogas na \u00faltima sexta-feira"},"content":{"rendered":"<p>No dia 31 de agosto \u00e0s 12h41min a Pol\u00edcia Militar realizava uma opera\u00e7\u00e3o no bairro S\u00e3o Jonas, quando os militares visualizaram Willian Martins J\u00fanior de 21 anos, apelido TW com uma sacola na m\u00e3o, segurando um r\u00e1dio comunicador HT e a todo momento fazendo contato com transeuntes retirando algo da sacola, entregando a eles e recebendo dinheiro em troca, fazendo venda de subst\u00e2ncias entorpecentes.<\/p>\n<p>A guarni\u00e7\u00e3o realizou o cerco, contudo Willian empreendeu fuga, mas os militares acompanharam a rota de fuga de Willian descendo um beco arremessando a sacola em um quintal e adentrando em uma resid\u00eancia.<\/p>\n<p>De imediato os militares foram ao encal\u00e7o de Willian adentraram na casa onde foi encontrado escondido em um quarto atr\u00e1s da porta, sendo contido e abordado e ao ser procedida busca pessoal foi encontrado em seus bolsos a quantia de R$807,05 e no lixo do banheiro 01 r\u00e1dio HT, tamb\u00e9m foi apreendido e um celular Samsung J5.<\/p>\n<p>Em seguida os militares foram at\u00e9 o beco onde a sacola foi arremessada e ap\u00f3s varredura&nbsp;&nbsp; que continha: 35 pinos de subst\u00e2ncia an\u00e1loga a coca\u00edna, 38 buchas de subst\u00e2ncia an\u00e1loga a maconha, 18 pedras de subst\u00e2ncia an\u00e1loga a crack e 01 tablete prensado de subst\u00e2ncia an\u00e1loga a maconha.<\/p>\n<p>William Martins Junior, apelido TW foi preso por tr\u00e1fico de drogas, sendo conduzido at\u00e9 a Delegacia de Pol\u00edcia Civil com as subst\u00e2ncias entorpecentes, o HT, o telefone e o dinheiro apreendidos.<\/p>\n<p><a href=\"https:\/\/ubanews.com\/site\/wp-content\/uploads\/2018\/08\/ELETRO-SENA-AUTOMOTIVA-2.jpg\"><img decoding=\"async\" class=\"alignnone wp-image-7016 size-full lazyload\" data-src=\"https:\/\/ubanews.com\/site\/wp-content\/uploads\/2018\/08\/ELETRO-SENA-AUTOMOTIVA-2.jpg\" alt=\"\" width=\"800\" height=\"264\" data-srcset=\"https:\/\/ubanews.com\/site\/wp-content\/uploads\/2018\/08\/ELETRO-SENA-AUTOMOTIVA-2.jpg 800w, https:\/\/ubanews.com\/site\/wp-content\/uploads\/2018\/08\/ELETRO-SENA-AUTOMOTIVA-2-300x99.jpg 300w, https:\/\/ubanews.com\/site\/wp-content\/uploads\/2018\/08\/ELETRO-SENA-AUTOMOTIVA-2-768x253.jpg 768w\" data-sizes=\"(max-width: 800px) 100vw, 800px\" src=\"data:image\/svg+xml;base64,PHN2ZyB3aWR0aD0iMSIgaGVpZ2h0PSIxIiB4bWxucz0iaHR0cDovL3d3dy53My5vcmcvMjAwMC9zdmciPjwvc3ZnPg==\" style=\"--smush-placeholder-width: 800px; --smush-placeholder-aspect-ratio: 800\/264;\" \/><\/a><\/p>\n<p>No dia 31 de Agosto \u00e0s 20h56min a equipe de Comiss\u00e1rios de Menores acionou a Pol\u00edcia Militar a comparecer no terminal rodovi\u00e1rio porque suspeitaram da atitude de Maximiliano Neves da Silva de 19 anos.<\/p>\n<p>Maximiliano ao ser abordado e ao ser procedida busca pessoal foi no bolso de sua bermuda 4 pinos de subst\u00e2ncia semelhante a coca\u00edna e 01 bucha de subst\u00e2ncia semelhante a maconha.<\/p>\n<p>Maximiliano Neves da Silva foi preso pelo crime de tr\u00e1fico de drogas sendo conduzido at\u00e9 a Delegacia de Pol\u00edcia Civil com as subst\u00e2ncias entorpecentes apreendidas.<\/p>\n<p><strong>ASSESSORIA DE COMUNICA\u00c7\u00c3O ORGANIZACIONAL<\/strong><\/p>\n<p><strong><em>Vig\u00e9simo Primeiro Batalh\u00e3o de Pol\u00edcia Militar<\/em><\/strong><\/p>\n","protected":false},"excerpt":{"rendered":"<p>No dia 31 de agosto \u00e0s 12h41min a Pol\u00edcia Militar<\/p>\n","protected":false},"author":2,"featured_media":5764,"comment_status":"open","ping_status":"open","sticky":false,"template":"","format":"standard","meta":{"footnotes":""},"categories":[13],"tags":[],"class_list":["post-7186","post","type-post","status-publish","format-standard","has-post-thumbnail","hentry","category-sintese-das-ocorrencias"],"yoast_head":"<!-- This site is optimized with the Yoast SEO plugin v27.2 - https:\/\/yoast.com\/product\/yoast-seo-wordpress\/ -->\n<title>Pol\u00edcia Militar prende dois traficantes de drogas na \u00faltima sexta-feira - Ub\u00e1 News<\/title>\n<meta name=\"robots\" content=\"index, follow, max-snippet:-1, max-image-preview:large, max-video-preview:-1\" \/>\n<link rel=\"canonical\" href=\"https:\/\/ubanews.com\/site\/2018\/09\/03\/policia-militar-prende-dois-traficantes-de-drogas-na-ultima-sexta-feira\/\" \/>\n<meta property=\"og:locale\" content=\"pt_BR\" \/>\n<meta property=\"og:type\" content=\"article\" \/>\n<meta property=\"og:title\" content=\"Pol\u00edcia Militar prende dois traficantes de drogas na \u00faltima sexta-feira - Ub\u00e1 News\" \/>\n<meta property=\"og:description\" content=\"No dia 31 de agosto \u00e0s 12h41min a Pol\u00edcia Militar\" \/>\n<meta property=\"og:url\" content=\"https:\/\/ubanews.com\/site\/2018\/09\/03\/policia-militar-prende-dois-traficantes-de-drogas-na-ultima-sexta-feira\/\" \/>\n<meta property=\"og:site_name\" content=\"Ub\u00e1 News\" \/>\n<meta property=\"article:publisher\" content=\"https:\/\/www.facebook.com\/Ub%c3%a1News-Carlos-Roberto-Sodr%c3%a9-418778301977370\" \/>\n<meta property=\"article:author\" content=\"https:\/\/www.facebook.com\/carosroberto.sodre.5\/\" \/>\n<meta property=\"article:published_time\" content=\"2018-09-03T13:50:48+00:00\" \/>\n<meta property=\"og:image\" content=\"https:\/\/ubanews.com\/site\/wp-content\/uploads\/2018\/07\/giroflex-policia.jpg\" \/>\n\t<meta property=\"og:image:width\" content=\"800\" \/>\n\t<meta property=\"og:image:height\" content=\"389\" \/>\n\t<meta property=\"og:image:type\" content=\"image\/jpeg\" \/>\n<meta name=\"author\" content=\"Sodr\u00e9\" \/>\n<meta name=\"twitter:card\" content=\"summary_large_image\" \/>\n<meta name=\"twitter:label1\" content=\"Escrito por\" \/>\n\t<meta name=\"twitter:data1\" content=\"Sodr\u00e9\" \/>\n\t<meta name=\"twitter:label2\" content=\"Est. tempo de leitura\" \/>\n\t<meta name=\"twitter:data2\" content=\"2 minutos\" \/>\n<script type=\"application\/ld+json\" class=\"yoast-schema-graph\">{\"@context\":\"https:\/\/schema.org\",\"@graph\":[{\"@type\":\"Article\",\"@id\":\"https:\/\/ubanews.com\/site\/2018\/09\/03\/policia-militar-prende-dois-traficantes-de-drogas-na-ultima-sexta-feira\/#article\",\"isPartOf\":{\"@id\":\"https:\/\/ubanews.com\/site\/2018\/09\/03\/policia-militar-prende-dois-traficantes-de-drogas-na-ultima-sexta-feira\/\"},\"author\":{\"name\":\"Sodr\u00e9\",\"@id\":\"https:\/\/ubanews.com\/site\/#\/schema\/person\/d90c9e47252fbb63dcc969fe4c8b9d10\"},\"headline\":\"Pol\u00edcia Militar prende dois traficantes de drogas na \u00faltima sexta-feira\",\"datePublished\":\"2018-09-03T13:50:48+00:00\",\"mainEntityOfPage\":{\"@id\":\"https:\/\/ubanews.com\/site\/2018\/09\/03\/policia-militar-prende-dois-traficantes-de-drogas-na-ultima-sexta-feira\/\"},\"wordCount\":376,\"commentCount\":0,\"publisher\":{\"@id\":\"https:\/\/ubanews.com\/site\/#organization\"},\"image\":{\"@id\":\"https:\/\/ubanews.com\/site\/2018\/09\/03\/policia-militar-prende-dois-traficantes-de-drogas-na-ultima-sexta-feira\/#primaryimage\"},\"thumbnailUrl\":\"https:\/\/ubanews.com\/site\/wp-content\/uploads\/2018\/07\/giroflex-policia.jpg\",\"articleSection\":[\"S\u00edntese das Ocorr\u00eancias\"],\"inLanguage\":\"pt-BR\",\"potentialAction\":[{\"@type\":\"CommentAction\",\"name\":\"Comment\",\"target\":[\"https:\/\/ubanews.com\/site\/2018\/09\/03\/policia-militar-prende-dois-traficantes-de-drogas-na-ultima-sexta-feira\/#respond\"]}]},{\"@type\":\"WebPage\",\"@id\":\"https:\/\/ubanews.com\/site\/2018\/09\/03\/policia-militar-prende-dois-traficantes-de-drogas-na-ultima-sexta-feira\/\",\"url\":\"https:\/\/ubanews.com\/site\/2018\/09\/03\/policia-militar-prende-dois-traficantes-de-drogas-na-ultima-sexta-feira\/\",\"name\":\"Pol\u00edcia Militar prende dois traficantes de drogas na \u00faltima sexta-feira - Ub\u00e1 News\",\"isPartOf\":{\"@id\":\"https:\/\/ubanews.com\/site\/#website\"},\"primaryImageOfPage\":{\"@id\":\"https:\/\/ubanews.com\/site\/2018\/09\/03\/policia-militar-prende-dois-traficantes-de-drogas-na-ultima-sexta-feira\/#primaryimage\"},\"image\":{\"@id\":\"https:\/\/ubanews.com\/site\/2018\/09\/03\/policia-militar-prende-dois-traficantes-de-drogas-na-ultima-sexta-feira\/#primaryimage\"},\"thumbnailUrl\":\"https:\/\/ubanews.com\/site\/wp-content\/uploads\/2018\/07\/giroflex-policia.jpg\",\"datePublished\":\"2018-09-03T13:50:48+00:00\",\"breadcrumb\":{\"@id\":\"https:\/\/ubanews.com\/site\/2018\/09\/03\/policia-militar-prende-dois-traficantes-de-drogas-na-ultima-sexta-feira\/#breadcrumb\"},\"inLanguage\":\"pt-BR\",\"potentialAction\":[{\"@type\":\"ReadAction\",\"target\":[\"https:\/\/ubanews.com\/site\/2018\/09\/03\/policia-militar-prende-dois-traficantes-de-drogas-na-ultima-sexta-feira\/\"]}]},{\"@type\":\"ImageObject\",\"inLanguage\":\"pt-BR\",\"@id\":\"https:\/\/ubanews.com\/site\/2018\/09\/03\/policia-militar-prende-dois-traficantes-de-drogas-na-ultima-sexta-feira\/#primaryimage\",\"url\":\"https:\/\/ubanews.com\/site\/wp-content\/uploads\/2018\/07\/giroflex-policia.jpg\",\"contentUrl\":\"https:\/\/ubanews.com\/site\/wp-content\/uploads\/2018\/07\/giroflex-policia.jpg\",\"width\":800,\"height\":389},{\"@type\":\"BreadcrumbList\",\"@id\":\"https:\/\/ubanews.com\/site\/2018\/09\/03\/policia-militar-prende-dois-traficantes-de-drogas-na-ultima-sexta-feira\/#breadcrumb\",\"itemListElement\":[{\"@type\":\"ListItem\",\"position\":1,\"name\":\"Home\",\"item\":\"https:\/\/ubanews.com\/site\/\"},{\"@type\":\"ListItem\",\"position\":2,\"name\":\"Pol\u00edcia Militar prende dois traficantes de drogas na \u00faltima sexta-feira\"}]},{\"@type\":\"WebSite\",\"@id\":\"https:\/\/ubanews.com\/site\/#website\",\"url\":\"https:\/\/ubanews.com\/site\/\",\"name\":\"Ub\u00e1 News\",\"description\":\"\",\"publisher\":{\"@id\":\"https:\/\/ubanews.com\/site\/#organization\"},\"potentialAction\":[{\"@type\":\"SearchAction\",\"target\":{\"@type\":\"EntryPoint\",\"urlTemplate\":\"https:\/\/ubanews.com\/site\/?s={search_term_string}\"},\"query-input\":{\"@type\":\"PropertyValueSpecification\",\"valueRequired\":true,\"valueName\":\"search_term_string\"}}],\"inLanguage\":\"pt-BR\"},{\"@type\":\"Organization\",\"@id\":\"https:\/\/ubanews.com\/site\/#organization\",\"name\":\"Ub\u00e1 News\",\"url\":\"https:\/\/ubanews.com\/site\/\",\"logo\":{\"@type\":\"ImageObject\",\"inLanguage\":\"pt-BR\",\"@id\":\"https:\/\/ubanews.com\/site\/#\/schema\/logo\/image\/\",\"url\":\"https:\/\/ubanews.com\/site\/wp-content\/uploads\/2018\/01\/logoubanews.png\",\"contentUrl\":\"https:\/\/ubanews.com\/site\/wp-content\/uploads\/2018\/01\/logoubanews.png\",\"width\":261,\"height\":99,\"caption\":\"Ub\u00e1 News\"},\"image\":{\"@id\":\"https:\/\/ubanews.com\/site\/#\/schema\/logo\/image\/\"},\"sameAs\":[\"https:\/\/www.facebook.com\/Ub\u00e1News-Carlos-Roberto-Sodr\u00e9-418778301977370\"]},{\"@type\":\"Person\",\"@id\":\"https:\/\/ubanews.com\/site\/#\/schema\/person\/d90c9e47252fbb63dcc969fe4c8b9d10\",\"name\":\"Sodr\u00e9\",\"image\":{\"@type\":\"ImageObject\",\"inLanguage\":\"pt-BR\",\"@id\":\"https:\/\/secure.gravatar.com\/avatar\/5ba2793f0590b9dbfad3fdec4ee714485b3eef211c9b32ee53d414060454a56c?s=96&d=mm&r=g\",\"url\":\"https:\/\/secure.gravatar.com\/avatar\/5ba2793f0590b9dbfad3fdec4ee714485b3eef211c9b32ee53d414060454a56c?s=96&d=mm&r=g\",\"contentUrl\":\"https:\/\/secure.gravatar.com\/avatar\/5ba2793f0590b9dbfad3fdec4ee714485b3eef211c9b32ee53d414060454a56c?s=96&d=mm&r=g\",\"caption\":\"Sodr\u00e9\"},\"sameAs\":[\"https:\/\/www.facebook.com\/carosroberto.sodre.5\/\"],\"url\":\"https:\/\/ubanews.com\/site\/author\/felipe\/\"}]}<\/script>\n<!-- \/ Yoast SEO plugin. -->","yoast_head_json":{"title":"Pol\u00edcia Militar prende dois traficantes de drogas na \u00faltima sexta-feira - Ub\u00e1 News","robots":{"index":"index","follow":"follow","max-snippet":"max-snippet:-1","max-image-preview":"max-image-preview:large","max-video-preview":"max-video-preview:-1"},"canonical":"https:\/\/ubanews.com\/site\/2018\/09\/03\/policia-militar-prende-dois-traficantes-de-drogas-na-ultima-sexta-feira\/","og_locale":"pt_BR","og_type":"article","og_title":"Pol\u00edcia Militar prende dois traficantes de drogas na \u00faltima sexta-feira - Ub\u00e1 News","og_description":"No dia 31 de agosto \u00e0s 12h41min a Pol\u00edcia Militar","og_url":"https:\/\/ubanews.com\/site\/2018\/09\/03\/policia-militar-prende-dois-traficantes-de-drogas-na-ultima-sexta-feira\/","og_site_name":"Ub\u00e1 News","article_publisher":"https:\/\/www.facebook.com\/Ub%c3%a1News-Carlos-Roberto-Sodr%c3%a9-418778301977370","article_author":"https:\/\/www.facebook.com\/carosroberto.sodre.5\/","article_published_time":"2018-09-03T13:50:48+00:00","og_image":[{"width":800,"height":389,"url":"https:\/\/ubanews.com\/site\/wp-content\/uploads\/2018\/07\/giroflex-policia.jpg","type":"image\/jpeg"}],"author":"Sodr\u00e9","twitter_card":"summary_large_image","twitter_misc":{"Escrito por":"Sodr\u00e9","Est. tempo de leitura":"2 minutos"},"schema":{"@context":"https:\/\/schema.org","@graph":[{"@type":"Article","@id":"https:\/\/ubanews.com\/site\/2018\/09\/03\/policia-militar-prende-dois-traficantes-de-drogas-na-ultima-sexta-feira\/#article","isPartOf":{"@id":"https:\/\/ubanews.com\/site\/2018\/09\/03\/policia-militar-prende-dois-traficantes-de-drogas-na-ultima-sexta-feira\/"},"author":{"name":"Sodr\u00e9","@id":"https:\/\/ubanews.com\/site\/#\/schema\/person\/d90c9e47252fbb63dcc969fe4c8b9d10"},"headline":"Pol\u00edcia Militar prende dois traficantes de drogas na \u00faltima sexta-feira","datePublished":"2018-09-03T13:50:48+00:00","mainEntityOfPage":{"@id":"https:\/\/ubanews.com\/site\/2018\/09\/03\/policia-militar-prende-dois-traficantes-de-drogas-na-ultima-sexta-feira\/"},"wordCount":376,"commentCount":0,"publisher":{"@id":"https:\/\/ubanews.com\/site\/#organization"},"image":{"@id":"https:\/\/ubanews.com\/site\/2018\/09\/03\/policia-militar-prende-dois-traficantes-de-drogas-na-ultima-sexta-feira\/#primaryimage"},"thumbnailUrl":"https:\/\/ubanews.com\/site\/wp-content\/uploads\/2018\/07\/giroflex-policia.jpg","articleSection":["S\u00edntese das Ocorr\u00eancias"],"inLanguage":"pt-BR","potentialAction":[{"@type":"CommentAction","name":"Comment","target":["https:\/\/ubanews.com\/site\/2018\/09\/03\/policia-militar-prende-dois-traficantes-de-drogas-na-ultima-sexta-feira\/#respond"]}]},{"@type":"WebPage","@id":"https:\/\/ubanews.com\/site\/2018\/09\/03\/policia-militar-prende-dois-traficantes-de-drogas-na-ultima-sexta-feira\/","url":"https:\/\/ubanews.com\/site\/2018\/09\/03\/policia-militar-prende-dois-traficantes-de-drogas-na-ultima-sexta-feira\/","name":"Pol\u00edcia Militar prende dois traficantes de drogas na \u00faltima sexta-feira - Ub\u00e1 News","isPartOf":{"@id":"https:\/\/ubanews.com\/site\/#website"},"primaryImageOfPage":{"@id":"https:\/\/ubanews.com\/site\/2018\/09\/03\/policia-militar-prende-dois-traficantes-de-drogas-na-ultima-sexta-feira\/#primaryimage"},"image":{"@id":"https:\/\/ubanews.com\/site\/2018\/09\/03\/policia-militar-prende-dois-traficantes-de-drogas-na-ultima-sexta-feira\/#primaryimage"},"thumbnailUrl":"https:\/\/ubanews.com\/site\/wp-content\/uploads\/2018\/07\/giroflex-policia.jpg","datePublished":"2018-09-03T13:50:48+00:00","breadcrumb":{"@id":"https:\/\/ubanews.com\/site\/2018\/09\/03\/policia-militar-prende-dois-traficantes-de-drogas-na-ultima-sexta-feira\/#breadcrumb"},"inLanguage":"pt-BR","potentialAction":[{"@type":"ReadAction","target":["https:\/\/ubanews.com\/site\/2018\/09\/03\/policia-militar-prende-dois-traficantes-de-drogas-na-ultima-sexta-feira\/"]}]},{"@type":"ImageObject","inLanguage":"pt-BR","@id":"https:\/\/ubanews.com\/site\/2018\/09\/03\/policia-militar-prende-dois-traficantes-de-drogas-na-ultima-sexta-feira\/#primaryimage","url":"https:\/\/ubanews.com\/site\/wp-content\/uploads\/2018\/07\/giroflex-policia.jpg","contentUrl":"https:\/\/ubanews.com\/site\/wp-content\/uploads\/2018\/07\/giroflex-policia.jpg","width":800,"height":389},{"@type":"BreadcrumbList","@id":"https:\/\/ubanews.com\/site\/2018\/09\/03\/policia-militar-prende-dois-traficantes-de-drogas-na-ultima-sexta-feira\/#breadcrumb","itemListElement":[{"@type":"ListItem","position":1,"name":"Home","item":"https:\/\/ubanews.com\/site\/"},{"@type":"ListItem","position":2,"name":"Pol\u00edcia Militar prende dois traficantes de drogas na \u00faltima sexta-feira"}]},{"@type":"WebSite","@id":"https:\/\/ubanews.com\/site\/#website","url":"https:\/\/ubanews.com\/site\/","name":"Ub\u00e1 News","description":"","publisher":{"@id":"https:\/\/ubanews.com\/site\/#organization"},"potentialAction":[{"@type":"SearchAction","target":{"@type":"EntryPoint","urlTemplate":"https:\/\/ubanews.com\/site\/?s={search_term_string}"},"query-input":{"@type":"PropertyValueSpecification","valueRequired":true,"valueName":"search_term_string"}}],"inLanguage":"pt-BR"},{"@type":"Organization","@id":"https:\/\/ubanews.com\/site\/#organization","name":"Ub\u00e1 News","url":"https:\/\/ubanews.com\/site\/","logo":{"@type":"ImageObject","inLanguage":"pt-BR","@id":"https:\/\/ubanews.com\/site\/#\/schema\/logo\/image\/","url":"https:\/\/ubanews.com\/site\/wp-content\/uploads\/2018\/01\/logoubanews.png","contentUrl":"https:\/\/ubanews.com\/site\/wp-content\/uploads\/2018\/01\/logoubanews.png","width":261,"height":99,"caption":"Ub\u00e1 News"},"image":{"@id":"https:\/\/ubanews.com\/site\/#\/schema\/logo\/image\/"},"sameAs":["https:\/\/www.facebook.com\/Ub\u00e1News-Carlos-Roberto-Sodr\u00e9-418778301977370"]},{"@type":"Person","@id":"https:\/\/ubanews.com\/site\/#\/schema\/person\/d90c9e47252fbb63dcc969fe4c8b9d10","name":"Sodr\u00e9","image":{"@type":"ImageObject","inLanguage":"pt-BR","@id":"https:\/\/secure.gravatar.com\/avatar\/5ba2793f0590b9dbfad3fdec4ee714485b3eef211c9b32ee53d414060454a56c?s=96&d=mm&r=g","url":"https:\/\/secure.gravatar.com\/avatar\/5ba2793f0590b9dbfad3fdec4ee714485b3eef211c9b32ee53d414060454a56c?s=96&d=mm&r=g","contentUrl":"https:\/\/secure.gravatar.com\/avatar\/5ba2793f0590b9dbfad3fdec4ee714485b3eef211c9b32ee53d414060454a56c?s=96&d=mm&r=g","caption":"Sodr\u00e9"},"sameAs":["https:\/\/www.facebook.com\/carosroberto.sodre.5\/"],"url":"https:\/\/ubanews.com\/site\/author\/felipe\/"}]}},"_links":{"self":[{"href":"https:\/\/ubanews.com\/site\/wp-json\/wp\/v2\/posts\/7186","targetHints":{"allow":["GET"]}}],"collection":[{"href":"https:\/\/ubanews.com\/site\/wp-json\/wp\/v2\/posts"}],"about":[{"href":"https:\/\/ubanews.com\/site\/wp-json\/wp\/v2\/types\/post"}],"author":[{"embeddable":true,"href":"https:\/\/ubanews.com\/site\/wp-json\/wp\/v2\/users\/2"}],"replies":[{"embeddable":true,"href":"https:\/\/ubanews.com\/site\/wp-json\/wp\/v2\/comments?post=7186"}],"version-history":[{"count":0,"href":"https:\/\/ubanews.com\/site\/wp-json\/wp\/v2\/posts\/7186\/revisions"}],"wp:featuredmedia":[{"embeddable":true,"href":"https:\/\/ubanews.com\/site\/wp-json\/wp\/v2\/media\/5764"}],"wp:attachment":[{"href":"https:\/\/ubanews.com\/site\/wp-json\/wp\/v2\/media?parent=7186"}],"wp:term":[{"taxonomy":"category","embeddable":true,"href":"https:\/\/ubanews.com\/site\/wp-json\/wp\/v2\/categories?post=7186"},{"taxonomy":"post_tag","embeddable":true,"href":"https:\/\/ubanews.com\/site\/wp-json\/wp\/v2\/tags?post=7186"}],"curies":[{"name":"wp","href":"https:\/\/api.w.org\/{rel}","templated":true}]}}