{"id":7171,"date":"2018-09-02T12:36:34","date_gmt":"2018-09-02T15:36:34","guid":{"rendered":"http:\/\/ubanews.com\/site\/?p=7171"},"modified":"2018-09-15T19:59:24","modified_gmt":"2018-09-15T22:59:24","slug":"a-primeira-reuniao-como-membro-efetivo-da-aule-a-gente-nunca-esquece","status":"publish","type":"post","link":"https:\/\/ubanews.com\/site\/2018\/09\/02\/a-primeira-reuniao-como-membro-efetivo-da-aule-a-gente-nunca-esquece\/","title":{"rendered":"A PRIMEIRA REUNI\u00c3O COMO MEMBRO EFETIVO DA AULE A GENTE NUNCA ESQUECE"},"content":{"rendered":"<p>O Presidente da AULE (Academia Ubaense de Letras), Maestro Marum Sallum Alexander iniciou a primeira reuni\u00e3o ap\u00f3s a posse dos novos membros acad\u00eamicos efetivos, honor\u00e1rios e correspondentes; exatamente \u00e0s 19h desta quinta-feira, dia 30 de agosto, em sua sede \u00e0 pra\u00e7a S\u00e3o Janu\u00e1rio, 28, segundo piso, F\u00f3rum Cultural.<\/p>\n<p>Foi inevit\u00e1vel iniciar a reuni\u00e3o sem comentar o passamento da professora Daniela Silva, sepultada nesta quinta-feira no Cemit\u00e9rio Memorial das Rosas, em Ub\u00e1. Mastro Marum, demostrando uma forte emo\u00e7\u00e3o e uma gostosa saudade, falou de sua apresenta\u00e7\u00e3o na despedida \u00e0 nossa colega, Dani. Ele cantou magnificamente a Ave Maria, fugindo \u00e0 originalidade e agradando a todos. A presen\u00e7a de Daniela ainda \u00e9 muito latente entre n\u00f3s, e sempre ser\u00e1.<\/p>\n<p>Por iniciativa do presidente da Academia Ubaense de Letras, Maestro Marum Sallum Alexander, e atrav\u00e9s de aprova\u00e7\u00e3o por unanimidade entre os acad\u00eamicos presentes, o nome de Fr\u00e2ncel dos Santos Marzork de Freitas foi aprovado como novo membro correspondente da AULE a partir dessa data. Fomos comunicados que posteriormente Fr\u00e2ncel vir\u00e1 na sede para assinar o livro de ata, oficializando sua condi\u00e7\u00e3o de membro!<\/p>\n<p>Estiveram nesta reuni\u00e3o os seguintes acad\u00eamicos:<\/p>\n<p>Ant\u00f4nio Carlos Estevam; Ant\u00f4nio Queiroz; Cleber lima da silva; Nilce Augusta Machado Alfenas; Maria da Concei\u00e7\u00e3o Aparecida Camiloto Rocha Ramos; Joaquim Carlos de Souza; Carlos Roberto Sodr\u00e9; Clair de Melo Rodrigues; Wagner In\u00e1cio Freitas Dias; Arnaldo de Assis Prata; Andr\u00e9 Resende Padilha; Isaltina Dalva Andrade Rodrigues; Miguel Poggiali Gasparoni.<\/p>\n<p><a href=\"https:\/\/ubanews.com\/site\/wp-content\/uploads\/2018\/08\/ELETRO-SENA-AUTOMOTIVA-2.jpg\"><img decoding=\"async\" class=\"alignnone wp-image-7016 size-full lazyload\" data-src=\"https:\/\/ubanews.com\/site\/wp-content\/uploads\/2018\/08\/ELETRO-SENA-AUTOMOTIVA-2.jpg\" alt=\"\" width=\"800\" height=\"264\" data-srcset=\"https:\/\/ubanews.com\/site\/wp-content\/uploads\/2018\/08\/ELETRO-SENA-AUTOMOTIVA-2.jpg 800w, https:\/\/ubanews.com\/site\/wp-content\/uploads\/2018\/08\/ELETRO-SENA-AUTOMOTIVA-2-300x99.jpg 300w, https:\/\/ubanews.com\/site\/wp-content\/uploads\/2018\/08\/ELETRO-SENA-AUTOMOTIVA-2-768x253.jpg 768w\" data-sizes=\"(max-width: 800px) 100vw, 800px\" src=\"data:image\/svg+xml;base64,PHN2ZyB3aWR0aD0iMSIgaGVpZ2h0PSIxIiB4bWxucz0iaHR0cDovL3d3dy53My5vcmcvMjAwMC9zdmciPjwvc3ZnPg==\" style=\"--smush-placeholder-width: 800px; --smush-placeholder-aspect-ratio: 800\/264;\" \/><\/a><\/p>\n<p>Tamb\u00e9m estiveram presentes, na oportunidade, a equipe do site Ub\u00e1 News, o cinegrafista Felipe Oliveira e a assessora de trabalhos externos Laisa Pereira Sodr\u00e9.<\/p>\n<p>Certamente que, faltando apenas um dia para mudar de idade, me refiro, ao meu anivers\u00e1rio Natal\u00edcio, daqui h\u00e1 alguns anos irei lembrar com saudades e orgulho de 30 de agosto de 2018, pois considero que nesta data tomei posse como membro efetivo da AULE (Academia Ubaense de Letras). Acredito que meus pais e av\u00f3s est\u00e3o felizes, hoje morando l\u00e1 no c\u00e9u. Deixei claro e de p\u00fablico que minha bandeira \u00e9 lutar, junto com todos e com todas as for\u00e7as poss\u00edveis para que a AULE tenha sua sede pr\u00f3pria. De prefer\u00eancia no centro da cidade, em local de destaque.<\/p>\n<p>N\u00e3o \u00e9 \u00e9tico e nem moral que coloquemos na conta deste ou daquele homem p\u00fablico o descaso de que a nossa a academia venha sofrendo ao longo dos anos, sendo colocada nos por\u00f5es de pr\u00e9dios antigos! Por\u00e9m, \u00e9 necess\u00e1rio que algu\u00e9m tome uma atitude e possam ter sensibilidade, onde em breve possamos ter orgulho em anunciar o endere\u00e7o da Academia Ubaense de Letras, em local central espa\u00e7oso e bem moderno. Com um pouco de boa vontade isso \u00e9 plenamente poss\u00edvel. Este jornalista se sente muito feliz em se ingressar na AULE no ano de seu Jubileu de Coral. Academia Ubaense de Letras. 35 anos de Ub\u00e1!!!<\/p>\n<div style=\"position: relative; height: 0; padding-bottom: 56.25%;\"><iframe style=\"position: absolute; width: 100%; height: 100%; left: 0;\" data-src=\"https:\/\/www.youtube.com\/embed\/KzW0nL-ZGkw?ecver=2\" width=\"640\" height=\"360\" frameborder=\"0\" allowfullscreen=\"allowfullscreen\" src=\"data:image\/svg+xml;base64,PHN2ZyB3aWR0aD0iMSIgaGVpZ2h0PSIxIiB4bWxucz0iaHR0cDovL3d3dy53My5vcmcvMjAwMC9zdmciPjwvc3ZnPg==\" class=\"lazyload\" data-load-mode=\"1\"><\/iframe><\/div>\n<p>&nbsp;<\/p>\n","protected":false},"excerpt":{"rendered":"<p>O Presidente da AULE (Academia Ubaense de Letras), Maestro Marum<\/p>\n","protected":false},"author":2,"featured_media":7172,"comment_status":"open","ping_status":"open","sticky":false,"template":"","format":"standard","meta":{"footnotes":""},"categories":[1],"tags":[],"class_list":["post-7171","post","type-post","status-publish","format-standard","has-post-thumbnail","hentry","category-sem-categoria"],"yoast_head":"<!-- This site is optimized with the Yoast SEO plugin v27.2 - https:\/\/yoast.com\/product\/yoast-seo-wordpress\/ -->\n<title>A PRIMEIRA REUNI\u00c3O COMO MEMBRO EFETIVO DA AULE A GENTE NUNCA ESQUECE - Ub\u00e1 News<\/title>\n<meta name=\"robots\" content=\"index, follow, max-snippet:-1, max-image-preview:large, max-video-preview:-1\" \/>\n<link rel=\"canonical\" href=\"https:\/\/ubanews.com\/site\/2018\/09\/02\/a-primeira-reuniao-como-membro-efetivo-da-aule-a-gente-nunca-esquece\/\" \/>\n<meta property=\"og:locale\" content=\"pt_BR\" \/>\n<meta property=\"og:type\" content=\"article\" \/>\n<meta property=\"og:title\" content=\"A PRIMEIRA REUNI\u00c3O COMO MEMBRO EFETIVO DA AULE A GENTE NUNCA ESQUECE - Ub\u00e1 News\" \/>\n<meta property=\"og:description\" content=\"O Presidente da AULE (Academia Ubaense de Letras), Maestro Marum\" \/>\n<meta property=\"og:url\" content=\"https:\/\/ubanews.com\/site\/2018\/09\/02\/a-primeira-reuniao-como-membro-efetivo-da-aule-a-gente-nunca-esquece\/\" \/>\n<meta property=\"og:site_name\" content=\"Ub\u00e1 News\" \/>\n<meta property=\"article:publisher\" content=\"https:\/\/www.facebook.com\/Ub%c3%a1News-Carlos-Roberto-Sodr%c3%a9-418778301977370\" \/>\n<meta property=\"article:author\" content=\"https:\/\/www.facebook.com\/carosroberto.sodre.5\/\" \/>\n<meta property=\"article:published_time\" content=\"2018-09-02T15:36:34+00:00\" \/>\n<meta property=\"article:modified_time\" content=\"2018-09-15T22:59:24+00:00\" \/>\n<meta property=\"og:image\" content=\"https:\/\/ubanews.com\/site\/wp-content\/uploads\/2018\/09\/AULE.jpg\" \/>\n\t<meta property=\"og:image:width\" content=\"800\" \/>\n\t<meta property=\"og:image:height\" content=\"389\" \/>\n\t<meta property=\"og:image:type\" content=\"image\/jpeg\" \/>\n<meta name=\"author\" content=\"Sodr\u00e9\" \/>\n<meta name=\"twitter:card\" content=\"summary_large_image\" \/>\n<meta name=\"twitter:label1\" content=\"Escrito por\" \/>\n\t<meta name=\"twitter:data1\" content=\"Sodr\u00e9\" \/>\n\t<meta name=\"twitter:label2\" content=\"Est. tempo de leitura\" \/>\n\t<meta name=\"twitter:data2\" content=\"2 minutos\" \/>\n<script type=\"application\/ld+json\" class=\"yoast-schema-graph\">{\"@context\":\"https:\/\/schema.org\",\"@graph\":[{\"@type\":\"Article\",\"@id\":\"https:\/\/ubanews.com\/site\/2018\/09\/02\/a-primeira-reuniao-como-membro-efetivo-da-aule-a-gente-nunca-esquece\/#article\",\"isPartOf\":{\"@id\":\"https:\/\/ubanews.com\/site\/2018\/09\/02\/a-primeira-reuniao-como-membro-efetivo-da-aule-a-gente-nunca-esquece\/\"},\"author\":{\"name\":\"Sodr\u00e9\",\"@id\":\"https:\/\/ubanews.com\/site\/#\/schema\/person\/d90c9e47252fbb63dcc969fe4c8b9d10\"},\"headline\":\"A PRIMEIRA REUNI\u00c3O COMO MEMBRO EFETIVO DA AULE A GENTE NUNCA ESQUECE\",\"datePublished\":\"2018-09-02T15:36:34+00:00\",\"dateModified\":\"2018-09-15T22:59:24+00:00\",\"mainEntityOfPage\":{\"@id\":\"https:\/\/ubanews.com\/site\/2018\/09\/02\/a-primeira-reuniao-como-membro-efetivo-da-aule-a-gente-nunca-esquece\/\"},\"wordCount\":512,\"commentCount\":0,\"publisher\":{\"@id\":\"https:\/\/ubanews.com\/site\/#organization\"},\"image\":{\"@id\":\"https:\/\/ubanews.com\/site\/2018\/09\/02\/a-primeira-reuniao-como-membro-efetivo-da-aule-a-gente-nunca-esquece\/#primaryimage\"},\"thumbnailUrl\":\"https:\/\/ubanews.com\/site\/wp-content\/uploads\/2018\/09\/AULE.jpg\",\"articleSection\":[\"Geral\"],\"inLanguage\":\"pt-BR\",\"potentialAction\":[{\"@type\":\"CommentAction\",\"name\":\"Comment\",\"target\":[\"https:\/\/ubanews.com\/site\/2018\/09\/02\/a-primeira-reuniao-como-membro-efetivo-da-aule-a-gente-nunca-esquece\/#respond\"]}]},{\"@type\":\"WebPage\",\"@id\":\"https:\/\/ubanews.com\/site\/2018\/09\/02\/a-primeira-reuniao-como-membro-efetivo-da-aule-a-gente-nunca-esquece\/\",\"url\":\"https:\/\/ubanews.com\/site\/2018\/09\/02\/a-primeira-reuniao-como-membro-efetivo-da-aule-a-gente-nunca-esquece\/\",\"name\":\"A PRIMEIRA REUNI\u00c3O COMO MEMBRO EFETIVO DA AULE A GENTE NUNCA ESQUECE - Ub\u00e1 News\",\"isPartOf\":{\"@id\":\"https:\/\/ubanews.com\/site\/#website\"},\"primaryImageOfPage\":{\"@id\":\"https:\/\/ubanews.com\/site\/2018\/09\/02\/a-primeira-reuniao-como-membro-efetivo-da-aule-a-gente-nunca-esquece\/#primaryimage\"},\"image\":{\"@id\":\"https:\/\/ubanews.com\/site\/2018\/09\/02\/a-primeira-reuniao-como-membro-efetivo-da-aule-a-gente-nunca-esquece\/#primaryimage\"},\"thumbnailUrl\":\"https:\/\/ubanews.com\/site\/wp-content\/uploads\/2018\/09\/AULE.jpg\",\"datePublished\":\"2018-09-02T15:36:34+00:00\",\"dateModified\":\"2018-09-15T22:59:24+00:00\",\"breadcrumb\":{\"@id\":\"https:\/\/ubanews.com\/site\/2018\/09\/02\/a-primeira-reuniao-como-membro-efetivo-da-aule-a-gente-nunca-esquece\/#breadcrumb\"},\"inLanguage\":\"pt-BR\",\"potentialAction\":[{\"@type\":\"ReadAction\",\"target\":[\"https:\/\/ubanews.com\/site\/2018\/09\/02\/a-primeira-reuniao-como-membro-efetivo-da-aule-a-gente-nunca-esquece\/\"]}]},{\"@type\":\"ImageObject\",\"inLanguage\":\"pt-BR\",\"@id\":\"https:\/\/ubanews.com\/site\/2018\/09\/02\/a-primeira-reuniao-como-membro-efetivo-da-aule-a-gente-nunca-esquece\/#primaryimage\",\"url\":\"https:\/\/ubanews.com\/site\/wp-content\/uploads\/2018\/09\/AULE.jpg\",\"contentUrl\":\"https:\/\/ubanews.com\/site\/wp-content\/uploads\/2018\/09\/AULE.jpg\",\"width\":800,\"height\":389},{\"@type\":\"BreadcrumbList\",\"@id\":\"https:\/\/ubanews.com\/site\/2018\/09\/02\/a-primeira-reuniao-como-membro-efetivo-da-aule-a-gente-nunca-esquece\/#breadcrumb\",\"itemListElement\":[{\"@type\":\"ListItem\",\"position\":1,\"name\":\"Home\",\"item\":\"https:\/\/ubanews.com\/site\/\"},{\"@type\":\"ListItem\",\"position\":2,\"name\":\"A PRIMEIRA REUNI\u00c3O COMO MEMBRO EFETIVO DA AULE A GENTE NUNCA ESQUECE\"}]},{\"@type\":\"WebSite\",\"@id\":\"https:\/\/ubanews.com\/site\/#website\",\"url\":\"https:\/\/ubanews.com\/site\/\",\"name\":\"Ub\u00e1 News\",\"description\":\"\",\"publisher\":{\"@id\":\"https:\/\/ubanews.com\/site\/#organization\"},\"potentialAction\":[{\"@type\":\"SearchAction\",\"target\":{\"@type\":\"EntryPoint\",\"urlTemplate\":\"https:\/\/ubanews.com\/site\/?s={search_term_string}\"},\"query-input\":{\"@type\":\"PropertyValueSpecification\",\"valueRequired\":true,\"valueName\":\"search_term_string\"}}],\"inLanguage\":\"pt-BR\"},{\"@type\":\"Organization\",\"@id\":\"https:\/\/ubanews.com\/site\/#organization\",\"name\":\"Ub\u00e1 News\",\"url\":\"https:\/\/ubanews.com\/site\/\",\"logo\":{\"@type\":\"ImageObject\",\"inLanguage\":\"pt-BR\",\"@id\":\"https:\/\/ubanews.com\/site\/#\/schema\/logo\/image\/\",\"url\":\"https:\/\/ubanews.com\/site\/wp-content\/uploads\/2018\/01\/logoubanews.png\",\"contentUrl\":\"https:\/\/ubanews.com\/site\/wp-content\/uploads\/2018\/01\/logoubanews.png\",\"width\":261,\"height\":99,\"caption\":\"Ub\u00e1 News\"},\"image\":{\"@id\":\"https:\/\/ubanews.com\/site\/#\/schema\/logo\/image\/\"},\"sameAs\":[\"https:\/\/www.facebook.com\/Ub\u00e1News-Carlos-Roberto-Sodr\u00e9-418778301977370\"]},{\"@type\":\"Person\",\"@id\":\"https:\/\/ubanews.com\/site\/#\/schema\/person\/d90c9e47252fbb63dcc969fe4c8b9d10\",\"name\":\"Sodr\u00e9\",\"image\":{\"@type\":\"ImageObject\",\"inLanguage\":\"pt-BR\",\"@id\":\"https:\/\/secure.gravatar.com\/avatar\/5ba2793f0590b9dbfad3fdec4ee714485b3eef211c9b32ee53d414060454a56c?s=96&d=mm&r=g\",\"url\":\"https:\/\/secure.gravatar.com\/avatar\/5ba2793f0590b9dbfad3fdec4ee714485b3eef211c9b32ee53d414060454a56c?s=96&d=mm&r=g\",\"contentUrl\":\"https:\/\/secure.gravatar.com\/avatar\/5ba2793f0590b9dbfad3fdec4ee714485b3eef211c9b32ee53d414060454a56c?s=96&d=mm&r=g\",\"caption\":\"Sodr\u00e9\"},\"sameAs\":[\"https:\/\/www.facebook.com\/carosroberto.sodre.5\/\"],\"url\":\"https:\/\/ubanews.com\/site\/author\/felipe\/\"}]}<\/script>\n<!-- \/ Yoast SEO plugin. -->","yoast_head_json":{"title":"A PRIMEIRA REUNI\u00c3O COMO MEMBRO EFETIVO DA AULE A GENTE NUNCA ESQUECE - Ub\u00e1 News","robots":{"index":"index","follow":"follow","max-snippet":"max-snippet:-1","max-image-preview":"max-image-preview:large","max-video-preview":"max-video-preview:-1"},"canonical":"https:\/\/ubanews.com\/site\/2018\/09\/02\/a-primeira-reuniao-como-membro-efetivo-da-aule-a-gente-nunca-esquece\/","og_locale":"pt_BR","og_type":"article","og_title":"A PRIMEIRA REUNI\u00c3O COMO MEMBRO EFETIVO DA AULE A GENTE NUNCA ESQUECE - Ub\u00e1 News","og_description":"O Presidente da AULE (Academia Ubaense de Letras), Maestro Marum","og_url":"https:\/\/ubanews.com\/site\/2018\/09\/02\/a-primeira-reuniao-como-membro-efetivo-da-aule-a-gente-nunca-esquece\/","og_site_name":"Ub\u00e1 News","article_publisher":"https:\/\/www.facebook.com\/Ub%c3%a1News-Carlos-Roberto-Sodr%c3%a9-418778301977370","article_author":"https:\/\/www.facebook.com\/carosroberto.sodre.5\/","article_published_time":"2018-09-02T15:36:34+00:00","article_modified_time":"2018-09-15T22:59:24+00:00","og_image":[{"width":800,"height":389,"url":"https:\/\/ubanews.com\/site\/wp-content\/uploads\/2018\/09\/AULE.jpg","type":"image\/jpeg"}],"author":"Sodr\u00e9","twitter_card":"summary_large_image","twitter_misc":{"Escrito por":"Sodr\u00e9","Est. tempo de leitura":"2 minutos"},"schema":{"@context":"https:\/\/schema.org","@graph":[{"@type":"Article","@id":"https:\/\/ubanews.com\/site\/2018\/09\/02\/a-primeira-reuniao-como-membro-efetivo-da-aule-a-gente-nunca-esquece\/#article","isPartOf":{"@id":"https:\/\/ubanews.com\/site\/2018\/09\/02\/a-primeira-reuniao-como-membro-efetivo-da-aule-a-gente-nunca-esquece\/"},"author":{"name":"Sodr\u00e9","@id":"https:\/\/ubanews.com\/site\/#\/schema\/person\/d90c9e47252fbb63dcc969fe4c8b9d10"},"headline":"A PRIMEIRA REUNI\u00c3O COMO MEMBRO EFETIVO DA AULE A GENTE NUNCA ESQUECE","datePublished":"2018-09-02T15:36:34+00:00","dateModified":"2018-09-15T22:59:24+00:00","mainEntityOfPage":{"@id":"https:\/\/ubanews.com\/site\/2018\/09\/02\/a-primeira-reuniao-como-membro-efetivo-da-aule-a-gente-nunca-esquece\/"},"wordCount":512,"commentCount":0,"publisher":{"@id":"https:\/\/ubanews.com\/site\/#organization"},"image":{"@id":"https:\/\/ubanews.com\/site\/2018\/09\/02\/a-primeira-reuniao-como-membro-efetivo-da-aule-a-gente-nunca-esquece\/#primaryimage"},"thumbnailUrl":"https:\/\/ubanews.com\/site\/wp-content\/uploads\/2018\/09\/AULE.jpg","articleSection":["Geral"],"inLanguage":"pt-BR","potentialAction":[{"@type":"CommentAction","name":"Comment","target":["https:\/\/ubanews.com\/site\/2018\/09\/02\/a-primeira-reuniao-como-membro-efetivo-da-aule-a-gente-nunca-esquece\/#respond"]}]},{"@type":"WebPage","@id":"https:\/\/ubanews.com\/site\/2018\/09\/02\/a-primeira-reuniao-como-membro-efetivo-da-aule-a-gente-nunca-esquece\/","url":"https:\/\/ubanews.com\/site\/2018\/09\/02\/a-primeira-reuniao-como-membro-efetivo-da-aule-a-gente-nunca-esquece\/","name":"A PRIMEIRA REUNI\u00c3O COMO MEMBRO EFETIVO DA AULE A GENTE NUNCA ESQUECE - Ub\u00e1 News","isPartOf":{"@id":"https:\/\/ubanews.com\/site\/#website"},"primaryImageOfPage":{"@id":"https:\/\/ubanews.com\/site\/2018\/09\/02\/a-primeira-reuniao-como-membro-efetivo-da-aule-a-gente-nunca-esquece\/#primaryimage"},"image":{"@id":"https:\/\/ubanews.com\/site\/2018\/09\/02\/a-primeira-reuniao-como-membro-efetivo-da-aule-a-gente-nunca-esquece\/#primaryimage"},"thumbnailUrl":"https:\/\/ubanews.com\/site\/wp-content\/uploads\/2018\/09\/AULE.jpg","datePublished":"2018-09-02T15:36:34+00:00","dateModified":"2018-09-15T22:59:24+00:00","breadcrumb":{"@id":"https:\/\/ubanews.com\/site\/2018\/09\/02\/a-primeira-reuniao-como-membro-efetivo-da-aule-a-gente-nunca-esquece\/#breadcrumb"},"inLanguage":"pt-BR","potentialAction":[{"@type":"ReadAction","target":["https:\/\/ubanews.com\/site\/2018\/09\/02\/a-primeira-reuniao-como-membro-efetivo-da-aule-a-gente-nunca-esquece\/"]}]},{"@type":"ImageObject","inLanguage":"pt-BR","@id":"https:\/\/ubanews.com\/site\/2018\/09\/02\/a-primeira-reuniao-como-membro-efetivo-da-aule-a-gente-nunca-esquece\/#primaryimage","url":"https:\/\/ubanews.com\/site\/wp-content\/uploads\/2018\/09\/AULE.jpg","contentUrl":"https:\/\/ubanews.com\/site\/wp-content\/uploads\/2018\/09\/AULE.jpg","width":800,"height":389},{"@type":"BreadcrumbList","@id":"https:\/\/ubanews.com\/site\/2018\/09\/02\/a-primeira-reuniao-como-membro-efetivo-da-aule-a-gente-nunca-esquece\/#breadcrumb","itemListElement":[{"@type":"ListItem","position":1,"name":"Home","item":"https:\/\/ubanews.com\/site\/"},{"@type":"ListItem","position":2,"name":"A PRIMEIRA REUNI\u00c3O COMO MEMBRO EFETIVO DA AULE A GENTE NUNCA ESQUECE"}]},{"@type":"WebSite","@id":"https:\/\/ubanews.com\/site\/#website","url":"https:\/\/ubanews.com\/site\/","name":"Ub\u00e1 News","description":"","publisher":{"@id":"https:\/\/ubanews.com\/site\/#organization"},"potentialAction":[{"@type":"SearchAction","target":{"@type":"EntryPoint","urlTemplate":"https:\/\/ubanews.com\/site\/?s={search_term_string}"},"query-input":{"@type":"PropertyValueSpecification","valueRequired":true,"valueName":"search_term_string"}}],"inLanguage":"pt-BR"},{"@type":"Organization","@id":"https:\/\/ubanews.com\/site\/#organization","name":"Ub\u00e1 News","url":"https:\/\/ubanews.com\/site\/","logo":{"@type":"ImageObject","inLanguage":"pt-BR","@id":"https:\/\/ubanews.com\/site\/#\/schema\/logo\/image\/","url":"https:\/\/ubanews.com\/site\/wp-content\/uploads\/2018\/01\/logoubanews.png","contentUrl":"https:\/\/ubanews.com\/site\/wp-content\/uploads\/2018\/01\/logoubanews.png","width":261,"height":99,"caption":"Ub\u00e1 News"},"image":{"@id":"https:\/\/ubanews.com\/site\/#\/schema\/logo\/image\/"},"sameAs":["https:\/\/www.facebook.com\/Ub\u00e1News-Carlos-Roberto-Sodr\u00e9-418778301977370"]},{"@type":"Person","@id":"https:\/\/ubanews.com\/site\/#\/schema\/person\/d90c9e47252fbb63dcc969fe4c8b9d10","name":"Sodr\u00e9","image":{"@type":"ImageObject","inLanguage":"pt-BR","@id":"https:\/\/secure.gravatar.com\/avatar\/5ba2793f0590b9dbfad3fdec4ee714485b3eef211c9b32ee53d414060454a56c?s=96&d=mm&r=g","url":"https:\/\/secure.gravatar.com\/avatar\/5ba2793f0590b9dbfad3fdec4ee714485b3eef211c9b32ee53d414060454a56c?s=96&d=mm&r=g","contentUrl":"https:\/\/secure.gravatar.com\/avatar\/5ba2793f0590b9dbfad3fdec4ee714485b3eef211c9b32ee53d414060454a56c?s=96&d=mm&r=g","caption":"Sodr\u00e9"},"sameAs":["https:\/\/www.facebook.com\/carosroberto.sodre.5\/"],"url":"https:\/\/ubanews.com\/site\/author\/felipe\/"}]}},"_links":{"self":[{"href":"https:\/\/ubanews.com\/site\/wp-json\/wp\/v2\/posts\/7171","targetHints":{"allow":["GET"]}}],"collection":[{"href":"https:\/\/ubanews.com\/site\/wp-json\/wp\/v2\/posts"}],"about":[{"href":"https:\/\/ubanews.com\/site\/wp-json\/wp\/v2\/types\/post"}],"author":[{"embeddable":true,"href":"https:\/\/ubanews.com\/site\/wp-json\/wp\/v2\/users\/2"}],"replies":[{"embeddable":true,"href":"https:\/\/ubanews.com\/site\/wp-json\/wp\/v2\/comments?post=7171"}],"version-history":[{"count":0,"href":"https:\/\/ubanews.com\/site\/wp-json\/wp\/v2\/posts\/7171\/revisions"}],"wp:featuredmedia":[{"embeddable":true,"href":"https:\/\/ubanews.com\/site\/wp-json\/wp\/v2\/media\/7172"}],"wp:attachment":[{"href":"https:\/\/ubanews.com\/site\/wp-json\/wp\/v2\/media?parent=7171"}],"wp:term":[{"taxonomy":"category","embeddable":true,"href":"https:\/\/ubanews.com\/site\/wp-json\/wp\/v2\/categories?post=7171"},{"taxonomy":"post_tag","embeddable":true,"href":"https:\/\/ubanews.com\/site\/wp-json\/wp\/v2\/tags?post=7171"}],"curies":[{"name":"wp","href":"https:\/\/api.w.org\/{rel}","templated":true}]}}