{"id":7161,"date":"2018-09-02T11:36:53","date_gmt":"2018-09-02T14:36:53","guid":{"rendered":"http:\/\/ubanews.com\/site\/?p=7161"},"modified":"2018-09-15T19:59:13","modified_gmt":"2018-09-15T22:59:13","slug":"alteracoes-no-transito-no-dia-sete-de-setembro","status":"publish","type":"post","link":"https:\/\/ubanews.com\/site\/2018\/09\/02\/alteracoes-no-transito-no-dia-sete-de-setembro\/","title":{"rendered":"Altera\u00e7\u00f5es no tr\u00e2nsito no dia sete de setembro"},"content":{"rendered":"<p><span style=\"font-family: arial, helvetica, sans-serif;\">Em raz\u00e3o do Desfile C\u00edvico em comemora\u00e7\u00e3o aos 196 anos de Independ\u00eancia do Brasil, que ser\u00e1 realizado pela Prefeitura de Ub\u00e1 no dia 7 de setembro de 2018, a Divis\u00e3o de Tr\u00e2nsito realizar\u00e1 algumas altera\u00e7\u00f5es no tr\u00e1fego de ve\u00edculos na regi\u00e3o em que ser\u00e1 realizado o desfile. Fique atento:<\/span><\/p>\n<div><span style=\"font-family: arial, helvetica, sans-serif;\"><b>Moradores e frequentadores da regi\u00e3o situada no trajeto do desfile:<\/b>&nbsp;ser\u00e1 proibido o estacionamento de ve\u00edculos no per\u00edodo compreendido entre \u00e0s 0h e 12h do dia 7 de setembro nas ruas: Jos\u00e9 Campomizzi, Padre Gailhac, Pra\u00e7a S\u00e3o Janu\u00e1rio (na rua em frente ao F\u00f3rum Cultural e em frente a Prefeitura) e na Travessa Antonieta Risi de Souza Lima. A medida se deve a montagem da estrutura do desfile e tamb\u00e9m para possibilitar o desenvolvimento do mesmo, vez que toda a dimens\u00e3o das vias ser\u00e1 utilizada pelas viaturas e pelot\u00f5es de militares e alunos durante o trajeto. Tal medida encontra-se regulamentada pelo Decreto Municipal 6123\/2018, publicado no dia 31 de agosto de 2018.&nbsp;<\/span><\/div>\n<div><span style=\"font-family: arial, helvetica, sans-serif;\"><a href=\"https:\/\/ubanews.com\/site\/wp-content\/uploads\/2018\/08\/ELETRO-SENA-AUTOMOTIVA-2.jpg\"><img decoding=\"async\" class=\"alignnone wp-image-7016 size-full lazyload\" data-src=\"https:\/\/ubanews.com\/site\/wp-content\/uploads\/2018\/08\/ELETRO-SENA-AUTOMOTIVA-2.jpg\" alt=\"\" width=\"800\" height=\"264\" data-srcset=\"https:\/\/ubanews.com\/site\/wp-content\/uploads\/2018\/08\/ELETRO-SENA-AUTOMOTIVA-2.jpg 800w, https:\/\/ubanews.com\/site\/wp-content\/uploads\/2018\/08\/ELETRO-SENA-AUTOMOTIVA-2-300x99.jpg 300w, https:\/\/ubanews.com\/site\/wp-content\/uploads\/2018\/08\/ELETRO-SENA-AUTOMOTIVA-2-768x253.jpg 768w\" data-sizes=\"(max-width: 800px) 100vw, 800px\" src=\"data:image\/svg+xml;base64,PHN2ZyB3aWR0aD0iMSIgaGVpZ2h0PSIxIiB4bWxucz0iaHR0cDovL3d3dy53My5vcmcvMjAwMC9zdmciPjwvc3ZnPg==\" style=\"--smush-placeholder-width: 800px; --smush-placeholder-aspect-ratio: 800\/264;\" \/><\/a><\/span><\/div>\n<div><span style=\"font-family: arial, helvetica, sans-serif;\"><b>Condutores de ve\u00edculos:<\/b>&nbsp;A partir das 6h30 do dia 7 de setembro, o tr\u00e2nsito ser\u00e1 interrompido nas seguintes vias: Rua Jos\u00e9 Campomizzi, Rua Antonina Coelho, Avenida Santos Dumont, Rua Monsenhor Paiva Campos (at\u00e9 a esquina com a av. Raul Soares), Rua Padre Gailhac, Pra\u00e7a S\u00e3o Janu\u00e1rio&nbsp;&nbsp;(nas ruas em frente ao F\u00f3rum Cultural, em frente a Prefeitura e em frente a Casa do Estudante), e Travessa&nbsp;&nbsp;Antonieta Risi de Souza Lima.&nbsp;<\/span><\/div>\n<div><span style=\"font-family: arial, helvetica, sans-serif;\"><br \/>\n<\/span><\/p>\n<div>\n<div><span style=\"font-family: arial, helvetica, sans-serif;\">Para esclarecimentos, favor entrar em contato com a Divis\u00e3o de Tr\u00e2nsito: 3301-6145 (seg. a sex., 7h \u00e0s 13h). Contamos com a compreens\u00e3o de todos.&nbsp;<\/span><\/div>\n<\/div>\n<div><b><span style=\"font-family: arial, helvetica, sans-serif;\">&nbsp;<\/span><\/b><\/div>\n<div><strong><span style=\"font-family: arial, helvetica, sans-serif;\">P\u00e1tria Amada, Brasil<\/span><\/strong><\/div>\n<div><span style=\"font-family: arial, helvetica, sans-serif;\">A Prefeitura de Ub\u00e1 realiza, em 2018, o Desfile C\u00edvico em comemora\u00e7\u00e3o aos 196 anos de Independ\u00eancia do Brasil, no dia 7 de setembro. O tema ser\u00e1 \u201cTerra Adorada. Entre outras mil \u00e9s tu Brasil, \u00f3 P\u00e1tria Amada\u201d. Autoridades municipais e membros da sociedade civil estar\u00e3o reunidos no evento que ter\u00e1 in\u00edcio \u00e0s 7h30, com hasteamento das bandeiras, em frente ao Pa\u00e7o Municipal. Em seguida ter\u00e1 in\u00edcio o cortejo, ao som da Banda de M\u00fasica do 21\u00ba BPM, que sair\u00e1 da Rua Jos\u00e9 Campomizzi, passando pela Rua Padre Gailhac, com encerramento na Pra\u00e7a S\u00e3o Janu\u00e1rio. Cerca de mil pessoas, entre policiais e bombeiros militares, alunos da Rede Municipal de Ensino e do Col\u00e9gio Tiradentes, al\u00e9m de outras entidades, ir\u00e3o desfilar pelas ruas da cidade. A organiza\u00e7\u00e3o do evento est\u00e1 a cargo da Secretaria Municipal de Educa\u00e7\u00e3o, com apoio da Secretaria Municipal de Cultura.<\/span><\/div>\n<div>&nbsp;<\/div>\n<div><strong>Assessoria de Comunica\u00e7\u00e3o Prefeitura de Ub\u00e1<\/strong><\/div>\n<\/div>\n","protected":false},"excerpt":{"rendered":"<p>Em raz\u00e3o do Desfile C\u00edvico em comemora\u00e7\u00e3o aos 196 anos<\/p>\n","protected":false},"author":2,"featured_media":7162,"comment_status":"open","ping_status":"open","sticky":false,"template":"","format":"standard","meta":{"footnotes":""},"categories":[15],"tags":[],"class_list":["post-7161","post","type-post","status-publish","format-standard","has-post-thumbnail","hentry","category-prefeitura-municipal"],"yoast_head":"<!-- This site is optimized with the Yoast SEO plugin v27.2 - https:\/\/yoast.com\/product\/yoast-seo-wordpress\/ -->\n<title>Altera\u00e7\u00f5es no tr\u00e2nsito no dia sete de setembro - Ub\u00e1 News<\/title>\n<meta name=\"robots\" content=\"index, follow, max-snippet:-1, max-image-preview:large, max-video-preview:-1\" \/>\n<link rel=\"canonical\" href=\"https:\/\/ubanews.com\/site\/2018\/09\/02\/alteracoes-no-transito-no-dia-sete-de-setembro\/\" \/>\n<meta property=\"og:locale\" content=\"pt_BR\" \/>\n<meta property=\"og:type\" content=\"article\" \/>\n<meta property=\"og:title\" content=\"Altera\u00e7\u00f5es no tr\u00e2nsito no dia sete de setembro - Ub\u00e1 News\" \/>\n<meta property=\"og:description\" content=\"Em raz\u00e3o do Desfile C\u00edvico em comemora\u00e7\u00e3o aos 196 anos\" \/>\n<meta property=\"og:url\" content=\"https:\/\/ubanews.com\/site\/2018\/09\/02\/alteracoes-no-transito-no-dia-sete-de-setembro\/\" \/>\n<meta property=\"og:site_name\" content=\"Ub\u00e1 News\" \/>\n<meta property=\"article:publisher\" content=\"https:\/\/www.facebook.com\/Ub%c3%a1News-Carlos-Roberto-Sodr%c3%a9-418778301977370\" \/>\n<meta property=\"article:author\" content=\"https:\/\/www.facebook.com\/carosroberto.sodre.5\/\" \/>\n<meta property=\"article:published_time\" content=\"2018-09-02T14:36:53+00:00\" \/>\n<meta property=\"article:modified_time\" content=\"2018-09-15T22:59:13+00:00\" \/>\n<meta property=\"og:image\" content=\"https:\/\/ubanews.com\/site\/wp-content\/uploads\/2018\/09\/sete-de-setembro.jpg\" \/>\n\t<meta property=\"og:image:width\" content=\"800\" \/>\n\t<meta property=\"og:image:height\" content=\"389\" \/>\n\t<meta property=\"og:image:type\" content=\"image\/jpeg\" \/>\n<meta name=\"author\" content=\"Sodr\u00e9\" \/>\n<meta name=\"twitter:card\" content=\"summary_large_image\" \/>\n<meta name=\"twitter:label1\" content=\"Escrito por\" \/>\n\t<meta name=\"twitter:data1\" content=\"Sodr\u00e9\" \/>\n\t<meta name=\"twitter:label2\" content=\"Est. tempo de leitura\" \/>\n\t<meta name=\"twitter:data2\" content=\"2 minutos\" \/>\n<script type=\"application\/ld+json\" class=\"yoast-schema-graph\">{\"@context\":\"https:\/\/schema.org\",\"@graph\":[{\"@type\":\"Article\",\"@id\":\"https:\/\/ubanews.com\/site\/2018\/09\/02\/alteracoes-no-transito-no-dia-sete-de-setembro\/#article\",\"isPartOf\":{\"@id\":\"https:\/\/ubanews.com\/site\/2018\/09\/02\/alteracoes-no-transito-no-dia-sete-de-setembro\/\"},\"author\":{\"name\":\"Sodr\u00e9\",\"@id\":\"https:\/\/ubanews.com\/site\/#\/schema\/person\/d90c9e47252fbb63dcc969fe4c8b9d10\"},\"headline\":\"Altera\u00e7\u00f5es no tr\u00e2nsito no dia sete de setembro\",\"datePublished\":\"2018-09-02T14:36:53+00:00\",\"dateModified\":\"2018-09-15T22:59:13+00:00\",\"mainEntityOfPage\":{\"@id\":\"https:\/\/ubanews.com\/site\/2018\/09\/02\/alteracoes-no-transito-no-dia-sete-de-setembro\/\"},\"wordCount\":464,\"commentCount\":0,\"publisher\":{\"@id\":\"https:\/\/ubanews.com\/site\/#organization\"},\"image\":{\"@id\":\"https:\/\/ubanews.com\/site\/2018\/09\/02\/alteracoes-no-transito-no-dia-sete-de-setembro\/#primaryimage\"},\"thumbnailUrl\":\"https:\/\/ubanews.com\/site\/wp-content\/uploads\/2018\/09\/sete-de-setembro.jpg\",\"articleSection\":[\"Prefeitura Municipal\"],\"inLanguage\":\"pt-BR\",\"potentialAction\":[{\"@type\":\"CommentAction\",\"name\":\"Comment\",\"target\":[\"https:\/\/ubanews.com\/site\/2018\/09\/02\/alteracoes-no-transito-no-dia-sete-de-setembro\/#respond\"]}]},{\"@type\":\"WebPage\",\"@id\":\"https:\/\/ubanews.com\/site\/2018\/09\/02\/alteracoes-no-transito-no-dia-sete-de-setembro\/\",\"url\":\"https:\/\/ubanews.com\/site\/2018\/09\/02\/alteracoes-no-transito-no-dia-sete-de-setembro\/\",\"name\":\"Altera\u00e7\u00f5es no tr\u00e2nsito no dia sete de setembro - Ub\u00e1 News\",\"isPartOf\":{\"@id\":\"https:\/\/ubanews.com\/site\/#website\"},\"primaryImageOfPage\":{\"@id\":\"https:\/\/ubanews.com\/site\/2018\/09\/02\/alteracoes-no-transito-no-dia-sete-de-setembro\/#primaryimage\"},\"image\":{\"@id\":\"https:\/\/ubanews.com\/site\/2018\/09\/02\/alteracoes-no-transito-no-dia-sete-de-setembro\/#primaryimage\"},\"thumbnailUrl\":\"https:\/\/ubanews.com\/site\/wp-content\/uploads\/2018\/09\/sete-de-setembro.jpg\",\"datePublished\":\"2018-09-02T14:36:53+00:00\",\"dateModified\":\"2018-09-15T22:59:13+00:00\",\"breadcrumb\":{\"@id\":\"https:\/\/ubanews.com\/site\/2018\/09\/02\/alteracoes-no-transito-no-dia-sete-de-setembro\/#breadcrumb\"},\"inLanguage\":\"pt-BR\",\"potentialAction\":[{\"@type\":\"ReadAction\",\"target\":[\"https:\/\/ubanews.com\/site\/2018\/09\/02\/alteracoes-no-transito-no-dia-sete-de-setembro\/\"]}]},{\"@type\":\"ImageObject\",\"inLanguage\":\"pt-BR\",\"@id\":\"https:\/\/ubanews.com\/site\/2018\/09\/02\/alteracoes-no-transito-no-dia-sete-de-setembro\/#primaryimage\",\"url\":\"https:\/\/ubanews.com\/site\/wp-content\/uploads\/2018\/09\/sete-de-setembro.jpg\",\"contentUrl\":\"https:\/\/ubanews.com\/site\/wp-content\/uploads\/2018\/09\/sete-de-setembro.jpg\",\"width\":800,\"height\":389},{\"@type\":\"BreadcrumbList\",\"@id\":\"https:\/\/ubanews.com\/site\/2018\/09\/02\/alteracoes-no-transito-no-dia-sete-de-setembro\/#breadcrumb\",\"itemListElement\":[{\"@type\":\"ListItem\",\"position\":1,\"name\":\"Home\",\"item\":\"https:\/\/ubanews.com\/site\/\"},{\"@type\":\"ListItem\",\"position\":2,\"name\":\"Altera\u00e7\u00f5es no tr\u00e2nsito no dia sete de setembro\"}]},{\"@type\":\"WebSite\",\"@id\":\"https:\/\/ubanews.com\/site\/#website\",\"url\":\"https:\/\/ubanews.com\/site\/\",\"name\":\"Ub\u00e1 News\",\"description\":\"\",\"publisher\":{\"@id\":\"https:\/\/ubanews.com\/site\/#organization\"},\"potentialAction\":[{\"@type\":\"SearchAction\",\"target\":{\"@type\":\"EntryPoint\",\"urlTemplate\":\"https:\/\/ubanews.com\/site\/?s={search_term_string}\"},\"query-input\":{\"@type\":\"PropertyValueSpecification\",\"valueRequired\":true,\"valueName\":\"search_term_string\"}}],\"inLanguage\":\"pt-BR\"},{\"@type\":\"Organization\",\"@id\":\"https:\/\/ubanews.com\/site\/#organization\",\"name\":\"Ub\u00e1 News\",\"url\":\"https:\/\/ubanews.com\/site\/\",\"logo\":{\"@type\":\"ImageObject\",\"inLanguage\":\"pt-BR\",\"@id\":\"https:\/\/ubanews.com\/site\/#\/schema\/logo\/image\/\",\"url\":\"https:\/\/ubanews.com\/site\/wp-content\/uploads\/2018\/01\/logoubanews.png\",\"contentUrl\":\"https:\/\/ubanews.com\/site\/wp-content\/uploads\/2018\/01\/logoubanews.png\",\"width\":261,\"height\":99,\"caption\":\"Ub\u00e1 News\"},\"image\":{\"@id\":\"https:\/\/ubanews.com\/site\/#\/schema\/logo\/image\/\"},\"sameAs\":[\"https:\/\/www.facebook.com\/Ub\u00e1News-Carlos-Roberto-Sodr\u00e9-418778301977370\"]},{\"@type\":\"Person\",\"@id\":\"https:\/\/ubanews.com\/site\/#\/schema\/person\/d90c9e47252fbb63dcc969fe4c8b9d10\",\"name\":\"Sodr\u00e9\",\"image\":{\"@type\":\"ImageObject\",\"inLanguage\":\"pt-BR\",\"@id\":\"https:\/\/secure.gravatar.com\/avatar\/5ba2793f0590b9dbfad3fdec4ee714485b3eef211c9b32ee53d414060454a56c?s=96&d=mm&r=g\",\"url\":\"https:\/\/secure.gravatar.com\/avatar\/5ba2793f0590b9dbfad3fdec4ee714485b3eef211c9b32ee53d414060454a56c?s=96&d=mm&r=g\",\"contentUrl\":\"https:\/\/secure.gravatar.com\/avatar\/5ba2793f0590b9dbfad3fdec4ee714485b3eef211c9b32ee53d414060454a56c?s=96&d=mm&r=g\",\"caption\":\"Sodr\u00e9\"},\"sameAs\":[\"https:\/\/www.facebook.com\/carosroberto.sodre.5\/\"],\"url\":\"https:\/\/ubanews.com\/site\/author\/felipe\/\"}]}<\/script>\n<!-- \/ Yoast SEO plugin. -->","yoast_head_json":{"title":"Altera\u00e7\u00f5es no tr\u00e2nsito no dia sete de setembro - Ub\u00e1 News","robots":{"index":"index","follow":"follow","max-snippet":"max-snippet:-1","max-image-preview":"max-image-preview:large","max-video-preview":"max-video-preview:-1"},"canonical":"https:\/\/ubanews.com\/site\/2018\/09\/02\/alteracoes-no-transito-no-dia-sete-de-setembro\/","og_locale":"pt_BR","og_type":"article","og_title":"Altera\u00e7\u00f5es no tr\u00e2nsito no dia sete de setembro - Ub\u00e1 News","og_description":"Em raz\u00e3o do Desfile C\u00edvico em comemora\u00e7\u00e3o aos 196 anos","og_url":"https:\/\/ubanews.com\/site\/2018\/09\/02\/alteracoes-no-transito-no-dia-sete-de-setembro\/","og_site_name":"Ub\u00e1 News","article_publisher":"https:\/\/www.facebook.com\/Ub%c3%a1News-Carlos-Roberto-Sodr%c3%a9-418778301977370","article_author":"https:\/\/www.facebook.com\/carosroberto.sodre.5\/","article_published_time":"2018-09-02T14:36:53+00:00","article_modified_time":"2018-09-15T22:59:13+00:00","og_image":[{"width":800,"height":389,"url":"https:\/\/ubanews.com\/site\/wp-content\/uploads\/2018\/09\/sete-de-setembro.jpg","type":"image\/jpeg"}],"author":"Sodr\u00e9","twitter_card":"summary_large_image","twitter_misc":{"Escrito por":"Sodr\u00e9","Est. tempo de leitura":"2 minutos"},"schema":{"@context":"https:\/\/schema.org","@graph":[{"@type":"Article","@id":"https:\/\/ubanews.com\/site\/2018\/09\/02\/alteracoes-no-transito-no-dia-sete-de-setembro\/#article","isPartOf":{"@id":"https:\/\/ubanews.com\/site\/2018\/09\/02\/alteracoes-no-transito-no-dia-sete-de-setembro\/"},"author":{"name":"Sodr\u00e9","@id":"https:\/\/ubanews.com\/site\/#\/schema\/person\/d90c9e47252fbb63dcc969fe4c8b9d10"},"headline":"Altera\u00e7\u00f5es no tr\u00e2nsito no dia sete de setembro","datePublished":"2018-09-02T14:36:53+00:00","dateModified":"2018-09-15T22:59:13+00:00","mainEntityOfPage":{"@id":"https:\/\/ubanews.com\/site\/2018\/09\/02\/alteracoes-no-transito-no-dia-sete-de-setembro\/"},"wordCount":464,"commentCount":0,"publisher":{"@id":"https:\/\/ubanews.com\/site\/#organization"},"image":{"@id":"https:\/\/ubanews.com\/site\/2018\/09\/02\/alteracoes-no-transito-no-dia-sete-de-setembro\/#primaryimage"},"thumbnailUrl":"https:\/\/ubanews.com\/site\/wp-content\/uploads\/2018\/09\/sete-de-setembro.jpg","articleSection":["Prefeitura Municipal"],"inLanguage":"pt-BR","potentialAction":[{"@type":"CommentAction","name":"Comment","target":["https:\/\/ubanews.com\/site\/2018\/09\/02\/alteracoes-no-transito-no-dia-sete-de-setembro\/#respond"]}]},{"@type":"WebPage","@id":"https:\/\/ubanews.com\/site\/2018\/09\/02\/alteracoes-no-transito-no-dia-sete-de-setembro\/","url":"https:\/\/ubanews.com\/site\/2018\/09\/02\/alteracoes-no-transito-no-dia-sete-de-setembro\/","name":"Altera\u00e7\u00f5es no tr\u00e2nsito no dia sete de setembro - Ub\u00e1 News","isPartOf":{"@id":"https:\/\/ubanews.com\/site\/#website"},"primaryImageOfPage":{"@id":"https:\/\/ubanews.com\/site\/2018\/09\/02\/alteracoes-no-transito-no-dia-sete-de-setembro\/#primaryimage"},"image":{"@id":"https:\/\/ubanews.com\/site\/2018\/09\/02\/alteracoes-no-transito-no-dia-sete-de-setembro\/#primaryimage"},"thumbnailUrl":"https:\/\/ubanews.com\/site\/wp-content\/uploads\/2018\/09\/sete-de-setembro.jpg","datePublished":"2018-09-02T14:36:53+00:00","dateModified":"2018-09-15T22:59:13+00:00","breadcrumb":{"@id":"https:\/\/ubanews.com\/site\/2018\/09\/02\/alteracoes-no-transito-no-dia-sete-de-setembro\/#breadcrumb"},"inLanguage":"pt-BR","potentialAction":[{"@type":"ReadAction","target":["https:\/\/ubanews.com\/site\/2018\/09\/02\/alteracoes-no-transito-no-dia-sete-de-setembro\/"]}]},{"@type":"ImageObject","inLanguage":"pt-BR","@id":"https:\/\/ubanews.com\/site\/2018\/09\/02\/alteracoes-no-transito-no-dia-sete-de-setembro\/#primaryimage","url":"https:\/\/ubanews.com\/site\/wp-content\/uploads\/2018\/09\/sete-de-setembro.jpg","contentUrl":"https:\/\/ubanews.com\/site\/wp-content\/uploads\/2018\/09\/sete-de-setembro.jpg","width":800,"height":389},{"@type":"BreadcrumbList","@id":"https:\/\/ubanews.com\/site\/2018\/09\/02\/alteracoes-no-transito-no-dia-sete-de-setembro\/#breadcrumb","itemListElement":[{"@type":"ListItem","position":1,"name":"Home","item":"https:\/\/ubanews.com\/site\/"},{"@type":"ListItem","position":2,"name":"Altera\u00e7\u00f5es no tr\u00e2nsito no dia sete de setembro"}]},{"@type":"WebSite","@id":"https:\/\/ubanews.com\/site\/#website","url":"https:\/\/ubanews.com\/site\/","name":"Ub\u00e1 News","description":"","publisher":{"@id":"https:\/\/ubanews.com\/site\/#organization"},"potentialAction":[{"@type":"SearchAction","target":{"@type":"EntryPoint","urlTemplate":"https:\/\/ubanews.com\/site\/?s={search_term_string}"},"query-input":{"@type":"PropertyValueSpecification","valueRequired":true,"valueName":"search_term_string"}}],"inLanguage":"pt-BR"},{"@type":"Organization","@id":"https:\/\/ubanews.com\/site\/#organization","name":"Ub\u00e1 News","url":"https:\/\/ubanews.com\/site\/","logo":{"@type":"ImageObject","inLanguage":"pt-BR","@id":"https:\/\/ubanews.com\/site\/#\/schema\/logo\/image\/","url":"https:\/\/ubanews.com\/site\/wp-content\/uploads\/2018\/01\/logoubanews.png","contentUrl":"https:\/\/ubanews.com\/site\/wp-content\/uploads\/2018\/01\/logoubanews.png","width":261,"height":99,"caption":"Ub\u00e1 News"},"image":{"@id":"https:\/\/ubanews.com\/site\/#\/schema\/logo\/image\/"},"sameAs":["https:\/\/www.facebook.com\/Ub\u00e1News-Carlos-Roberto-Sodr\u00e9-418778301977370"]},{"@type":"Person","@id":"https:\/\/ubanews.com\/site\/#\/schema\/person\/d90c9e47252fbb63dcc969fe4c8b9d10","name":"Sodr\u00e9","image":{"@type":"ImageObject","inLanguage":"pt-BR","@id":"https:\/\/secure.gravatar.com\/avatar\/5ba2793f0590b9dbfad3fdec4ee714485b3eef211c9b32ee53d414060454a56c?s=96&d=mm&r=g","url":"https:\/\/secure.gravatar.com\/avatar\/5ba2793f0590b9dbfad3fdec4ee714485b3eef211c9b32ee53d414060454a56c?s=96&d=mm&r=g","contentUrl":"https:\/\/secure.gravatar.com\/avatar\/5ba2793f0590b9dbfad3fdec4ee714485b3eef211c9b32ee53d414060454a56c?s=96&d=mm&r=g","caption":"Sodr\u00e9"},"sameAs":["https:\/\/www.facebook.com\/carosroberto.sodre.5\/"],"url":"https:\/\/ubanews.com\/site\/author\/felipe\/"}]}},"_links":{"self":[{"href":"https:\/\/ubanews.com\/site\/wp-json\/wp\/v2\/posts\/7161","targetHints":{"allow":["GET"]}}],"collection":[{"href":"https:\/\/ubanews.com\/site\/wp-json\/wp\/v2\/posts"}],"about":[{"href":"https:\/\/ubanews.com\/site\/wp-json\/wp\/v2\/types\/post"}],"author":[{"embeddable":true,"href":"https:\/\/ubanews.com\/site\/wp-json\/wp\/v2\/users\/2"}],"replies":[{"embeddable":true,"href":"https:\/\/ubanews.com\/site\/wp-json\/wp\/v2\/comments?post=7161"}],"version-history":[{"count":0,"href":"https:\/\/ubanews.com\/site\/wp-json\/wp\/v2\/posts\/7161\/revisions"}],"wp:featuredmedia":[{"embeddable":true,"href":"https:\/\/ubanews.com\/site\/wp-json\/wp\/v2\/media\/7162"}],"wp:attachment":[{"href":"https:\/\/ubanews.com\/site\/wp-json\/wp\/v2\/media?parent=7161"}],"wp:term":[{"taxonomy":"category","embeddable":true,"href":"https:\/\/ubanews.com\/site\/wp-json\/wp\/v2\/categories?post=7161"},{"taxonomy":"post_tag","embeddable":true,"href":"https:\/\/ubanews.com\/site\/wp-json\/wp\/v2\/tags?post=7161"}],"curies":[{"name":"wp","href":"https:\/\/api.w.org\/{rel}","templated":true}]}}