{"id":7095,"date":"2018-08-30T16:34:33","date_gmt":"2018-08-30T19:34:33","guid":{"rendered":"http:\/\/ubanews.com\/site\/?p=7095"},"modified":"2018-09-02T12:43:00","modified_gmt":"2018-09-02T15:43:00","slug":"o-corpo-da-professora-daniela-silva-foi-sepultado-no-cemiterio-memorial-das-rosas","status":"publish","type":"post","link":"https:\/\/ubanews.com\/site\/2018\/08\/30\/o-corpo-da-professora-daniela-silva-foi-sepultado-no-cemiterio-memorial-das-rosas\/","title":{"rendered":"O CORPO DA PROFESSORA DANIELA SILVA FOI SEPULTADO NO CEMIT\u00c9RIO MEMORIAL DAS ROSAS"},"content":{"rendered":"<p><a href=\"https:\/\/ubanews.com\/site\/wp-content\/uploads\/2018\/08\/074-1.jpg\"><img decoding=\"async\" class=\"alignnone wp-image-7096 size-full lazyload\" data-src=\"https:\/\/ubanews.com\/site\/wp-content\/uploads\/2018\/08\/074-1.jpg\" alt=\"\" width=\"800\" height=\"457\" data-srcset=\"https:\/\/ubanews.com\/site\/wp-content\/uploads\/2018\/08\/074-1.jpg 800w, https:\/\/ubanews.com\/site\/wp-content\/uploads\/2018\/08\/074-1-300x171.jpg 300w, https:\/\/ubanews.com\/site\/wp-content\/uploads\/2018\/08\/074-1-768x439.jpg 768w\" data-sizes=\"(max-width: 800px) 100vw, 800px\" src=\"data:image\/svg+xml;base64,PHN2ZyB3aWR0aD0iMSIgaGVpZ2h0PSIxIiB4bWxucz0iaHR0cDovL3d3dy53My5vcmcvMjAwMC9zdmciPjwvc3ZnPg==\" style=\"--smush-placeholder-width: 800px; --smush-placeholder-aspect-ratio: 800\/457;\" \/><\/a><\/p>\n<p><strong>Ex-Secret\u00e1ria de Educa\u00e7\u00e3o do Munic\u00edpio de Ub\u00e1, visivelmente abalada, foi ao vel\u00f3rio para se despedir de sua amiga e levar um abra\u00e7o aos familiares.<\/strong><\/p>\n<div style=\"position: relative; height: 0; padding-bottom: 56.25%;\"><iframe style=\"position: absolute; width: 100%; height: 100%; left: 0;\" data-src=\"https:\/\/www.youtube.com\/embed\/b32AKmbftm4?ecver=2\" width=\"640\" height=\"360\" frameborder=\"0\" allowfullscreen=\"allowfullscreen\" src=\"data:image\/svg+xml;base64,PHN2ZyB3aWR0aD0iMSIgaGVpZ2h0PSIxIiB4bWxucz0iaHR0cDovL3d3dy53My5vcmcvMjAwMC9zdmciPjwvc3ZnPg==\" class=\"lazyload\" data-load-mode=\"1\"><\/iframe><\/div>\n<p>E<span style=\"font-size: 1.0625rem;\">mo\u00e7\u00e3o, l\u00e1grimas e uma calorosa salva de palmas. Assim foram os \u00faltimos momentos da professora Daniela Silva (42) aqui no plano terrestre. O pai, o senhor M\u00e1rio Pinto, arriscou alguns passos at\u00e9 pr\u00f3ximo ao local onde a filha j\u00e1 faz sua morada. A m\u00e3e, a senhora V\u00e2nia, essa n\u00e3o teve a mesma vontade, preferindo permanecer onde estava, e, ainda refletindo sobre os \u00faltimos sete dias. \u201cMeu filho, voc\u00ea n\u00e3o imagina o que passei nesses dias, nessa \u00faltima semana\u201d. Falou, olhando bem nos meus olhos. E as l\u00e1grimas descendo lentamente, como se tamb\u00e9m estivesse sentindo \u00e0 partida de Dani.<\/span><\/p>\n<p>Muitos amigos (as), entre familiares e amigos foram at\u00e9 o Cemit\u00e9rio Memorial das Rosas levando um abra\u00e7o de condol\u00eancias e o \u00faltimo adeus a Supervisora da Escola Estadual Doutor Levindo Coelho. O Maestro Marum Alexander, presidente da AULE (Academia Ubaense de Letras), onde da entidade, levou um abra\u00e7o \u00e0 fam\u00edlia. Ali\u00e1s, na sexta-feira (24), assim que os m\u00e9dicos confirmaram morte cerebral em Daniela, o Maestro postou em sua p\u00e1gina no facebook a seguinte:<\/p>\n<p><a href=\"https:\/\/ubanews.com\/site\/wp-content\/uploads\/2018\/08\/ELETRO-SENA-AUTOMOTIVA-2.jpg\"><img decoding=\"async\" class=\"alignnone wp-image-7016 size-full lazyload\" data-src=\"https:\/\/ubanews.com\/site\/wp-content\/uploads\/2018\/08\/ELETRO-SENA-AUTOMOTIVA-2.jpg\" alt=\"\" width=\"800\" height=\"264\" data-srcset=\"https:\/\/ubanews.com\/site\/wp-content\/uploads\/2018\/08\/ELETRO-SENA-AUTOMOTIVA-2.jpg 800w, https:\/\/ubanews.com\/site\/wp-content\/uploads\/2018\/08\/ELETRO-SENA-AUTOMOTIVA-2-300x99.jpg 300w, https:\/\/ubanews.com\/site\/wp-content\/uploads\/2018\/08\/ELETRO-SENA-AUTOMOTIVA-2-768x253.jpg 768w\" data-sizes=\"(max-width: 800px) 100vw, 800px\" src=\"data:image\/svg+xml;base64,PHN2ZyB3aWR0aD0iMSIgaGVpZ2h0PSIxIiB4bWxucz0iaHR0cDovL3d3dy53My5vcmcvMjAwMC9zdmciPjwvc3ZnPg==\" style=\"--smush-placeholder-width: 800px; --smush-placeholder-aspect-ratio: 800\/264;\" \/><\/a><\/p>\n<p><em>Que triste not\u00edcia! Estive com Daniela no princ\u00edpio da semana e conversamos bastante sobre muitas coisas boas ligadas \u00e0 educa\u00e7\u00e3o e \u00e0 cultura. N\u00e3o sei porque a morte tem que ceifar uma vida t\u00e3o fulgurante como a dela. Agora s\u00f3 nos resta orar por sua alma, rogando a Deus que a mantenha coladinha a Ele, bem feliz, na eternidade celeste. A voc\u00ea, caro amigo M\u00e1rio, e aos seus demais familiares, o meu abra\u00e7o fraterno e solid\u00e1rio neste prematuro e indecifr\u00e1vel momento de dor. <\/em><\/p>\n<p>A supervisora Isabela Reis Arag\u00e3o Guimar\u00e3es n\u00e3o quis gravar entrevista, mas mesmo muito emocionada, e por insist\u00eancia nossa, falou por alguns minutos conosco ap\u00f3s o sepultamento de sua colega de trabalho e amiga desde os tempos de faculdade, h\u00e1 13 anos.<\/p>\n","protected":false},"excerpt":{"rendered":"<p>Ex-Secret\u00e1ria de Educa\u00e7\u00e3o do Munic\u00edpio de Ub\u00e1, visivelmente abalada, foi<\/p>\n","protected":false},"author":2,"featured_media":6801,"comment_status":"open","ping_status":"open","sticky":false,"template":"","format":"standard","meta":{"footnotes":""},"categories":[1],"tags":[],"class_list":["post-7095","post","type-post","status-publish","format-standard","has-post-thumbnail","hentry","category-sem-categoria"],"yoast_head":"<!-- This site is optimized with the Yoast SEO plugin v27.2 - https:\/\/yoast.com\/product\/yoast-seo-wordpress\/ -->\n<title>O CORPO DA PROFESSORA DANIELA SILVA FOI SEPULTADO NO CEMIT\u00c9RIO MEMORIAL DAS ROSAS - Ub\u00e1 News<\/title>\n<meta name=\"robots\" content=\"index, follow, max-snippet:-1, max-image-preview:large, max-video-preview:-1\" \/>\n<link rel=\"canonical\" href=\"https:\/\/ubanews.com\/site\/2018\/08\/30\/o-corpo-da-professora-daniela-silva-foi-sepultado-no-cemiterio-memorial-das-rosas\/\" \/>\n<meta property=\"og:locale\" content=\"pt_BR\" \/>\n<meta property=\"og:type\" content=\"article\" \/>\n<meta property=\"og:title\" content=\"O CORPO DA PROFESSORA DANIELA SILVA FOI SEPULTADO NO CEMIT\u00c9RIO MEMORIAL DAS ROSAS - Ub\u00e1 News\" \/>\n<meta property=\"og:description\" content=\"Ex-Secret\u00e1ria de Educa\u00e7\u00e3o do Munic\u00edpio de Ub\u00e1, visivelmente abalada, foi\" \/>\n<meta property=\"og:url\" content=\"https:\/\/ubanews.com\/site\/2018\/08\/30\/o-corpo-da-professora-daniela-silva-foi-sepultado-no-cemiterio-memorial-das-rosas\/\" \/>\n<meta property=\"og:site_name\" content=\"Ub\u00e1 News\" \/>\n<meta property=\"article:publisher\" content=\"https:\/\/www.facebook.com\/Ub%c3%a1News-Carlos-Roberto-Sodr%c3%a9-418778301977370\" \/>\n<meta property=\"article:author\" content=\"https:\/\/www.facebook.com\/carosroberto.sodre.5\/\" \/>\n<meta property=\"article:published_time\" content=\"2018-08-30T19:34:33+00:00\" \/>\n<meta property=\"article:modified_time\" content=\"2018-09-02T15:43:00+00:00\" \/>\n<meta property=\"og:image\" content=\"https:\/\/ubanews.com\/site\/wp-content\/uploads\/2018\/08\/luto.jpg\" \/>\n\t<meta property=\"og:image:width\" content=\"800\" \/>\n\t<meta property=\"og:image:height\" content=\"389\" \/>\n\t<meta property=\"og:image:type\" content=\"image\/jpeg\" \/>\n<meta name=\"author\" content=\"Sodr\u00e9\" \/>\n<meta name=\"twitter:card\" content=\"summary_large_image\" \/>\n<meta name=\"twitter:label1\" content=\"Escrito por\" \/>\n\t<meta name=\"twitter:data1\" content=\"Sodr\u00e9\" \/>\n\t<meta name=\"twitter:label2\" content=\"Est. tempo de leitura\" \/>\n\t<meta name=\"twitter:data2\" content=\"2 minutos\" \/>\n<script type=\"application\/ld+json\" class=\"yoast-schema-graph\">{\"@context\":\"https:\/\/schema.org\",\"@graph\":[{\"@type\":\"Article\",\"@id\":\"https:\/\/ubanews.com\/site\/2018\/08\/30\/o-corpo-da-professora-daniela-silva-foi-sepultado-no-cemiterio-memorial-das-rosas\/#article\",\"isPartOf\":{\"@id\":\"https:\/\/ubanews.com\/site\/2018\/08\/30\/o-corpo-da-professora-daniela-silva-foi-sepultado-no-cemiterio-memorial-das-rosas\/\"},\"author\":{\"name\":\"Sodr\u00e9\",\"@id\":\"https:\/\/ubanews.com\/site\/#\/schema\/person\/d90c9e47252fbb63dcc969fe4c8b9d10\"},\"headline\":\"O CORPO DA PROFESSORA DANIELA SILVA FOI SEPULTADO NO CEMIT\u00c9RIO MEMORIAL DAS ROSAS\",\"datePublished\":\"2018-08-30T19:34:33+00:00\",\"dateModified\":\"2018-09-02T15:43:00+00:00\",\"mainEntityOfPage\":{\"@id\":\"https:\/\/ubanews.com\/site\/2018\/08\/30\/o-corpo-da-professora-daniela-silva-foi-sepultado-no-cemiterio-memorial-das-rosas\/\"},\"wordCount\":363,\"commentCount\":0,\"publisher\":{\"@id\":\"https:\/\/ubanews.com\/site\/#organization\"},\"image\":{\"@id\":\"https:\/\/ubanews.com\/site\/2018\/08\/30\/o-corpo-da-professora-daniela-silva-foi-sepultado-no-cemiterio-memorial-das-rosas\/#primaryimage\"},\"thumbnailUrl\":\"https:\/\/ubanews.com\/site\/wp-content\/uploads\/2018\/08\/luto.jpg\",\"articleSection\":[\"Geral\"],\"inLanguage\":\"pt-BR\",\"potentialAction\":[{\"@type\":\"CommentAction\",\"name\":\"Comment\",\"target\":[\"https:\/\/ubanews.com\/site\/2018\/08\/30\/o-corpo-da-professora-daniela-silva-foi-sepultado-no-cemiterio-memorial-das-rosas\/#respond\"]}]},{\"@type\":\"WebPage\",\"@id\":\"https:\/\/ubanews.com\/site\/2018\/08\/30\/o-corpo-da-professora-daniela-silva-foi-sepultado-no-cemiterio-memorial-das-rosas\/\",\"url\":\"https:\/\/ubanews.com\/site\/2018\/08\/30\/o-corpo-da-professora-daniela-silva-foi-sepultado-no-cemiterio-memorial-das-rosas\/\",\"name\":\"O CORPO DA PROFESSORA DANIELA SILVA FOI SEPULTADO NO CEMIT\u00c9RIO MEMORIAL DAS ROSAS - Ub\u00e1 News\",\"isPartOf\":{\"@id\":\"https:\/\/ubanews.com\/site\/#website\"},\"primaryImageOfPage\":{\"@id\":\"https:\/\/ubanews.com\/site\/2018\/08\/30\/o-corpo-da-professora-daniela-silva-foi-sepultado-no-cemiterio-memorial-das-rosas\/#primaryimage\"},\"image\":{\"@id\":\"https:\/\/ubanews.com\/site\/2018\/08\/30\/o-corpo-da-professora-daniela-silva-foi-sepultado-no-cemiterio-memorial-das-rosas\/#primaryimage\"},\"thumbnailUrl\":\"https:\/\/ubanews.com\/site\/wp-content\/uploads\/2018\/08\/luto.jpg\",\"datePublished\":\"2018-08-30T19:34:33+00:00\",\"dateModified\":\"2018-09-02T15:43:00+00:00\",\"breadcrumb\":{\"@id\":\"https:\/\/ubanews.com\/site\/2018\/08\/30\/o-corpo-da-professora-daniela-silva-foi-sepultado-no-cemiterio-memorial-das-rosas\/#breadcrumb\"},\"inLanguage\":\"pt-BR\",\"potentialAction\":[{\"@type\":\"ReadAction\",\"target\":[\"https:\/\/ubanews.com\/site\/2018\/08\/30\/o-corpo-da-professora-daniela-silva-foi-sepultado-no-cemiterio-memorial-das-rosas\/\"]}]},{\"@type\":\"ImageObject\",\"inLanguage\":\"pt-BR\",\"@id\":\"https:\/\/ubanews.com\/site\/2018\/08\/30\/o-corpo-da-professora-daniela-silva-foi-sepultado-no-cemiterio-memorial-das-rosas\/#primaryimage\",\"url\":\"https:\/\/ubanews.com\/site\/wp-content\/uploads\/2018\/08\/luto.jpg\",\"contentUrl\":\"https:\/\/ubanews.com\/site\/wp-content\/uploads\/2018\/08\/luto.jpg\",\"width\":800,\"height\":389},{\"@type\":\"BreadcrumbList\",\"@id\":\"https:\/\/ubanews.com\/site\/2018\/08\/30\/o-corpo-da-professora-daniela-silva-foi-sepultado-no-cemiterio-memorial-das-rosas\/#breadcrumb\",\"itemListElement\":[{\"@type\":\"ListItem\",\"position\":1,\"name\":\"Home\",\"item\":\"https:\/\/ubanews.com\/site\/\"},{\"@type\":\"ListItem\",\"position\":2,\"name\":\"O CORPO DA PROFESSORA DANIELA SILVA FOI SEPULTADO NO CEMIT\u00c9RIO MEMORIAL DAS ROSAS\"}]},{\"@type\":\"WebSite\",\"@id\":\"https:\/\/ubanews.com\/site\/#website\",\"url\":\"https:\/\/ubanews.com\/site\/\",\"name\":\"Ub\u00e1 News\",\"description\":\"\",\"publisher\":{\"@id\":\"https:\/\/ubanews.com\/site\/#organization\"},\"potentialAction\":[{\"@type\":\"SearchAction\",\"target\":{\"@type\":\"EntryPoint\",\"urlTemplate\":\"https:\/\/ubanews.com\/site\/?s={search_term_string}\"},\"query-input\":{\"@type\":\"PropertyValueSpecification\",\"valueRequired\":true,\"valueName\":\"search_term_string\"}}],\"inLanguage\":\"pt-BR\"},{\"@type\":\"Organization\",\"@id\":\"https:\/\/ubanews.com\/site\/#organization\",\"name\":\"Ub\u00e1 News\",\"url\":\"https:\/\/ubanews.com\/site\/\",\"logo\":{\"@type\":\"ImageObject\",\"inLanguage\":\"pt-BR\",\"@id\":\"https:\/\/ubanews.com\/site\/#\/schema\/logo\/image\/\",\"url\":\"https:\/\/ubanews.com\/site\/wp-content\/uploads\/2018\/01\/logoubanews.png\",\"contentUrl\":\"https:\/\/ubanews.com\/site\/wp-content\/uploads\/2018\/01\/logoubanews.png\",\"width\":261,\"height\":99,\"caption\":\"Ub\u00e1 News\"},\"image\":{\"@id\":\"https:\/\/ubanews.com\/site\/#\/schema\/logo\/image\/\"},\"sameAs\":[\"https:\/\/www.facebook.com\/Ub\u00e1News-Carlos-Roberto-Sodr\u00e9-418778301977370\"]},{\"@type\":\"Person\",\"@id\":\"https:\/\/ubanews.com\/site\/#\/schema\/person\/d90c9e47252fbb63dcc969fe4c8b9d10\",\"name\":\"Sodr\u00e9\",\"image\":{\"@type\":\"ImageObject\",\"inLanguage\":\"pt-BR\",\"@id\":\"https:\/\/secure.gravatar.com\/avatar\/5ba2793f0590b9dbfad3fdec4ee714485b3eef211c9b32ee53d414060454a56c?s=96&d=mm&r=g\",\"url\":\"https:\/\/secure.gravatar.com\/avatar\/5ba2793f0590b9dbfad3fdec4ee714485b3eef211c9b32ee53d414060454a56c?s=96&d=mm&r=g\",\"contentUrl\":\"https:\/\/secure.gravatar.com\/avatar\/5ba2793f0590b9dbfad3fdec4ee714485b3eef211c9b32ee53d414060454a56c?s=96&d=mm&r=g\",\"caption\":\"Sodr\u00e9\"},\"sameAs\":[\"https:\/\/www.facebook.com\/carosroberto.sodre.5\/\"],\"url\":\"https:\/\/ubanews.com\/site\/author\/felipe\/\"}]}<\/script>\n<!-- \/ Yoast SEO plugin. -->","yoast_head_json":{"title":"O CORPO DA PROFESSORA DANIELA SILVA FOI SEPULTADO NO CEMIT\u00c9RIO MEMORIAL DAS ROSAS - Ub\u00e1 News","robots":{"index":"index","follow":"follow","max-snippet":"max-snippet:-1","max-image-preview":"max-image-preview:large","max-video-preview":"max-video-preview:-1"},"canonical":"https:\/\/ubanews.com\/site\/2018\/08\/30\/o-corpo-da-professora-daniela-silva-foi-sepultado-no-cemiterio-memorial-das-rosas\/","og_locale":"pt_BR","og_type":"article","og_title":"O CORPO DA PROFESSORA DANIELA SILVA FOI SEPULTADO NO CEMIT\u00c9RIO MEMORIAL DAS ROSAS - Ub\u00e1 News","og_description":"Ex-Secret\u00e1ria de Educa\u00e7\u00e3o do Munic\u00edpio de Ub\u00e1, visivelmente abalada, foi","og_url":"https:\/\/ubanews.com\/site\/2018\/08\/30\/o-corpo-da-professora-daniela-silva-foi-sepultado-no-cemiterio-memorial-das-rosas\/","og_site_name":"Ub\u00e1 News","article_publisher":"https:\/\/www.facebook.com\/Ub%c3%a1News-Carlos-Roberto-Sodr%c3%a9-418778301977370","article_author":"https:\/\/www.facebook.com\/carosroberto.sodre.5\/","article_published_time":"2018-08-30T19:34:33+00:00","article_modified_time":"2018-09-02T15:43:00+00:00","og_image":[{"width":800,"height":389,"url":"https:\/\/ubanews.com\/site\/wp-content\/uploads\/2018\/08\/luto.jpg","type":"image\/jpeg"}],"author":"Sodr\u00e9","twitter_card":"summary_large_image","twitter_misc":{"Escrito por":"Sodr\u00e9","Est. tempo de leitura":"2 minutos"},"schema":{"@context":"https:\/\/schema.org","@graph":[{"@type":"Article","@id":"https:\/\/ubanews.com\/site\/2018\/08\/30\/o-corpo-da-professora-daniela-silva-foi-sepultado-no-cemiterio-memorial-das-rosas\/#article","isPartOf":{"@id":"https:\/\/ubanews.com\/site\/2018\/08\/30\/o-corpo-da-professora-daniela-silva-foi-sepultado-no-cemiterio-memorial-das-rosas\/"},"author":{"name":"Sodr\u00e9","@id":"https:\/\/ubanews.com\/site\/#\/schema\/person\/d90c9e47252fbb63dcc969fe4c8b9d10"},"headline":"O CORPO DA PROFESSORA DANIELA SILVA FOI SEPULTADO NO CEMIT\u00c9RIO MEMORIAL DAS ROSAS","datePublished":"2018-08-30T19:34:33+00:00","dateModified":"2018-09-02T15:43:00+00:00","mainEntityOfPage":{"@id":"https:\/\/ubanews.com\/site\/2018\/08\/30\/o-corpo-da-professora-daniela-silva-foi-sepultado-no-cemiterio-memorial-das-rosas\/"},"wordCount":363,"commentCount":0,"publisher":{"@id":"https:\/\/ubanews.com\/site\/#organization"},"image":{"@id":"https:\/\/ubanews.com\/site\/2018\/08\/30\/o-corpo-da-professora-daniela-silva-foi-sepultado-no-cemiterio-memorial-das-rosas\/#primaryimage"},"thumbnailUrl":"https:\/\/ubanews.com\/site\/wp-content\/uploads\/2018\/08\/luto.jpg","articleSection":["Geral"],"inLanguage":"pt-BR","potentialAction":[{"@type":"CommentAction","name":"Comment","target":["https:\/\/ubanews.com\/site\/2018\/08\/30\/o-corpo-da-professora-daniela-silva-foi-sepultado-no-cemiterio-memorial-das-rosas\/#respond"]}]},{"@type":"WebPage","@id":"https:\/\/ubanews.com\/site\/2018\/08\/30\/o-corpo-da-professora-daniela-silva-foi-sepultado-no-cemiterio-memorial-das-rosas\/","url":"https:\/\/ubanews.com\/site\/2018\/08\/30\/o-corpo-da-professora-daniela-silva-foi-sepultado-no-cemiterio-memorial-das-rosas\/","name":"O CORPO DA PROFESSORA DANIELA SILVA FOI SEPULTADO NO CEMIT\u00c9RIO MEMORIAL DAS ROSAS - Ub\u00e1 News","isPartOf":{"@id":"https:\/\/ubanews.com\/site\/#website"},"primaryImageOfPage":{"@id":"https:\/\/ubanews.com\/site\/2018\/08\/30\/o-corpo-da-professora-daniela-silva-foi-sepultado-no-cemiterio-memorial-das-rosas\/#primaryimage"},"image":{"@id":"https:\/\/ubanews.com\/site\/2018\/08\/30\/o-corpo-da-professora-daniela-silva-foi-sepultado-no-cemiterio-memorial-das-rosas\/#primaryimage"},"thumbnailUrl":"https:\/\/ubanews.com\/site\/wp-content\/uploads\/2018\/08\/luto.jpg","datePublished":"2018-08-30T19:34:33+00:00","dateModified":"2018-09-02T15:43:00+00:00","breadcrumb":{"@id":"https:\/\/ubanews.com\/site\/2018\/08\/30\/o-corpo-da-professora-daniela-silva-foi-sepultado-no-cemiterio-memorial-das-rosas\/#breadcrumb"},"inLanguage":"pt-BR","potentialAction":[{"@type":"ReadAction","target":["https:\/\/ubanews.com\/site\/2018\/08\/30\/o-corpo-da-professora-daniela-silva-foi-sepultado-no-cemiterio-memorial-das-rosas\/"]}]},{"@type":"ImageObject","inLanguage":"pt-BR","@id":"https:\/\/ubanews.com\/site\/2018\/08\/30\/o-corpo-da-professora-daniela-silva-foi-sepultado-no-cemiterio-memorial-das-rosas\/#primaryimage","url":"https:\/\/ubanews.com\/site\/wp-content\/uploads\/2018\/08\/luto.jpg","contentUrl":"https:\/\/ubanews.com\/site\/wp-content\/uploads\/2018\/08\/luto.jpg","width":800,"height":389},{"@type":"BreadcrumbList","@id":"https:\/\/ubanews.com\/site\/2018\/08\/30\/o-corpo-da-professora-daniela-silva-foi-sepultado-no-cemiterio-memorial-das-rosas\/#breadcrumb","itemListElement":[{"@type":"ListItem","position":1,"name":"Home","item":"https:\/\/ubanews.com\/site\/"},{"@type":"ListItem","position":2,"name":"O CORPO DA PROFESSORA DANIELA SILVA FOI SEPULTADO NO CEMIT\u00c9RIO MEMORIAL DAS ROSAS"}]},{"@type":"WebSite","@id":"https:\/\/ubanews.com\/site\/#website","url":"https:\/\/ubanews.com\/site\/","name":"Ub\u00e1 News","description":"","publisher":{"@id":"https:\/\/ubanews.com\/site\/#organization"},"potentialAction":[{"@type":"SearchAction","target":{"@type":"EntryPoint","urlTemplate":"https:\/\/ubanews.com\/site\/?s={search_term_string}"},"query-input":{"@type":"PropertyValueSpecification","valueRequired":true,"valueName":"search_term_string"}}],"inLanguage":"pt-BR"},{"@type":"Organization","@id":"https:\/\/ubanews.com\/site\/#organization","name":"Ub\u00e1 News","url":"https:\/\/ubanews.com\/site\/","logo":{"@type":"ImageObject","inLanguage":"pt-BR","@id":"https:\/\/ubanews.com\/site\/#\/schema\/logo\/image\/","url":"https:\/\/ubanews.com\/site\/wp-content\/uploads\/2018\/01\/logoubanews.png","contentUrl":"https:\/\/ubanews.com\/site\/wp-content\/uploads\/2018\/01\/logoubanews.png","width":261,"height":99,"caption":"Ub\u00e1 News"},"image":{"@id":"https:\/\/ubanews.com\/site\/#\/schema\/logo\/image\/"},"sameAs":["https:\/\/www.facebook.com\/Ub\u00e1News-Carlos-Roberto-Sodr\u00e9-418778301977370"]},{"@type":"Person","@id":"https:\/\/ubanews.com\/site\/#\/schema\/person\/d90c9e47252fbb63dcc969fe4c8b9d10","name":"Sodr\u00e9","image":{"@type":"ImageObject","inLanguage":"pt-BR","@id":"https:\/\/secure.gravatar.com\/avatar\/5ba2793f0590b9dbfad3fdec4ee714485b3eef211c9b32ee53d414060454a56c?s=96&d=mm&r=g","url":"https:\/\/secure.gravatar.com\/avatar\/5ba2793f0590b9dbfad3fdec4ee714485b3eef211c9b32ee53d414060454a56c?s=96&d=mm&r=g","contentUrl":"https:\/\/secure.gravatar.com\/avatar\/5ba2793f0590b9dbfad3fdec4ee714485b3eef211c9b32ee53d414060454a56c?s=96&d=mm&r=g","caption":"Sodr\u00e9"},"sameAs":["https:\/\/www.facebook.com\/carosroberto.sodre.5\/"],"url":"https:\/\/ubanews.com\/site\/author\/felipe\/"}]}},"_links":{"self":[{"href":"https:\/\/ubanews.com\/site\/wp-json\/wp\/v2\/posts\/7095","targetHints":{"allow":["GET"]}}],"collection":[{"href":"https:\/\/ubanews.com\/site\/wp-json\/wp\/v2\/posts"}],"about":[{"href":"https:\/\/ubanews.com\/site\/wp-json\/wp\/v2\/types\/post"}],"author":[{"embeddable":true,"href":"https:\/\/ubanews.com\/site\/wp-json\/wp\/v2\/users\/2"}],"replies":[{"embeddable":true,"href":"https:\/\/ubanews.com\/site\/wp-json\/wp\/v2\/comments?post=7095"}],"version-history":[{"count":0,"href":"https:\/\/ubanews.com\/site\/wp-json\/wp\/v2\/posts\/7095\/revisions"}],"wp:featuredmedia":[{"embeddable":true,"href":"https:\/\/ubanews.com\/site\/wp-json\/wp\/v2\/media\/6801"}],"wp:attachment":[{"href":"https:\/\/ubanews.com\/site\/wp-json\/wp\/v2\/media?parent=7095"}],"wp:term":[{"taxonomy":"category","embeddable":true,"href":"https:\/\/ubanews.com\/site\/wp-json\/wp\/v2\/categories?post=7095"},{"taxonomy":"post_tag","embeddable":true,"href":"https:\/\/ubanews.com\/site\/wp-json\/wp\/v2\/tags?post=7095"}],"curies":[{"name":"wp","href":"https:\/\/api.w.org\/{rel}","templated":true}]}}