{"id":7054,"date":"2018-08-29T14:36:19","date_gmt":"2018-08-29T17:36:19","guid":{"rendered":"http:\/\/ubanews.com\/site\/?p=7054"},"modified":"2018-08-29T14:36:19","modified_gmt":"2018-08-29T17:36:19","slug":"motocicleta-furtada-e-recuperada-e-cidadao-infrator-e-preso-em-santana-de-cataguases","status":"publish","type":"post","link":"https:\/\/ubanews.com\/site\/2018\/08\/29\/motocicleta-furtada-e-recuperada-e-cidadao-infrator-e-preso-em-santana-de-cataguases\/","title":{"rendered":"MOTOCICLETA FURTADA \u00c9 RECUPERADA E CIDAD\u00c3O INFRATOR \u00c9 PRESO EM SANTANA DE CATAGUASES"},"content":{"rendered":"<p>No dia 28 de agosto \u00e0s 16h a Pol\u00edcia Militar foi procurada pela v\u00edtima, um senhor de 43 anos, que na noite anterior por volta das 19h30min estacionou na garagem de sua resid\u00eancia o ve\u00edculo motocicleta CG 125 Fan, azul, placa HBF- 6668, que fica na Rua Joaquim Alves Ara\u00fajo, Centro, e que por volta das 04h30min observou que o ve\u00edculo n\u00e3o estava mais no local. Segundo a v\u00edtima, a garagem estava aberta e a chave de igni\u00e7\u00e3o encontrava-se no ve\u00edculo, bem como um capacete vermelho.<\/p>\n<p>Devido ao lapso temporal o rastreamento ficou bastante prejudicado por demorou quase 12 horas para acionar a pol\u00edcia militar, contudo as informa\u00e7\u00f5es foram repassadas as cidades circunvizinhas<\/p>\n<p>Algumas horas mais a Sala de opera\u00e7\u00f5es da cidade de Cataguases recebeu informa\u00e7\u00e3o que um adolescente, conhecido no meio Policial devido a v\u00e1rias pr\u00e1ticas de atos infracionais tinha chegado em sua resid\u00eancia em uma motocicleta azul e estaria iniciando a pintura do ve\u00edculo.<\/p>\n<p><a href=\"https:\/\/ubanews.com\/site\/wp-content\/uploads\/2018\/08\/ELETRO-SENA-AUTOMOTIVA-2.jpg\"><img decoding=\"async\" class=\"alignnone wp-image-7016 size-full lazyload\" data-src=\"https:\/\/ubanews.com\/site\/wp-content\/uploads\/2018\/08\/ELETRO-SENA-AUTOMOTIVA-2.jpg\" alt=\"\" width=\"800\" height=\"264\" data-srcset=\"https:\/\/ubanews.com\/site\/wp-content\/uploads\/2018\/08\/ELETRO-SENA-AUTOMOTIVA-2.jpg 800w, https:\/\/ubanews.com\/site\/wp-content\/uploads\/2018\/08\/ELETRO-SENA-AUTOMOTIVA-2-300x99.jpg 300w, https:\/\/ubanews.com\/site\/wp-content\/uploads\/2018\/08\/ELETRO-SENA-AUTOMOTIVA-2-768x253.jpg 768w\" data-sizes=\"(max-width: 800px) 100vw, 800px\" src=\"data:image\/svg+xml;base64,PHN2ZyB3aWR0aD0iMSIgaGVpZ2h0PSIxIiB4bWxucz0iaHR0cDovL3d3dy53My5vcmcvMjAwMC9zdmciPjwvc3ZnPg==\" style=\"--smush-placeholder-width: 800px; --smush-placeholder-aspect-ratio: 800\/264;\" \/><\/a><\/p>\n<p>De imediato os militares suspeitaram que seria o ve\u00edculo furtado em Santana de Cataguases tendo os militares se deslocado at\u00e9 a Rua Geraldino Ferraz, Bairro Para\u00edso, onde a Guarni\u00e7\u00e3o deparou com a motocicleta Honda CG 125 Fan, azul, placa HBF- 6668, estando ela com o motor quente, sendo constatado o in\u00edcio de uma pintura. Pr\u00f3ximo a motocicleta foi encontrada uma mochila contendo diversas tintas spray que tamb\u00e9m foram furtadas na cidade Santana de Cataguases em uma casa de materiais de constru\u00e7\u00e3o tamb\u00e9m naquela manh\u00e3. Em seguida os militares entraram na casa do adolescente infrator e ap\u00f3s varredura pelo im\u00f3vel ele n\u00e3o foi localizado no primeiro momento, tendo ent\u00e3o os militares realizado rastreamento pelo bairro, contudo ao retornarem no endere\u00e7o do adolescente ele foi encontrado e apreendido.<\/p>\n<p>O adolescente infrator de 15 anos foi apreendido e encaminhado \u00e0 Delegacia de Pol\u00edcia civil com a motocicleta apreendida para ser restitu\u00edda ao seu propriet\u00e1rio.<\/p>\n<p><strong>ASSESSORIA DE COMUNICA\u00c7\u00c3O ORGANIZACIONAL<\/strong><\/p>\n<p><strong><em>Vig\u00e9simo Primeiro Batalh\u00e3o de Pol\u00edcia Militar<\/em><\/strong><\/p>\n","protected":false},"excerpt":{"rendered":"<p>No dia 28 de agosto \u00e0s 16h a Pol\u00edcia Militar<\/p>\n","protected":false},"author":2,"featured_media":3403,"comment_status":"open","ping_status":"open","sticky":false,"template":"","format":"standard","meta":{"footnotes":""},"categories":[13],"tags":[],"class_list":["post-7054","post","type-post","status-publish","format-standard","has-post-thumbnail","hentry","category-sintese-das-ocorrencias"],"yoast_head":"<!-- This site is optimized with the Yoast SEO plugin v27.2 - https:\/\/yoast.com\/product\/yoast-seo-wordpress\/ -->\n<title>MOTOCICLETA FURTADA \u00c9 RECUPERADA E CIDAD\u00c3O INFRATOR \u00c9 PRESO EM SANTANA DE CATAGUASES - Ub\u00e1 News<\/title>\n<meta name=\"robots\" content=\"index, follow, max-snippet:-1, max-image-preview:large, max-video-preview:-1\" \/>\n<link rel=\"canonical\" href=\"https:\/\/ubanews.com\/site\/2018\/08\/29\/motocicleta-furtada-e-recuperada-e-cidadao-infrator-e-preso-em-santana-de-cataguases\/\" \/>\n<meta property=\"og:locale\" content=\"pt_BR\" \/>\n<meta property=\"og:type\" content=\"article\" \/>\n<meta property=\"og:title\" content=\"MOTOCICLETA FURTADA \u00c9 RECUPERADA E CIDAD\u00c3O INFRATOR \u00c9 PRESO EM SANTANA DE CATAGUASES - Ub\u00e1 News\" \/>\n<meta property=\"og:description\" content=\"No dia 28 de agosto \u00e0s 16h a Pol\u00edcia Militar\" \/>\n<meta property=\"og:url\" content=\"https:\/\/ubanews.com\/site\/2018\/08\/29\/motocicleta-furtada-e-recuperada-e-cidadao-infrator-e-preso-em-santana-de-cataguases\/\" \/>\n<meta property=\"og:site_name\" content=\"Ub\u00e1 News\" \/>\n<meta property=\"article:publisher\" content=\"https:\/\/www.facebook.com\/Ub%c3%a1News-Carlos-Roberto-Sodr%c3%a9-418778301977370\" \/>\n<meta property=\"article:author\" content=\"https:\/\/www.facebook.com\/carosroberto.sodre.5\/\" \/>\n<meta property=\"article:published_time\" content=\"2018-08-29T17:36:19+00:00\" \/>\n<meta property=\"og:image\" content=\"https:\/\/ubanews.com\/site\/wp-content\/uploads\/2018\/05\/FURTO-DE-MOTO-c\u00f3pia.jpg\" \/>\n\t<meta property=\"og:image:width\" content=\"800\" \/>\n\t<meta property=\"og:image:height\" content=\"457\" \/>\n\t<meta property=\"og:image:type\" content=\"image\/jpeg\" \/>\n<meta name=\"author\" content=\"Sodr\u00e9\" \/>\n<meta name=\"twitter:card\" content=\"summary_large_image\" \/>\n<meta name=\"twitter:label1\" content=\"Escrito por\" \/>\n\t<meta name=\"twitter:data1\" content=\"Sodr\u00e9\" \/>\n\t<meta name=\"twitter:label2\" content=\"Est. tempo de leitura\" \/>\n\t<meta name=\"twitter:data2\" content=\"2 minutos\" \/>\n<script type=\"application\/ld+json\" class=\"yoast-schema-graph\">{\"@context\":\"https:\/\/schema.org\",\"@graph\":[{\"@type\":\"Article\",\"@id\":\"https:\/\/ubanews.com\/site\/2018\/08\/29\/motocicleta-furtada-e-recuperada-e-cidadao-infrator-e-preso-em-santana-de-cataguases\/#article\",\"isPartOf\":{\"@id\":\"https:\/\/ubanews.com\/site\/2018\/08\/29\/motocicleta-furtada-e-recuperada-e-cidadao-infrator-e-preso-em-santana-de-cataguases\/\"},\"author\":{\"name\":\"Sodr\u00e9\",\"@id\":\"https:\/\/ubanews.com\/site\/#\/schema\/person\/d90c9e47252fbb63dcc969fe4c8b9d10\"},\"headline\":\"MOTOCICLETA FURTADA \u00c9 RECUPERADA E CIDAD\u00c3O INFRATOR \u00c9 PRESO EM SANTANA DE CATAGUASES\",\"datePublished\":\"2018-08-29T17:36:19+00:00\",\"mainEntityOfPage\":{\"@id\":\"https:\/\/ubanews.com\/site\/2018\/08\/29\/motocicleta-furtada-e-recuperada-e-cidadao-infrator-e-preso-em-santana-de-cataguases\/\"},\"wordCount\":360,\"commentCount\":0,\"publisher\":{\"@id\":\"https:\/\/ubanews.com\/site\/#organization\"},\"image\":{\"@id\":\"https:\/\/ubanews.com\/site\/2018\/08\/29\/motocicleta-furtada-e-recuperada-e-cidadao-infrator-e-preso-em-santana-de-cataguases\/#primaryimage\"},\"thumbnailUrl\":\"https:\/\/ubanews.com\/site\/wp-content\/uploads\/2018\/05\/FURTO-DE-MOTO-c\u00f3pia.jpg\",\"articleSection\":[\"S\u00edntese das Ocorr\u00eancias\"],\"inLanguage\":\"pt-BR\",\"potentialAction\":[{\"@type\":\"CommentAction\",\"name\":\"Comment\",\"target\":[\"https:\/\/ubanews.com\/site\/2018\/08\/29\/motocicleta-furtada-e-recuperada-e-cidadao-infrator-e-preso-em-santana-de-cataguases\/#respond\"]}]},{\"@type\":\"WebPage\",\"@id\":\"https:\/\/ubanews.com\/site\/2018\/08\/29\/motocicleta-furtada-e-recuperada-e-cidadao-infrator-e-preso-em-santana-de-cataguases\/\",\"url\":\"https:\/\/ubanews.com\/site\/2018\/08\/29\/motocicleta-furtada-e-recuperada-e-cidadao-infrator-e-preso-em-santana-de-cataguases\/\",\"name\":\"MOTOCICLETA FURTADA \u00c9 RECUPERADA E CIDAD\u00c3O INFRATOR \u00c9 PRESO EM SANTANA DE CATAGUASES - Ub\u00e1 News\",\"isPartOf\":{\"@id\":\"https:\/\/ubanews.com\/site\/#website\"},\"primaryImageOfPage\":{\"@id\":\"https:\/\/ubanews.com\/site\/2018\/08\/29\/motocicleta-furtada-e-recuperada-e-cidadao-infrator-e-preso-em-santana-de-cataguases\/#primaryimage\"},\"image\":{\"@id\":\"https:\/\/ubanews.com\/site\/2018\/08\/29\/motocicleta-furtada-e-recuperada-e-cidadao-infrator-e-preso-em-santana-de-cataguases\/#primaryimage\"},\"thumbnailUrl\":\"https:\/\/ubanews.com\/site\/wp-content\/uploads\/2018\/05\/FURTO-DE-MOTO-c\u00f3pia.jpg\",\"datePublished\":\"2018-08-29T17:36:19+00:00\",\"breadcrumb\":{\"@id\":\"https:\/\/ubanews.com\/site\/2018\/08\/29\/motocicleta-furtada-e-recuperada-e-cidadao-infrator-e-preso-em-santana-de-cataguases\/#breadcrumb\"},\"inLanguage\":\"pt-BR\",\"potentialAction\":[{\"@type\":\"ReadAction\",\"target\":[\"https:\/\/ubanews.com\/site\/2018\/08\/29\/motocicleta-furtada-e-recuperada-e-cidadao-infrator-e-preso-em-santana-de-cataguases\/\"]}]},{\"@type\":\"ImageObject\",\"inLanguage\":\"pt-BR\",\"@id\":\"https:\/\/ubanews.com\/site\/2018\/08\/29\/motocicleta-furtada-e-recuperada-e-cidadao-infrator-e-preso-em-santana-de-cataguases\/#primaryimage\",\"url\":\"https:\/\/ubanews.com\/site\/wp-content\/uploads\/2018\/05\/FURTO-DE-MOTO-c\u00f3pia.jpg\",\"contentUrl\":\"https:\/\/ubanews.com\/site\/wp-content\/uploads\/2018\/05\/FURTO-DE-MOTO-c\u00f3pia.jpg\",\"width\":800,\"height\":457},{\"@type\":\"BreadcrumbList\",\"@id\":\"https:\/\/ubanews.com\/site\/2018\/08\/29\/motocicleta-furtada-e-recuperada-e-cidadao-infrator-e-preso-em-santana-de-cataguases\/#breadcrumb\",\"itemListElement\":[{\"@type\":\"ListItem\",\"position\":1,\"name\":\"Home\",\"item\":\"https:\/\/ubanews.com\/site\/\"},{\"@type\":\"ListItem\",\"position\":2,\"name\":\"MOTOCICLETA FURTADA \u00c9 RECUPERADA E CIDAD\u00c3O INFRATOR \u00c9 PRESO EM SANTANA DE CATAGUASES\"}]},{\"@type\":\"WebSite\",\"@id\":\"https:\/\/ubanews.com\/site\/#website\",\"url\":\"https:\/\/ubanews.com\/site\/\",\"name\":\"Ub\u00e1 News\",\"description\":\"\",\"publisher\":{\"@id\":\"https:\/\/ubanews.com\/site\/#organization\"},\"potentialAction\":[{\"@type\":\"SearchAction\",\"target\":{\"@type\":\"EntryPoint\",\"urlTemplate\":\"https:\/\/ubanews.com\/site\/?s={search_term_string}\"},\"query-input\":{\"@type\":\"PropertyValueSpecification\",\"valueRequired\":true,\"valueName\":\"search_term_string\"}}],\"inLanguage\":\"pt-BR\"},{\"@type\":\"Organization\",\"@id\":\"https:\/\/ubanews.com\/site\/#organization\",\"name\":\"Ub\u00e1 News\",\"url\":\"https:\/\/ubanews.com\/site\/\",\"logo\":{\"@type\":\"ImageObject\",\"inLanguage\":\"pt-BR\",\"@id\":\"https:\/\/ubanews.com\/site\/#\/schema\/logo\/image\/\",\"url\":\"https:\/\/ubanews.com\/site\/wp-content\/uploads\/2018\/01\/logoubanews.png\",\"contentUrl\":\"https:\/\/ubanews.com\/site\/wp-content\/uploads\/2018\/01\/logoubanews.png\",\"width\":261,\"height\":99,\"caption\":\"Ub\u00e1 News\"},\"image\":{\"@id\":\"https:\/\/ubanews.com\/site\/#\/schema\/logo\/image\/\"},\"sameAs\":[\"https:\/\/www.facebook.com\/Ub\u00e1News-Carlos-Roberto-Sodr\u00e9-418778301977370\"]},{\"@type\":\"Person\",\"@id\":\"https:\/\/ubanews.com\/site\/#\/schema\/person\/d90c9e47252fbb63dcc969fe4c8b9d10\",\"name\":\"Sodr\u00e9\",\"image\":{\"@type\":\"ImageObject\",\"inLanguage\":\"pt-BR\",\"@id\":\"https:\/\/secure.gravatar.com\/avatar\/5ba2793f0590b9dbfad3fdec4ee714485b3eef211c9b32ee53d414060454a56c?s=96&d=mm&r=g\",\"url\":\"https:\/\/secure.gravatar.com\/avatar\/5ba2793f0590b9dbfad3fdec4ee714485b3eef211c9b32ee53d414060454a56c?s=96&d=mm&r=g\",\"contentUrl\":\"https:\/\/secure.gravatar.com\/avatar\/5ba2793f0590b9dbfad3fdec4ee714485b3eef211c9b32ee53d414060454a56c?s=96&d=mm&r=g\",\"caption\":\"Sodr\u00e9\"},\"sameAs\":[\"https:\/\/www.facebook.com\/carosroberto.sodre.5\/\"],\"url\":\"https:\/\/ubanews.com\/site\/author\/felipe\/\"}]}<\/script>\n<!-- \/ Yoast SEO plugin. -->","yoast_head_json":{"title":"MOTOCICLETA FURTADA \u00c9 RECUPERADA E CIDAD\u00c3O INFRATOR \u00c9 PRESO EM SANTANA DE CATAGUASES - Ub\u00e1 News","robots":{"index":"index","follow":"follow","max-snippet":"max-snippet:-1","max-image-preview":"max-image-preview:large","max-video-preview":"max-video-preview:-1"},"canonical":"https:\/\/ubanews.com\/site\/2018\/08\/29\/motocicleta-furtada-e-recuperada-e-cidadao-infrator-e-preso-em-santana-de-cataguases\/","og_locale":"pt_BR","og_type":"article","og_title":"MOTOCICLETA FURTADA \u00c9 RECUPERADA E CIDAD\u00c3O INFRATOR \u00c9 PRESO EM SANTANA DE CATAGUASES - Ub\u00e1 News","og_description":"No dia 28 de agosto \u00e0s 16h a Pol\u00edcia Militar","og_url":"https:\/\/ubanews.com\/site\/2018\/08\/29\/motocicleta-furtada-e-recuperada-e-cidadao-infrator-e-preso-em-santana-de-cataguases\/","og_site_name":"Ub\u00e1 News","article_publisher":"https:\/\/www.facebook.com\/Ub%c3%a1News-Carlos-Roberto-Sodr%c3%a9-418778301977370","article_author":"https:\/\/www.facebook.com\/carosroberto.sodre.5\/","article_published_time":"2018-08-29T17:36:19+00:00","og_image":[{"width":800,"height":457,"url":"https:\/\/ubanews.com\/site\/wp-content\/uploads\/2018\/05\/FURTO-DE-MOTO-c\u00f3pia.jpg","type":"image\/jpeg"}],"author":"Sodr\u00e9","twitter_card":"summary_large_image","twitter_misc":{"Escrito por":"Sodr\u00e9","Est. tempo de leitura":"2 minutos"},"schema":{"@context":"https:\/\/schema.org","@graph":[{"@type":"Article","@id":"https:\/\/ubanews.com\/site\/2018\/08\/29\/motocicleta-furtada-e-recuperada-e-cidadao-infrator-e-preso-em-santana-de-cataguases\/#article","isPartOf":{"@id":"https:\/\/ubanews.com\/site\/2018\/08\/29\/motocicleta-furtada-e-recuperada-e-cidadao-infrator-e-preso-em-santana-de-cataguases\/"},"author":{"name":"Sodr\u00e9","@id":"https:\/\/ubanews.com\/site\/#\/schema\/person\/d90c9e47252fbb63dcc969fe4c8b9d10"},"headline":"MOTOCICLETA FURTADA \u00c9 RECUPERADA E CIDAD\u00c3O INFRATOR \u00c9 PRESO EM SANTANA DE CATAGUASES","datePublished":"2018-08-29T17:36:19+00:00","mainEntityOfPage":{"@id":"https:\/\/ubanews.com\/site\/2018\/08\/29\/motocicleta-furtada-e-recuperada-e-cidadao-infrator-e-preso-em-santana-de-cataguases\/"},"wordCount":360,"commentCount":0,"publisher":{"@id":"https:\/\/ubanews.com\/site\/#organization"},"image":{"@id":"https:\/\/ubanews.com\/site\/2018\/08\/29\/motocicleta-furtada-e-recuperada-e-cidadao-infrator-e-preso-em-santana-de-cataguases\/#primaryimage"},"thumbnailUrl":"https:\/\/ubanews.com\/site\/wp-content\/uploads\/2018\/05\/FURTO-DE-MOTO-c\u00f3pia.jpg","articleSection":["S\u00edntese das Ocorr\u00eancias"],"inLanguage":"pt-BR","potentialAction":[{"@type":"CommentAction","name":"Comment","target":["https:\/\/ubanews.com\/site\/2018\/08\/29\/motocicleta-furtada-e-recuperada-e-cidadao-infrator-e-preso-em-santana-de-cataguases\/#respond"]}]},{"@type":"WebPage","@id":"https:\/\/ubanews.com\/site\/2018\/08\/29\/motocicleta-furtada-e-recuperada-e-cidadao-infrator-e-preso-em-santana-de-cataguases\/","url":"https:\/\/ubanews.com\/site\/2018\/08\/29\/motocicleta-furtada-e-recuperada-e-cidadao-infrator-e-preso-em-santana-de-cataguases\/","name":"MOTOCICLETA FURTADA \u00c9 RECUPERADA E CIDAD\u00c3O INFRATOR \u00c9 PRESO EM SANTANA DE CATAGUASES - Ub\u00e1 News","isPartOf":{"@id":"https:\/\/ubanews.com\/site\/#website"},"primaryImageOfPage":{"@id":"https:\/\/ubanews.com\/site\/2018\/08\/29\/motocicleta-furtada-e-recuperada-e-cidadao-infrator-e-preso-em-santana-de-cataguases\/#primaryimage"},"image":{"@id":"https:\/\/ubanews.com\/site\/2018\/08\/29\/motocicleta-furtada-e-recuperada-e-cidadao-infrator-e-preso-em-santana-de-cataguases\/#primaryimage"},"thumbnailUrl":"https:\/\/ubanews.com\/site\/wp-content\/uploads\/2018\/05\/FURTO-DE-MOTO-c\u00f3pia.jpg","datePublished":"2018-08-29T17:36:19+00:00","breadcrumb":{"@id":"https:\/\/ubanews.com\/site\/2018\/08\/29\/motocicleta-furtada-e-recuperada-e-cidadao-infrator-e-preso-em-santana-de-cataguases\/#breadcrumb"},"inLanguage":"pt-BR","potentialAction":[{"@type":"ReadAction","target":["https:\/\/ubanews.com\/site\/2018\/08\/29\/motocicleta-furtada-e-recuperada-e-cidadao-infrator-e-preso-em-santana-de-cataguases\/"]}]},{"@type":"ImageObject","inLanguage":"pt-BR","@id":"https:\/\/ubanews.com\/site\/2018\/08\/29\/motocicleta-furtada-e-recuperada-e-cidadao-infrator-e-preso-em-santana-de-cataguases\/#primaryimage","url":"https:\/\/ubanews.com\/site\/wp-content\/uploads\/2018\/05\/FURTO-DE-MOTO-c\u00f3pia.jpg","contentUrl":"https:\/\/ubanews.com\/site\/wp-content\/uploads\/2018\/05\/FURTO-DE-MOTO-c\u00f3pia.jpg","width":800,"height":457},{"@type":"BreadcrumbList","@id":"https:\/\/ubanews.com\/site\/2018\/08\/29\/motocicleta-furtada-e-recuperada-e-cidadao-infrator-e-preso-em-santana-de-cataguases\/#breadcrumb","itemListElement":[{"@type":"ListItem","position":1,"name":"Home","item":"https:\/\/ubanews.com\/site\/"},{"@type":"ListItem","position":2,"name":"MOTOCICLETA FURTADA \u00c9 RECUPERADA E CIDAD\u00c3O INFRATOR \u00c9 PRESO EM SANTANA DE CATAGUASES"}]},{"@type":"WebSite","@id":"https:\/\/ubanews.com\/site\/#website","url":"https:\/\/ubanews.com\/site\/","name":"Ub\u00e1 News","description":"","publisher":{"@id":"https:\/\/ubanews.com\/site\/#organization"},"potentialAction":[{"@type":"SearchAction","target":{"@type":"EntryPoint","urlTemplate":"https:\/\/ubanews.com\/site\/?s={search_term_string}"},"query-input":{"@type":"PropertyValueSpecification","valueRequired":true,"valueName":"search_term_string"}}],"inLanguage":"pt-BR"},{"@type":"Organization","@id":"https:\/\/ubanews.com\/site\/#organization","name":"Ub\u00e1 News","url":"https:\/\/ubanews.com\/site\/","logo":{"@type":"ImageObject","inLanguage":"pt-BR","@id":"https:\/\/ubanews.com\/site\/#\/schema\/logo\/image\/","url":"https:\/\/ubanews.com\/site\/wp-content\/uploads\/2018\/01\/logoubanews.png","contentUrl":"https:\/\/ubanews.com\/site\/wp-content\/uploads\/2018\/01\/logoubanews.png","width":261,"height":99,"caption":"Ub\u00e1 News"},"image":{"@id":"https:\/\/ubanews.com\/site\/#\/schema\/logo\/image\/"},"sameAs":["https:\/\/www.facebook.com\/Ub\u00e1News-Carlos-Roberto-Sodr\u00e9-418778301977370"]},{"@type":"Person","@id":"https:\/\/ubanews.com\/site\/#\/schema\/person\/d90c9e47252fbb63dcc969fe4c8b9d10","name":"Sodr\u00e9","image":{"@type":"ImageObject","inLanguage":"pt-BR","@id":"https:\/\/secure.gravatar.com\/avatar\/5ba2793f0590b9dbfad3fdec4ee714485b3eef211c9b32ee53d414060454a56c?s=96&d=mm&r=g","url":"https:\/\/secure.gravatar.com\/avatar\/5ba2793f0590b9dbfad3fdec4ee714485b3eef211c9b32ee53d414060454a56c?s=96&d=mm&r=g","contentUrl":"https:\/\/secure.gravatar.com\/avatar\/5ba2793f0590b9dbfad3fdec4ee714485b3eef211c9b32ee53d414060454a56c?s=96&d=mm&r=g","caption":"Sodr\u00e9"},"sameAs":["https:\/\/www.facebook.com\/carosroberto.sodre.5\/"],"url":"https:\/\/ubanews.com\/site\/author\/felipe\/"}]}},"_links":{"self":[{"href":"https:\/\/ubanews.com\/site\/wp-json\/wp\/v2\/posts\/7054","targetHints":{"allow":["GET"]}}],"collection":[{"href":"https:\/\/ubanews.com\/site\/wp-json\/wp\/v2\/posts"}],"about":[{"href":"https:\/\/ubanews.com\/site\/wp-json\/wp\/v2\/types\/post"}],"author":[{"embeddable":true,"href":"https:\/\/ubanews.com\/site\/wp-json\/wp\/v2\/users\/2"}],"replies":[{"embeddable":true,"href":"https:\/\/ubanews.com\/site\/wp-json\/wp\/v2\/comments?post=7054"}],"version-history":[{"count":0,"href":"https:\/\/ubanews.com\/site\/wp-json\/wp\/v2\/posts\/7054\/revisions"}],"wp:featuredmedia":[{"embeddable":true,"href":"https:\/\/ubanews.com\/site\/wp-json\/wp\/v2\/media\/3403"}],"wp:attachment":[{"href":"https:\/\/ubanews.com\/site\/wp-json\/wp\/v2\/media?parent=7054"}],"wp:term":[{"taxonomy":"category","embeddable":true,"href":"https:\/\/ubanews.com\/site\/wp-json\/wp\/v2\/categories?post=7054"},{"taxonomy":"post_tag","embeddable":true,"href":"https:\/\/ubanews.com\/site\/wp-json\/wp\/v2\/tags?post=7054"}],"curies":[{"name":"wp","href":"https:\/\/api.w.org\/{rel}","templated":true}]}}