{"id":7051,"date":"2018-08-30T15:17:26","date_gmt":"2018-08-30T18:17:26","guid":{"rendered":"http:\/\/ubanews.com\/site\/?p=7051"},"modified":"2018-09-01T22:19:20","modified_gmt":"2018-09-02T01:19:20","slug":"estudante-do-segundo-ano-do-ensino-medio-e-que-nao-vai-prestar-o-enem-tambem-participa-as-aulas-do-pre-enem-social","status":"publish","type":"post","link":"https:\/\/ubanews.com\/site\/2018\/08\/30\/estudante-do-segundo-ano-do-ensino-medio-e-que-nao-vai-prestar-o-enem-tambem-participa-as-aulas-do-pre-enem-social\/","title":{"rendered":"ESTUDANTE DO SEGUNDO ANO DO ENSINO M\u00c9DIO E QUE N\u00c3O VAI PRESTAR O ENEM TAMB\u00c9M PARTICIPA AS AULAS DO PR\u00c9-ENEM SOCIAL"},"content":{"rendered":"<p>O s\u00e1bado (25), das 14 \u00e0s 18h, foi movimentado na C\u00e2mara Municipal de Ub\u00e1 (CMU), onde os alunos do Pr\u00e9-Enem Social tiveram aulas de F\u00edsica e Qu\u00edmica, ministradas respectivamente, pelos professores Kelven Correa de Paula e Elder Magno Gava Ferr\u00e3o. O Pr\u00e9-Enem Social \u00e9 promovido em parceria entre a Escola do Legislativo (EL) da CMU e o Instituto Federal de Educa\u00e7\u00e3o, Ci\u00eancia e Tecnologia do Sudeste de&nbsp;Minas Gerais &#8211; IF Sudeste MG (Campus Rio Pomba e Campus Avan\u00e7ado Ub\u00e1).<\/p>\n<p>O professor de F\u00edsica Kelven Correa de Paula \u00e9 graduado em Licenciatura em Matem\u00e1tica pelo IFET, Campus Rio Pomba. Atualmente cursa p\u00f3s-gradua\u00e7\u00e3o&nbsp;lato sensu&nbsp;em Ensino de Matem\u00e1tica e F\u00edsica na mesma Institui\u00e7\u00e3o. \u00c9 pesquisador do ensino de F\u00edsica com os docentes do Departamento de Matem\u00e1tica e F\u00edsica do campus e, j\u00e1 conta em seu curr\u00edculo com alguns artigos cient\u00edficos publicados na \u00e1rea destacada.<\/p>\n<p><a href=\"https:\/\/ubanews.com\/site\/wp-content\/uploads\/2018\/08\/ELETRO-SENA-AUTOMOTIVA-2.jpg\"><img decoding=\"async\" class=\"alignnone wp-image-7016 size-full lazyload\" data-src=\"https:\/\/ubanews.com\/site\/wp-content\/uploads\/2018\/08\/ELETRO-SENA-AUTOMOTIVA-2.jpg\" alt=\"\" width=\"800\" height=\"264\" data-srcset=\"https:\/\/ubanews.com\/site\/wp-content\/uploads\/2018\/08\/ELETRO-SENA-AUTOMOTIVA-2.jpg 800w, https:\/\/ubanews.com\/site\/wp-content\/uploads\/2018\/08\/ELETRO-SENA-AUTOMOTIVA-2-300x99.jpg 300w, https:\/\/ubanews.com\/site\/wp-content\/uploads\/2018\/08\/ELETRO-SENA-AUTOMOTIVA-2-768x253.jpg 768w\" data-sizes=\"(max-width: 800px) 100vw, 800px\" src=\"data:image\/svg+xml;base64,PHN2ZyB3aWR0aD0iMSIgaGVpZ2h0PSIxIiB4bWxucz0iaHR0cDovL3d3dy53My5vcmcvMjAwMC9zdmciPjwvc3ZnPg==\" style=\"--smush-placeholder-width: 800px; --smush-placeholder-aspect-ratio: 800\/264;\" \/><\/a><\/p>\n<p>E o professor, Elder Magno Gava Ferr\u00e3o \u00e9 graduado em Farm\u00e1cia pela Faculdade de Farm\u00e1cia e Bioqu\u00edmica do Esp\u00edrito Santo. Possui complementa\u00e7\u00e3o pedag\u00f3gica em Qu\u00edmica (Licenciatura) pela UNIVEN. Especializa\u00e7\u00e3o em Agroqu\u00edmica, com \u00eanfase em Qu\u00edmica Inorg\u00e2nica pela UFV e mestrado Profissional em Sustentabilidade e Tecnologia Ambiental. Atualmente, al\u00e9m de professor, atua em projetos de extens\u00e3o na prepara\u00e7\u00e3o de alunos para as provas do Enem e desenvolve pesquisas, em parceria com a UFMG, na \u00e1rea de produ\u00e7\u00e3o de biodiesel por cat\u00e1lise alcalina pelo uso de \u00f3leo residual de fritura.<\/p>\n<p>Os alunos Vit\u00f3ria dos Santos Francisco e Davi Tavares Fernandes de Paula deram uma aten\u00e7\u00e3o especial para nossa equipe no intervalo entre uma aula e outra.<\/p>\n<div style=\"position: relative; height: 0; padding-bottom: 56.25%;\"><iframe style=\"position: absolute; width: 100%; height: 100%; left: 0;\" data-src=\"https:\/\/www.youtube.com\/embed\/7ATriFmwzEQ?ecver=2\" width=\"640\" height=\"360\" frameborder=\"0\" allowfullscreen=\"allowfullscreen\" src=\"data:image\/svg+xml;base64,PHN2ZyB3aWR0aD0iMSIgaGVpZ2h0PSIxIiB4bWxucz0iaHR0cDovL3d3dy53My5vcmcvMjAwMC9zdmciPjwvc3ZnPg==\" class=\"lazyload\" data-load-mode=\"1\"><\/iframe><\/div>\n<p>&nbsp;<\/p>\n","protected":false},"excerpt":{"rendered":"<p>O s\u00e1bado (25), das 14 \u00e0s 18h, foi movimentado na<\/p>\n","protected":false},"author":2,"featured_media":7089,"comment_status":"open","ping_status":"open","sticky":false,"template":"","format":"standard","meta":{"footnotes":""},"categories":[16],"tags":[],"class_list":["post-7051","post","type-post","status-publish","format-standard","has-post-thumbnail","hentry","category-camara-municipal"],"yoast_head":"<!-- This site is optimized with the Yoast SEO plugin v27.2 - https:\/\/yoast.com\/product\/yoast-seo-wordpress\/ -->\n<title>ESTUDANTE DO SEGUNDO ANO DO ENSINO M\u00c9DIO E QUE N\u00c3O VAI PRESTAR O ENEM TAMB\u00c9M PARTICIPA AS AULAS DO PR\u00c9-ENEM SOCIAL - Ub\u00e1 News<\/title>\n<meta name=\"robots\" content=\"index, follow, max-snippet:-1, max-image-preview:large, max-video-preview:-1\" \/>\n<link rel=\"canonical\" href=\"https:\/\/ubanews.com\/site\/2018\/08\/30\/estudante-do-segundo-ano-do-ensino-medio-e-que-nao-vai-prestar-o-enem-tambem-participa-as-aulas-do-pre-enem-social\/\" \/>\n<meta property=\"og:locale\" content=\"pt_BR\" \/>\n<meta property=\"og:type\" content=\"article\" \/>\n<meta property=\"og:title\" content=\"ESTUDANTE DO SEGUNDO ANO DO ENSINO M\u00c9DIO E QUE N\u00c3O VAI PRESTAR O ENEM TAMB\u00c9M PARTICIPA AS AULAS DO PR\u00c9-ENEM SOCIAL - Ub\u00e1 News\" \/>\n<meta property=\"og:description\" content=\"O s\u00e1bado (25), das 14 \u00e0s 18h, foi movimentado na\" \/>\n<meta property=\"og:url\" content=\"https:\/\/ubanews.com\/site\/2018\/08\/30\/estudante-do-segundo-ano-do-ensino-medio-e-que-nao-vai-prestar-o-enem-tambem-participa-as-aulas-do-pre-enem-social\/\" \/>\n<meta property=\"og:site_name\" content=\"Ub\u00e1 News\" \/>\n<meta property=\"article:publisher\" content=\"https:\/\/www.facebook.com\/Ub%c3%a1News-Carlos-Roberto-Sodr%c3%a9-418778301977370\" \/>\n<meta property=\"article:author\" content=\"https:\/\/www.facebook.com\/carosroberto.sodre.5\/\" \/>\n<meta property=\"article:published_time\" content=\"2018-08-30T18:17:26+00:00\" \/>\n<meta property=\"article:modified_time\" content=\"2018-09-02T01:19:20+00:00\" \/>\n<meta property=\"og:image\" content=\"https:\/\/ubanews.com\/site\/wp-content\/uploads\/2018\/08\/074.jpg\" \/>\n\t<meta property=\"og:image:width\" content=\"800\" \/>\n\t<meta property=\"og:image:height\" content=\"389\" \/>\n\t<meta property=\"og:image:type\" content=\"image\/jpeg\" \/>\n<meta name=\"author\" content=\"Sodr\u00e9\" \/>\n<meta name=\"twitter:card\" content=\"summary_large_image\" \/>\n<meta name=\"twitter:label1\" content=\"Escrito por\" \/>\n\t<meta name=\"twitter:data1\" content=\"Sodr\u00e9\" \/>\n\t<meta name=\"twitter:label2\" content=\"Est. tempo de leitura\" \/>\n\t<meta name=\"twitter:data2\" content=\"1 minuto\" \/>\n<script type=\"application\/ld+json\" class=\"yoast-schema-graph\">{\"@context\":\"https:\/\/schema.org\",\"@graph\":[{\"@type\":\"Article\",\"@id\":\"https:\/\/ubanews.com\/site\/2018\/08\/30\/estudante-do-segundo-ano-do-ensino-medio-e-que-nao-vai-prestar-o-enem-tambem-participa-as-aulas-do-pre-enem-social\/#article\",\"isPartOf\":{\"@id\":\"https:\/\/ubanews.com\/site\/2018\/08\/30\/estudante-do-segundo-ano-do-ensino-medio-e-que-nao-vai-prestar-o-enem-tambem-participa-as-aulas-do-pre-enem-social\/\"},\"author\":{\"name\":\"Sodr\u00e9\",\"@id\":\"https:\/\/ubanews.com\/site\/#\/schema\/person\/d90c9e47252fbb63dcc969fe4c8b9d10\"},\"headline\":\"ESTUDANTE DO SEGUNDO ANO DO ENSINO M\u00c9DIO E QUE N\u00c3O VAI PRESTAR O ENEM TAMB\u00c9M PARTICIPA AS AULAS DO PR\u00c9-ENEM SOCIAL\",\"datePublished\":\"2018-08-30T18:17:26+00:00\",\"dateModified\":\"2018-09-02T01:19:20+00:00\",\"mainEntityOfPage\":{\"@id\":\"https:\/\/ubanews.com\/site\/2018\/08\/30\/estudante-do-segundo-ano-do-ensino-medio-e-que-nao-vai-prestar-o-enem-tambem-participa-as-aulas-do-pre-enem-social\/\"},\"wordCount\":322,\"commentCount\":0,\"publisher\":{\"@id\":\"https:\/\/ubanews.com\/site\/#organization\"},\"image\":{\"@id\":\"https:\/\/ubanews.com\/site\/2018\/08\/30\/estudante-do-segundo-ano-do-ensino-medio-e-que-nao-vai-prestar-o-enem-tambem-participa-as-aulas-do-pre-enem-social\/#primaryimage\"},\"thumbnailUrl\":\"https:\/\/ubanews.com\/site\/wp-content\/uploads\/2018\/08\/074.jpg\",\"articleSection\":[\"C\u00e2mara Municipal\"],\"inLanguage\":\"pt-BR\",\"potentialAction\":[{\"@type\":\"CommentAction\",\"name\":\"Comment\",\"target\":[\"https:\/\/ubanews.com\/site\/2018\/08\/30\/estudante-do-segundo-ano-do-ensino-medio-e-que-nao-vai-prestar-o-enem-tambem-participa-as-aulas-do-pre-enem-social\/#respond\"]}]},{\"@type\":\"WebPage\",\"@id\":\"https:\/\/ubanews.com\/site\/2018\/08\/30\/estudante-do-segundo-ano-do-ensino-medio-e-que-nao-vai-prestar-o-enem-tambem-participa-as-aulas-do-pre-enem-social\/\",\"url\":\"https:\/\/ubanews.com\/site\/2018\/08\/30\/estudante-do-segundo-ano-do-ensino-medio-e-que-nao-vai-prestar-o-enem-tambem-participa-as-aulas-do-pre-enem-social\/\",\"name\":\"ESTUDANTE DO SEGUNDO ANO DO ENSINO M\u00c9DIO E QUE N\u00c3O VAI PRESTAR O ENEM TAMB\u00c9M PARTICIPA AS AULAS DO PR\u00c9-ENEM SOCIAL - Ub\u00e1 News\",\"isPartOf\":{\"@id\":\"https:\/\/ubanews.com\/site\/#website\"},\"primaryImageOfPage\":{\"@id\":\"https:\/\/ubanews.com\/site\/2018\/08\/30\/estudante-do-segundo-ano-do-ensino-medio-e-que-nao-vai-prestar-o-enem-tambem-participa-as-aulas-do-pre-enem-social\/#primaryimage\"},\"image\":{\"@id\":\"https:\/\/ubanews.com\/site\/2018\/08\/30\/estudante-do-segundo-ano-do-ensino-medio-e-que-nao-vai-prestar-o-enem-tambem-participa-as-aulas-do-pre-enem-social\/#primaryimage\"},\"thumbnailUrl\":\"https:\/\/ubanews.com\/site\/wp-content\/uploads\/2018\/08\/074.jpg\",\"datePublished\":\"2018-08-30T18:17:26+00:00\",\"dateModified\":\"2018-09-02T01:19:20+00:00\",\"breadcrumb\":{\"@id\":\"https:\/\/ubanews.com\/site\/2018\/08\/30\/estudante-do-segundo-ano-do-ensino-medio-e-que-nao-vai-prestar-o-enem-tambem-participa-as-aulas-do-pre-enem-social\/#breadcrumb\"},\"inLanguage\":\"pt-BR\",\"potentialAction\":[{\"@type\":\"ReadAction\",\"target\":[\"https:\/\/ubanews.com\/site\/2018\/08\/30\/estudante-do-segundo-ano-do-ensino-medio-e-que-nao-vai-prestar-o-enem-tambem-participa-as-aulas-do-pre-enem-social\/\"]}]},{\"@type\":\"ImageObject\",\"inLanguage\":\"pt-BR\",\"@id\":\"https:\/\/ubanews.com\/site\/2018\/08\/30\/estudante-do-segundo-ano-do-ensino-medio-e-que-nao-vai-prestar-o-enem-tambem-participa-as-aulas-do-pre-enem-social\/#primaryimage\",\"url\":\"https:\/\/ubanews.com\/site\/wp-content\/uploads\/2018\/08\/074.jpg\",\"contentUrl\":\"https:\/\/ubanews.com\/site\/wp-content\/uploads\/2018\/08\/074.jpg\",\"width\":800,\"height\":389},{\"@type\":\"BreadcrumbList\",\"@id\":\"https:\/\/ubanews.com\/site\/2018\/08\/30\/estudante-do-segundo-ano-do-ensino-medio-e-que-nao-vai-prestar-o-enem-tambem-participa-as-aulas-do-pre-enem-social\/#breadcrumb\",\"itemListElement\":[{\"@type\":\"ListItem\",\"position\":1,\"name\":\"Home\",\"item\":\"https:\/\/ubanews.com\/site\/\"},{\"@type\":\"ListItem\",\"position\":2,\"name\":\"ESTUDANTE DO SEGUNDO ANO DO ENSINO M\u00c9DIO E QUE N\u00c3O VAI PRESTAR O ENEM TAMB\u00c9M PARTICIPA AS AULAS DO PR\u00c9-ENEM SOCIAL\"}]},{\"@type\":\"WebSite\",\"@id\":\"https:\/\/ubanews.com\/site\/#website\",\"url\":\"https:\/\/ubanews.com\/site\/\",\"name\":\"Ub\u00e1 News\",\"description\":\"\",\"publisher\":{\"@id\":\"https:\/\/ubanews.com\/site\/#organization\"},\"potentialAction\":[{\"@type\":\"SearchAction\",\"target\":{\"@type\":\"EntryPoint\",\"urlTemplate\":\"https:\/\/ubanews.com\/site\/?s={search_term_string}\"},\"query-input\":{\"@type\":\"PropertyValueSpecification\",\"valueRequired\":true,\"valueName\":\"search_term_string\"}}],\"inLanguage\":\"pt-BR\"},{\"@type\":\"Organization\",\"@id\":\"https:\/\/ubanews.com\/site\/#organization\",\"name\":\"Ub\u00e1 News\",\"url\":\"https:\/\/ubanews.com\/site\/\",\"logo\":{\"@type\":\"ImageObject\",\"inLanguage\":\"pt-BR\",\"@id\":\"https:\/\/ubanews.com\/site\/#\/schema\/logo\/image\/\",\"url\":\"https:\/\/ubanews.com\/site\/wp-content\/uploads\/2018\/01\/logoubanews.png\",\"contentUrl\":\"https:\/\/ubanews.com\/site\/wp-content\/uploads\/2018\/01\/logoubanews.png\",\"width\":261,\"height\":99,\"caption\":\"Ub\u00e1 News\"},\"image\":{\"@id\":\"https:\/\/ubanews.com\/site\/#\/schema\/logo\/image\/\"},\"sameAs\":[\"https:\/\/www.facebook.com\/Ub\u00e1News-Carlos-Roberto-Sodr\u00e9-418778301977370\"]},{\"@type\":\"Person\",\"@id\":\"https:\/\/ubanews.com\/site\/#\/schema\/person\/d90c9e47252fbb63dcc969fe4c8b9d10\",\"name\":\"Sodr\u00e9\",\"image\":{\"@type\":\"ImageObject\",\"inLanguage\":\"pt-BR\",\"@id\":\"https:\/\/secure.gravatar.com\/avatar\/5ba2793f0590b9dbfad3fdec4ee714485b3eef211c9b32ee53d414060454a56c?s=96&d=mm&r=g\",\"url\":\"https:\/\/secure.gravatar.com\/avatar\/5ba2793f0590b9dbfad3fdec4ee714485b3eef211c9b32ee53d414060454a56c?s=96&d=mm&r=g\",\"contentUrl\":\"https:\/\/secure.gravatar.com\/avatar\/5ba2793f0590b9dbfad3fdec4ee714485b3eef211c9b32ee53d414060454a56c?s=96&d=mm&r=g\",\"caption\":\"Sodr\u00e9\"},\"sameAs\":[\"https:\/\/www.facebook.com\/carosroberto.sodre.5\/\"],\"url\":\"https:\/\/ubanews.com\/site\/author\/felipe\/\"}]}<\/script>\n<!-- \/ Yoast SEO plugin. -->","yoast_head_json":{"title":"ESTUDANTE DO SEGUNDO ANO DO ENSINO M\u00c9DIO E QUE N\u00c3O VAI PRESTAR O ENEM TAMB\u00c9M PARTICIPA AS AULAS DO PR\u00c9-ENEM SOCIAL - Ub\u00e1 News","robots":{"index":"index","follow":"follow","max-snippet":"max-snippet:-1","max-image-preview":"max-image-preview:large","max-video-preview":"max-video-preview:-1"},"canonical":"https:\/\/ubanews.com\/site\/2018\/08\/30\/estudante-do-segundo-ano-do-ensino-medio-e-que-nao-vai-prestar-o-enem-tambem-participa-as-aulas-do-pre-enem-social\/","og_locale":"pt_BR","og_type":"article","og_title":"ESTUDANTE DO SEGUNDO ANO DO ENSINO M\u00c9DIO E QUE N\u00c3O VAI PRESTAR O ENEM TAMB\u00c9M PARTICIPA AS AULAS DO PR\u00c9-ENEM SOCIAL - Ub\u00e1 News","og_description":"O s\u00e1bado (25), das 14 \u00e0s 18h, foi movimentado na","og_url":"https:\/\/ubanews.com\/site\/2018\/08\/30\/estudante-do-segundo-ano-do-ensino-medio-e-que-nao-vai-prestar-o-enem-tambem-participa-as-aulas-do-pre-enem-social\/","og_site_name":"Ub\u00e1 News","article_publisher":"https:\/\/www.facebook.com\/Ub%c3%a1News-Carlos-Roberto-Sodr%c3%a9-418778301977370","article_author":"https:\/\/www.facebook.com\/carosroberto.sodre.5\/","article_published_time":"2018-08-30T18:17:26+00:00","article_modified_time":"2018-09-02T01:19:20+00:00","og_image":[{"width":800,"height":389,"url":"https:\/\/ubanews.com\/site\/wp-content\/uploads\/2018\/08\/074.jpg","type":"image\/jpeg"}],"author":"Sodr\u00e9","twitter_card":"summary_large_image","twitter_misc":{"Escrito por":"Sodr\u00e9","Est. tempo de leitura":"1 minuto"},"schema":{"@context":"https:\/\/schema.org","@graph":[{"@type":"Article","@id":"https:\/\/ubanews.com\/site\/2018\/08\/30\/estudante-do-segundo-ano-do-ensino-medio-e-que-nao-vai-prestar-o-enem-tambem-participa-as-aulas-do-pre-enem-social\/#article","isPartOf":{"@id":"https:\/\/ubanews.com\/site\/2018\/08\/30\/estudante-do-segundo-ano-do-ensino-medio-e-que-nao-vai-prestar-o-enem-tambem-participa-as-aulas-do-pre-enem-social\/"},"author":{"name":"Sodr\u00e9","@id":"https:\/\/ubanews.com\/site\/#\/schema\/person\/d90c9e47252fbb63dcc969fe4c8b9d10"},"headline":"ESTUDANTE DO SEGUNDO ANO DO ENSINO M\u00c9DIO E QUE N\u00c3O VAI PRESTAR O ENEM TAMB\u00c9M PARTICIPA AS AULAS DO PR\u00c9-ENEM SOCIAL","datePublished":"2018-08-30T18:17:26+00:00","dateModified":"2018-09-02T01:19:20+00:00","mainEntityOfPage":{"@id":"https:\/\/ubanews.com\/site\/2018\/08\/30\/estudante-do-segundo-ano-do-ensino-medio-e-que-nao-vai-prestar-o-enem-tambem-participa-as-aulas-do-pre-enem-social\/"},"wordCount":322,"commentCount":0,"publisher":{"@id":"https:\/\/ubanews.com\/site\/#organization"},"image":{"@id":"https:\/\/ubanews.com\/site\/2018\/08\/30\/estudante-do-segundo-ano-do-ensino-medio-e-que-nao-vai-prestar-o-enem-tambem-participa-as-aulas-do-pre-enem-social\/#primaryimage"},"thumbnailUrl":"https:\/\/ubanews.com\/site\/wp-content\/uploads\/2018\/08\/074.jpg","articleSection":["C\u00e2mara Municipal"],"inLanguage":"pt-BR","potentialAction":[{"@type":"CommentAction","name":"Comment","target":["https:\/\/ubanews.com\/site\/2018\/08\/30\/estudante-do-segundo-ano-do-ensino-medio-e-que-nao-vai-prestar-o-enem-tambem-participa-as-aulas-do-pre-enem-social\/#respond"]}]},{"@type":"WebPage","@id":"https:\/\/ubanews.com\/site\/2018\/08\/30\/estudante-do-segundo-ano-do-ensino-medio-e-que-nao-vai-prestar-o-enem-tambem-participa-as-aulas-do-pre-enem-social\/","url":"https:\/\/ubanews.com\/site\/2018\/08\/30\/estudante-do-segundo-ano-do-ensino-medio-e-que-nao-vai-prestar-o-enem-tambem-participa-as-aulas-do-pre-enem-social\/","name":"ESTUDANTE DO SEGUNDO ANO DO ENSINO M\u00c9DIO E QUE N\u00c3O VAI PRESTAR O ENEM TAMB\u00c9M PARTICIPA AS AULAS DO PR\u00c9-ENEM SOCIAL - Ub\u00e1 News","isPartOf":{"@id":"https:\/\/ubanews.com\/site\/#website"},"primaryImageOfPage":{"@id":"https:\/\/ubanews.com\/site\/2018\/08\/30\/estudante-do-segundo-ano-do-ensino-medio-e-que-nao-vai-prestar-o-enem-tambem-participa-as-aulas-do-pre-enem-social\/#primaryimage"},"image":{"@id":"https:\/\/ubanews.com\/site\/2018\/08\/30\/estudante-do-segundo-ano-do-ensino-medio-e-que-nao-vai-prestar-o-enem-tambem-participa-as-aulas-do-pre-enem-social\/#primaryimage"},"thumbnailUrl":"https:\/\/ubanews.com\/site\/wp-content\/uploads\/2018\/08\/074.jpg","datePublished":"2018-08-30T18:17:26+00:00","dateModified":"2018-09-02T01:19:20+00:00","breadcrumb":{"@id":"https:\/\/ubanews.com\/site\/2018\/08\/30\/estudante-do-segundo-ano-do-ensino-medio-e-que-nao-vai-prestar-o-enem-tambem-participa-as-aulas-do-pre-enem-social\/#breadcrumb"},"inLanguage":"pt-BR","potentialAction":[{"@type":"ReadAction","target":["https:\/\/ubanews.com\/site\/2018\/08\/30\/estudante-do-segundo-ano-do-ensino-medio-e-que-nao-vai-prestar-o-enem-tambem-participa-as-aulas-do-pre-enem-social\/"]}]},{"@type":"ImageObject","inLanguage":"pt-BR","@id":"https:\/\/ubanews.com\/site\/2018\/08\/30\/estudante-do-segundo-ano-do-ensino-medio-e-que-nao-vai-prestar-o-enem-tambem-participa-as-aulas-do-pre-enem-social\/#primaryimage","url":"https:\/\/ubanews.com\/site\/wp-content\/uploads\/2018\/08\/074.jpg","contentUrl":"https:\/\/ubanews.com\/site\/wp-content\/uploads\/2018\/08\/074.jpg","width":800,"height":389},{"@type":"BreadcrumbList","@id":"https:\/\/ubanews.com\/site\/2018\/08\/30\/estudante-do-segundo-ano-do-ensino-medio-e-que-nao-vai-prestar-o-enem-tambem-participa-as-aulas-do-pre-enem-social\/#breadcrumb","itemListElement":[{"@type":"ListItem","position":1,"name":"Home","item":"https:\/\/ubanews.com\/site\/"},{"@type":"ListItem","position":2,"name":"ESTUDANTE DO SEGUNDO ANO DO ENSINO M\u00c9DIO E QUE N\u00c3O VAI PRESTAR O ENEM TAMB\u00c9M PARTICIPA AS AULAS DO PR\u00c9-ENEM SOCIAL"}]},{"@type":"WebSite","@id":"https:\/\/ubanews.com\/site\/#website","url":"https:\/\/ubanews.com\/site\/","name":"Ub\u00e1 News","description":"","publisher":{"@id":"https:\/\/ubanews.com\/site\/#organization"},"potentialAction":[{"@type":"SearchAction","target":{"@type":"EntryPoint","urlTemplate":"https:\/\/ubanews.com\/site\/?s={search_term_string}"},"query-input":{"@type":"PropertyValueSpecification","valueRequired":true,"valueName":"search_term_string"}}],"inLanguage":"pt-BR"},{"@type":"Organization","@id":"https:\/\/ubanews.com\/site\/#organization","name":"Ub\u00e1 News","url":"https:\/\/ubanews.com\/site\/","logo":{"@type":"ImageObject","inLanguage":"pt-BR","@id":"https:\/\/ubanews.com\/site\/#\/schema\/logo\/image\/","url":"https:\/\/ubanews.com\/site\/wp-content\/uploads\/2018\/01\/logoubanews.png","contentUrl":"https:\/\/ubanews.com\/site\/wp-content\/uploads\/2018\/01\/logoubanews.png","width":261,"height":99,"caption":"Ub\u00e1 News"},"image":{"@id":"https:\/\/ubanews.com\/site\/#\/schema\/logo\/image\/"},"sameAs":["https:\/\/www.facebook.com\/Ub\u00e1News-Carlos-Roberto-Sodr\u00e9-418778301977370"]},{"@type":"Person","@id":"https:\/\/ubanews.com\/site\/#\/schema\/person\/d90c9e47252fbb63dcc969fe4c8b9d10","name":"Sodr\u00e9","image":{"@type":"ImageObject","inLanguage":"pt-BR","@id":"https:\/\/secure.gravatar.com\/avatar\/5ba2793f0590b9dbfad3fdec4ee714485b3eef211c9b32ee53d414060454a56c?s=96&d=mm&r=g","url":"https:\/\/secure.gravatar.com\/avatar\/5ba2793f0590b9dbfad3fdec4ee714485b3eef211c9b32ee53d414060454a56c?s=96&d=mm&r=g","contentUrl":"https:\/\/secure.gravatar.com\/avatar\/5ba2793f0590b9dbfad3fdec4ee714485b3eef211c9b32ee53d414060454a56c?s=96&d=mm&r=g","caption":"Sodr\u00e9"},"sameAs":["https:\/\/www.facebook.com\/carosroberto.sodre.5\/"],"url":"https:\/\/ubanews.com\/site\/author\/felipe\/"}]}},"_links":{"self":[{"href":"https:\/\/ubanews.com\/site\/wp-json\/wp\/v2\/posts\/7051","targetHints":{"allow":["GET"]}}],"collection":[{"href":"https:\/\/ubanews.com\/site\/wp-json\/wp\/v2\/posts"}],"about":[{"href":"https:\/\/ubanews.com\/site\/wp-json\/wp\/v2\/types\/post"}],"author":[{"embeddable":true,"href":"https:\/\/ubanews.com\/site\/wp-json\/wp\/v2\/users\/2"}],"replies":[{"embeddable":true,"href":"https:\/\/ubanews.com\/site\/wp-json\/wp\/v2\/comments?post=7051"}],"version-history":[{"count":0,"href":"https:\/\/ubanews.com\/site\/wp-json\/wp\/v2\/posts\/7051\/revisions"}],"wp:featuredmedia":[{"embeddable":true,"href":"https:\/\/ubanews.com\/site\/wp-json\/wp\/v2\/media\/7089"}],"wp:attachment":[{"href":"https:\/\/ubanews.com\/site\/wp-json\/wp\/v2\/media?parent=7051"}],"wp:term":[{"taxonomy":"category","embeddable":true,"href":"https:\/\/ubanews.com\/site\/wp-json\/wp\/v2\/categories?post=7051"},{"taxonomy":"post_tag","embeddable":true,"href":"https:\/\/ubanews.com\/site\/wp-json\/wp\/v2\/tags?post=7051"}],"curies":[{"name":"wp","href":"https:\/\/api.w.org\/{rel}","templated":true}]}}