{"id":7048,"date":"2018-08-28T15:16:48","date_gmt":"2018-08-28T18:16:48","guid":{"rendered":"http:\/\/ubanews.com\/site\/?p=7048"},"modified":"2018-08-28T17:29:47","modified_gmt":"2018-08-28T20:29:47","slug":"desaparecida-desde-21-de-agosto-raiane-aparecida-araujo-avelino","status":"publish","type":"post","link":"https:\/\/ubanews.com\/site\/2018\/08\/28\/desaparecida-desde-21-de-agosto-raiane-aparecida-araujo-avelino\/","title":{"rendered":"Desaparecida desde 21 de agosto Raiane Aparecida Araujo Avelino"},"content":{"rendered":"<p>No dia 27 \u00e0s 18h15min compareceu ao Destacamento Policial a senhora Sulimara de Ara\u00fajo Avelino, de 20 anos, desespera, relatando que sua irm\u00e3 Raiane Aparecida Araujo Avelino, de 18 anos residia com ela no Bairro Boa Vista, Pira\u00faba, mas que atualmente estava residindo com Willian Esteves da Silva de 22 anos.<\/p>\n<p><img decoding=\"async\" data-src=\"https:\/\/ubanews.com\/site\/wp-content\/uploads\/2018\/08\/ELETRO-SENA-AUTOMOTIVA-2.jpg\" width=\"800\" height=\"264\" class=\"alignnone wp-image-7016 size-full lazyload\" data-srcset=\"https:\/\/ubanews.com\/site\/wp-content\/uploads\/2018\/08\/ELETRO-SENA-AUTOMOTIVA-2.jpg 800w, https:\/\/ubanews.com\/site\/wp-content\/uploads\/2018\/08\/ELETRO-SENA-AUTOMOTIVA-2-300x99.jpg 300w, https:\/\/ubanews.com\/site\/wp-content\/uploads\/2018\/08\/ELETRO-SENA-AUTOMOTIVA-2-768x253.jpg 768w\" data-sizes=\"(max-width: 800px) 100vw, 800px\" src=\"data:image\/svg+xml;base64,PHN2ZyB3aWR0aD0iMSIgaGVpZ2h0PSIxIiB4bWxucz0iaHR0cDovL3d3dy53My5vcmcvMjAwMC9zdmciPjwvc3ZnPg==\" style=\"--smush-placeholder-width: 800px; --smush-placeholder-aspect-ratio: 800\/264;\" \/><\/p>\n<p>A senhora Sulimara relatou ainda que a irm\u00e3 pegou em sua resid\u00eancia duas mochilas com roupas e cal\u00e7ados e saiu de casa, n\u00e3o retornando at\u00e9 a data desse registro.<\/p>\n<p>Sulimara relatou ainda que Raiane antes de sair disse que tinha trocado o numero do celular, n\u00e3o repassando o n\u00famero novo, o cidad\u00e3o Willian foi procurado pela pol\u00edcia militar e n\u00e3o foi encontrado at\u00e9 a presente data.<\/p>\n","protected":false},"excerpt":{"rendered":"<p>No dia 27 \u00e0s 18h15min compareceu ao Destacamento Policial a<\/p>\n","protected":false},"author":2,"featured_media":7049,"comment_status":"open","ping_status":"open","sticky":false,"template":"","format":"standard","meta":{"footnotes":""},"categories":[1,13],"tags":[],"class_list":["post-7048","post","type-post","status-publish","format-standard","has-post-thumbnail","hentry","category-sem-categoria","category-sintese-das-ocorrencias"],"yoast_head":"<!-- This site is optimized with the Yoast SEO plugin v27.2 - https:\/\/yoast.com\/product\/yoast-seo-wordpress\/ -->\n<title>Desaparecida desde 21 de agosto Raiane Aparecida Araujo Avelino - Ub\u00e1 News<\/title>\n<meta name=\"robots\" content=\"index, follow, max-snippet:-1, max-image-preview:large, max-video-preview:-1\" \/>\n<link rel=\"canonical\" href=\"https:\/\/ubanews.com\/site\/2018\/08\/28\/desaparecida-desde-21-de-agosto-raiane-aparecida-araujo-avelino\/\" \/>\n<meta property=\"og:locale\" content=\"pt_BR\" \/>\n<meta property=\"og:type\" content=\"article\" \/>\n<meta property=\"og:title\" content=\"Desaparecida desde 21 de agosto Raiane Aparecida Araujo Avelino - Ub\u00e1 News\" \/>\n<meta property=\"og:description\" content=\"No dia 27 \u00e0s 18h15min compareceu ao Destacamento Policial a\" \/>\n<meta property=\"og:url\" content=\"https:\/\/ubanews.com\/site\/2018\/08\/28\/desaparecida-desde-21-de-agosto-raiane-aparecida-araujo-avelino\/\" \/>\n<meta property=\"og:site_name\" content=\"Ub\u00e1 News\" \/>\n<meta property=\"article:publisher\" content=\"https:\/\/www.facebook.com\/Ub%c3%a1News-Carlos-Roberto-Sodr%c3%a9-418778301977370\" \/>\n<meta property=\"article:author\" content=\"https:\/\/www.facebook.com\/carosroberto.sodre.5\/\" \/>\n<meta property=\"article:published_time\" content=\"2018-08-28T18:16:48+00:00\" \/>\n<meta property=\"article:modified_time\" content=\"2018-08-28T20:29:47+00:00\" \/>\n<meta property=\"og:image\" content=\"https:\/\/ubanews.com\/site\/wp-content\/uploads\/2018\/08\/Raiane-Aparecida-Araujo-Avelino.jpg\" \/>\n\t<meta property=\"og:image:width\" content=\"800\" \/>\n\t<meta property=\"og:image:height\" content=\"389\" \/>\n\t<meta property=\"og:image:type\" content=\"image\/jpeg\" \/>\n<meta name=\"author\" content=\"Sodr\u00e9\" \/>\n<meta name=\"twitter:card\" content=\"summary_large_image\" \/>\n<meta name=\"twitter:label1\" content=\"Escrito por\" \/>\n\t<meta name=\"twitter:data1\" content=\"Sodr\u00e9\" \/>\n\t<meta name=\"twitter:label2\" content=\"Est. tempo de leitura\" \/>\n\t<meta name=\"twitter:data2\" content=\"1 minuto\" \/>\n<script type=\"application\/ld+json\" class=\"yoast-schema-graph\">{\"@context\":\"https:\/\/schema.org\",\"@graph\":[{\"@type\":\"Article\",\"@id\":\"https:\/\/ubanews.com\/site\/2018\/08\/28\/desaparecida-desde-21-de-agosto-raiane-aparecida-araujo-avelino\/#article\",\"isPartOf\":{\"@id\":\"https:\/\/ubanews.com\/site\/2018\/08\/28\/desaparecida-desde-21-de-agosto-raiane-aparecida-araujo-avelino\/\"},\"author\":{\"name\":\"Sodr\u00e9\",\"@id\":\"https:\/\/ubanews.com\/site\/#\/schema\/person\/d90c9e47252fbb63dcc969fe4c8b9d10\"},\"headline\":\"Desaparecida desde 21 de agosto Raiane Aparecida Araujo Avelino\",\"datePublished\":\"2018-08-28T18:16:48+00:00\",\"dateModified\":\"2018-08-28T20:29:47+00:00\",\"mainEntityOfPage\":{\"@id\":\"https:\/\/ubanews.com\/site\/2018\/08\/28\/desaparecida-desde-21-de-agosto-raiane-aparecida-araujo-avelino\/\"},\"wordCount\":132,\"commentCount\":0,\"publisher\":{\"@id\":\"https:\/\/ubanews.com\/site\/#organization\"},\"image\":{\"@id\":\"https:\/\/ubanews.com\/site\/2018\/08\/28\/desaparecida-desde-21-de-agosto-raiane-aparecida-araujo-avelino\/#primaryimage\"},\"thumbnailUrl\":\"https:\/\/ubanews.com\/site\/wp-content\/uploads\/2018\/08\/Raiane-Aparecida-Araujo-Avelino.jpg\",\"articleSection\":[\"Geral\",\"S\u00edntese das Ocorr\u00eancias\"],\"inLanguage\":\"pt-BR\",\"potentialAction\":[{\"@type\":\"CommentAction\",\"name\":\"Comment\",\"target\":[\"https:\/\/ubanews.com\/site\/2018\/08\/28\/desaparecida-desde-21-de-agosto-raiane-aparecida-araujo-avelino\/#respond\"]}]},{\"@type\":\"WebPage\",\"@id\":\"https:\/\/ubanews.com\/site\/2018\/08\/28\/desaparecida-desde-21-de-agosto-raiane-aparecida-araujo-avelino\/\",\"url\":\"https:\/\/ubanews.com\/site\/2018\/08\/28\/desaparecida-desde-21-de-agosto-raiane-aparecida-araujo-avelino\/\",\"name\":\"Desaparecida desde 21 de agosto Raiane Aparecida Araujo Avelino - Ub\u00e1 News\",\"isPartOf\":{\"@id\":\"https:\/\/ubanews.com\/site\/#website\"},\"primaryImageOfPage\":{\"@id\":\"https:\/\/ubanews.com\/site\/2018\/08\/28\/desaparecida-desde-21-de-agosto-raiane-aparecida-araujo-avelino\/#primaryimage\"},\"image\":{\"@id\":\"https:\/\/ubanews.com\/site\/2018\/08\/28\/desaparecida-desde-21-de-agosto-raiane-aparecida-araujo-avelino\/#primaryimage\"},\"thumbnailUrl\":\"https:\/\/ubanews.com\/site\/wp-content\/uploads\/2018\/08\/Raiane-Aparecida-Araujo-Avelino.jpg\",\"datePublished\":\"2018-08-28T18:16:48+00:00\",\"dateModified\":\"2018-08-28T20:29:47+00:00\",\"breadcrumb\":{\"@id\":\"https:\/\/ubanews.com\/site\/2018\/08\/28\/desaparecida-desde-21-de-agosto-raiane-aparecida-araujo-avelino\/#breadcrumb\"},\"inLanguage\":\"pt-BR\",\"potentialAction\":[{\"@type\":\"ReadAction\",\"target\":[\"https:\/\/ubanews.com\/site\/2018\/08\/28\/desaparecida-desde-21-de-agosto-raiane-aparecida-araujo-avelino\/\"]}]},{\"@type\":\"ImageObject\",\"inLanguage\":\"pt-BR\",\"@id\":\"https:\/\/ubanews.com\/site\/2018\/08\/28\/desaparecida-desde-21-de-agosto-raiane-aparecida-araujo-avelino\/#primaryimage\",\"url\":\"https:\/\/ubanews.com\/site\/wp-content\/uploads\/2018\/08\/Raiane-Aparecida-Araujo-Avelino.jpg\",\"contentUrl\":\"https:\/\/ubanews.com\/site\/wp-content\/uploads\/2018\/08\/Raiane-Aparecida-Araujo-Avelino.jpg\",\"width\":800,\"height\":389},{\"@type\":\"BreadcrumbList\",\"@id\":\"https:\/\/ubanews.com\/site\/2018\/08\/28\/desaparecida-desde-21-de-agosto-raiane-aparecida-araujo-avelino\/#breadcrumb\",\"itemListElement\":[{\"@type\":\"ListItem\",\"position\":1,\"name\":\"Home\",\"item\":\"https:\/\/ubanews.com\/site\/\"},{\"@type\":\"ListItem\",\"position\":2,\"name\":\"Desaparecida desde 21 de agosto Raiane Aparecida Araujo Avelino\"}]},{\"@type\":\"WebSite\",\"@id\":\"https:\/\/ubanews.com\/site\/#website\",\"url\":\"https:\/\/ubanews.com\/site\/\",\"name\":\"Ub\u00e1 News\",\"description\":\"\",\"publisher\":{\"@id\":\"https:\/\/ubanews.com\/site\/#organization\"},\"potentialAction\":[{\"@type\":\"SearchAction\",\"target\":{\"@type\":\"EntryPoint\",\"urlTemplate\":\"https:\/\/ubanews.com\/site\/?s={search_term_string}\"},\"query-input\":{\"@type\":\"PropertyValueSpecification\",\"valueRequired\":true,\"valueName\":\"search_term_string\"}}],\"inLanguage\":\"pt-BR\"},{\"@type\":\"Organization\",\"@id\":\"https:\/\/ubanews.com\/site\/#organization\",\"name\":\"Ub\u00e1 News\",\"url\":\"https:\/\/ubanews.com\/site\/\",\"logo\":{\"@type\":\"ImageObject\",\"inLanguage\":\"pt-BR\",\"@id\":\"https:\/\/ubanews.com\/site\/#\/schema\/logo\/image\/\",\"url\":\"https:\/\/ubanews.com\/site\/wp-content\/uploads\/2018\/01\/logoubanews.png\",\"contentUrl\":\"https:\/\/ubanews.com\/site\/wp-content\/uploads\/2018\/01\/logoubanews.png\",\"width\":261,\"height\":99,\"caption\":\"Ub\u00e1 News\"},\"image\":{\"@id\":\"https:\/\/ubanews.com\/site\/#\/schema\/logo\/image\/\"},\"sameAs\":[\"https:\/\/www.facebook.com\/Ub\u00e1News-Carlos-Roberto-Sodr\u00e9-418778301977370\"]},{\"@type\":\"Person\",\"@id\":\"https:\/\/ubanews.com\/site\/#\/schema\/person\/d90c9e47252fbb63dcc969fe4c8b9d10\",\"name\":\"Sodr\u00e9\",\"image\":{\"@type\":\"ImageObject\",\"inLanguage\":\"pt-BR\",\"@id\":\"https:\/\/secure.gravatar.com\/avatar\/5ba2793f0590b9dbfad3fdec4ee714485b3eef211c9b32ee53d414060454a56c?s=96&d=mm&r=g\",\"url\":\"https:\/\/secure.gravatar.com\/avatar\/5ba2793f0590b9dbfad3fdec4ee714485b3eef211c9b32ee53d414060454a56c?s=96&d=mm&r=g\",\"contentUrl\":\"https:\/\/secure.gravatar.com\/avatar\/5ba2793f0590b9dbfad3fdec4ee714485b3eef211c9b32ee53d414060454a56c?s=96&d=mm&r=g\",\"caption\":\"Sodr\u00e9\"},\"sameAs\":[\"https:\/\/www.facebook.com\/carosroberto.sodre.5\/\"],\"url\":\"https:\/\/ubanews.com\/site\/author\/felipe\/\"}]}<\/script>\n<!-- \/ Yoast SEO plugin. -->","yoast_head_json":{"title":"Desaparecida desde 21 de agosto Raiane Aparecida Araujo Avelino - Ub\u00e1 News","robots":{"index":"index","follow":"follow","max-snippet":"max-snippet:-1","max-image-preview":"max-image-preview:large","max-video-preview":"max-video-preview:-1"},"canonical":"https:\/\/ubanews.com\/site\/2018\/08\/28\/desaparecida-desde-21-de-agosto-raiane-aparecida-araujo-avelino\/","og_locale":"pt_BR","og_type":"article","og_title":"Desaparecida desde 21 de agosto Raiane Aparecida Araujo Avelino - Ub\u00e1 News","og_description":"No dia 27 \u00e0s 18h15min compareceu ao Destacamento Policial a","og_url":"https:\/\/ubanews.com\/site\/2018\/08\/28\/desaparecida-desde-21-de-agosto-raiane-aparecida-araujo-avelino\/","og_site_name":"Ub\u00e1 News","article_publisher":"https:\/\/www.facebook.com\/Ub%c3%a1News-Carlos-Roberto-Sodr%c3%a9-418778301977370","article_author":"https:\/\/www.facebook.com\/carosroberto.sodre.5\/","article_published_time":"2018-08-28T18:16:48+00:00","article_modified_time":"2018-08-28T20:29:47+00:00","og_image":[{"width":800,"height":389,"url":"https:\/\/ubanews.com\/site\/wp-content\/uploads\/2018\/08\/Raiane-Aparecida-Araujo-Avelino.jpg","type":"image\/jpeg"}],"author":"Sodr\u00e9","twitter_card":"summary_large_image","twitter_misc":{"Escrito por":"Sodr\u00e9","Est. tempo de leitura":"1 minuto"},"schema":{"@context":"https:\/\/schema.org","@graph":[{"@type":"Article","@id":"https:\/\/ubanews.com\/site\/2018\/08\/28\/desaparecida-desde-21-de-agosto-raiane-aparecida-araujo-avelino\/#article","isPartOf":{"@id":"https:\/\/ubanews.com\/site\/2018\/08\/28\/desaparecida-desde-21-de-agosto-raiane-aparecida-araujo-avelino\/"},"author":{"name":"Sodr\u00e9","@id":"https:\/\/ubanews.com\/site\/#\/schema\/person\/d90c9e47252fbb63dcc969fe4c8b9d10"},"headline":"Desaparecida desde 21 de agosto Raiane Aparecida Araujo Avelino","datePublished":"2018-08-28T18:16:48+00:00","dateModified":"2018-08-28T20:29:47+00:00","mainEntityOfPage":{"@id":"https:\/\/ubanews.com\/site\/2018\/08\/28\/desaparecida-desde-21-de-agosto-raiane-aparecida-araujo-avelino\/"},"wordCount":132,"commentCount":0,"publisher":{"@id":"https:\/\/ubanews.com\/site\/#organization"},"image":{"@id":"https:\/\/ubanews.com\/site\/2018\/08\/28\/desaparecida-desde-21-de-agosto-raiane-aparecida-araujo-avelino\/#primaryimage"},"thumbnailUrl":"https:\/\/ubanews.com\/site\/wp-content\/uploads\/2018\/08\/Raiane-Aparecida-Araujo-Avelino.jpg","articleSection":["Geral","S\u00edntese das Ocorr\u00eancias"],"inLanguage":"pt-BR","potentialAction":[{"@type":"CommentAction","name":"Comment","target":["https:\/\/ubanews.com\/site\/2018\/08\/28\/desaparecida-desde-21-de-agosto-raiane-aparecida-araujo-avelino\/#respond"]}]},{"@type":"WebPage","@id":"https:\/\/ubanews.com\/site\/2018\/08\/28\/desaparecida-desde-21-de-agosto-raiane-aparecida-araujo-avelino\/","url":"https:\/\/ubanews.com\/site\/2018\/08\/28\/desaparecida-desde-21-de-agosto-raiane-aparecida-araujo-avelino\/","name":"Desaparecida desde 21 de agosto Raiane Aparecida Araujo Avelino - Ub\u00e1 News","isPartOf":{"@id":"https:\/\/ubanews.com\/site\/#website"},"primaryImageOfPage":{"@id":"https:\/\/ubanews.com\/site\/2018\/08\/28\/desaparecida-desde-21-de-agosto-raiane-aparecida-araujo-avelino\/#primaryimage"},"image":{"@id":"https:\/\/ubanews.com\/site\/2018\/08\/28\/desaparecida-desde-21-de-agosto-raiane-aparecida-araujo-avelino\/#primaryimage"},"thumbnailUrl":"https:\/\/ubanews.com\/site\/wp-content\/uploads\/2018\/08\/Raiane-Aparecida-Araujo-Avelino.jpg","datePublished":"2018-08-28T18:16:48+00:00","dateModified":"2018-08-28T20:29:47+00:00","breadcrumb":{"@id":"https:\/\/ubanews.com\/site\/2018\/08\/28\/desaparecida-desde-21-de-agosto-raiane-aparecida-araujo-avelino\/#breadcrumb"},"inLanguage":"pt-BR","potentialAction":[{"@type":"ReadAction","target":["https:\/\/ubanews.com\/site\/2018\/08\/28\/desaparecida-desde-21-de-agosto-raiane-aparecida-araujo-avelino\/"]}]},{"@type":"ImageObject","inLanguage":"pt-BR","@id":"https:\/\/ubanews.com\/site\/2018\/08\/28\/desaparecida-desde-21-de-agosto-raiane-aparecida-araujo-avelino\/#primaryimage","url":"https:\/\/ubanews.com\/site\/wp-content\/uploads\/2018\/08\/Raiane-Aparecida-Araujo-Avelino.jpg","contentUrl":"https:\/\/ubanews.com\/site\/wp-content\/uploads\/2018\/08\/Raiane-Aparecida-Araujo-Avelino.jpg","width":800,"height":389},{"@type":"BreadcrumbList","@id":"https:\/\/ubanews.com\/site\/2018\/08\/28\/desaparecida-desde-21-de-agosto-raiane-aparecida-araujo-avelino\/#breadcrumb","itemListElement":[{"@type":"ListItem","position":1,"name":"Home","item":"https:\/\/ubanews.com\/site\/"},{"@type":"ListItem","position":2,"name":"Desaparecida desde 21 de agosto Raiane Aparecida Araujo Avelino"}]},{"@type":"WebSite","@id":"https:\/\/ubanews.com\/site\/#website","url":"https:\/\/ubanews.com\/site\/","name":"Ub\u00e1 News","description":"","publisher":{"@id":"https:\/\/ubanews.com\/site\/#organization"},"potentialAction":[{"@type":"SearchAction","target":{"@type":"EntryPoint","urlTemplate":"https:\/\/ubanews.com\/site\/?s={search_term_string}"},"query-input":{"@type":"PropertyValueSpecification","valueRequired":true,"valueName":"search_term_string"}}],"inLanguage":"pt-BR"},{"@type":"Organization","@id":"https:\/\/ubanews.com\/site\/#organization","name":"Ub\u00e1 News","url":"https:\/\/ubanews.com\/site\/","logo":{"@type":"ImageObject","inLanguage":"pt-BR","@id":"https:\/\/ubanews.com\/site\/#\/schema\/logo\/image\/","url":"https:\/\/ubanews.com\/site\/wp-content\/uploads\/2018\/01\/logoubanews.png","contentUrl":"https:\/\/ubanews.com\/site\/wp-content\/uploads\/2018\/01\/logoubanews.png","width":261,"height":99,"caption":"Ub\u00e1 News"},"image":{"@id":"https:\/\/ubanews.com\/site\/#\/schema\/logo\/image\/"},"sameAs":["https:\/\/www.facebook.com\/Ub\u00e1News-Carlos-Roberto-Sodr\u00e9-418778301977370"]},{"@type":"Person","@id":"https:\/\/ubanews.com\/site\/#\/schema\/person\/d90c9e47252fbb63dcc969fe4c8b9d10","name":"Sodr\u00e9","image":{"@type":"ImageObject","inLanguage":"pt-BR","@id":"https:\/\/secure.gravatar.com\/avatar\/5ba2793f0590b9dbfad3fdec4ee714485b3eef211c9b32ee53d414060454a56c?s=96&d=mm&r=g","url":"https:\/\/secure.gravatar.com\/avatar\/5ba2793f0590b9dbfad3fdec4ee714485b3eef211c9b32ee53d414060454a56c?s=96&d=mm&r=g","contentUrl":"https:\/\/secure.gravatar.com\/avatar\/5ba2793f0590b9dbfad3fdec4ee714485b3eef211c9b32ee53d414060454a56c?s=96&d=mm&r=g","caption":"Sodr\u00e9"},"sameAs":["https:\/\/www.facebook.com\/carosroberto.sodre.5\/"],"url":"https:\/\/ubanews.com\/site\/author\/felipe\/"}]}},"_links":{"self":[{"href":"https:\/\/ubanews.com\/site\/wp-json\/wp\/v2\/posts\/7048","targetHints":{"allow":["GET"]}}],"collection":[{"href":"https:\/\/ubanews.com\/site\/wp-json\/wp\/v2\/posts"}],"about":[{"href":"https:\/\/ubanews.com\/site\/wp-json\/wp\/v2\/types\/post"}],"author":[{"embeddable":true,"href":"https:\/\/ubanews.com\/site\/wp-json\/wp\/v2\/users\/2"}],"replies":[{"embeddable":true,"href":"https:\/\/ubanews.com\/site\/wp-json\/wp\/v2\/comments?post=7048"}],"version-history":[{"count":0,"href":"https:\/\/ubanews.com\/site\/wp-json\/wp\/v2\/posts\/7048\/revisions"}],"wp:featuredmedia":[{"embeddable":true,"href":"https:\/\/ubanews.com\/site\/wp-json\/wp\/v2\/media\/7049"}],"wp:attachment":[{"href":"https:\/\/ubanews.com\/site\/wp-json\/wp\/v2\/media?parent=7048"}],"wp:term":[{"taxonomy":"category","embeddable":true,"href":"https:\/\/ubanews.com\/site\/wp-json\/wp\/v2\/categories?post=7048"},{"taxonomy":"post_tag","embeddable":true,"href":"https:\/\/ubanews.com\/site\/wp-json\/wp\/v2\/tags?post=7048"}],"curies":[{"name":"wp","href":"https:\/\/api.w.org\/{rel}","templated":true}]}}