{"id":7033,"date":"2018-08-28T11:40:49","date_gmt":"2018-08-28T14:40:49","guid":{"rendered":"http:\/\/ubanews.com\/site\/?p=7033"},"modified":"2018-08-28T11:41:40","modified_gmt":"2018-08-28T14:41:40","slug":"nova-sinalizacao-semaforica-para-veiculos-e-pedestres-no-bairro-sao-sebastiao","status":"publish","type":"post","link":"https:\/\/ubanews.com\/site\/2018\/08\/28\/nova-sinalizacao-semaforica-para-veiculos-e-pedestres-no-bairro-sao-sebastiao\/","title":{"rendered":"Nova sinaliza\u00e7\u00e3o semaf\u00f3rica para ve\u00edculos e pedestres no bairro S\u00e3o Sebasti\u00e3o"},"content":{"rendered":"<p><a href=\"https:\/\/ubanews.com\/site\/wp-content\/uploads\/2018\/08\/065-1.jpg\"><img loading=\"lazy\" decoding=\"async\" class=\"alignnone size-medium wp-image-7037\" src=\"https:\/\/ubanews.com\/site\/wp-content\/uploads\/2018\/08\/065-1-300x225.jpg\" alt=\"\" width=\"300\" height=\"225\" srcset=\"https:\/\/ubanews.com\/site\/wp-content\/uploads\/2018\/08\/065-1-300x225.jpg 300w, https:\/\/ubanews.com\/site\/wp-content\/uploads\/2018\/08\/065-1-768x576.jpg 768w, https:\/\/ubanews.com\/site\/wp-content\/uploads\/2018\/08\/065-1.jpg 800w\" sizes=\"auto, (max-width: 300px) 100vw, 300px\" \/><\/a> <a href=\"https:\/\/ubanews.com\/site\/wp-content\/uploads\/2018\/08\/068.jpg\"><img loading=\"lazy\" decoding=\"async\" class=\"alignnone size-medium wp-image-7036\" src=\"https:\/\/ubanews.com\/site\/wp-content\/uploads\/2018\/08\/068-300x225.jpg\" alt=\"\" width=\"300\" height=\"225\" srcset=\"https:\/\/ubanews.com\/site\/wp-content\/uploads\/2018\/08\/068-300x225.jpg 300w, https:\/\/ubanews.com\/site\/wp-content\/uploads\/2018\/08\/068-768x576.jpg 768w, https:\/\/ubanews.com\/site\/wp-content\/uploads\/2018\/08\/068.jpg 800w\" sizes=\"auto, (max-width: 300px) 100vw, 300px\" \/><\/a> <a href=\"https:\/\/ubanews.com\/site\/wp-content\/uploads\/2018\/08\/067.jpg\"><img loading=\"lazy\" decoding=\"async\" class=\"alignnone size-medium wp-image-7035\" src=\"https:\/\/ubanews.com\/site\/wp-content\/uploads\/2018\/08\/067-300x225.jpg\" alt=\"\" width=\"300\" height=\"225\" srcset=\"https:\/\/ubanews.com\/site\/wp-content\/uploads\/2018\/08\/067-300x225.jpg 300w, https:\/\/ubanews.com\/site\/wp-content\/uploads\/2018\/08\/067-768x576.jpg 768w, https:\/\/ubanews.com\/site\/wp-content\/uploads\/2018\/08\/067.jpg 800w\" sizes=\"auto, (max-width: 300px) 100vw, 300px\" \/><\/a> <a href=\"https:\/\/ubanews.com\/site\/wp-content\/uploads\/2018\/08\/066.jpg\"><img loading=\"lazy\" decoding=\"async\" class=\"alignnone size-medium wp-image-7034\" src=\"https:\/\/ubanews.com\/site\/wp-content\/uploads\/2018\/08\/066-300x225.jpg\" alt=\"\" width=\"300\" height=\"225\" srcset=\"https:\/\/ubanews.com\/site\/wp-content\/uploads\/2018\/08\/066-300x225.jpg 300w, https:\/\/ubanews.com\/site\/wp-content\/uploads\/2018\/08\/066-768x576.jpg 768w, https:\/\/ubanews.com\/site\/wp-content\/uploads\/2018\/08\/066.jpg 800w\" sizes=\"auto, (max-width: 300px) 100vw, 300px\" \/><\/a><\/p>\n<p>A Prefeitura de Ub\u00e1 implantou, nesta sexta-feira (24), sinaliza\u00e7\u00e3o semaf\u00f3rica para ve\u00edculos e pedestres e sinaliza\u00e7\u00e3o horizontal (faixa de pedestres) no cruzamento da Avenida dos Franciscanos com a Rua C\u00f4nego Vidal, no bairro S\u00e3o Sebasti\u00e3o.<\/p>\n<p>De acordo com o Secret\u00e1rio de Ambiente e Mobilidade Urbana, Vicente de Paulo Pinto, a interven\u00e7\u00e3o, demanda antiga da comunidade do bairro, tem como objetivos disciplinar o tr\u00e2nsito, trazer mais organiza\u00e7\u00e3o para o local e garantir mais segu<span class=\"text_exposed_show\">ran\u00e7a para motoristas e pedestres. \u201cVamos monitorar a regi\u00e3o nos pr\u00f3ximos dias, principalmente nos hor\u00e1rios de pico, e verificar se precisaremos fazer algum ajuste, mas certamente essa medida trar\u00e1 muitos benef\u00edcios para o tr\u00e2nsito na regi\u00e3o\u201d, explicou.<\/span><\/p>\n<div class=\"text_exposed_show\">\n<p>Moradores e comerciantes do bairro j\u00e1 demonstram grande satisfa\u00e7\u00e3o com a a\u00e7\u00e3o. Osvaldo de Souza Montezano, comerciante da regi\u00e3o h\u00e1 21 anos, relatou que a incid\u00eancia de pequenos acidentes no local era bem grande. \u201cA Prefeitura est\u00e1 de parab\u00e9ns por colocar essa sinaliza\u00e7\u00e3o aqui. Vemos sempre acidentes acontecendo. Agora vamos ter mais seguran\u00e7a no tr\u00e2nsito\u201d, disse.<\/p>\n<p>\u201cAdorei. Com o sem\u00e1foro vai melhorar muito para as crian\u00e7as que v\u00e3o para a escola\u201d, falou Cl\u00e1udia Helena, moradora do bairro Nova Olinda.<\/p>\n<p><a href=\"https:\/\/ubanews.com\/site\/wp-content\/uploads\/2018\/08\/ELETRO-SENA-AUTOMOTIVA-2.jpg\"><img loading=\"lazy\" decoding=\"async\" class=\"alignnone wp-image-7016 size-full\" src=\"https:\/\/ubanews.com\/site\/wp-content\/uploads\/2018\/08\/ELETRO-SENA-AUTOMOTIVA-2.jpg\" alt=\"\" width=\"800\" height=\"264\" srcset=\"https:\/\/ubanews.com\/site\/wp-content\/uploads\/2018\/08\/ELETRO-SENA-AUTOMOTIVA-2.jpg 800w, https:\/\/ubanews.com\/site\/wp-content\/uploads\/2018\/08\/ELETRO-SENA-AUTOMOTIVA-2-300x99.jpg 300w, https:\/\/ubanews.com\/site\/wp-content\/uploads\/2018\/08\/ELETRO-SENA-AUTOMOTIVA-2-768x253.jpg 768w\" sizes=\"auto, (max-width: 800px) 100vw, 800px\" \/><\/a><\/p>\n<p>\u201cO grande m\u00e9rito dessa administra\u00e7\u00e3o \u00e9 escutar as demandas que v\u00eam da popula\u00e7\u00e3o. Esse apoio \u00e9 muito importante. Essa interven\u00e7\u00e3o \u00e9 um sonho de nossa comunidade, \u00e9 uma realiza\u00e7\u00e3o para n\u00f3s. Sem d\u00favida vai melhorar bastante a seguran\u00e7a no tr\u00e2nsito para motoristas e pedestres, al\u00e9m de deixar a cidade mais organizada e bonita\u201d, afirmou Leacira Lopes da Silva Garcia, moradora e propri\u00e9taria de uma farm\u00e1cia no bairro.<\/p>\n<p>Para a moradora Poliana Elisa Magalh\u00e3es Proc\u00f3pio, organiza\u00e7\u00e3o, progresso e desenvolvimento s\u00e3o as palavras que definem a a\u00e7\u00e3o da Prefeitura. \u201cA implanta\u00e7\u00e3o dessa sinaliza\u00e7\u00e3o foi muito esperada. Estamos muito felizes com a seguran\u00e7a que a medida vai trazer\u201d, concluiu.<\/p>\n<p>A partir da pr\u00f3xima semana, os locais para travessia de pedestres v\u00e3o receber interven\u00e7\u00f5es de acessibilidade com a constru\u00e7\u00e3o de rampas de acesso.<\/p>\n<p><strong>Assessoria de comunica\u00e7\u00e3o Prefeitura Municipal de Ub\u00e1<\/strong><\/p>\n<\/div>\n","protected":false},"excerpt":{"rendered":"<p>A Prefeitura de Ub\u00e1 implantou, nesta sexta-feira (24), sinaliza\u00e7\u00e3o semaf\u00f3rica<\/p>\n","protected":false},"author":2,"featured_media":7038,"comment_status":"open","ping_status":"open","sticky":false,"template":"","format":"standard","meta":{"footnotes":""},"categories":[1],"tags":[],"class_list":["post-7033","post","type-post","status-publish","format-standard","has-post-thumbnail","hentry","category-sem-categoria"],"_links":{"self":[{"href":"https:\/\/ubanews.com\/site\/wp-json\/wp\/v2\/posts\/7033","targetHints":{"allow":["GET"]}}],"collection":[{"href":"https:\/\/ubanews.com\/site\/wp-json\/wp\/v2\/posts"}],"about":[{"href":"https:\/\/ubanews.com\/site\/wp-json\/wp\/v2\/types\/post"}],"author":[{"embeddable":true,"href":"https:\/\/ubanews.com\/site\/wp-json\/wp\/v2\/users\/2"}],"replies":[{"embeddable":true,"href":"https:\/\/ubanews.com\/site\/wp-json\/wp\/v2\/comments?post=7033"}],"version-history":[{"count":0,"href":"https:\/\/ubanews.com\/site\/wp-json\/wp\/v2\/posts\/7033\/revisions"}],"wp:featuredmedia":[{"embeddable":true,"href":"https:\/\/ubanews.com\/site\/wp-json\/wp\/v2\/media\/7038"}],"wp:attachment":[{"href":"https:\/\/ubanews.com\/site\/wp-json\/wp\/v2\/media?parent=7033"}],"wp:term":[{"taxonomy":"category","embeddable":true,"href":"https:\/\/ubanews.com\/site\/wp-json\/wp\/v2\/categories?post=7033"},{"taxonomy":"post_tag","embeddable":true,"href":"https:\/\/ubanews.com\/site\/wp-json\/wp\/v2\/tags?post=7033"}],"curies":[{"name":"wp","href":"https:\/\/api.w.org\/{rel}","templated":true}]}}