{"id":7011,"date":"2018-08-28T10:49:18","date_gmt":"2018-08-28T13:49:18","guid":{"rendered":"http:\/\/ubanews.com\/site\/?p=7011"},"modified":"2018-08-28T10:59:16","modified_gmt":"2018-08-28T13:59:16","slug":"prisao-de-autores-por-porte-ilegal-de-arma-e-fogo-e-roubo-tentado","status":"publish","type":"post","link":"https:\/\/ubanews.com\/site\/2018\/08\/28\/prisao-de-autores-por-porte-ilegal-de-arma-e-fogo-e-roubo-tentado\/","title":{"rendered":"PRIS\u00c3O DE AUTORES POR PORTE ILEGAL DE ARMA E FOGO E ROUBO TENTADO"},"content":{"rendered":"<p>No dia 27 \u00e0s 11h25min, policiais militares, empenharam-se para verifica\u00e7\u00e3o de den\u00fancia, de indiv\u00edduos suspeitos, os quais estavam transitando \u00e0 p\u00e9 pela estrada da liga\u00e7\u00e3o, sendo que um era negro e usava camisa vermelha, e outro de camisa clara e pardo, ambos, ao perceberem a presen\u00e7a policial, tentaram evadir e dispensaram um objeto \u00e0s margens da via.<\/p>\n<p>Os suspeitos foram alcan\u00e7ados e imobilizados, logo ap\u00f3s, foi localizado um rev\u00f3lver calibre 22, inox, marca Rossi, com sete muni\u00e7\u00f5es do mesmo calibre. Durante a abordagem, chegou ao COPOM solicita\u00e7\u00e3o de uma v\u00edtima, relatando ter sido v\u00edtima de um roubo tentado, onde os mesmos autores lhe apontaram uma arma e determinaram que ela passasse a moto, por\u00e9m ela acelerou e conseguiu evadir.<\/p>\n<p><a href=\"https:\/\/ubanews.com\/site\/wp-content\/uploads\/2018\/08\/ELETRO-SENA-AUTOMOTIVA-2.jpg\"><img decoding=\"async\" class=\"alignnone wp-image-7016 size-full lazyload\" data-src=\"https:\/\/ubanews.com\/site\/wp-content\/uploads\/2018\/08\/ELETRO-SENA-AUTOMOTIVA-2.jpg\" alt=\"\" width=\"800\" height=\"264\" data-srcset=\"https:\/\/ubanews.com\/site\/wp-content\/uploads\/2018\/08\/ELETRO-SENA-AUTOMOTIVA-2.jpg 800w, https:\/\/ubanews.com\/site\/wp-content\/uploads\/2018\/08\/ELETRO-SENA-AUTOMOTIVA-2-300x99.jpg 300w, https:\/\/ubanews.com\/site\/wp-content\/uploads\/2018\/08\/ELETRO-SENA-AUTOMOTIVA-2-768x253.jpg 768w\" data-sizes=\"(max-width: 800px) 100vw, 800px\" src=\"data:image\/svg+xml;base64,PHN2ZyB3aWR0aD0iMSIgaGVpZ2h0PSIxIiB4bWxucz0iaHR0cDovL3d3dy53My5vcmcvMjAwMC9zdmciPjwvc3ZnPg==\" style=\"--smush-placeholder-width: 800px; --smush-placeholder-aspect-ratio: 800\/264;\" \/><\/a><\/p>\n<p>Atrav\u00e9s de fotos, a v\u00edtima reconheceu os autores menores infratores, que receberam voz de apreens\u00e3o em flagrante delito e foram conduzidos a Delegacia, juntamente com a arma e as muni\u00e7\u00f5es apreendidos. Questionado sobre sua origem, o autor de 17 anos informou que ele e seu primo de 14 anos seriam da cidade de Tocantins e que teriam sido levados at\u00e9 a liga\u00e7\u00e3o em Ub\u00e1 por um indiv\u00edduo de nome Dimas, o qual possui uma barbearia na Avenida Joaquim Dias Santiago e que eles teriam ido num ve\u00edculo de cor prata, de propriedade de Dimas. Os militares deslocaram at\u00e9 Tocantins, onde localizaram Dimas Vital Reis, de 24 anos em sua resid\u00eancia, tendo confirmado ter levado os autores at\u00e9 o local, por\u00e9m relatou desconhecer o motivo pelo qual eles teriam ido \u00e0 liga\u00e7\u00e3o, afirmando apenas que teria dado uma carona.<\/p>\n<p>Dimas recebeu voz de pris\u00e3o por sua coautoria no delito e foi conduzido tamb\u00e9m \u00e0 Delegacia juntamente com os menores infratores.<\/p>\n<p>O ve\u00edculo utilizado foi localizado em frente \u00e0 resid\u00eancia do Dimas sendo removido ao patio credenciado.<\/p>\n<p><strong>ASSESSORIA DE COMUNICA\u00c7\u00c3O ORGANIZACIONAL<\/strong><\/p>\n<p><strong><em>Vig\u00e9simo Primeiro Batalh\u00e3o de Pol\u00edcia Militar<\/em><\/strong><\/p>\n","protected":false},"excerpt":{"rendered":"<p>No dia 27 \u00e0s 11h25min, policiais militares, empenharam-se para verifica\u00e7\u00e3o<\/p>\n","protected":false},"author":2,"featured_media":7012,"comment_status":"open","ping_status":"open","sticky":false,"template":"","format":"standard","meta":{"footnotes":""},"categories":[13],"tags":[],"class_list":["post-7011","post","type-post","status-publish","format-standard","has-post-thumbnail","hentry","category-sintese-das-ocorrencias"],"yoast_head":"<!-- This site is optimized with the Yoast SEO plugin v27.2 - https:\/\/yoast.com\/product\/yoast-seo-wordpress\/ -->\n<title>PRIS\u00c3O DE AUTORES POR PORTE ILEGAL DE ARMA E FOGO E ROUBO TENTADO - Ub\u00e1 News<\/title>\n<meta name=\"robots\" content=\"index, follow, max-snippet:-1, max-image-preview:large, max-video-preview:-1\" \/>\n<link rel=\"canonical\" href=\"https:\/\/ubanews.com\/site\/2018\/08\/28\/prisao-de-autores-por-porte-ilegal-de-arma-e-fogo-e-roubo-tentado\/\" \/>\n<meta property=\"og:locale\" content=\"pt_BR\" \/>\n<meta property=\"og:type\" content=\"article\" \/>\n<meta property=\"og:title\" content=\"PRIS\u00c3O DE AUTORES POR PORTE ILEGAL DE ARMA E FOGO E ROUBO TENTADO - Ub\u00e1 News\" \/>\n<meta property=\"og:description\" content=\"No dia 27 \u00e0s 11h25min, policiais militares, empenharam-se para verifica\u00e7\u00e3o\" \/>\n<meta property=\"og:url\" content=\"https:\/\/ubanews.com\/site\/2018\/08\/28\/prisao-de-autores-por-porte-ilegal-de-arma-e-fogo-e-roubo-tentado\/\" \/>\n<meta property=\"og:site_name\" content=\"Ub\u00e1 News\" \/>\n<meta property=\"article:publisher\" content=\"https:\/\/www.facebook.com\/Ub%c3%a1News-Carlos-Roberto-Sodr%c3%a9-418778301977370\" \/>\n<meta property=\"article:author\" content=\"https:\/\/www.facebook.com\/carosroberto.sodre.5\/\" \/>\n<meta property=\"article:published_time\" content=\"2018-08-28T13:49:18+00:00\" \/>\n<meta property=\"article:modified_time\" content=\"2018-08-28T13:59:16+00:00\" \/>\n<meta property=\"og:image\" content=\"https:\/\/ubanews.com\/site\/wp-content\/uploads\/2018\/08\/064-1.jpg\" \/>\n\t<meta property=\"og:image:width\" content=\"800\" \/>\n\t<meta property=\"og:image:height\" content=\"389\" \/>\n\t<meta property=\"og:image:type\" content=\"image\/jpeg\" \/>\n<meta name=\"author\" content=\"Sodr\u00e9\" \/>\n<meta name=\"twitter:card\" content=\"summary_large_image\" \/>\n<meta name=\"twitter:label1\" content=\"Escrito por\" \/>\n\t<meta name=\"twitter:data1\" content=\"Sodr\u00e9\" \/>\n\t<meta name=\"twitter:label2\" content=\"Est. tempo de leitura\" \/>\n\t<meta name=\"twitter:data2\" content=\"2 minutos\" \/>\n<script type=\"application\/ld+json\" class=\"yoast-schema-graph\">{\"@context\":\"https:\/\/schema.org\",\"@graph\":[{\"@type\":\"Article\",\"@id\":\"https:\/\/ubanews.com\/site\/2018\/08\/28\/prisao-de-autores-por-porte-ilegal-de-arma-e-fogo-e-roubo-tentado\/#article\",\"isPartOf\":{\"@id\":\"https:\/\/ubanews.com\/site\/2018\/08\/28\/prisao-de-autores-por-porte-ilegal-de-arma-e-fogo-e-roubo-tentado\/\"},\"author\":{\"name\":\"Sodr\u00e9\",\"@id\":\"https:\/\/ubanews.com\/site\/#\/schema\/person\/d90c9e47252fbb63dcc969fe4c8b9d10\"},\"headline\":\"PRIS\u00c3O DE AUTORES POR PORTE ILEGAL DE ARMA E FOGO E ROUBO TENTADO\",\"datePublished\":\"2018-08-28T13:49:18+00:00\",\"dateModified\":\"2018-08-28T13:59:16+00:00\",\"mainEntityOfPage\":{\"@id\":\"https:\/\/ubanews.com\/site\/2018\/08\/28\/prisao-de-autores-por-porte-ilegal-de-arma-e-fogo-e-roubo-tentado\/\"},\"wordCount\":341,\"commentCount\":0,\"publisher\":{\"@id\":\"https:\/\/ubanews.com\/site\/#organization\"},\"image\":{\"@id\":\"https:\/\/ubanews.com\/site\/2018\/08\/28\/prisao-de-autores-por-porte-ilegal-de-arma-e-fogo-e-roubo-tentado\/#primaryimage\"},\"thumbnailUrl\":\"https:\/\/ubanews.com\/site\/wp-content\/uploads\/2018\/08\/064-1.jpg\",\"articleSection\":[\"S\u00edntese das Ocorr\u00eancias\"],\"inLanguage\":\"pt-BR\",\"potentialAction\":[{\"@type\":\"CommentAction\",\"name\":\"Comment\",\"target\":[\"https:\/\/ubanews.com\/site\/2018\/08\/28\/prisao-de-autores-por-porte-ilegal-de-arma-e-fogo-e-roubo-tentado\/#respond\"]}]},{\"@type\":\"WebPage\",\"@id\":\"https:\/\/ubanews.com\/site\/2018\/08\/28\/prisao-de-autores-por-porte-ilegal-de-arma-e-fogo-e-roubo-tentado\/\",\"url\":\"https:\/\/ubanews.com\/site\/2018\/08\/28\/prisao-de-autores-por-porte-ilegal-de-arma-e-fogo-e-roubo-tentado\/\",\"name\":\"PRIS\u00c3O DE AUTORES POR PORTE ILEGAL DE ARMA E FOGO E ROUBO TENTADO - Ub\u00e1 News\",\"isPartOf\":{\"@id\":\"https:\/\/ubanews.com\/site\/#website\"},\"primaryImageOfPage\":{\"@id\":\"https:\/\/ubanews.com\/site\/2018\/08\/28\/prisao-de-autores-por-porte-ilegal-de-arma-e-fogo-e-roubo-tentado\/#primaryimage\"},\"image\":{\"@id\":\"https:\/\/ubanews.com\/site\/2018\/08\/28\/prisao-de-autores-por-porte-ilegal-de-arma-e-fogo-e-roubo-tentado\/#primaryimage\"},\"thumbnailUrl\":\"https:\/\/ubanews.com\/site\/wp-content\/uploads\/2018\/08\/064-1.jpg\",\"datePublished\":\"2018-08-28T13:49:18+00:00\",\"dateModified\":\"2018-08-28T13:59:16+00:00\",\"breadcrumb\":{\"@id\":\"https:\/\/ubanews.com\/site\/2018\/08\/28\/prisao-de-autores-por-porte-ilegal-de-arma-e-fogo-e-roubo-tentado\/#breadcrumb\"},\"inLanguage\":\"pt-BR\",\"potentialAction\":[{\"@type\":\"ReadAction\",\"target\":[\"https:\/\/ubanews.com\/site\/2018\/08\/28\/prisao-de-autores-por-porte-ilegal-de-arma-e-fogo-e-roubo-tentado\/\"]}]},{\"@type\":\"ImageObject\",\"inLanguage\":\"pt-BR\",\"@id\":\"https:\/\/ubanews.com\/site\/2018\/08\/28\/prisao-de-autores-por-porte-ilegal-de-arma-e-fogo-e-roubo-tentado\/#primaryimage\",\"url\":\"https:\/\/ubanews.com\/site\/wp-content\/uploads\/2018\/08\/064-1.jpg\",\"contentUrl\":\"https:\/\/ubanews.com\/site\/wp-content\/uploads\/2018\/08\/064-1.jpg\",\"width\":800,\"height\":389},{\"@type\":\"BreadcrumbList\",\"@id\":\"https:\/\/ubanews.com\/site\/2018\/08\/28\/prisao-de-autores-por-porte-ilegal-de-arma-e-fogo-e-roubo-tentado\/#breadcrumb\",\"itemListElement\":[{\"@type\":\"ListItem\",\"position\":1,\"name\":\"Home\",\"item\":\"https:\/\/ubanews.com\/site\/\"},{\"@type\":\"ListItem\",\"position\":2,\"name\":\"PRIS\u00c3O DE AUTORES POR PORTE ILEGAL DE ARMA E FOGO E ROUBO TENTADO\"}]},{\"@type\":\"WebSite\",\"@id\":\"https:\/\/ubanews.com\/site\/#website\",\"url\":\"https:\/\/ubanews.com\/site\/\",\"name\":\"Ub\u00e1 News\",\"description\":\"\",\"publisher\":{\"@id\":\"https:\/\/ubanews.com\/site\/#organization\"},\"potentialAction\":[{\"@type\":\"SearchAction\",\"target\":{\"@type\":\"EntryPoint\",\"urlTemplate\":\"https:\/\/ubanews.com\/site\/?s={search_term_string}\"},\"query-input\":{\"@type\":\"PropertyValueSpecification\",\"valueRequired\":true,\"valueName\":\"search_term_string\"}}],\"inLanguage\":\"pt-BR\"},{\"@type\":\"Organization\",\"@id\":\"https:\/\/ubanews.com\/site\/#organization\",\"name\":\"Ub\u00e1 News\",\"url\":\"https:\/\/ubanews.com\/site\/\",\"logo\":{\"@type\":\"ImageObject\",\"inLanguage\":\"pt-BR\",\"@id\":\"https:\/\/ubanews.com\/site\/#\/schema\/logo\/image\/\",\"url\":\"https:\/\/ubanews.com\/site\/wp-content\/uploads\/2018\/01\/logoubanews.png\",\"contentUrl\":\"https:\/\/ubanews.com\/site\/wp-content\/uploads\/2018\/01\/logoubanews.png\",\"width\":261,\"height\":99,\"caption\":\"Ub\u00e1 News\"},\"image\":{\"@id\":\"https:\/\/ubanews.com\/site\/#\/schema\/logo\/image\/\"},\"sameAs\":[\"https:\/\/www.facebook.com\/Ub\u00e1News-Carlos-Roberto-Sodr\u00e9-418778301977370\"]},{\"@type\":\"Person\",\"@id\":\"https:\/\/ubanews.com\/site\/#\/schema\/person\/d90c9e47252fbb63dcc969fe4c8b9d10\",\"name\":\"Sodr\u00e9\",\"image\":{\"@type\":\"ImageObject\",\"inLanguage\":\"pt-BR\",\"@id\":\"https:\/\/secure.gravatar.com\/avatar\/5ba2793f0590b9dbfad3fdec4ee714485b3eef211c9b32ee53d414060454a56c?s=96&d=mm&r=g\",\"url\":\"https:\/\/secure.gravatar.com\/avatar\/5ba2793f0590b9dbfad3fdec4ee714485b3eef211c9b32ee53d414060454a56c?s=96&d=mm&r=g\",\"contentUrl\":\"https:\/\/secure.gravatar.com\/avatar\/5ba2793f0590b9dbfad3fdec4ee714485b3eef211c9b32ee53d414060454a56c?s=96&d=mm&r=g\",\"caption\":\"Sodr\u00e9\"},\"sameAs\":[\"https:\/\/www.facebook.com\/carosroberto.sodre.5\/\"],\"url\":\"https:\/\/ubanews.com\/site\/author\/felipe\/\"}]}<\/script>\n<!-- \/ Yoast SEO plugin. -->","yoast_head_json":{"title":"PRIS\u00c3O DE AUTORES POR PORTE ILEGAL DE ARMA E FOGO E ROUBO TENTADO - Ub\u00e1 News","robots":{"index":"index","follow":"follow","max-snippet":"max-snippet:-1","max-image-preview":"max-image-preview:large","max-video-preview":"max-video-preview:-1"},"canonical":"https:\/\/ubanews.com\/site\/2018\/08\/28\/prisao-de-autores-por-porte-ilegal-de-arma-e-fogo-e-roubo-tentado\/","og_locale":"pt_BR","og_type":"article","og_title":"PRIS\u00c3O DE AUTORES POR PORTE ILEGAL DE ARMA E FOGO E ROUBO TENTADO - Ub\u00e1 News","og_description":"No dia 27 \u00e0s 11h25min, policiais militares, empenharam-se para verifica\u00e7\u00e3o","og_url":"https:\/\/ubanews.com\/site\/2018\/08\/28\/prisao-de-autores-por-porte-ilegal-de-arma-e-fogo-e-roubo-tentado\/","og_site_name":"Ub\u00e1 News","article_publisher":"https:\/\/www.facebook.com\/Ub%c3%a1News-Carlos-Roberto-Sodr%c3%a9-418778301977370","article_author":"https:\/\/www.facebook.com\/carosroberto.sodre.5\/","article_published_time":"2018-08-28T13:49:18+00:00","article_modified_time":"2018-08-28T13:59:16+00:00","og_image":[{"width":800,"height":389,"url":"https:\/\/ubanews.com\/site\/wp-content\/uploads\/2018\/08\/064-1.jpg","type":"image\/jpeg"}],"author":"Sodr\u00e9","twitter_card":"summary_large_image","twitter_misc":{"Escrito por":"Sodr\u00e9","Est. tempo de leitura":"2 minutos"},"schema":{"@context":"https:\/\/schema.org","@graph":[{"@type":"Article","@id":"https:\/\/ubanews.com\/site\/2018\/08\/28\/prisao-de-autores-por-porte-ilegal-de-arma-e-fogo-e-roubo-tentado\/#article","isPartOf":{"@id":"https:\/\/ubanews.com\/site\/2018\/08\/28\/prisao-de-autores-por-porte-ilegal-de-arma-e-fogo-e-roubo-tentado\/"},"author":{"name":"Sodr\u00e9","@id":"https:\/\/ubanews.com\/site\/#\/schema\/person\/d90c9e47252fbb63dcc969fe4c8b9d10"},"headline":"PRIS\u00c3O DE AUTORES POR PORTE ILEGAL DE ARMA E FOGO E ROUBO TENTADO","datePublished":"2018-08-28T13:49:18+00:00","dateModified":"2018-08-28T13:59:16+00:00","mainEntityOfPage":{"@id":"https:\/\/ubanews.com\/site\/2018\/08\/28\/prisao-de-autores-por-porte-ilegal-de-arma-e-fogo-e-roubo-tentado\/"},"wordCount":341,"commentCount":0,"publisher":{"@id":"https:\/\/ubanews.com\/site\/#organization"},"image":{"@id":"https:\/\/ubanews.com\/site\/2018\/08\/28\/prisao-de-autores-por-porte-ilegal-de-arma-e-fogo-e-roubo-tentado\/#primaryimage"},"thumbnailUrl":"https:\/\/ubanews.com\/site\/wp-content\/uploads\/2018\/08\/064-1.jpg","articleSection":["S\u00edntese das Ocorr\u00eancias"],"inLanguage":"pt-BR","potentialAction":[{"@type":"CommentAction","name":"Comment","target":["https:\/\/ubanews.com\/site\/2018\/08\/28\/prisao-de-autores-por-porte-ilegal-de-arma-e-fogo-e-roubo-tentado\/#respond"]}]},{"@type":"WebPage","@id":"https:\/\/ubanews.com\/site\/2018\/08\/28\/prisao-de-autores-por-porte-ilegal-de-arma-e-fogo-e-roubo-tentado\/","url":"https:\/\/ubanews.com\/site\/2018\/08\/28\/prisao-de-autores-por-porte-ilegal-de-arma-e-fogo-e-roubo-tentado\/","name":"PRIS\u00c3O DE AUTORES POR PORTE ILEGAL DE ARMA E FOGO E ROUBO TENTADO - Ub\u00e1 News","isPartOf":{"@id":"https:\/\/ubanews.com\/site\/#website"},"primaryImageOfPage":{"@id":"https:\/\/ubanews.com\/site\/2018\/08\/28\/prisao-de-autores-por-porte-ilegal-de-arma-e-fogo-e-roubo-tentado\/#primaryimage"},"image":{"@id":"https:\/\/ubanews.com\/site\/2018\/08\/28\/prisao-de-autores-por-porte-ilegal-de-arma-e-fogo-e-roubo-tentado\/#primaryimage"},"thumbnailUrl":"https:\/\/ubanews.com\/site\/wp-content\/uploads\/2018\/08\/064-1.jpg","datePublished":"2018-08-28T13:49:18+00:00","dateModified":"2018-08-28T13:59:16+00:00","breadcrumb":{"@id":"https:\/\/ubanews.com\/site\/2018\/08\/28\/prisao-de-autores-por-porte-ilegal-de-arma-e-fogo-e-roubo-tentado\/#breadcrumb"},"inLanguage":"pt-BR","potentialAction":[{"@type":"ReadAction","target":["https:\/\/ubanews.com\/site\/2018\/08\/28\/prisao-de-autores-por-porte-ilegal-de-arma-e-fogo-e-roubo-tentado\/"]}]},{"@type":"ImageObject","inLanguage":"pt-BR","@id":"https:\/\/ubanews.com\/site\/2018\/08\/28\/prisao-de-autores-por-porte-ilegal-de-arma-e-fogo-e-roubo-tentado\/#primaryimage","url":"https:\/\/ubanews.com\/site\/wp-content\/uploads\/2018\/08\/064-1.jpg","contentUrl":"https:\/\/ubanews.com\/site\/wp-content\/uploads\/2018\/08\/064-1.jpg","width":800,"height":389},{"@type":"BreadcrumbList","@id":"https:\/\/ubanews.com\/site\/2018\/08\/28\/prisao-de-autores-por-porte-ilegal-de-arma-e-fogo-e-roubo-tentado\/#breadcrumb","itemListElement":[{"@type":"ListItem","position":1,"name":"Home","item":"https:\/\/ubanews.com\/site\/"},{"@type":"ListItem","position":2,"name":"PRIS\u00c3O DE AUTORES POR PORTE ILEGAL DE ARMA E FOGO E ROUBO TENTADO"}]},{"@type":"WebSite","@id":"https:\/\/ubanews.com\/site\/#website","url":"https:\/\/ubanews.com\/site\/","name":"Ub\u00e1 News","description":"","publisher":{"@id":"https:\/\/ubanews.com\/site\/#organization"},"potentialAction":[{"@type":"SearchAction","target":{"@type":"EntryPoint","urlTemplate":"https:\/\/ubanews.com\/site\/?s={search_term_string}"},"query-input":{"@type":"PropertyValueSpecification","valueRequired":true,"valueName":"search_term_string"}}],"inLanguage":"pt-BR"},{"@type":"Organization","@id":"https:\/\/ubanews.com\/site\/#organization","name":"Ub\u00e1 News","url":"https:\/\/ubanews.com\/site\/","logo":{"@type":"ImageObject","inLanguage":"pt-BR","@id":"https:\/\/ubanews.com\/site\/#\/schema\/logo\/image\/","url":"https:\/\/ubanews.com\/site\/wp-content\/uploads\/2018\/01\/logoubanews.png","contentUrl":"https:\/\/ubanews.com\/site\/wp-content\/uploads\/2018\/01\/logoubanews.png","width":261,"height":99,"caption":"Ub\u00e1 News"},"image":{"@id":"https:\/\/ubanews.com\/site\/#\/schema\/logo\/image\/"},"sameAs":["https:\/\/www.facebook.com\/Ub\u00e1News-Carlos-Roberto-Sodr\u00e9-418778301977370"]},{"@type":"Person","@id":"https:\/\/ubanews.com\/site\/#\/schema\/person\/d90c9e47252fbb63dcc969fe4c8b9d10","name":"Sodr\u00e9","image":{"@type":"ImageObject","inLanguage":"pt-BR","@id":"https:\/\/secure.gravatar.com\/avatar\/5ba2793f0590b9dbfad3fdec4ee714485b3eef211c9b32ee53d414060454a56c?s=96&d=mm&r=g","url":"https:\/\/secure.gravatar.com\/avatar\/5ba2793f0590b9dbfad3fdec4ee714485b3eef211c9b32ee53d414060454a56c?s=96&d=mm&r=g","contentUrl":"https:\/\/secure.gravatar.com\/avatar\/5ba2793f0590b9dbfad3fdec4ee714485b3eef211c9b32ee53d414060454a56c?s=96&d=mm&r=g","caption":"Sodr\u00e9"},"sameAs":["https:\/\/www.facebook.com\/carosroberto.sodre.5\/"],"url":"https:\/\/ubanews.com\/site\/author\/felipe\/"}]}},"_links":{"self":[{"href":"https:\/\/ubanews.com\/site\/wp-json\/wp\/v2\/posts\/7011","targetHints":{"allow":["GET"]}}],"collection":[{"href":"https:\/\/ubanews.com\/site\/wp-json\/wp\/v2\/posts"}],"about":[{"href":"https:\/\/ubanews.com\/site\/wp-json\/wp\/v2\/types\/post"}],"author":[{"embeddable":true,"href":"https:\/\/ubanews.com\/site\/wp-json\/wp\/v2\/users\/2"}],"replies":[{"embeddable":true,"href":"https:\/\/ubanews.com\/site\/wp-json\/wp\/v2\/comments?post=7011"}],"version-history":[{"count":0,"href":"https:\/\/ubanews.com\/site\/wp-json\/wp\/v2\/posts\/7011\/revisions"}],"wp:featuredmedia":[{"embeddable":true,"href":"https:\/\/ubanews.com\/site\/wp-json\/wp\/v2\/media\/7012"}],"wp:attachment":[{"href":"https:\/\/ubanews.com\/site\/wp-json\/wp\/v2\/media?parent=7011"}],"wp:term":[{"taxonomy":"category","embeddable":true,"href":"https:\/\/ubanews.com\/site\/wp-json\/wp\/v2\/categories?post=7011"},{"taxonomy":"post_tag","embeddable":true,"href":"https:\/\/ubanews.com\/site\/wp-json\/wp\/v2\/tags?post=7011"}],"curies":[{"name":"wp","href":"https:\/\/api.w.org\/{rel}","templated":true}]}}