{"id":6991,"date":"2018-08-27T10:16:43","date_gmt":"2018-08-27T13:16:43","guid":{"rendered":"http:\/\/ubanews.com\/site\/?p=6991"},"modified":"2018-08-28T11:01:38","modified_gmt":"2018-08-28T14:01:38","slug":"foragido-da-justica-e-preso-por-trafico-de-drogas-em-rodeiro","status":"publish","type":"post","link":"https:\/\/ubanews.com\/site\/2018\/08\/27\/foragido-da-justica-e-preso-por-trafico-de-drogas-em-rodeiro\/","title":{"rendered":"FORAGIDO DA JUSTI\u00c7A \u00c9 PRESO POR TR\u00c1FICO DE DROGAS EM RODEIRO"},"content":{"rendered":"<p>No dia 24 de agosto \u00e0s 16h a Pol\u00edcia Militar em cumprimento a um mandado de busca e apreens\u00e3o compareceu \u00e0 Rua Domiciano Martins de Paula, S\u00e3o Sebasti\u00e3o, na cidade de Rodeiro, acompanhado de testemunha da a\u00e7\u00e3o policial, em cumprimento da ordem judicial na resid\u00eancia de Vitor Jos\u00e9 Rafael da Silva de 24 anos, onde tamb\u00e9m estavam Matheus Rafael de Castro de 21 anos e Jo\u00e3o Paulo Rafael da Silva de 21 anos. Ao ser procedida busca no im\u00f3vel foram encontrados no banheiro um inv\u00f3lucro contendo 27 buchas de an\u00e1loga a maconha, e uma sacola contendo 56 pedras de substancia an\u00e1loga ao crack, al\u00e9m de R$119,00. Mateus assumiu a propriedade do crack e do dinheiro, e Jo\u00e3o Paulo assumiu a posse da maconha. Na casa tamb\u00e9m foram encontrados e apreendidos: 01 touca ninja,01 smart phone Motorola moto g 4 Plus, 02 smart phone LG, e 01 smart phone Multilaser, este \u00faltimo produto de furto ocorrido em uma loja em Astolfo Dutra em 06\/12\/2017.<\/p>\n<p>Durante a a\u00e7\u00e3o policial a testemunha Jos\u00e9 Geraldo Miguel teve seus dados consultados no sistema informatizado sendo constatado um mandado de pris\u00e3o em seu desfavor.<\/p>\n<p><a href=\"https:\/\/ubanews.com\/site\/wp-content\/uploads\/2018\/08\/ELETRO-SENA-AUTOMOTIVA-2.jpg\"><img decoding=\"async\" class=\"alignnone size-full wp-image-7016 lazyload\" data-src=\"https:\/\/ubanews.com\/site\/wp-content\/uploads\/2018\/08\/ELETRO-SENA-AUTOMOTIVA-2.jpg\" alt=\"\" width=\"800\" height=\"264\" data-srcset=\"https:\/\/ubanews.com\/site\/wp-content\/uploads\/2018\/08\/ELETRO-SENA-AUTOMOTIVA-2.jpg 800w, https:\/\/ubanews.com\/site\/wp-content\/uploads\/2018\/08\/ELETRO-SENA-AUTOMOTIVA-2-300x99.jpg 300w, https:\/\/ubanews.com\/site\/wp-content\/uploads\/2018\/08\/ELETRO-SENA-AUTOMOTIVA-2-768x253.jpg 768w\" data-sizes=\"(max-width: 800px) 100vw, 800px\" src=\"data:image\/svg+xml;base64,PHN2ZyB3aWR0aD0iMSIgaGVpZ2h0PSIxIiB4bWxucz0iaHR0cDovL3d3dy53My5vcmcvMjAwMC9zdmciPjwvc3ZnPg==\" style=\"--smush-placeholder-width: 800px; --smush-placeholder-aspect-ratio: 800\/264;\" \/><\/a><\/p>\n<p>Vitor Jos\u00e9 Rafael da Silva, Matheus Rafael de Castro e Jo\u00e3o Paulo Rafael da Silva foram presos por tr\u00e1fico de drogas. Jos\u00e9 Geraldo Miguel foi preso em decorr\u00eancia do mandado de pris\u00e3o. Todos foram conduzidos at\u00e9 a Delegacia de Policia Civil com as subst\u00e2ncias entorpecentes, o dinheiro, a touca ninja e os celulares apreendidos.<\/p>\n<p><strong>Passagens Policiais de Vitor Jos\u00e9 Rafael da Silva<\/strong><\/p>\n<p>Les\u00e3o corporal em 10\/08\/2014, em 17\/02\/2015<\/p>\n<p>Amea\u00e7a em 13\/08\/2018, em 31\/05\/2014<\/p>\n<p>Dire\u00e7\u00e3o perigosa em 13\/11\/2016, em 05\/03\/2015, em 12\/12\/2011<\/p>\n<p>Tr\u00e1fico de drogas em 18\/11\/2016, em 09\/07\/2018, em 03\/02\/2016<\/p>\n<p>Recepta\u00e7\u00e3o em 12\/07\/2018<\/p>\n<p>Omiss\u00e3o de cautela na guarda e condu\u00e7\u00e3o de animal em 19\/05\/2014<\/p>\n<p>Disparo de arma de fogo em 22\/02\/2015<\/p>\n<p>Co-autor de furto em 02\/06\/2016<\/p>\n<p>Tentativa de roubo em 20\/01\/2017<\/p>\n<p><strong>Passagens policiais de Matheus Rafael de Castro<\/strong><\/p>\n<p>Amea\u00e7a em 12\/06\/2014<\/p>\n<p>Praticar abuso\/maus tratos contra animais em 27\/06\/2013<\/p>\n<p>Co-autor de porte ilegal de arma de fogo em 22\/09\/2012<\/p>\n<p>Uso e consumo de drogas em 19\/08\/2012<\/p>\n<p>Les\u00e3o corporal em 27\/04\/2014, em 18\/10\/2015<\/p>\n<p>Tentativa de roubo em 24\/01\/2015<\/p>\n<p><strong>Passagens policiais de Jo\u00e3o Paulo Rafael da Silva<\/strong><\/p>\n<p>Uso e consumo de drogas em 14\/10\/2015<\/p>\n<p>Tr\u00e1fico de drogas em 02\/03\/2016<\/p>\n<p>Amea\u00e7a em 19\/05\/2016<\/p>\n<p>Dire\u00e7\u00e3o perigosa em 05\/03\/2015<\/p>\n<p>Estupro em 18\/12\/2016<\/p>\n<p>Furto em 25\/02\/2014<\/p>\n<p><strong>ASSESSORIA DE COMUNICA\u00c7\u00c3O ORGANIZACIONAL<\/strong><\/p>\n<p><strong><em>Vig\u00e9simo Primeiro Batalh\u00e3o de Pol\u00edcia Militar<\/em><\/strong><\/p>\n","protected":false},"excerpt":{"rendered":"<p>No dia 24 de agosto \u00e0s 16h a Pol\u00edcia Militar<\/p>\n","protected":false},"author":2,"featured_media":6992,"comment_status":"open","ping_status":"open","sticky":false,"template":"","format":"standard","meta":{"footnotes":""},"categories":[13],"tags":[],"class_list":["post-6991","post","type-post","status-publish","format-standard","has-post-thumbnail","hentry","category-sintese-das-ocorrencias"],"yoast_head":"<!-- This site is optimized with the Yoast SEO plugin v27.2 - https:\/\/yoast.com\/product\/yoast-seo-wordpress\/ -->\n<title>FORAGIDO DA JUSTI\u00c7A \u00c9 PRESO POR TR\u00c1FICO DE DROGAS EM RODEIRO - Ub\u00e1 News<\/title>\n<meta name=\"robots\" content=\"index, follow, max-snippet:-1, max-image-preview:large, max-video-preview:-1\" \/>\n<link rel=\"canonical\" href=\"https:\/\/ubanews.com\/site\/2018\/08\/27\/foragido-da-justica-e-preso-por-trafico-de-drogas-em-rodeiro\/\" \/>\n<meta property=\"og:locale\" content=\"pt_BR\" \/>\n<meta property=\"og:type\" content=\"article\" \/>\n<meta property=\"og:title\" content=\"FORAGIDO DA JUSTI\u00c7A \u00c9 PRESO POR TR\u00c1FICO DE DROGAS EM RODEIRO - Ub\u00e1 News\" \/>\n<meta property=\"og:description\" content=\"No dia 24 de agosto \u00e0s 16h a Pol\u00edcia Militar\" \/>\n<meta property=\"og:url\" content=\"https:\/\/ubanews.com\/site\/2018\/08\/27\/foragido-da-justica-e-preso-por-trafico-de-drogas-em-rodeiro\/\" \/>\n<meta property=\"og:site_name\" content=\"Ub\u00e1 News\" \/>\n<meta property=\"article:publisher\" content=\"https:\/\/www.facebook.com\/Ub%c3%a1News-Carlos-Roberto-Sodr%c3%a9-418778301977370\" \/>\n<meta property=\"article:author\" content=\"https:\/\/www.facebook.com\/carosroberto.sodre.5\/\" \/>\n<meta property=\"article:published_time\" content=\"2018-08-27T13:16:43+00:00\" \/>\n<meta property=\"article:modified_time\" content=\"2018-08-28T14:01:38+00:00\" \/>\n<meta property=\"og:image\" content=\"https:\/\/ubanews.com\/site\/wp-content\/uploads\/2018\/08\/059-2.jpg\" \/>\n\t<meta property=\"og:image:width\" content=\"800\" \/>\n\t<meta property=\"og:image:height\" content=\"389\" \/>\n\t<meta property=\"og:image:type\" content=\"image\/jpeg\" \/>\n<meta name=\"author\" content=\"Sodr\u00e9\" \/>\n<meta name=\"twitter:card\" content=\"summary_large_image\" \/>\n<meta name=\"twitter:label1\" content=\"Escrito por\" \/>\n\t<meta name=\"twitter:data1\" content=\"Sodr\u00e9\" \/>\n\t<meta name=\"twitter:label2\" content=\"Est. tempo de leitura\" \/>\n\t<meta name=\"twitter:data2\" content=\"2 minutos\" \/>\n<script type=\"application\/ld+json\" class=\"yoast-schema-graph\">{\"@context\":\"https:\/\/schema.org\",\"@graph\":[{\"@type\":\"Article\",\"@id\":\"https:\/\/ubanews.com\/site\/2018\/08\/27\/foragido-da-justica-e-preso-por-trafico-de-drogas-em-rodeiro\/#article\",\"isPartOf\":{\"@id\":\"https:\/\/ubanews.com\/site\/2018\/08\/27\/foragido-da-justica-e-preso-por-trafico-de-drogas-em-rodeiro\/\"},\"author\":{\"name\":\"Sodr\u00e9\",\"@id\":\"https:\/\/ubanews.com\/site\/#\/schema\/person\/d90c9e47252fbb63dcc969fe4c8b9d10\"},\"headline\":\"FORAGIDO DA JUSTI\u00c7A \u00c9 PRESO POR TR\u00c1FICO DE DROGAS EM RODEIRO\",\"datePublished\":\"2018-08-27T13:16:43+00:00\",\"dateModified\":\"2018-08-28T14:01:38+00:00\",\"mainEntityOfPage\":{\"@id\":\"https:\/\/ubanews.com\/site\/2018\/08\/27\/foragido-da-justica-e-preso-por-trafico-de-drogas-em-rodeiro\/\"},\"wordCount\":409,\"commentCount\":0,\"publisher\":{\"@id\":\"https:\/\/ubanews.com\/site\/#organization\"},\"image\":{\"@id\":\"https:\/\/ubanews.com\/site\/2018\/08\/27\/foragido-da-justica-e-preso-por-trafico-de-drogas-em-rodeiro\/#primaryimage\"},\"thumbnailUrl\":\"https:\/\/ubanews.com\/site\/wp-content\/uploads\/2018\/08\/059-2.jpg\",\"articleSection\":[\"S\u00edntese das Ocorr\u00eancias\"],\"inLanguage\":\"pt-BR\",\"potentialAction\":[{\"@type\":\"CommentAction\",\"name\":\"Comment\",\"target\":[\"https:\/\/ubanews.com\/site\/2018\/08\/27\/foragido-da-justica-e-preso-por-trafico-de-drogas-em-rodeiro\/#respond\"]}]},{\"@type\":\"WebPage\",\"@id\":\"https:\/\/ubanews.com\/site\/2018\/08\/27\/foragido-da-justica-e-preso-por-trafico-de-drogas-em-rodeiro\/\",\"url\":\"https:\/\/ubanews.com\/site\/2018\/08\/27\/foragido-da-justica-e-preso-por-trafico-de-drogas-em-rodeiro\/\",\"name\":\"FORAGIDO DA JUSTI\u00c7A \u00c9 PRESO POR TR\u00c1FICO DE DROGAS EM RODEIRO - Ub\u00e1 News\",\"isPartOf\":{\"@id\":\"https:\/\/ubanews.com\/site\/#website\"},\"primaryImageOfPage\":{\"@id\":\"https:\/\/ubanews.com\/site\/2018\/08\/27\/foragido-da-justica-e-preso-por-trafico-de-drogas-em-rodeiro\/#primaryimage\"},\"image\":{\"@id\":\"https:\/\/ubanews.com\/site\/2018\/08\/27\/foragido-da-justica-e-preso-por-trafico-de-drogas-em-rodeiro\/#primaryimage\"},\"thumbnailUrl\":\"https:\/\/ubanews.com\/site\/wp-content\/uploads\/2018\/08\/059-2.jpg\",\"datePublished\":\"2018-08-27T13:16:43+00:00\",\"dateModified\":\"2018-08-28T14:01:38+00:00\",\"breadcrumb\":{\"@id\":\"https:\/\/ubanews.com\/site\/2018\/08\/27\/foragido-da-justica-e-preso-por-trafico-de-drogas-em-rodeiro\/#breadcrumb\"},\"inLanguage\":\"pt-BR\",\"potentialAction\":[{\"@type\":\"ReadAction\",\"target\":[\"https:\/\/ubanews.com\/site\/2018\/08\/27\/foragido-da-justica-e-preso-por-trafico-de-drogas-em-rodeiro\/\"]}]},{\"@type\":\"ImageObject\",\"inLanguage\":\"pt-BR\",\"@id\":\"https:\/\/ubanews.com\/site\/2018\/08\/27\/foragido-da-justica-e-preso-por-trafico-de-drogas-em-rodeiro\/#primaryimage\",\"url\":\"https:\/\/ubanews.com\/site\/wp-content\/uploads\/2018\/08\/059-2.jpg\",\"contentUrl\":\"https:\/\/ubanews.com\/site\/wp-content\/uploads\/2018\/08\/059-2.jpg\",\"width\":800,\"height\":389},{\"@type\":\"BreadcrumbList\",\"@id\":\"https:\/\/ubanews.com\/site\/2018\/08\/27\/foragido-da-justica-e-preso-por-trafico-de-drogas-em-rodeiro\/#breadcrumb\",\"itemListElement\":[{\"@type\":\"ListItem\",\"position\":1,\"name\":\"Home\",\"item\":\"https:\/\/ubanews.com\/site\/\"},{\"@type\":\"ListItem\",\"position\":2,\"name\":\"FORAGIDO DA JUSTI\u00c7A \u00c9 PRESO POR TR\u00c1FICO DE DROGAS EM RODEIRO\"}]},{\"@type\":\"WebSite\",\"@id\":\"https:\/\/ubanews.com\/site\/#website\",\"url\":\"https:\/\/ubanews.com\/site\/\",\"name\":\"Ub\u00e1 News\",\"description\":\"\",\"publisher\":{\"@id\":\"https:\/\/ubanews.com\/site\/#organization\"},\"potentialAction\":[{\"@type\":\"SearchAction\",\"target\":{\"@type\":\"EntryPoint\",\"urlTemplate\":\"https:\/\/ubanews.com\/site\/?s={search_term_string}\"},\"query-input\":{\"@type\":\"PropertyValueSpecification\",\"valueRequired\":true,\"valueName\":\"search_term_string\"}}],\"inLanguage\":\"pt-BR\"},{\"@type\":\"Organization\",\"@id\":\"https:\/\/ubanews.com\/site\/#organization\",\"name\":\"Ub\u00e1 News\",\"url\":\"https:\/\/ubanews.com\/site\/\",\"logo\":{\"@type\":\"ImageObject\",\"inLanguage\":\"pt-BR\",\"@id\":\"https:\/\/ubanews.com\/site\/#\/schema\/logo\/image\/\",\"url\":\"https:\/\/ubanews.com\/site\/wp-content\/uploads\/2018\/01\/logoubanews.png\",\"contentUrl\":\"https:\/\/ubanews.com\/site\/wp-content\/uploads\/2018\/01\/logoubanews.png\",\"width\":261,\"height\":99,\"caption\":\"Ub\u00e1 News\"},\"image\":{\"@id\":\"https:\/\/ubanews.com\/site\/#\/schema\/logo\/image\/\"},\"sameAs\":[\"https:\/\/www.facebook.com\/Ub\u00e1News-Carlos-Roberto-Sodr\u00e9-418778301977370\"]},{\"@type\":\"Person\",\"@id\":\"https:\/\/ubanews.com\/site\/#\/schema\/person\/d90c9e47252fbb63dcc969fe4c8b9d10\",\"name\":\"Sodr\u00e9\",\"image\":{\"@type\":\"ImageObject\",\"inLanguage\":\"pt-BR\",\"@id\":\"https:\/\/secure.gravatar.com\/avatar\/5ba2793f0590b9dbfad3fdec4ee714485b3eef211c9b32ee53d414060454a56c?s=96&d=mm&r=g\",\"url\":\"https:\/\/secure.gravatar.com\/avatar\/5ba2793f0590b9dbfad3fdec4ee714485b3eef211c9b32ee53d414060454a56c?s=96&d=mm&r=g\",\"contentUrl\":\"https:\/\/secure.gravatar.com\/avatar\/5ba2793f0590b9dbfad3fdec4ee714485b3eef211c9b32ee53d414060454a56c?s=96&d=mm&r=g\",\"caption\":\"Sodr\u00e9\"},\"sameAs\":[\"https:\/\/www.facebook.com\/carosroberto.sodre.5\/\"],\"url\":\"https:\/\/ubanews.com\/site\/author\/felipe\/\"}]}<\/script>\n<!-- \/ Yoast SEO plugin. -->","yoast_head_json":{"title":"FORAGIDO DA JUSTI\u00c7A \u00c9 PRESO POR TR\u00c1FICO DE DROGAS EM RODEIRO - Ub\u00e1 News","robots":{"index":"index","follow":"follow","max-snippet":"max-snippet:-1","max-image-preview":"max-image-preview:large","max-video-preview":"max-video-preview:-1"},"canonical":"https:\/\/ubanews.com\/site\/2018\/08\/27\/foragido-da-justica-e-preso-por-trafico-de-drogas-em-rodeiro\/","og_locale":"pt_BR","og_type":"article","og_title":"FORAGIDO DA JUSTI\u00c7A \u00c9 PRESO POR TR\u00c1FICO DE DROGAS EM RODEIRO - Ub\u00e1 News","og_description":"No dia 24 de agosto \u00e0s 16h a Pol\u00edcia Militar","og_url":"https:\/\/ubanews.com\/site\/2018\/08\/27\/foragido-da-justica-e-preso-por-trafico-de-drogas-em-rodeiro\/","og_site_name":"Ub\u00e1 News","article_publisher":"https:\/\/www.facebook.com\/Ub%c3%a1News-Carlos-Roberto-Sodr%c3%a9-418778301977370","article_author":"https:\/\/www.facebook.com\/carosroberto.sodre.5\/","article_published_time":"2018-08-27T13:16:43+00:00","article_modified_time":"2018-08-28T14:01:38+00:00","og_image":[{"width":800,"height":389,"url":"https:\/\/ubanews.com\/site\/wp-content\/uploads\/2018\/08\/059-2.jpg","type":"image\/jpeg"}],"author":"Sodr\u00e9","twitter_card":"summary_large_image","twitter_misc":{"Escrito por":"Sodr\u00e9","Est. tempo de leitura":"2 minutos"},"schema":{"@context":"https:\/\/schema.org","@graph":[{"@type":"Article","@id":"https:\/\/ubanews.com\/site\/2018\/08\/27\/foragido-da-justica-e-preso-por-trafico-de-drogas-em-rodeiro\/#article","isPartOf":{"@id":"https:\/\/ubanews.com\/site\/2018\/08\/27\/foragido-da-justica-e-preso-por-trafico-de-drogas-em-rodeiro\/"},"author":{"name":"Sodr\u00e9","@id":"https:\/\/ubanews.com\/site\/#\/schema\/person\/d90c9e47252fbb63dcc969fe4c8b9d10"},"headline":"FORAGIDO DA JUSTI\u00c7A \u00c9 PRESO POR TR\u00c1FICO DE DROGAS EM RODEIRO","datePublished":"2018-08-27T13:16:43+00:00","dateModified":"2018-08-28T14:01:38+00:00","mainEntityOfPage":{"@id":"https:\/\/ubanews.com\/site\/2018\/08\/27\/foragido-da-justica-e-preso-por-trafico-de-drogas-em-rodeiro\/"},"wordCount":409,"commentCount":0,"publisher":{"@id":"https:\/\/ubanews.com\/site\/#organization"},"image":{"@id":"https:\/\/ubanews.com\/site\/2018\/08\/27\/foragido-da-justica-e-preso-por-trafico-de-drogas-em-rodeiro\/#primaryimage"},"thumbnailUrl":"https:\/\/ubanews.com\/site\/wp-content\/uploads\/2018\/08\/059-2.jpg","articleSection":["S\u00edntese das Ocorr\u00eancias"],"inLanguage":"pt-BR","potentialAction":[{"@type":"CommentAction","name":"Comment","target":["https:\/\/ubanews.com\/site\/2018\/08\/27\/foragido-da-justica-e-preso-por-trafico-de-drogas-em-rodeiro\/#respond"]}]},{"@type":"WebPage","@id":"https:\/\/ubanews.com\/site\/2018\/08\/27\/foragido-da-justica-e-preso-por-trafico-de-drogas-em-rodeiro\/","url":"https:\/\/ubanews.com\/site\/2018\/08\/27\/foragido-da-justica-e-preso-por-trafico-de-drogas-em-rodeiro\/","name":"FORAGIDO DA JUSTI\u00c7A \u00c9 PRESO POR TR\u00c1FICO DE DROGAS EM RODEIRO - Ub\u00e1 News","isPartOf":{"@id":"https:\/\/ubanews.com\/site\/#website"},"primaryImageOfPage":{"@id":"https:\/\/ubanews.com\/site\/2018\/08\/27\/foragido-da-justica-e-preso-por-trafico-de-drogas-em-rodeiro\/#primaryimage"},"image":{"@id":"https:\/\/ubanews.com\/site\/2018\/08\/27\/foragido-da-justica-e-preso-por-trafico-de-drogas-em-rodeiro\/#primaryimage"},"thumbnailUrl":"https:\/\/ubanews.com\/site\/wp-content\/uploads\/2018\/08\/059-2.jpg","datePublished":"2018-08-27T13:16:43+00:00","dateModified":"2018-08-28T14:01:38+00:00","breadcrumb":{"@id":"https:\/\/ubanews.com\/site\/2018\/08\/27\/foragido-da-justica-e-preso-por-trafico-de-drogas-em-rodeiro\/#breadcrumb"},"inLanguage":"pt-BR","potentialAction":[{"@type":"ReadAction","target":["https:\/\/ubanews.com\/site\/2018\/08\/27\/foragido-da-justica-e-preso-por-trafico-de-drogas-em-rodeiro\/"]}]},{"@type":"ImageObject","inLanguage":"pt-BR","@id":"https:\/\/ubanews.com\/site\/2018\/08\/27\/foragido-da-justica-e-preso-por-trafico-de-drogas-em-rodeiro\/#primaryimage","url":"https:\/\/ubanews.com\/site\/wp-content\/uploads\/2018\/08\/059-2.jpg","contentUrl":"https:\/\/ubanews.com\/site\/wp-content\/uploads\/2018\/08\/059-2.jpg","width":800,"height":389},{"@type":"BreadcrumbList","@id":"https:\/\/ubanews.com\/site\/2018\/08\/27\/foragido-da-justica-e-preso-por-trafico-de-drogas-em-rodeiro\/#breadcrumb","itemListElement":[{"@type":"ListItem","position":1,"name":"Home","item":"https:\/\/ubanews.com\/site\/"},{"@type":"ListItem","position":2,"name":"FORAGIDO DA JUSTI\u00c7A \u00c9 PRESO POR TR\u00c1FICO DE DROGAS EM RODEIRO"}]},{"@type":"WebSite","@id":"https:\/\/ubanews.com\/site\/#website","url":"https:\/\/ubanews.com\/site\/","name":"Ub\u00e1 News","description":"","publisher":{"@id":"https:\/\/ubanews.com\/site\/#organization"},"potentialAction":[{"@type":"SearchAction","target":{"@type":"EntryPoint","urlTemplate":"https:\/\/ubanews.com\/site\/?s={search_term_string}"},"query-input":{"@type":"PropertyValueSpecification","valueRequired":true,"valueName":"search_term_string"}}],"inLanguage":"pt-BR"},{"@type":"Organization","@id":"https:\/\/ubanews.com\/site\/#organization","name":"Ub\u00e1 News","url":"https:\/\/ubanews.com\/site\/","logo":{"@type":"ImageObject","inLanguage":"pt-BR","@id":"https:\/\/ubanews.com\/site\/#\/schema\/logo\/image\/","url":"https:\/\/ubanews.com\/site\/wp-content\/uploads\/2018\/01\/logoubanews.png","contentUrl":"https:\/\/ubanews.com\/site\/wp-content\/uploads\/2018\/01\/logoubanews.png","width":261,"height":99,"caption":"Ub\u00e1 News"},"image":{"@id":"https:\/\/ubanews.com\/site\/#\/schema\/logo\/image\/"},"sameAs":["https:\/\/www.facebook.com\/Ub\u00e1News-Carlos-Roberto-Sodr\u00e9-418778301977370"]},{"@type":"Person","@id":"https:\/\/ubanews.com\/site\/#\/schema\/person\/d90c9e47252fbb63dcc969fe4c8b9d10","name":"Sodr\u00e9","image":{"@type":"ImageObject","inLanguage":"pt-BR","@id":"https:\/\/secure.gravatar.com\/avatar\/5ba2793f0590b9dbfad3fdec4ee714485b3eef211c9b32ee53d414060454a56c?s=96&d=mm&r=g","url":"https:\/\/secure.gravatar.com\/avatar\/5ba2793f0590b9dbfad3fdec4ee714485b3eef211c9b32ee53d414060454a56c?s=96&d=mm&r=g","contentUrl":"https:\/\/secure.gravatar.com\/avatar\/5ba2793f0590b9dbfad3fdec4ee714485b3eef211c9b32ee53d414060454a56c?s=96&d=mm&r=g","caption":"Sodr\u00e9"},"sameAs":["https:\/\/www.facebook.com\/carosroberto.sodre.5\/"],"url":"https:\/\/ubanews.com\/site\/author\/felipe\/"}]}},"_links":{"self":[{"href":"https:\/\/ubanews.com\/site\/wp-json\/wp\/v2\/posts\/6991","targetHints":{"allow":["GET"]}}],"collection":[{"href":"https:\/\/ubanews.com\/site\/wp-json\/wp\/v2\/posts"}],"about":[{"href":"https:\/\/ubanews.com\/site\/wp-json\/wp\/v2\/types\/post"}],"author":[{"embeddable":true,"href":"https:\/\/ubanews.com\/site\/wp-json\/wp\/v2\/users\/2"}],"replies":[{"embeddable":true,"href":"https:\/\/ubanews.com\/site\/wp-json\/wp\/v2\/comments?post=6991"}],"version-history":[{"count":0,"href":"https:\/\/ubanews.com\/site\/wp-json\/wp\/v2\/posts\/6991\/revisions"}],"wp:featuredmedia":[{"embeddable":true,"href":"https:\/\/ubanews.com\/site\/wp-json\/wp\/v2\/media\/6992"}],"wp:attachment":[{"href":"https:\/\/ubanews.com\/site\/wp-json\/wp\/v2\/media?parent=6991"}],"wp:term":[{"taxonomy":"category","embeddable":true,"href":"https:\/\/ubanews.com\/site\/wp-json\/wp\/v2\/categories?post=6991"},{"taxonomy":"post_tag","embeddable":true,"href":"https:\/\/ubanews.com\/site\/wp-json\/wp\/v2\/tags?post=6991"}],"curies":[{"name":"wp","href":"https:\/\/api.w.org\/{rel}","templated":true}]}}