{"id":6964,"date":"2018-08-26T14:02:04","date_gmt":"2018-08-26T17:02:04","guid":{"rendered":"http:\/\/ubanews.com\/site\/?p=6964"},"modified":"2019-08-23T11:20:16","modified_gmt":"2019-08-23T14:20:16","slug":"foi-sepultada-na-manha-deste-domingo-a-estudante-morta-por-uma-mulher-em-rio-pomba","status":"publish","type":"post","link":"https:\/\/ubanews.com\/site\/2018\/08\/26\/foi-sepultada-na-manha-deste-domingo-a-estudante-morta-por-uma-mulher-em-rio-pomba\/","title":{"rendered":"FOI SEPULTADA NA MANH\u00c3 DESTE DOMINGO A ESTUDANTE MORTA POR UMA MULHER EM RIO POMBA"},"content":{"rendered":"<p><strong>O corpo de Vit\u00f3ria Aparecida Vieira, de 18 anos, foi sepultado neste domingo, \u00e0s 9h, no Cemit\u00e9rio Municipal de Ub\u00e1. <\/strong><\/p>\n<p><a href=\"https:\/\/ubanews.com\/site\/wp-content\/uploads\/2018\/08\/DSC_5559.jpg\"><img decoding=\"async\" class=\"alignnone wp-image-6967 size-full lazyload\" data-src=\"https:\/\/ubanews.com\/site\/wp-content\/uploads\/2018\/08\/DSC_5559.jpg\" alt=\"\" width=\"800\" height=\"457\" data-srcset=\"https:\/\/ubanews.com\/site\/wp-content\/uploads\/2018\/08\/DSC_5559.jpg 800w, https:\/\/ubanews.com\/site\/wp-content\/uploads\/2018\/08\/DSC_5559-300x171.jpg 300w, https:\/\/ubanews.com\/site\/wp-content\/uploads\/2018\/08\/DSC_5559-768x439.jpg 768w\" data-sizes=\"(max-width: 800px) 100vw, 800px\" src=\"data:image\/svg+xml;base64,PHN2ZyB3aWR0aD0iMSIgaGVpZ2h0PSIxIiB4bWxucz0iaHR0cDovL3d3dy53My5vcmcvMjAwMC9zdmciPjwvc3ZnPg==\" style=\"--smush-placeholder-width: 800px; --smush-placeholder-aspect-ratio: 800\/457;\" \/><\/a><\/p>\n<p>Um \u00f4nibus com a logomarca do Instituto Federal veio at\u00e9 Ub\u00e1, neste domingo (26), com cerca de 30 passageiros, entre alunos, professores e coordenadores do curso de zootecnia prestar as \u00faltimas homenagens \u00e0 Vit\u00f3ria Aparecida Vieira (18).<\/p>\n<p>No vel\u00f3rio nossa equipe conversou com o estudante Marcos Vin\u00edcius de Azevedo, natural de Leopoldina, MG, e o professor Wilson Gomes. Apesar de nenhum dos dois concordarem em gravar entrevista, ainda assim, informalmente, escutamos deles algumas informa\u00e7\u00f5es a respeito do ocorrido. O colega de sala nos disse que Vit\u00f3ria era \u201cmuito na dela, interagia pouco com todos da sala, ela fazia para da comiss\u00e3o de formatura, onde nos prepar\u00e1vamos para conclus\u00e3o do curso no final do ano\u201d. O professor Wilson disse que a perda \u00e9 irrepar\u00e1vel: \u201ca Vit\u00f3ria estava conosco de segunda \u00e0 sexta-feira de 7h da manh\u00e3 \u00e0s 17h, portanto a dor \u00e9 grande, perdemos um membro da fam\u00edlia\u201d. No site IF Federal encontramos esta nota de pesar.<\/p>\n<p>\u201c\u00c9 com pesar que informamos o falecimento da estudante do curso t\u00e9cnico integrado em Zootecnia do IF Sudeste MG &#8211; Campus Rio Pomba, Vit\u00f3ria Aparecida Vieira, 18 anos. Na madrugada deste s\u00e1bado, dia 25, ela foi atingida por estilha\u00e7os de uma garrafa arremessada em meio \u00e0 multid\u00e3o durante a Exposi\u00e7\u00e3o Agropecu\u00e1ria de Rio Pomba. A jovem foi levada para o hospital da cidade, mas n\u00e3o resistiu. O enterro est\u00e1 marcado para manh\u00e3 deste domingo, 26, em Ub\u00e1.<\/p>\n<p>De acordo com o boletim de ocorr\u00eancia da PM, os militares que trabalhavam no evento e foram acionados com a informa\u00e7\u00e3o de que uma jovem havia ca\u00eddo ap\u00f3s ser atingida por cacos de vidro no pesco\u00e7o. A equipe verificou as c\u00e2meras de seguran\u00e7a e viu que uma mulher que teria arremessado o objeto na dire\u00e7\u00e3o em que estavam Vit\u00f3ria e um amigo. A mulher foi identificada e presa.<\/p>\n<p>Neste momento, toda a institui\u00e7\u00e3o se solidariza aos amigos e parentes de Vit\u00f3ria. Para demonstrar nossos sentimentos, membros da dire\u00e7\u00e3o do Campus est\u00e3o em Ub\u00e1, onde a estudante residia, apoiando a fam\u00edlia\u201d.<\/p>\n<p>O Instituto Federal de Educa\u00e7\u00e3o, Ci\u00eancia e Tecnologia Sudeste MG, Campus Rio Pomba emitiu esta nota de pesar na tarde deste s\u00e1bado (25). &nbsp;&nbsp;<\/p>\n<p><strong><a href=\"https:\/\/ubanews.com\/site\/wp-content\/uploads\/2018\/08\/DSC_5564-1.jpg\"><img decoding=\"async\" class=\"alignnone wp-image-6969 size-full lazyload\" data-src=\"https:\/\/ubanews.com\/site\/wp-content\/uploads\/2018\/08\/DSC_5564-1.jpg\" alt=\"\" width=\"800\" height=\"457\" data-srcset=\"https:\/\/ubanews.com\/site\/wp-content\/uploads\/2018\/08\/DSC_5564-1.jpg 800w, https:\/\/ubanews.com\/site\/wp-content\/uploads\/2018\/08\/DSC_5564-1-300x171.jpg 300w, https:\/\/ubanews.com\/site\/wp-content\/uploads\/2018\/08\/DSC_5564-1-768x439.jpg 768w\" data-sizes=\"(max-width: 800px) 100vw, 800px\" src=\"data:image\/svg+xml;base64,PHN2ZyB3aWR0aD0iMSIgaGVpZ2h0PSIxIiB4bWxucz0iaHR0cDovL3d3dy53My5vcmcvMjAwMC9zdmciPjwvc3ZnPg==\" style=\"--smush-placeholder-width: 800px; --smush-placeholder-aspect-ratio: 800\/457;\" \/><\/a><\/strong><\/p>\n<p><strong>Ningu\u00e9m da fam\u00edlia quis se pronunciar. A seguir um hist\u00f3rico do ocorrido.<\/strong><\/p>\n<p>Vit\u00f3ria Vieira (18), foi atingida na traqueia, por uma garrafa de fundo quebrado, arremessada por uma mulher, na madrugada deste s\u00e1bado (25), enquanto se divertia na Trig\u00e9sima Quarta Festa de Exposi\u00e7\u00e3o de Rio Pomba, cidade que fica a cerca de 30 quil\u00f4metro de Ub\u00e1. A Pol\u00edcia Militar, o Corpo de Bombeiros Militar, o Samu, a Per\u00edcia T\u00e9cnica, chegaram bem r\u00e1pido, realizando os trabalhos de praxe, mas Vit\u00f3ria veio a \u00f3bito antes mesmo de dar entrada no hospital local.<\/p>\n<p>O fato ocorreu por volta das 2h da madrugada deste s\u00e1bado (25). Segundo testemunhas, um casal estava sentado em uma mesa, tomando cerveja. Momento em que passou uma terceira pessoa do sexo feminino, foi a\u00ed que a mulher manifestou toda a sua f\u00faria, lan\u00e7ando esse objeto que acertou o pesco\u00e7o dessa jovem de apenas 18 anos de idade.<\/p>\n<p>Vit\u00f3ria Vieira fazia o terceiro ano do Ensino M\u00e9dio no Instituto Federal Campus Sudeste Rio Pomba, onde terminaria este ano o curso de zootecnia. Ela morava em Ub\u00e1, na regi\u00e3o do bairro Mangueira Rural, na companhia de seus pais. Vit\u00f3ria vinha todo final de semana para passar o s\u00e1bado e o domingo com sua fam\u00edlia. No final da tarde de domingo eles levavam ela de volta a Rio Pomba. Depois a rotina se repetia.<\/p>\n<p>A Pol\u00edcia Militar realizou um excelente trabalho, durante toda madruga, prendendo a autora e o seu companheiro, na cidade de Tocantins, MG. Ao chegar na resid\u00eancia dos dois, assustado ele jogou uma sacola pela janela, em um terreno baldio. Ao verificar o que havia dentro a PM deparou com drogas, balan\u00e7a de precis\u00e3o e etc.<\/p>\n","protected":false},"excerpt":{"rendered":"<p>O corpo de Vit\u00f3ria Aparecida Vieira, de 18 anos, foi<\/p>\n","protected":false},"author":2,"featured_media":6966,"comment_status":"open","ping_status":"open","sticky":false,"template":"","format":"standard","meta":{"footnotes":""},"categories":[1],"tags":[],"class_list":["post-6964","post","type-post","status-publish","format-standard","has-post-thumbnail","hentry","category-sem-categoria"],"yoast_head":"<!-- This site is optimized with the Yoast SEO plugin v27.2 - https:\/\/yoast.com\/product\/yoast-seo-wordpress\/ -->\n<title>FOI SEPULTADA NA MANH\u00c3 DESTE DOMINGO A ESTUDANTE MORTA POR UMA MULHER EM RIO POMBA - Ub\u00e1 News<\/title>\n<meta name=\"robots\" content=\"index, follow, max-snippet:-1, max-image-preview:large, max-video-preview:-1\" \/>\n<link rel=\"canonical\" href=\"https:\/\/ubanews.com\/site\/2018\/08\/26\/foi-sepultada-na-manha-deste-domingo-a-estudante-morta-por-uma-mulher-em-rio-pomba\/\" \/>\n<meta property=\"og:locale\" content=\"pt_BR\" \/>\n<meta property=\"og:type\" content=\"article\" \/>\n<meta property=\"og:title\" content=\"FOI SEPULTADA NA MANH\u00c3 DESTE DOMINGO A ESTUDANTE MORTA POR UMA MULHER EM RIO POMBA - Ub\u00e1 News\" \/>\n<meta property=\"og:description\" content=\"O corpo de Vit\u00f3ria Aparecida Vieira, de 18 anos, foi\" \/>\n<meta property=\"og:url\" content=\"https:\/\/ubanews.com\/site\/2018\/08\/26\/foi-sepultada-na-manha-deste-domingo-a-estudante-morta-por-uma-mulher-em-rio-pomba\/\" \/>\n<meta property=\"og:site_name\" content=\"Ub\u00e1 News\" \/>\n<meta property=\"article:publisher\" content=\"https:\/\/www.facebook.com\/Ub%c3%a1News-Carlos-Roberto-Sodr%c3%a9-418778301977370\" \/>\n<meta property=\"article:author\" content=\"https:\/\/www.facebook.com\/carosroberto.sodre.5\/\" \/>\n<meta property=\"article:published_time\" content=\"2018-08-26T17:02:04+00:00\" \/>\n<meta property=\"article:modified_time\" content=\"2019-08-23T14:20:16+00:00\" \/>\n<meta property=\"og:image\" content=\"https:\/\/ubanews.com\/site\/wp-content\/uploads\/2018\/08\/DSC_557811.jpg\" \/>\n\t<meta property=\"og:image:width\" content=\"800\" \/>\n\t<meta property=\"og:image:height\" content=\"389\" \/>\n\t<meta property=\"og:image:type\" content=\"image\/jpeg\" \/>\n<meta name=\"author\" content=\"Sodr\u00e9\" \/>\n<meta name=\"twitter:card\" content=\"summary_large_image\" \/>\n<meta name=\"twitter:label1\" content=\"Escrito por\" \/>\n\t<meta name=\"twitter:data1\" content=\"Sodr\u00e9\" \/>\n\t<meta name=\"twitter:label2\" content=\"Est. tempo de leitura\" \/>\n\t<meta name=\"twitter:data2\" content=\"4 minutos\" \/>\n<script type=\"application\/ld+json\" class=\"yoast-schema-graph\">{\"@context\":\"https:\/\/schema.org\",\"@graph\":[{\"@type\":\"Article\",\"@id\":\"https:\/\/ubanews.com\/site\/2018\/08\/26\/foi-sepultada-na-manha-deste-domingo-a-estudante-morta-por-uma-mulher-em-rio-pomba\/#article\",\"isPartOf\":{\"@id\":\"https:\/\/ubanews.com\/site\/2018\/08\/26\/foi-sepultada-na-manha-deste-domingo-a-estudante-morta-por-uma-mulher-em-rio-pomba\/\"},\"author\":{\"name\":\"Sodr\u00e9\",\"@id\":\"https:\/\/ubanews.com\/site\/#\/schema\/person\/d90c9e47252fbb63dcc969fe4c8b9d10\"},\"headline\":\"FOI SEPULTADA NA MANH\u00c3 DESTE DOMINGO A ESTUDANTE MORTA POR UMA MULHER EM RIO POMBA\",\"datePublished\":\"2018-08-26T17:02:04+00:00\",\"dateModified\":\"2019-08-23T14:20:16+00:00\",\"mainEntityOfPage\":{\"@id\":\"https:\/\/ubanews.com\/site\/2018\/08\/26\/foi-sepultada-na-manha-deste-domingo-a-estudante-morta-por-uma-mulher-em-rio-pomba\/\"},\"wordCount\":716,\"commentCount\":4,\"publisher\":{\"@id\":\"https:\/\/ubanews.com\/site\/#organization\"},\"image\":{\"@id\":\"https:\/\/ubanews.com\/site\/2018\/08\/26\/foi-sepultada-na-manha-deste-domingo-a-estudante-morta-por-uma-mulher-em-rio-pomba\/#primaryimage\"},\"thumbnailUrl\":\"https:\/\/ubanews.com\/site\/wp-content\/uploads\/2018\/08\/DSC_557811.jpg\",\"articleSection\":[\"Geral\"],\"inLanguage\":\"pt-BR\",\"potentialAction\":[{\"@type\":\"CommentAction\",\"name\":\"Comment\",\"target\":[\"https:\/\/ubanews.com\/site\/2018\/08\/26\/foi-sepultada-na-manha-deste-domingo-a-estudante-morta-por-uma-mulher-em-rio-pomba\/#respond\"]}]},{\"@type\":\"WebPage\",\"@id\":\"https:\/\/ubanews.com\/site\/2018\/08\/26\/foi-sepultada-na-manha-deste-domingo-a-estudante-morta-por-uma-mulher-em-rio-pomba\/\",\"url\":\"https:\/\/ubanews.com\/site\/2018\/08\/26\/foi-sepultada-na-manha-deste-domingo-a-estudante-morta-por-uma-mulher-em-rio-pomba\/\",\"name\":\"FOI SEPULTADA NA MANH\u00c3 DESTE DOMINGO A ESTUDANTE MORTA POR UMA MULHER EM RIO POMBA - Ub\u00e1 News\",\"isPartOf\":{\"@id\":\"https:\/\/ubanews.com\/site\/#website\"},\"primaryImageOfPage\":{\"@id\":\"https:\/\/ubanews.com\/site\/2018\/08\/26\/foi-sepultada-na-manha-deste-domingo-a-estudante-morta-por-uma-mulher-em-rio-pomba\/#primaryimage\"},\"image\":{\"@id\":\"https:\/\/ubanews.com\/site\/2018\/08\/26\/foi-sepultada-na-manha-deste-domingo-a-estudante-morta-por-uma-mulher-em-rio-pomba\/#primaryimage\"},\"thumbnailUrl\":\"https:\/\/ubanews.com\/site\/wp-content\/uploads\/2018\/08\/DSC_557811.jpg\",\"datePublished\":\"2018-08-26T17:02:04+00:00\",\"dateModified\":\"2019-08-23T14:20:16+00:00\",\"breadcrumb\":{\"@id\":\"https:\/\/ubanews.com\/site\/2018\/08\/26\/foi-sepultada-na-manha-deste-domingo-a-estudante-morta-por-uma-mulher-em-rio-pomba\/#breadcrumb\"},\"inLanguage\":\"pt-BR\",\"potentialAction\":[{\"@type\":\"ReadAction\",\"target\":[\"https:\/\/ubanews.com\/site\/2018\/08\/26\/foi-sepultada-na-manha-deste-domingo-a-estudante-morta-por-uma-mulher-em-rio-pomba\/\"]}]},{\"@type\":\"ImageObject\",\"inLanguage\":\"pt-BR\",\"@id\":\"https:\/\/ubanews.com\/site\/2018\/08\/26\/foi-sepultada-na-manha-deste-domingo-a-estudante-morta-por-uma-mulher-em-rio-pomba\/#primaryimage\",\"url\":\"https:\/\/ubanews.com\/site\/wp-content\/uploads\/2018\/08\/DSC_557811.jpg\",\"contentUrl\":\"https:\/\/ubanews.com\/site\/wp-content\/uploads\/2018\/08\/DSC_557811.jpg\",\"width\":800,\"height\":389},{\"@type\":\"BreadcrumbList\",\"@id\":\"https:\/\/ubanews.com\/site\/2018\/08\/26\/foi-sepultada-na-manha-deste-domingo-a-estudante-morta-por-uma-mulher-em-rio-pomba\/#breadcrumb\",\"itemListElement\":[{\"@type\":\"ListItem\",\"position\":1,\"name\":\"Home\",\"item\":\"https:\/\/ubanews.com\/site\/\"},{\"@type\":\"ListItem\",\"position\":2,\"name\":\"FOI SEPULTADA NA MANH\u00c3 DESTE DOMINGO A ESTUDANTE MORTA POR UMA MULHER EM RIO POMBA\"}]},{\"@type\":\"WebSite\",\"@id\":\"https:\/\/ubanews.com\/site\/#website\",\"url\":\"https:\/\/ubanews.com\/site\/\",\"name\":\"Ub\u00e1 News\",\"description\":\"\",\"publisher\":{\"@id\":\"https:\/\/ubanews.com\/site\/#organization\"},\"potentialAction\":[{\"@type\":\"SearchAction\",\"target\":{\"@type\":\"EntryPoint\",\"urlTemplate\":\"https:\/\/ubanews.com\/site\/?s={search_term_string}\"},\"query-input\":{\"@type\":\"PropertyValueSpecification\",\"valueRequired\":true,\"valueName\":\"search_term_string\"}}],\"inLanguage\":\"pt-BR\"},{\"@type\":\"Organization\",\"@id\":\"https:\/\/ubanews.com\/site\/#organization\",\"name\":\"Ub\u00e1 News\",\"url\":\"https:\/\/ubanews.com\/site\/\",\"logo\":{\"@type\":\"ImageObject\",\"inLanguage\":\"pt-BR\",\"@id\":\"https:\/\/ubanews.com\/site\/#\/schema\/logo\/image\/\",\"url\":\"https:\/\/ubanews.com\/site\/wp-content\/uploads\/2018\/01\/logoubanews.png\",\"contentUrl\":\"https:\/\/ubanews.com\/site\/wp-content\/uploads\/2018\/01\/logoubanews.png\",\"width\":261,\"height\":99,\"caption\":\"Ub\u00e1 News\"},\"image\":{\"@id\":\"https:\/\/ubanews.com\/site\/#\/schema\/logo\/image\/\"},\"sameAs\":[\"https:\/\/www.facebook.com\/Ub\u00e1News-Carlos-Roberto-Sodr\u00e9-418778301977370\"]},{\"@type\":\"Person\",\"@id\":\"https:\/\/ubanews.com\/site\/#\/schema\/person\/d90c9e47252fbb63dcc969fe4c8b9d10\",\"name\":\"Sodr\u00e9\",\"image\":{\"@type\":\"ImageObject\",\"inLanguage\":\"pt-BR\",\"@id\":\"https:\/\/secure.gravatar.com\/avatar\/5ba2793f0590b9dbfad3fdec4ee714485b3eef211c9b32ee53d414060454a56c?s=96&d=mm&r=g\",\"url\":\"https:\/\/secure.gravatar.com\/avatar\/5ba2793f0590b9dbfad3fdec4ee714485b3eef211c9b32ee53d414060454a56c?s=96&d=mm&r=g\",\"contentUrl\":\"https:\/\/secure.gravatar.com\/avatar\/5ba2793f0590b9dbfad3fdec4ee714485b3eef211c9b32ee53d414060454a56c?s=96&d=mm&r=g\",\"caption\":\"Sodr\u00e9\"},\"sameAs\":[\"https:\/\/www.facebook.com\/carosroberto.sodre.5\/\"],\"url\":\"https:\/\/ubanews.com\/site\/author\/felipe\/\"}]}<\/script>\n<!-- \/ Yoast SEO plugin. -->","yoast_head_json":{"title":"FOI SEPULTADA NA MANH\u00c3 DESTE DOMINGO A ESTUDANTE MORTA POR UMA MULHER EM RIO POMBA - Ub\u00e1 News","robots":{"index":"index","follow":"follow","max-snippet":"max-snippet:-1","max-image-preview":"max-image-preview:large","max-video-preview":"max-video-preview:-1"},"canonical":"https:\/\/ubanews.com\/site\/2018\/08\/26\/foi-sepultada-na-manha-deste-domingo-a-estudante-morta-por-uma-mulher-em-rio-pomba\/","og_locale":"pt_BR","og_type":"article","og_title":"FOI SEPULTADA NA MANH\u00c3 DESTE DOMINGO A ESTUDANTE MORTA POR UMA MULHER EM RIO POMBA - Ub\u00e1 News","og_description":"O corpo de Vit\u00f3ria Aparecida Vieira, de 18 anos, foi","og_url":"https:\/\/ubanews.com\/site\/2018\/08\/26\/foi-sepultada-na-manha-deste-domingo-a-estudante-morta-por-uma-mulher-em-rio-pomba\/","og_site_name":"Ub\u00e1 News","article_publisher":"https:\/\/www.facebook.com\/Ub%c3%a1News-Carlos-Roberto-Sodr%c3%a9-418778301977370","article_author":"https:\/\/www.facebook.com\/carosroberto.sodre.5\/","article_published_time":"2018-08-26T17:02:04+00:00","article_modified_time":"2019-08-23T14:20:16+00:00","og_image":[{"width":800,"height":389,"url":"https:\/\/ubanews.com\/site\/wp-content\/uploads\/2018\/08\/DSC_557811.jpg","type":"image\/jpeg"}],"author":"Sodr\u00e9","twitter_card":"summary_large_image","twitter_misc":{"Escrito por":"Sodr\u00e9","Est. tempo de leitura":"4 minutos"},"schema":{"@context":"https:\/\/schema.org","@graph":[{"@type":"Article","@id":"https:\/\/ubanews.com\/site\/2018\/08\/26\/foi-sepultada-na-manha-deste-domingo-a-estudante-morta-por-uma-mulher-em-rio-pomba\/#article","isPartOf":{"@id":"https:\/\/ubanews.com\/site\/2018\/08\/26\/foi-sepultada-na-manha-deste-domingo-a-estudante-morta-por-uma-mulher-em-rio-pomba\/"},"author":{"name":"Sodr\u00e9","@id":"https:\/\/ubanews.com\/site\/#\/schema\/person\/d90c9e47252fbb63dcc969fe4c8b9d10"},"headline":"FOI SEPULTADA NA MANH\u00c3 DESTE DOMINGO A ESTUDANTE MORTA POR UMA MULHER EM RIO POMBA","datePublished":"2018-08-26T17:02:04+00:00","dateModified":"2019-08-23T14:20:16+00:00","mainEntityOfPage":{"@id":"https:\/\/ubanews.com\/site\/2018\/08\/26\/foi-sepultada-na-manha-deste-domingo-a-estudante-morta-por-uma-mulher-em-rio-pomba\/"},"wordCount":716,"commentCount":4,"publisher":{"@id":"https:\/\/ubanews.com\/site\/#organization"},"image":{"@id":"https:\/\/ubanews.com\/site\/2018\/08\/26\/foi-sepultada-na-manha-deste-domingo-a-estudante-morta-por-uma-mulher-em-rio-pomba\/#primaryimage"},"thumbnailUrl":"https:\/\/ubanews.com\/site\/wp-content\/uploads\/2018\/08\/DSC_557811.jpg","articleSection":["Geral"],"inLanguage":"pt-BR","potentialAction":[{"@type":"CommentAction","name":"Comment","target":["https:\/\/ubanews.com\/site\/2018\/08\/26\/foi-sepultada-na-manha-deste-domingo-a-estudante-morta-por-uma-mulher-em-rio-pomba\/#respond"]}]},{"@type":"WebPage","@id":"https:\/\/ubanews.com\/site\/2018\/08\/26\/foi-sepultada-na-manha-deste-domingo-a-estudante-morta-por-uma-mulher-em-rio-pomba\/","url":"https:\/\/ubanews.com\/site\/2018\/08\/26\/foi-sepultada-na-manha-deste-domingo-a-estudante-morta-por-uma-mulher-em-rio-pomba\/","name":"FOI SEPULTADA NA MANH\u00c3 DESTE DOMINGO A ESTUDANTE MORTA POR UMA MULHER EM RIO POMBA - Ub\u00e1 News","isPartOf":{"@id":"https:\/\/ubanews.com\/site\/#website"},"primaryImageOfPage":{"@id":"https:\/\/ubanews.com\/site\/2018\/08\/26\/foi-sepultada-na-manha-deste-domingo-a-estudante-morta-por-uma-mulher-em-rio-pomba\/#primaryimage"},"image":{"@id":"https:\/\/ubanews.com\/site\/2018\/08\/26\/foi-sepultada-na-manha-deste-domingo-a-estudante-morta-por-uma-mulher-em-rio-pomba\/#primaryimage"},"thumbnailUrl":"https:\/\/ubanews.com\/site\/wp-content\/uploads\/2018\/08\/DSC_557811.jpg","datePublished":"2018-08-26T17:02:04+00:00","dateModified":"2019-08-23T14:20:16+00:00","breadcrumb":{"@id":"https:\/\/ubanews.com\/site\/2018\/08\/26\/foi-sepultada-na-manha-deste-domingo-a-estudante-morta-por-uma-mulher-em-rio-pomba\/#breadcrumb"},"inLanguage":"pt-BR","potentialAction":[{"@type":"ReadAction","target":["https:\/\/ubanews.com\/site\/2018\/08\/26\/foi-sepultada-na-manha-deste-domingo-a-estudante-morta-por-uma-mulher-em-rio-pomba\/"]}]},{"@type":"ImageObject","inLanguage":"pt-BR","@id":"https:\/\/ubanews.com\/site\/2018\/08\/26\/foi-sepultada-na-manha-deste-domingo-a-estudante-morta-por-uma-mulher-em-rio-pomba\/#primaryimage","url":"https:\/\/ubanews.com\/site\/wp-content\/uploads\/2018\/08\/DSC_557811.jpg","contentUrl":"https:\/\/ubanews.com\/site\/wp-content\/uploads\/2018\/08\/DSC_557811.jpg","width":800,"height":389},{"@type":"BreadcrumbList","@id":"https:\/\/ubanews.com\/site\/2018\/08\/26\/foi-sepultada-na-manha-deste-domingo-a-estudante-morta-por-uma-mulher-em-rio-pomba\/#breadcrumb","itemListElement":[{"@type":"ListItem","position":1,"name":"Home","item":"https:\/\/ubanews.com\/site\/"},{"@type":"ListItem","position":2,"name":"FOI SEPULTADA NA MANH\u00c3 DESTE DOMINGO A ESTUDANTE MORTA POR UMA MULHER EM RIO POMBA"}]},{"@type":"WebSite","@id":"https:\/\/ubanews.com\/site\/#website","url":"https:\/\/ubanews.com\/site\/","name":"Ub\u00e1 News","description":"","publisher":{"@id":"https:\/\/ubanews.com\/site\/#organization"},"potentialAction":[{"@type":"SearchAction","target":{"@type":"EntryPoint","urlTemplate":"https:\/\/ubanews.com\/site\/?s={search_term_string}"},"query-input":{"@type":"PropertyValueSpecification","valueRequired":true,"valueName":"search_term_string"}}],"inLanguage":"pt-BR"},{"@type":"Organization","@id":"https:\/\/ubanews.com\/site\/#organization","name":"Ub\u00e1 News","url":"https:\/\/ubanews.com\/site\/","logo":{"@type":"ImageObject","inLanguage":"pt-BR","@id":"https:\/\/ubanews.com\/site\/#\/schema\/logo\/image\/","url":"https:\/\/ubanews.com\/site\/wp-content\/uploads\/2018\/01\/logoubanews.png","contentUrl":"https:\/\/ubanews.com\/site\/wp-content\/uploads\/2018\/01\/logoubanews.png","width":261,"height":99,"caption":"Ub\u00e1 News"},"image":{"@id":"https:\/\/ubanews.com\/site\/#\/schema\/logo\/image\/"},"sameAs":["https:\/\/www.facebook.com\/Ub\u00e1News-Carlos-Roberto-Sodr\u00e9-418778301977370"]},{"@type":"Person","@id":"https:\/\/ubanews.com\/site\/#\/schema\/person\/d90c9e47252fbb63dcc969fe4c8b9d10","name":"Sodr\u00e9","image":{"@type":"ImageObject","inLanguage":"pt-BR","@id":"https:\/\/secure.gravatar.com\/avatar\/5ba2793f0590b9dbfad3fdec4ee714485b3eef211c9b32ee53d414060454a56c?s=96&d=mm&r=g","url":"https:\/\/secure.gravatar.com\/avatar\/5ba2793f0590b9dbfad3fdec4ee714485b3eef211c9b32ee53d414060454a56c?s=96&d=mm&r=g","contentUrl":"https:\/\/secure.gravatar.com\/avatar\/5ba2793f0590b9dbfad3fdec4ee714485b3eef211c9b32ee53d414060454a56c?s=96&d=mm&r=g","caption":"Sodr\u00e9"},"sameAs":["https:\/\/www.facebook.com\/carosroberto.sodre.5\/"],"url":"https:\/\/ubanews.com\/site\/author\/felipe\/"}]}},"_links":{"self":[{"href":"https:\/\/ubanews.com\/site\/wp-json\/wp\/v2\/posts\/6964","targetHints":{"allow":["GET"]}}],"collection":[{"href":"https:\/\/ubanews.com\/site\/wp-json\/wp\/v2\/posts"}],"about":[{"href":"https:\/\/ubanews.com\/site\/wp-json\/wp\/v2\/types\/post"}],"author":[{"embeddable":true,"href":"https:\/\/ubanews.com\/site\/wp-json\/wp\/v2\/users\/2"}],"replies":[{"embeddable":true,"href":"https:\/\/ubanews.com\/site\/wp-json\/wp\/v2\/comments?post=6964"}],"version-history":[{"count":0,"href":"https:\/\/ubanews.com\/site\/wp-json\/wp\/v2\/posts\/6964\/revisions"}],"wp:featuredmedia":[{"embeddable":true,"href":"https:\/\/ubanews.com\/site\/wp-json\/wp\/v2\/media\/6966"}],"wp:attachment":[{"href":"https:\/\/ubanews.com\/site\/wp-json\/wp\/v2\/media?parent=6964"}],"wp:term":[{"taxonomy":"category","embeddable":true,"href":"https:\/\/ubanews.com\/site\/wp-json\/wp\/v2\/categories?post=6964"},{"taxonomy":"post_tag","embeddable":true,"href":"https:\/\/ubanews.com\/site\/wp-json\/wp\/v2\/tags?post=6964"}],"curies":[{"name":"wp","href":"https:\/\/api.w.org\/{rel}","templated":true}]}}