{"id":696,"date":"2018-03-10T18:15:25","date_gmt":"2018-03-10T21:15:25","guid":{"rendered":"http:\/\/ubanews.com\/site\/?p=696"},"modified":"2018-03-14T10:09:00","modified_gmt":"2018-03-14T13:09:00","slug":"piso-cede-e-caminhao-da-ecp-fica-entalado-em-plena-via-publica","status":"publish","type":"post","link":"https:\/\/ubanews.com\/site\/2018\/03\/10\/piso-cede-e-caminhao-da-ecp-fica-entalado-em-plena-via-publica\/","title":{"rendered":"Piso cede e caminh\u00e3o da ECP fica entalado em plena via p\u00fablica"},"content":{"rendered":"<p><strong>&nbsp;<img decoding=\"async\" class=\"alignnone size-full wp-image-692 lazyload\" data-src=\"https:\/\/ubanews.com\/site\/wp-content\/uploads\/2018\/03\/10-6.jpg\" alt=\"\" width=\"3661\" height=\"2126\" data-srcset=\"https:\/\/ubanews.com\/site\/wp-content\/uploads\/2018\/03\/10-6.jpg 3661w, https:\/\/ubanews.com\/site\/wp-content\/uploads\/2018\/03\/10-6-300x174.jpg 300w, https:\/\/ubanews.com\/site\/wp-content\/uploads\/2018\/03\/10-6-768x446.jpg 768w, https:\/\/ubanews.com\/site\/wp-content\/uploads\/2018\/03\/10-6-1024x595.jpg 1024w\" data-sizes=\"(max-width: 3661px) 100vw, 3661px\" src=\"data:image\/svg+xml;base64,PHN2ZyB3aWR0aD0iMSIgaGVpZ2h0PSIxIiB4bWxucz0iaHR0cDovL3d3dy53My5vcmcvMjAwMC9zdmciPjwvc3ZnPg==\" style=\"--smush-placeholder-width: 3661px; --smush-placeholder-aspect-ratio: 3661\/2126;\" \/> <img decoding=\"async\" class=\"alignnone size-full wp-image-691 lazyload\" data-src=\"https:\/\/ubanews.com\/site\/wp-content\/uploads\/2018\/03\/9-8.jpg\" alt=\"\" width=\"3661\" height=\"2126\" data-srcset=\"https:\/\/ubanews.com\/site\/wp-content\/uploads\/2018\/03\/9-8.jpg 3661w, https:\/\/ubanews.com\/site\/wp-content\/uploads\/2018\/03\/9-8-300x174.jpg 300w, https:\/\/ubanews.com\/site\/wp-content\/uploads\/2018\/03\/9-8-768x446.jpg 768w, https:\/\/ubanews.com\/site\/wp-content\/uploads\/2018\/03\/9-8-1024x595.jpg 1024w\" data-sizes=\"(max-width: 3661px) 100vw, 3661px\" src=\"data:image\/svg+xml;base64,PHN2ZyB3aWR0aD0iMSIgaGVpZ2h0PSIxIiB4bWxucz0iaHR0cDovL3d3dy53My5vcmcvMjAwMC9zdmciPjwvc3ZnPg==\" style=\"--smush-placeholder-width: 3661px; --smush-placeholder-aspect-ratio: 3661\/2126;\" \/> <img decoding=\"async\" class=\"alignnone size-full wp-image-689 lazyload\" data-src=\"https:\/\/ubanews.com\/site\/wp-content\/uploads\/2018\/03\/7-8.jpg\" alt=\"\" width=\"3661\" height=\"2126\" data-srcset=\"https:\/\/ubanews.com\/site\/wp-content\/uploads\/2018\/03\/7-8.jpg 3661w, https:\/\/ubanews.com\/site\/wp-content\/uploads\/2018\/03\/7-8-300x174.jpg 300w, https:\/\/ubanews.com\/site\/wp-content\/uploads\/2018\/03\/7-8-768x446.jpg 768w, https:\/\/ubanews.com\/site\/wp-content\/uploads\/2018\/03\/7-8-1024x595.jpg 1024w\" data-sizes=\"(max-width: 3661px) 100vw, 3661px\" src=\"data:image\/svg+xml;base64,PHN2ZyB3aWR0aD0iMSIgaGVpZ2h0PSIxIiB4bWxucz0iaHR0cDovL3d3dy53My5vcmcvMjAwMC9zdmciPjwvc3ZnPg==\" style=\"--smush-placeholder-width: 3661px; --smush-placeholder-aspect-ratio: 3661\/2126;\" \/> <img decoding=\"async\" class=\"alignnone size-full wp-image-688 lazyload\" data-src=\"https:\/\/ubanews.com\/site\/wp-content\/uploads\/2018\/03\/6-11.jpg\" alt=\"\" width=\"3661\" height=\"2126\" data-srcset=\"https:\/\/ubanews.com\/site\/wp-content\/uploads\/2018\/03\/6-11.jpg 3661w, https:\/\/ubanews.com\/site\/wp-content\/uploads\/2018\/03\/6-11-300x174.jpg 300w, https:\/\/ubanews.com\/site\/wp-content\/uploads\/2018\/03\/6-11-768x446.jpg 768w, https:\/\/ubanews.com\/site\/wp-content\/uploads\/2018\/03\/6-11-1024x595.jpg 1024w\" data-sizes=\"(max-width: 3661px) 100vw, 3661px\" src=\"data:image\/svg+xml;base64,PHN2ZyB3aWR0aD0iMSIgaGVpZ2h0PSIxIiB4bWxucz0iaHR0cDovL3d3dy53My5vcmcvMjAwMC9zdmciPjwvc3ZnPg==\" style=\"--smush-placeholder-width: 3661px; --smush-placeholder-aspect-ratio: 3661\/2126;\" \/> <img decoding=\"async\" class=\"alignnone size-full wp-image-687 lazyload\" data-src=\"https:\/\/ubanews.com\/site\/wp-content\/uploads\/2018\/03\/5-11.jpg\" alt=\"\" width=\"3661\" height=\"2126\" data-srcset=\"https:\/\/ubanews.com\/site\/wp-content\/uploads\/2018\/03\/5-11.jpg 3661w, https:\/\/ubanews.com\/site\/wp-content\/uploads\/2018\/03\/5-11-300x174.jpg 300w, https:\/\/ubanews.com\/site\/wp-content\/uploads\/2018\/03\/5-11-768x446.jpg 768w, https:\/\/ubanews.com\/site\/wp-content\/uploads\/2018\/03\/5-11-1024x595.jpg 1024w\" data-sizes=\"(max-width: 3661px) 100vw, 3661px\" src=\"data:image\/svg+xml;base64,PHN2ZyB3aWR0aD0iMSIgaGVpZ2h0PSIxIiB4bWxucz0iaHR0cDovL3d3dy53My5vcmcvMjAwMC9zdmciPjwvc3ZnPg==\" style=\"--smush-placeholder-width: 3661px; --smush-placeholder-aspect-ratio: 3661\/2126;\" \/> <img decoding=\"async\" class=\"alignnone size-full wp-image-686 lazyload\" data-src=\"https:\/\/ubanews.com\/site\/wp-content\/uploads\/2018\/03\/4-12.jpg\" alt=\"\" width=\"3661\" height=\"2126\" data-srcset=\"https:\/\/ubanews.com\/site\/wp-content\/uploads\/2018\/03\/4-12.jpg 3661w, https:\/\/ubanews.com\/site\/wp-content\/uploads\/2018\/03\/4-12-300x174.jpg 300w, https:\/\/ubanews.com\/site\/wp-content\/uploads\/2018\/03\/4-12-768x446.jpg 768w, https:\/\/ubanews.com\/site\/wp-content\/uploads\/2018\/03\/4-12-1024x595.jpg 1024w\" data-sizes=\"(max-width: 3661px) 100vw, 3661px\" src=\"data:image\/svg+xml;base64,PHN2ZyB3aWR0aD0iMSIgaGVpZ2h0PSIxIiB4bWxucz0iaHR0cDovL3d3dy53My5vcmcvMjAwMC9zdmciPjwvc3ZnPg==\" style=\"--smush-placeholder-width: 3661px; --smush-placeholder-aspect-ratio: 3661\/2126;\" \/> <img decoding=\"async\" class=\"alignnone size-full wp-image-685 lazyload\" data-src=\"https:\/\/ubanews.com\/site\/wp-content\/uploads\/2018\/03\/3-13.jpg\" alt=\"\" width=\"3661\" height=\"2126\" data-srcset=\"https:\/\/ubanews.com\/site\/wp-content\/uploads\/2018\/03\/3-13.jpg 800w, https:\/\/ubanews.com\/site\/wp-content\/uploads\/2018\/03\/3-13-300x174.jpg 300w, https:\/\/ubanews.com\/site\/wp-content\/uploads\/2018\/03\/3-13-768x446.jpg 768w, https:\/\/ubanews.com\/site\/wp-content\/uploads\/2018\/03\/3-13-1024x595.jpg 1024w\" data-sizes=\"(max-width: 3661px) 100vw, 3661px\" src=\"data:image\/svg+xml;base64,PHN2ZyB3aWR0aD0iMSIgaGVpZ2h0PSIxIiB4bWxucz0iaHR0cDovL3d3dy53My5vcmcvMjAwMC9zdmciPjwvc3ZnPg==\" style=\"--smush-placeholder-width: 3661px; --smush-placeholder-aspect-ratio: 3661\/2126;\" \/> <img decoding=\"async\" class=\"alignnone size-full wp-image-684 lazyload\" data-src=\"https:\/\/ubanews.com\/site\/wp-content\/uploads\/2018\/03\/2-13.jpg\" alt=\"\" width=\"3661\" height=\"2126\" data-srcset=\"https:\/\/ubanews.com\/site\/wp-content\/uploads\/2018\/03\/2-13.jpg 800w, https:\/\/ubanews.com\/site\/wp-content\/uploads\/2018\/03\/2-13-300x174.jpg 300w, https:\/\/ubanews.com\/site\/wp-content\/uploads\/2018\/03\/2-13-768x446.jpg 768w, https:\/\/ubanews.com\/site\/wp-content\/uploads\/2018\/03\/2-13-1024x595.jpg 1024w\" data-sizes=\"(max-width: 3661px) 100vw, 3661px\" src=\"data:image\/svg+xml;base64,PHN2ZyB3aWR0aD0iMSIgaGVpZ2h0PSIxIiB4bWxucz0iaHR0cDovL3d3dy53My5vcmcvMjAwMC9zdmciPjwvc3ZnPg==\" style=\"--smush-placeholder-width: 3661px; --smush-placeholder-aspect-ratio: 3661\/2126;\" \/> <img decoding=\"async\" class=\"alignnone size-full wp-image-683 lazyload\" data-src=\"https:\/\/ubanews.com\/site\/wp-content\/uploads\/2018\/03\/1-16.jpg\" alt=\"\" width=\"3661\" height=\"2126\" data-srcset=\"https:\/\/ubanews.com\/site\/wp-content\/uploads\/2018\/03\/1-16.jpg 800w, https:\/\/ubanews.com\/site\/wp-content\/uploads\/2018\/03\/1-16-300x174.jpg 300w, https:\/\/ubanews.com\/site\/wp-content\/uploads\/2018\/03\/1-16-768x446.jpg 768w, https:\/\/ubanews.com\/site\/wp-content\/uploads\/2018\/03\/1-16-1024x595.jpg 1024w\" data-sizes=\"(max-width: 3661px) 100vw, 3661px\" src=\"data:image\/svg+xml;base64,PHN2ZyB3aWR0aD0iMSIgaGVpZ2h0PSIxIiB4bWxucz0iaHR0cDovL3d3dy53My5vcmcvMjAwMC9zdmciPjwvc3ZnPg==\" style=\"--smush-placeholder-width: 3661px; --smush-placeholder-aspect-ratio: 3661\/2126;\" \/><\/strong><\/p>\n<p><strong>&nbsp;&nbsp;&nbsp;&nbsp;&nbsp;&nbsp;&nbsp;&nbsp; <\/strong>Um fato pelo menos inusitado aconteceu no final da tarde desse s\u00e1bado (10). Um caminh\u00e3o da Empresa ECP, respons\u00e1vel em recolher o lixo na cidade de Ub\u00e1, ficou entalado na esquina da Rua Francisco Teixeira do Nascimento com a Avenida Benedito Augusto Vieira, no Bairro Vila Casal.<\/p>\n<p>&nbsp;&nbsp;&nbsp;&nbsp;&nbsp;&nbsp;&nbsp;&nbsp; Por volta das 14h, o caminh\u00e3o Ford de cor branca, modelo 1723, Placa QMU 0008 &#8211; Belo Horizonte MG, ao convergir para \u00e0 direita o asfalto veio a ceder, causando um afundamento de aproximadamente dois metros de profundidade.<\/p>\n<p>&nbsp;&nbsp;&nbsp;&nbsp;&nbsp;&nbsp;&nbsp;&nbsp; Segundo o encarregado da empresa, al\u00e9m do motorista haviam mais dois funcion\u00e1rios na traseira do ve\u00edculo, sendo que um deles, com o impacto, bateu com a canela sobre a estrutura da ca\u00e7amba, vindo a cair ao solo, sendo imediatamente encaminhado para hospital local. O m\u00e9dico constatou apenas ferimentos leves.<\/p>\n<p>&nbsp;&nbsp;&nbsp;&nbsp;&nbsp;&nbsp;&nbsp;&nbsp; Foi necess\u00e1rio a presen\u00e7a de dois guinchos para a retirada do caminh\u00e3o. A pista esteve interditada por pelo menos tr\u00eas horas.<\/p>\n<p>&nbsp;<\/p>\n","protected":false},"excerpt":{"rendered":"<p>&nbsp; &nbsp;&nbsp;&nbsp;&nbsp;&nbsp;&nbsp;&nbsp;&nbsp; Um fato pelo menos inusitado aconteceu no final<\/p>\n","protected":false},"author":2,"featured_media":690,"comment_status":"open","ping_status":"open","sticky":false,"template":"","format":"standard","meta":{"footnotes":""},"categories":[1],"tags":[],"class_list":["post-696","post","type-post","status-publish","format-standard","has-post-thumbnail","hentry","category-sem-categoria"],"yoast_head":"<!-- This site is optimized with the Yoast SEO plugin v27.2 - https:\/\/yoast.com\/product\/yoast-seo-wordpress\/ -->\n<title>Piso cede e caminh\u00e3o da ECP fica entalado em plena via p\u00fablica - Ub\u00e1 News<\/title>\n<meta name=\"robots\" content=\"index, follow, max-snippet:-1, max-image-preview:large, max-video-preview:-1\" \/>\n<link rel=\"canonical\" href=\"https:\/\/ubanews.com\/site\/2018\/03\/10\/piso-cede-e-caminhao-da-ecp-fica-entalado-em-plena-via-publica\/\" \/>\n<meta property=\"og:locale\" content=\"pt_BR\" \/>\n<meta property=\"og:type\" content=\"article\" \/>\n<meta property=\"og:title\" content=\"Piso cede e caminh\u00e3o da ECP fica entalado em plena via p\u00fablica - Ub\u00e1 News\" \/>\n<meta property=\"og:description\" content=\"&nbsp; &nbsp;&nbsp;&nbsp;&nbsp;&nbsp;&nbsp;&nbsp;&nbsp; Um fato pelo menos inusitado aconteceu no final\" \/>\n<meta property=\"og:url\" content=\"https:\/\/ubanews.com\/site\/2018\/03\/10\/piso-cede-e-caminhao-da-ecp-fica-entalado-em-plena-via-publica\/\" \/>\n<meta property=\"og:site_name\" content=\"Ub\u00e1 News\" \/>\n<meta property=\"article:publisher\" content=\"https:\/\/www.facebook.com\/Ub%c3%a1News-Carlos-Roberto-Sodr%c3%a9-418778301977370\" \/>\n<meta property=\"article:author\" content=\"https:\/\/www.facebook.com\/carosroberto.sodre.5\/\" \/>\n<meta property=\"article:published_time\" content=\"2018-03-10T21:15:25+00:00\" \/>\n<meta property=\"article:modified_time\" content=\"2018-03-14T13:09:00+00:00\" \/>\n<meta property=\"og:image\" content=\"https:\/\/ubanews.com\/site\/wp-content\/uploads\/2018\/03\/8-9.jpg\" \/>\n\t<meta property=\"og:image:width\" content=\"3661\" \/>\n\t<meta property=\"og:image:height\" content=\"2126\" \/>\n\t<meta property=\"og:image:type\" content=\"image\/jpeg\" \/>\n<meta name=\"author\" content=\"Sodr\u00e9\" \/>\n<meta name=\"twitter:card\" content=\"summary_large_image\" \/>\n<meta name=\"twitter:label1\" content=\"Escrito por\" \/>\n\t<meta name=\"twitter:data1\" content=\"Sodr\u00e9\" \/>\n\t<meta name=\"twitter:label2\" content=\"Est. tempo de leitura\" \/>\n\t<meta name=\"twitter:data2\" content=\"1 minuto\" \/>\n<script type=\"application\/ld+json\" class=\"yoast-schema-graph\">{\"@context\":\"https:\/\/schema.org\",\"@graph\":[{\"@type\":\"Article\",\"@id\":\"https:\/\/ubanews.com\/site\/2018\/03\/10\/piso-cede-e-caminhao-da-ecp-fica-entalado-em-plena-via-publica\/#article\",\"isPartOf\":{\"@id\":\"https:\/\/ubanews.com\/site\/2018\/03\/10\/piso-cede-e-caminhao-da-ecp-fica-entalado-em-plena-via-publica\/\"},\"author\":{\"name\":\"Sodr\u00e9\",\"@id\":\"https:\/\/ubanews.com\/site\/#\/schema\/person\/d90c9e47252fbb63dcc969fe4c8b9d10\"},\"headline\":\"Piso cede e caminh\u00e3o da ECP fica entalado em plena via p\u00fablica\",\"datePublished\":\"2018-03-10T21:15:25+00:00\",\"dateModified\":\"2018-03-14T13:09:00+00:00\",\"mainEntityOfPage\":{\"@id\":\"https:\/\/ubanews.com\/site\/2018\/03\/10\/piso-cede-e-caminhao-da-ecp-fica-entalado-em-plena-via-publica\/\"},\"wordCount\":212,\"commentCount\":0,\"publisher\":{\"@id\":\"https:\/\/ubanews.com\/site\/#organization\"},\"image\":{\"@id\":\"https:\/\/ubanews.com\/site\/2018\/03\/10\/piso-cede-e-caminhao-da-ecp-fica-entalado-em-plena-via-publica\/#primaryimage\"},\"thumbnailUrl\":\"https:\/\/ubanews.com\/site\/wp-content\/uploads\/2018\/03\/8-9.jpg\",\"articleSection\":[\"Geral\"],\"inLanguage\":\"pt-BR\",\"potentialAction\":[{\"@type\":\"CommentAction\",\"name\":\"Comment\",\"target\":[\"https:\/\/ubanews.com\/site\/2018\/03\/10\/piso-cede-e-caminhao-da-ecp-fica-entalado-em-plena-via-publica\/#respond\"]}]},{\"@type\":\"WebPage\",\"@id\":\"https:\/\/ubanews.com\/site\/2018\/03\/10\/piso-cede-e-caminhao-da-ecp-fica-entalado-em-plena-via-publica\/\",\"url\":\"https:\/\/ubanews.com\/site\/2018\/03\/10\/piso-cede-e-caminhao-da-ecp-fica-entalado-em-plena-via-publica\/\",\"name\":\"Piso cede e caminh\u00e3o da ECP fica entalado em plena via p\u00fablica - Ub\u00e1 News\",\"isPartOf\":{\"@id\":\"https:\/\/ubanews.com\/site\/#website\"},\"primaryImageOfPage\":{\"@id\":\"https:\/\/ubanews.com\/site\/2018\/03\/10\/piso-cede-e-caminhao-da-ecp-fica-entalado-em-plena-via-publica\/#primaryimage\"},\"image\":{\"@id\":\"https:\/\/ubanews.com\/site\/2018\/03\/10\/piso-cede-e-caminhao-da-ecp-fica-entalado-em-plena-via-publica\/#primaryimage\"},\"thumbnailUrl\":\"https:\/\/ubanews.com\/site\/wp-content\/uploads\/2018\/03\/8-9.jpg\",\"datePublished\":\"2018-03-10T21:15:25+00:00\",\"dateModified\":\"2018-03-14T13:09:00+00:00\",\"breadcrumb\":{\"@id\":\"https:\/\/ubanews.com\/site\/2018\/03\/10\/piso-cede-e-caminhao-da-ecp-fica-entalado-em-plena-via-publica\/#breadcrumb\"},\"inLanguage\":\"pt-BR\",\"potentialAction\":[{\"@type\":\"ReadAction\",\"target\":[\"https:\/\/ubanews.com\/site\/2018\/03\/10\/piso-cede-e-caminhao-da-ecp-fica-entalado-em-plena-via-publica\/\"]}]},{\"@type\":\"ImageObject\",\"inLanguage\":\"pt-BR\",\"@id\":\"https:\/\/ubanews.com\/site\/2018\/03\/10\/piso-cede-e-caminhao-da-ecp-fica-entalado-em-plena-via-publica\/#primaryimage\",\"url\":\"https:\/\/ubanews.com\/site\/wp-content\/uploads\/2018\/03\/8-9.jpg\",\"contentUrl\":\"https:\/\/ubanews.com\/site\/wp-content\/uploads\/2018\/03\/8-9.jpg\",\"width\":3661,\"height\":2126},{\"@type\":\"BreadcrumbList\",\"@id\":\"https:\/\/ubanews.com\/site\/2018\/03\/10\/piso-cede-e-caminhao-da-ecp-fica-entalado-em-plena-via-publica\/#breadcrumb\",\"itemListElement\":[{\"@type\":\"ListItem\",\"position\":1,\"name\":\"Home\",\"item\":\"https:\/\/ubanews.com\/site\/\"},{\"@type\":\"ListItem\",\"position\":2,\"name\":\"Piso cede e caminh\u00e3o da ECP fica entalado em plena via p\u00fablica\"}]},{\"@type\":\"WebSite\",\"@id\":\"https:\/\/ubanews.com\/site\/#website\",\"url\":\"https:\/\/ubanews.com\/site\/\",\"name\":\"Ub\u00e1 News\",\"description\":\"\",\"publisher\":{\"@id\":\"https:\/\/ubanews.com\/site\/#organization\"},\"potentialAction\":[{\"@type\":\"SearchAction\",\"target\":{\"@type\":\"EntryPoint\",\"urlTemplate\":\"https:\/\/ubanews.com\/site\/?s={search_term_string}\"},\"query-input\":{\"@type\":\"PropertyValueSpecification\",\"valueRequired\":true,\"valueName\":\"search_term_string\"}}],\"inLanguage\":\"pt-BR\"},{\"@type\":\"Organization\",\"@id\":\"https:\/\/ubanews.com\/site\/#organization\",\"name\":\"Ub\u00e1 News\",\"url\":\"https:\/\/ubanews.com\/site\/\",\"logo\":{\"@type\":\"ImageObject\",\"inLanguage\":\"pt-BR\",\"@id\":\"https:\/\/ubanews.com\/site\/#\/schema\/logo\/image\/\",\"url\":\"https:\/\/ubanews.com\/site\/wp-content\/uploads\/2018\/01\/logoubanews.png\",\"contentUrl\":\"https:\/\/ubanews.com\/site\/wp-content\/uploads\/2018\/01\/logoubanews.png\",\"width\":261,\"height\":99,\"caption\":\"Ub\u00e1 News\"},\"image\":{\"@id\":\"https:\/\/ubanews.com\/site\/#\/schema\/logo\/image\/\"},\"sameAs\":[\"https:\/\/www.facebook.com\/Ub\u00e1News-Carlos-Roberto-Sodr\u00e9-418778301977370\"]},{\"@type\":\"Person\",\"@id\":\"https:\/\/ubanews.com\/site\/#\/schema\/person\/d90c9e47252fbb63dcc969fe4c8b9d10\",\"name\":\"Sodr\u00e9\",\"image\":{\"@type\":\"ImageObject\",\"inLanguage\":\"pt-BR\",\"@id\":\"https:\/\/secure.gravatar.com\/avatar\/5ba2793f0590b9dbfad3fdec4ee714485b3eef211c9b32ee53d414060454a56c?s=96&d=mm&r=g\",\"url\":\"https:\/\/secure.gravatar.com\/avatar\/5ba2793f0590b9dbfad3fdec4ee714485b3eef211c9b32ee53d414060454a56c?s=96&d=mm&r=g\",\"contentUrl\":\"https:\/\/secure.gravatar.com\/avatar\/5ba2793f0590b9dbfad3fdec4ee714485b3eef211c9b32ee53d414060454a56c?s=96&d=mm&r=g\",\"caption\":\"Sodr\u00e9\"},\"sameAs\":[\"https:\/\/www.facebook.com\/carosroberto.sodre.5\/\"],\"url\":\"https:\/\/ubanews.com\/site\/author\/felipe\/\"}]}<\/script>\n<!-- \/ Yoast SEO plugin. -->","yoast_head_json":{"title":"Piso cede e caminh\u00e3o da ECP fica entalado em plena via p\u00fablica - Ub\u00e1 News","robots":{"index":"index","follow":"follow","max-snippet":"max-snippet:-1","max-image-preview":"max-image-preview:large","max-video-preview":"max-video-preview:-1"},"canonical":"https:\/\/ubanews.com\/site\/2018\/03\/10\/piso-cede-e-caminhao-da-ecp-fica-entalado-em-plena-via-publica\/","og_locale":"pt_BR","og_type":"article","og_title":"Piso cede e caminh\u00e3o da ECP fica entalado em plena via p\u00fablica - Ub\u00e1 News","og_description":"&nbsp; &nbsp;&nbsp;&nbsp;&nbsp;&nbsp;&nbsp;&nbsp;&nbsp; Um fato pelo menos inusitado aconteceu no final","og_url":"https:\/\/ubanews.com\/site\/2018\/03\/10\/piso-cede-e-caminhao-da-ecp-fica-entalado-em-plena-via-publica\/","og_site_name":"Ub\u00e1 News","article_publisher":"https:\/\/www.facebook.com\/Ub%c3%a1News-Carlos-Roberto-Sodr%c3%a9-418778301977370","article_author":"https:\/\/www.facebook.com\/carosroberto.sodre.5\/","article_published_time":"2018-03-10T21:15:25+00:00","article_modified_time":"2018-03-14T13:09:00+00:00","og_image":[{"width":3661,"height":2126,"url":"https:\/\/ubanews.com\/site\/wp-content\/uploads\/2018\/03\/8-9.jpg","type":"image\/jpeg"}],"author":"Sodr\u00e9","twitter_card":"summary_large_image","twitter_misc":{"Escrito por":"Sodr\u00e9","Est. tempo de leitura":"1 minuto"},"schema":{"@context":"https:\/\/schema.org","@graph":[{"@type":"Article","@id":"https:\/\/ubanews.com\/site\/2018\/03\/10\/piso-cede-e-caminhao-da-ecp-fica-entalado-em-plena-via-publica\/#article","isPartOf":{"@id":"https:\/\/ubanews.com\/site\/2018\/03\/10\/piso-cede-e-caminhao-da-ecp-fica-entalado-em-plena-via-publica\/"},"author":{"name":"Sodr\u00e9","@id":"https:\/\/ubanews.com\/site\/#\/schema\/person\/d90c9e47252fbb63dcc969fe4c8b9d10"},"headline":"Piso cede e caminh\u00e3o da ECP fica entalado em plena via p\u00fablica","datePublished":"2018-03-10T21:15:25+00:00","dateModified":"2018-03-14T13:09:00+00:00","mainEntityOfPage":{"@id":"https:\/\/ubanews.com\/site\/2018\/03\/10\/piso-cede-e-caminhao-da-ecp-fica-entalado-em-plena-via-publica\/"},"wordCount":212,"commentCount":0,"publisher":{"@id":"https:\/\/ubanews.com\/site\/#organization"},"image":{"@id":"https:\/\/ubanews.com\/site\/2018\/03\/10\/piso-cede-e-caminhao-da-ecp-fica-entalado-em-plena-via-publica\/#primaryimage"},"thumbnailUrl":"https:\/\/ubanews.com\/site\/wp-content\/uploads\/2018\/03\/8-9.jpg","articleSection":["Geral"],"inLanguage":"pt-BR","potentialAction":[{"@type":"CommentAction","name":"Comment","target":["https:\/\/ubanews.com\/site\/2018\/03\/10\/piso-cede-e-caminhao-da-ecp-fica-entalado-em-plena-via-publica\/#respond"]}]},{"@type":"WebPage","@id":"https:\/\/ubanews.com\/site\/2018\/03\/10\/piso-cede-e-caminhao-da-ecp-fica-entalado-em-plena-via-publica\/","url":"https:\/\/ubanews.com\/site\/2018\/03\/10\/piso-cede-e-caminhao-da-ecp-fica-entalado-em-plena-via-publica\/","name":"Piso cede e caminh\u00e3o da ECP fica entalado em plena via p\u00fablica - Ub\u00e1 News","isPartOf":{"@id":"https:\/\/ubanews.com\/site\/#website"},"primaryImageOfPage":{"@id":"https:\/\/ubanews.com\/site\/2018\/03\/10\/piso-cede-e-caminhao-da-ecp-fica-entalado-em-plena-via-publica\/#primaryimage"},"image":{"@id":"https:\/\/ubanews.com\/site\/2018\/03\/10\/piso-cede-e-caminhao-da-ecp-fica-entalado-em-plena-via-publica\/#primaryimage"},"thumbnailUrl":"https:\/\/ubanews.com\/site\/wp-content\/uploads\/2018\/03\/8-9.jpg","datePublished":"2018-03-10T21:15:25+00:00","dateModified":"2018-03-14T13:09:00+00:00","breadcrumb":{"@id":"https:\/\/ubanews.com\/site\/2018\/03\/10\/piso-cede-e-caminhao-da-ecp-fica-entalado-em-plena-via-publica\/#breadcrumb"},"inLanguage":"pt-BR","potentialAction":[{"@type":"ReadAction","target":["https:\/\/ubanews.com\/site\/2018\/03\/10\/piso-cede-e-caminhao-da-ecp-fica-entalado-em-plena-via-publica\/"]}]},{"@type":"ImageObject","inLanguage":"pt-BR","@id":"https:\/\/ubanews.com\/site\/2018\/03\/10\/piso-cede-e-caminhao-da-ecp-fica-entalado-em-plena-via-publica\/#primaryimage","url":"https:\/\/ubanews.com\/site\/wp-content\/uploads\/2018\/03\/8-9.jpg","contentUrl":"https:\/\/ubanews.com\/site\/wp-content\/uploads\/2018\/03\/8-9.jpg","width":3661,"height":2126},{"@type":"BreadcrumbList","@id":"https:\/\/ubanews.com\/site\/2018\/03\/10\/piso-cede-e-caminhao-da-ecp-fica-entalado-em-plena-via-publica\/#breadcrumb","itemListElement":[{"@type":"ListItem","position":1,"name":"Home","item":"https:\/\/ubanews.com\/site\/"},{"@type":"ListItem","position":2,"name":"Piso cede e caminh\u00e3o da ECP fica entalado em plena via p\u00fablica"}]},{"@type":"WebSite","@id":"https:\/\/ubanews.com\/site\/#website","url":"https:\/\/ubanews.com\/site\/","name":"Ub\u00e1 News","description":"","publisher":{"@id":"https:\/\/ubanews.com\/site\/#organization"},"potentialAction":[{"@type":"SearchAction","target":{"@type":"EntryPoint","urlTemplate":"https:\/\/ubanews.com\/site\/?s={search_term_string}"},"query-input":{"@type":"PropertyValueSpecification","valueRequired":true,"valueName":"search_term_string"}}],"inLanguage":"pt-BR"},{"@type":"Organization","@id":"https:\/\/ubanews.com\/site\/#organization","name":"Ub\u00e1 News","url":"https:\/\/ubanews.com\/site\/","logo":{"@type":"ImageObject","inLanguage":"pt-BR","@id":"https:\/\/ubanews.com\/site\/#\/schema\/logo\/image\/","url":"https:\/\/ubanews.com\/site\/wp-content\/uploads\/2018\/01\/logoubanews.png","contentUrl":"https:\/\/ubanews.com\/site\/wp-content\/uploads\/2018\/01\/logoubanews.png","width":261,"height":99,"caption":"Ub\u00e1 News"},"image":{"@id":"https:\/\/ubanews.com\/site\/#\/schema\/logo\/image\/"},"sameAs":["https:\/\/www.facebook.com\/Ub\u00e1News-Carlos-Roberto-Sodr\u00e9-418778301977370"]},{"@type":"Person","@id":"https:\/\/ubanews.com\/site\/#\/schema\/person\/d90c9e47252fbb63dcc969fe4c8b9d10","name":"Sodr\u00e9","image":{"@type":"ImageObject","inLanguage":"pt-BR","@id":"https:\/\/secure.gravatar.com\/avatar\/5ba2793f0590b9dbfad3fdec4ee714485b3eef211c9b32ee53d414060454a56c?s=96&d=mm&r=g","url":"https:\/\/secure.gravatar.com\/avatar\/5ba2793f0590b9dbfad3fdec4ee714485b3eef211c9b32ee53d414060454a56c?s=96&d=mm&r=g","contentUrl":"https:\/\/secure.gravatar.com\/avatar\/5ba2793f0590b9dbfad3fdec4ee714485b3eef211c9b32ee53d414060454a56c?s=96&d=mm&r=g","caption":"Sodr\u00e9"},"sameAs":["https:\/\/www.facebook.com\/carosroberto.sodre.5\/"],"url":"https:\/\/ubanews.com\/site\/author\/felipe\/"}]}},"_links":{"self":[{"href":"https:\/\/ubanews.com\/site\/wp-json\/wp\/v2\/posts\/696","targetHints":{"allow":["GET"]}}],"collection":[{"href":"https:\/\/ubanews.com\/site\/wp-json\/wp\/v2\/posts"}],"about":[{"href":"https:\/\/ubanews.com\/site\/wp-json\/wp\/v2\/types\/post"}],"author":[{"embeddable":true,"href":"https:\/\/ubanews.com\/site\/wp-json\/wp\/v2\/users\/2"}],"replies":[{"embeddable":true,"href":"https:\/\/ubanews.com\/site\/wp-json\/wp\/v2\/comments?post=696"}],"version-history":[{"count":0,"href":"https:\/\/ubanews.com\/site\/wp-json\/wp\/v2\/posts\/696\/revisions"}],"wp:featuredmedia":[{"embeddable":true,"href":"https:\/\/ubanews.com\/site\/wp-json\/wp\/v2\/media\/690"}],"wp:attachment":[{"href":"https:\/\/ubanews.com\/site\/wp-json\/wp\/v2\/media?parent=696"}],"wp:term":[{"taxonomy":"category","embeddable":true,"href":"https:\/\/ubanews.com\/site\/wp-json\/wp\/v2\/categories?post=696"},{"taxonomy":"post_tag","embeddable":true,"href":"https:\/\/ubanews.com\/site\/wp-json\/wp\/v2\/tags?post=696"}],"curies":[{"name":"wp","href":"https:\/\/api.w.org\/{rel}","templated":true}]}}