{"id":6949,"date":"2018-08-25T16:21:24","date_gmt":"2018-08-25T19:21:24","guid":{"rendered":"http:\/\/ubanews.com\/site\/?p=6949"},"modified":"2018-09-01T22:18:20","modified_gmt":"2018-09-02T01:18:20","slug":"professora-que-teve-um-avc-e-depois-uma-parada-cardiorespiratoria-espera-por-equipe-para-retirada-de-orgaos","status":"publish","type":"post","link":"https:\/\/ubanews.com\/site\/2018\/08\/25\/professora-que-teve-um-avc-e-depois-uma-parada-cardiorespiratoria-espera-por-equipe-para-retirada-de-orgaos\/","title":{"rendered":"PROFESSORA QUE TEVE UM AVC E DEPOIS UMA PARADA CARDIORRESPIRAT\u00d3RIA ESPERA POR EQUIPE PARA RETIRADA DE \u00d3RG\u00c3OS"},"content":{"rendered":"<p><!--more--><\/p>\n<p>Daniela Aparecida Silva Pinto (43) professora das Redes Municipal e Estadual de Ensino teve morte cerebral confirmada pelos m\u00e9dicos que est\u00e3o acompanhando o seu caso desde que deu entrada no Hospital Santa Isabel na manh\u00e3 da \u00faltima quinta-feira (23). Agora, a fam\u00edlia est\u00e1 esperando pelo tempo regulamentar de 72 horas para permitirem a retirada dos \u00f3rg\u00e3os de Daniela, conforme era o seu desejo. Duas equipes, sendo uma de Belo Horizonte e outra de Juiz de Fora est\u00e3o mobilizadas. Daniela havia manifestado esse desejo desde que tomou conhecimento de um problema renal apresentado por uma prima, o que foi prontamente respeitado pelos pais. Sendo assim, se n\u00e3o surgir nenhum fato novo, o vel\u00f3rio s\u00f3 deve acontecer na ter\u00e7a-feira (28), uma vez que esse tempo come\u00e7a a contar a partir da tarde de sexta-feira (24). Daniela estava se queixando de dores de cabe\u00e7a, chegou a comentar com as colegas de escola.<\/p>\n<p><a href=\"https:\/\/ubanews.com\/site\/wp-content\/uploads\/2018\/08\/ELETRO-SENA-AUTOMOTIVA-2.jpg\"><img decoding=\"async\" class=\"alignnone size-full wp-image-7016 lazyload\" data-src=\"https:\/\/ubanews.com\/site\/wp-content\/uploads\/2018\/08\/ELETRO-SENA-AUTOMOTIVA-2.jpg\" alt=\"\" width=\"800\" height=\"264\" data-srcset=\"https:\/\/ubanews.com\/site\/wp-content\/uploads\/2018\/08\/ELETRO-SENA-AUTOMOTIVA-2.jpg 800w, https:\/\/ubanews.com\/site\/wp-content\/uploads\/2018\/08\/ELETRO-SENA-AUTOMOTIVA-2-300x99.jpg 300w, https:\/\/ubanews.com\/site\/wp-content\/uploads\/2018\/08\/ELETRO-SENA-AUTOMOTIVA-2-768x253.jpg 768w\" data-sizes=\"(max-width: 800px) 100vw, 800px\" src=\"data:image\/svg+xml;base64,PHN2ZyB3aWR0aD0iMSIgaGVpZ2h0PSIxIiB4bWxucz0iaHR0cDovL3d3dy53My5vcmcvMjAwMC9zdmciPjwvc3ZnPg==\" style=\"--smush-placeholder-width: 800px; --smush-placeholder-aspect-ratio: 800\/264;\" \/><\/a><\/p>\n<p>Apuramos que Daniela, depois de participar do Congresso de Educa\u00e7\u00e3o, realizado pela Secretaria de Educa\u00e7\u00e3o nos dias 16\/17\/18 de agosto, com o apoio da Prefeitura Municipal, ela tamb\u00e9m esteve envolvida em uma reuni\u00e3o na Escola Estadual Camilo Soares na quarta-feira (22), justamente no dia do supervisor educacional, fun\u00e7\u00e3o que exercia na Escola Estadual Doutor Levindo Coelho. Ent\u00e3o no dia seguinte ela organizou uma \u201cfestinha\u201d para a hora do intervalo, \u00e0s 9h e 30min. Foi nesse instante que Daniela queixou\u2013se de um problema mais acentuado.<\/p>\n<p><a href=\"https:\/\/ubanews.com\/site\/wp-content\/uploads\/2018\/08\/4cf46275-ac83-464a-a541-7ba64e8fe989.jpg\"><img decoding=\"async\" class=\"alignnone size-medium wp-image-6950 lazyload\" data-src=\"https:\/\/ubanews.com\/site\/wp-content\/uploads\/2018\/08\/4cf46275-ac83-464a-a541-7ba64e8fe989-300x300.jpg\" alt=\"\" width=\"300\" height=\"300\" data-srcset=\"https:\/\/ubanews.com\/site\/wp-content\/uploads\/2018\/08\/4cf46275-ac83-464a-a541-7ba64e8fe989-300x300.jpg 300w, https:\/\/ubanews.com\/site\/wp-content\/uploads\/2018\/08\/4cf46275-ac83-464a-a541-7ba64e8fe989-150x150.jpg 150w, https:\/\/ubanews.com\/site\/wp-content\/uploads\/2018\/08\/4cf46275-ac83-464a-a541-7ba64e8fe989.jpg 600w\" data-sizes=\"(max-width: 300px) 100vw, 300px\" src=\"data:image\/svg+xml;base64,PHN2ZyB3aWR0aD0iMSIgaGVpZ2h0PSIxIiB4bWxucz0iaHR0cDovL3d3dy53My5vcmcvMjAwMC9zdmciPjwvc3ZnPg==\" style=\"--smush-placeholder-width: 300px; --smush-placeholder-aspect-ratio: 300\/300;\" \/><\/a><\/p>\n<p><a href=\"https:\/\/ubanews.com\/site\/wp-content\/uploads\/2018\/08\/ec31ee9d-7d52-42f3-9918-970cbe698ae3.jpg\"><img decoding=\"async\" class=\"alignnone size-medium wp-image-6951 lazyload\" data-src=\"https:\/\/ubanews.com\/site\/wp-content\/uploads\/2018\/08\/ec31ee9d-7d52-42f3-9918-970cbe698ae3-300x300.jpg\" alt=\"\" width=\"300\" height=\"300\" data-srcset=\"https:\/\/ubanews.com\/site\/wp-content\/uploads\/2018\/08\/ec31ee9d-7d52-42f3-9918-970cbe698ae3-300x300.jpg 300w, https:\/\/ubanews.com\/site\/wp-content\/uploads\/2018\/08\/ec31ee9d-7d52-42f3-9918-970cbe698ae3-150x150.jpg 150w, https:\/\/ubanews.com\/site\/wp-content\/uploads\/2018\/08\/ec31ee9d-7d52-42f3-9918-970cbe698ae3.jpg 540w\" data-sizes=\"(max-width: 300px) 100vw, 300px\" src=\"data:image\/svg+xml;base64,PHN2ZyB3aWR0aD0iMSIgaGVpZ2h0PSIxIiB4bWxucz0iaHR0cDovL3d3dy53My5vcmcvMjAwMC9zdmciPjwvc3ZnPg==\" style=\"--smush-placeholder-width: 300px; --smush-placeholder-aspect-ratio: 300\/300;\" \/><\/a><\/p>\n<p>O professor J\u00e2nderson Perp\u00e9tuo foi chamado, vindo imediatamente. Daniela foi levada ao Posto de Sa\u00fade que fica a alguns metros do endere\u00e7o da escola onde ela trabalha. Sem perder tempo, resolveram lev\u00e1-la para o Hospital Santa Isabel, onde o seu quadro piorou, tendo morte cerebral no seu seguinte ao dar entrada. A caminho do hospital Daniela ainda ligou para o namorado e j\u00e1 no atendimento, por\u00e9m ainda na maca, ela fez um \u00faltimo telefonema para a sua m\u00e3e. A caminho do hospital ela fez muitas brincadeiras com os (as) acompanhantes.<\/p>\n","protected":false},"excerpt":{"rendered":"","protected":false},"author":2,"featured_media":6955,"comment_status":"open","ping_status":"open","sticky":false,"template":"","format":"standard","meta":{"footnotes":""},"categories":[1],"tags":[],"class_list":["post-6949","post","type-post","status-publish","format-standard","has-post-thumbnail","hentry","category-sem-categoria"],"yoast_head":"<!-- This site is optimized with the Yoast SEO plugin v27.2 - https:\/\/yoast.com\/product\/yoast-seo-wordpress\/ -->\n<title>PROFESSORA QUE TEVE UM AVC E DEPOIS UMA PARADA CARDIORRESPIRAT\u00d3RIA ESPERA POR EQUIPE PARA RETIRADA DE \u00d3RG\u00c3OS - Ub\u00e1 News<\/title>\n<meta name=\"robots\" content=\"index, follow, max-snippet:-1, max-image-preview:large, max-video-preview:-1\" \/>\n<link rel=\"canonical\" href=\"https:\/\/ubanews.com\/site\/2018\/08\/25\/professora-que-teve-um-avc-e-depois-uma-parada-cardiorespiratoria-espera-por-equipe-para-retirada-de-orgaos\/\" \/>\n<meta property=\"og:locale\" content=\"pt_BR\" \/>\n<meta property=\"og:type\" content=\"article\" \/>\n<meta property=\"og:title\" content=\"PROFESSORA QUE TEVE UM AVC E DEPOIS UMA PARADA CARDIORRESPIRAT\u00d3RIA ESPERA POR EQUIPE PARA RETIRADA DE \u00d3RG\u00c3OS - Ub\u00e1 News\" \/>\n<meta property=\"og:url\" content=\"https:\/\/ubanews.com\/site\/2018\/08\/25\/professora-que-teve-um-avc-e-depois-uma-parada-cardiorespiratoria-espera-por-equipe-para-retirada-de-orgaos\/\" \/>\n<meta property=\"og:site_name\" content=\"Ub\u00e1 News\" \/>\n<meta property=\"article:publisher\" content=\"https:\/\/www.facebook.com\/Ub%c3%a1News-Carlos-Roberto-Sodr%c3%a9-418778301977370\" \/>\n<meta property=\"article:author\" content=\"https:\/\/www.facebook.com\/carosroberto.sodre.5\/\" \/>\n<meta property=\"article:published_time\" content=\"2018-08-25T19:21:24+00:00\" \/>\n<meta property=\"article:modified_time\" content=\"2018-09-02T01:18:20+00:00\" \/>\n<meta property=\"og:image\" content=\"https:\/\/ubanews.com\/site\/wp-content\/uploads\/2018\/08\/059-1.jpg\" \/>\n\t<meta property=\"og:image:width\" content=\"800\" \/>\n\t<meta property=\"og:image:height\" content=\"389\" \/>\n\t<meta property=\"og:image:type\" content=\"image\/jpeg\" \/>\n<meta name=\"author\" content=\"Sodr\u00e9\" \/>\n<meta name=\"twitter:card\" content=\"summary_large_image\" \/>\n<meta name=\"twitter:label1\" content=\"Escrito por\" \/>\n\t<meta name=\"twitter:data1\" content=\"Sodr\u00e9\" \/>\n\t<meta name=\"twitter:label2\" content=\"Est. tempo de leitura\" \/>\n\t<meta name=\"twitter:data2\" content=\"2 minutos\" \/>\n<script type=\"application\/ld+json\" class=\"yoast-schema-graph\">{\"@context\":\"https:\/\/schema.org\",\"@graph\":[{\"@type\":\"Article\",\"@id\":\"https:\/\/ubanews.com\/site\/2018\/08\/25\/professora-que-teve-um-avc-e-depois-uma-parada-cardiorespiratoria-espera-por-equipe-para-retirada-de-orgaos\/#article\",\"isPartOf\":{\"@id\":\"https:\/\/ubanews.com\/site\/2018\/08\/25\/professora-que-teve-um-avc-e-depois-uma-parada-cardiorespiratoria-espera-por-equipe-para-retirada-de-orgaos\/\"},\"author\":{\"name\":\"Sodr\u00e9\",\"@id\":\"https:\/\/ubanews.com\/site\/#\/schema\/person\/d90c9e47252fbb63dcc969fe4c8b9d10\"},\"headline\":\"PROFESSORA QUE TEVE UM AVC E DEPOIS UMA PARADA CARDIORRESPIRAT\u00d3RIA ESPERA POR EQUIPE PARA RETIRADA DE \u00d3RG\u00c3OS\",\"datePublished\":\"2018-08-25T19:21:24+00:00\",\"dateModified\":\"2018-09-02T01:18:20+00:00\",\"mainEntityOfPage\":{\"@id\":\"https:\/\/ubanews.com\/site\/2018\/08\/25\/professora-que-teve-um-avc-e-depois-uma-parada-cardiorespiratoria-espera-por-equipe-para-retirada-de-orgaos\/\"},\"wordCount\":359,\"commentCount\":0,\"publisher\":{\"@id\":\"https:\/\/ubanews.com\/site\/#organization\"},\"image\":{\"@id\":\"https:\/\/ubanews.com\/site\/2018\/08\/25\/professora-que-teve-um-avc-e-depois-uma-parada-cardiorespiratoria-espera-por-equipe-para-retirada-de-orgaos\/#primaryimage\"},\"thumbnailUrl\":\"https:\/\/ubanews.com\/site\/wp-content\/uploads\/2018\/08\/059-1.jpg\",\"articleSection\":[\"Geral\"],\"inLanguage\":\"pt-BR\",\"potentialAction\":[{\"@type\":\"CommentAction\",\"name\":\"Comment\",\"target\":[\"https:\/\/ubanews.com\/site\/2018\/08\/25\/professora-que-teve-um-avc-e-depois-uma-parada-cardiorespiratoria-espera-por-equipe-para-retirada-de-orgaos\/#respond\"]}]},{\"@type\":\"WebPage\",\"@id\":\"https:\/\/ubanews.com\/site\/2018\/08\/25\/professora-que-teve-um-avc-e-depois-uma-parada-cardiorespiratoria-espera-por-equipe-para-retirada-de-orgaos\/\",\"url\":\"https:\/\/ubanews.com\/site\/2018\/08\/25\/professora-que-teve-um-avc-e-depois-uma-parada-cardiorespiratoria-espera-por-equipe-para-retirada-de-orgaos\/\",\"name\":\"PROFESSORA QUE TEVE UM AVC E DEPOIS UMA PARADA CARDIORRESPIRAT\u00d3RIA ESPERA POR EQUIPE PARA RETIRADA DE \u00d3RG\u00c3OS - Ub\u00e1 News\",\"isPartOf\":{\"@id\":\"https:\/\/ubanews.com\/site\/#website\"},\"primaryImageOfPage\":{\"@id\":\"https:\/\/ubanews.com\/site\/2018\/08\/25\/professora-que-teve-um-avc-e-depois-uma-parada-cardiorespiratoria-espera-por-equipe-para-retirada-de-orgaos\/#primaryimage\"},\"image\":{\"@id\":\"https:\/\/ubanews.com\/site\/2018\/08\/25\/professora-que-teve-um-avc-e-depois-uma-parada-cardiorespiratoria-espera-por-equipe-para-retirada-de-orgaos\/#primaryimage\"},\"thumbnailUrl\":\"https:\/\/ubanews.com\/site\/wp-content\/uploads\/2018\/08\/059-1.jpg\",\"datePublished\":\"2018-08-25T19:21:24+00:00\",\"dateModified\":\"2018-09-02T01:18:20+00:00\",\"breadcrumb\":{\"@id\":\"https:\/\/ubanews.com\/site\/2018\/08\/25\/professora-que-teve-um-avc-e-depois-uma-parada-cardiorespiratoria-espera-por-equipe-para-retirada-de-orgaos\/#breadcrumb\"},\"inLanguage\":\"pt-BR\",\"potentialAction\":[{\"@type\":\"ReadAction\",\"target\":[\"https:\/\/ubanews.com\/site\/2018\/08\/25\/professora-que-teve-um-avc-e-depois-uma-parada-cardiorespiratoria-espera-por-equipe-para-retirada-de-orgaos\/\"]}]},{\"@type\":\"ImageObject\",\"inLanguage\":\"pt-BR\",\"@id\":\"https:\/\/ubanews.com\/site\/2018\/08\/25\/professora-que-teve-um-avc-e-depois-uma-parada-cardiorespiratoria-espera-por-equipe-para-retirada-de-orgaos\/#primaryimage\",\"url\":\"https:\/\/ubanews.com\/site\/wp-content\/uploads\/2018\/08\/059-1.jpg\",\"contentUrl\":\"https:\/\/ubanews.com\/site\/wp-content\/uploads\/2018\/08\/059-1.jpg\",\"width\":800,\"height\":389},{\"@type\":\"BreadcrumbList\",\"@id\":\"https:\/\/ubanews.com\/site\/2018\/08\/25\/professora-que-teve-um-avc-e-depois-uma-parada-cardiorespiratoria-espera-por-equipe-para-retirada-de-orgaos\/#breadcrumb\",\"itemListElement\":[{\"@type\":\"ListItem\",\"position\":1,\"name\":\"Home\",\"item\":\"https:\/\/ubanews.com\/site\/\"},{\"@type\":\"ListItem\",\"position\":2,\"name\":\"PROFESSORA QUE TEVE UM AVC E DEPOIS UMA PARADA CARDIORRESPIRAT\u00d3RIA ESPERA POR EQUIPE PARA RETIRADA DE \u00d3RG\u00c3OS\"}]},{\"@type\":\"WebSite\",\"@id\":\"https:\/\/ubanews.com\/site\/#website\",\"url\":\"https:\/\/ubanews.com\/site\/\",\"name\":\"Ub\u00e1 News\",\"description\":\"\",\"publisher\":{\"@id\":\"https:\/\/ubanews.com\/site\/#organization\"},\"potentialAction\":[{\"@type\":\"SearchAction\",\"target\":{\"@type\":\"EntryPoint\",\"urlTemplate\":\"https:\/\/ubanews.com\/site\/?s={search_term_string}\"},\"query-input\":{\"@type\":\"PropertyValueSpecification\",\"valueRequired\":true,\"valueName\":\"search_term_string\"}}],\"inLanguage\":\"pt-BR\"},{\"@type\":\"Organization\",\"@id\":\"https:\/\/ubanews.com\/site\/#organization\",\"name\":\"Ub\u00e1 News\",\"url\":\"https:\/\/ubanews.com\/site\/\",\"logo\":{\"@type\":\"ImageObject\",\"inLanguage\":\"pt-BR\",\"@id\":\"https:\/\/ubanews.com\/site\/#\/schema\/logo\/image\/\",\"url\":\"https:\/\/ubanews.com\/site\/wp-content\/uploads\/2018\/01\/logoubanews.png\",\"contentUrl\":\"https:\/\/ubanews.com\/site\/wp-content\/uploads\/2018\/01\/logoubanews.png\",\"width\":261,\"height\":99,\"caption\":\"Ub\u00e1 News\"},\"image\":{\"@id\":\"https:\/\/ubanews.com\/site\/#\/schema\/logo\/image\/\"},\"sameAs\":[\"https:\/\/www.facebook.com\/Ub\u00e1News-Carlos-Roberto-Sodr\u00e9-418778301977370\"]},{\"@type\":\"Person\",\"@id\":\"https:\/\/ubanews.com\/site\/#\/schema\/person\/d90c9e47252fbb63dcc969fe4c8b9d10\",\"name\":\"Sodr\u00e9\",\"image\":{\"@type\":\"ImageObject\",\"inLanguage\":\"pt-BR\",\"@id\":\"https:\/\/secure.gravatar.com\/avatar\/5ba2793f0590b9dbfad3fdec4ee714485b3eef211c9b32ee53d414060454a56c?s=96&d=mm&r=g\",\"url\":\"https:\/\/secure.gravatar.com\/avatar\/5ba2793f0590b9dbfad3fdec4ee714485b3eef211c9b32ee53d414060454a56c?s=96&d=mm&r=g\",\"contentUrl\":\"https:\/\/secure.gravatar.com\/avatar\/5ba2793f0590b9dbfad3fdec4ee714485b3eef211c9b32ee53d414060454a56c?s=96&d=mm&r=g\",\"caption\":\"Sodr\u00e9\"},\"sameAs\":[\"https:\/\/www.facebook.com\/carosroberto.sodre.5\/\"],\"url\":\"https:\/\/ubanews.com\/site\/author\/felipe\/\"}]}<\/script>\n<!-- \/ Yoast SEO plugin. -->","yoast_head_json":{"title":"PROFESSORA QUE TEVE UM AVC E DEPOIS UMA PARADA CARDIORRESPIRAT\u00d3RIA ESPERA POR EQUIPE PARA RETIRADA DE \u00d3RG\u00c3OS - Ub\u00e1 News","robots":{"index":"index","follow":"follow","max-snippet":"max-snippet:-1","max-image-preview":"max-image-preview:large","max-video-preview":"max-video-preview:-1"},"canonical":"https:\/\/ubanews.com\/site\/2018\/08\/25\/professora-que-teve-um-avc-e-depois-uma-parada-cardiorespiratoria-espera-por-equipe-para-retirada-de-orgaos\/","og_locale":"pt_BR","og_type":"article","og_title":"PROFESSORA QUE TEVE UM AVC E DEPOIS UMA PARADA CARDIORRESPIRAT\u00d3RIA ESPERA POR EQUIPE PARA RETIRADA DE \u00d3RG\u00c3OS - Ub\u00e1 News","og_url":"https:\/\/ubanews.com\/site\/2018\/08\/25\/professora-que-teve-um-avc-e-depois-uma-parada-cardiorespiratoria-espera-por-equipe-para-retirada-de-orgaos\/","og_site_name":"Ub\u00e1 News","article_publisher":"https:\/\/www.facebook.com\/Ub%c3%a1News-Carlos-Roberto-Sodr%c3%a9-418778301977370","article_author":"https:\/\/www.facebook.com\/carosroberto.sodre.5\/","article_published_time":"2018-08-25T19:21:24+00:00","article_modified_time":"2018-09-02T01:18:20+00:00","og_image":[{"width":800,"height":389,"url":"https:\/\/ubanews.com\/site\/wp-content\/uploads\/2018\/08\/059-1.jpg","type":"image\/jpeg"}],"author":"Sodr\u00e9","twitter_card":"summary_large_image","twitter_misc":{"Escrito por":"Sodr\u00e9","Est. tempo de leitura":"2 minutos"},"schema":{"@context":"https:\/\/schema.org","@graph":[{"@type":"Article","@id":"https:\/\/ubanews.com\/site\/2018\/08\/25\/professora-que-teve-um-avc-e-depois-uma-parada-cardiorespiratoria-espera-por-equipe-para-retirada-de-orgaos\/#article","isPartOf":{"@id":"https:\/\/ubanews.com\/site\/2018\/08\/25\/professora-que-teve-um-avc-e-depois-uma-parada-cardiorespiratoria-espera-por-equipe-para-retirada-de-orgaos\/"},"author":{"name":"Sodr\u00e9","@id":"https:\/\/ubanews.com\/site\/#\/schema\/person\/d90c9e47252fbb63dcc969fe4c8b9d10"},"headline":"PROFESSORA QUE TEVE UM AVC E DEPOIS UMA PARADA CARDIORRESPIRAT\u00d3RIA ESPERA POR EQUIPE PARA RETIRADA DE \u00d3RG\u00c3OS","datePublished":"2018-08-25T19:21:24+00:00","dateModified":"2018-09-02T01:18:20+00:00","mainEntityOfPage":{"@id":"https:\/\/ubanews.com\/site\/2018\/08\/25\/professora-que-teve-um-avc-e-depois-uma-parada-cardiorespiratoria-espera-por-equipe-para-retirada-de-orgaos\/"},"wordCount":359,"commentCount":0,"publisher":{"@id":"https:\/\/ubanews.com\/site\/#organization"},"image":{"@id":"https:\/\/ubanews.com\/site\/2018\/08\/25\/professora-que-teve-um-avc-e-depois-uma-parada-cardiorespiratoria-espera-por-equipe-para-retirada-de-orgaos\/#primaryimage"},"thumbnailUrl":"https:\/\/ubanews.com\/site\/wp-content\/uploads\/2018\/08\/059-1.jpg","articleSection":["Geral"],"inLanguage":"pt-BR","potentialAction":[{"@type":"CommentAction","name":"Comment","target":["https:\/\/ubanews.com\/site\/2018\/08\/25\/professora-que-teve-um-avc-e-depois-uma-parada-cardiorespiratoria-espera-por-equipe-para-retirada-de-orgaos\/#respond"]}]},{"@type":"WebPage","@id":"https:\/\/ubanews.com\/site\/2018\/08\/25\/professora-que-teve-um-avc-e-depois-uma-parada-cardiorespiratoria-espera-por-equipe-para-retirada-de-orgaos\/","url":"https:\/\/ubanews.com\/site\/2018\/08\/25\/professora-que-teve-um-avc-e-depois-uma-parada-cardiorespiratoria-espera-por-equipe-para-retirada-de-orgaos\/","name":"PROFESSORA QUE TEVE UM AVC E DEPOIS UMA PARADA CARDIORRESPIRAT\u00d3RIA ESPERA POR EQUIPE PARA RETIRADA DE \u00d3RG\u00c3OS - Ub\u00e1 News","isPartOf":{"@id":"https:\/\/ubanews.com\/site\/#website"},"primaryImageOfPage":{"@id":"https:\/\/ubanews.com\/site\/2018\/08\/25\/professora-que-teve-um-avc-e-depois-uma-parada-cardiorespiratoria-espera-por-equipe-para-retirada-de-orgaos\/#primaryimage"},"image":{"@id":"https:\/\/ubanews.com\/site\/2018\/08\/25\/professora-que-teve-um-avc-e-depois-uma-parada-cardiorespiratoria-espera-por-equipe-para-retirada-de-orgaos\/#primaryimage"},"thumbnailUrl":"https:\/\/ubanews.com\/site\/wp-content\/uploads\/2018\/08\/059-1.jpg","datePublished":"2018-08-25T19:21:24+00:00","dateModified":"2018-09-02T01:18:20+00:00","breadcrumb":{"@id":"https:\/\/ubanews.com\/site\/2018\/08\/25\/professora-que-teve-um-avc-e-depois-uma-parada-cardiorespiratoria-espera-por-equipe-para-retirada-de-orgaos\/#breadcrumb"},"inLanguage":"pt-BR","potentialAction":[{"@type":"ReadAction","target":["https:\/\/ubanews.com\/site\/2018\/08\/25\/professora-que-teve-um-avc-e-depois-uma-parada-cardiorespiratoria-espera-por-equipe-para-retirada-de-orgaos\/"]}]},{"@type":"ImageObject","inLanguage":"pt-BR","@id":"https:\/\/ubanews.com\/site\/2018\/08\/25\/professora-que-teve-um-avc-e-depois-uma-parada-cardiorespiratoria-espera-por-equipe-para-retirada-de-orgaos\/#primaryimage","url":"https:\/\/ubanews.com\/site\/wp-content\/uploads\/2018\/08\/059-1.jpg","contentUrl":"https:\/\/ubanews.com\/site\/wp-content\/uploads\/2018\/08\/059-1.jpg","width":800,"height":389},{"@type":"BreadcrumbList","@id":"https:\/\/ubanews.com\/site\/2018\/08\/25\/professora-que-teve-um-avc-e-depois-uma-parada-cardiorespiratoria-espera-por-equipe-para-retirada-de-orgaos\/#breadcrumb","itemListElement":[{"@type":"ListItem","position":1,"name":"Home","item":"https:\/\/ubanews.com\/site\/"},{"@type":"ListItem","position":2,"name":"PROFESSORA QUE TEVE UM AVC E DEPOIS UMA PARADA CARDIORRESPIRAT\u00d3RIA ESPERA POR EQUIPE PARA RETIRADA DE \u00d3RG\u00c3OS"}]},{"@type":"WebSite","@id":"https:\/\/ubanews.com\/site\/#website","url":"https:\/\/ubanews.com\/site\/","name":"Ub\u00e1 News","description":"","publisher":{"@id":"https:\/\/ubanews.com\/site\/#organization"},"potentialAction":[{"@type":"SearchAction","target":{"@type":"EntryPoint","urlTemplate":"https:\/\/ubanews.com\/site\/?s={search_term_string}"},"query-input":{"@type":"PropertyValueSpecification","valueRequired":true,"valueName":"search_term_string"}}],"inLanguage":"pt-BR"},{"@type":"Organization","@id":"https:\/\/ubanews.com\/site\/#organization","name":"Ub\u00e1 News","url":"https:\/\/ubanews.com\/site\/","logo":{"@type":"ImageObject","inLanguage":"pt-BR","@id":"https:\/\/ubanews.com\/site\/#\/schema\/logo\/image\/","url":"https:\/\/ubanews.com\/site\/wp-content\/uploads\/2018\/01\/logoubanews.png","contentUrl":"https:\/\/ubanews.com\/site\/wp-content\/uploads\/2018\/01\/logoubanews.png","width":261,"height":99,"caption":"Ub\u00e1 News"},"image":{"@id":"https:\/\/ubanews.com\/site\/#\/schema\/logo\/image\/"},"sameAs":["https:\/\/www.facebook.com\/Ub\u00e1News-Carlos-Roberto-Sodr\u00e9-418778301977370"]},{"@type":"Person","@id":"https:\/\/ubanews.com\/site\/#\/schema\/person\/d90c9e47252fbb63dcc969fe4c8b9d10","name":"Sodr\u00e9","image":{"@type":"ImageObject","inLanguage":"pt-BR","@id":"https:\/\/secure.gravatar.com\/avatar\/5ba2793f0590b9dbfad3fdec4ee714485b3eef211c9b32ee53d414060454a56c?s=96&d=mm&r=g","url":"https:\/\/secure.gravatar.com\/avatar\/5ba2793f0590b9dbfad3fdec4ee714485b3eef211c9b32ee53d414060454a56c?s=96&d=mm&r=g","contentUrl":"https:\/\/secure.gravatar.com\/avatar\/5ba2793f0590b9dbfad3fdec4ee714485b3eef211c9b32ee53d414060454a56c?s=96&d=mm&r=g","caption":"Sodr\u00e9"},"sameAs":["https:\/\/www.facebook.com\/carosroberto.sodre.5\/"],"url":"https:\/\/ubanews.com\/site\/author\/felipe\/"}]}},"_links":{"self":[{"href":"https:\/\/ubanews.com\/site\/wp-json\/wp\/v2\/posts\/6949","targetHints":{"allow":["GET"]}}],"collection":[{"href":"https:\/\/ubanews.com\/site\/wp-json\/wp\/v2\/posts"}],"about":[{"href":"https:\/\/ubanews.com\/site\/wp-json\/wp\/v2\/types\/post"}],"author":[{"embeddable":true,"href":"https:\/\/ubanews.com\/site\/wp-json\/wp\/v2\/users\/2"}],"replies":[{"embeddable":true,"href":"https:\/\/ubanews.com\/site\/wp-json\/wp\/v2\/comments?post=6949"}],"version-history":[{"count":0,"href":"https:\/\/ubanews.com\/site\/wp-json\/wp\/v2\/posts\/6949\/revisions"}],"wp:featuredmedia":[{"embeddable":true,"href":"https:\/\/ubanews.com\/site\/wp-json\/wp\/v2\/media\/6955"}],"wp:attachment":[{"href":"https:\/\/ubanews.com\/site\/wp-json\/wp\/v2\/media?parent=6949"}],"wp:term":[{"taxonomy":"category","embeddable":true,"href":"https:\/\/ubanews.com\/site\/wp-json\/wp\/v2\/categories?post=6949"},{"taxonomy":"post_tag","embeddable":true,"href":"https:\/\/ubanews.com\/site\/wp-json\/wp\/v2\/tags?post=6949"}],"curies":[{"name":"wp","href":"https:\/\/api.w.org\/{rel}","templated":true}]}}