{"id":6941,"date":"2018-08-25T13:27:40","date_gmt":"2018-08-25T16:27:40","guid":{"rendered":"http:\/\/ubanews.com\/site\/?p=6941"},"modified":"2018-09-01T22:18:16","modified_gmt":"2018-09-02T01:18:16","slug":"jovem-de-18-anos-morre-em-festa-na-cidade-de-rio-pomba","status":"publish","type":"post","link":"https:\/\/ubanews.com\/site\/2018\/08\/25\/jovem-de-18-anos-morre-em-festa-na-cidade-de-rio-pomba\/","title":{"rendered":"Estudante de 18 anos morre em festa na cidade de Rio Pomba"},"content":{"rendered":"<p>Uma jovem, estudante na cidade de Rio Pomba, de 18 anos de idade, morreu ap\u00f3s ser atingida por um estilha\u00e7o de garrafa durante a 34\u00aa Exposi\u00e7\u00e3o de Rio Pomba, por volta de 02h desta madrugada de s\u00e1bado 25 de agosto. A ocorr\u00eancia ainda est\u00e1 em andamento mas, de acordo com informa\u00e7\u00f5es da Pol\u00edcia Militar de Rio Pomba, tudo teria acontecido pr\u00f3ximo a uma barraca de bebidas , localizada junto ao equipamento de sonoriza\u00e7\u00e3o do evento, quando atrav\u00e9s de imagens captadas pelas c\u00e2meras de monitoramento, foi poss\u00edvel detectar uma jovem arremessando algo que seria uma garrafa contra algumas pessoas. Pelas imagens , foi poss\u00edvel visualizar duas jovens, andando logo depois do ocorrido e uma delas caindo ao solo.A Pol\u00edcia militar foi acionada e rapidamente chegou ao local onde se encontrava uma jovem ca\u00edda ao solo com um sangramento muito grande no pesco\u00e7o. Ela foi socorrida por uma ambul\u00e2ncia dos Bombeiros Civis e levada para o hospital daquela cidade , mas n\u00e3o resistiu aos ferimentos. No hospital, os policiais militares localizaram outra v\u00edtima de ferimento por estilha\u00e7o de garrafa.<\/p>\n<p>Ap\u00f3s averiguar toda a situa\u00e7\u00e3o e colher depoimento de testemunhas, os policiais chegaram at\u00e9 uma jovem suspeita, tamb\u00e9m de 18 anos de idade, moradora em Tocantis MG, que seria ex-namorada do atual namorado da v\u00edtima. Ela foi detida pelos policiais militares, e ainda estava na sede daquele destacamento e teria dito que jogara a garrafa em dire\u00e7\u00e3o \u00e1 v\u00edtima movida por ci\u00fames mas n\u00e3o teria inten\u00e7\u00e3o de matar.<\/p>\n<p>Outra situa\u00e7\u00e3o relevante que dever\u00e1 ter implica\u00e7\u00f5es graves na ocorr\u00eancia \u00e9 a venda de bebidas em garrafas de vidro, que segundo a Pol\u00edcia Militar foi vedada em reuni\u00e3o ocorrida antes do in\u00edcio do evento onde participam organizadores, Pol\u00edcia Militar e outras entidades.<\/p>\n<p>A Exposi\u00e7\u00e3o de Rio Pomba tem seu t\u00e9rmino previsto para este domingo 26\/08.<\/p>\n<p>A ocorr\u00eancia segue em andamento . Atualiza\u00e7\u00e3o a qualquer momento.<\/p>\n<p><strong>REPORTAGEM KADU FONTANA.<\/strong><\/p>\n","protected":false},"excerpt":{"rendered":"<p>Uma jovem, estudante na cidade de Rio Pomba, de 18<\/p>\n","protected":false},"author":2,"featured_media":6947,"comment_status":"open","ping_status":"open","sticky":false,"template":"","format":"standard","meta":{"footnotes":""},"categories":[1],"tags":[],"class_list":["post-6941","post","type-post","status-publish","format-standard","has-post-thumbnail","hentry","category-sem-categoria"],"yoast_head":"<!-- This site is optimized with the Yoast SEO plugin v27.2 - https:\/\/yoast.com\/product\/yoast-seo-wordpress\/ -->\n<title>Estudante de 18 anos morre em festa na cidade de Rio Pomba - Ub\u00e1 News<\/title>\n<meta name=\"robots\" content=\"index, follow, max-snippet:-1, max-image-preview:large, max-video-preview:-1\" \/>\n<link rel=\"canonical\" href=\"https:\/\/ubanews.com\/site\/2018\/08\/25\/jovem-de-18-anos-morre-em-festa-na-cidade-de-rio-pomba\/\" \/>\n<meta property=\"og:locale\" content=\"pt_BR\" \/>\n<meta property=\"og:type\" content=\"article\" \/>\n<meta property=\"og:title\" content=\"Estudante de 18 anos morre em festa na cidade de Rio Pomba - Ub\u00e1 News\" \/>\n<meta property=\"og:description\" content=\"Uma jovem, estudante na cidade de Rio Pomba, de 18\" \/>\n<meta property=\"og:url\" content=\"https:\/\/ubanews.com\/site\/2018\/08\/25\/jovem-de-18-anos-morre-em-festa-na-cidade-de-rio-pomba\/\" \/>\n<meta property=\"og:site_name\" content=\"Ub\u00e1 News\" \/>\n<meta property=\"article:publisher\" content=\"https:\/\/www.facebook.com\/Ub%c3%a1News-Carlos-Roberto-Sodr%c3%a9-418778301977370\" \/>\n<meta property=\"article:author\" content=\"https:\/\/www.facebook.com\/carosroberto.sodre.5\/\" \/>\n<meta property=\"article:published_time\" content=\"2018-08-25T16:27:40+00:00\" \/>\n<meta property=\"article:modified_time\" content=\"2018-09-02T01:18:16+00:00\" \/>\n<meta property=\"og:image\" content=\"https:\/\/ubanews.com\/site\/wp-content\/uploads\/2018\/08\/060.jpg\" \/>\n\t<meta property=\"og:image:width\" content=\"800\" \/>\n\t<meta property=\"og:image:height\" content=\"389\" \/>\n\t<meta property=\"og:image:type\" content=\"image\/jpeg\" \/>\n<meta name=\"author\" content=\"Sodr\u00e9\" \/>\n<meta name=\"twitter:card\" content=\"summary_large_image\" \/>\n<meta name=\"twitter:label1\" content=\"Escrito por\" \/>\n\t<meta name=\"twitter:data1\" content=\"Sodr\u00e9\" \/>\n\t<meta name=\"twitter:label2\" content=\"Est. tempo de leitura\" \/>\n\t<meta name=\"twitter:data2\" content=\"2 minutos\" \/>\n<script type=\"application\/ld+json\" class=\"yoast-schema-graph\">{\"@context\":\"https:\/\/schema.org\",\"@graph\":[{\"@type\":\"Article\",\"@id\":\"https:\/\/ubanews.com\/site\/2018\/08\/25\/jovem-de-18-anos-morre-em-festa-na-cidade-de-rio-pomba\/#article\",\"isPartOf\":{\"@id\":\"https:\/\/ubanews.com\/site\/2018\/08\/25\/jovem-de-18-anos-morre-em-festa-na-cidade-de-rio-pomba\/\"},\"author\":{\"name\":\"Sodr\u00e9\",\"@id\":\"https:\/\/ubanews.com\/site\/#\/schema\/person\/d90c9e47252fbb63dcc969fe4c8b9d10\"},\"headline\":\"Estudante de 18 anos morre em festa na cidade de Rio Pomba\",\"datePublished\":\"2018-08-25T16:27:40+00:00\",\"dateModified\":\"2018-09-02T01:18:16+00:00\",\"mainEntityOfPage\":{\"@id\":\"https:\/\/ubanews.com\/site\/2018\/08\/25\/jovem-de-18-anos-morre-em-festa-na-cidade-de-rio-pomba\/\"},\"wordCount\":354,\"commentCount\":0,\"publisher\":{\"@id\":\"https:\/\/ubanews.com\/site\/#organization\"},\"image\":{\"@id\":\"https:\/\/ubanews.com\/site\/2018\/08\/25\/jovem-de-18-anos-morre-em-festa-na-cidade-de-rio-pomba\/#primaryimage\"},\"thumbnailUrl\":\"https:\/\/ubanews.com\/site\/wp-content\/uploads\/2018\/08\/060.jpg\",\"articleSection\":[\"Geral\"],\"inLanguage\":\"pt-BR\",\"potentialAction\":[{\"@type\":\"CommentAction\",\"name\":\"Comment\",\"target\":[\"https:\/\/ubanews.com\/site\/2018\/08\/25\/jovem-de-18-anos-morre-em-festa-na-cidade-de-rio-pomba\/#respond\"]}]},{\"@type\":\"WebPage\",\"@id\":\"https:\/\/ubanews.com\/site\/2018\/08\/25\/jovem-de-18-anos-morre-em-festa-na-cidade-de-rio-pomba\/\",\"url\":\"https:\/\/ubanews.com\/site\/2018\/08\/25\/jovem-de-18-anos-morre-em-festa-na-cidade-de-rio-pomba\/\",\"name\":\"Estudante de 18 anos morre em festa na cidade de Rio Pomba - Ub\u00e1 News\",\"isPartOf\":{\"@id\":\"https:\/\/ubanews.com\/site\/#website\"},\"primaryImageOfPage\":{\"@id\":\"https:\/\/ubanews.com\/site\/2018\/08\/25\/jovem-de-18-anos-morre-em-festa-na-cidade-de-rio-pomba\/#primaryimage\"},\"image\":{\"@id\":\"https:\/\/ubanews.com\/site\/2018\/08\/25\/jovem-de-18-anos-morre-em-festa-na-cidade-de-rio-pomba\/#primaryimage\"},\"thumbnailUrl\":\"https:\/\/ubanews.com\/site\/wp-content\/uploads\/2018\/08\/060.jpg\",\"datePublished\":\"2018-08-25T16:27:40+00:00\",\"dateModified\":\"2018-09-02T01:18:16+00:00\",\"breadcrumb\":{\"@id\":\"https:\/\/ubanews.com\/site\/2018\/08\/25\/jovem-de-18-anos-morre-em-festa-na-cidade-de-rio-pomba\/#breadcrumb\"},\"inLanguage\":\"pt-BR\",\"potentialAction\":[{\"@type\":\"ReadAction\",\"target\":[\"https:\/\/ubanews.com\/site\/2018\/08\/25\/jovem-de-18-anos-morre-em-festa-na-cidade-de-rio-pomba\/\"]}]},{\"@type\":\"ImageObject\",\"inLanguage\":\"pt-BR\",\"@id\":\"https:\/\/ubanews.com\/site\/2018\/08\/25\/jovem-de-18-anos-morre-em-festa-na-cidade-de-rio-pomba\/#primaryimage\",\"url\":\"https:\/\/ubanews.com\/site\/wp-content\/uploads\/2018\/08\/060.jpg\",\"contentUrl\":\"https:\/\/ubanews.com\/site\/wp-content\/uploads\/2018\/08\/060.jpg\",\"width\":800,\"height\":389},{\"@type\":\"BreadcrumbList\",\"@id\":\"https:\/\/ubanews.com\/site\/2018\/08\/25\/jovem-de-18-anos-morre-em-festa-na-cidade-de-rio-pomba\/#breadcrumb\",\"itemListElement\":[{\"@type\":\"ListItem\",\"position\":1,\"name\":\"Home\",\"item\":\"https:\/\/ubanews.com\/site\/\"},{\"@type\":\"ListItem\",\"position\":2,\"name\":\"Estudante de 18 anos morre em festa na cidade de Rio Pomba\"}]},{\"@type\":\"WebSite\",\"@id\":\"https:\/\/ubanews.com\/site\/#website\",\"url\":\"https:\/\/ubanews.com\/site\/\",\"name\":\"Ub\u00e1 News\",\"description\":\"\",\"publisher\":{\"@id\":\"https:\/\/ubanews.com\/site\/#organization\"},\"potentialAction\":[{\"@type\":\"SearchAction\",\"target\":{\"@type\":\"EntryPoint\",\"urlTemplate\":\"https:\/\/ubanews.com\/site\/?s={search_term_string}\"},\"query-input\":{\"@type\":\"PropertyValueSpecification\",\"valueRequired\":true,\"valueName\":\"search_term_string\"}}],\"inLanguage\":\"pt-BR\"},{\"@type\":\"Organization\",\"@id\":\"https:\/\/ubanews.com\/site\/#organization\",\"name\":\"Ub\u00e1 News\",\"url\":\"https:\/\/ubanews.com\/site\/\",\"logo\":{\"@type\":\"ImageObject\",\"inLanguage\":\"pt-BR\",\"@id\":\"https:\/\/ubanews.com\/site\/#\/schema\/logo\/image\/\",\"url\":\"https:\/\/ubanews.com\/site\/wp-content\/uploads\/2018\/01\/logoubanews.png\",\"contentUrl\":\"https:\/\/ubanews.com\/site\/wp-content\/uploads\/2018\/01\/logoubanews.png\",\"width\":261,\"height\":99,\"caption\":\"Ub\u00e1 News\"},\"image\":{\"@id\":\"https:\/\/ubanews.com\/site\/#\/schema\/logo\/image\/\"},\"sameAs\":[\"https:\/\/www.facebook.com\/Ub\u00e1News-Carlos-Roberto-Sodr\u00e9-418778301977370\"]},{\"@type\":\"Person\",\"@id\":\"https:\/\/ubanews.com\/site\/#\/schema\/person\/d90c9e47252fbb63dcc969fe4c8b9d10\",\"name\":\"Sodr\u00e9\",\"image\":{\"@type\":\"ImageObject\",\"inLanguage\":\"pt-BR\",\"@id\":\"https:\/\/secure.gravatar.com\/avatar\/5ba2793f0590b9dbfad3fdec4ee714485b3eef211c9b32ee53d414060454a56c?s=96&d=mm&r=g\",\"url\":\"https:\/\/secure.gravatar.com\/avatar\/5ba2793f0590b9dbfad3fdec4ee714485b3eef211c9b32ee53d414060454a56c?s=96&d=mm&r=g\",\"contentUrl\":\"https:\/\/secure.gravatar.com\/avatar\/5ba2793f0590b9dbfad3fdec4ee714485b3eef211c9b32ee53d414060454a56c?s=96&d=mm&r=g\",\"caption\":\"Sodr\u00e9\"},\"sameAs\":[\"https:\/\/www.facebook.com\/carosroberto.sodre.5\/\"],\"url\":\"https:\/\/ubanews.com\/site\/author\/felipe\/\"}]}<\/script>\n<!-- \/ Yoast SEO plugin. -->","yoast_head_json":{"title":"Estudante de 18 anos morre em festa na cidade de Rio Pomba - Ub\u00e1 News","robots":{"index":"index","follow":"follow","max-snippet":"max-snippet:-1","max-image-preview":"max-image-preview:large","max-video-preview":"max-video-preview:-1"},"canonical":"https:\/\/ubanews.com\/site\/2018\/08\/25\/jovem-de-18-anos-morre-em-festa-na-cidade-de-rio-pomba\/","og_locale":"pt_BR","og_type":"article","og_title":"Estudante de 18 anos morre em festa na cidade de Rio Pomba - Ub\u00e1 News","og_description":"Uma jovem, estudante na cidade de Rio Pomba, de 18","og_url":"https:\/\/ubanews.com\/site\/2018\/08\/25\/jovem-de-18-anos-morre-em-festa-na-cidade-de-rio-pomba\/","og_site_name":"Ub\u00e1 News","article_publisher":"https:\/\/www.facebook.com\/Ub%c3%a1News-Carlos-Roberto-Sodr%c3%a9-418778301977370","article_author":"https:\/\/www.facebook.com\/carosroberto.sodre.5\/","article_published_time":"2018-08-25T16:27:40+00:00","article_modified_time":"2018-09-02T01:18:16+00:00","og_image":[{"width":800,"height":389,"url":"https:\/\/ubanews.com\/site\/wp-content\/uploads\/2018\/08\/060.jpg","type":"image\/jpeg"}],"author":"Sodr\u00e9","twitter_card":"summary_large_image","twitter_misc":{"Escrito por":"Sodr\u00e9","Est. tempo de leitura":"2 minutos"},"schema":{"@context":"https:\/\/schema.org","@graph":[{"@type":"Article","@id":"https:\/\/ubanews.com\/site\/2018\/08\/25\/jovem-de-18-anos-morre-em-festa-na-cidade-de-rio-pomba\/#article","isPartOf":{"@id":"https:\/\/ubanews.com\/site\/2018\/08\/25\/jovem-de-18-anos-morre-em-festa-na-cidade-de-rio-pomba\/"},"author":{"name":"Sodr\u00e9","@id":"https:\/\/ubanews.com\/site\/#\/schema\/person\/d90c9e47252fbb63dcc969fe4c8b9d10"},"headline":"Estudante de 18 anos morre em festa na cidade de Rio Pomba","datePublished":"2018-08-25T16:27:40+00:00","dateModified":"2018-09-02T01:18:16+00:00","mainEntityOfPage":{"@id":"https:\/\/ubanews.com\/site\/2018\/08\/25\/jovem-de-18-anos-morre-em-festa-na-cidade-de-rio-pomba\/"},"wordCount":354,"commentCount":0,"publisher":{"@id":"https:\/\/ubanews.com\/site\/#organization"},"image":{"@id":"https:\/\/ubanews.com\/site\/2018\/08\/25\/jovem-de-18-anos-morre-em-festa-na-cidade-de-rio-pomba\/#primaryimage"},"thumbnailUrl":"https:\/\/ubanews.com\/site\/wp-content\/uploads\/2018\/08\/060.jpg","articleSection":["Geral"],"inLanguage":"pt-BR","potentialAction":[{"@type":"CommentAction","name":"Comment","target":["https:\/\/ubanews.com\/site\/2018\/08\/25\/jovem-de-18-anos-morre-em-festa-na-cidade-de-rio-pomba\/#respond"]}]},{"@type":"WebPage","@id":"https:\/\/ubanews.com\/site\/2018\/08\/25\/jovem-de-18-anos-morre-em-festa-na-cidade-de-rio-pomba\/","url":"https:\/\/ubanews.com\/site\/2018\/08\/25\/jovem-de-18-anos-morre-em-festa-na-cidade-de-rio-pomba\/","name":"Estudante de 18 anos morre em festa na cidade de Rio Pomba - Ub\u00e1 News","isPartOf":{"@id":"https:\/\/ubanews.com\/site\/#website"},"primaryImageOfPage":{"@id":"https:\/\/ubanews.com\/site\/2018\/08\/25\/jovem-de-18-anos-morre-em-festa-na-cidade-de-rio-pomba\/#primaryimage"},"image":{"@id":"https:\/\/ubanews.com\/site\/2018\/08\/25\/jovem-de-18-anos-morre-em-festa-na-cidade-de-rio-pomba\/#primaryimage"},"thumbnailUrl":"https:\/\/ubanews.com\/site\/wp-content\/uploads\/2018\/08\/060.jpg","datePublished":"2018-08-25T16:27:40+00:00","dateModified":"2018-09-02T01:18:16+00:00","breadcrumb":{"@id":"https:\/\/ubanews.com\/site\/2018\/08\/25\/jovem-de-18-anos-morre-em-festa-na-cidade-de-rio-pomba\/#breadcrumb"},"inLanguage":"pt-BR","potentialAction":[{"@type":"ReadAction","target":["https:\/\/ubanews.com\/site\/2018\/08\/25\/jovem-de-18-anos-morre-em-festa-na-cidade-de-rio-pomba\/"]}]},{"@type":"ImageObject","inLanguage":"pt-BR","@id":"https:\/\/ubanews.com\/site\/2018\/08\/25\/jovem-de-18-anos-morre-em-festa-na-cidade-de-rio-pomba\/#primaryimage","url":"https:\/\/ubanews.com\/site\/wp-content\/uploads\/2018\/08\/060.jpg","contentUrl":"https:\/\/ubanews.com\/site\/wp-content\/uploads\/2018\/08\/060.jpg","width":800,"height":389},{"@type":"BreadcrumbList","@id":"https:\/\/ubanews.com\/site\/2018\/08\/25\/jovem-de-18-anos-morre-em-festa-na-cidade-de-rio-pomba\/#breadcrumb","itemListElement":[{"@type":"ListItem","position":1,"name":"Home","item":"https:\/\/ubanews.com\/site\/"},{"@type":"ListItem","position":2,"name":"Estudante de 18 anos morre em festa na cidade de Rio Pomba"}]},{"@type":"WebSite","@id":"https:\/\/ubanews.com\/site\/#website","url":"https:\/\/ubanews.com\/site\/","name":"Ub\u00e1 News","description":"","publisher":{"@id":"https:\/\/ubanews.com\/site\/#organization"},"potentialAction":[{"@type":"SearchAction","target":{"@type":"EntryPoint","urlTemplate":"https:\/\/ubanews.com\/site\/?s={search_term_string}"},"query-input":{"@type":"PropertyValueSpecification","valueRequired":true,"valueName":"search_term_string"}}],"inLanguage":"pt-BR"},{"@type":"Organization","@id":"https:\/\/ubanews.com\/site\/#organization","name":"Ub\u00e1 News","url":"https:\/\/ubanews.com\/site\/","logo":{"@type":"ImageObject","inLanguage":"pt-BR","@id":"https:\/\/ubanews.com\/site\/#\/schema\/logo\/image\/","url":"https:\/\/ubanews.com\/site\/wp-content\/uploads\/2018\/01\/logoubanews.png","contentUrl":"https:\/\/ubanews.com\/site\/wp-content\/uploads\/2018\/01\/logoubanews.png","width":261,"height":99,"caption":"Ub\u00e1 News"},"image":{"@id":"https:\/\/ubanews.com\/site\/#\/schema\/logo\/image\/"},"sameAs":["https:\/\/www.facebook.com\/Ub\u00e1News-Carlos-Roberto-Sodr\u00e9-418778301977370"]},{"@type":"Person","@id":"https:\/\/ubanews.com\/site\/#\/schema\/person\/d90c9e47252fbb63dcc969fe4c8b9d10","name":"Sodr\u00e9","image":{"@type":"ImageObject","inLanguage":"pt-BR","@id":"https:\/\/secure.gravatar.com\/avatar\/5ba2793f0590b9dbfad3fdec4ee714485b3eef211c9b32ee53d414060454a56c?s=96&d=mm&r=g","url":"https:\/\/secure.gravatar.com\/avatar\/5ba2793f0590b9dbfad3fdec4ee714485b3eef211c9b32ee53d414060454a56c?s=96&d=mm&r=g","contentUrl":"https:\/\/secure.gravatar.com\/avatar\/5ba2793f0590b9dbfad3fdec4ee714485b3eef211c9b32ee53d414060454a56c?s=96&d=mm&r=g","caption":"Sodr\u00e9"},"sameAs":["https:\/\/www.facebook.com\/carosroberto.sodre.5\/"],"url":"https:\/\/ubanews.com\/site\/author\/felipe\/"}]}},"_links":{"self":[{"href":"https:\/\/ubanews.com\/site\/wp-json\/wp\/v2\/posts\/6941","targetHints":{"allow":["GET"]}}],"collection":[{"href":"https:\/\/ubanews.com\/site\/wp-json\/wp\/v2\/posts"}],"about":[{"href":"https:\/\/ubanews.com\/site\/wp-json\/wp\/v2\/types\/post"}],"author":[{"embeddable":true,"href":"https:\/\/ubanews.com\/site\/wp-json\/wp\/v2\/users\/2"}],"replies":[{"embeddable":true,"href":"https:\/\/ubanews.com\/site\/wp-json\/wp\/v2\/comments?post=6941"}],"version-history":[{"count":0,"href":"https:\/\/ubanews.com\/site\/wp-json\/wp\/v2\/posts\/6941\/revisions"}],"wp:featuredmedia":[{"embeddable":true,"href":"https:\/\/ubanews.com\/site\/wp-json\/wp\/v2\/media\/6947"}],"wp:attachment":[{"href":"https:\/\/ubanews.com\/site\/wp-json\/wp\/v2\/media?parent=6941"}],"wp:term":[{"taxonomy":"category","embeddable":true,"href":"https:\/\/ubanews.com\/site\/wp-json\/wp\/v2\/categories?post=6941"},{"taxonomy":"post_tag","embeddable":true,"href":"https:\/\/ubanews.com\/site\/wp-json\/wp\/v2\/tags?post=6941"}],"curies":[{"name":"wp","href":"https:\/\/api.w.org\/{rel}","templated":true}]}}