{"id":6931,"date":"2018-08-28T11:39:59","date_gmt":"2018-08-28T14:39:59","guid":{"rendered":"http:\/\/ubanews.com\/site\/?p=6931"},"modified":"2019-04-18T13:11:05","modified_gmt":"2019-04-18T16:11:05","slug":"6931","status":"publish","type":"post","link":"https:\/\/ubanews.com\/site\/2018\/08\/28\/6931\/","title":{"rendered":"Jovem sofre h\u00e1 quinze anos e hoje precisa de ajuda para fazer cirurgia"},"content":{"rendered":"<p><a href=\"https:\/\/ubanews.com\/site\/wp-content\/uploads\/2018\/08\/056.jpg\"><img decoding=\"async\" class=\"alignnone wp-image-6936 size-full lazyload\" data-src=\"https:\/\/ubanews.com\/site\/wp-content\/uploads\/2018\/08\/056.jpg\" alt=\"\" width=\"800\" height=\"457\" data-srcset=\"https:\/\/ubanews.com\/site\/wp-content\/uploads\/2018\/08\/056.jpg 800w, https:\/\/ubanews.com\/site\/wp-content\/uploads\/2018\/08\/056-300x171.jpg 300w, https:\/\/ubanews.com\/site\/wp-content\/uploads\/2018\/08\/056-768x439.jpg 768w\" data-sizes=\"(max-width: 800px) 100vw, 800px\" src=\"data:image\/svg+xml;base64,PHN2ZyB3aWR0aD0iMSIgaGVpZ2h0PSIxIiB4bWxucz0iaHR0cDovL3d3dy53My5vcmcvMjAwMC9zdmciPjwvc3ZnPg==\" style=\"--smush-placeholder-width: 800px; --smush-placeholder-aspect-ratio: 800\/457;\" \/><\/a>Tudo come\u00e7a no ano de 2003 na cidade de Ub\u00e1 durante uma atividade no hor\u00e1rio reservado para a aula de educa\u00e7\u00e3o f\u00edsica na escola estadual Dep. Carlos Peixoto Filho: Polivalente. Num lance comum durante um jogo de futsal entre alunos do oitavo ano do ensino fundamental um jovem de 15 anos ao aplicar um \u201clen\u00e7ol\u201d no goleiro advers\u00e1rio d\u00e1 um pique para tentar fazer o gol e nessa corrida ao tocar na bola para fazer o gol sente um desconforto muito grande na virilha. Tal dor o fez parar sua atividade e se dirigir para a pr\u00f3xima aula mancando um pouco. Ap\u00f3s o desconforto durante a educa\u00e7\u00e3o f\u00edsica o jovem preferiu ficar aproximadamente trinta dias longe das quadras e campos de futebol para tentar se recuperar como j\u00e1 havia acontecido em algumas outras ocasi\u00f5es. Exemplo de julho de 2002 quando durante um treino na escolinha de futebol: Bandeirantes, ap\u00f3s alguns exerc\u00edcios nos treinos ele sentiu algumas dores na virilha e ent\u00e3o decidiu abandonar as idas aos treinos para ver se melhorava. Com a melhora voltou a treinar na escolinha do Industrial por algum tempo, mas as dores continuaram e com isso ele resolveu parar.<\/p>\n<p>Diante das dores o jovem resolveu ir consultar com um ortopedista e na primeira consulta foi diagnosticado com tendinite e foi receitado alguns antiinflamat\u00f3rios e inje\u00e7\u00e3o para cortar a dor. Passado quinze dias desde o diagn\u00f3stico m\u00e9dico e ter tomado a medica\u00e7\u00e3o as dores diminu\u00edram drasticamente e ao buscar sua irm\u00e3 das aulas de catecismo ao retornar para casa trope\u00e7ou numa pedra em frente sua resid\u00eancia. As dores foram extremamente fortes e a partir de ent\u00e3o nunca mais se cessaram. Rapidamente foi marcado uma nova consulta com o mesmo ortopedista que continuou indicando que o problema era tendinite e que as dores no joelho deveriam passar. Receitou nova inje\u00e7\u00e3o e informou que o jovem n\u00e3o poderia parar de andar deveria todos os dias fazer caminhadas para as dores pararem. O m\u00e9dico se baseou em exames de imagem feitos no joelho.<\/p>\n<p>Com o passar dos meses as dores so pioravam e as caminhadas ficavam cada dia mais dif\u00edceis. Eram feitas compressas de \u00e1gua quente e se colocava gelo para ver se diminu\u00edam as dores, mas nada de aliviar as fortes dores que atingiam principalmente o joelho. Nessas idas e vindas as consultas ao trocar de m\u00e9dico foi feito o diagn\u00f3tico de que o jovemhavia sofrido uma luxa\u00e7\u00e3o (deslocamento) no quadril lado direito.<\/p>\n<p>Ap\u00f3s uma tentativa frustrada da cirurgia na cidade de Ub\u00e1 o jovem foi transferido para a cidade de Belo Horizonte. O osso do f\u00eamur foi recolocado no local e fixado com dois parafusos. Passados seis meses ap\u00f3s essa cirurgia no m\u00eas de abril de 2004 o jovem teve que se submeter a uma nova cirurgia para a retirada dos parafusos. Ap\u00f3s essa \u00faltima cirurgia o m\u00e9dico fez v\u00e1rias recomenda\u00e7\u00f5es que foram seguidas pelo paciente para que se pudesse evitar novos problemas com o quadril. Aos poucos a vida desse jovem foi sendo retomada e passados 15 anos exatos ap\u00f3s todo o processo operat\u00f3rio o quadril novamente voltou a trazer problemas.<\/p>\n<p>H\u00e1 aproximadamente um ano as dores voltaram a encomodar o quadril. Novamente dores fortes como as que foram vivenciadas no fat\u00eddico ano de 2003 retornaram com a mesma dimens\u00e3o em algumas situa\u00e7\u00f5es. Ap\u00f3s serem realizados v\u00e1rios exames de imagem para se verificar o que estava acontecendo, descobriu que al\u00e9m desse quadril estar com:<\/p>\n<ul>\n<li><strong>Artrose:<\/strong> \u201c\u00e9 uma doen\u00e7a que ataca as articula\u00e7\u00f5es promovendo, principalmente, o desgaste da cartilagem que recobre as extremidades dos ossos. Seu comprometimento pode gerar dor , incha\u00e7o e limita\u00e7\u00e3o funcional\u201d;<\/li>\n<li><strong>Necrose avascular:<\/strong> \u201cA&nbsp;<strong>necrose avascular<\/strong>\u00e9 a morte do tecido \u00f3sseo devido a uma falta de suprimento sangu\u00edneo. Tamb\u00e9m chamada&nbsp;<strong>osteonecrose<\/strong>, pode levar a pequenas rachaduras e eventual colapso do osso. O fluxo sangu\u00edneo para uma parte do osso pode ser interrompido se o osso \u00e9 fraturado ou a articula\u00e7\u00e3o fica deslocada (luxada)\u201d;<\/li>\n<li><strong>Pseudoartrose:<\/strong> \u201cA defini\u00e7\u00e3o gen\u00e9rica de&nbsp;<strong>pseudartrose<\/strong>\u00e9 \u201cArticula\u00e7\u00e3o anormal entre as extremidades de uma fratura cuja consolida\u00e7\u00e3o n\u00e3o chegou a fazer-se\u201d. Em suma, a pseudartrose ocorre quando, seguido a uma fratura, ou mesmo a uma&nbsp;artrose, acontece um retardo na consolida\u00e7\u00e3o do(s) osso(s) envolvido(s), por conta de procedimentos equivocados ou mesmo depois de j\u00e1 terem sido aplicadas as t\u00e9cnicas devidas. N\u00e3o h\u00e1 uma causa definida como respons\u00e1vel pela ocorr\u00eancia da pseudartrose, mas, na maioria dos casos, uma grande respons\u00e1vel por esse quadro \u00e9 uma circula\u00e7\u00e3o sangu\u00ednea deficiente\u201d;<\/li>\n<li><strong>Pequeno derrame intra articular:<\/strong> \u201cO&nbsp;derrame articularconsiste no ac\u00famulo de l\u00edquido em uma articula\u00e7\u00e3o do corpo, provocado por pancadas, quedas, infec\u00e7\u00f5es ou doen\u00e7as articulares cr\u00f4nicas, como artrite reumatoide ou gota. Popularmente \u00e9 chamado de &#8216;\u00e1gua no joelho&#8217;.\u201d<\/li>\n<\/ul>\n<p><a href=\"https:\/\/ubanews.com\/site\/wp-content\/uploads\/2018\/08\/DSC_5551.jpg\"><img decoding=\"async\" class=\"alignnone wp-image-6938 size-full lazyload\" data-src=\"https:\/\/ubanews.com\/site\/wp-content\/uploads\/2018\/08\/DSC_5551.jpg\" alt=\"\" width=\"800\" height=\"457\" data-srcset=\"https:\/\/ubanews.com\/site\/wp-content\/uploads\/2018\/08\/DSC_5551.jpg 800w, https:\/\/ubanews.com\/site\/wp-content\/uploads\/2018\/08\/DSC_5551-300x171.jpg 300w, https:\/\/ubanews.com\/site\/wp-content\/uploads\/2018\/08\/DSC_5551-768x439.jpg 768w\" data-sizes=\"(max-width: 800px) 100vw, 800px\" src=\"data:image\/svg+xml;base64,PHN2ZyB3aWR0aD0iMSIgaGVpZ2h0PSIxIiB4bWxucz0iaHR0cDovL3d3dy53My5vcmcvMjAwMC9zdmciPjwvc3ZnPg==\" style=\"--smush-placeholder-width: 800px; --smush-placeholder-aspect-ratio: 800\/457;\" \/><\/a><\/p>\n<p>Al\u00e9m dessas patologias ainda esse quadril direito apresenta: Severa altera\u00e7\u00e3o da morfologia, trabeculado \u00f3sseo, com cistos, esclerose, perda da esfericidade da articula\u00e7\u00e3o coxo femural direita. Ap\u00f3s realizado os exames o m\u00e9dico informou que ser\u00e1 necess\u00e1rio uma nova interven\u00e7\u00e3o cir\u00fargica para a coloca\u00e7\u00e3o de uma pr\u00f3tese.<\/p>\n<p>Tal pr\u00f3tese n\u00e3o deve ser de m\u00e1 qualidade devido a dura\u00e7\u00e3o que cada uma pode proporcionar ao paciente. As mesmas normalmente s\u00e3o utilizadas em pessoas com maior idade devido ao desgaste do quadril. A mesma dever\u00e1 ser importada e ter\u00e1 uma combina\u00e7\u00e3o de materiais de cer\u00e2mica com polietileno (pl\u00e1stico). Tal pr\u00f3tese n\u00e3o s\u00f3 ajudar\u00e1 o jovem a retornar a ter uma vida livre do amparo da muleta que o acompanha durante os quinze anos como tamb\u00e9m ir\u00e1 \u201clivr\u00e1-lo\u201d das dores que ainda se fazem presente mesmo passados quinze anos. Hoje o procedimento cir\u00fargido fica em R$ 32.000,00. Quem puder ajudar de alguma forma com algum valor segue os dados banc\u00e1rios:<\/p>\n<p>Banco Santander<\/p>\n<p>Ag: 3340<\/p>\n<p>C\/P: 60002584-1<\/p>\n<p>Israel Santiago de Moura<\/p>\n<p>32 9 8497 6897 &#8211; 32 3021 7763<\/p>\n<div style=\"position: relative; height: 0; padding-bottom: 56.25%;\"><iframe style=\"position: absolute; width: 100%; height: 100%; left: 0;\" data-src=\"https:\/\/www.youtube.com\/embed\/mlDxOdaa6VY?ecver=2\" width=\"640\" height=\"360\" frameborder=\"0\" allowfullscreen=\"allowfullscreen\" src=\"data:image\/svg+xml;base64,PHN2ZyB3aWR0aD0iMSIgaGVpZ2h0PSIxIiB4bWxucz0iaHR0cDovL3d3dy53My5vcmcvMjAwMC9zdmciPjwvc3ZnPg==\" class=\"lazyload\" data-load-mode=\"1\"><\/iframe><\/div>\n<p>&nbsp;<\/p>\n","protected":false},"excerpt":{"rendered":"<p>Tudo come\u00e7a no ano de 2003 na cidade de Ub\u00e1<\/p>\n","protected":false},"author":2,"featured_media":6933,"comment_status":"open","ping_status":"open","sticky":false,"template":"","format":"standard","meta":{"footnotes":""},"categories":[18],"tags":[],"class_list":["post-6931","post","type-post","status-publish","format-standard","has-post-thumbnail","hentry","category-tv"],"yoast_head":"<!-- This site is optimized with the Yoast SEO plugin v27.2 - https:\/\/yoast.com\/product\/yoast-seo-wordpress\/ -->\n<title>Jovem sofre h\u00e1 quinze anos e hoje precisa de ajuda para fazer cirurgia - Ub\u00e1 News<\/title>\n<meta name=\"robots\" content=\"index, follow, max-snippet:-1, max-image-preview:large, max-video-preview:-1\" \/>\n<link rel=\"canonical\" href=\"https:\/\/ubanews.com\/site\/2018\/08\/28\/6931\/\" \/>\n<meta property=\"og:locale\" content=\"pt_BR\" \/>\n<meta property=\"og:type\" content=\"article\" \/>\n<meta property=\"og:title\" content=\"Jovem sofre h\u00e1 quinze anos e hoje precisa de ajuda para fazer cirurgia - Ub\u00e1 News\" \/>\n<meta property=\"og:description\" content=\"Tudo come\u00e7a no ano de 2003 na cidade de Ub\u00e1\" \/>\n<meta property=\"og:url\" content=\"https:\/\/ubanews.com\/site\/2018\/08\/28\/6931\/\" \/>\n<meta property=\"og:site_name\" content=\"Ub\u00e1 News\" \/>\n<meta property=\"article:publisher\" content=\"https:\/\/www.facebook.com\/Ub%c3%a1News-Carlos-Roberto-Sodr%c3%a9-418778301977370\" \/>\n<meta property=\"article:author\" content=\"https:\/\/www.facebook.com\/carosroberto.sodre.5\/\" \/>\n<meta property=\"article:published_time\" content=\"2018-08-28T14:39:59+00:00\" \/>\n<meta property=\"article:modified_time\" content=\"2019-04-18T16:11:05+00:00\" \/>\n<meta property=\"og:image\" content=\"https:\/\/ubanews.com\/site\/wp-content\/uploads\/2018\/08\/055.jpg\" \/>\n\t<meta property=\"og:image:width\" content=\"800\" \/>\n\t<meta property=\"og:image:height\" content=\"389\" \/>\n\t<meta property=\"og:image:type\" content=\"image\/jpeg\" \/>\n<meta name=\"author\" content=\"Sodr\u00e9\" \/>\n<meta name=\"twitter:card\" content=\"summary_large_image\" \/>\n<meta name=\"twitter:label1\" content=\"Escrito por\" \/>\n\t<meta name=\"twitter:data1\" content=\"Sodr\u00e9\" \/>\n\t<meta name=\"twitter:label2\" content=\"Est. tempo de leitura\" \/>\n\t<meta name=\"twitter:data2\" content=\"5 minutos\" \/>\n<script type=\"application\/ld+json\" class=\"yoast-schema-graph\">{\"@context\":\"https:\/\/schema.org\",\"@graph\":[{\"@type\":\"Article\",\"@id\":\"https:\/\/ubanews.com\/site\/2018\/08\/28\/6931\/#article\",\"isPartOf\":{\"@id\":\"https:\/\/ubanews.com\/site\/2018\/08\/28\/6931\/\"},\"author\":{\"name\":\"Sodr\u00e9\",\"@id\":\"https:\/\/ubanews.com\/site\/#\/schema\/person\/d90c9e47252fbb63dcc969fe4c8b9d10\"},\"headline\":\"Jovem sofre h\u00e1 quinze anos e hoje precisa de ajuda para fazer cirurgia\",\"datePublished\":\"2018-08-28T14:39:59+00:00\",\"dateModified\":\"2019-04-18T16:11:05+00:00\",\"mainEntityOfPage\":{\"@id\":\"https:\/\/ubanews.com\/site\/2018\/08\/28\/6931\/\"},\"wordCount\":1046,\"commentCount\":0,\"publisher\":{\"@id\":\"https:\/\/ubanews.com\/site\/#organization\"},\"image\":{\"@id\":\"https:\/\/ubanews.com\/site\/2018\/08\/28\/6931\/#primaryimage\"},\"thumbnailUrl\":\"https:\/\/ubanews.com\/site\/wp-content\/uploads\/2018\/08\/055.jpg\",\"articleSection\":[\"TV\"],\"inLanguage\":\"pt-BR\",\"potentialAction\":[{\"@type\":\"CommentAction\",\"name\":\"Comment\",\"target\":[\"https:\/\/ubanews.com\/site\/2018\/08\/28\/6931\/#respond\"]}]},{\"@type\":\"WebPage\",\"@id\":\"https:\/\/ubanews.com\/site\/2018\/08\/28\/6931\/\",\"url\":\"https:\/\/ubanews.com\/site\/2018\/08\/28\/6931\/\",\"name\":\"Jovem sofre h\u00e1 quinze anos e hoje precisa de ajuda para fazer cirurgia - Ub\u00e1 News\",\"isPartOf\":{\"@id\":\"https:\/\/ubanews.com\/site\/#website\"},\"primaryImageOfPage\":{\"@id\":\"https:\/\/ubanews.com\/site\/2018\/08\/28\/6931\/#primaryimage\"},\"image\":{\"@id\":\"https:\/\/ubanews.com\/site\/2018\/08\/28\/6931\/#primaryimage\"},\"thumbnailUrl\":\"https:\/\/ubanews.com\/site\/wp-content\/uploads\/2018\/08\/055.jpg\",\"datePublished\":\"2018-08-28T14:39:59+00:00\",\"dateModified\":\"2019-04-18T16:11:05+00:00\",\"breadcrumb\":{\"@id\":\"https:\/\/ubanews.com\/site\/2018\/08\/28\/6931\/#breadcrumb\"},\"inLanguage\":\"pt-BR\",\"potentialAction\":[{\"@type\":\"ReadAction\",\"target\":[\"https:\/\/ubanews.com\/site\/2018\/08\/28\/6931\/\"]}]},{\"@type\":\"ImageObject\",\"inLanguage\":\"pt-BR\",\"@id\":\"https:\/\/ubanews.com\/site\/2018\/08\/28\/6931\/#primaryimage\",\"url\":\"https:\/\/ubanews.com\/site\/wp-content\/uploads\/2018\/08\/055.jpg\",\"contentUrl\":\"https:\/\/ubanews.com\/site\/wp-content\/uploads\/2018\/08\/055.jpg\",\"width\":800,\"height\":389},{\"@type\":\"BreadcrumbList\",\"@id\":\"https:\/\/ubanews.com\/site\/2018\/08\/28\/6931\/#breadcrumb\",\"itemListElement\":[{\"@type\":\"ListItem\",\"position\":1,\"name\":\"Home\",\"item\":\"https:\/\/ubanews.com\/site\/\"},{\"@type\":\"ListItem\",\"position\":2,\"name\":\"Jovem sofre h\u00e1 quinze anos e hoje precisa de ajuda para fazer cirurgia\"}]},{\"@type\":\"WebSite\",\"@id\":\"https:\/\/ubanews.com\/site\/#website\",\"url\":\"https:\/\/ubanews.com\/site\/\",\"name\":\"Ub\u00e1 News\",\"description\":\"\",\"publisher\":{\"@id\":\"https:\/\/ubanews.com\/site\/#organization\"},\"potentialAction\":[{\"@type\":\"SearchAction\",\"target\":{\"@type\":\"EntryPoint\",\"urlTemplate\":\"https:\/\/ubanews.com\/site\/?s={search_term_string}\"},\"query-input\":{\"@type\":\"PropertyValueSpecification\",\"valueRequired\":true,\"valueName\":\"search_term_string\"}}],\"inLanguage\":\"pt-BR\"},{\"@type\":\"Organization\",\"@id\":\"https:\/\/ubanews.com\/site\/#organization\",\"name\":\"Ub\u00e1 News\",\"url\":\"https:\/\/ubanews.com\/site\/\",\"logo\":{\"@type\":\"ImageObject\",\"inLanguage\":\"pt-BR\",\"@id\":\"https:\/\/ubanews.com\/site\/#\/schema\/logo\/image\/\",\"url\":\"https:\/\/ubanews.com\/site\/wp-content\/uploads\/2018\/01\/logoubanews.png\",\"contentUrl\":\"https:\/\/ubanews.com\/site\/wp-content\/uploads\/2018\/01\/logoubanews.png\",\"width\":261,\"height\":99,\"caption\":\"Ub\u00e1 News\"},\"image\":{\"@id\":\"https:\/\/ubanews.com\/site\/#\/schema\/logo\/image\/\"},\"sameAs\":[\"https:\/\/www.facebook.com\/Ub\u00e1News-Carlos-Roberto-Sodr\u00e9-418778301977370\"]},{\"@type\":\"Person\",\"@id\":\"https:\/\/ubanews.com\/site\/#\/schema\/person\/d90c9e47252fbb63dcc969fe4c8b9d10\",\"name\":\"Sodr\u00e9\",\"image\":{\"@type\":\"ImageObject\",\"inLanguage\":\"pt-BR\",\"@id\":\"https:\/\/secure.gravatar.com\/avatar\/5ba2793f0590b9dbfad3fdec4ee714485b3eef211c9b32ee53d414060454a56c?s=96&d=mm&r=g\",\"url\":\"https:\/\/secure.gravatar.com\/avatar\/5ba2793f0590b9dbfad3fdec4ee714485b3eef211c9b32ee53d414060454a56c?s=96&d=mm&r=g\",\"contentUrl\":\"https:\/\/secure.gravatar.com\/avatar\/5ba2793f0590b9dbfad3fdec4ee714485b3eef211c9b32ee53d414060454a56c?s=96&d=mm&r=g\",\"caption\":\"Sodr\u00e9\"},\"sameAs\":[\"https:\/\/www.facebook.com\/carosroberto.sodre.5\/\"],\"url\":\"https:\/\/ubanews.com\/site\/author\/felipe\/\"}]}<\/script>\n<!-- \/ Yoast SEO plugin. -->","yoast_head_json":{"title":"Jovem sofre h\u00e1 quinze anos e hoje precisa de ajuda para fazer cirurgia - Ub\u00e1 News","robots":{"index":"index","follow":"follow","max-snippet":"max-snippet:-1","max-image-preview":"max-image-preview:large","max-video-preview":"max-video-preview:-1"},"canonical":"https:\/\/ubanews.com\/site\/2018\/08\/28\/6931\/","og_locale":"pt_BR","og_type":"article","og_title":"Jovem sofre h\u00e1 quinze anos e hoje precisa de ajuda para fazer cirurgia - Ub\u00e1 News","og_description":"Tudo come\u00e7a no ano de 2003 na cidade de Ub\u00e1","og_url":"https:\/\/ubanews.com\/site\/2018\/08\/28\/6931\/","og_site_name":"Ub\u00e1 News","article_publisher":"https:\/\/www.facebook.com\/Ub%c3%a1News-Carlos-Roberto-Sodr%c3%a9-418778301977370","article_author":"https:\/\/www.facebook.com\/carosroberto.sodre.5\/","article_published_time":"2018-08-28T14:39:59+00:00","article_modified_time":"2019-04-18T16:11:05+00:00","og_image":[{"width":800,"height":389,"url":"https:\/\/ubanews.com\/site\/wp-content\/uploads\/2018\/08\/055.jpg","type":"image\/jpeg"}],"author":"Sodr\u00e9","twitter_card":"summary_large_image","twitter_misc":{"Escrito por":"Sodr\u00e9","Est. tempo de leitura":"5 minutos"},"schema":{"@context":"https:\/\/schema.org","@graph":[{"@type":"Article","@id":"https:\/\/ubanews.com\/site\/2018\/08\/28\/6931\/#article","isPartOf":{"@id":"https:\/\/ubanews.com\/site\/2018\/08\/28\/6931\/"},"author":{"name":"Sodr\u00e9","@id":"https:\/\/ubanews.com\/site\/#\/schema\/person\/d90c9e47252fbb63dcc969fe4c8b9d10"},"headline":"Jovem sofre h\u00e1 quinze anos e hoje precisa de ajuda para fazer cirurgia","datePublished":"2018-08-28T14:39:59+00:00","dateModified":"2019-04-18T16:11:05+00:00","mainEntityOfPage":{"@id":"https:\/\/ubanews.com\/site\/2018\/08\/28\/6931\/"},"wordCount":1046,"commentCount":0,"publisher":{"@id":"https:\/\/ubanews.com\/site\/#organization"},"image":{"@id":"https:\/\/ubanews.com\/site\/2018\/08\/28\/6931\/#primaryimage"},"thumbnailUrl":"https:\/\/ubanews.com\/site\/wp-content\/uploads\/2018\/08\/055.jpg","articleSection":["TV"],"inLanguage":"pt-BR","potentialAction":[{"@type":"CommentAction","name":"Comment","target":["https:\/\/ubanews.com\/site\/2018\/08\/28\/6931\/#respond"]}]},{"@type":"WebPage","@id":"https:\/\/ubanews.com\/site\/2018\/08\/28\/6931\/","url":"https:\/\/ubanews.com\/site\/2018\/08\/28\/6931\/","name":"Jovem sofre h\u00e1 quinze anos e hoje precisa de ajuda para fazer cirurgia - Ub\u00e1 News","isPartOf":{"@id":"https:\/\/ubanews.com\/site\/#website"},"primaryImageOfPage":{"@id":"https:\/\/ubanews.com\/site\/2018\/08\/28\/6931\/#primaryimage"},"image":{"@id":"https:\/\/ubanews.com\/site\/2018\/08\/28\/6931\/#primaryimage"},"thumbnailUrl":"https:\/\/ubanews.com\/site\/wp-content\/uploads\/2018\/08\/055.jpg","datePublished":"2018-08-28T14:39:59+00:00","dateModified":"2019-04-18T16:11:05+00:00","breadcrumb":{"@id":"https:\/\/ubanews.com\/site\/2018\/08\/28\/6931\/#breadcrumb"},"inLanguage":"pt-BR","potentialAction":[{"@type":"ReadAction","target":["https:\/\/ubanews.com\/site\/2018\/08\/28\/6931\/"]}]},{"@type":"ImageObject","inLanguage":"pt-BR","@id":"https:\/\/ubanews.com\/site\/2018\/08\/28\/6931\/#primaryimage","url":"https:\/\/ubanews.com\/site\/wp-content\/uploads\/2018\/08\/055.jpg","contentUrl":"https:\/\/ubanews.com\/site\/wp-content\/uploads\/2018\/08\/055.jpg","width":800,"height":389},{"@type":"BreadcrumbList","@id":"https:\/\/ubanews.com\/site\/2018\/08\/28\/6931\/#breadcrumb","itemListElement":[{"@type":"ListItem","position":1,"name":"Home","item":"https:\/\/ubanews.com\/site\/"},{"@type":"ListItem","position":2,"name":"Jovem sofre h\u00e1 quinze anos e hoje precisa de ajuda para fazer cirurgia"}]},{"@type":"WebSite","@id":"https:\/\/ubanews.com\/site\/#website","url":"https:\/\/ubanews.com\/site\/","name":"Ub\u00e1 News","description":"","publisher":{"@id":"https:\/\/ubanews.com\/site\/#organization"},"potentialAction":[{"@type":"SearchAction","target":{"@type":"EntryPoint","urlTemplate":"https:\/\/ubanews.com\/site\/?s={search_term_string}"},"query-input":{"@type":"PropertyValueSpecification","valueRequired":true,"valueName":"search_term_string"}}],"inLanguage":"pt-BR"},{"@type":"Organization","@id":"https:\/\/ubanews.com\/site\/#organization","name":"Ub\u00e1 News","url":"https:\/\/ubanews.com\/site\/","logo":{"@type":"ImageObject","inLanguage":"pt-BR","@id":"https:\/\/ubanews.com\/site\/#\/schema\/logo\/image\/","url":"https:\/\/ubanews.com\/site\/wp-content\/uploads\/2018\/01\/logoubanews.png","contentUrl":"https:\/\/ubanews.com\/site\/wp-content\/uploads\/2018\/01\/logoubanews.png","width":261,"height":99,"caption":"Ub\u00e1 News"},"image":{"@id":"https:\/\/ubanews.com\/site\/#\/schema\/logo\/image\/"},"sameAs":["https:\/\/www.facebook.com\/Ub\u00e1News-Carlos-Roberto-Sodr\u00e9-418778301977370"]},{"@type":"Person","@id":"https:\/\/ubanews.com\/site\/#\/schema\/person\/d90c9e47252fbb63dcc969fe4c8b9d10","name":"Sodr\u00e9","image":{"@type":"ImageObject","inLanguage":"pt-BR","@id":"https:\/\/secure.gravatar.com\/avatar\/5ba2793f0590b9dbfad3fdec4ee714485b3eef211c9b32ee53d414060454a56c?s=96&d=mm&r=g","url":"https:\/\/secure.gravatar.com\/avatar\/5ba2793f0590b9dbfad3fdec4ee714485b3eef211c9b32ee53d414060454a56c?s=96&d=mm&r=g","contentUrl":"https:\/\/secure.gravatar.com\/avatar\/5ba2793f0590b9dbfad3fdec4ee714485b3eef211c9b32ee53d414060454a56c?s=96&d=mm&r=g","caption":"Sodr\u00e9"},"sameAs":["https:\/\/www.facebook.com\/carosroberto.sodre.5\/"],"url":"https:\/\/ubanews.com\/site\/author\/felipe\/"}]}},"_links":{"self":[{"href":"https:\/\/ubanews.com\/site\/wp-json\/wp\/v2\/posts\/6931","targetHints":{"allow":["GET"]}}],"collection":[{"href":"https:\/\/ubanews.com\/site\/wp-json\/wp\/v2\/posts"}],"about":[{"href":"https:\/\/ubanews.com\/site\/wp-json\/wp\/v2\/types\/post"}],"author":[{"embeddable":true,"href":"https:\/\/ubanews.com\/site\/wp-json\/wp\/v2\/users\/2"}],"replies":[{"embeddable":true,"href":"https:\/\/ubanews.com\/site\/wp-json\/wp\/v2\/comments?post=6931"}],"version-history":[{"count":0,"href":"https:\/\/ubanews.com\/site\/wp-json\/wp\/v2\/posts\/6931\/revisions"}],"wp:featuredmedia":[{"embeddable":true,"href":"https:\/\/ubanews.com\/site\/wp-json\/wp\/v2\/media\/6933"}],"wp:attachment":[{"href":"https:\/\/ubanews.com\/site\/wp-json\/wp\/v2\/media?parent=6931"}],"wp:term":[{"taxonomy":"category","embeddable":true,"href":"https:\/\/ubanews.com\/site\/wp-json\/wp\/v2\/categories?post=6931"},{"taxonomy":"post_tag","embeddable":true,"href":"https:\/\/ubanews.com\/site\/wp-json\/wp\/v2\/tags?post=6931"}],"curies":[{"name":"wp","href":"https:\/\/api.w.org\/{rel}","templated":true}]}}