{"id":6806,"date":"2018-08-22T11:52:18","date_gmt":"2018-08-22T14:52:18","guid":{"rendered":"http:\/\/ubanews.com\/site\/?p=6806"},"modified":"2018-08-22T15:37:59","modified_gmt":"2018-08-22T18:37:59","slug":"durante-operacao-de-cumprimento-de-mandado-de-busca-e-apreensao-faz-prisao-de-02-cidadaos-por-posse-ilegal-de-arma-de-fogo-acessorio-municao-de-uso-permitido","status":"publish","type":"post","link":"https:\/\/ubanews.com\/site\/2018\/08\/22\/durante-operacao-de-cumprimento-de-mandado-de-busca-e-apreensao-faz-prisao-de-02-cidadaos-por-posse-ilegal-de-arma-de-fogo-acessorio-municao-de-uso-permitido\/","title":{"rendered":"OPERA\u00c7\u00c3O DE CUMPRIMENTO DE MANDADO DE BUSCA E APREENS\u00c3O POL\u00cdCIA MILITAR FAZ PRIS\u00c3O DE DOIS CIDAD\u00c3OS POR POSSE ILEGAL DE ARMA DE FOGO\/ACESS\u00d3RIO\/MUNI\u00c7\u00c3O DE USO PERMITIDO"},"content":{"rendered":"<p><!--more-->No dia 21 de Agosto \u00e0s 06h01min &nbsp;durante cumprimento de Mandado de Busca e Apreens\u00e3o em uma resid\u00eancia na Rua Prefeito Jos\u00e9 Marinho Saraiva, n\u00ba290, Santa Cec\u00edlia na cidade de Tabuleiro, ap\u00f3s o cerco e adentramento, foram realizadas buscas na resid\u00eancia de&nbsp; Jo\u00e3o Carlos Mota Silva de 23 anos, J\u00falio Gamarra Mota da Silva de 19 anos , sendo encontrados armas de fogo, sendo uma garrucha e uma espingarda\/carregamento pelo cano \u201csoca soca\u201d e um simulacro de pistola, diversas armas brancas, tr\u00eas muni\u00e7\u00f5es calibre.38 e duas muni\u00e7\u00f5es calibre.22 e dois inv\u00f3lucros com subst\u00e2ncia an\u00e1loga a maconha e um cigarro semi composto de subst\u00e2ncia semelhante \u00e0 maconha, saquinhos de chup chup utilizados para embalar drogas, e p\u00e1ssaros da fauna silvestre sem anilha.<\/p>\n<p>Diante dos fatos os autores foram presos pelo crime de posse irregular de arma de fogo e pelo crime previsto no artigo 29, \u00a7 1\u00ba , inciso III , da Lei 9.605\/98. Manter em Cativeiro Aves Silvestres sem autoriza\u00e7\u00e3o Legal, e encaminhados para a Delegacia de Pol\u00edcia Judici\u00e1ria juntamente com os materiais apreendidos.<\/p>\n<p><strong>ASSESSORIA DE COMUNICA\u00c7\u00c3O ORGANIZACIONAL<\/strong><\/p>\n<p><strong><em>Vig\u00e9simo Primeiro Batalh\u00e3o de Pol\u00edcia Militar<\/em><\/strong><\/p>\n","protected":false},"excerpt":{"rendered":"","protected":false},"author":2,"featured_media":6482,"comment_status":"open","ping_status":"open","sticky":false,"template":"","format":"standard","meta":{"footnotes":""},"categories":[13],"tags":[],"class_list":["post-6806","post","type-post","status-publish","format-standard","has-post-thumbnail","hentry","category-sintese-das-ocorrencias"],"yoast_head":"<!-- This site is optimized with the Yoast SEO plugin v27.2 - https:\/\/yoast.com\/product\/yoast-seo-wordpress\/ -->\n<title>OPERA\u00c7\u00c3O DE CUMPRIMENTO DE MANDADO DE BUSCA E APREENS\u00c3O POL\u00cdCIA MILITAR FAZ PRIS\u00c3O DE DOIS CIDAD\u00c3OS POR POSSE ILEGAL DE ARMA DE FOGO\/ACESS\u00d3RIO\/MUNI\u00c7\u00c3O DE USO PERMITIDO - Ub\u00e1 News<\/title>\n<meta name=\"robots\" content=\"index, follow, max-snippet:-1, max-image-preview:large, max-video-preview:-1\" \/>\n<link rel=\"canonical\" href=\"https:\/\/ubanews.com\/site\/2018\/08\/22\/durante-operacao-de-cumprimento-de-mandado-de-busca-e-apreensao-faz-prisao-de-02-cidadaos-por-posse-ilegal-de-arma-de-fogo-acessorio-municao-de-uso-permitido\/\" \/>\n<meta property=\"og:locale\" content=\"pt_BR\" \/>\n<meta property=\"og:type\" content=\"article\" \/>\n<meta property=\"og:title\" content=\"OPERA\u00c7\u00c3O DE CUMPRIMENTO DE MANDADO DE BUSCA E APREENS\u00c3O POL\u00cdCIA MILITAR FAZ PRIS\u00c3O DE DOIS CIDAD\u00c3OS POR POSSE ILEGAL DE ARMA DE FOGO\/ACESS\u00d3RIO\/MUNI\u00c7\u00c3O DE USO PERMITIDO - Ub\u00e1 News\" \/>\n<meta property=\"og:url\" content=\"https:\/\/ubanews.com\/site\/2018\/08\/22\/durante-operacao-de-cumprimento-de-mandado-de-busca-e-apreensao-faz-prisao-de-02-cidadaos-por-posse-ilegal-de-arma-de-fogo-acessorio-municao-de-uso-permitido\/\" \/>\n<meta property=\"og:site_name\" content=\"Ub\u00e1 News\" \/>\n<meta property=\"article:publisher\" content=\"https:\/\/www.facebook.com\/Ub%c3%a1News-Carlos-Roberto-Sodr%c3%a9-418778301977370\" \/>\n<meta property=\"article:author\" content=\"https:\/\/www.facebook.com\/carosroberto.sodre.5\/\" \/>\n<meta property=\"article:published_time\" content=\"2018-08-22T14:52:18+00:00\" \/>\n<meta property=\"article:modified_time\" content=\"2018-08-22T18:37:59+00:00\" \/>\n<meta property=\"og:image\" content=\"https:\/\/ubanews.com\/site\/wp-content\/uploads\/2018\/08\/Preso-1.jpg\" \/>\n\t<meta property=\"og:image:width\" content=\"800\" \/>\n\t<meta property=\"og:image:height\" content=\"389\" \/>\n\t<meta property=\"og:image:type\" content=\"image\/jpeg\" \/>\n<meta name=\"author\" content=\"Sodr\u00e9\" \/>\n<meta name=\"twitter:card\" content=\"summary_large_image\" \/>\n<meta name=\"twitter:label1\" content=\"Escrito por\" \/>\n\t<meta name=\"twitter:data1\" content=\"Sodr\u00e9\" \/>\n\t<meta name=\"twitter:label2\" content=\"Est. tempo de leitura\" \/>\n\t<meta name=\"twitter:data2\" content=\"1 minuto\" \/>\n<script type=\"application\/ld+json\" class=\"yoast-schema-graph\">{\"@context\":\"https:\/\/schema.org\",\"@graph\":[{\"@type\":\"Article\",\"@id\":\"https:\/\/ubanews.com\/site\/2018\/08\/22\/durante-operacao-de-cumprimento-de-mandado-de-busca-e-apreensao-faz-prisao-de-02-cidadaos-por-posse-ilegal-de-arma-de-fogo-acessorio-municao-de-uso-permitido\/#article\",\"isPartOf\":{\"@id\":\"https:\/\/ubanews.com\/site\/2018\/08\/22\/durante-operacao-de-cumprimento-de-mandado-de-busca-e-apreensao-faz-prisao-de-02-cidadaos-por-posse-ilegal-de-arma-de-fogo-acessorio-municao-de-uso-permitido\/\"},\"author\":{\"name\":\"Sodr\u00e9\",\"@id\":\"https:\/\/ubanews.com\/site\/#\/schema\/person\/d90c9e47252fbb63dcc969fe4c8b9d10\"},\"headline\":\"OPERA\u00c7\u00c3O DE CUMPRIMENTO DE MANDADO DE BUSCA E APREENS\u00c3O POL\u00cdCIA MILITAR FAZ PRIS\u00c3O DE DOIS CIDAD\u00c3OS POR POSSE ILEGAL DE ARMA DE FOGO\/ACESS\u00d3RIO\/MUNI\u00c7\u00c3O DE USO PERMITIDO\",\"datePublished\":\"2018-08-22T14:52:18+00:00\",\"dateModified\":\"2018-08-22T18:37:59+00:00\",\"mainEntityOfPage\":{\"@id\":\"https:\/\/ubanews.com\/site\/2018\/08\/22\/durante-operacao-de-cumprimento-de-mandado-de-busca-e-apreensao-faz-prisao-de-02-cidadaos-por-posse-ilegal-de-arma-de-fogo-acessorio-municao-de-uso-permitido\/\"},\"wordCount\":234,\"commentCount\":0,\"publisher\":{\"@id\":\"https:\/\/ubanews.com\/site\/#organization\"},\"image\":{\"@id\":\"https:\/\/ubanews.com\/site\/2018\/08\/22\/durante-operacao-de-cumprimento-de-mandado-de-busca-e-apreensao-faz-prisao-de-02-cidadaos-por-posse-ilegal-de-arma-de-fogo-acessorio-municao-de-uso-permitido\/#primaryimage\"},\"thumbnailUrl\":\"https:\/\/ubanews.com\/site\/wp-content\/uploads\/2018\/08\/Preso-1.jpg\",\"articleSection\":[\"S\u00edntese das Ocorr\u00eancias\"],\"inLanguage\":\"pt-BR\",\"potentialAction\":[{\"@type\":\"CommentAction\",\"name\":\"Comment\",\"target\":[\"https:\/\/ubanews.com\/site\/2018\/08\/22\/durante-operacao-de-cumprimento-de-mandado-de-busca-e-apreensao-faz-prisao-de-02-cidadaos-por-posse-ilegal-de-arma-de-fogo-acessorio-municao-de-uso-permitido\/#respond\"]}]},{\"@type\":\"WebPage\",\"@id\":\"https:\/\/ubanews.com\/site\/2018\/08\/22\/durante-operacao-de-cumprimento-de-mandado-de-busca-e-apreensao-faz-prisao-de-02-cidadaos-por-posse-ilegal-de-arma-de-fogo-acessorio-municao-de-uso-permitido\/\",\"url\":\"https:\/\/ubanews.com\/site\/2018\/08\/22\/durante-operacao-de-cumprimento-de-mandado-de-busca-e-apreensao-faz-prisao-de-02-cidadaos-por-posse-ilegal-de-arma-de-fogo-acessorio-municao-de-uso-permitido\/\",\"name\":\"OPERA\u00c7\u00c3O DE CUMPRIMENTO DE MANDADO DE BUSCA E APREENS\u00c3O POL\u00cdCIA MILITAR FAZ PRIS\u00c3O DE DOIS CIDAD\u00c3OS POR POSSE ILEGAL DE ARMA DE FOGO\/ACESS\u00d3RIO\/MUNI\u00c7\u00c3O DE USO PERMITIDO - Ub\u00e1 News\",\"isPartOf\":{\"@id\":\"https:\/\/ubanews.com\/site\/#website\"},\"primaryImageOfPage\":{\"@id\":\"https:\/\/ubanews.com\/site\/2018\/08\/22\/durante-operacao-de-cumprimento-de-mandado-de-busca-e-apreensao-faz-prisao-de-02-cidadaos-por-posse-ilegal-de-arma-de-fogo-acessorio-municao-de-uso-permitido\/#primaryimage\"},\"image\":{\"@id\":\"https:\/\/ubanews.com\/site\/2018\/08\/22\/durante-operacao-de-cumprimento-de-mandado-de-busca-e-apreensao-faz-prisao-de-02-cidadaos-por-posse-ilegal-de-arma-de-fogo-acessorio-municao-de-uso-permitido\/#primaryimage\"},\"thumbnailUrl\":\"https:\/\/ubanews.com\/site\/wp-content\/uploads\/2018\/08\/Preso-1.jpg\",\"datePublished\":\"2018-08-22T14:52:18+00:00\",\"dateModified\":\"2018-08-22T18:37:59+00:00\",\"breadcrumb\":{\"@id\":\"https:\/\/ubanews.com\/site\/2018\/08\/22\/durante-operacao-de-cumprimento-de-mandado-de-busca-e-apreensao-faz-prisao-de-02-cidadaos-por-posse-ilegal-de-arma-de-fogo-acessorio-municao-de-uso-permitido\/#breadcrumb\"},\"inLanguage\":\"pt-BR\",\"potentialAction\":[{\"@type\":\"ReadAction\",\"target\":[\"https:\/\/ubanews.com\/site\/2018\/08\/22\/durante-operacao-de-cumprimento-de-mandado-de-busca-e-apreensao-faz-prisao-de-02-cidadaos-por-posse-ilegal-de-arma-de-fogo-acessorio-municao-de-uso-permitido\/\"]}]},{\"@type\":\"ImageObject\",\"inLanguage\":\"pt-BR\",\"@id\":\"https:\/\/ubanews.com\/site\/2018\/08\/22\/durante-operacao-de-cumprimento-de-mandado-de-busca-e-apreensao-faz-prisao-de-02-cidadaos-por-posse-ilegal-de-arma-de-fogo-acessorio-municao-de-uso-permitido\/#primaryimage\",\"url\":\"https:\/\/ubanews.com\/site\/wp-content\/uploads\/2018\/08\/Preso-1.jpg\",\"contentUrl\":\"https:\/\/ubanews.com\/site\/wp-content\/uploads\/2018\/08\/Preso-1.jpg\",\"width\":800,\"height\":389},{\"@type\":\"BreadcrumbList\",\"@id\":\"https:\/\/ubanews.com\/site\/2018\/08\/22\/durante-operacao-de-cumprimento-de-mandado-de-busca-e-apreensao-faz-prisao-de-02-cidadaos-por-posse-ilegal-de-arma-de-fogo-acessorio-municao-de-uso-permitido\/#breadcrumb\",\"itemListElement\":[{\"@type\":\"ListItem\",\"position\":1,\"name\":\"Home\",\"item\":\"https:\/\/ubanews.com\/site\/\"},{\"@type\":\"ListItem\",\"position\":2,\"name\":\"OPERA\u00c7\u00c3O DE CUMPRIMENTO DE MANDADO DE BUSCA E APREENS\u00c3O POL\u00cdCIA MILITAR FAZ PRIS\u00c3O DE DOIS CIDAD\u00c3OS POR POSSE ILEGAL DE ARMA DE FOGO\/ACESS\u00d3RIO\/MUNI\u00c7\u00c3O DE USO PERMITIDO\"}]},{\"@type\":\"WebSite\",\"@id\":\"https:\/\/ubanews.com\/site\/#website\",\"url\":\"https:\/\/ubanews.com\/site\/\",\"name\":\"Ub\u00e1 News\",\"description\":\"\",\"publisher\":{\"@id\":\"https:\/\/ubanews.com\/site\/#organization\"},\"potentialAction\":[{\"@type\":\"SearchAction\",\"target\":{\"@type\":\"EntryPoint\",\"urlTemplate\":\"https:\/\/ubanews.com\/site\/?s={search_term_string}\"},\"query-input\":{\"@type\":\"PropertyValueSpecification\",\"valueRequired\":true,\"valueName\":\"search_term_string\"}}],\"inLanguage\":\"pt-BR\"},{\"@type\":\"Organization\",\"@id\":\"https:\/\/ubanews.com\/site\/#organization\",\"name\":\"Ub\u00e1 News\",\"url\":\"https:\/\/ubanews.com\/site\/\",\"logo\":{\"@type\":\"ImageObject\",\"inLanguage\":\"pt-BR\",\"@id\":\"https:\/\/ubanews.com\/site\/#\/schema\/logo\/image\/\",\"url\":\"https:\/\/ubanews.com\/site\/wp-content\/uploads\/2018\/01\/logoubanews.png\",\"contentUrl\":\"https:\/\/ubanews.com\/site\/wp-content\/uploads\/2018\/01\/logoubanews.png\",\"width\":261,\"height\":99,\"caption\":\"Ub\u00e1 News\"},\"image\":{\"@id\":\"https:\/\/ubanews.com\/site\/#\/schema\/logo\/image\/\"},\"sameAs\":[\"https:\/\/www.facebook.com\/Ub\u00e1News-Carlos-Roberto-Sodr\u00e9-418778301977370\"]},{\"@type\":\"Person\",\"@id\":\"https:\/\/ubanews.com\/site\/#\/schema\/person\/d90c9e47252fbb63dcc969fe4c8b9d10\",\"name\":\"Sodr\u00e9\",\"image\":{\"@type\":\"ImageObject\",\"inLanguage\":\"pt-BR\",\"@id\":\"https:\/\/secure.gravatar.com\/avatar\/5ba2793f0590b9dbfad3fdec4ee714485b3eef211c9b32ee53d414060454a56c?s=96&d=mm&r=g\",\"url\":\"https:\/\/secure.gravatar.com\/avatar\/5ba2793f0590b9dbfad3fdec4ee714485b3eef211c9b32ee53d414060454a56c?s=96&d=mm&r=g\",\"contentUrl\":\"https:\/\/secure.gravatar.com\/avatar\/5ba2793f0590b9dbfad3fdec4ee714485b3eef211c9b32ee53d414060454a56c?s=96&d=mm&r=g\",\"caption\":\"Sodr\u00e9\"},\"sameAs\":[\"https:\/\/www.facebook.com\/carosroberto.sodre.5\/\"],\"url\":\"https:\/\/ubanews.com\/site\/author\/felipe\/\"}]}<\/script>\n<!-- \/ Yoast SEO plugin. -->","yoast_head_json":{"title":"OPERA\u00c7\u00c3O DE CUMPRIMENTO DE MANDADO DE BUSCA E APREENS\u00c3O POL\u00cdCIA MILITAR FAZ PRIS\u00c3O DE DOIS CIDAD\u00c3OS POR POSSE ILEGAL DE ARMA DE FOGO\/ACESS\u00d3RIO\/MUNI\u00c7\u00c3O DE USO PERMITIDO - Ub\u00e1 News","robots":{"index":"index","follow":"follow","max-snippet":"max-snippet:-1","max-image-preview":"max-image-preview:large","max-video-preview":"max-video-preview:-1"},"canonical":"https:\/\/ubanews.com\/site\/2018\/08\/22\/durante-operacao-de-cumprimento-de-mandado-de-busca-e-apreensao-faz-prisao-de-02-cidadaos-por-posse-ilegal-de-arma-de-fogo-acessorio-municao-de-uso-permitido\/","og_locale":"pt_BR","og_type":"article","og_title":"OPERA\u00c7\u00c3O DE CUMPRIMENTO DE MANDADO DE BUSCA E APREENS\u00c3O POL\u00cdCIA MILITAR FAZ PRIS\u00c3O DE DOIS CIDAD\u00c3OS POR POSSE ILEGAL DE ARMA DE FOGO\/ACESS\u00d3RIO\/MUNI\u00c7\u00c3O DE USO PERMITIDO - Ub\u00e1 News","og_url":"https:\/\/ubanews.com\/site\/2018\/08\/22\/durante-operacao-de-cumprimento-de-mandado-de-busca-e-apreensao-faz-prisao-de-02-cidadaos-por-posse-ilegal-de-arma-de-fogo-acessorio-municao-de-uso-permitido\/","og_site_name":"Ub\u00e1 News","article_publisher":"https:\/\/www.facebook.com\/Ub%c3%a1News-Carlos-Roberto-Sodr%c3%a9-418778301977370","article_author":"https:\/\/www.facebook.com\/carosroberto.sodre.5\/","article_published_time":"2018-08-22T14:52:18+00:00","article_modified_time":"2018-08-22T18:37:59+00:00","og_image":[{"width":800,"height":389,"url":"https:\/\/ubanews.com\/site\/wp-content\/uploads\/2018\/08\/Preso-1.jpg","type":"image\/jpeg"}],"author":"Sodr\u00e9","twitter_card":"summary_large_image","twitter_misc":{"Escrito por":"Sodr\u00e9","Est. tempo de leitura":"1 minuto"},"schema":{"@context":"https:\/\/schema.org","@graph":[{"@type":"Article","@id":"https:\/\/ubanews.com\/site\/2018\/08\/22\/durante-operacao-de-cumprimento-de-mandado-de-busca-e-apreensao-faz-prisao-de-02-cidadaos-por-posse-ilegal-de-arma-de-fogo-acessorio-municao-de-uso-permitido\/#article","isPartOf":{"@id":"https:\/\/ubanews.com\/site\/2018\/08\/22\/durante-operacao-de-cumprimento-de-mandado-de-busca-e-apreensao-faz-prisao-de-02-cidadaos-por-posse-ilegal-de-arma-de-fogo-acessorio-municao-de-uso-permitido\/"},"author":{"name":"Sodr\u00e9","@id":"https:\/\/ubanews.com\/site\/#\/schema\/person\/d90c9e47252fbb63dcc969fe4c8b9d10"},"headline":"OPERA\u00c7\u00c3O DE CUMPRIMENTO DE MANDADO DE BUSCA E APREENS\u00c3O POL\u00cdCIA MILITAR FAZ PRIS\u00c3O DE DOIS CIDAD\u00c3OS POR POSSE ILEGAL DE ARMA DE FOGO\/ACESS\u00d3RIO\/MUNI\u00c7\u00c3O DE USO PERMITIDO","datePublished":"2018-08-22T14:52:18+00:00","dateModified":"2018-08-22T18:37:59+00:00","mainEntityOfPage":{"@id":"https:\/\/ubanews.com\/site\/2018\/08\/22\/durante-operacao-de-cumprimento-de-mandado-de-busca-e-apreensao-faz-prisao-de-02-cidadaos-por-posse-ilegal-de-arma-de-fogo-acessorio-municao-de-uso-permitido\/"},"wordCount":234,"commentCount":0,"publisher":{"@id":"https:\/\/ubanews.com\/site\/#organization"},"image":{"@id":"https:\/\/ubanews.com\/site\/2018\/08\/22\/durante-operacao-de-cumprimento-de-mandado-de-busca-e-apreensao-faz-prisao-de-02-cidadaos-por-posse-ilegal-de-arma-de-fogo-acessorio-municao-de-uso-permitido\/#primaryimage"},"thumbnailUrl":"https:\/\/ubanews.com\/site\/wp-content\/uploads\/2018\/08\/Preso-1.jpg","articleSection":["S\u00edntese das Ocorr\u00eancias"],"inLanguage":"pt-BR","potentialAction":[{"@type":"CommentAction","name":"Comment","target":["https:\/\/ubanews.com\/site\/2018\/08\/22\/durante-operacao-de-cumprimento-de-mandado-de-busca-e-apreensao-faz-prisao-de-02-cidadaos-por-posse-ilegal-de-arma-de-fogo-acessorio-municao-de-uso-permitido\/#respond"]}]},{"@type":"WebPage","@id":"https:\/\/ubanews.com\/site\/2018\/08\/22\/durante-operacao-de-cumprimento-de-mandado-de-busca-e-apreensao-faz-prisao-de-02-cidadaos-por-posse-ilegal-de-arma-de-fogo-acessorio-municao-de-uso-permitido\/","url":"https:\/\/ubanews.com\/site\/2018\/08\/22\/durante-operacao-de-cumprimento-de-mandado-de-busca-e-apreensao-faz-prisao-de-02-cidadaos-por-posse-ilegal-de-arma-de-fogo-acessorio-municao-de-uso-permitido\/","name":"OPERA\u00c7\u00c3O DE CUMPRIMENTO DE MANDADO DE BUSCA E APREENS\u00c3O POL\u00cdCIA MILITAR FAZ PRIS\u00c3O DE DOIS CIDAD\u00c3OS POR POSSE ILEGAL DE ARMA DE FOGO\/ACESS\u00d3RIO\/MUNI\u00c7\u00c3O DE USO PERMITIDO - Ub\u00e1 News","isPartOf":{"@id":"https:\/\/ubanews.com\/site\/#website"},"primaryImageOfPage":{"@id":"https:\/\/ubanews.com\/site\/2018\/08\/22\/durante-operacao-de-cumprimento-de-mandado-de-busca-e-apreensao-faz-prisao-de-02-cidadaos-por-posse-ilegal-de-arma-de-fogo-acessorio-municao-de-uso-permitido\/#primaryimage"},"image":{"@id":"https:\/\/ubanews.com\/site\/2018\/08\/22\/durante-operacao-de-cumprimento-de-mandado-de-busca-e-apreensao-faz-prisao-de-02-cidadaos-por-posse-ilegal-de-arma-de-fogo-acessorio-municao-de-uso-permitido\/#primaryimage"},"thumbnailUrl":"https:\/\/ubanews.com\/site\/wp-content\/uploads\/2018\/08\/Preso-1.jpg","datePublished":"2018-08-22T14:52:18+00:00","dateModified":"2018-08-22T18:37:59+00:00","breadcrumb":{"@id":"https:\/\/ubanews.com\/site\/2018\/08\/22\/durante-operacao-de-cumprimento-de-mandado-de-busca-e-apreensao-faz-prisao-de-02-cidadaos-por-posse-ilegal-de-arma-de-fogo-acessorio-municao-de-uso-permitido\/#breadcrumb"},"inLanguage":"pt-BR","potentialAction":[{"@type":"ReadAction","target":["https:\/\/ubanews.com\/site\/2018\/08\/22\/durante-operacao-de-cumprimento-de-mandado-de-busca-e-apreensao-faz-prisao-de-02-cidadaos-por-posse-ilegal-de-arma-de-fogo-acessorio-municao-de-uso-permitido\/"]}]},{"@type":"ImageObject","inLanguage":"pt-BR","@id":"https:\/\/ubanews.com\/site\/2018\/08\/22\/durante-operacao-de-cumprimento-de-mandado-de-busca-e-apreensao-faz-prisao-de-02-cidadaos-por-posse-ilegal-de-arma-de-fogo-acessorio-municao-de-uso-permitido\/#primaryimage","url":"https:\/\/ubanews.com\/site\/wp-content\/uploads\/2018\/08\/Preso-1.jpg","contentUrl":"https:\/\/ubanews.com\/site\/wp-content\/uploads\/2018\/08\/Preso-1.jpg","width":800,"height":389},{"@type":"BreadcrumbList","@id":"https:\/\/ubanews.com\/site\/2018\/08\/22\/durante-operacao-de-cumprimento-de-mandado-de-busca-e-apreensao-faz-prisao-de-02-cidadaos-por-posse-ilegal-de-arma-de-fogo-acessorio-municao-de-uso-permitido\/#breadcrumb","itemListElement":[{"@type":"ListItem","position":1,"name":"Home","item":"https:\/\/ubanews.com\/site\/"},{"@type":"ListItem","position":2,"name":"OPERA\u00c7\u00c3O DE CUMPRIMENTO DE MANDADO DE BUSCA E APREENS\u00c3O POL\u00cdCIA MILITAR FAZ PRIS\u00c3O DE DOIS CIDAD\u00c3OS POR POSSE ILEGAL DE ARMA DE FOGO\/ACESS\u00d3RIO\/MUNI\u00c7\u00c3O DE USO PERMITIDO"}]},{"@type":"WebSite","@id":"https:\/\/ubanews.com\/site\/#website","url":"https:\/\/ubanews.com\/site\/","name":"Ub\u00e1 News","description":"","publisher":{"@id":"https:\/\/ubanews.com\/site\/#organization"},"potentialAction":[{"@type":"SearchAction","target":{"@type":"EntryPoint","urlTemplate":"https:\/\/ubanews.com\/site\/?s={search_term_string}"},"query-input":{"@type":"PropertyValueSpecification","valueRequired":true,"valueName":"search_term_string"}}],"inLanguage":"pt-BR"},{"@type":"Organization","@id":"https:\/\/ubanews.com\/site\/#organization","name":"Ub\u00e1 News","url":"https:\/\/ubanews.com\/site\/","logo":{"@type":"ImageObject","inLanguage":"pt-BR","@id":"https:\/\/ubanews.com\/site\/#\/schema\/logo\/image\/","url":"https:\/\/ubanews.com\/site\/wp-content\/uploads\/2018\/01\/logoubanews.png","contentUrl":"https:\/\/ubanews.com\/site\/wp-content\/uploads\/2018\/01\/logoubanews.png","width":261,"height":99,"caption":"Ub\u00e1 News"},"image":{"@id":"https:\/\/ubanews.com\/site\/#\/schema\/logo\/image\/"},"sameAs":["https:\/\/www.facebook.com\/Ub\u00e1News-Carlos-Roberto-Sodr\u00e9-418778301977370"]},{"@type":"Person","@id":"https:\/\/ubanews.com\/site\/#\/schema\/person\/d90c9e47252fbb63dcc969fe4c8b9d10","name":"Sodr\u00e9","image":{"@type":"ImageObject","inLanguage":"pt-BR","@id":"https:\/\/secure.gravatar.com\/avatar\/5ba2793f0590b9dbfad3fdec4ee714485b3eef211c9b32ee53d414060454a56c?s=96&d=mm&r=g","url":"https:\/\/secure.gravatar.com\/avatar\/5ba2793f0590b9dbfad3fdec4ee714485b3eef211c9b32ee53d414060454a56c?s=96&d=mm&r=g","contentUrl":"https:\/\/secure.gravatar.com\/avatar\/5ba2793f0590b9dbfad3fdec4ee714485b3eef211c9b32ee53d414060454a56c?s=96&d=mm&r=g","caption":"Sodr\u00e9"},"sameAs":["https:\/\/www.facebook.com\/carosroberto.sodre.5\/"],"url":"https:\/\/ubanews.com\/site\/author\/felipe\/"}]}},"_links":{"self":[{"href":"https:\/\/ubanews.com\/site\/wp-json\/wp\/v2\/posts\/6806","targetHints":{"allow":["GET"]}}],"collection":[{"href":"https:\/\/ubanews.com\/site\/wp-json\/wp\/v2\/posts"}],"about":[{"href":"https:\/\/ubanews.com\/site\/wp-json\/wp\/v2\/types\/post"}],"author":[{"embeddable":true,"href":"https:\/\/ubanews.com\/site\/wp-json\/wp\/v2\/users\/2"}],"replies":[{"embeddable":true,"href":"https:\/\/ubanews.com\/site\/wp-json\/wp\/v2\/comments?post=6806"}],"version-history":[{"count":0,"href":"https:\/\/ubanews.com\/site\/wp-json\/wp\/v2\/posts\/6806\/revisions"}],"wp:featuredmedia":[{"embeddable":true,"href":"https:\/\/ubanews.com\/site\/wp-json\/wp\/v2\/media\/6482"}],"wp:attachment":[{"href":"https:\/\/ubanews.com\/site\/wp-json\/wp\/v2\/media?parent=6806"}],"wp:term":[{"taxonomy":"category","embeddable":true,"href":"https:\/\/ubanews.com\/site\/wp-json\/wp\/v2\/categories?post=6806"},{"taxonomy":"post_tag","embeddable":true,"href":"https:\/\/ubanews.com\/site\/wp-json\/wp\/v2\/tags?post=6806"}],"curies":[{"name":"wp","href":"https:\/\/api.w.org\/{rel}","templated":true}]}}